{"id":67867,"date":"2023-04-04T15:01:25","date_gmt":"2023-04-04T18:01:25","guid":{"rendered":"https:\/\/radiolifefm.com.br\/noticias\/?p=67867"},"modified":"2026-03-27T23:43:54","modified_gmt":"2026-03-28T02:43:54","slug":"pronto-socorro-de-adamantina-e-sua-nova-estrutura","status":"publish","type":"post","link":"https:\/\/radiolifefm.com.br\/noticias\/pronto-socorro-de-adamantina-e-sua-nova-estrutura\/","title":{"rendered":"Pronto Socorro de Adamantina e sua nova estrutura."},"content":{"rendered":"<div id=\"fb-root\"><\/div>\n<p><span style=\"font-weight: 400\">Na manh\u00e3 desta ter\u00e7a-feira, 4 de abril, em live no pronto socorro da Santa Casa de Adamantina, a convite do Frei Messias, a R\u00e1dio Life FM mostrou como est\u00e1 indo \u00e0 reta final da reforma do pronto socorro e as novidades implementadas com as melhorias.<\/span><\/p>\n<p><span style=\"font-weight: 400\">Um ambiente espa\u00e7oso, com uma bela vista gratificada pelas suas in\u00fameras janelas de vidro em sala de espera restrita aos pacientes. As cadeiras, ou melhor dizendo poltronas, s\u00e3o almofadadas, anat\u00f4micas &#8211; pensadas ergonomicamente no corpo humano e confort\u00e1veis, e claro Frei n\u00e3o deixou de lado as pessoas obesas e preparou extra-grandes, para aqueles que sofrem de obesidade.<\/span><\/p>\n<p><span style=\"font-weight: 400\">Ar condicionado proporcionando bem-estar aos pacientes e aos colaboradores que estar\u00e3o por longo per\u00edodo atendendo a popula\u00e7\u00e3o, em todos os c\u00f4modos principais, recep\u00e7\u00e3o, sala de espera dos pacientes e todas as salas de atendimento. O som n\u00e3o penetra para dentro do pronto socorro. Tudo isso a fim de trazer maior conforto aos pacientes e seus acompanhantes. Fora esses locais temos 8 salas novas, uma delas sendo exclusiva para a Assist\u00eancia Social e outra pensada no atendimento ginecol\u00f3gico.\u00a0<\/span><\/p>\n<p><span style=\"font-weight: 400\">Mas, mais que um ambiente de apar\u00eancia luxuosa, a principal promessa deles \u00e9 a de organizar, evitar a entrada n\u00e3o autorizada de pessoas e barrar aqueles que n\u00e3o devem. E claro, ajudar o povo de Adamantina, investindo em um ambiente agrad\u00e1vel e funcional.\u00a0<\/span><\/p>\n<p><span style=\"font-weight: 400\">Frei frisou que tudo isso s\u00f3 foi poss\u00edvel gra\u00e7as \u00e0s ajudas que d\u00e3o, as a\u00e7\u00f5es solid\u00e1rias feitas pela Santa Casa e a venda dos produtos a base de pr\u00f3polis, doa\u00e7\u00f5es, leil\u00f5es e demais eventos beneficentes desenvolvidos em prol da Santa Casa. Ajude a Santa Casa a ajudar voc\u00ea!<\/span><\/p>\n<p><span style=\"font-weight: 400\">Que al\u00e9m de toda mudan\u00e7a f\u00edsica, tamb\u00e9m haver\u00e1 mudan\u00e7a no modelo de atendimento para os acompanhantes, para saber mais confira a live.<\/span><\/p>\n<p>&nbsp;<\/p>\n<p><!-- Embedded with Magic Embeds - https:\/\/magicembeds.com --><\/p>\n<div class=\"wef-measure\" style=\"max-width: 450px;\"><\/div>\n<div class=\"fb-video\" data-href=\"https:\/\/www.facebook.com\/radiolifefm\/videos\/237807085476323\/?extid=WA-UNK-UNK-UNK-AN_GK0T-GK1C&#038;mibextid=1YhcI9R\" data-allowfullscreen=\"true\" data-autoplay=\"false\" data-width=\"450\" data-show-text=\"false\" data-show-captions=\"true\"><\/div>\n<p>&nbsp;<\/p>\n","protected":false},"excerpt":{"rendered":"<p>Na manh\u00e3 desta ter\u00e7a-feira, 4 de abril, em live no pronto socorro da Santa Casa de Adamantina, a convite do Frei Messias, a R\u00e1dio Life FM mostrou como est\u00e1 indo \u00e0 reta final da reforma do pronto socorro e as novidades implementadas com as melhorias. Um ambiente espa\u00e7oso, com uma bela vista gratificada pelas suas [&hellip;]<\/p>\n","protected":false},"author":8,"featured_media":67868,"comment_status":"closed","ping_status":"open","sticky":false,"template":"","format":"standard","meta":{"_acf_changed":false,"_exactmetrics_skip_tracking":false,"_exactmetrics_sitenote_active":false,"_exactmetrics_sitenote_note":"","_exactmetrics_sitenote_category":0,"footnotes":""},"categories":[21],"tags":[],"class_list":["post-67867","post","type-post","status-publish","format-standard","has-post-thumbnail","hentry","category-adamantina"],"acf":[],"yoast_head":"<!-- This site is optimized with the Yoast SEO plugin v27.2 - https:\/\/yoast.com\/product\/yoast-seo-wordpress\/ -->\n<title>Pronto Socorro de Adamantina e sua nova estrutura. - R\u00e1dio Life FM<\/title>\n<meta name=\"robots\" content=\"index, follow, max-snippet:-1, max-image-preview:large, max-video-preview:-1\" \/>\n<link rel=\"canonical\" href=\"https:\/\/radiolifefm.com.br\/noticias\/pronto-socorro-de-adamantina-e-sua-nova-estrutura\/\" \/>\n<meta property=\"og:locale\" content=\"pt_BR\" \/>\n<meta property=\"og:type\" content=\"article\" \/>\n<meta property=\"og:title\" content=\"Pronto Socorro de Adamantina e sua nova estrutura. - R\u00e1dio Life FM\" \/>\n<meta property=\"og:description\" content=\"Na manh\u00e3 desta ter\u00e7a-feira, 4 de abril, em live no pronto socorro da Santa Casa de Adamantina, a convite do Frei Messias, a R\u00e1dio Life FM mostrou como est\u00e1 indo \u00e0 reta final da reforma do pronto socorro e as novidades implementadas com as melhorias. Um ambiente espa\u00e7oso, com uma bela vista gratificada pelas suas [&hellip;]\" \/>\n<meta property=\"og:url\" content=\"https:\/\/radiolifefm.com.br\/noticias\/pronto-socorro-de-adamantina-e-sua-nova-estrutura\/\" \/>\n<meta property=\"og:site_name\" content=\"R\u00e1dio Life FM\" \/>\n<meta property=\"article:publisher\" content=\"https:\/\/www.facebook.com\/radiolifefm\/\" \/>\n<meta property=\"article:published_time\" content=\"2023-04-04T18:01:25+00:00\" \/>\n<meta property=\"article:modified_time\" content=\"2026-03-28T02:43:54+00:00\" \/>\n<meta property=\"og:image\" content=\"https:\/\/radiolifefm.com.br\/noticias\/wp-content\/uploads\/2023\/04\/WhatsApp-Image-2023-04-04-at-14.43.57.jpeg\" \/>\n\t<meta property=\"og:image:width\" content=\"1600\" \/>\n\t<meta property=\"og:image:height\" content=\"899\" \/>\n\t<meta property=\"og:image:type\" content=\"image\/jpeg\" \/>\n<meta name=\"author\" content=\"joaograndao\" \/>\n<meta name=\"twitter:card\" content=\"summary_large_image\" \/>\n<meta name=\"twitter:label1\" content=\"Escrito por\" \/>\n\t<meta name=\"twitter:data1\" content=\"joaograndao\" \/>\n\t<meta name=\"twitter:label2\" content=\"Est. tempo de leitura\" \/>\n\t<meta name=\"twitter:data2\" content=\"2 minutos\" \/>\n<script type=\"application\/ld+json\" class=\"yoast-schema-graph\">{\"@context\":\"https:\/\/schema.org\",\"@graph\":[{\"@type\":\"Article\",\"@id\":\"https:\/\/radiolifefm.com.br\/noticias\/pronto-socorro-de-adamantina-e-sua-nova-estrutura\/#article\",\"isPartOf\":{\"@id\":\"https:\/\/radiolifefm.com.br\/noticias\/pronto-socorro-de-adamantina-e-sua-nova-estrutura\/\"},\"author\":{\"name\":\"joaograndao\",\"@id\":\"https:\/\/radiolifefm.com.br\/noticias\/#\/schema\/person\/6876e1240feffe6e1b63fd5cb85abf28\"},\"headline\":\"Pronto Socorro de Adamantina e sua nova estrutura.\",\"datePublished\":\"2023-04-04T18:01:25+00:00\",\"dateModified\":\"2026-03-28T02:43:54+00:00\",\"mainEntityOfPage\":{\"@id\":\"https:\/\/radiolifefm.com.br\/noticias\/pronto-socorro-de-adamantina-e-sua-nova-estrutura\/\"},\"wordCount\":348,\"publisher\":{\"@id\":\"https:\/\/radiolifefm.com.br\/noticias\/#organization\"},\"image\":{\"@id\":\"https:\/\/radiolifefm.com.br\/noticias\/pronto-socorro-de-adamantina-e-sua-nova-estrutura\/#primaryimage\"},\"thumbnailUrl\":\"https:\/\/radiolifefm.com.br\/noticias\/wp-content\/uploads\/2023\/04\/WhatsApp-Image-2023-04-04-at-14.43.57.jpeg\",\"articleSection\":[\"Adamantina\"],\"inLanguage\":\"pt-BR\"},{\"@type\":\"WebPage\",\"@id\":\"https:\/\/radiolifefm.com.br\/noticias\/pronto-socorro-de-adamantina-e-sua-nova-estrutura\/\",\"url\":\"https:\/\/radiolifefm.com.br\/noticias\/pronto-socorro-de-adamantina-e-sua-nova-estrutura\/\",\"name\":\"Pronto Socorro de Adamantina e sua nova estrutura. - R\u00e1dio Life FM\",\"isPartOf\":{\"@id\":\"https:\/\/radiolifefm.com.br\/noticias\/#website\"},\"primaryImageOfPage\":{\"@id\":\"https:\/\/radiolifefm.com.br\/noticias\/pronto-socorro-de-adamantina-e-sua-nova-estrutura\/#primaryimage\"},\"image\":{\"@id\":\"https:\/\/radiolifefm.com.br\/noticias\/pronto-socorro-de-adamantina-e-sua-nova-estrutura\/#primaryimage\"},\"thumbnailUrl\":\"https:\/\/radiolifefm.com.br\/noticias\/wp-content\/uploads\/2023\/04\/WhatsApp-Image-2023-04-04-at-14.43.57.jpeg\",\"datePublished\":\"2023-04-04T18:01:25+00:00\",\"dateModified\":\"2026-03-28T02:43:54+00:00\",\"breadcrumb\":{\"@id\":\"https:\/\/radiolifefm.com.br\/noticias\/pronto-socorro-de-adamantina-e-sua-nova-estrutura\/#breadcrumb\"},\"inLanguage\":\"pt-BR\",\"potentialAction\":[{\"@type\":\"ReadAction\",\"target\":[\"https:\/\/radiolifefm.com.br\/noticias\/pronto-socorro-de-adamantina-e-sua-nova-estrutura\/\"]}]},{\"@type\":\"ImageObject\",\"inLanguage\":\"pt-BR\",\"@id\":\"https:\/\/radiolifefm.com.br\/noticias\/pronto-socorro-de-adamantina-e-sua-nova-estrutura\/#primaryimage\",\"url\":\"https:\/\/radiolifefm.com.br\/noticias\/wp-content\/uploads\/2023\/04\/WhatsApp-Image-2023-04-04-at-14.43.57.jpeg\",\"contentUrl\":\"https:\/\/radiolifefm.com.br\/noticias\/wp-content\/uploads\/2023\/04\/WhatsApp-Image-2023-04-04-at-14.43.57.jpeg\",\"width\":1600,\"height\":899},{\"@type\":\"BreadcrumbList\",\"@id\":\"https:\/\/radiolifefm.com.br\/noticias\/pronto-socorro-de-adamantina-e-sua-nova-estrutura\/#breadcrumb\",\"itemListElement\":[{\"@type\":\"ListItem\",\"position\":1,\"name\":\"In\u00edcio\",\"item\":\"https:\/\/radiolifefm.com.br\/noticias\/\"},{\"@type\":\"ListItem\",\"position\":2,\"name\":\"Pronto Socorro de Adamantina e sua nova estrutura.\"}]},{\"@type\":\"WebSite\",\"@id\":\"https:\/\/radiolifefm.com.br\/noticias\/#website\",\"url\":\"https:\/\/radiolifefm.com.br\/noticias\/\",\"name\":\"R\u00e1dio Life FM\",\"description\":\"O Portal de Not\u00edcias de Adamantina\",\"publisher\":{\"@id\":\"https:\/\/radiolifefm.com.br\/noticias\/#organization\"},\"alternateName\":\"Life FM\",\"potentialAction\":[{\"@type\":\"SearchAction\",\"target\":{\"@type\":\"EntryPoint\",\"urlTemplate\":\"https:\/\/radiolifefm.com.br\/noticias\/?s={search_term_string}\"},\"query-input\":{\"@type\":\"PropertyValueSpecification\",\"valueRequired\":true,\"valueName\":\"search_term_string\"}}],\"inLanguage\":\"pt-BR\"},{\"@type\":\"Organization\",\"@id\":\"https:\/\/radiolifefm.com.br\/noticias\/#organization\",\"name\":\"R\u00e1dio Life FM\",\"alternateName\":\"Life FM\",\"url\":\"https:\/\/radiolifefm.com.br\/noticias\/\",\"logo\":{\"@type\":\"ImageObject\",\"inLanguage\":\"pt-BR\",\"@id\":\"https:\/\/radiolifefm.com.br\/noticias\/#\/schema\/logo\/image\/\",\"url\":\"https:\/\/static.radiolifefm.com.br\/noticias\/wp-content\/uploads\/2019\/10\/logo-lifefm.png\",\"contentUrl\":\"https:\/\/static.radiolifefm.com.br\/noticias\/wp-content\/uploads\/2019\/10\/logo-lifefm.png\",\"width\":196,\"height\":47,\"caption\":\"R\u00e1dio Life FM\"},\"image\":{\"@id\":\"https:\/\/radiolifefm.com.br\/noticias\/#\/schema\/logo\/image\/\"},\"sameAs\":[\"https:\/\/www.facebook.com\/radiolifefm\/\",\"https:\/\/www.instagram.com\/life1079fm\/\"]},{\"@type\":\"Person\",\"@id\":\"https:\/\/radiolifefm.com.br\/noticias\/#\/schema\/person\/6876e1240feffe6e1b63fd5cb85abf28\",\"name\":\"joaograndao\",\"image\":{\"@type\":\"ImageObject\",\"inLanguage\":\"pt-BR\",\"@id\":\"https:\/\/secure.gravatar.com\/avatar\/d5b1a3cf357ed9c50404e256a1294083aa8ab5d2a994001567302786016cb32c?s=96&d=mm&r=g\",\"url\":\"https:\/\/secure.gravatar.com\/avatar\/d5b1a3cf357ed9c50404e256a1294083aa8ab5d2a994001567302786016cb32c?s=96&d=mm&r=g\",\"contentUrl\":\"https:\/\/secure.gravatar.com\/avatar\/d5b1a3cf357ed9c50404e256a1294083aa8ab5d2a994001567302786016cb32c?s=96&d=mm&r=g\",\"caption\":\"joaograndao\"}}]}<\/script>\n<!-- \/ Yoast SEO plugin. -->","yoast_head_json":{"title":"Pronto Socorro de Adamantina e sua nova estrutura. - R\u00e1dio Life FM","robots":{"index":"index","follow":"follow","max-snippet":"max-snippet:-1","max-image-preview":"max-image-preview:large","max-video-preview":"max-video-preview:-1"},"canonical":"https:\/\/radiolifefm.com.br\/noticias\/pronto-socorro-de-adamantina-e-sua-nova-estrutura\/","og_locale":"pt_BR","og_type":"article","og_title":"Pronto Socorro de Adamantina e sua nova estrutura. - R\u00e1dio Life FM","og_description":"Na manh\u00e3 desta ter\u00e7a-feira, 4 de abril, em live no pronto socorro da Santa Casa de Adamantina, a convite do Frei Messias, a R\u00e1dio Life FM mostrou como est\u00e1 indo \u00e0 reta final da reforma do pronto socorro e as novidades implementadas com as melhorias. Um ambiente espa\u00e7oso, com uma bela vista gratificada pelas suas [&hellip;]","og_url":"https:\/\/radiolifefm.com.br\/noticias\/pronto-socorro-de-adamantina-e-sua-nova-estrutura\/","og_site_name":"R\u00e1dio Life FM","article_publisher":"https:\/\/www.facebook.com\/radiolifefm\/","article_published_time":"2023-04-04T18:01:25+00:00","article_modified_time":"2026-03-28T02:43:54+00:00","og_image":[{"width":1600,"height":899,"url":"https:\/\/radiolifefm.com.br\/noticias\/wp-content\/uploads\/2023\/04\/WhatsApp-Image-2023-04-04-at-14.43.57.jpeg","type":"image\/jpeg"}],"author":"joaograndao","twitter_card":"summary_large_image","twitter_misc":{"Escrito por":"joaograndao","Est. tempo de leitura":"2 minutos"},"schema":{"@context":"https:\/\/schema.org","@graph":[{"@type":"Article","@id":"https:\/\/radiolifefm.com.br\/noticias\/pronto-socorro-de-adamantina-e-sua-nova-estrutura\/#article","isPartOf":{"@id":"https:\/\/radiolifefm.com.br\/noticias\/pronto-socorro-de-adamantina-e-sua-nova-estrutura\/"},"author":{"name":"joaograndao","@id":"https:\/\/radiolifefm.com.br\/noticias\/#\/schema\/person\/6876e1240feffe6e1b63fd5cb85abf28"},"headline":"Pronto Socorro de Adamantina e sua nova estrutura.","datePublished":"2023-04-04T18:01:25+00:00","dateModified":"2026-03-28T02:43:54+00:00","mainEntityOfPage":{"@id":"https:\/\/radiolifefm.com.br\/noticias\/pronto-socorro-de-adamantina-e-sua-nova-estrutura\/"},"wordCount":348,"publisher":{"@id":"https:\/\/radiolifefm.com.br\/noticias\/#organization"},"image":{"@id":"https:\/\/radiolifefm.com.br\/noticias\/pronto-socorro-de-adamantina-e-sua-nova-estrutura\/#primaryimage"},"thumbnailUrl":"https:\/\/radiolifefm.com.br\/noticias\/wp-content\/uploads\/2023\/04\/WhatsApp-Image-2023-04-04-at-14.43.57.jpeg","articleSection":["Adamantina"],"inLanguage":"pt-BR"},{"@type":"WebPage","@id":"https:\/\/radiolifefm.com.br\/noticias\/pronto-socorro-de-adamantina-e-sua-nova-estrutura\/","url":"https:\/\/radiolifefm.com.br\/noticias\/pronto-socorro-de-adamantina-e-sua-nova-estrutura\/","name":"Pronto Socorro de Adamantina e sua nova estrutura. - R\u00e1dio Life FM","isPartOf":{"@id":"https:\/\/radiolifefm.com.br\/noticias\/#website"},"primaryImageOfPage":{"@id":"https:\/\/radiolifefm.com.br\/noticias\/pronto-socorro-de-adamantina-e-sua-nova-estrutura\/#primaryimage"},"image":{"@id":"https:\/\/radiolifefm.com.br\/noticias\/pronto-socorro-de-adamantina-e-sua-nova-estrutura\/#primaryimage"},"thumbnailUrl":"https:\/\/radiolifefm.com.br\/noticias\/wp-content\/uploads\/2023\/04\/WhatsApp-Image-2023-04-04-at-14.43.57.jpeg","datePublished":"2023-04-04T18:01:25+00:00","dateModified":"2026-03-28T02:43:54+00:00","breadcrumb":{"@id":"https:\/\/radiolifefm.com.br\/noticias\/pronto-socorro-de-adamantina-e-sua-nova-estrutura\/#breadcrumb"},"inLanguage":"pt-BR","potentialAction":[{"@type":"ReadAction","target":["https:\/\/radiolifefm.com.br\/noticias\/pronto-socorro-de-adamantina-e-sua-nova-estrutura\/"]}]},{"@type":"ImageObject","inLanguage":"pt-BR","@id":"https:\/\/radiolifefm.com.br\/noticias\/pronto-socorro-de-adamantina-e-sua-nova-estrutura\/#primaryimage","url":"https:\/\/radiolifefm.com.br\/noticias\/wp-content\/uploads\/2023\/04\/WhatsApp-Image-2023-04-04-at-14.43.57.jpeg","contentUrl":"https:\/\/radiolifefm.com.br\/noticias\/wp-content\/uploads\/2023\/04\/WhatsApp-Image-2023-04-04-at-14.43.57.jpeg","width":1600,"height":899},{"@type":"BreadcrumbList","@id":"https:\/\/radiolifefm.com.br\/noticias\/pronto-socorro-de-adamantina-e-sua-nova-estrutura\/#breadcrumb","itemListElement":[{"@type":"ListItem","position":1,"name":"In\u00edcio","item":"https:\/\/radiolifefm.com.br\/noticias\/"},{"@type":"ListItem","position":2,"name":"Pronto Socorro de Adamantina e sua nova estrutura."}]},{"@type":"WebSite","@id":"https:\/\/radiolifefm.com.br\/noticias\/#website","url":"https:\/\/radiolifefm.com.br\/noticias\/","name":"R\u00e1dio Life FM","description":"O Portal de Not\u00edcias de Adamantina","publisher":{"@id":"https:\/\/radiolifefm.com.br\/noticias\/#organization"},"alternateName":"Life FM","potentialAction":[{"@type":"SearchAction","target":{"@type":"EntryPoint","urlTemplate":"https:\/\/radiolifefm.com.br\/noticias\/?s={search_term_string}"},"query-input":{"@type":"PropertyValueSpecification","valueRequired":true,"valueName":"search_term_string"}}],"inLanguage":"pt-BR"},{"@type":"Organization","@id":"https:\/\/radiolifefm.com.br\/noticias\/#organization","name":"R\u00e1dio Life FM","alternateName":"Life FM","url":"https:\/\/radiolifefm.com.br\/noticias\/","logo":{"@type":"ImageObject","inLanguage":"pt-BR","@id":"https:\/\/radiolifefm.com.br\/noticias\/#\/schema\/logo\/image\/","url":"https:\/\/static.radiolifefm.com.br\/noticias\/wp-content\/uploads\/2019\/10\/logo-lifefm.png","contentUrl":"https:\/\/static.radiolifefm.com.br\/noticias\/wp-content\/uploads\/2019\/10\/logo-lifefm.png","width":196,"height":47,"caption":"R\u00e1dio Life FM"},"image":{"@id":"https:\/\/radiolifefm.com.br\/noticias\/#\/schema\/logo\/image\/"},"sameAs":["https:\/\/www.facebook.com\/radiolifefm\/","https:\/\/www.instagram.com\/life1079fm\/"]},{"@type":"Person","@id":"https:\/\/radiolifefm.com.br\/noticias\/#\/schema\/person\/6876e1240feffe6e1b63fd5cb85abf28","name":"joaograndao","image":{"@type":"ImageObject","inLanguage":"pt-BR","@id":"https:\/\/secure.gravatar.com\/avatar\/d5b1a3cf357ed9c50404e256a1294083aa8ab5d2a994001567302786016cb32c?s=96&d=mm&r=g","url":"https:\/\/secure.gravatar.com\/avatar\/d5b1a3cf357ed9c50404e256a1294083aa8ab5d2a994001567302786016cb32c?s=96&d=mm&r=g","contentUrl":"https:\/\/secure.gravatar.com\/avatar\/d5b1a3cf357ed9c50404e256a1294083aa8ab5d2a994001567302786016cb32c?s=96&d=mm&r=g","caption":"joaograndao"}}]}},"amp_enabled":true,"_links":{"self":[{"href":"https:\/\/radiolifefm.com.br\/noticias\/wp-json\/wp\/v2\/posts\/67867","targetHints":{"allow":["GET"]}}],"collection":[{"href":"https:\/\/radiolifefm.com.br\/noticias\/wp-json\/wp\/v2\/posts"}],"about":[{"href":"https:\/\/radiolifefm.com.br\/noticias\/wp-json\/wp\/v2\/types\/post"}],"author":[{"embeddable":true,"href":"https:\/\/radiolifefm.com.br\/noticias\/wp-json\/wp\/v2\/users\/8"}],"replies":[{"embeddable":true,"href":"https:\/\/radiolifefm.com.br\/noticias\/wp-json\/wp\/v2\/comments?post=67867"}],"version-history":[{"count":6,"href":"https:\/\/radiolifefm.com.br\/noticias\/wp-json\/wp\/v2\/posts\/67867\/revisions"}],"predecessor-version":[{"id":67874,"href":"https:\/\/radiolifefm.com.br\/noticias\/wp-json\/wp\/v2\/posts\/67867\/revisions\/67874"}],"wp:featuredmedia":[{"embeddable":true,"href":"https:\/\/radiolifefm.com.br\/noticias\/wp-json\/wp\/v2\/media\/67868"}],"wp:attachment":[{"href":"https:\/\/radiolifefm.com.br\/noticias\/wp-json\/wp\/v2\/media?parent=67867"}],"wp:term":[{"taxonomy":"category","embeddable":true,"href":"https:\/\/radiolifefm.com.br\/noticias\/wp-json\/wp\/v2\/categories?post=67867"},{"taxonomy":"post_tag","embeddable":true,"href":"https:\/\/radiolifefm.com.br\/noticias\/wp-json\/wp\/v2\/tags?post=67867"}],"curies":[{"name":"wp","href":"https:\/\/api.w.org\/{rel}","templated":true}]}}