{"id":67800,"date":"2023-04-03T16:28:44","date_gmt":"2023-04-03T19:28:44","guid":{"rendered":"https:\/\/radiolifefm.com.br\/noticias\/?p=67800"},"modified":"2026-01-01T16:14:24","modified_gmt":"2026-01-01T19:14:24","slug":"prefeitura-de-adamantina-inaugura-novas-instalacoes-e-modernizacao-da-biblioteca-municipal-jurema-citelli-2","status":"publish","type":"post","link":"https:\/\/radiolifefm.com.br\/noticias\/prefeitura-de-adamantina-inaugura-novas-instalacoes-e-modernizacao-da-biblioteca-municipal-jurema-citelli-2\/","title":{"rendered":"Prefeitura de Adamantina inaugura novas instala\u00e7\u00f5es e moderniza\u00e7\u00e3o da Biblioteca Municipal \u201cJurema Citelli\u201d"},"content":{"rendered":"<div id=\"fb-root\"><\/div>\n<p style=\"font-weight: 400\">No fim da manh\u00e3 de hoje (3), foi realizada uma solenidade com o objetivo de inaugurar as novas instala\u00e7\u00f5es e a moderniza\u00e7\u00e3o da Biblioteca Municipal \u201cJurema Citelli\u201d. A cerim\u00f4nia contou com a presen\u00e7a do prefeito M\u00e1rcio Cardim, da vice-prefeita Maria de Lourdes Santos Gil \u201cDinha\u201d, vereadores, secret\u00e1rios e mun\u00edcipes.<\/p>\n<p style=\"font-weight: 400\">No local, foram investidos 90 mil reais para a compra do novo mobili\u00e1rio e a moderniza\u00e7\u00e3o da biblioteca e 60 mil reais na aquisi\u00e7\u00e3o de instrumentos musicais para a Escola de M\u00fasica.<\/p>\n<p style=\"font-weight: 400\">A emenda parlamentar de 150 mil destinada ao setor cultural foi destinada ao munic\u00edpio, por meio da ent\u00e3o deputada estadual Damaris Moura, realizada atrav\u00e9s da Casa Civil para ser utilizada em despesas de capital.<\/p>\n<p style=\"font-weight: 400\">O secret\u00e1rio de Cultura e Turismo, S\u00e9rgio Vanderlei da Silva, afirmou que hoje \u00e9 um dia de muita emo\u00e7\u00e3o.<\/p>\n<p style=\"font-weight: 400\">\u201cDedico toda essa transforma\u00e7\u00e3o \u00e0s pessoas que aqui frequentam. Em especial a Dona Geni, m\u00e3e do nosso colaborador Marcos que vem \u00e0 biblioteca todos os dias, dedico ainda aos profissionais e agrade\u00e7o ao vereador Riquinha que conquistou essa emenda\u201d, diz.<\/p>\n<p style=\"font-weight: 400\">O secret\u00e1rio ainda ressaltou todos os investimentos que tem sido feitos pelo munic\u00edpio na pasta. \u201cCom recursos pr\u00f3prios foram adquiridos ainda novos uniformes e instrumentos musicais que antes estavam parados, foram recuperados\u201d, relembra.<\/p>\n<p style=\"font-weight: 400\">Em sua fala, o prefeito M\u00e1rcio Cardim salientou que a cultura \u00e9 a valoriza\u00e7\u00e3o do ser humano. \u201cUm legado assim como o esporte e a educa\u00e7\u00e3o. Parab\u00e9ns S\u00e9rgio, continue assim\u201d, parabeniza.<\/p>\n<p style=\"font-weight: 400\">Al\u00e9m da inaugura\u00e7\u00e3o, foi realizado ainda um momento em que o funcion\u00e1rio Jo\u00e3o Passarinho recebeu uma homenagem, pois ele se aposentou no m\u00eas passado. \u201cMas, ele continuar\u00e1 nos apoiando no museu\u201d, garantiu o secret\u00e1rio.<\/p>\n<div class='flex flex-wrap items-center -mx-1'>\r\n<a class='thumbnail gallery p-1 w-1\/2 md:w-1\/4' href='https:\/\/radiolifefm.com.br\/noticias\/wp-content\/uploads\/2023\/04\/foto-1.jpg'><img class='border border-white' src='https:\/\/radiolifefm.com.br\/noticias\/wp-content\/uploads\/2023\/04\/foto-1-200x200.jpg' alt='Foto (1)' \/><\/a><a class='thumbnail gallery p-1 w-1\/2 md:w-1\/4' href='https:\/\/radiolifefm.com.br\/noticias\/wp-content\/uploads\/2023\/04\/foto-1-1-scaled.jpg'><img class='border border-white' src='https:\/\/radiolifefm.com.br\/noticias\/wp-content\/uploads\/2023\/04\/foto-1-1-200x200.jpg' alt='Foto 1 (1)' \/><\/a><\/div>\n<p>Fonte: Assessoria de Imprensa<\/p>\n","protected":false},"excerpt":{"rendered":"<p>No fim da manh\u00e3 de hoje (3), foi realizada uma solenidade com o objetivo de inaugurar as novas instala\u00e7\u00f5es e a moderniza\u00e7\u00e3o da Biblioteca Municipal \u201cJurema Citelli\u201d. A cerim\u00f4nia contou com a presen\u00e7a do prefeito M\u00e1rcio Cardim, da vice-prefeita Maria de Lourdes Santos Gil \u201cDinha\u201d, vereadores, secret\u00e1rios e mun\u00edcipes. No local, foram investidos 90 mil [&hellip;]<\/p>\n","protected":false},"author":13,"featured_media":67801,"comment_status":"closed","ping_status":"open","sticky":false,"template":"","format":"standard","meta":{"_acf_changed":false,"_exactmetrics_skip_tracking":false,"_exactmetrics_sitenote_active":false,"_exactmetrics_sitenote_note":"","_exactmetrics_sitenote_category":0,"footnotes":""},"categories":[21],"tags":[],"class_list":["post-67800","post","type-post","status-publish","format-standard","has-post-thumbnail","hentry","category-adamantina"],"acf":[],"yoast_head":"<!-- This site is optimized with the Yoast SEO plugin v27.2 - https:\/\/yoast.com\/product\/yoast-seo-wordpress\/ -->\n<title>Prefeitura de Adamantina inaugura novas instala\u00e7\u00f5es e moderniza\u00e7\u00e3o da Biblioteca Municipal \u201cJurema Citelli\u201d - R\u00e1dio Life FM<\/title>\n<meta name=\"robots\" content=\"index, follow, max-snippet:-1, max-image-preview:large, max-video-preview:-1\" \/>\n<link rel=\"canonical\" href=\"https:\/\/radiolifefm.com.br\/noticias\/prefeitura-de-adamantina-inaugura-novas-instalacoes-e-modernizacao-da-biblioteca-municipal-jurema-citelli-2\/\" \/>\n<meta property=\"og:locale\" content=\"pt_BR\" \/>\n<meta property=\"og:type\" content=\"article\" \/>\n<meta property=\"og:title\" content=\"Prefeitura de Adamantina inaugura novas instala\u00e7\u00f5es e moderniza\u00e7\u00e3o da Biblioteca Municipal \u201cJurema Citelli\u201d - R\u00e1dio Life FM\" \/>\n<meta property=\"og:description\" content=\"No fim da manh\u00e3 de hoje (3), foi realizada uma solenidade com o objetivo de inaugurar as novas instala\u00e7\u00f5es e a moderniza\u00e7\u00e3o da Biblioteca Municipal \u201cJurema Citelli\u201d. A cerim\u00f4nia contou com a presen\u00e7a do prefeito M\u00e1rcio Cardim, da vice-prefeita Maria de Lourdes Santos Gil \u201cDinha\u201d, vereadores, secret\u00e1rios e mun\u00edcipes. No local, foram investidos 90 mil [&hellip;]\" \/>\n<meta property=\"og:url\" content=\"https:\/\/radiolifefm.com.br\/noticias\/prefeitura-de-adamantina-inaugura-novas-instalacoes-e-modernizacao-da-biblioteca-municipal-jurema-citelli-2\/\" \/>\n<meta property=\"og:site_name\" content=\"R\u00e1dio Life FM\" \/>\n<meta property=\"article:publisher\" content=\"https:\/\/www.facebook.com\/radiolifefm\/\" \/>\n<meta property=\"article:published_time\" content=\"2023-04-03T19:28:44+00:00\" \/>\n<meta property=\"article:modified_time\" content=\"2026-01-01T19:14:24+00:00\" \/>\n<meta property=\"og:image\" content=\"https:\/\/radiolifefm.com.br\/noticias\/wp-content\/uploads\/2023\/04\/Foto-2-1-scaled.jpg\" \/>\n\t<meta property=\"og:image:width\" content=\"2560\" \/>\n\t<meta property=\"og:image:height\" content=\"1711\" \/>\n\t<meta property=\"og:image:type\" content=\"image\/jpeg\" \/>\n<meta name=\"author\" content=\"ritanery\" \/>\n<meta name=\"twitter:card\" content=\"summary_large_image\" \/>\n<meta name=\"twitter:label1\" content=\"Escrito por\" \/>\n\t<meta name=\"twitter:data1\" content=\"ritanery\" \/>\n\t<meta name=\"twitter:label2\" content=\"Est. tempo de leitura\" \/>\n\t<meta name=\"twitter:data2\" content=\"2 minutos\" \/>\n<script type=\"application\/ld+json\" class=\"yoast-schema-graph\">{\"@context\":\"https:\/\/schema.org\",\"@graph\":[{\"@type\":\"Article\",\"@id\":\"https:\/\/radiolifefm.com.br\/noticias\/prefeitura-de-adamantina-inaugura-novas-instalacoes-e-modernizacao-da-biblioteca-municipal-jurema-citelli-2\/#article\",\"isPartOf\":{\"@id\":\"https:\/\/radiolifefm.com.br\/noticias\/prefeitura-de-adamantina-inaugura-novas-instalacoes-e-modernizacao-da-biblioteca-municipal-jurema-citelli-2\/\"},\"author\":{\"name\":\"ritanery\",\"@id\":\"https:\/\/radiolifefm.com.br\/noticias\/#\/schema\/person\/6339b9fac59d12b071dec680d7375d87\"},\"headline\":\"Prefeitura de Adamantina inaugura novas instala\u00e7\u00f5es e moderniza\u00e7\u00e3o da Biblioteca Municipal \u201cJurema Citelli\u201d\",\"datePublished\":\"2023-04-03T19:28:44+00:00\",\"dateModified\":\"2026-01-01T19:14:24+00:00\",\"mainEntityOfPage\":{\"@id\":\"https:\/\/radiolifefm.com.br\/noticias\/prefeitura-de-adamantina-inaugura-novas-instalacoes-e-modernizacao-da-biblioteca-municipal-jurema-citelli-2\/\"},\"wordCount\":323,\"publisher\":{\"@id\":\"https:\/\/radiolifefm.com.br\/noticias\/#organization\"},\"image\":{\"@id\":\"https:\/\/radiolifefm.com.br\/noticias\/prefeitura-de-adamantina-inaugura-novas-instalacoes-e-modernizacao-da-biblioteca-municipal-jurema-citelli-2\/#primaryimage\"},\"thumbnailUrl\":\"https:\/\/radiolifefm.com.br\/noticias\/wp-content\/uploads\/2023\/04\/Foto-2-1-scaled.jpg\",\"articleSection\":[\"Adamantina\"],\"inLanguage\":\"pt-BR\"},{\"@type\":\"WebPage\",\"@id\":\"https:\/\/radiolifefm.com.br\/noticias\/prefeitura-de-adamantina-inaugura-novas-instalacoes-e-modernizacao-da-biblioteca-municipal-jurema-citelli-2\/\",\"url\":\"https:\/\/radiolifefm.com.br\/noticias\/prefeitura-de-adamantina-inaugura-novas-instalacoes-e-modernizacao-da-biblioteca-municipal-jurema-citelli-2\/\",\"name\":\"Prefeitura de Adamantina inaugura novas instala\u00e7\u00f5es e moderniza\u00e7\u00e3o da Biblioteca Municipal \u201cJurema Citelli\u201d - R\u00e1dio Life FM\",\"isPartOf\":{\"@id\":\"https:\/\/radiolifefm.com.br\/noticias\/#website\"},\"primaryImageOfPage\":{\"@id\":\"https:\/\/radiolifefm.com.br\/noticias\/prefeitura-de-adamantina-inaugura-novas-instalacoes-e-modernizacao-da-biblioteca-municipal-jurema-citelli-2\/#primaryimage\"},\"image\":{\"@id\":\"https:\/\/radiolifefm.com.br\/noticias\/prefeitura-de-adamantina-inaugura-novas-instalacoes-e-modernizacao-da-biblioteca-municipal-jurema-citelli-2\/#primaryimage\"},\"thumbnailUrl\":\"https:\/\/radiolifefm.com.br\/noticias\/wp-content\/uploads\/2023\/04\/Foto-2-1-scaled.jpg\",\"datePublished\":\"2023-04-03T19:28:44+00:00\",\"dateModified\":\"2026-01-01T19:14:24+00:00\",\"breadcrumb\":{\"@id\":\"https:\/\/radiolifefm.com.br\/noticias\/prefeitura-de-adamantina-inaugura-novas-instalacoes-e-modernizacao-da-biblioteca-municipal-jurema-citelli-2\/#breadcrumb\"},\"inLanguage\":\"pt-BR\",\"potentialAction\":[{\"@type\":\"ReadAction\",\"target\":[\"https:\/\/radiolifefm.com.br\/noticias\/prefeitura-de-adamantina-inaugura-novas-instalacoes-e-modernizacao-da-biblioteca-municipal-jurema-citelli-2\/\"]}]},{\"@type\":\"ImageObject\",\"inLanguage\":\"pt-BR\",\"@id\":\"https:\/\/radiolifefm.com.br\/noticias\/prefeitura-de-adamantina-inaugura-novas-instalacoes-e-modernizacao-da-biblioteca-municipal-jurema-citelli-2\/#primaryimage\",\"url\":\"https:\/\/radiolifefm.com.br\/noticias\/wp-content\/uploads\/2023\/04\/Foto-2-1-scaled.jpg\",\"contentUrl\":\"https:\/\/radiolifefm.com.br\/noticias\/wp-content\/uploads\/2023\/04\/Foto-2-1-scaled.jpg\",\"width\":2560,\"height\":1711,\"caption\":\"Foram investidos R$90 mil para compra do novo mobili\u00e1rio e moderniza\u00e7\u00e3o e, ainda, R$60 mil na aquisi\u00e7\u00e3o de instrumentos musicais\"},{\"@type\":\"BreadcrumbList\",\"@id\":\"https:\/\/radiolifefm.com.br\/noticias\/prefeitura-de-adamantina-inaugura-novas-instalacoes-e-modernizacao-da-biblioteca-municipal-jurema-citelli-2\/#breadcrumb\",\"itemListElement\":[{\"@type\":\"ListItem\",\"position\":1,\"name\":\"In\u00edcio\",\"item\":\"https:\/\/radiolifefm.com.br\/noticias\/\"},{\"@type\":\"ListItem\",\"position\":2,\"name\":\"Prefeitura de Adamantina inaugura novas instala\u00e7\u00f5es e moderniza\u00e7\u00e3o da Biblioteca Municipal \u201cJurema Citelli\u201d\"}]},{\"@type\":\"WebSite\",\"@id\":\"https:\/\/radiolifefm.com.br\/noticias\/#website\",\"url\":\"https:\/\/radiolifefm.com.br\/noticias\/\",\"name\":\"R\u00e1dio Life FM\",\"description\":\"O Portal de Not\u00edcias de Adamantina\",\"publisher\":{\"@id\":\"https:\/\/radiolifefm.com.br\/noticias\/#organization\"},\"alternateName\":\"Life FM\",\"potentialAction\":[{\"@type\":\"SearchAction\",\"target\":{\"@type\":\"EntryPoint\",\"urlTemplate\":\"https:\/\/radiolifefm.com.br\/noticias\/?s={search_term_string}\"},\"query-input\":{\"@type\":\"PropertyValueSpecification\",\"valueRequired\":true,\"valueName\":\"search_term_string\"}}],\"inLanguage\":\"pt-BR\"},{\"@type\":\"Organization\",\"@id\":\"https:\/\/radiolifefm.com.br\/noticias\/#organization\",\"name\":\"R\u00e1dio Life FM\",\"alternateName\":\"Life FM\",\"url\":\"https:\/\/radiolifefm.com.br\/noticias\/\",\"logo\":{\"@type\":\"ImageObject\",\"inLanguage\":\"pt-BR\",\"@id\":\"https:\/\/radiolifefm.com.br\/noticias\/#\/schema\/logo\/image\/\",\"url\":\"https:\/\/static.radiolifefm.com.br\/noticias\/wp-content\/uploads\/2019\/10\/logo-lifefm.png\",\"contentUrl\":\"https:\/\/static.radiolifefm.com.br\/noticias\/wp-content\/uploads\/2019\/10\/logo-lifefm.png\",\"width\":196,\"height\":47,\"caption\":\"R\u00e1dio Life FM\"},\"image\":{\"@id\":\"https:\/\/radiolifefm.com.br\/noticias\/#\/schema\/logo\/image\/\"},\"sameAs\":[\"https:\/\/www.facebook.com\/radiolifefm\/\",\"https:\/\/www.instagram.com\/life1079fm\/\"]},{\"@type\":\"Person\",\"@id\":\"https:\/\/radiolifefm.com.br\/noticias\/#\/schema\/person\/6339b9fac59d12b071dec680d7375d87\",\"name\":\"ritanery\",\"image\":{\"@type\":\"ImageObject\",\"inLanguage\":\"pt-BR\",\"@id\":\"https:\/\/secure.gravatar.com\/avatar\/0e37bb19071f47c0b8a23f62a903df117c5a0e75f65a0c2901562f97cd41cf86?s=96&d=mm&r=g\",\"url\":\"https:\/\/secure.gravatar.com\/avatar\/0e37bb19071f47c0b8a23f62a903df117c5a0e75f65a0c2901562f97cd41cf86?s=96&d=mm&r=g\",\"contentUrl\":\"https:\/\/secure.gravatar.com\/avatar\/0e37bb19071f47c0b8a23f62a903df117c5a0e75f65a0c2901562f97cd41cf86?s=96&d=mm&r=g\",\"caption\":\"ritanery\"}}]}<\/script>\n<!-- \/ Yoast SEO plugin. -->","yoast_head_json":{"title":"Prefeitura de Adamantina inaugura novas instala\u00e7\u00f5es e moderniza\u00e7\u00e3o da Biblioteca Municipal \u201cJurema Citelli\u201d - R\u00e1dio Life FM","robots":{"index":"index","follow":"follow","max-snippet":"max-snippet:-1","max-image-preview":"max-image-preview:large","max-video-preview":"max-video-preview:-1"},"canonical":"https:\/\/radiolifefm.com.br\/noticias\/prefeitura-de-adamantina-inaugura-novas-instalacoes-e-modernizacao-da-biblioteca-municipal-jurema-citelli-2\/","og_locale":"pt_BR","og_type":"article","og_title":"Prefeitura de Adamantina inaugura novas instala\u00e7\u00f5es e moderniza\u00e7\u00e3o da Biblioteca Municipal \u201cJurema Citelli\u201d - R\u00e1dio Life FM","og_description":"No fim da manh\u00e3 de hoje (3), foi realizada uma solenidade com o objetivo de inaugurar as novas instala\u00e7\u00f5es e a moderniza\u00e7\u00e3o da Biblioteca Municipal \u201cJurema Citelli\u201d. A cerim\u00f4nia contou com a presen\u00e7a do prefeito M\u00e1rcio Cardim, da vice-prefeita Maria de Lourdes Santos Gil \u201cDinha\u201d, vereadores, secret\u00e1rios e mun\u00edcipes. No local, foram investidos 90 mil [&hellip;]","og_url":"https:\/\/radiolifefm.com.br\/noticias\/prefeitura-de-adamantina-inaugura-novas-instalacoes-e-modernizacao-da-biblioteca-municipal-jurema-citelli-2\/","og_site_name":"R\u00e1dio Life FM","article_publisher":"https:\/\/www.facebook.com\/radiolifefm\/","article_published_time":"2023-04-03T19:28:44+00:00","article_modified_time":"2026-01-01T19:14:24+00:00","og_image":[{"width":2560,"height":1711,"url":"https:\/\/radiolifefm.com.br\/noticias\/wp-content\/uploads\/2023\/04\/Foto-2-1-scaled.jpg","type":"image\/jpeg"}],"author":"ritanery","twitter_card":"summary_large_image","twitter_misc":{"Escrito por":"ritanery","Est. tempo de leitura":"2 minutos"},"schema":{"@context":"https:\/\/schema.org","@graph":[{"@type":"Article","@id":"https:\/\/radiolifefm.com.br\/noticias\/prefeitura-de-adamantina-inaugura-novas-instalacoes-e-modernizacao-da-biblioteca-municipal-jurema-citelli-2\/#article","isPartOf":{"@id":"https:\/\/radiolifefm.com.br\/noticias\/prefeitura-de-adamantina-inaugura-novas-instalacoes-e-modernizacao-da-biblioteca-municipal-jurema-citelli-2\/"},"author":{"name":"ritanery","@id":"https:\/\/radiolifefm.com.br\/noticias\/#\/schema\/person\/6339b9fac59d12b071dec680d7375d87"},"headline":"Prefeitura de Adamantina inaugura novas instala\u00e7\u00f5es e moderniza\u00e7\u00e3o da Biblioteca Municipal \u201cJurema Citelli\u201d","datePublished":"2023-04-03T19:28:44+00:00","dateModified":"2026-01-01T19:14:24+00:00","mainEntityOfPage":{"@id":"https:\/\/radiolifefm.com.br\/noticias\/prefeitura-de-adamantina-inaugura-novas-instalacoes-e-modernizacao-da-biblioteca-municipal-jurema-citelli-2\/"},"wordCount":323,"publisher":{"@id":"https:\/\/radiolifefm.com.br\/noticias\/#organization"},"image":{"@id":"https:\/\/radiolifefm.com.br\/noticias\/prefeitura-de-adamantina-inaugura-novas-instalacoes-e-modernizacao-da-biblioteca-municipal-jurema-citelli-2\/#primaryimage"},"thumbnailUrl":"https:\/\/radiolifefm.com.br\/noticias\/wp-content\/uploads\/2023\/04\/Foto-2-1-scaled.jpg","articleSection":["Adamantina"],"inLanguage":"pt-BR"},{"@type":"WebPage","@id":"https:\/\/radiolifefm.com.br\/noticias\/prefeitura-de-adamantina-inaugura-novas-instalacoes-e-modernizacao-da-biblioteca-municipal-jurema-citelli-2\/","url":"https:\/\/radiolifefm.com.br\/noticias\/prefeitura-de-adamantina-inaugura-novas-instalacoes-e-modernizacao-da-biblioteca-municipal-jurema-citelli-2\/","name":"Prefeitura de Adamantina inaugura novas instala\u00e7\u00f5es e moderniza\u00e7\u00e3o da Biblioteca Municipal \u201cJurema Citelli\u201d - R\u00e1dio Life FM","isPartOf":{"@id":"https:\/\/radiolifefm.com.br\/noticias\/#website"},"primaryImageOfPage":{"@id":"https:\/\/radiolifefm.com.br\/noticias\/prefeitura-de-adamantina-inaugura-novas-instalacoes-e-modernizacao-da-biblioteca-municipal-jurema-citelli-2\/#primaryimage"},"image":{"@id":"https:\/\/radiolifefm.com.br\/noticias\/prefeitura-de-adamantina-inaugura-novas-instalacoes-e-modernizacao-da-biblioteca-municipal-jurema-citelli-2\/#primaryimage"},"thumbnailUrl":"https:\/\/radiolifefm.com.br\/noticias\/wp-content\/uploads\/2023\/04\/Foto-2-1-scaled.jpg","datePublished":"2023-04-03T19:28:44+00:00","dateModified":"2026-01-01T19:14:24+00:00","breadcrumb":{"@id":"https:\/\/radiolifefm.com.br\/noticias\/prefeitura-de-adamantina-inaugura-novas-instalacoes-e-modernizacao-da-biblioteca-municipal-jurema-citelli-2\/#breadcrumb"},"inLanguage":"pt-BR","potentialAction":[{"@type":"ReadAction","target":["https:\/\/radiolifefm.com.br\/noticias\/prefeitura-de-adamantina-inaugura-novas-instalacoes-e-modernizacao-da-biblioteca-municipal-jurema-citelli-2\/"]}]},{"@type":"ImageObject","inLanguage":"pt-BR","@id":"https:\/\/radiolifefm.com.br\/noticias\/prefeitura-de-adamantina-inaugura-novas-instalacoes-e-modernizacao-da-biblioteca-municipal-jurema-citelli-2\/#primaryimage","url":"https:\/\/radiolifefm.com.br\/noticias\/wp-content\/uploads\/2023\/04\/Foto-2-1-scaled.jpg","contentUrl":"https:\/\/radiolifefm.com.br\/noticias\/wp-content\/uploads\/2023\/04\/Foto-2-1-scaled.jpg","width":2560,"height":1711,"caption":"Foram investidos R$90 mil para compra do novo mobili\u00e1rio e moderniza\u00e7\u00e3o e, ainda, R$60 mil na aquisi\u00e7\u00e3o de instrumentos musicais"},{"@type":"BreadcrumbList","@id":"https:\/\/radiolifefm.com.br\/noticias\/prefeitura-de-adamantina-inaugura-novas-instalacoes-e-modernizacao-da-biblioteca-municipal-jurema-citelli-2\/#breadcrumb","itemListElement":[{"@type":"ListItem","position":1,"name":"In\u00edcio","item":"https:\/\/radiolifefm.com.br\/noticias\/"},{"@type":"ListItem","position":2,"name":"Prefeitura de Adamantina inaugura novas instala\u00e7\u00f5es e moderniza\u00e7\u00e3o da Biblioteca Municipal \u201cJurema Citelli\u201d"}]},{"@type":"WebSite","@id":"https:\/\/radiolifefm.com.br\/noticias\/#website","url":"https:\/\/radiolifefm.com.br\/noticias\/","name":"R\u00e1dio Life FM","description":"O Portal de Not\u00edcias de Adamantina","publisher":{"@id":"https:\/\/radiolifefm.com.br\/noticias\/#organization"},"alternateName":"Life FM","potentialAction":[{"@type":"SearchAction","target":{"@type":"EntryPoint","urlTemplate":"https:\/\/radiolifefm.com.br\/noticias\/?s={search_term_string}"},"query-input":{"@type":"PropertyValueSpecification","valueRequired":true,"valueName":"search_term_string"}}],"inLanguage":"pt-BR"},{"@type":"Organization","@id":"https:\/\/radiolifefm.com.br\/noticias\/#organization","name":"R\u00e1dio Life FM","alternateName":"Life FM","url":"https:\/\/radiolifefm.com.br\/noticias\/","logo":{"@type":"ImageObject","inLanguage":"pt-BR","@id":"https:\/\/radiolifefm.com.br\/noticias\/#\/schema\/logo\/image\/","url":"https:\/\/static.radiolifefm.com.br\/noticias\/wp-content\/uploads\/2019\/10\/logo-lifefm.png","contentUrl":"https:\/\/static.radiolifefm.com.br\/noticias\/wp-content\/uploads\/2019\/10\/logo-lifefm.png","width":196,"height":47,"caption":"R\u00e1dio Life FM"},"image":{"@id":"https:\/\/radiolifefm.com.br\/noticias\/#\/schema\/logo\/image\/"},"sameAs":["https:\/\/www.facebook.com\/radiolifefm\/","https:\/\/www.instagram.com\/life1079fm\/"]},{"@type":"Person","@id":"https:\/\/radiolifefm.com.br\/noticias\/#\/schema\/person\/6339b9fac59d12b071dec680d7375d87","name":"ritanery","image":{"@type":"ImageObject","inLanguage":"pt-BR","@id":"https:\/\/secure.gravatar.com\/avatar\/0e37bb19071f47c0b8a23f62a903df117c5a0e75f65a0c2901562f97cd41cf86?s=96&d=mm&r=g","url":"https:\/\/secure.gravatar.com\/avatar\/0e37bb19071f47c0b8a23f62a903df117c5a0e75f65a0c2901562f97cd41cf86?s=96&d=mm&r=g","contentUrl":"https:\/\/secure.gravatar.com\/avatar\/0e37bb19071f47c0b8a23f62a903df117c5a0e75f65a0c2901562f97cd41cf86?s=96&d=mm&r=g","caption":"ritanery"}}]}},"amp_enabled":true,"_links":{"self":[{"href":"https:\/\/radiolifefm.com.br\/noticias\/wp-json\/wp\/v2\/posts\/67800","targetHints":{"allow":["GET"]}}],"collection":[{"href":"https:\/\/radiolifefm.com.br\/noticias\/wp-json\/wp\/v2\/posts"}],"about":[{"href":"https:\/\/radiolifefm.com.br\/noticias\/wp-json\/wp\/v2\/types\/post"}],"author":[{"embeddable":true,"href":"https:\/\/radiolifefm.com.br\/noticias\/wp-json\/wp\/v2\/users\/13"}],"replies":[{"embeddable":true,"href":"https:\/\/radiolifefm.com.br\/noticias\/wp-json\/wp\/v2\/comments?post=67800"}],"version-history":[{"count":4,"href":"https:\/\/radiolifefm.com.br\/noticias\/wp-json\/wp\/v2\/posts\/67800\/revisions"}],"predecessor-version":[{"id":67807,"href":"https:\/\/radiolifefm.com.br\/noticias\/wp-json\/wp\/v2\/posts\/67800\/revisions\/67807"}],"wp:featuredmedia":[{"embeddable":true,"href":"https:\/\/radiolifefm.com.br\/noticias\/wp-json\/wp\/v2\/media\/67801"}],"wp:attachment":[{"href":"https:\/\/radiolifefm.com.br\/noticias\/wp-json\/wp\/v2\/media?parent=67800"}],"wp:term":[{"taxonomy":"category","embeddable":true,"href":"https:\/\/radiolifefm.com.br\/noticias\/wp-json\/wp\/v2\/categories?post=67800"},{"taxonomy":"post_tag","embeddable":true,"href":"https:\/\/radiolifefm.com.br\/noticias\/wp-json\/wp\/v2\/tags?post=67800"}],"curies":[{"name":"wp","href":"https:\/\/api.w.org\/{rel}","templated":true}]}}