{"id":67777,"date":"2023-04-03T15:55:25","date_gmt":"2023-04-03T18:55:25","guid":{"rendered":"https:\/\/radiolifefm.com.br\/noticias\/?p=67777"},"modified":"2026-04-04T00:14:50","modified_gmt":"2026-04-04T03:14:50","slug":"materia-sobre-alimentacao-servida-nas-escolas-municipais-de-adamantina-e-destaque-no-jornal-do-interior","status":"publish","type":"post","link":"https:\/\/radiolifefm.com.br\/noticias\/materia-sobre-alimentacao-servida-nas-escolas-municipais-de-adamantina-e-destaque-no-jornal-do-interior\/","title":{"rendered":"Mat\u00e9ria sobre alimenta\u00e7\u00e3o servida nas escolas municipais de Adamantina \u00e9 destaque no Jornal do Interior"},"content":{"rendered":"<div id=\"fb-root\"><\/div>\n<p style=\"font-weight: 400\">A mat\u00e9ria &#8220;Alimenta\u00e7\u00e3o\u00a0escolar ganhar\u00e1 maior diversidade durante o ano letivo de 2023&#8221; publicada pela Prefeitura de Adamantina, por meio da Secretaria de Educa\u00e7\u00e3o, ganhou destaque na edi\u00e7\u00e3o do Jornal do Interior, uma publica\u00e7\u00e3o da Uni\u00e3o dos Vereadores do Estado de S\u00e3o Paulo (UVESP).<\/p>\n<p style=\"font-weight: 400\">A publica\u00e7\u00e3o trouxe as a\u00e7\u00f5es que foram desenvolvidas com o prop\u00f3sito de fornecer uma alimenta\u00e7\u00e3o de qualidade, segura, com valor nutricional adequado para o crescimento e desenvolvimento do aluno durante o per\u00edodo letivo.<\/p>\n<p style=\"font-weight: 400\">\u201cFicamos felizes com essa publica\u00e7\u00e3o, pois mostra que o cuidado com os nossos alunos se d\u00e1 de forma completa\u201d, afirma o secret\u00e1rio de Educa\u00e7\u00e3o, Osvaldo Jos\u00e9.<\/p>\n<p style=\"font-weight: 400\">As informa\u00e7\u00f5es constam na p\u00e1gina 22 da edi\u00e7\u00e3o de fevereiro de 2023 e divide espa\u00e7o com iniciativas das cidades de Jundia\u00ed, Ara\u00e7atuba, Andradina, Iacanga e Ribeir\u00e3o Preto.<\/p>\n<p style=\"font-weight: 400\">Aqueles que desejarem conferir a publica\u00e7\u00e3o podem acessar:\u00a0<a href=\"https:\/\/uvesp.com.br\/portal\/jornaldointerior\/jornal-do-interior-janeiro-edicao-no191\/\" data-saferedirecturl=\"https:\/\/www.google.com\/url?q=https:\/\/uvesp.com.br\/portal\/jornaldointerior\/jornal-do-interior-janeiro-edicao-no191\/&amp;source=gmail&amp;ust=1680634261766000&amp;usg=AOvVaw2rxRvtaiSS6wZE-_W7y3Ze\">https:\/\/uvesp.com.br\/portal\/jornaldointerior\/jornal-do-interior-janeiro-edicao-no191\/<\/a><\/p>\n<p style=\"font-weight: 400\"><strong>Relembre<\/strong><\/p>\n<p style=\"font-weight: 400\">A alimenta\u00e7\u00e3o escolar segue com o prop\u00f3sito de fornecer uma alimenta\u00e7\u00e3o de qualidade, segura, com valor nutricional adequado para o crescimento e desenvolvimento do aluno durante o per\u00edodo letivo.<\/p>\n<p style=\"font-weight: 400\">Sabendo disso, a Prefeitura de Adamantina, por meio do Departamento de Alimenta\u00e7\u00e3o Escolar, realizou uma forma\u00e7\u00e3o com as merendeiras antes do retorno das crian\u00e7as \u00e0s salas de aula.<\/p>\n<p style=\"font-weight: 400\">Durante a \u00faltima semana, as profissionais foram orientadas sobre a import\u00e2ncia da implementa\u00e7\u00e3o das boas pr\u00e1ticas de manipula\u00e7\u00e3o, a fim de proporcionar a qualidade higi\u00eanico-sanit\u00e1ria e prevenir assim poss\u00edveis contamina\u00e7\u00f5es.<\/p>\n<p style=\"font-weight: 400\">A mat\u00e9ria completa est\u00e1 dispon\u00edvel em:\u00a0<a href=\"https:\/\/www.adamantina.sp.gov.br\/portal\/noticias\/0\/3\/4695\/alimentacao-escolar-ganhara-maior-diversidade-durante-o-ano-letivo-de-2023\" data-saferedirecturl=\"https:\/\/www.google.com\/url?q=https:\/\/www.adamantina.sp.gov.br\/portal\/noticias\/0\/3\/4695\/alimentacao-escolar-ganhara-maior-diversidade-durante-o-ano-letivo-de-2023&amp;source=gmail&amp;ust=1680634261766000&amp;usg=AOvVaw3OEdoTIAaIMcy5B1l2MfO1\">https:\/\/www.adamantina.sp.gov.br\/portal\/noticias\/0\/3\/4695\/alimentacao-escolar-ganhara-maior-diversidade-durante-o-ano-letivo-de-2023<\/a><\/p>\n<p>&nbsp;<\/p>\n<p>&nbsp;<\/p>\n<p>Fonte: Assessoria\u00a0 de Imprensa<\/p>\n","protected":false},"excerpt":{"rendered":"<p>A mat\u00e9ria &#8220;Alimenta\u00e7\u00e3o\u00a0escolar ganhar\u00e1 maior diversidade durante o ano letivo de 2023&#8221; publicada pela Prefeitura de Adamantina, por meio da Secretaria de Educa\u00e7\u00e3o, ganhou destaque na edi\u00e7\u00e3o do Jornal do Interior, uma publica\u00e7\u00e3o da Uni\u00e3o dos Vereadores do Estado de S\u00e3o Paulo (UVESP). A publica\u00e7\u00e3o trouxe as a\u00e7\u00f5es que foram desenvolvidas com o prop\u00f3sito de [&hellip;]<\/p>\n","protected":false},"author":13,"featured_media":67778,"comment_status":"closed","ping_status":"open","sticky":false,"template":"","format":"standard","meta":{"_acf_changed":false,"_exactmetrics_skip_tracking":false,"_exactmetrics_sitenote_active":false,"_exactmetrics_sitenote_note":"","_exactmetrics_sitenote_category":0,"footnotes":""},"categories":[21],"tags":[],"class_list":["post-67777","post","type-post","status-publish","format-standard","has-post-thumbnail","hentry","category-adamantina"],"acf":[],"yoast_head":"<!-- This site is optimized with the Yoast SEO plugin v27.2 - https:\/\/yoast.com\/product\/yoast-seo-wordpress\/ -->\n<title>Mat\u00e9ria sobre alimenta\u00e7\u00e3o servida nas escolas municipais de Adamantina \u00e9 destaque no Jornal do Interior - R\u00e1dio Life FM<\/title>\n<meta name=\"robots\" content=\"index, follow, max-snippet:-1, max-image-preview:large, max-video-preview:-1\" \/>\n<link rel=\"canonical\" href=\"https:\/\/radiolifefm.com.br\/noticias\/materia-sobre-alimentacao-servida-nas-escolas-municipais-de-adamantina-e-destaque-no-jornal-do-interior\/\" \/>\n<meta property=\"og:locale\" content=\"pt_BR\" \/>\n<meta property=\"og:type\" content=\"article\" \/>\n<meta property=\"og:title\" content=\"Mat\u00e9ria sobre alimenta\u00e7\u00e3o servida nas escolas municipais de Adamantina \u00e9 destaque no Jornal do Interior - R\u00e1dio Life FM\" \/>\n<meta property=\"og:description\" content=\"A mat\u00e9ria &#8220;Alimenta\u00e7\u00e3o\u00a0escolar ganhar\u00e1 maior diversidade durante o ano letivo de 2023&#8221; publicada pela Prefeitura de Adamantina, por meio da Secretaria de Educa\u00e7\u00e3o, ganhou destaque na edi\u00e7\u00e3o do Jornal do Interior, uma publica\u00e7\u00e3o da Uni\u00e3o dos Vereadores do Estado de S\u00e3o Paulo (UVESP). A publica\u00e7\u00e3o trouxe as a\u00e7\u00f5es que foram desenvolvidas com o prop\u00f3sito de [&hellip;]\" \/>\n<meta property=\"og:url\" content=\"https:\/\/radiolifefm.com.br\/noticias\/materia-sobre-alimentacao-servida-nas-escolas-municipais-de-adamantina-e-destaque-no-jornal-do-interior\/\" \/>\n<meta property=\"og:site_name\" content=\"R\u00e1dio Life FM\" \/>\n<meta property=\"article:publisher\" content=\"https:\/\/www.facebook.com\/radiolifefm\/\" \/>\n<meta property=\"article:published_time\" content=\"2023-04-03T18:55:25+00:00\" \/>\n<meta property=\"article:modified_time\" content=\"2026-04-04T03:14:50+00:00\" \/>\n<meta property=\"og:image\" content=\"https:\/\/radiolifefm.com.br\/noticias\/wp-content\/uploads\/2023\/04\/c731c64eac4658c6e202f7b9f3846026.jpg\" \/>\n\t<meta property=\"og:image:width\" content=\"150\" \/>\n\t<meta property=\"og:image:height\" content=\"121\" \/>\n\t<meta property=\"og:image:type\" content=\"image\/jpeg\" \/>\n<meta name=\"author\" content=\"ritanery\" \/>\n<meta name=\"twitter:card\" content=\"summary_large_image\" \/>\n<meta name=\"twitter:label1\" content=\"Escrito por\" \/>\n\t<meta name=\"twitter:data1\" content=\"ritanery\" \/>\n\t<meta name=\"twitter:label2\" content=\"Est. tempo de leitura\" \/>\n\t<meta name=\"twitter:data2\" content=\"2 minutos\" \/>\n<script type=\"application\/ld+json\" class=\"yoast-schema-graph\">{\"@context\":\"https:\/\/schema.org\",\"@graph\":[{\"@type\":\"Article\",\"@id\":\"https:\/\/radiolifefm.com.br\/noticias\/materia-sobre-alimentacao-servida-nas-escolas-municipais-de-adamantina-e-destaque-no-jornal-do-interior\/#article\",\"isPartOf\":{\"@id\":\"https:\/\/radiolifefm.com.br\/noticias\/materia-sobre-alimentacao-servida-nas-escolas-municipais-de-adamantina-e-destaque-no-jornal-do-interior\/\"},\"author\":{\"name\":\"ritanery\",\"@id\":\"https:\/\/radiolifefm.com.br\/noticias\/#\/schema\/person\/6339b9fac59d12b071dec680d7375d87\"},\"headline\":\"Mat\u00e9ria sobre alimenta\u00e7\u00e3o servida nas escolas municipais de Adamantina \u00e9 destaque no Jornal do Interior\",\"datePublished\":\"2023-04-03T18:55:25+00:00\",\"dateModified\":\"2026-04-04T03:14:50+00:00\",\"mainEntityOfPage\":{\"@id\":\"https:\/\/radiolifefm.com.br\/noticias\/materia-sobre-alimentacao-servida-nas-escolas-municipais-de-adamantina-e-destaque-no-jornal-do-interior\/\"},\"wordCount\":306,\"publisher\":{\"@id\":\"https:\/\/radiolifefm.com.br\/noticias\/#organization\"},\"image\":{\"@id\":\"https:\/\/radiolifefm.com.br\/noticias\/materia-sobre-alimentacao-servida-nas-escolas-municipais-de-adamantina-e-destaque-no-jornal-do-interior\/#primaryimage\"},\"thumbnailUrl\":\"https:\/\/radiolifefm.com.br\/noticias\/wp-content\/uploads\/2023\/04\/c731c64eac4658c6e202f7b9f3846026.jpg\",\"articleSection\":[\"Adamantina\"],\"inLanguage\":\"pt-BR\"},{\"@type\":\"WebPage\",\"@id\":\"https:\/\/radiolifefm.com.br\/noticias\/materia-sobre-alimentacao-servida-nas-escolas-municipais-de-adamantina-e-destaque-no-jornal-do-interior\/\",\"url\":\"https:\/\/radiolifefm.com.br\/noticias\/materia-sobre-alimentacao-servida-nas-escolas-municipais-de-adamantina-e-destaque-no-jornal-do-interior\/\",\"name\":\"Mat\u00e9ria sobre alimenta\u00e7\u00e3o servida nas escolas municipais de Adamantina \u00e9 destaque no Jornal do Interior - R\u00e1dio Life FM\",\"isPartOf\":{\"@id\":\"https:\/\/radiolifefm.com.br\/noticias\/#website\"},\"primaryImageOfPage\":{\"@id\":\"https:\/\/radiolifefm.com.br\/noticias\/materia-sobre-alimentacao-servida-nas-escolas-municipais-de-adamantina-e-destaque-no-jornal-do-interior\/#primaryimage\"},\"image\":{\"@id\":\"https:\/\/radiolifefm.com.br\/noticias\/materia-sobre-alimentacao-servida-nas-escolas-municipais-de-adamantina-e-destaque-no-jornal-do-interior\/#primaryimage\"},\"thumbnailUrl\":\"https:\/\/radiolifefm.com.br\/noticias\/wp-content\/uploads\/2023\/04\/c731c64eac4658c6e202f7b9f3846026.jpg\",\"datePublished\":\"2023-04-03T18:55:25+00:00\",\"dateModified\":\"2026-04-04T03:14:50+00:00\",\"breadcrumb\":{\"@id\":\"https:\/\/radiolifefm.com.br\/noticias\/materia-sobre-alimentacao-servida-nas-escolas-municipais-de-adamantina-e-destaque-no-jornal-do-interior\/#breadcrumb\"},\"inLanguage\":\"pt-BR\",\"potentialAction\":[{\"@type\":\"ReadAction\",\"target\":[\"https:\/\/radiolifefm.com.br\/noticias\/materia-sobre-alimentacao-servida-nas-escolas-municipais-de-adamantina-e-destaque-no-jornal-do-interior\/\"]}]},{\"@type\":\"ImageObject\",\"inLanguage\":\"pt-BR\",\"@id\":\"https:\/\/radiolifefm.com.br\/noticias\/materia-sobre-alimentacao-servida-nas-escolas-municipais-de-adamantina-e-destaque-no-jornal-do-interior\/#primaryimage\",\"url\":\"https:\/\/radiolifefm.com.br\/noticias\/wp-content\/uploads\/2023\/04\/c731c64eac4658c6e202f7b9f3846026.jpg\",\"contentUrl\":\"https:\/\/radiolifefm.com.br\/noticias\/wp-content\/uploads\/2023\/04\/c731c64eac4658c6e202f7b9f3846026.jpg\",\"width\":150,\"height\":121,\"caption\":\"Impresso \u00e9 distribu\u00eddo pela Uni\u00e3o dos Vereadores do Estado de S\u00e3o Paulo (UVESP)\"},{\"@type\":\"BreadcrumbList\",\"@id\":\"https:\/\/radiolifefm.com.br\/noticias\/materia-sobre-alimentacao-servida-nas-escolas-municipais-de-adamantina-e-destaque-no-jornal-do-interior\/#breadcrumb\",\"itemListElement\":[{\"@type\":\"ListItem\",\"position\":1,\"name\":\"In\u00edcio\",\"item\":\"https:\/\/radiolifefm.com.br\/noticias\/\"},{\"@type\":\"ListItem\",\"position\":2,\"name\":\"Mat\u00e9ria sobre alimenta\u00e7\u00e3o servida nas escolas municipais de Adamantina \u00e9 destaque no Jornal do Interior\"}]},{\"@type\":\"WebSite\",\"@id\":\"https:\/\/radiolifefm.com.br\/noticias\/#website\",\"url\":\"https:\/\/radiolifefm.com.br\/noticias\/\",\"name\":\"R\u00e1dio Life FM\",\"description\":\"O Portal de Not\u00edcias de Adamantina\",\"publisher\":{\"@id\":\"https:\/\/radiolifefm.com.br\/noticias\/#organization\"},\"alternateName\":\"Life FM\",\"potentialAction\":[{\"@type\":\"SearchAction\",\"target\":{\"@type\":\"EntryPoint\",\"urlTemplate\":\"https:\/\/radiolifefm.com.br\/noticias\/?s={search_term_string}\"},\"query-input\":{\"@type\":\"PropertyValueSpecification\",\"valueRequired\":true,\"valueName\":\"search_term_string\"}}],\"inLanguage\":\"pt-BR\"},{\"@type\":\"Organization\",\"@id\":\"https:\/\/radiolifefm.com.br\/noticias\/#organization\",\"name\":\"R\u00e1dio Life FM\",\"alternateName\":\"Life FM\",\"url\":\"https:\/\/radiolifefm.com.br\/noticias\/\",\"logo\":{\"@type\":\"ImageObject\",\"inLanguage\":\"pt-BR\",\"@id\":\"https:\/\/radiolifefm.com.br\/noticias\/#\/schema\/logo\/image\/\",\"url\":\"https:\/\/static.radiolifefm.com.br\/noticias\/wp-content\/uploads\/2019\/10\/logo-lifefm.png\",\"contentUrl\":\"https:\/\/static.radiolifefm.com.br\/noticias\/wp-content\/uploads\/2019\/10\/logo-lifefm.png\",\"width\":196,\"height\":47,\"caption\":\"R\u00e1dio Life FM\"},\"image\":{\"@id\":\"https:\/\/radiolifefm.com.br\/noticias\/#\/schema\/logo\/image\/\"},\"sameAs\":[\"https:\/\/www.facebook.com\/radiolifefm\/\",\"https:\/\/www.instagram.com\/life1079fm\/\"]},{\"@type\":\"Person\",\"@id\":\"https:\/\/radiolifefm.com.br\/noticias\/#\/schema\/person\/6339b9fac59d12b071dec680d7375d87\",\"name\":\"ritanery\",\"image\":{\"@type\":\"ImageObject\",\"inLanguage\":\"pt-BR\",\"@id\":\"https:\/\/secure.gravatar.com\/avatar\/0e37bb19071f47c0b8a23f62a903df117c5a0e75f65a0c2901562f97cd41cf86?s=96&d=mm&r=g\",\"url\":\"https:\/\/secure.gravatar.com\/avatar\/0e37bb19071f47c0b8a23f62a903df117c5a0e75f65a0c2901562f97cd41cf86?s=96&d=mm&r=g\",\"contentUrl\":\"https:\/\/secure.gravatar.com\/avatar\/0e37bb19071f47c0b8a23f62a903df117c5a0e75f65a0c2901562f97cd41cf86?s=96&d=mm&r=g\",\"caption\":\"ritanery\"}}]}<\/script>\n<!-- \/ Yoast SEO plugin. -->","yoast_head_json":{"title":"Mat\u00e9ria sobre alimenta\u00e7\u00e3o servida nas escolas municipais de Adamantina \u00e9 destaque no Jornal do Interior - R\u00e1dio Life FM","robots":{"index":"index","follow":"follow","max-snippet":"max-snippet:-1","max-image-preview":"max-image-preview:large","max-video-preview":"max-video-preview:-1"},"canonical":"https:\/\/radiolifefm.com.br\/noticias\/materia-sobre-alimentacao-servida-nas-escolas-municipais-de-adamantina-e-destaque-no-jornal-do-interior\/","og_locale":"pt_BR","og_type":"article","og_title":"Mat\u00e9ria sobre alimenta\u00e7\u00e3o servida nas escolas municipais de Adamantina \u00e9 destaque no Jornal do Interior - R\u00e1dio Life FM","og_description":"A mat\u00e9ria &#8220;Alimenta\u00e7\u00e3o\u00a0escolar ganhar\u00e1 maior diversidade durante o ano letivo de 2023&#8221; publicada pela Prefeitura de Adamantina, por meio da Secretaria de Educa\u00e7\u00e3o, ganhou destaque na edi\u00e7\u00e3o do Jornal do Interior, uma publica\u00e7\u00e3o da Uni\u00e3o dos Vereadores do Estado de S\u00e3o Paulo (UVESP). A publica\u00e7\u00e3o trouxe as a\u00e7\u00f5es que foram desenvolvidas com o prop\u00f3sito de [&hellip;]","og_url":"https:\/\/radiolifefm.com.br\/noticias\/materia-sobre-alimentacao-servida-nas-escolas-municipais-de-adamantina-e-destaque-no-jornal-do-interior\/","og_site_name":"R\u00e1dio Life FM","article_publisher":"https:\/\/www.facebook.com\/radiolifefm\/","article_published_time":"2023-04-03T18:55:25+00:00","article_modified_time":"2026-04-04T03:14:50+00:00","og_image":[{"width":150,"height":121,"url":"https:\/\/radiolifefm.com.br\/noticias\/wp-content\/uploads\/2023\/04\/c731c64eac4658c6e202f7b9f3846026.jpg","type":"image\/jpeg"}],"author":"ritanery","twitter_card":"summary_large_image","twitter_misc":{"Escrito por":"ritanery","Est. tempo de leitura":"2 minutos"},"schema":{"@context":"https:\/\/schema.org","@graph":[{"@type":"Article","@id":"https:\/\/radiolifefm.com.br\/noticias\/materia-sobre-alimentacao-servida-nas-escolas-municipais-de-adamantina-e-destaque-no-jornal-do-interior\/#article","isPartOf":{"@id":"https:\/\/radiolifefm.com.br\/noticias\/materia-sobre-alimentacao-servida-nas-escolas-municipais-de-adamantina-e-destaque-no-jornal-do-interior\/"},"author":{"name":"ritanery","@id":"https:\/\/radiolifefm.com.br\/noticias\/#\/schema\/person\/6339b9fac59d12b071dec680d7375d87"},"headline":"Mat\u00e9ria sobre alimenta\u00e7\u00e3o servida nas escolas municipais de Adamantina \u00e9 destaque no Jornal do Interior","datePublished":"2023-04-03T18:55:25+00:00","dateModified":"2026-04-04T03:14:50+00:00","mainEntityOfPage":{"@id":"https:\/\/radiolifefm.com.br\/noticias\/materia-sobre-alimentacao-servida-nas-escolas-municipais-de-adamantina-e-destaque-no-jornal-do-interior\/"},"wordCount":306,"publisher":{"@id":"https:\/\/radiolifefm.com.br\/noticias\/#organization"},"image":{"@id":"https:\/\/radiolifefm.com.br\/noticias\/materia-sobre-alimentacao-servida-nas-escolas-municipais-de-adamantina-e-destaque-no-jornal-do-interior\/#primaryimage"},"thumbnailUrl":"https:\/\/radiolifefm.com.br\/noticias\/wp-content\/uploads\/2023\/04\/c731c64eac4658c6e202f7b9f3846026.jpg","articleSection":["Adamantina"],"inLanguage":"pt-BR"},{"@type":"WebPage","@id":"https:\/\/radiolifefm.com.br\/noticias\/materia-sobre-alimentacao-servida-nas-escolas-municipais-de-adamantina-e-destaque-no-jornal-do-interior\/","url":"https:\/\/radiolifefm.com.br\/noticias\/materia-sobre-alimentacao-servida-nas-escolas-municipais-de-adamantina-e-destaque-no-jornal-do-interior\/","name":"Mat\u00e9ria sobre alimenta\u00e7\u00e3o servida nas escolas municipais de Adamantina \u00e9 destaque no Jornal do Interior - R\u00e1dio Life FM","isPartOf":{"@id":"https:\/\/radiolifefm.com.br\/noticias\/#website"},"primaryImageOfPage":{"@id":"https:\/\/radiolifefm.com.br\/noticias\/materia-sobre-alimentacao-servida-nas-escolas-municipais-de-adamantina-e-destaque-no-jornal-do-interior\/#primaryimage"},"image":{"@id":"https:\/\/radiolifefm.com.br\/noticias\/materia-sobre-alimentacao-servida-nas-escolas-municipais-de-adamantina-e-destaque-no-jornal-do-interior\/#primaryimage"},"thumbnailUrl":"https:\/\/radiolifefm.com.br\/noticias\/wp-content\/uploads\/2023\/04\/c731c64eac4658c6e202f7b9f3846026.jpg","datePublished":"2023-04-03T18:55:25+00:00","dateModified":"2026-04-04T03:14:50+00:00","breadcrumb":{"@id":"https:\/\/radiolifefm.com.br\/noticias\/materia-sobre-alimentacao-servida-nas-escolas-municipais-de-adamantina-e-destaque-no-jornal-do-interior\/#breadcrumb"},"inLanguage":"pt-BR","potentialAction":[{"@type":"ReadAction","target":["https:\/\/radiolifefm.com.br\/noticias\/materia-sobre-alimentacao-servida-nas-escolas-municipais-de-adamantina-e-destaque-no-jornal-do-interior\/"]}]},{"@type":"ImageObject","inLanguage":"pt-BR","@id":"https:\/\/radiolifefm.com.br\/noticias\/materia-sobre-alimentacao-servida-nas-escolas-municipais-de-adamantina-e-destaque-no-jornal-do-interior\/#primaryimage","url":"https:\/\/radiolifefm.com.br\/noticias\/wp-content\/uploads\/2023\/04\/c731c64eac4658c6e202f7b9f3846026.jpg","contentUrl":"https:\/\/radiolifefm.com.br\/noticias\/wp-content\/uploads\/2023\/04\/c731c64eac4658c6e202f7b9f3846026.jpg","width":150,"height":121,"caption":"Impresso \u00e9 distribu\u00eddo pela Uni\u00e3o dos Vereadores do Estado de S\u00e3o Paulo (UVESP)"},{"@type":"BreadcrumbList","@id":"https:\/\/radiolifefm.com.br\/noticias\/materia-sobre-alimentacao-servida-nas-escolas-municipais-de-adamantina-e-destaque-no-jornal-do-interior\/#breadcrumb","itemListElement":[{"@type":"ListItem","position":1,"name":"In\u00edcio","item":"https:\/\/radiolifefm.com.br\/noticias\/"},{"@type":"ListItem","position":2,"name":"Mat\u00e9ria sobre alimenta\u00e7\u00e3o servida nas escolas municipais de Adamantina \u00e9 destaque no Jornal do Interior"}]},{"@type":"WebSite","@id":"https:\/\/radiolifefm.com.br\/noticias\/#website","url":"https:\/\/radiolifefm.com.br\/noticias\/","name":"R\u00e1dio Life FM","description":"O Portal de Not\u00edcias de Adamantina","publisher":{"@id":"https:\/\/radiolifefm.com.br\/noticias\/#organization"},"alternateName":"Life FM","potentialAction":[{"@type":"SearchAction","target":{"@type":"EntryPoint","urlTemplate":"https:\/\/radiolifefm.com.br\/noticias\/?s={search_term_string}"},"query-input":{"@type":"PropertyValueSpecification","valueRequired":true,"valueName":"search_term_string"}}],"inLanguage":"pt-BR"},{"@type":"Organization","@id":"https:\/\/radiolifefm.com.br\/noticias\/#organization","name":"R\u00e1dio Life FM","alternateName":"Life FM","url":"https:\/\/radiolifefm.com.br\/noticias\/","logo":{"@type":"ImageObject","inLanguage":"pt-BR","@id":"https:\/\/radiolifefm.com.br\/noticias\/#\/schema\/logo\/image\/","url":"https:\/\/static.radiolifefm.com.br\/noticias\/wp-content\/uploads\/2019\/10\/logo-lifefm.png","contentUrl":"https:\/\/static.radiolifefm.com.br\/noticias\/wp-content\/uploads\/2019\/10\/logo-lifefm.png","width":196,"height":47,"caption":"R\u00e1dio Life FM"},"image":{"@id":"https:\/\/radiolifefm.com.br\/noticias\/#\/schema\/logo\/image\/"},"sameAs":["https:\/\/www.facebook.com\/radiolifefm\/","https:\/\/www.instagram.com\/life1079fm\/"]},{"@type":"Person","@id":"https:\/\/radiolifefm.com.br\/noticias\/#\/schema\/person\/6339b9fac59d12b071dec680d7375d87","name":"ritanery","image":{"@type":"ImageObject","inLanguage":"pt-BR","@id":"https:\/\/secure.gravatar.com\/avatar\/0e37bb19071f47c0b8a23f62a903df117c5a0e75f65a0c2901562f97cd41cf86?s=96&d=mm&r=g","url":"https:\/\/secure.gravatar.com\/avatar\/0e37bb19071f47c0b8a23f62a903df117c5a0e75f65a0c2901562f97cd41cf86?s=96&d=mm&r=g","contentUrl":"https:\/\/secure.gravatar.com\/avatar\/0e37bb19071f47c0b8a23f62a903df117c5a0e75f65a0c2901562f97cd41cf86?s=96&d=mm&r=g","caption":"ritanery"}}]}},"amp_enabled":true,"_links":{"self":[{"href":"https:\/\/radiolifefm.com.br\/noticias\/wp-json\/wp\/v2\/posts\/67777","targetHints":{"allow":["GET"]}}],"collection":[{"href":"https:\/\/radiolifefm.com.br\/noticias\/wp-json\/wp\/v2\/posts"}],"about":[{"href":"https:\/\/radiolifefm.com.br\/noticias\/wp-json\/wp\/v2\/types\/post"}],"author":[{"embeddable":true,"href":"https:\/\/radiolifefm.com.br\/noticias\/wp-json\/wp\/v2\/users\/13"}],"replies":[{"embeddable":true,"href":"https:\/\/radiolifefm.com.br\/noticias\/wp-json\/wp\/v2\/comments?post=67777"}],"version-history":[{"count":4,"href":"https:\/\/radiolifefm.com.br\/noticias\/wp-json\/wp\/v2\/posts\/67777\/revisions"}],"predecessor-version":[{"id":67782,"href":"https:\/\/radiolifefm.com.br\/noticias\/wp-json\/wp\/v2\/posts\/67777\/revisions\/67782"}],"wp:featuredmedia":[{"embeddable":true,"href":"https:\/\/radiolifefm.com.br\/noticias\/wp-json\/wp\/v2\/media\/67778"}],"wp:attachment":[{"href":"https:\/\/radiolifefm.com.br\/noticias\/wp-json\/wp\/v2\/media?parent=67777"}],"wp:term":[{"taxonomy":"category","embeddable":true,"href":"https:\/\/radiolifefm.com.br\/noticias\/wp-json\/wp\/v2\/categories?post=67777"},{"taxonomy":"post_tag","embeddable":true,"href":"https:\/\/radiolifefm.com.br\/noticias\/wp-json\/wp\/v2\/tags?post=67777"}],"curies":[{"name":"wp","href":"https:\/\/api.w.org\/{rel}","templated":true}]}}