{"id":67719,"date":"2023-04-03T15:19:04","date_gmt":"2023-04-03T18:19:04","guid":{"rendered":"https:\/\/radiolifefm.com.br\/noticias\/?p=67719"},"modified":"2026-04-21T23:26:14","modified_gmt":"2026-04-22T02:26:14","slug":"mario-celso-e-celia-chegam-da-europa-inspirados-com-novidades-na-sentimental-express","status":"publish","type":"post","link":"https:\/\/radiolifefm.com.br\/noticias\/mario-celso-e-celia-chegam-da-europa-inspirados-com-novidades-na-sentimental-express\/","title":{"rendered":"Mario Celso e Celia chegam da Europa inspirados com novidades na Sentimental Express."},"content":{"rendered":"<div id=\"fb-root\"><\/div>\n<div>\n<p>A experi\u00eancia de Mario Celso e C\u00e9lia, empres\u00e1rios a frente da Sentimental Express como decoradores de eventos, tendo 28 anos no mercado realizando casamentos, formaturas, anivers\u00e1rios e eventos empresariais proporcionou ao casal uma viagem a Europa.<\/p>\n<p>As inspira\u00e7\u00f5es das visitas realizadas ao museu do Louvre, em Paris, e os laborat\u00f3rios de degusta\u00e7\u00e3o, decora\u00e7\u00e3o, bistr\u00f4 e restaurante que participaram em Veneza e Alemanha, serviram como referencia para seus eventos de Adamantina e regi\u00e3o.<\/p>\n<div class='flex flex-wrap items-center -mx-1'>\r\n<a class='thumbnail gallery p-1 w-1\/2 md:w-1\/4' href='https:\/\/radiolifefm.com.br\/noticias\/wp-content\/uploads\/2023\/04\/cerimonial12.jpg'><img class='border border-white' src='https:\/\/radiolifefm.com.br\/noticias\/wp-content\/uploads\/2023\/04\/cerimonial12-200x200.jpg' alt='Cerimonial12' \/><\/a><a class='thumbnail gallery p-1 w-1\/2 md:w-1\/4' href='https:\/\/radiolifefm.com.br\/noticias\/wp-content\/uploads\/2023\/04\/cerimonial11.jpg'><img class='border border-white' src='https:\/\/radiolifefm.com.br\/noticias\/wp-content\/uploads\/2023\/04\/cerimonial11-200x200.jpg' alt='Cerimonial11' \/><\/a><a class='thumbnail gallery p-1 w-1\/2 md:w-1\/4' href='https:\/\/radiolifefm.com.br\/noticias\/wp-content\/uploads\/2023\/04\/cerimonial10.jpg'><img class='border border-white' src='https:\/\/radiolifefm.com.br\/noticias\/wp-content\/uploads\/2023\/04\/cerimonial10-200x200.jpg' alt='Cerimonial10' \/><\/a><a class='thumbnail gallery p-1 w-1\/2 md:w-1\/4' href='https:\/\/radiolifefm.com.br\/noticias\/wp-content\/uploads\/2023\/04\/cerimonial9.jpg'><img class='border border-white' src='https:\/\/radiolifefm.com.br\/noticias\/wp-content\/uploads\/2023\/04\/cerimonial9-200x200.jpg' alt='Cerimonial9' \/><\/a><a class='thumbnail gallery p-1 w-1\/2 md:w-1\/4' href='https:\/\/radiolifefm.com.br\/noticias\/wp-content\/uploads\/2023\/04\/cerimonial8.jpg'><img class='border border-white' src='https:\/\/radiolifefm.com.br\/noticias\/wp-content\/uploads\/2023\/04\/cerimonial8-200x200.jpg' alt='Cerimonial8' \/><\/a><a class='thumbnail gallery p-1 w-1\/2 md:w-1\/4' href='https:\/\/radiolifefm.com.br\/noticias\/wp-content\/uploads\/2023\/04\/cerimonial7.jpg'><img class='border border-white' src='https:\/\/radiolifefm.com.br\/noticias\/wp-content\/uploads\/2023\/04\/cerimonial7-200x200.jpg' alt='Cerimonial7' \/><\/a><a class='thumbnail gallery p-1 w-1\/2 md:w-1\/4' href='https:\/\/radiolifefm.com.br\/noticias\/wp-content\/uploads\/2023\/04\/cerimonial6.jpg'><img class='border border-white' src='https:\/\/radiolifefm.com.br\/noticias\/wp-content\/uploads\/2023\/04\/cerimonial6-200x200.jpg' alt='Cerimonial6' \/><\/a><a class='thumbnail gallery p-1 w-1\/2 md:w-1\/4' href='https:\/\/radiolifefm.com.br\/noticias\/wp-content\/uploads\/2023\/04\/cerimonial5.jpg'><img class='border border-white' src='https:\/\/radiolifefm.com.br\/noticias\/wp-content\/uploads\/2023\/04\/cerimonial5-200x200.jpg' alt='Cerimonial5' \/><\/a><a class='thumbnail gallery p-1 w-1\/2 md:w-1\/4' href='https:\/\/radiolifefm.com.br\/noticias\/wp-content\/uploads\/2023\/04\/cerimonial3.jpg'><img class='border border-white' src='https:\/\/radiolifefm.com.br\/noticias\/wp-content\/uploads\/2023\/04\/cerimonial3-200x200.jpg' alt='Cerimonial3' \/><\/a><a class='thumbnail gallery p-1 w-1\/2 md:w-1\/4' href='https:\/\/radiolifefm.com.br\/noticias\/wp-content\/uploads\/2023\/04\/cerimonial2.jpg'><img class='border border-white' src='https:\/\/radiolifefm.com.br\/noticias\/wp-content\/uploads\/2023\/04\/cerimonial2-200x200.jpg' alt='Cerimonial2' \/><\/a><a class='thumbnail gallery p-1 w-1\/2 md:w-1\/4' href='https:\/\/radiolifefm.com.br\/noticias\/wp-content\/uploads\/2023\/04\/cerimonial.jpg'><img class='border border-white' src='https:\/\/radiolifefm.com.br\/noticias\/wp-content\/uploads\/2023\/04\/cerimonial-200x200.jpg' alt='Cerimonial' \/><\/a><a class='thumbnail gallery p-1 w-1\/2 md:w-1\/4' href='https:\/\/radiolifefm.com.br\/noticias\/wp-content\/uploads\/2023\/04\/cerimonia4.jpg'><img class='border border-white' src='https:\/\/radiolifefm.com.br\/noticias\/wp-content\/uploads\/2023\/04\/cerimonia4-200x200.jpg' alt='Cerimonia4' \/><\/a><\/div>\n<p>&nbsp;<\/p>\n<p>O casal chegou recentemente com muitas novidades,\u00a0 no \u00faltimo dia 15 de mar\u00e7o,\u00a0 colocando em pr\u00e1tica no dia 22 de mar\u00e7o, para o evento do Glamour Mulher na exposi\u00e7\u00e3o \u201cMulheres que inspiram, ess\u00eancia da vida\u201d.<\/p>\n<p>O evento foi dividido em 2 ambientes, onde em um deles Mario usou uma poltrona simbolizando a realeza digna de todas as rainhas sentarem. Foi exatamente isso que as\u00a0 mulheres vivenciaram ao serem fotografadas na poltrona. Ao lado, no segundo ambiente foi realizado a exposi\u00e7\u00e3o de fotos &#8220;Mulheres que inspiram, ess\u00eancia da vida&#8221;, onde Mario sutilmente utilizou vasos de ch\u00e3o dourados com rosas dando feminilidade ao espa\u00e7o, sem tirar a aten\u00e7\u00e3o do quadros expostos.<\/p>\n<\/div>\n<div class='flex flex-wrap items-center -mx-1'>\r\n<a class='thumbnail gallery p-1 w-1\/2 md:w-1\/4' href='https:\/\/radiolifefm.com.br\/noticias\/wp-content\/uploads\/2023\/04\/2aa14724-283f-4f66-8fc0-5705808db812.jpg'><img class='border border-white' src='https:\/\/radiolifefm.com.br\/noticias\/wp-content\/uploads\/2023\/04\/2aa14724-283f-4f66-8fc0-5705808db812-200x200.jpg' alt='2aa14724 283f 4f66 8fc0 5705808db812' \/><\/a><a class='thumbnail gallery p-1 w-1\/2 md:w-1\/4' href='https:\/\/radiolifefm.com.br\/noticias\/wp-content\/uploads\/2023\/04\/fc0a534e-ed2d-4f2c-bca7-a29fde76277e.jpg'><img class='border border-white' src='https:\/\/radiolifefm.com.br\/noticias\/wp-content\/uploads\/2023\/04\/fc0a534e-ed2d-4f2c-bca7-a29fde76277e-200x200.jpg' alt='Fc0a534e Ed2d 4f2c Bca7 A29fde76277e' \/><\/a><a class='thumbnail gallery p-1 w-1\/2 md:w-1\/4' href='https:\/\/radiolifefm.com.br\/noticias\/wp-content\/uploads\/2023\/04\/glamour-mulher-11_Easy-Resize.com_.jpg'><img class='border border-white' src='https:\/\/radiolifefm.com.br\/noticias\/wp-content\/uploads\/2023\/04\/glamour-mulher-11_Easy-Resize.com_-200x200.jpg' alt='Glamour Mulher 11_Easy Resize.com_' \/><\/a><a class='thumbnail gallery p-1 w-1\/2 md:w-1\/4' href='https:\/\/radiolifefm.com.br\/noticias\/wp-content\/uploads\/2023\/04\/glamour-mulher-12_Easy-Resize.com_.jpg'><img class='border border-white' src='https:\/\/radiolifefm.com.br\/noticias\/wp-content\/uploads\/2023\/04\/glamour-mulher-12_Easy-Resize.com_-200x200.jpg' alt='Glamour Mulher 12_Easy Resize.com_' \/><\/a><a class='thumbnail gallery p-1 w-1\/2 md:w-1\/4' href='https:\/\/radiolifefm.com.br\/noticias\/wp-content\/uploads\/2023\/04\/0797281a-9bcc-4b20-a557-c503fe4ee623.jpg'><img class='border border-white' src='https:\/\/radiolifefm.com.br\/noticias\/wp-content\/uploads\/2023\/04\/0797281a-9bcc-4b20-a557-c503fe4ee623-200x200.jpg' alt='0797281a 9bcc 4b20 A557 C503fe4ee623' \/><\/a><\/div>\n<div>\n<p>Buscando sempre conhecimento para agregar mais valor nos servi\u00e7os de decora\u00e7\u00e3o, para os pr\u00f3ximos eventos que vir\u00e3o.<\/p>\n<p>Mario Celso e Celia est\u00e3o a disposi\u00e7\u00e3o pelo telefone: (18) 99633-1944 ou atrav\u00e9s do e-mail: celiabachi@gmail.com<\/p>\n<div>\n<div>Acompanhe a Buffet Sentimental Express nas redes sociais pelo Instagram: sentimentalexpressbuffet e Facebook: Buffet Sentimental Express.<\/div>\n<div><\/div>\n<\/div>\n<div>Sentimental Express fica localizado na Rua Mario Olivero 385. Adamantina-SP.<\/div>\n<\/div>\n<div><\/div>\n<div><\/div>\n<div><\/div>\n<div><\/div>\n<div>\n<div class='flex flex-wrap items-center -mx-1'>\r\n<a class='thumbnail gallery p-1 w-1\/2 md:w-1\/4' href='https:\/\/radiolifefm.com.br\/noticias\/wp-content\/uploads\/2023\/04\/buffet19.jpg'><img class='border border-white' src='https:\/\/radiolifefm.com.br\/noticias\/wp-content\/uploads\/2023\/04\/buffet19-200x200.jpg' alt='Buffet19' \/><\/a><a class='thumbnail gallery p-1 w-1\/2 md:w-1\/4' href='https:\/\/radiolifefm.com.br\/noticias\/wp-content\/uploads\/2023\/04\/buffet18.jpg'><img class='border border-white' src='https:\/\/radiolifefm.com.br\/noticias\/wp-content\/uploads\/2023\/04\/buffet18-200x200.jpg' alt='Buffet18' \/><\/a><a class='thumbnail gallery p-1 w-1\/2 md:w-1\/4' href='https:\/\/radiolifefm.com.br\/noticias\/wp-content\/uploads\/2023\/04\/buffet17.jpg'><img class='border border-white' src='https:\/\/radiolifefm.com.br\/noticias\/wp-content\/uploads\/2023\/04\/buffet17-200x200.jpg' alt='Buffet17' \/><\/a><a class='thumbnail gallery p-1 w-1\/2 md:w-1\/4' href='https:\/\/radiolifefm.com.br\/noticias\/wp-content\/uploads\/2023\/04\/buffet16.jpg'><img class='border border-white' src='https:\/\/radiolifefm.com.br\/noticias\/wp-content\/uploads\/2023\/04\/buffet16-200x200.jpg' alt='Buffet16' \/><\/a><a class='thumbnail gallery p-1 w-1\/2 md:w-1\/4' href='https:\/\/radiolifefm.com.br\/noticias\/wp-content\/uploads\/2023\/04\/buffet15.jpg'><img class='border border-white' src='https:\/\/radiolifefm.com.br\/noticias\/wp-content\/uploads\/2023\/04\/buffet15-200x200.jpg' alt='Buffet15' \/><\/a><a class='thumbnail gallery p-1 w-1\/2 md:w-1\/4' href='https:\/\/radiolifefm.com.br\/noticias\/wp-content\/uploads\/2023\/04\/buffet14.jpg'><img class='border border-white' src='https:\/\/radiolifefm.com.br\/noticias\/wp-content\/uploads\/2023\/04\/buffet14-200x200.jpg' alt='Buffet14' \/><\/a><a class='thumbnail gallery p-1 w-1\/2 md:w-1\/4' href='https:\/\/radiolifefm.com.br\/noticias\/wp-content\/uploads\/2023\/04\/buffet13.jpg'><img class='border border-white' src='https:\/\/radiolifefm.com.br\/noticias\/wp-content\/uploads\/2023\/04\/buffet13-200x200.jpg' alt='Buffet13' \/><\/a><a class='thumbnail gallery p-1 w-1\/2 md:w-1\/4' href='https:\/\/radiolifefm.com.br\/noticias\/wp-content\/uploads\/2023\/04\/buffet7.jpg'><img class='border border-white' src='https:\/\/radiolifefm.com.br\/noticias\/wp-content\/uploads\/2023\/04\/buffet7-200x200.jpg' alt='Buffet7' \/><\/a><a class='thumbnail gallery p-1 w-1\/2 md:w-1\/4' href='https:\/\/radiolifefm.com.br\/noticias\/wp-content\/uploads\/2023\/04\/buffet6.jpg'><img class='border border-white' src='https:\/\/radiolifefm.com.br\/noticias\/wp-content\/uploads\/2023\/04\/buffet6-200x200.jpg' alt='Buffet6' \/><\/a><a class='thumbnail gallery p-1 w-1\/2 md:w-1\/4' href='https:\/\/radiolifefm.com.br\/noticias\/wp-content\/uploads\/2023\/04\/buffet5.jpg'><img class='border border-white' src='https:\/\/radiolifefm.com.br\/noticias\/wp-content\/uploads\/2023\/04\/buffet5-200x200.jpg' alt='Buffet5' \/><\/a><a class='thumbnail gallery p-1 w-1\/2 md:w-1\/4' href='https:\/\/radiolifefm.com.br\/noticias\/wp-content\/uploads\/2023\/04\/buffet3.jpg'><img class='border border-white' src='https:\/\/radiolifefm.com.br\/noticias\/wp-content\/uploads\/2023\/04\/buffet3-200x200.jpg' alt='Buffet3' \/><\/a><a class='thumbnail gallery p-1 w-1\/2 md:w-1\/4' href='https:\/\/radiolifefm.com.br\/noticias\/wp-content\/uploads\/2023\/04\/buffet2.jpg'><img class='border border-white' src='https:\/\/radiolifefm.com.br\/noticias\/wp-content\/uploads\/2023\/04\/buffet2-200x200.jpg' alt='Buffet2' \/><\/a><a class='thumbnail gallery p-1 w-1\/2 md:w-1\/4' href='https:\/\/radiolifefm.com.br\/noticias\/wp-content\/uploads\/2023\/04\/buffet.jpg'><img class='border border-white' src='https:\/\/radiolifefm.com.br\/noticias\/wp-content\/uploads\/2023\/04\/buffet-200x200.jpg' alt='Buffet' \/><\/a><a class='thumbnail gallery p-1 w-1\/2 md:w-1\/4' href='https:\/\/radiolifefm.com.br\/noticias\/wp-content\/uploads\/2023\/04\/buffet-21.jpg'><img class='border border-white' src='https:\/\/radiolifefm.com.br\/noticias\/wp-content\/uploads\/2023\/04\/buffet-21-200x200.jpg' alt='Buffet 21' \/><\/a><a class='thumbnail gallery p-1 w-1\/2 md:w-1\/4' href='https:\/\/radiolifefm.com.br\/noticias\/wp-content\/uploads\/2023\/04\/buffet-20.jpg'><img class='border border-white' src='https:\/\/radiolifefm.com.br\/noticias\/wp-content\/uploads\/2023\/04\/buffet-20-200x200.jpg' alt='Buffet 20' \/><\/a><a class='thumbnail gallery p-1 w-1\/2 md:w-1\/4' href='https:\/\/radiolifefm.com.br\/noticias\/wp-content\/uploads\/2023\/04\/buffet-12.jpg'><img class='border border-white' src='https:\/\/radiolifefm.com.br\/noticias\/wp-content\/uploads\/2023\/04\/buffet-12-200x200.jpg' alt='Buffet 12' \/><\/a><a class='thumbnail gallery p-1 w-1\/2 md:w-1\/4' href='https:\/\/radiolifefm.com.br\/noticias\/wp-content\/uploads\/2023\/04\/buffet-10.jpg'><img class='border border-white' src='https:\/\/radiolifefm.com.br\/noticias\/wp-content\/uploads\/2023\/04\/buffet-10-200x200.jpg' alt='Buffet 10' \/><\/a><a class='thumbnail gallery p-1 w-1\/2 md:w-1\/4' href='https:\/\/radiolifefm.com.br\/noticias\/wp-content\/uploads\/2023\/04\/buffet-8.jpg'><img class='border border-white' src='https:\/\/radiolifefm.com.br\/noticias\/wp-content\/uploads\/2023\/04\/buffet-8-200x200.jpg' alt='Buffet 8' \/><\/a><a class='thumbnail gallery p-1 w-1\/2 md:w-1\/4' href='https:\/\/radiolifefm.com.br\/noticias\/wp-content\/uploads\/2023\/04\/buffet-1.jpg'><img class='border border-white' src='https:\/\/radiolifefm.com.br\/noticias\/wp-content\/uploads\/2023\/04\/buffet-1-200x200.jpg' alt='Buffet 1' \/><\/a><a class='thumbnail gallery p-1 w-1\/2 md:w-1\/4' href='https:\/\/radiolifefm.com.br\/noticias\/wp-content\/uploads\/2023\/04\/buffet-9.jpg'><img class='border border-white' src='https:\/\/radiolifefm.com.br\/noticias\/wp-content\/uploads\/2023\/04\/buffet-9-200x200.jpg' alt='Buffet 9' \/><\/a><a class='thumbnail gallery p-1 w-1\/2 md:w-1\/4' href='https:\/\/radiolifefm.com.br\/noticias\/wp-content\/uploads\/2023\/04\/buffet4.jpg'><img class='border border-white' src='https:\/\/radiolifefm.com.br\/noticias\/wp-content\/uploads\/2023\/04\/buffet4-200x200.jpg' alt='Buffet4' \/><\/a><\/div>\n<\/div>\n<div><\/div>\n<div><\/div>\n<div><\/div>\n","protected":false},"excerpt":{"rendered":"<p>A experi\u00eancia de Mario Celso e C\u00e9lia, empres\u00e1rios a frente da Sentimental Express como decoradores de eventos, tendo 28 anos no mercado realizando casamentos, formaturas, anivers\u00e1rios e eventos empresariais proporcionou ao casal uma viagem a Europa. As inspira\u00e7\u00f5es das visitas realizadas ao museu do Louvre, em Paris, e os laborat\u00f3rios de degusta\u00e7\u00e3o, decora\u00e7\u00e3o, bistr\u00f4 e [&hellip;]<\/p>\n","protected":false},"author":8,"featured_media":67721,"comment_status":"closed","ping_status":"open","sticky":false,"template":"","format":"standard","meta":{"_acf_changed":false,"_exactmetrics_skip_tracking":false,"_exactmetrics_sitenote_active":false,"_exactmetrics_sitenote_note":"","_exactmetrics_sitenote_category":0,"footnotes":""},"categories":[21],"tags":[],"class_list":["post-67719","post","type-post","status-publish","format-standard","has-post-thumbnail","hentry","category-adamantina"],"acf":[],"yoast_head":"<!-- This site is optimized with the Yoast SEO plugin v27.2 - https:\/\/yoast.com\/product\/yoast-seo-wordpress\/ -->\n<title>Mario Celso e Celia chegam da Europa inspirados com novidades na Sentimental Express. - R\u00e1dio Life FM<\/title>\n<meta name=\"robots\" content=\"index, follow, max-snippet:-1, max-image-preview:large, max-video-preview:-1\" \/>\n<link rel=\"canonical\" href=\"https:\/\/radiolifefm.com.br\/noticias\/mario-celso-e-celia-chegam-da-europa-inspirados-com-novidades-na-sentimental-express\/\" \/>\n<meta property=\"og:locale\" content=\"pt_BR\" \/>\n<meta property=\"og:type\" content=\"article\" \/>\n<meta property=\"og:title\" content=\"Mario Celso e Celia chegam da Europa inspirados com novidades na Sentimental Express. - R\u00e1dio Life FM\" \/>\n<meta property=\"og:description\" content=\"A experi\u00eancia de Mario Celso e C\u00e9lia, empres\u00e1rios a frente da Sentimental Express como decoradores de eventos, tendo 28 anos no mercado realizando casamentos, formaturas, anivers\u00e1rios e eventos empresariais proporcionou ao casal uma viagem a Europa. As inspira\u00e7\u00f5es das visitas realizadas ao museu do Louvre, em Paris, e os laborat\u00f3rios de degusta\u00e7\u00e3o, decora\u00e7\u00e3o, bistr\u00f4 e [&hellip;]\" \/>\n<meta property=\"og:url\" content=\"https:\/\/radiolifefm.com.br\/noticias\/mario-celso-e-celia-chegam-da-europa-inspirados-com-novidades-na-sentimental-express\/\" \/>\n<meta property=\"og:site_name\" content=\"R\u00e1dio Life FM\" \/>\n<meta property=\"article:publisher\" content=\"https:\/\/www.facebook.com\/radiolifefm\/\" \/>\n<meta property=\"article:published_time\" content=\"2023-04-03T18:19:04+00:00\" \/>\n<meta property=\"article:modified_time\" content=\"2026-04-22T02:26:14+00:00\" \/>\n<meta property=\"og:image\" content=\"https:\/\/radiolifefm.com.br\/noticias\/wp-content\/uploads\/2023\/04\/cerimonial.jpg\" \/>\n\t<meta property=\"og:image:width\" content=\"683\" \/>\n\t<meta property=\"og:image:height\" content=\"1024\" \/>\n\t<meta property=\"og:image:type\" content=\"image\/jpeg\" \/>\n<meta name=\"author\" content=\"joaograndao\" \/>\n<meta name=\"twitter:card\" content=\"summary_large_image\" \/>\n<meta name=\"twitter:label1\" content=\"Escrito por\" \/>\n\t<meta name=\"twitter:data1\" content=\"joaograndao\" \/>\n\t<meta name=\"twitter:label2\" content=\"Est. tempo de leitura\" \/>\n\t<meta name=\"twitter:data2\" content=\"2 minutos\" \/>\n<script type=\"application\/ld+json\" class=\"yoast-schema-graph\">{\"@context\":\"https:\/\/schema.org\",\"@graph\":[{\"@type\":\"Article\",\"@id\":\"https:\/\/radiolifefm.com.br\/noticias\/mario-celso-e-celia-chegam-da-europa-inspirados-com-novidades-na-sentimental-express\/#article\",\"isPartOf\":{\"@id\":\"https:\/\/radiolifefm.com.br\/noticias\/mario-celso-e-celia-chegam-da-europa-inspirados-com-novidades-na-sentimental-express\/\"},\"author\":{\"name\":\"joaograndao\",\"@id\":\"https:\/\/radiolifefm.com.br\/noticias\/#\/schema\/person\/6876e1240feffe6e1b63fd5cb85abf28\"},\"headline\":\"Mario Celso e Celia chegam da Europa inspirados com novidades na Sentimental Express.\",\"datePublished\":\"2023-04-03T18:19:04+00:00\",\"dateModified\":\"2026-04-22T02:26:14+00:00\",\"mainEntityOfPage\":{\"@id\":\"https:\/\/radiolifefm.com.br\/noticias\/mario-celso-e-celia-chegam-da-europa-inspirados-com-novidades-na-sentimental-express\/\"},\"wordCount\":282,\"publisher\":{\"@id\":\"https:\/\/radiolifefm.com.br\/noticias\/#organization\"},\"image\":{\"@id\":\"https:\/\/radiolifefm.com.br\/noticias\/mario-celso-e-celia-chegam-da-europa-inspirados-com-novidades-na-sentimental-express\/#primaryimage\"},\"thumbnailUrl\":\"https:\/\/radiolifefm.com.br\/noticias\/wp-content\/uploads\/2023\/04\/cerimonial.jpg\",\"articleSection\":[\"Adamantina\"],\"inLanguage\":\"pt-BR\"},{\"@type\":\"WebPage\",\"@id\":\"https:\/\/radiolifefm.com.br\/noticias\/mario-celso-e-celia-chegam-da-europa-inspirados-com-novidades-na-sentimental-express\/\",\"url\":\"https:\/\/radiolifefm.com.br\/noticias\/mario-celso-e-celia-chegam-da-europa-inspirados-com-novidades-na-sentimental-express\/\",\"name\":\"Mario Celso e Celia chegam da Europa inspirados com novidades na Sentimental Express. - R\u00e1dio Life FM\",\"isPartOf\":{\"@id\":\"https:\/\/radiolifefm.com.br\/noticias\/#website\"},\"primaryImageOfPage\":{\"@id\":\"https:\/\/radiolifefm.com.br\/noticias\/mario-celso-e-celia-chegam-da-europa-inspirados-com-novidades-na-sentimental-express\/#primaryimage\"},\"image\":{\"@id\":\"https:\/\/radiolifefm.com.br\/noticias\/mario-celso-e-celia-chegam-da-europa-inspirados-com-novidades-na-sentimental-express\/#primaryimage\"},\"thumbnailUrl\":\"https:\/\/radiolifefm.com.br\/noticias\/wp-content\/uploads\/2023\/04\/cerimonial.jpg\",\"datePublished\":\"2023-04-03T18:19:04+00:00\",\"dateModified\":\"2026-04-22T02:26:14+00:00\",\"breadcrumb\":{\"@id\":\"https:\/\/radiolifefm.com.br\/noticias\/mario-celso-e-celia-chegam-da-europa-inspirados-com-novidades-na-sentimental-express\/#breadcrumb\"},\"inLanguage\":\"pt-BR\",\"potentialAction\":[{\"@type\":\"ReadAction\",\"target\":[\"https:\/\/radiolifefm.com.br\/noticias\/mario-celso-e-celia-chegam-da-europa-inspirados-com-novidades-na-sentimental-express\/\"]}]},{\"@type\":\"ImageObject\",\"inLanguage\":\"pt-BR\",\"@id\":\"https:\/\/radiolifefm.com.br\/noticias\/mario-celso-e-celia-chegam-da-europa-inspirados-com-novidades-na-sentimental-express\/#primaryimage\",\"url\":\"https:\/\/radiolifefm.com.br\/noticias\/wp-content\/uploads\/2023\/04\/cerimonial.jpg\",\"contentUrl\":\"https:\/\/radiolifefm.com.br\/noticias\/wp-content\/uploads\/2023\/04\/cerimonial.jpg\",\"width\":683,\"height\":1024},{\"@type\":\"BreadcrumbList\",\"@id\":\"https:\/\/radiolifefm.com.br\/noticias\/mario-celso-e-celia-chegam-da-europa-inspirados-com-novidades-na-sentimental-express\/#breadcrumb\",\"itemListElement\":[{\"@type\":\"ListItem\",\"position\":1,\"name\":\"In\u00edcio\",\"item\":\"https:\/\/radiolifefm.com.br\/noticias\/\"},{\"@type\":\"ListItem\",\"position\":2,\"name\":\"Mario Celso e Celia chegam da Europa inspirados com novidades na Sentimental Express.\"}]},{\"@type\":\"WebSite\",\"@id\":\"https:\/\/radiolifefm.com.br\/noticias\/#website\",\"url\":\"https:\/\/radiolifefm.com.br\/noticias\/\",\"name\":\"R\u00e1dio Life FM\",\"description\":\"O Portal de Not\u00edcias de Adamantina\",\"publisher\":{\"@id\":\"https:\/\/radiolifefm.com.br\/noticias\/#organization\"},\"alternateName\":\"Life FM\",\"potentialAction\":[{\"@type\":\"SearchAction\",\"target\":{\"@type\":\"EntryPoint\",\"urlTemplate\":\"https:\/\/radiolifefm.com.br\/noticias\/?s={search_term_string}\"},\"query-input\":{\"@type\":\"PropertyValueSpecification\",\"valueRequired\":true,\"valueName\":\"search_term_string\"}}],\"inLanguage\":\"pt-BR\"},{\"@type\":\"Organization\",\"@id\":\"https:\/\/radiolifefm.com.br\/noticias\/#organization\",\"name\":\"R\u00e1dio Life FM\",\"alternateName\":\"Life FM\",\"url\":\"https:\/\/radiolifefm.com.br\/noticias\/\",\"logo\":{\"@type\":\"ImageObject\",\"inLanguage\":\"pt-BR\",\"@id\":\"https:\/\/radiolifefm.com.br\/noticias\/#\/schema\/logo\/image\/\",\"url\":\"https:\/\/static.radiolifefm.com.br\/noticias\/wp-content\/uploads\/2019\/10\/logo-lifefm.png\",\"contentUrl\":\"https:\/\/static.radiolifefm.com.br\/noticias\/wp-content\/uploads\/2019\/10\/logo-lifefm.png\",\"width\":196,\"height\":47,\"caption\":\"R\u00e1dio Life FM\"},\"image\":{\"@id\":\"https:\/\/radiolifefm.com.br\/noticias\/#\/schema\/logo\/image\/\"},\"sameAs\":[\"https:\/\/www.facebook.com\/radiolifefm\/\",\"https:\/\/www.instagram.com\/life1079fm\/\"]},{\"@type\":\"Person\",\"@id\":\"https:\/\/radiolifefm.com.br\/noticias\/#\/schema\/person\/6876e1240feffe6e1b63fd5cb85abf28\",\"name\":\"joaograndao\",\"image\":{\"@type\":\"ImageObject\",\"inLanguage\":\"pt-BR\",\"@id\":\"https:\/\/secure.gravatar.com\/avatar\/d5b1a3cf357ed9c50404e256a1294083aa8ab5d2a994001567302786016cb32c?s=96&d=mm&r=g\",\"url\":\"https:\/\/secure.gravatar.com\/avatar\/d5b1a3cf357ed9c50404e256a1294083aa8ab5d2a994001567302786016cb32c?s=96&d=mm&r=g\",\"contentUrl\":\"https:\/\/secure.gravatar.com\/avatar\/d5b1a3cf357ed9c50404e256a1294083aa8ab5d2a994001567302786016cb32c?s=96&d=mm&r=g\",\"caption\":\"joaograndao\"}}]}<\/script>\n<!-- \/ Yoast SEO plugin. -->","yoast_head_json":{"title":"Mario Celso e Celia chegam da Europa inspirados com novidades na Sentimental Express. - R\u00e1dio Life FM","robots":{"index":"index","follow":"follow","max-snippet":"max-snippet:-1","max-image-preview":"max-image-preview:large","max-video-preview":"max-video-preview:-1"},"canonical":"https:\/\/radiolifefm.com.br\/noticias\/mario-celso-e-celia-chegam-da-europa-inspirados-com-novidades-na-sentimental-express\/","og_locale":"pt_BR","og_type":"article","og_title":"Mario Celso e Celia chegam da Europa inspirados com novidades na Sentimental Express. - R\u00e1dio Life FM","og_description":"A experi\u00eancia de Mario Celso e C\u00e9lia, empres\u00e1rios a frente da Sentimental Express como decoradores de eventos, tendo 28 anos no mercado realizando casamentos, formaturas, anivers\u00e1rios e eventos empresariais proporcionou ao casal uma viagem a Europa. As inspira\u00e7\u00f5es das visitas realizadas ao museu do Louvre, em Paris, e os laborat\u00f3rios de degusta\u00e7\u00e3o, decora\u00e7\u00e3o, bistr\u00f4 e [&hellip;]","og_url":"https:\/\/radiolifefm.com.br\/noticias\/mario-celso-e-celia-chegam-da-europa-inspirados-com-novidades-na-sentimental-express\/","og_site_name":"R\u00e1dio Life FM","article_publisher":"https:\/\/www.facebook.com\/radiolifefm\/","article_published_time":"2023-04-03T18:19:04+00:00","article_modified_time":"2026-04-22T02:26:14+00:00","og_image":[{"width":683,"height":1024,"url":"https:\/\/radiolifefm.com.br\/noticias\/wp-content\/uploads\/2023\/04\/cerimonial.jpg","type":"image\/jpeg"}],"author":"joaograndao","twitter_card":"summary_large_image","twitter_misc":{"Escrito por":"joaograndao","Est. tempo de leitura":"2 minutos"},"schema":{"@context":"https:\/\/schema.org","@graph":[{"@type":"Article","@id":"https:\/\/radiolifefm.com.br\/noticias\/mario-celso-e-celia-chegam-da-europa-inspirados-com-novidades-na-sentimental-express\/#article","isPartOf":{"@id":"https:\/\/radiolifefm.com.br\/noticias\/mario-celso-e-celia-chegam-da-europa-inspirados-com-novidades-na-sentimental-express\/"},"author":{"name":"joaograndao","@id":"https:\/\/radiolifefm.com.br\/noticias\/#\/schema\/person\/6876e1240feffe6e1b63fd5cb85abf28"},"headline":"Mario Celso e Celia chegam da Europa inspirados com novidades na Sentimental Express.","datePublished":"2023-04-03T18:19:04+00:00","dateModified":"2026-04-22T02:26:14+00:00","mainEntityOfPage":{"@id":"https:\/\/radiolifefm.com.br\/noticias\/mario-celso-e-celia-chegam-da-europa-inspirados-com-novidades-na-sentimental-express\/"},"wordCount":282,"publisher":{"@id":"https:\/\/radiolifefm.com.br\/noticias\/#organization"},"image":{"@id":"https:\/\/radiolifefm.com.br\/noticias\/mario-celso-e-celia-chegam-da-europa-inspirados-com-novidades-na-sentimental-express\/#primaryimage"},"thumbnailUrl":"https:\/\/radiolifefm.com.br\/noticias\/wp-content\/uploads\/2023\/04\/cerimonial.jpg","articleSection":["Adamantina"],"inLanguage":"pt-BR"},{"@type":"WebPage","@id":"https:\/\/radiolifefm.com.br\/noticias\/mario-celso-e-celia-chegam-da-europa-inspirados-com-novidades-na-sentimental-express\/","url":"https:\/\/radiolifefm.com.br\/noticias\/mario-celso-e-celia-chegam-da-europa-inspirados-com-novidades-na-sentimental-express\/","name":"Mario Celso e Celia chegam da Europa inspirados com novidades na Sentimental Express. - R\u00e1dio Life FM","isPartOf":{"@id":"https:\/\/radiolifefm.com.br\/noticias\/#website"},"primaryImageOfPage":{"@id":"https:\/\/radiolifefm.com.br\/noticias\/mario-celso-e-celia-chegam-da-europa-inspirados-com-novidades-na-sentimental-express\/#primaryimage"},"image":{"@id":"https:\/\/radiolifefm.com.br\/noticias\/mario-celso-e-celia-chegam-da-europa-inspirados-com-novidades-na-sentimental-express\/#primaryimage"},"thumbnailUrl":"https:\/\/radiolifefm.com.br\/noticias\/wp-content\/uploads\/2023\/04\/cerimonial.jpg","datePublished":"2023-04-03T18:19:04+00:00","dateModified":"2026-04-22T02:26:14+00:00","breadcrumb":{"@id":"https:\/\/radiolifefm.com.br\/noticias\/mario-celso-e-celia-chegam-da-europa-inspirados-com-novidades-na-sentimental-express\/#breadcrumb"},"inLanguage":"pt-BR","potentialAction":[{"@type":"ReadAction","target":["https:\/\/radiolifefm.com.br\/noticias\/mario-celso-e-celia-chegam-da-europa-inspirados-com-novidades-na-sentimental-express\/"]}]},{"@type":"ImageObject","inLanguage":"pt-BR","@id":"https:\/\/radiolifefm.com.br\/noticias\/mario-celso-e-celia-chegam-da-europa-inspirados-com-novidades-na-sentimental-express\/#primaryimage","url":"https:\/\/radiolifefm.com.br\/noticias\/wp-content\/uploads\/2023\/04\/cerimonial.jpg","contentUrl":"https:\/\/radiolifefm.com.br\/noticias\/wp-content\/uploads\/2023\/04\/cerimonial.jpg","width":683,"height":1024},{"@type":"BreadcrumbList","@id":"https:\/\/radiolifefm.com.br\/noticias\/mario-celso-e-celia-chegam-da-europa-inspirados-com-novidades-na-sentimental-express\/#breadcrumb","itemListElement":[{"@type":"ListItem","position":1,"name":"In\u00edcio","item":"https:\/\/radiolifefm.com.br\/noticias\/"},{"@type":"ListItem","position":2,"name":"Mario Celso e Celia chegam da Europa inspirados com novidades na Sentimental Express."}]},{"@type":"WebSite","@id":"https:\/\/radiolifefm.com.br\/noticias\/#website","url":"https:\/\/radiolifefm.com.br\/noticias\/","name":"R\u00e1dio Life FM","description":"O Portal de Not\u00edcias de Adamantina","publisher":{"@id":"https:\/\/radiolifefm.com.br\/noticias\/#organization"},"alternateName":"Life FM","potentialAction":[{"@type":"SearchAction","target":{"@type":"EntryPoint","urlTemplate":"https:\/\/radiolifefm.com.br\/noticias\/?s={search_term_string}"},"query-input":{"@type":"PropertyValueSpecification","valueRequired":true,"valueName":"search_term_string"}}],"inLanguage":"pt-BR"},{"@type":"Organization","@id":"https:\/\/radiolifefm.com.br\/noticias\/#organization","name":"R\u00e1dio Life FM","alternateName":"Life FM","url":"https:\/\/radiolifefm.com.br\/noticias\/","logo":{"@type":"ImageObject","inLanguage":"pt-BR","@id":"https:\/\/radiolifefm.com.br\/noticias\/#\/schema\/logo\/image\/","url":"https:\/\/static.radiolifefm.com.br\/noticias\/wp-content\/uploads\/2019\/10\/logo-lifefm.png","contentUrl":"https:\/\/static.radiolifefm.com.br\/noticias\/wp-content\/uploads\/2019\/10\/logo-lifefm.png","width":196,"height":47,"caption":"R\u00e1dio Life FM"},"image":{"@id":"https:\/\/radiolifefm.com.br\/noticias\/#\/schema\/logo\/image\/"},"sameAs":["https:\/\/www.facebook.com\/radiolifefm\/","https:\/\/www.instagram.com\/life1079fm\/"]},{"@type":"Person","@id":"https:\/\/radiolifefm.com.br\/noticias\/#\/schema\/person\/6876e1240feffe6e1b63fd5cb85abf28","name":"joaograndao","image":{"@type":"ImageObject","inLanguage":"pt-BR","@id":"https:\/\/secure.gravatar.com\/avatar\/d5b1a3cf357ed9c50404e256a1294083aa8ab5d2a994001567302786016cb32c?s=96&d=mm&r=g","url":"https:\/\/secure.gravatar.com\/avatar\/d5b1a3cf357ed9c50404e256a1294083aa8ab5d2a994001567302786016cb32c?s=96&d=mm&r=g","contentUrl":"https:\/\/secure.gravatar.com\/avatar\/d5b1a3cf357ed9c50404e256a1294083aa8ab5d2a994001567302786016cb32c?s=96&d=mm&r=g","caption":"joaograndao"}}]}},"amp_enabled":true,"_links":{"self":[{"href":"https:\/\/radiolifefm.com.br\/noticias\/wp-json\/wp\/v2\/posts\/67719","targetHints":{"allow":["GET"]}}],"collection":[{"href":"https:\/\/radiolifefm.com.br\/noticias\/wp-json\/wp\/v2\/posts"}],"about":[{"href":"https:\/\/radiolifefm.com.br\/noticias\/wp-json\/wp\/v2\/types\/post"}],"author":[{"embeddable":true,"href":"https:\/\/radiolifefm.com.br\/noticias\/wp-json\/wp\/v2\/users\/8"}],"replies":[{"embeddable":true,"href":"https:\/\/radiolifefm.com.br\/noticias\/wp-json\/wp\/v2\/comments?post=67719"}],"version-history":[{"count":9,"href":"https:\/\/radiolifefm.com.br\/noticias\/wp-json\/wp\/v2\/posts\/67719\/revisions"}],"predecessor-version":[{"id":67768,"href":"https:\/\/radiolifefm.com.br\/noticias\/wp-json\/wp\/v2\/posts\/67719\/revisions\/67768"}],"wp:featuredmedia":[{"embeddable":true,"href":"https:\/\/radiolifefm.com.br\/noticias\/wp-json\/wp\/v2\/media\/67721"}],"wp:attachment":[{"href":"https:\/\/radiolifefm.com.br\/noticias\/wp-json\/wp\/v2\/media?parent=67719"}],"wp:term":[{"taxonomy":"category","embeddable":true,"href":"https:\/\/radiolifefm.com.br\/noticias\/wp-json\/wp\/v2\/categories?post=67719"},{"taxonomy":"post_tag","embeddable":true,"href":"https:\/\/radiolifefm.com.br\/noticias\/wp-json\/wp\/v2\/tags?post=67719"}],"curies":[{"name":"wp","href":"https:\/\/api.w.org\/{rel}","templated":true}]}}