{"id":67709,"date":"2023-04-03T10:30:46","date_gmt":"2023-04-03T13:30:46","guid":{"rendered":"https:\/\/radiolifefm.com.br\/noticias\/?p=67709"},"modified":"2026-01-27T00:39:45","modified_gmt":"2026-01-27T03:39:45","slug":"para-celebrar-a-vida-voce-e-convidado-a-contemplar-exposicao-de-fotos","status":"publish","type":"post","link":"https:\/\/radiolifefm.com.br\/noticias\/para-celebrar-a-vida-voce-e-convidado-a-contemplar-exposicao-de-fotos\/","title":{"rendered":"Para celebrar a vida, voc\u00ea \u00e9 convidado a contemplar exposi\u00e7\u00e3o de fotos."},"content":{"rendered":"<div id=\"fb-root\"><\/div>\n<div>A <strong>encantadora exposi\u00e7\u00e3o de fotos do projeto<em> &#8220;Mulheres que inspiram, ess\u00eancia da vida&#8221;<\/em> estar\u00e1 aberta para visita\u00e7\u00e3o<\/strong> de toda popula\u00e7\u00e3o de Adamantina e regi\u00e3o no Centro Universit\u00e1rio de Adamantina no Hall do audit\u00f3rio Miguel Reali no Campus II da universidade.<\/div>\n<div><\/div>\n<div>Ap\u00f3s ter seu lan\u00e7amento no dia 22 de mar\u00e7o no Ip\u00ea Palace Hotel durante o evento Glamour Mulher especial 50 mais, a exposi\u00e7\u00e3o que emociona atrav\u00e9s de mulheres reais que viveram experi\u00eancias com c\u00e2ncer e fizeram dessas experi\u00eancias, motiva\u00e7\u00e3o para viver intensamente a vida est\u00e1 refletida no semblante de cada uma delas.<\/div>\n<div><\/div>\n<div>O projeto tem a iniciativa da pro reitoria de extens\u00e3o atrav\u00e9s da Dr\u00aa. Prof.\u00aa. Liliana Martos Nicoletti Toffoli que envolveu os alunos de Publicidade e Propaganda, coordenados pela Prof.\u00aa. Dra. Ieda Borges e a Fot\u00f3grafa e Jornalista Maila Alves, o curso de Beleza e Est\u00e9tica participou com a maquiagem e cabelo das fotografadas que recebeu roupas da loja Clari\u00e1 e sapatos da Arezzo.<\/div>\n<div>\n<div class='flex flex-wrap items-center -mx-1'>\r\n<a class='thumbnail gallery p-1 w-1\/2 md:w-1\/4' href='https:\/\/radiolifefm.com.br\/noticias\/wp-content\/uploads\/2023\/04\/6-2.png'><img class='border border-white' src='https:\/\/radiolifefm.com.br\/noticias\/wp-content\/uploads\/2023\/04\/6-2-200x200.png' alt='6 (2)' \/><\/a><a class='thumbnail gallery p-1 w-1\/2 md:w-1\/4' href='https:\/\/radiolifefm.com.br\/noticias\/wp-content\/uploads\/2023\/04\/5-2.png'><img class='border border-white' src='https:\/\/radiolifefm.com.br\/noticias\/wp-content\/uploads\/2023\/04\/5-2-200x200.png' alt='5 (2)' \/><\/a><a class='thumbnail gallery p-1 w-1\/2 md:w-1\/4' href='https:\/\/radiolifefm.com.br\/noticias\/wp-content\/uploads\/2023\/04\/4-2.png'><img class='border border-white' src='https:\/\/radiolifefm.com.br\/noticias\/wp-content\/uploads\/2023\/04\/4-2-200x200.png' alt='4 (2)' \/><\/a><a class='thumbnail gallery p-1 w-1\/2 md:w-1\/4' href='https:\/\/radiolifefm.com.br\/noticias\/wp-content\/uploads\/2023\/04\/3-2.png'><img class='border border-white' src='https:\/\/radiolifefm.com.br\/noticias\/wp-content\/uploads\/2023\/04\/3-2-200x200.png' alt='3 (2)' \/><\/a><a class='thumbnail gallery p-1 w-1\/2 md:w-1\/4' href='https:\/\/radiolifefm.com.br\/noticias\/wp-content\/uploads\/2023\/04\/2-3.png'><img class='border border-white' src='https:\/\/radiolifefm.com.br\/noticias\/wp-content\/uploads\/2023\/04\/2-3-200x200.png' alt='2 (3)' \/><\/a><\/div>\n<\/div>\n<div><\/div>\n<h4><strong> O resultado da uni\u00e3o de todos est\u00e1 incr\u00edvel nas fotos e todos podem conferir a partir de segunda 3\/4 as 20h. No Campus II do Centro Universit\u00e1rio de Adamantina.<\/strong><\/h4>\n<div><\/div>\n<div><\/div>\n<div><em><strong><img loading=\"lazy\" decoding=\"async\" class=\"alignnone size-medium wp-image-67704\" src=\"https:\/\/static.radiolifefm.com.br\/wp-content\/uploads\/sites\/2\/2023\/04\/d63aef33-7f9a-4758-8a2d-277ae0ae6d44-220x300.jpg\" alt=\"\" width=\"220\" height=\"300\" srcset=\"https:\/\/radiolifefm.com.br\/noticias\/wp-content\/uploads\/2023\/04\/d63aef33-7f9a-4758-8a2d-277ae0ae6d44-220x300.jpg 220w, https:\/\/radiolifefm.com.br\/noticias\/wp-content\/uploads\/2023\/04\/d63aef33-7f9a-4758-8a2d-277ae0ae6d44-751x1024.jpg 751w, https:\/\/radiolifefm.com.br\/noticias\/wp-content\/uploads\/2023\/04\/d63aef33-7f9a-4758-8a2d-277ae0ae6d44-768x1047.jpg 768w, https:\/\/radiolifefm.com.br\/noticias\/wp-content\/uploads\/2023\/04\/d63aef33-7f9a-4758-8a2d-277ae0ae6d44.jpg 926w\" sizes=\"auto, (max-width: 220px) 100vw, 220px\" \/><\/strong><\/em><\/div>\n<div><em><strong>Maila Alves, Jornalista, Fot\u00f3grafa e professora universit\u00e1ria do curso de Publicidade e Propaganda, e uma das idealizadoras<\/strong><\/em><strong>, disse:<\/strong><\/div>\n<div><\/div>\n<div><strong><em>\u201cO projeto Mulheres em Evid\u00eancia \u2014 A ess\u00eancia da Vida, foi desenvolvido por muitas m\u00e3os. Tive a honra de me confiarem a miss\u00e3o de conduzir este projeto durante meu per\u00edodo como docente no Centro Universit\u00e1rio de Adamantina, junto aos alunos de Publicidade e Propaganda.<\/em><\/strong><\/div>\n<div><em>Foram diversas reuni\u00f5es junto \u00e0 Prof. Dra. Liliana Nicoletti Toffoli, pr\u00f3 reitora de extens\u00e3o da FAI, a Prof. Dra. Ieda Borges, coordenadora do curso de Publicidade e Propaganda, para alinharmos o projeto e torn\u00e1-lo o mais especial poss\u00edvel para essas doze mulheres que abra\u00e7aram a ideia.<strong> A ideia do &#8216;Mulheres em Evid\u00eancia&#8217; \u00e9 colocar em protagonismo essas mulheres que representam para muito al\u00e9m da batalha, a partir do diagn\u00f3stico. \u00c9 evidenciar a pot\u00eancia, a vida e a coragem que transborda atrav\u00e9s das suas palavras, sorrisos, olhares<\/strong>. Existe muita hist\u00f3ria e muita vida em cada uma dessas imagens! Espero que elas, assim como tantas outras mulheres que podem estar passando pela mesma fase, neste momento se lembrem da for\u00e7a que existe dentro delas ao olhar para essas fotografias. <strong>Percebi, ao longo da minha carreira, que minha miss\u00e3o \u00e9 protagonizar a figura feminina, antes o fazia de forma inconsciente, hoje tenho plena consci\u00eancia que essa \u00e9 minha miss\u00e3o e fico extremamente feliz por receber tanta confian\u00e7a em meu trabalho<\/strong>. \u00a0Agrade\u00e7o \u00e0s doze mulheres que aceitaram o convite, toda a equipe da Rede que nos apoiou e ajudou a chegar \u00e0s nossas protagonistas. Gabriela, Maressa, Mariana, Lays e Gustavo, os alunos respons\u00e1veis por essas lind\u00edssimas imagens. Maria Clara Paloni, Raquel Ferrazza, Vitor Miguel da Clari\u00e1, que nos proporcionaram os looks pensados para cada uma delas, Vilma Sgobbi da Arezzo, os alunos de Est\u00e9tica, bem como seus professores e coordenadores. Gustavo Castellon, que gentilmente editou o v\u00eddeo do projeto.<\/em><\/div>\n<div><em><strong>Os agradecimentos s\u00e3o muitos, cada uma dessas pessoas tornou este projeto ainda mais especial\u201d<\/strong>.<\/em><\/div>\n","protected":false},"excerpt":{"rendered":"<p>A encantadora exposi\u00e7\u00e3o de fotos do projeto &#8220;Mulheres que inspiram, ess\u00eancia da vida&#8221; estar\u00e1 aberta para visita\u00e7\u00e3o de toda popula\u00e7\u00e3o de Adamantina e regi\u00e3o no Centro Universit\u00e1rio de Adamantina no Hall do audit\u00f3rio Miguel Reali no Campus II da universidade. Ap\u00f3s ter seu lan\u00e7amento no dia 22 de mar\u00e7o no Ip\u00ea Palace Hotel durante o [&hellip;]<\/p>\n","protected":false},"author":8,"featured_media":67703,"comment_status":"closed","ping_status":"open","sticky":false,"template":"","format":"standard","meta":{"_acf_changed":false,"_exactmetrics_skip_tracking":false,"_exactmetrics_sitenote_active":false,"_exactmetrics_sitenote_note":"","_exactmetrics_sitenote_category":0,"footnotes":""},"categories":[21],"tags":[],"class_list":["post-67709","post","type-post","status-publish","format-standard","has-post-thumbnail","hentry","category-adamantina"],"acf":[],"yoast_head":"<!-- This site is optimized with the Yoast SEO plugin v27.2 - https:\/\/yoast.com\/product\/yoast-seo-wordpress\/ -->\n<title>Para celebrar a vida, voc\u00ea \u00e9 convidado a contemplar exposi\u00e7\u00e3o de fotos. - R\u00e1dio Life FM<\/title>\n<meta name=\"robots\" content=\"index, follow, max-snippet:-1, max-image-preview:large, max-video-preview:-1\" \/>\n<link rel=\"canonical\" href=\"https:\/\/radiolifefm.com.br\/noticias\/para-celebrar-a-vida-voce-e-convidado-a-contemplar-exposicao-de-fotos\/\" \/>\n<meta property=\"og:locale\" content=\"pt_BR\" \/>\n<meta property=\"og:type\" content=\"article\" \/>\n<meta property=\"og:title\" content=\"Para celebrar a vida, voc\u00ea \u00e9 convidado a contemplar exposi\u00e7\u00e3o de fotos. - R\u00e1dio Life FM\" \/>\n<meta property=\"og:description\" content=\"A encantadora exposi\u00e7\u00e3o de fotos do projeto &#8220;Mulheres que inspiram, ess\u00eancia da vida&#8221; estar\u00e1 aberta para visita\u00e7\u00e3o de toda popula\u00e7\u00e3o de Adamantina e regi\u00e3o no Centro Universit\u00e1rio de Adamantina no Hall do audit\u00f3rio Miguel Reali no Campus II da universidade. Ap\u00f3s ter seu lan\u00e7amento no dia 22 de mar\u00e7o no Ip\u00ea Palace Hotel durante o [&hellip;]\" \/>\n<meta property=\"og:url\" content=\"https:\/\/radiolifefm.com.br\/noticias\/para-celebrar-a-vida-voce-e-convidado-a-contemplar-exposicao-de-fotos\/\" \/>\n<meta property=\"og:site_name\" content=\"R\u00e1dio Life FM\" \/>\n<meta property=\"article:publisher\" content=\"https:\/\/www.facebook.com\/radiolifefm\/\" \/>\n<meta property=\"article:published_time\" content=\"2023-04-03T13:30:46+00:00\" \/>\n<meta property=\"article:modified_time\" content=\"2026-01-27T03:39:45+00:00\" \/>\n<meta property=\"og:image\" content=\"https:\/\/radiolifefm.com.br\/noticias\/wp-content\/uploads\/2023\/04\/Design-sem-nome-6.png\" \/>\n\t<meta property=\"og:image:width\" content=\"940\" \/>\n\t<meta property=\"og:image:height\" content=\"788\" \/>\n\t<meta property=\"og:image:type\" content=\"image\/png\" \/>\n<meta name=\"author\" content=\"joaograndao\" \/>\n<meta name=\"twitter:card\" content=\"summary_large_image\" \/>\n<meta name=\"twitter:label1\" content=\"Escrito por\" \/>\n\t<meta name=\"twitter:data1\" content=\"joaograndao\" \/>\n\t<meta name=\"twitter:label2\" content=\"Est. tempo de leitura\" \/>\n\t<meta name=\"twitter:data2\" content=\"3 minutos\" \/>\n<script type=\"application\/ld+json\" class=\"yoast-schema-graph\">{\"@context\":\"https:\/\/schema.org\",\"@graph\":[{\"@type\":\"Article\",\"@id\":\"https:\/\/radiolifefm.com.br\/noticias\/para-celebrar-a-vida-voce-e-convidado-a-contemplar-exposicao-de-fotos\/#article\",\"isPartOf\":{\"@id\":\"https:\/\/radiolifefm.com.br\/noticias\/para-celebrar-a-vida-voce-e-convidado-a-contemplar-exposicao-de-fotos\/\"},\"author\":{\"name\":\"joaograndao\",\"@id\":\"https:\/\/radiolifefm.com.br\/noticias\/#\/schema\/person\/6876e1240feffe6e1b63fd5cb85abf28\"},\"headline\":\"Para celebrar a vida, voc\u00ea \u00e9 convidado a contemplar exposi\u00e7\u00e3o de fotos.\",\"datePublished\":\"2023-04-03T13:30:46+00:00\",\"dateModified\":\"2026-01-27T03:39:45+00:00\",\"mainEntityOfPage\":{\"@id\":\"https:\/\/radiolifefm.com.br\/noticias\/para-celebrar-a-vida-voce-e-convidado-a-contemplar-exposicao-de-fotos\/\"},\"wordCount\":563,\"publisher\":{\"@id\":\"https:\/\/radiolifefm.com.br\/noticias\/#organization\"},\"image\":{\"@id\":\"https:\/\/radiolifefm.com.br\/noticias\/para-celebrar-a-vida-voce-e-convidado-a-contemplar-exposicao-de-fotos\/#primaryimage\"},\"thumbnailUrl\":\"https:\/\/radiolifefm.com.br\/noticias\/wp-content\/uploads\/2023\/04\/Design-sem-nome-6.png\",\"articleSection\":[\"Adamantina\"],\"inLanguage\":\"pt-BR\"},{\"@type\":\"WebPage\",\"@id\":\"https:\/\/radiolifefm.com.br\/noticias\/para-celebrar-a-vida-voce-e-convidado-a-contemplar-exposicao-de-fotos\/\",\"url\":\"https:\/\/radiolifefm.com.br\/noticias\/para-celebrar-a-vida-voce-e-convidado-a-contemplar-exposicao-de-fotos\/\",\"name\":\"Para celebrar a vida, voc\u00ea \u00e9 convidado a contemplar exposi\u00e7\u00e3o de fotos. - R\u00e1dio Life FM\",\"isPartOf\":{\"@id\":\"https:\/\/radiolifefm.com.br\/noticias\/#website\"},\"primaryImageOfPage\":{\"@id\":\"https:\/\/radiolifefm.com.br\/noticias\/para-celebrar-a-vida-voce-e-convidado-a-contemplar-exposicao-de-fotos\/#primaryimage\"},\"image\":{\"@id\":\"https:\/\/radiolifefm.com.br\/noticias\/para-celebrar-a-vida-voce-e-convidado-a-contemplar-exposicao-de-fotos\/#primaryimage\"},\"thumbnailUrl\":\"https:\/\/radiolifefm.com.br\/noticias\/wp-content\/uploads\/2023\/04\/Design-sem-nome-6.png\",\"datePublished\":\"2023-04-03T13:30:46+00:00\",\"dateModified\":\"2026-01-27T03:39:45+00:00\",\"breadcrumb\":{\"@id\":\"https:\/\/radiolifefm.com.br\/noticias\/para-celebrar-a-vida-voce-e-convidado-a-contemplar-exposicao-de-fotos\/#breadcrumb\"},\"inLanguage\":\"pt-BR\",\"potentialAction\":[{\"@type\":\"ReadAction\",\"target\":[\"https:\/\/radiolifefm.com.br\/noticias\/para-celebrar-a-vida-voce-e-convidado-a-contemplar-exposicao-de-fotos\/\"]}]},{\"@type\":\"ImageObject\",\"inLanguage\":\"pt-BR\",\"@id\":\"https:\/\/radiolifefm.com.br\/noticias\/para-celebrar-a-vida-voce-e-convidado-a-contemplar-exposicao-de-fotos\/#primaryimage\",\"url\":\"https:\/\/radiolifefm.com.br\/noticias\/wp-content\/uploads\/2023\/04\/Design-sem-nome-6.png\",\"contentUrl\":\"https:\/\/radiolifefm.com.br\/noticias\/wp-content\/uploads\/2023\/04\/Design-sem-nome-6.png\",\"width\":940,\"height\":788},{\"@type\":\"BreadcrumbList\",\"@id\":\"https:\/\/radiolifefm.com.br\/noticias\/para-celebrar-a-vida-voce-e-convidado-a-contemplar-exposicao-de-fotos\/#breadcrumb\",\"itemListElement\":[{\"@type\":\"ListItem\",\"position\":1,\"name\":\"In\u00edcio\",\"item\":\"https:\/\/radiolifefm.com.br\/noticias\/\"},{\"@type\":\"ListItem\",\"position\":2,\"name\":\"Para celebrar a vida, voc\u00ea \u00e9 convidado a contemplar exposi\u00e7\u00e3o de fotos.\"}]},{\"@type\":\"WebSite\",\"@id\":\"https:\/\/radiolifefm.com.br\/noticias\/#website\",\"url\":\"https:\/\/radiolifefm.com.br\/noticias\/\",\"name\":\"R\u00e1dio Life FM\",\"description\":\"O Portal de Not\u00edcias de Adamantina\",\"publisher\":{\"@id\":\"https:\/\/radiolifefm.com.br\/noticias\/#organization\"},\"alternateName\":\"Life FM\",\"potentialAction\":[{\"@type\":\"SearchAction\",\"target\":{\"@type\":\"EntryPoint\",\"urlTemplate\":\"https:\/\/radiolifefm.com.br\/noticias\/?s={search_term_string}\"},\"query-input\":{\"@type\":\"PropertyValueSpecification\",\"valueRequired\":true,\"valueName\":\"search_term_string\"}}],\"inLanguage\":\"pt-BR\"},{\"@type\":\"Organization\",\"@id\":\"https:\/\/radiolifefm.com.br\/noticias\/#organization\",\"name\":\"R\u00e1dio Life FM\",\"alternateName\":\"Life FM\",\"url\":\"https:\/\/radiolifefm.com.br\/noticias\/\",\"logo\":{\"@type\":\"ImageObject\",\"inLanguage\":\"pt-BR\",\"@id\":\"https:\/\/radiolifefm.com.br\/noticias\/#\/schema\/logo\/image\/\",\"url\":\"https:\/\/static.radiolifefm.com.br\/noticias\/wp-content\/uploads\/2019\/10\/logo-lifefm.png\",\"contentUrl\":\"https:\/\/static.radiolifefm.com.br\/noticias\/wp-content\/uploads\/2019\/10\/logo-lifefm.png\",\"width\":196,\"height\":47,\"caption\":\"R\u00e1dio Life FM\"},\"image\":{\"@id\":\"https:\/\/radiolifefm.com.br\/noticias\/#\/schema\/logo\/image\/\"},\"sameAs\":[\"https:\/\/www.facebook.com\/radiolifefm\/\",\"https:\/\/www.instagram.com\/life1079fm\/\"]},{\"@type\":\"Person\",\"@id\":\"https:\/\/radiolifefm.com.br\/noticias\/#\/schema\/person\/6876e1240feffe6e1b63fd5cb85abf28\",\"name\":\"joaograndao\",\"image\":{\"@type\":\"ImageObject\",\"inLanguage\":\"pt-BR\",\"@id\":\"https:\/\/secure.gravatar.com\/avatar\/d5b1a3cf357ed9c50404e256a1294083aa8ab5d2a994001567302786016cb32c?s=96&d=mm&r=g\",\"url\":\"https:\/\/secure.gravatar.com\/avatar\/d5b1a3cf357ed9c50404e256a1294083aa8ab5d2a994001567302786016cb32c?s=96&d=mm&r=g\",\"contentUrl\":\"https:\/\/secure.gravatar.com\/avatar\/d5b1a3cf357ed9c50404e256a1294083aa8ab5d2a994001567302786016cb32c?s=96&d=mm&r=g\",\"caption\":\"joaograndao\"}}]}<\/script>\n<!-- \/ Yoast SEO plugin. -->","yoast_head_json":{"title":"Para celebrar a vida, voc\u00ea \u00e9 convidado a contemplar exposi\u00e7\u00e3o de fotos. - R\u00e1dio Life FM","robots":{"index":"index","follow":"follow","max-snippet":"max-snippet:-1","max-image-preview":"max-image-preview:large","max-video-preview":"max-video-preview:-1"},"canonical":"https:\/\/radiolifefm.com.br\/noticias\/para-celebrar-a-vida-voce-e-convidado-a-contemplar-exposicao-de-fotos\/","og_locale":"pt_BR","og_type":"article","og_title":"Para celebrar a vida, voc\u00ea \u00e9 convidado a contemplar exposi\u00e7\u00e3o de fotos. - R\u00e1dio Life FM","og_description":"A encantadora exposi\u00e7\u00e3o de fotos do projeto &#8220;Mulheres que inspiram, ess\u00eancia da vida&#8221; estar\u00e1 aberta para visita\u00e7\u00e3o de toda popula\u00e7\u00e3o de Adamantina e regi\u00e3o no Centro Universit\u00e1rio de Adamantina no Hall do audit\u00f3rio Miguel Reali no Campus II da universidade. Ap\u00f3s ter seu lan\u00e7amento no dia 22 de mar\u00e7o no Ip\u00ea Palace Hotel durante o [&hellip;]","og_url":"https:\/\/radiolifefm.com.br\/noticias\/para-celebrar-a-vida-voce-e-convidado-a-contemplar-exposicao-de-fotos\/","og_site_name":"R\u00e1dio Life FM","article_publisher":"https:\/\/www.facebook.com\/radiolifefm\/","article_published_time":"2023-04-03T13:30:46+00:00","article_modified_time":"2026-01-27T03:39:45+00:00","og_image":[{"width":940,"height":788,"url":"https:\/\/radiolifefm.com.br\/noticias\/wp-content\/uploads\/2023\/04\/Design-sem-nome-6.png","type":"image\/png"}],"author":"joaograndao","twitter_card":"summary_large_image","twitter_misc":{"Escrito por":"joaograndao","Est. tempo de leitura":"3 minutos"},"schema":{"@context":"https:\/\/schema.org","@graph":[{"@type":"Article","@id":"https:\/\/radiolifefm.com.br\/noticias\/para-celebrar-a-vida-voce-e-convidado-a-contemplar-exposicao-de-fotos\/#article","isPartOf":{"@id":"https:\/\/radiolifefm.com.br\/noticias\/para-celebrar-a-vida-voce-e-convidado-a-contemplar-exposicao-de-fotos\/"},"author":{"name":"joaograndao","@id":"https:\/\/radiolifefm.com.br\/noticias\/#\/schema\/person\/6876e1240feffe6e1b63fd5cb85abf28"},"headline":"Para celebrar a vida, voc\u00ea \u00e9 convidado a contemplar exposi\u00e7\u00e3o de fotos.","datePublished":"2023-04-03T13:30:46+00:00","dateModified":"2026-01-27T03:39:45+00:00","mainEntityOfPage":{"@id":"https:\/\/radiolifefm.com.br\/noticias\/para-celebrar-a-vida-voce-e-convidado-a-contemplar-exposicao-de-fotos\/"},"wordCount":563,"publisher":{"@id":"https:\/\/radiolifefm.com.br\/noticias\/#organization"},"image":{"@id":"https:\/\/radiolifefm.com.br\/noticias\/para-celebrar-a-vida-voce-e-convidado-a-contemplar-exposicao-de-fotos\/#primaryimage"},"thumbnailUrl":"https:\/\/radiolifefm.com.br\/noticias\/wp-content\/uploads\/2023\/04\/Design-sem-nome-6.png","articleSection":["Adamantina"],"inLanguage":"pt-BR"},{"@type":"WebPage","@id":"https:\/\/radiolifefm.com.br\/noticias\/para-celebrar-a-vida-voce-e-convidado-a-contemplar-exposicao-de-fotos\/","url":"https:\/\/radiolifefm.com.br\/noticias\/para-celebrar-a-vida-voce-e-convidado-a-contemplar-exposicao-de-fotos\/","name":"Para celebrar a vida, voc\u00ea \u00e9 convidado a contemplar exposi\u00e7\u00e3o de fotos. - R\u00e1dio Life FM","isPartOf":{"@id":"https:\/\/radiolifefm.com.br\/noticias\/#website"},"primaryImageOfPage":{"@id":"https:\/\/radiolifefm.com.br\/noticias\/para-celebrar-a-vida-voce-e-convidado-a-contemplar-exposicao-de-fotos\/#primaryimage"},"image":{"@id":"https:\/\/radiolifefm.com.br\/noticias\/para-celebrar-a-vida-voce-e-convidado-a-contemplar-exposicao-de-fotos\/#primaryimage"},"thumbnailUrl":"https:\/\/radiolifefm.com.br\/noticias\/wp-content\/uploads\/2023\/04\/Design-sem-nome-6.png","datePublished":"2023-04-03T13:30:46+00:00","dateModified":"2026-01-27T03:39:45+00:00","breadcrumb":{"@id":"https:\/\/radiolifefm.com.br\/noticias\/para-celebrar-a-vida-voce-e-convidado-a-contemplar-exposicao-de-fotos\/#breadcrumb"},"inLanguage":"pt-BR","potentialAction":[{"@type":"ReadAction","target":["https:\/\/radiolifefm.com.br\/noticias\/para-celebrar-a-vida-voce-e-convidado-a-contemplar-exposicao-de-fotos\/"]}]},{"@type":"ImageObject","inLanguage":"pt-BR","@id":"https:\/\/radiolifefm.com.br\/noticias\/para-celebrar-a-vida-voce-e-convidado-a-contemplar-exposicao-de-fotos\/#primaryimage","url":"https:\/\/radiolifefm.com.br\/noticias\/wp-content\/uploads\/2023\/04\/Design-sem-nome-6.png","contentUrl":"https:\/\/radiolifefm.com.br\/noticias\/wp-content\/uploads\/2023\/04\/Design-sem-nome-6.png","width":940,"height":788},{"@type":"BreadcrumbList","@id":"https:\/\/radiolifefm.com.br\/noticias\/para-celebrar-a-vida-voce-e-convidado-a-contemplar-exposicao-de-fotos\/#breadcrumb","itemListElement":[{"@type":"ListItem","position":1,"name":"In\u00edcio","item":"https:\/\/radiolifefm.com.br\/noticias\/"},{"@type":"ListItem","position":2,"name":"Para celebrar a vida, voc\u00ea \u00e9 convidado a contemplar exposi\u00e7\u00e3o de fotos."}]},{"@type":"WebSite","@id":"https:\/\/radiolifefm.com.br\/noticias\/#website","url":"https:\/\/radiolifefm.com.br\/noticias\/","name":"R\u00e1dio Life FM","description":"O Portal de Not\u00edcias de Adamantina","publisher":{"@id":"https:\/\/radiolifefm.com.br\/noticias\/#organization"},"alternateName":"Life FM","potentialAction":[{"@type":"SearchAction","target":{"@type":"EntryPoint","urlTemplate":"https:\/\/radiolifefm.com.br\/noticias\/?s={search_term_string}"},"query-input":{"@type":"PropertyValueSpecification","valueRequired":true,"valueName":"search_term_string"}}],"inLanguage":"pt-BR"},{"@type":"Organization","@id":"https:\/\/radiolifefm.com.br\/noticias\/#organization","name":"R\u00e1dio Life FM","alternateName":"Life FM","url":"https:\/\/radiolifefm.com.br\/noticias\/","logo":{"@type":"ImageObject","inLanguage":"pt-BR","@id":"https:\/\/radiolifefm.com.br\/noticias\/#\/schema\/logo\/image\/","url":"https:\/\/static.radiolifefm.com.br\/noticias\/wp-content\/uploads\/2019\/10\/logo-lifefm.png","contentUrl":"https:\/\/static.radiolifefm.com.br\/noticias\/wp-content\/uploads\/2019\/10\/logo-lifefm.png","width":196,"height":47,"caption":"R\u00e1dio Life FM"},"image":{"@id":"https:\/\/radiolifefm.com.br\/noticias\/#\/schema\/logo\/image\/"},"sameAs":["https:\/\/www.facebook.com\/radiolifefm\/","https:\/\/www.instagram.com\/life1079fm\/"]},{"@type":"Person","@id":"https:\/\/radiolifefm.com.br\/noticias\/#\/schema\/person\/6876e1240feffe6e1b63fd5cb85abf28","name":"joaograndao","image":{"@type":"ImageObject","inLanguage":"pt-BR","@id":"https:\/\/secure.gravatar.com\/avatar\/d5b1a3cf357ed9c50404e256a1294083aa8ab5d2a994001567302786016cb32c?s=96&d=mm&r=g","url":"https:\/\/secure.gravatar.com\/avatar\/d5b1a3cf357ed9c50404e256a1294083aa8ab5d2a994001567302786016cb32c?s=96&d=mm&r=g","contentUrl":"https:\/\/secure.gravatar.com\/avatar\/d5b1a3cf357ed9c50404e256a1294083aa8ab5d2a994001567302786016cb32c?s=96&d=mm&r=g","caption":"joaograndao"}}]}},"amp_enabled":true,"_links":{"self":[{"href":"https:\/\/radiolifefm.com.br\/noticias\/wp-json\/wp\/v2\/posts\/67709","targetHints":{"allow":["GET"]}}],"collection":[{"href":"https:\/\/radiolifefm.com.br\/noticias\/wp-json\/wp\/v2\/posts"}],"about":[{"href":"https:\/\/radiolifefm.com.br\/noticias\/wp-json\/wp\/v2\/types\/post"}],"author":[{"embeddable":true,"href":"https:\/\/radiolifefm.com.br\/noticias\/wp-json\/wp\/v2\/users\/8"}],"replies":[{"embeddable":true,"href":"https:\/\/radiolifefm.com.br\/noticias\/wp-json\/wp\/v2\/comments?post=67709"}],"version-history":[{"count":4,"href":"https:\/\/radiolifefm.com.br\/noticias\/wp-json\/wp\/v2\/posts\/67709\/revisions"}],"predecessor-version":[{"id":67718,"href":"https:\/\/radiolifefm.com.br\/noticias\/wp-json\/wp\/v2\/posts\/67709\/revisions\/67718"}],"wp:featuredmedia":[{"embeddable":true,"href":"https:\/\/radiolifefm.com.br\/noticias\/wp-json\/wp\/v2\/media\/67703"}],"wp:attachment":[{"href":"https:\/\/radiolifefm.com.br\/noticias\/wp-json\/wp\/v2\/media?parent=67709"}],"wp:term":[{"taxonomy":"category","embeddable":true,"href":"https:\/\/radiolifefm.com.br\/noticias\/wp-json\/wp\/v2\/categories?post=67709"},{"taxonomy":"post_tag","embeddable":true,"href":"https:\/\/radiolifefm.com.br\/noticias\/wp-json\/wp\/v2\/tags?post=67709"}],"curies":[{"name":"wp","href":"https:\/\/api.w.org\/{rel}","templated":true}]}}