{"id":67696,"date":"2023-04-03T07:59:51","date_gmt":"2023-04-03T10:59:51","guid":{"rendered":"https:\/\/radiolifefm.com.br\/noticias\/?p=67696"},"modified":"2025-12-03T00:15:19","modified_gmt":"2025-12-03T03:15:19","slug":"a-provincia-do-faz-de-conta-em-tempo-de-direita-volver","status":"publish","type":"post","link":"https:\/\/radiolifefm.com.br\/noticias\/a-provincia-do-faz-de-conta-em-tempo-de-direita-volver\/","title":{"rendered":"A PROV\u00cdNCIA DO FAZ DE CONTA em tempo de DIREITA VOLVER&#8230;"},"content":{"rendered":"<div id=\"fb-root\"><\/div>\n<p><strong><em>\u00a0\u201c\u00c9 \u2018de esquerda\u2019 ser a favor do aborto e contra a pena de morte, enquanto direitistas defendem o direito do feto \u00e0 vida, porque \u00e9 sagrada, e o direito do Estado de mat\u00e1-lo se ele der errado.\u201d (<a href=\"https:\/\/www.pensador.com\/autor\/luis_fernando_verissimo\/\">Luis Fernando Verissimo<\/a>)<\/em><\/strong><\/p>\n<p>&nbsp;<\/p>\n<p><strong>S\u00e9rgio Barbosa (*)<\/strong><\/p>\n<p>\u00c9 impressionante como existem GRUPOS e outros que se colocam acima do BEM e do MAL, se bem que poderia ser do lado BOM ou do lado MAU nesta PROV\u00cdNCIA DO FAZ DE CONTA&#8230;<\/p>\n<p>Isso sem deixar de lado as IDAS e VINDAS dos\/as POLIQUEIROS\/AS de sempre quanto as TROCAS PARTID\u00c1RIAS, quase sempre, para fins um tanto quanto ESCUSOS e assim por diante&#8230;<\/p>\n<p>Mas, voltando ao lado que est\u00e1 a sua DIREITA, se bem que essa turma, com certeza n\u00e3o sabe ao menos qual o SIGNIFICADO disto e muito mais aquilo, ou seja, s\u00e3o MENTES MED\u00cdOCRES que circulam como os\/as eternos\/as PATRIOT\u00c1RIOS\/AS PROVINCIANOS&#8230;<\/p>\n<p>Por\u00e9m, sempre que mais do que interessante, tentar apresentar para essa TURMA DE ALOPRADOS\/AS qual o significado desta ou daquela PALAVRA, todavia, entendo que tais explica\u00e7\u00f5es ser\u00e3o entendidas como P\u00c9ROLAS PORCOLINAS&#8230;<\/p>\n<p>Entretanto, ainda, nas \u00faltimas elei\u00e7\u00f5es, tais MENTES MED\u00cdOCRES estivem do lado do GENOCIDA com seus votos e apoio, haja vista os N\u00daMEROS, isso \u00e9, nas esferas ESTADUAL e FEDERAL&#8230;<\/p>\n<p>Mas, tudo indica que o tal GRUPO, at\u00e9 onde estou sabendo aqui e ali, RACHOU com aquela outra turma da DIREITA, portanto, CADA LOUCO\/A COM SUA MANIA&#8230;<\/p>\n<p>O que se pode esperar de uma PROV\u00cdNCIA perdida do outro lado do estado, basta olhar para o PASSADO e buscar as RESPOSTAS para o CEN\u00c1RIO atual, assim, afirmou o pensador do outro tempo, a saber: CAMINHA A HUMANIDADE&#8230;<\/p>\n<p>Se bem que essa turma da DIREITA, com certeza, nem imagina o que diz isto ou aquilo desta coisa com outra coisa (sic), tendo em vista que s\u00e3o movidos e direcionados pela DESINFORMA\u00c7\u00c3O sobre tudo e todos\/as&#8230;<\/p>\n<p>\u00c8 mais ou menos, ou seja para bem MENOS, que tais PATRIOT\u00c1RIOS\/AS PROVINCIANOS\/AS desconhecem os FATOS HIST\u00d3RICOS sobre este PA\u00cdS DO FAZ DE CONTA desde a INVAS\u00c3O em 1.500 com a CRUZ na frente e a ESPADA atr\u00e1s, bem como, 1.822 com a pseudo INDEPEND\u00caNCIA, ainda, 1.888 com aquela ENGANA\u00c7\u00c3O pra \u201cingl\u00eas ver\u201d, bem como, 1.889 com outra ENGANA\u00c7\u00c3O que ocorreu com a PROCLAMA\u00c7\u00c3O da REP\u00daBLICA DO FAZ DE CONTA&#8230;<\/p>\n<p>Ah! N\u00e3o se pode esquecer outros FATOS mediados pelos FACT\u00d3IDES de sempre da denominada HIST\u00d3RIA OFICIAL, tendo em vista que neste dia 31 de mar\u00e7o, essa TURMA DA DIREITA comemora uma REVOLU\u00c7\u00c3O (sic) e o outro lado, baseado em FATOS HIST\u00d3RICOS, mais um dos muitos GOLPES que este PA\u00cdS DO FAZ DE CONTA teve e continua sempre na BOCA DE ESPERA para outros desencontros com os\/as ALOPRADOS\/AS da tal DIREITA sem deixar o lado ESQUERO muito perto para n\u00e3o estar longe disto e muito menos daquilo&#8230;<\/p>\n<p>Tal qual afirmou o PENSADOR PROVINCIANOS naquele outro tempo do tempo, ou seja, \u201cvoc\u00ea mede a IGONOR\u00c2NCIA de uma cidade pelo tamanho da torre da Igreja local&#8230;\u201d<\/p>\n<p>Tamb\u00e9m, aquela outra frase que afirma: SER OU N\u00c3O SER, EIS A QUEST\u00c3O?<\/p>\n<p>De que adianta tais REFLEX\u00d5ES, tendo em vista que os\/as ALOPRADOS PROVINCIANOS\/AS continuam como ADORADORES\/AS do tal MITO DE ARAQUE, ainda, o GENOCIDA&#8230; o FUJ\u00c3O&#8230;<\/p>\n<p>Pra finalizar o que n\u00e3o pode ser finalizado, ainda mais quando se trata desta PROV\u00cdNCIA DO FAZ DE CONTA, tudo pode acontecer neste cen\u00e1rio local, isso \u00e9, at\u00e9 mesmo o IMPOSS\u00cdVEL sem levar em conta o POSS\u00cdVEL&#8230;<\/p>\n<p>Nada melhor do que o TEMPO do TEMPO para mostrar que DIREITA VOLVER pode ser um PASSO DE GANSO, ainda,\u00a0 daqueles\/as que continuam esperando ouvir sempre a frase: PERDERAM MAN\u00c9S!<\/p>\n<p>Aproveitando a data em pauta, 31 de mar\u00e7o, recomendo que essa turma de PATRIOT\u00c1RIOS\/AS PROVINCIANOS\/AS busquem os fatos hist\u00f3ricos nos LIVROS, REVISTAS e outras publica\u00e7\u00f5es, talvez, aconte\u00e7a alguma VIRADA para um outro lado&#8230;<\/p>\n<p>QUEM SOBREVIVER VAI SABER!<\/p>\n<p><strong><em>___________________________<\/em><\/strong><\/p>\n<p><strong><em>(*) jornalista diplomado.<\/em><\/strong><\/p>\n<p><strong><em>e-mail: <\/em><\/strong><a href=\"mailto:barbosa.sebar@gmail.com\"><strong><em>barbosa.sebar@gmail.com<\/em><\/strong><\/a><\/p>\n","protected":false},"excerpt":{"rendered":"<p>\u00a0\u201c\u00c9 \u2018de esquerda\u2019 ser a favor do aborto e contra a pena de morte, enquanto direitistas defendem o direito do feto \u00e0 vida, porque \u00e9 sagrada, e o direito do Estado de mat\u00e1-lo se ele der errado.\u201d (Luis Fernando Verissimo) &nbsp; S\u00e9rgio Barbosa (*) \u00c9 impressionante como existem GRUPOS e outros que se colocam acima [&hellip;]<\/p>\n","protected":false},"author":13,"featured_media":51988,"comment_status":"closed","ping_status":"open","sticky":false,"template":"","format":"standard","meta":{"_acf_changed":false,"_exactmetrics_skip_tracking":false,"_exactmetrics_sitenote_active":false,"_exactmetrics_sitenote_note":"","_exactmetrics_sitenote_category":0,"footnotes":""},"categories":[59],"tags":[],"class_list":["post-67696","post","type-post","status-publish","format-standard","has-post-thumbnail","hentry","category-opiniao"],"acf":[],"yoast_head":"<!-- This site is optimized with the Yoast SEO plugin v27.2 - https:\/\/yoast.com\/product\/yoast-seo-wordpress\/ -->\n<title>A PROV\u00cdNCIA DO FAZ DE CONTA em tempo de DIREITA VOLVER... - R\u00e1dio Life FM<\/title>\n<meta name=\"robots\" content=\"index, follow, max-snippet:-1, max-image-preview:large, max-video-preview:-1\" \/>\n<link rel=\"canonical\" href=\"https:\/\/radiolifefm.com.br\/noticias\/a-provincia-do-faz-de-conta-em-tempo-de-direita-volver\/\" \/>\n<meta property=\"og:locale\" content=\"pt_BR\" \/>\n<meta property=\"og:type\" content=\"article\" \/>\n<meta property=\"og:title\" content=\"A PROV\u00cdNCIA DO FAZ DE CONTA em tempo de DIREITA VOLVER... - R\u00e1dio Life FM\" \/>\n<meta property=\"og:description\" content=\"\u00a0\u201c\u00c9 \u2018de esquerda\u2019 ser a favor do aborto e contra a pena de morte, enquanto direitistas defendem o direito do feto \u00e0 vida, porque \u00e9 sagrada, e o direito do Estado de mat\u00e1-lo se ele der errado.\u201d (Luis Fernando Verissimo) &nbsp; S\u00e9rgio Barbosa (*) \u00c9 impressionante como existem GRUPOS e outros que se colocam acima [&hellip;]\" \/>\n<meta property=\"og:url\" content=\"https:\/\/radiolifefm.com.br\/noticias\/a-provincia-do-faz-de-conta-em-tempo-de-direita-volver\/\" \/>\n<meta property=\"og:site_name\" content=\"R\u00e1dio Life FM\" \/>\n<meta property=\"article:publisher\" content=\"https:\/\/www.facebook.com\/radiolifefm\/\" \/>\n<meta property=\"article:published_time\" content=\"2023-04-03T10:59:51+00:00\" \/>\n<meta property=\"article:modified_time\" content=\"2025-12-03T03:15:19+00:00\" \/>\n<meta property=\"og:image\" content=\"https:\/\/radiolifefm.com.br\/noticias\/wp-content\/uploads\/2022\/04\/WhatsApp-Image-2022-04-10-at-18.43.02.jpeg\" \/>\n\t<meta property=\"og:image:width\" content=\"972\" \/>\n\t<meta property=\"og:image:height\" content=\"1296\" \/>\n\t<meta property=\"og:image:type\" content=\"image\/jpeg\" \/>\n<meta name=\"author\" content=\"ritanery\" \/>\n<meta name=\"twitter:card\" content=\"summary_large_image\" \/>\n<meta name=\"twitter:label1\" content=\"Escrito por\" \/>\n\t<meta name=\"twitter:data1\" content=\"ritanery\" \/>\n\t<meta name=\"twitter:label2\" content=\"Est. tempo de leitura\" \/>\n\t<meta name=\"twitter:data2\" content=\"4 minutos\" \/>\n<script type=\"application\/ld+json\" class=\"yoast-schema-graph\">{\"@context\":\"https:\/\/schema.org\",\"@graph\":[{\"@type\":\"Article\",\"@id\":\"https:\/\/radiolifefm.com.br\/noticias\/a-provincia-do-faz-de-conta-em-tempo-de-direita-volver\/#article\",\"isPartOf\":{\"@id\":\"https:\/\/radiolifefm.com.br\/noticias\/a-provincia-do-faz-de-conta-em-tempo-de-direita-volver\/\"},\"author\":{\"name\":\"ritanery\",\"@id\":\"https:\/\/radiolifefm.com.br\/noticias\/#\/schema\/person\/6339b9fac59d12b071dec680d7375d87\"},\"headline\":\"A PROV\u00cdNCIA DO FAZ DE CONTA em tempo de DIREITA VOLVER&#8230;\",\"datePublished\":\"2023-04-03T10:59:51+00:00\",\"dateModified\":\"2025-12-03T03:15:19+00:00\",\"mainEntityOfPage\":{\"@id\":\"https:\/\/radiolifefm.com.br\/noticias\/a-provincia-do-faz-de-conta-em-tempo-de-direita-volver\/\"},\"wordCount\":713,\"publisher\":{\"@id\":\"https:\/\/radiolifefm.com.br\/noticias\/#organization\"},\"image\":{\"@id\":\"https:\/\/radiolifefm.com.br\/noticias\/a-provincia-do-faz-de-conta-em-tempo-de-direita-volver\/#primaryimage\"},\"thumbnailUrl\":\"https:\/\/radiolifefm.com.br\/noticias\/wp-content\/uploads\/2022\/04\/WhatsApp-Image-2022-04-10-at-18.43.02.jpeg\",\"articleSection\":[\"Opini\u00e3o\"],\"inLanguage\":\"pt-BR\"},{\"@type\":\"WebPage\",\"@id\":\"https:\/\/radiolifefm.com.br\/noticias\/a-provincia-do-faz-de-conta-em-tempo-de-direita-volver\/\",\"url\":\"https:\/\/radiolifefm.com.br\/noticias\/a-provincia-do-faz-de-conta-em-tempo-de-direita-volver\/\",\"name\":\"A PROV\u00cdNCIA DO FAZ DE CONTA em tempo de DIREITA VOLVER... - R\u00e1dio Life FM\",\"isPartOf\":{\"@id\":\"https:\/\/radiolifefm.com.br\/noticias\/#website\"},\"primaryImageOfPage\":{\"@id\":\"https:\/\/radiolifefm.com.br\/noticias\/a-provincia-do-faz-de-conta-em-tempo-de-direita-volver\/#primaryimage\"},\"image\":{\"@id\":\"https:\/\/radiolifefm.com.br\/noticias\/a-provincia-do-faz-de-conta-em-tempo-de-direita-volver\/#primaryimage\"},\"thumbnailUrl\":\"https:\/\/radiolifefm.com.br\/noticias\/wp-content\/uploads\/2022\/04\/WhatsApp-Image-2022-04-10-at-18.43.02.jpeg\",\"datePublished\":\"2023-04-03T10:59:51+00:00\",\"dateModified\":\"2025-12-03T03:15:19+00:00\",\"breadcrumb\":{\"@id\":\"https:\/\/radiolifefm.com.br\/noticias\/a-provincia-do-faz-de-conta-em-tempo-de-direita-volver\/#breadcrumb\"},\"inLanguage\":\"pt-BR\",\"potentialAction\":[{\"@type\":\"ReadAction\",\"target\":[\"https:\/\/radiolifefm.com.br\/noticias\/a-provincia-do-faz-de-conta-em-tempo-de-direita-volver\/\"]}]},{\"@type\":\"ImageObject\",\"inLanguage\":\"pt-BR\",\"@id\":\"https:\/\/radiolifefm.com.br\/noticias\/a-provincia-do-faz-de-conta-em-tempo-de-direita-volver\/#primaryimage\",\"url\":\"https:\/\/radiolifefm.com.br\/noticias\/wp-content\/uploads\/2022\/04\/WhatsApp-Image-2022-04-10-at-18.43.02.jpeg\",\"contentUrl\":\"https:\/\/radiolifefm.com.br\/noticias\/wp-content\/uploads\/2022\/04\/WhatsApp-Image-2022-04-10-at-18.43.02.jpeg\",\"width\":972,\"height\":1296,\"caption\":\"S\u00e9rgio Barbosa\"},{\"@type\":\"BreadcrumbList\",\"@id\":\"https:\/\/radiolifefm.com.br\/noticias\/a-provincia-do-faz-de-conta-em-tempo-de-direita-volver\/#breadcrumb\",\"itemListElement\":[{\"@type\":\"ListItem\",\"position\":1,\"name\":\"In\u00edcio\",\"item\":\"https:\/\/radiolifefm.com.br\/noticias\/\"},{\"@type\":\"ListItem\",\"position\":2,\"name\":\"A PROV\u00cdNCIA DO FAZ DE CONTA em tempo de DIREITA VOLVER&#8230;\"}]},{\"@type\":\"WebSite\",\"@id\":\"https:\/\/radiolifefm.com.br\/noticias\/#website\",\"url\":\"https:\/\/radiolifefm.com.br\/noticias\/\",\"name\":\"R\u00e1dio Life FM\",\"description\":\"O Portal de Not\u00edcias de Adamantina\",\"publisher\":{\"@id\":\"https:\/\/radiolifefm.com.br\/noticias\/#organization\"},\"alternateName\":\"Life FM\",\"potentialAction\":[{\"@type\":\"SearchAction\",\"target\":{\"@type\":\"EntryPoint\",\"urlTemplate\":\"https:\/\/radiolifefm.com.br\/noticias\/?s={search_term_string}\"},\"query-input\":{\"@type\":\"PropertyValueSpecification\",\"valueRequired\":true,\"valueName\":\"search_term_string\"}}],\"inLanguage\":\"pt-BR\"},{\"@type\":\"Organization\",\"@id\":\"https:\/\/radiolifefm.com.br\/noticias\/#organization\",\"name\":\"R\u00e1dio Life FM\",\"alternateName\":\"Life FM\",\"url\":\"https:\/\/radiolifefm.com.br\/noticias\/\",\"logo\":{\"@type\":\"ImageObject\",\"inLanguage\":\"pt-BR\",\"@id\":\"https:\/\/radiolifefm.com.br\/noticias\/#\/schema\/logo\/image\/\",\"url\":\"https:\/\/static.radiolifefm.com.br\/noticias\/wp-content\/uploads\/2019\/10\/logo-lifefm.png\",\"contentUrl\":\"https:\/\/static.radiolifefm.com.br\/noticias\/wp-content\/uploads\/2019\/10\/logo-lifefm.png\",\"width\":196,\"height\":47,\"caption\":\"R\u00e1dio Life FM\"},\"image\":{\"@id\":\"https:\/\/radiolifefm.com.br\/noticias\/#\/schema\/logo\/image\/\"},\"sameAs\":[\"https:\/\/www.facebook.com\/radiolifefm\/\",\"https:\/\/www.instagram.com\/life1079fm\/\"]},{\"@type\":\"Person\",\"@id\":\"https:\/\/radiolifefm.com.br\/noticias\/#\/schema\/person\/6339b9fac59d12b071dec680d7375d87\",\"name\":\"ritanery\",\"image\":{\"@type\":\"ImageObject\",\"inLanguage\":\"pt-BR\",\"@id\":\"https:\/\/secure.gravatar.com\/avatar\/0e37bb19071f47c0b8a23f62a903df117c5a0e75f65a0c2901562f97cd41cf86?s=96&d=mm&r=g\",\"url\":\"https:\/\/secure.gravatar.com\/avatar\/0e37bb19071f47c0b8a23f62a903df117c5a0e75f65a0c2901562f97cd41cf86?s=96&d=mm&r=g\",\"contentUrl\":\"https:\/\/secure.gravatar.com\/avatar\/0e37bb19071f47c0b8a23f62a903df117c5a0e75f65a0c2901562f97cd41cf86?s=96&d=mm&r=g\",\"caption\":\"ritanery\"}}]}<\/script>\n<!-- \/ Yoast SEO plugin. -->","yoast_head_json":{"title":"A PROV\u00cdNCIA DO FAZ DE CONTA em tempo de DIREITA VOLVER... - R\u00e1dio Life FM","robots":{"index":"index","follow":"follow","max-snippet":"max-snippet:-1","max-image-preview":"max-image-preview:large","max-video-preview":"max-video-preview:-1"},"canonical":"https:\/\/radiolifefm.com.br\/noticias\/a-provincia-do-faz-de-conta-em-tempo-de-direita-volver\/","og_locale":"pt_BR","og_type":"article","og_title":"A PROV\u00cdNCIA DO FAZ DE CONTA em tempo de DIREITA VOLVER... - R\u00e1dio Life FM","og_description":"\u00a0\u201c\u00c9 \u2018de esquerda\u2019 ser a favor do aborto e contra a pena de morte, enquanto direitistas defendem o direito do feto \u00e0 vida, porque \u00e9 sagrada, e o direito do Estado de mat\u00e1-lo se ele der errado.\u201d (Luis Fernando Verissimo) &nbsp; S\u00e9rgio Barbosa (*) \u00c9 impressionante como existem GRUPOS e outros que se colocam acima [&hellip;]","og_url":"https:\/\/radiolifefm.com.br\/noticias\/a-provincia-do-faz-de-conta-em-tempo-de-direita-volver\/","og_site_name":"R\u00e1dio Life FM","article_publisher":"https:\/\/www.facebook.com\/radiolifefm\/","article_published_time":"2023-04-03T10:59:51+00:00","article_modified_time":"2025-12-03T03:15:19+00:00","og_image":[{"width":972,"height":1296,"url":"https:\/\/radiolifefm.com.br\/noticias\/wp-content\/uploads\/2022\/04\/WhatsApp-Image-2022-04-10-at-18.43.02.jpeg","type":"image\/jpeg"}],"author":"ritanery","twitter_card":"summary_large_image","twitter_misc":{"Escrito por":"ritanery","Est. tempo de leitura":"4 minutos"},"schema":{"@context":"https:\/\/schema.org","@graph":[{"@type":"Article","@id":"https:\/\/radiolifefm.com.br\/noticias\/a-provincia-do-faz-de-conta-em-tempo-de-direita-volver\/#article","isPartOf":{"@id":"https:\/\/radiolifefm.com.br\/noticias\/a-provincia-do-faz-de-conta-em-tempo-de-direita-volver\/"},"author":{"name":"ritanery","@id":"https:\/\/radiolifefm.com.br\/noticias\/#\/schema\/person\/6339b9fac59d12b071dec680d7375d87"},"headline":"A PROV\u00cdNCIA DO FAZ DE CONTA em tempo de DIREITA VOLVER&#8230;","datePublished":"2023-04-03T10:59:51+00:00","dateModified":"2025-12-03T03:15:19+00:00","mainEntityOfPage":{"@id":"https:\/\/radiolifefm.com.br\/noticias\/a-provincia-do-faz-de-conta-em-tempo-de-direita-volver\/"},"wordCount":713,"publisher":{"@id":"https:\/\/radiolifefm.com.br\/noticias\/#organization"},"image":{"@id":"https:\/\/radiolifefm.com.br\/noticias\/a-provincia-do-faz-de-conta-em-tempo-de-direita-volver\/#primaryimage"},"thumbnailUrl":"https:\/\/radiolifefm.com.br\/noticias\/wp-content\/uploads\/2022\/04\/WhatsApp-Image-2022-04-10-at-18.43.02.jpeg","articleSection":["Opini\u00e3o"],"inLanguage":"pt-BR"},{"@type":"WebPage","@id":"https:\/\/radiolifefm.com.br\/noticias\/a-provincia-do-faz-de-conta-em-tempo-de-direita-volver\/","url":"https:\/\/radiolifefm.com.br\/noticias\/a-provincia-do-faz-de-conta-em-tempo-de-direita-volver\/","name":"A PROV\u00cdNCIA DO FAZ DE CONTA em tempo de DIREITA VOLVER... - R\u00e1dio Life FM","isPartOf":{"@id":"https:\/\/radiolifefm.com.br\/noticias\/#website"},"primaryImageOfPage":{"@id":"https:\/\/radiolifefm.com.br\/noticias\/a-provincia-do-faz-de-conta-em-tempo-de-direita-volver\/#primaryimage"},"image":{"@id":"https:\/\/radiolifefm.com.br\/noticias\/a-provincia-do-faz-de-conta-em-tempo-de-direita-volver\/#primaryimage"},"thumbnailUrl":"https:\/\/radiolifefm.com.br\/noticias\/wp-content\/uploads\/2022\/04\/WhatsApp-Image-2022-04-10-at-18.43.02.jpeg","datePublished":"2023-04-03T10:59:51+00:00","dateModified":"2025-12-03T03:15:19+00:00","breadcrumb":{"@id":"https:\/\/radiolifefm.com.br\/noticias\/a-provincia-do-faz-de-conta-em-tempo-de-direita-volver\/#breadcrumb"},"inLanguage":"pt-BR","potentialAction":[{"@type":"ReadAction","target":["https:\/\/radiolifefm.com.br\/noticias\/a-provincia-do-faz-de-conta-em-tempo-de-direita-volver\/"]}]},{"@type":"ImageObject","inLanguage":"pt-BR","@id":"https:\/\/radiolifefm.com.br\/noticias\/a-provincia-do-faz-de-conta-em-tempo-de-direita-volver\/#primaryimage","url":"https:\/\/radiolifefm.com.br\/noticias\/wp-content\/uploads\/2022\/04\/WhatsApp-Image-2022-04-10-at-18.43.02.jpeg","contentUrl":"https:\/\/radiolifefm.com.br\/noticias\/wp-content\/uploads\/2022\/04\/WhatsApp-Image-2022-04-10-at-18.43.02.jpeg","width":972,"height":1296,"caption":"S\u00e9rgio Barbosa"},{"@type":"BreadcrumbList","@id":"https:\/\/radiolifefm.com.br\/noticias\/a-provincia-do-faz-de-conta-em-tempo-de-direita-volver\/#breadcrumb","itemListElement":[{"@type":"ListItem","position":1,"name":"In\u00edcio","item":"https:\/\/radiolifefm.com.br\/noticias\/"},{"@type":"ListItem","position":2,"name":"A PROV\u00cdNCIA DO FAZ DE CONTA em tempo de DIREITA VOLVER&#8230;"}]},{"@type":"WebSite","@id":"https:\/\/radiolifefm.com.br\/noticias\/#website","url":"https:\/\/radiolifefm.com.br\/noticias\/","name":"R\u00e1dio Life FM","description":"O Portal de Not\u00edcias de Adamantina","publisher":{"@id":"https:\/\/radiolifefm.com.br\/noticias\/#organization"},"alternateName":"Life FM","potentialAction":[{"@type":"SearchAction","target":{"@type":"EntryPoint","urlTemplate":"https:\/\/radiolifefm.com.br\/noticias\/?s={search_term_string}"},"query-input":{"@type":"PropertyValueSpecification","valueRequired":true,"valueName":"search_term_string"}}],"inLanguage":"pt-BR"},{"@type":"Organization","@id":"https:\/\/radiolifefm.com.br\/noticias\/#organization","name":"R\u00e1dio Life FM","alternateName":"Life FM","url":"https:\/\/radiolifefm.com.br\/noticias\/","logo":{"@type":"ImageObject","inLanguage":"pt-BR","@id":"https:\/\/radiolifefm.com.br\/noticias\/#\/schema\/logo\/image\/","url":"https:\/\/static.radiolifefm.com.br\/noticias\/wp-content\/uploads\/2019\/10\/logo-lifefm.png","contentUrl":"https:\/\/static.radiolifefm.com.br\/noticias\/wp-content\/uploads\/2019\/10\/logo-lifefm.png","width":196,"height":47,"caption":"R\u00e1dio Life FM"},"image":{"@id":"https:\/\/radiolifefm.com.br\/noticias\/#\/schema\/logo\/image\/"},"sameAs":["https:\/\/www.facebook.com\/radiolifefm\/","https:\/\/www.instagram.com\/life1079fm\/"]},{"@type":"Person","@id":"https:\/\/radiolifefm.com.br\/noticias\/#\/schema\/person\/6339b9fac59d12b071dec680d7375d87","name":"ritanery","image":{"@type":"ImageObject","inLanguage":"pt-BR","@id":"https:\/\/secure.gravatar.com\/avatar\/0e37bb19071f47c0b8a23f62a903df117c5a0e75f65a0c2901562f97cd41cf86?s=96&d=mm&r=g","url":"https:\/\/secure.gravatar.com\/avatar\/0e37bb19071f47c0b8a23f62a903df117c5a0e75f65a0c2901562f97cd41cf86?s=96&d=mm&r=g","contentUrl":"https:\/\/secure.gravatar.com\/avatar\/0e37bb19071f47c0b8a23f62a903df117c5a0e75f65a0c2901562f97cd41cf86?s=96&d=mm&r=g","caption":"ritanery"}}]}},"amp_enabled":true,"_links":{"self":[{"href":"https:\/\/radiolifefm.com.br\/noticias\/wp-json\/wp\/v2\/posts\/67696","targetHints":{"allow":["GET"]}}],"collection":[{"href":"https:\/\/radiolifefm.com.br\/noticias\/wp-json\/wp\/v2\/posts"}],"about":[{"href":"https:\/\/radiolifefm.com.br\/noticias\/wp-json\/wp\/v2\/types\/post"}],"author":[{"embeddable":true,"href":"https:\/\/radiolifefm.com.br\/noticias\/wp-json\/wp\/v2\/users\/13"}],"replies":[{"embeddable":true,"href":"https:\/\/radiolifefm.com.br\/noticias\/wp-json\/wp\/v2\/comments?post=67696"}],"version-history":[{"count":1,"href":"https:\/\/radiolifefm.com.br\/noticias\/wp-json\/wp\/v2\/posts\/67696\/revisions"}],"predecessor-version":[{"id":67697,"href":"https:\/\/radiolifefm.com.br\/noticias\/wp-json\/wp\/v2\/posts\/67696\/revisions\/67697"}],"wp:featuredmedia":[{"embeddable":true,"href":"https:\/\/radiolifefm.com.br\/noticias\/wp-json\/wp\/v2\/media\/51988"}],"wp:attachment":[{"href":"https:\/\/radiolifefm.com.br\/noticias\/wp-json\/wp\/v2\/media?parent=67696"}],"wp:term":[{"taxonomy":"category","embeddable":true,"href":"https:\/\/radiolifefm.com.br\/noticias\/wp-json\/wp\/v2\/categories?post=67696"},{"taxonomy":"post_tag","embeddable":true,"href":"https:\/\/radiolifefm.com.br\/noticias\/wp-json\/wp\/v2\/tags?post=67696"}],"curies":[{"name":"wp","href":"https:\/\/api.w.org\/{rel}","templated":true}]}}