{"id":67675,"date":"2023-04-01T21:40:39","date_gmt":"2023-04-02T00:40:39","guid":{"rendered":"https:\/\/radiolifefm.com.br\/noticias\/?p=67675"},"modified":"2026-04-20T21:24:54","modified_gmt":"2026-04-21T00:24:54","slug":"hospedes-e-visitantes-relatam-suas-experiencias-no-ipe-palace-hotel-que-completa-4-anos","status":"publish","type":"post","link":"https:\/\/radiolifefm.com.br\/noticias\/hospedes-e-visitantes-relatam-suas-experiencias-no-ipe-palace-hotel-que-completa-4-anos\/","title":{"rendered":"H\u00f3spedes e visitantes relatam suas experi\u00eancias no Ip\u00ea Palace Hotel que completa 4 anos."},"content":{"rendered":"<div id=\"fb-root\"><\/div>\n<p>A excel\u00eancia no atendimento \u00e9 um dos grandes diferenciais do Ip\u00ea Palace Hotel que completa nesse 1\u00b0 de abril 4 anos.<br \/>\nA estrutura f\u00edsica do hotel se destaca pela impon\u00eancia e modernidade e faz do Ip\u00ea refer\u00eancia em Adamantina e regi\u00e3o.<\/p>\n<p><strong>Instala\u00e7\u00f5es e servi\u00e7os.<\/strong><\/p>\n<p>Instalado no pr\u00e9dio do antigo Ip\u00ea Clube, que passou por ampla reestrutura\u00e7\u00e3o para poder ter suas depend\u00eancias readequadas e ser transformado em hotel. Ip\u00ea Palace Hotel possui um servi\u00e7o personalizado atrav\u00e9s de uma equipe altamente qualificada que lhe garantir\u00e1 comodidade e bem-estar.<br \/>\nOferecendo uma completa infraestrutura para neg\u00f3cios e eventos, com sal\u00f5es de conven\u00e7\u00f5es, sala de reuni\u00f5es, sala de SPA e espa\u00e7o gourmet. Com pacotes espec\u00edficos para eventos particulares e empresariais, com Coffee Break a sua escolha.<br \/>\nPara quem busca conforto para seu descanso, contam com piscina aberta, sauna \u00famida e SPA\/massagem, al\u00e9m de um delicioso caf\u00e9 da manh\u00e3 completo.<br \/>\nOutros pacotes tais como, n\u00fapcias, noite rom\u00e2ntica, dia da NOIVA e do NOIVO com diversas comodidades que podem desfrutar junto com o ser amado ou com madrinhas ou padrinhos, aquele que mais se adequa aos seus desejos.<br \/>\nPacotes de DAY USE, com pre\u00e7o bem legal para seu bolso.<\/p>\n<p><strong>Relatos de h\u00f3spedes e visitantes.<\/strong><\/p>\n<p>&#8220;Eu e Meu marido nos hospedamos no Ip\u00ea Palace Hotel Adamantina de Domingo, 26 a quinta, 30 de mar\u00e7o de 2023! O hotel est\u00e1 numa categoria de hot\u00e9is que pode ser recomendado a outros clientes que vierem para esta Cidade Charmosa! O detalhe das caricaturas que fui informada, uma s\u00f3cia ou esposa de um dos S\u00f3cios pintou s\u00e3o verdadeiras obras de Arte! O que faz o hotel ficar ainda mais charmoso. Por\u00e9m, o que mais prendeu \u00e0 nossa aten\u00e7\u00e3o foi o time de apoio, destacando o bom atendimento e um excelente &#8220;customer Servisses&#8221; a supervisora Nicolli que j\u00e1 deveria ser remunerada como a gerente preparada que \u00e9! A Natalli e Dora lindas e gentis, al\u00e9m de excelentes profissionais! O Vitor sempre pronto a fazer a nossa est\u00e1dia alegre e tranquila! &#8221; E na equipe contamos ainda com Andrea, uma senhora maravilhosa, espirituosa e gentil que tem m\u00e3os de fada para os quitutes&#8221;.<\/p>\n<p>Este foi o depoimento dos h\u00f3spedes L\u00edgia Cabral Assun\u00e7\u00e3o e Raul Llanos, casal que reside nos EUA.<\/p>\n<p>&#8220;Durante 30 dias fiquei hospedado no Ip\u00ea Palace Hotel, ao chegar, apresentaram o hotel e as su\u00edtes dispon\u00edveis onde pude escolher onde ficaria, com atendimento de excel\u00eancia, fui bem servido e pude usufruir da piscina que fica na \u00e1rea externa, sauna, destaco tamb\u00e9m o caf\u00e9 da manh\u00e3 que \u00e9 excepcional.<\/p>\n<p>Indiquei para parceiro de trabalho, ele gostou tanto que pediu a marca dos travesseiros.<\/p>\n<ol>\n<li>Relatou, Alex Dallacqua gerente da Fiat Alpavel de Adamantina.<\/li>\n<\/ol>\n<p>Para quem participou de eventos nas salas de eventos do Ip\u00ea Palace Hotel a experi\u00eancia foi relatada.<\/p>\n<p>&#8221; Hotel maravilhoso, hotel de grandes centros, cart\u00e3o de visita de Adamantina.<br \/>\nO espa\u00e7o para eventos e reuni\u00f5es \u00e9 perfeito, quero fazer evento da minha empresa no hotel &#8221;<\/p>\n<p>Relata S\u00f4nia Balista Rodrigues, empres\u00e1ria da Maiart m\u00f3veis corporativos, empresa que fez todos os m\u00f3veis corporativos do hotel.<\/p>\n<p>&nbsp;<\/p>\n<p>Situado em uma excelente localiza\u00e7\u00e3o central na cidade de Adamantina &#8211; SP.<br \/>\nQuer sentir como \u00e9 ficar hospedado em um hotel e desfrutar de suas comodidades?<br \/>\nTenha uma experi\u00eancia agrad\u00e1vel no Ip\u00ea Palace Hotel.<br \/>\nSite: <a href=\"https:\/\/ipepalacehotel.com.br\/\">ipepalacehotel.com.br<\/a><br \/>\nTelefone: (18) 3522-5037; (18) 99763-9467.<\/p>\n<p>&nbsp;<\/p>\n<p><!-- Embedded with Magic Embeds - https:\/\/magicembeds.com --><\/p>\n<div class=\"wef-measure\" style=\"max-width: 450px;\"><\/div>\n<div class=\"fb-video\" data-href=\"https:\/\/www.facebook.com\/radiolifefm\/videos\/204716568923245\" data-allowfullscreen=\"true\" data-autoplay=\"false\" data-width=\"450\" data-show-text=\"false\" data-show-captions=\"true\"><\/div>\n<p>&nbsp;<\/p>\n<div class='flex flex-wrap items-center -mx-1'>\r\n<a class='thumbnail gallery p-1 w-1\/2 md:w-1\/4' href='https:\/\/radiolifefm.com.br\/noticias\/wp-content\/uploads\/2023\/04\/65450119_2293542364238625_7613217410656501760_n.jpg'><img class='border border-white' src='https:\/\/radiolifefm.com.br\/noticias\/wp-content\/uploads\/2023\/04\/65450119_2293542364238625_7613217410656501760_n-200x200.jpg' alt='65450119_2293542364238625_7613217410656501760_n' \/><\/a><a class='thumbnail gallery p-1 w-1\/2 md:w-1\/4' href='https:\/\/radiolifefm.com.br\/noticias\/wp-content\/uploads\/2023\/04\/104197000_2587525744840284_2040703071495756054_n.jpg'><img class='border border-white' src='https:\/\/radiolifefm.com.br\/noticias\/wp-content\/uploads\/2023\/04\/104197000_2587525744840284_2040703071495756054_n-200x200.jpg' alt='104197000_2587525744840284_2040703071495756054_n' \/><\/a><a class='thumbnail gallery p-1 w-1\/2 md:w-1\/4' href='https:\/\/radiolifefm.com.br\/noticias\/wp-content\/uploads\/2023\/04\/105958420_2605665766359615_6557844746722132200_n.jpg'><img class='border border-white' src='https:\/\/radiolifefm.com.br\/noticias\/wp-content\/uploads\/2023\/04\/105958420_2605665766359615_6557844746722132200_n-200x200.jpg' alt='105958420_2605665766359615_6557844746722132200_n' \/><\/a><a class='thumbnail gallery p-1 w-1\/2 md:w-1\/4' href='https:\/\/radiolifefm.com.br\/noticias\/wp-content\/uploads\/2023\/04\/117033393_2639124963013695_5348604481669987611_n.png'><img class='border border-white' src='https:\/\/radiolifefm.com.br\/noticias\/wp-content\/uploads\/2023\/04\/117033393_2639124963013695_5348604481669987611_n-200x200.png' alt='117033393_2639124963013695_5348604481669987611_n' \/><\/a><a class='thumbnail gallery p-1 w-1\/2 md:w-1\/4' href='https:\/\/radiolifefm.com.br\/noticias\/wp-content\/uploads\/2023\/04\/121152720_2689817244611133_4532579036804158856_n.jpg'><img class='border border-white' src='https:\/\/radiolifefm.com.br\/noticias\/wp-content\/uploads\/2023\/04\/121152720_2689817244611133_4532579036804158856_n-200x200.jpg' alt='121152720_2689817244611133_4532579036804158856_n' \/><\/a><a class='thumbnail gallery p-1 w-1\/2 md:w-1\/4' href='https:\/\/radiolifefm.com.br\/noticias\/wp-content\/uploads\/2023\/04\/123466987_2717120278547496_7517920523314583289_n.png'><img class='border border-white' src='https:\/\/radiolifefm.com.br\/noticias\/wp-content\/uploads\/2023\/04\/123466987_2717120278547496_7517920523314583289_n-200x200.png' alt='123466987_2717120278547496_7517920523314583289_n' \/><\/a><a class='thumbnail gallery p-1 w-1\/2 md:w-1\/4' href='https:\/\/radiolifefm.com.br\/noticias\/wp-content\/uploads\/2023\/04\/124238909_2721040088155515_5945648241047606413_n.jpg'><img class='border border-white' src='https:\/\/radiolifefm.com.br\/noticias\/wp-content\/uploads\/2023\/04\/124238909_2721040088155515_5945648241047606413_n-200x200.jpg' alt='124238909_2721040088155515_5945648241047606413_n' \/><\/a><a class='thumbnail gallery p-1 w-1\/2 md:w-1\/4' href='https:\/\/radiolifefm.com.br\/noticias\/wp-content\/uploads\/2023\/04\/124573933_2718911698368354_8777294040208565544_n.png'><img class='border border-white' src='https:\/\/radiolifefm.com.br\/noticias\/wp-content\/uploads\/2023\/04\/124573933_2718911698368354_8777294040208565544_n-200x200.png' alt='124573933_2718911698368354_8777294040208565544_n' \/><\/a><a class='thumbnail gallery p-1 w-1\/2 md:w-1\/4' href='https:\/\/radiolifefm.com.br\/noticias\/wp-content\/uploads\/2023\/04\/129720157_2740900929502764_5872942043013493604_n.png'><img class='border border-white' src='https:\/\/radiolifefm.com.br\/noticias\/wp-content\/uploads\/2023\/04\/129720157_2740900929502764_5872942043013493604_n-200x200.png' alt='129720157_2740900929502764_5872942043013493604_n' \/><\/a><a class='thumbnail gallery p-1 w-1\/2 md:w-1\/4' href='https:\/\/radiolifefm.com.br\/noticias\/wp-content\/uploads\/2023\/04\/143880712_2780074368918753_4610600950244985903_n.png'><img class='border border-white' src='https:\/\/radiolifefm.com.br\/noticias\/wp-content\/uploads\/2023\/04\/143880712_2780074368918753_4610600950244985903_n-200x200.png' alt='143880712_2780074368918753_4610600950244985903_n' \/><\/a><a class='thumbnail gallery p-1 w-1\/2 md:w-1\/4' href='https:\/\/radiolifefm.com.br\/noticias\/wp-content\/uploads\/2023\/04\/241290300_2933111430281712_4332558789589199653_n.png'><img class='border border-white' src='https:\/\/radiolifefm.com.br\/noticias\/wp-content\/uploads\/2023\/04\/241290300_2933111430281712_4332558789589199653_n-200x200.png' alt='241290300_2933111430281712_4332558789589199653_n' \/><\/a><a class='thumbnail gallery p-1 w-1\/2 md:w-1\/4' href='https:\/\/radiolifefm.com.br\/noticias\/wp-content\/uploads\/2023\/04\/WhatsApp-Image-2023-04-01-at-21.37.16.jpeg'><img class='border border-white' src='https:\/\/radiolifefm.com.br\/noticias\/wp-content\/uploads\/2023\/04\/WhatsApp-Image-2023-04-01-at-21.37.16-200x200.jpeg' alt='WhatsApp Image 2023 04 01 At 21.37.16' \/><\/a><a class='thumbnail gallery p-1 w-1\/2 md:w-1\/4' href='https:\/\/radiolifefm.com.br\/noticias\/wp-content\/uploads\/2023\/04\/WhatsApp-Image-2023-04-01-at-21.36.57.jpeg'><img class='border border-white' src='https:\/\/radiolifefm.com.br\/noticias\/wp-content\/uploads\/2023\/04\/WhatsApp-Image-2023-04-01-at-21.36.57-200x200.jpeg' alt='WhatsApp Image 2023 04 01 At 21.36.57' \/><\/a><\/div>\n","protected":false},"excerpt":{"rendered":"<p>A excel\u00eancia no atendimento \u00e9 um dos grandes diferenciais do Ip\u00ea Palace Hotel que completa nesse 1\u00b0 de abril 4 anos. A estrutura f\u00edsica do hotel se destaca pela impon\u00eancia e modernidade e faz do Ip\u00ea refer\u00eancia em Adamantina e regi\u00e3o. Instala\u00e7\u00f5es e servi\u00e7os. Instalado no pr\u00e9dio do antigo Ip\u00ea Clube, que passou por ampla [&hellip;]<\/p>\n","protected":false},"author":13,"featured_media":67676,"comment_status":"closed","ping_status":"open","sticky":false,"template":"","format":"standard","meta":{"_acf_changed":false,"_exactmetrics_skip_tracking":false,"_exactmetrics_sitenote_active":false,"_exactmetrics_sitenote_note":"","_exactmetrics_sitenote_category":0,"footnotes":""},"categories":[21],"tags":[],"class_list":["post-67675","post","type-post","status-publish","format-standard","has-post-thumbnail","hentry","category-adamantina"],"acf":[],"yoast_head":"<!-- This site is optimized with the Yoast SEO plugin v27.2 - https:\/\/yoast.com\/product\/yoast-seo-wordpress\/ -->\n<title>H\u00f3spedes e visitantes relatam suas experi\u00eancias no Ip\u00ea Palace Hotel que completa 4 anos. - R\u00e1dio Life FM<\/title>\n<meta name=\"robots\" content=\"index, follow, max-snippet:-1, max-image-preview:large, max-video-preview:-1\" \/>\n<link rel=\"canonical\" href=\"https:\/\/radiolifefm.com.br\/noticias\/hospedes-e-visitantes-relatam-suas-experiencias-no-ipe-palace-hotel-que-completa-4-anos\/\" \/>\n<meta property=\"og:locale\" content=\"pt_BR\" \/>\n<meta property=\"og:type\" content=\"article\" \/>\n<meta property=\"og:title\" content=\"H\u00f3spedes e visitantes relatam suas experi\u00eancias no Ip\u00ea Palace Hotel que completa 4 anos. - R\u00e1dio Life FM\" \/>\n<meta property=\"og:description\" content=\"A excel\u00eancia no atendimento \u00e9 um dos grandes diferenciais do Ip\u00ea Palace Hotel que completa nesse 1\u00b0 de abril 4 anos. A estrutura f\u00edsica do hotel se destaca pela impon\u00eancia e modernidade e faz do Ip\u00ea refer\u00eancia em Adamantina e regi\u00e3o. Instala\u00e7\u00f5es e servi\u00e7os. Instalado no pr\u00e9dio do antigo Ip\u00ea Clube, que passou por ampla [&hellip;]\" \/>\n<meta property=\"og:url\" content=\"https:\/\/radiolifefm.com.br\/noticias\/hospedes-e-visitantes-relatam-suas-experiencias-no-ipe-palace-hotel-que-completa-4-anos\/\" \/>\n<meta property=\"og:site_name\" content=\"R\u00e1dio Life FM\" \/>\n<meta property=\"article:publisher\" content=\"https:\/\/www.facebook.com\/radiolifefm\/\" \/>\n<meta property=\"article:published_time\" content=\"2023-04-02T00:40:39+00:00\" \/>\n<meta property=\"article:modified_time\" content=\"2026-04-21T00:24:54+00:00\" \/>\n<meta property=\"og:image\" content=\"https:\/\/radiolifefm.com.br\/noticias\/wp-content\/uploads\/2023\/04\/306959585_516633717134465_3471893860838680136_n.jpg\" \/>\n\t<meta property=\"og:image:width\" content=\"960\" \/>\n\t<meta property=\"og:image:height\" content=\"541\" \/>\n\t<meta property=\"og:image:type\" content=\"image\/jpeg\" \/>\n<meta name=\"author\" content=\"ritanery\" \/>\n<meta name=\"twitter:card\" content=\"summary_large_image\" \/>\n<meta name=\"twitter:label1\" content=\"Escrito por\" \/>\n\t<meta name=\"twitter:data1\" content=\"ritanery\" \/>\n\t<meta name=\"twitter:label2\" content=\"Est. tempo de leitura\" \/>\n\t<meta name=\"twitter:data2\" content=\"4 minutos\" \/>\n<script type=\"application\/ld+json\" class=\"yoast-schema-graph\">{\"@context\":\"https:\/\/schema.org\",\"@graph\":[{\"@type\":\"Article\",\"@id\":\"https:\/\/radiolifefm.com.br\/noticias\/hospedes-e-visitantes-relatam-suas-experiencias-no-ipe-palace-hotel-que-completa-4-anos\/#article\",\"isPartOf\":{\"@id\":\"https:\/\/radiolifefm.com.br\/noticias\/hospedes-e-visitantes-relatam-suas-experiencias-no-ipe-palace-hotel-que-completa-4-anos\/\"},\"author\":{\"name\":\"ritanery\",\"@id\":\"https:\/\/radiolifefm.com.br\/noticias\/#\/schema\/person\/6339b9fac59d12b071dec680d7375d87\"},\"headline\":\"H\u00f3spedes e visitantes relatam suas experi\u00eancias no Ip\u00ea Palace Hotel que completa 4 anos.\",\"datePublished\":\"2023-04-02T00:40:39+00:00\",\"dateModified\":\"2026-04-21T00:24:54+00:00\",\"mainEntityOfPage\":{\"@id\":\"https:\/\/radiolifefm.com.br\/noticias\/hospedes-e-visitantes-relatam-suas-experiencias-no-ipe-palace-hotel-que-completa-4-anos\/\"},\"wordCount\":612,\"publisher\":{\"@id\":\"https:\/\/radiolifefm.com.br\/noticias\/#organization\"},\"image\":{\"@id\":\"https:\/\/radiolifefm.com.br\/noticias\/hospedes-e-visitantes-relatam-suas-experiencias-no-ipe-palace-hotel-que-completa-4-anos\/#primaryimage\"},\"thumbnailUrl\":\"https:\/\/radiolifefm.com.br\/noticias\/wp-content\/uploads\/2023\/04\/306959585_516633717134465_3471893860838680136_n.jpg\",\"articleSection\":[\"Adamantina\"],\"inLanguage\":\"pt-BR\"},{\"@type\":\"WebPage\",\"@id\":\"https:\/\/radiolifefm.com.br\/noticias\/hospedes-e-visitantes-relatam-suas-experiencias-no-ipe-palace-hotel-que-completa-4-anos\/\",\"url\":\"https:\/\/radiolifefm.com.br\/noticias\/hospedes-e-visitantes-relatam-suas-experiencias-no-ipe-palace-hotel-que-completa-4-anos\/\",\"name\":\"H\u00f3spedes e visitantes relatam suas experi\u00eancias no Ip\u00ea Palace Hotel que completa 4 anos. - R\u00e1dio Life FM\",\"isPartOf\":{\"@id\":\"https:\/\/radiolifefm.com.br\/noticias\/#website\"},\"primaryImageOfPage\":{\"@id\":\"https:\/\/radiolifefm.com.br\/noticias\/hospedes-e-visitantes-relatam-suas-experiencias-no-ipe-palace-hotel-que-completa-4-anos\/#primaryimage\"},\"image\":{\"@id\":\"https:\/\/radiolifefm.com.br\/noticias\/hospedes-e-visitantes-relatam-suas-experiencias-no-ipe-palace-hotel-que-completa-4-anos\/#primaryimage\"},\"thumbnailUrl\":\"https:\/\/radiolifefm.com.br\/noticias\/wp-content\/uploads\/2023\/04\/306959585_516633717134465_3471893860838680136_n.jpg\",\"datePublished\":\"2023-04-02T00:40:39+00:00\",\"dateModified\":\"2026-04-21T00:24:54+00:00\",\"breadcrumb\":{\"@id\":\"https:\/\/radiolifefm.com.br\/noticias\/hospedes-e-visitantes-relatam-suas-experiencias-no-ipe-palace-hotel-que-completa-4-anos\/#breadcrumb\"},\"inLanguage\":\"pt-BR\",\"potentialAction\":[{\"@type\":\"ReadAction\",\"target\":[\"https:\/\/radiolifefm.com.br\/noticias\/hospedes-e-visitantes-relatam-suas-experiencias-no-ipe-palace-hotel-que-completa-4-anos\/\"]}]},{\"@type\":\"ImageObject\",\"inLanguage\":\"pt-BR\",\"@id\":\"https:\/\/radiolifefm.com.br\/noticias\/hospedes-e-visitantes-relatam-suas-experiencias-no-ipe-palace-hotel-que-completa-4-anos\/#primaryimage\",\"url\":\"https:\/\/radiolifefm.com.br\/noticias\/wp-content\/uploads\/2023\/04\/306959585_516633717134465_3471893860838680136_n.jpg\",\"contentUrl\":\"https:\/\/radiolifefm.com.br\/noticias\/wp-content\/uploads\/2023\/04\/306959585_516633717134465_3471893860838680136_n.jpg\",\"width\":960,\"height\":541},{\"@type\":\"BreadcrumbList\",\"@id\":\"https:\/\/radiolifefm.com.br\/noticias\/hospedes-e-visitantes-relatam-suas-experiencias-no-ipe-palace-hotel-que-completa-4-anos\/#breadcrumb\",\"itemListElement\":[{\"@type\":\"ListItem\",\"position\":1,\"name\":\"In\u00edcio\",\"item\":\"https:\/\/radiolifefm.com.br\/noticias\/\"},{\"@type\":\"ListItem\",\"position\":2,\"name\":\"H\u00f3spedes e visitantes relatam suas experi\u00eancias no Ip\u00ea Palace Hotel que completa 4 anos.\"}]},{\"@type\":\"WebSite\",\"@id\":\"https:\/\/radiolifefm.com.br\/noticias\/#website\",\"url\":\"https:\/\/radiolifefm.com.br\/noticias\/\",\"name\":\"R\u00e1dio Life FM\",\"description\":\"O Portal de Not\u00edcias de Adamantina\",\"publisher\":{\"@id\":\"https:\/\/radiolifefm.com.br\/noticias\/#organization\"},\"alternateName\":\"Life FM\",\"potentialAction\":[{\"@type\":\"SearchAction\",\"target\":{\"@type\":\"EntryPoint\",\"urlTemplate\":\"https:\/\/radiolifefm.com.br\/noticias\/?s={search_term_string}\"},\"query-input\":{\"@type\":\"PropertyValueSpecification\",\"valueRequired\":true,\"valueName\":\"search_term_string\"}}],\"inLanguage\":\"pt-BR\"},{\"@type\":\"Organization\",\"@id\":\"https:\/\/radiolifefm.com.br\/noticias\/#organization\",\"name\":\"R\u00e1dio Life FM\",\"alternateName\":\"Life FM\",\"url\":\"https:\/\/radiolifefm.com.br\/noticias\/\",\"logo\":{\"@type\":\"ImageObject\",\"inLanguage\":\"pt-BR\",\"@id\":\"https:\/\/radiolifefm.com.br\/noticias\/#\/schema\/logo\/image\/\",\"url\":\"https:\/\/static.radiolifefm.com.br\/noticias\/wp-content\/uploads\/2019\/10\/logo-lifefm.png\",\"contentUrl\":\"https:\/\/static.radiolifefm.com.br\/noticias\/wp-content\/uploads\/2019\/10\/logo-lifefm.png\",\"width\":196,\"height\":47,\"caption\":\"R\u00e1dio Life FM\"},\"image\":{\"@id\":\"https:\/\/radiolifefm.com.br\/noticias\/#\/schema\/logo\/image\/\"},\"sameAs\":[\"https:\/\/www.facebook.com\/radiolifefm\/\",\"https:\/\/www.instagram.com\/life1079fm\/\"]},{\"@type\":\"Person\",\"@id\":\"https:\/\/radiolifefm.com.br\/noticias\/#\/schema\/person\/6339b9fac59d12b071dec680d7375d87\",\"name\":\"ritanery\",\"image\":{\"@type\":\"ImageObject\",\"inLanguage\":\"pt-BR\",\"@id\":\"https:\/\/secure.gravatar.com\/avatar\/0e37bb19071f47c0b8a23f62a903df117c5a0e75f65a0c2901562f97cd41cf86?s=96&d=mm&r=g\",\"url\":\"https:\/\/secure.gravatar.com\/avatar\/0e37bb19071f47c0b8a23f62a903df117c5a0e75f65a0c2901562f97cd41cf86?s=96&d=mm&r=g\",\"contentUrl\":\"https:\/\/secure.gravatar.com\/avatar\/0e37bb19071f47c0b8a23f62a903df117c5a0e75f65a0c2901562f97cd41cf86?s=96&d=mm&r=g\",\"caption\":\"ritanery\"}}]}<\/script>\n<!-- \/ Yoast SEO plugin. -->","yoast_head_json":{"title":"H\u00f3spedes e visitantes relatam suas experi\u00eancias no Ip\u00ea Palace Hotel que completa 4 anos. - R\u00e1dio Life FM","robots":{"index":"index","follow":"follow","max-snippet":"max-snippet:-1","max-image-preview":"max-image-preview:large","max-video-preview":"max-video-preview:-1"},"canonical":"https:\/\/radiolifefm.com.br\/noticias\/hospedes-e-visitantes-relatam-suas-experiencias-no-ipe-palace-hotel-que-completa-4-anos\/","og_locale":"pt_BR","og_type":"article","og_title":"H\u00f3spedes e visitantes relatam suas experi\u00eancias no Ip\u00ea Palace Hotel que completa 4 anos. - R\u00e1dio Life FM","og_description":"A excel\u00eancia no atendimento \u00e9 um dos grandes diferenciais do Ip\u00ea Palace Hotel que completa nesse 1\u00b0 de abril 4 anos. A estrutura f\u00edsica do hotel se destaca pela impon\u00eancia e modernidade e faz do Ip\u00ea refer\u00eancia em Adamantina e regi\u00e3o. Instala\u00e7\u00f5es e servi\u00e7os. Instalado no pr\u00e9dio do antigo Ip\u00ea Clube, que passou por ampla [&hellip;]","og_url":"https:\/\/radiolifefm.com.br\/noticias\/hospedes-e-visitantes-relatam-suas-experiencias-no-ipe-palace-hotel-que-completa-4-anos\/","og_site_name":"R\u00e1dio Life FM","article_publisher":"https:\/\/www.facebook.com\/radiolifefm\/","article_published_time":"2023-04-02T00:40:39+00:00","article_modified_time":"2026-04-21T00:24:54+00:00","og_image":[{"width":960,"height":541,"url":"https:\/\/radiolifefm.com.br\/noticias\/wp-content\/uploads\/2023\/04\/306959585_516633717134465_3471893860838680136_n.jpg","type":"image\/jpeg"}],"author":"ritanery","twitter_card":"summary_large_image","twitter_misc":{"Escrito por":"ritanery","Est. tempo de leitura":"4 minutos"},"schema":{"@context":"https:\/\/schema.org","@graph":[{"@type":"Article","@id":"https:\/\/radiolifefm.com.br\/noticias\/hospedes-e-visitantes-relatam-suas-experiencias-no-ipe-palace-hotel-que-completa-4-anos\/#article","isPartOf":{"@id":"https:\/\/radiolifefm.com.br\/noticias\/hospedes-e-visitantes-relatam-suas-experiencias-no-ipe-palace-hotel-que-completa-4-anos\/"},"author":{"name":"ritanery","@id":"https:\/\/radiolifefm.com.br\/noticias\/#\/schema\/person\/6339b9fac59d12b071dec680d7375d87"},"headline":"H\u00f3spedes e visitantes relatam suas experi\u00eancias no Ip\u00ea Palace Hotel que completa 4 anos.","datePublished":"2023-04-02T00:40:39+00:00","dateModified":"2026-04-21T00:24:54+00:00","mainEntityOfPage":{"@id":"https:\/\/radiolifefm.com.br\/noticias\/hospedes-e-visitantes-relatam-suas-experiencias-no-ipe-palace-hotel-que-completa-4-anos\/"},"wordCount":612,"publisher":{"@id":"https:\/\/radiolifefm.com.br\/noticias\/#organization"},"image":{"@id":"https:\/\/radiolifefm.com.br\/noticias\/hospedes-e-visitantes-relatam-suas-experiencias-no-ipe-palace-hotel-que-completa-4-anos\/#primaryimage"},"thumbnailUrl":"https:\/\/radiolifefm.com.br\/noticias\/wp-content\/uploads\/2023\/04\/306959585_516633717134465_3471893860838680136_n.jpg","articleSection":["Adamantina"],"inLanguage":"pt-BR"},{"@type":"WebPage","@id":"https:\/\/radiolifefm.com.br\/noticias\/hospedes-e-visitantes-relatam-suas-experiencias-no-ipe-palace-hotel-que-completa-4-anos\/","url":"https:\/\/radiolifefm.com.br\/noticias\/hospedes-e-visitantes-relatam-suas-experiencias-no-ipe-palace-hotel-que-completa-4-anos\/","name":"H\u00f3spedes e visitantes relatam suas experi\u00eancias no Ip\u00ea Palace Hotel que completa 4 anos. - R\u00e1dio Life FM","isPartOf":{"@id":"https:\/\/radiolifefm.com.br\/noticias\/#website"},"primaryImageOfPage":{"@id":"https:\/\/radiolifefm.com.br\/noticias\/hospedes-e-visitantes-relatam-suas-experiencias-no-ipe-palace-hotel-que-completa-4-anos\/#primaryimage"},"image":{"@id":"https:\/\/radiolifefm.com.br\/noticias\/hospedes-e-visitantes-relatam-suas-experiencias-no-ipe-palace-hotel-que-completa-4-anos\/#primaryimage"},"thumbnailUrl":"https:\/\/radiolifefm.com.br\/noticias\/wp-content\/uploads\/2023\/04\/306959585_516633717134465_3471893860838680136_n.jpg","datePublished":"2023-04-02T00:40:39+00:00","dateModified":"2026-04-21T00:24:54+00:00","breadcrumb":{"@id":"https:\/\/radiolifefm.com.br\/noticias\/hospedes-e-visitantes-relatam-suas-experiencias-no-ipe-palace-hotel-que-completa-4-anos\/#breadcrumb"},"inLanguage":"pt-BR","potentialAction":[{"@type":"ReadAction","target":["https:\/\/radiolifefm.com.br\/noticias\/hospedes-e-visitantes-relatam-suas-experiencias-no-ipe-palace-hotel-que-completa-4-anos\/"]}]},{"@type":"ImageObject","inLanguage":"pt-BR","@id":"https:\/\/radiolifefm.com.br\/noticias\/hospedes-e-visitantes-relatam-suas-experiencias-no-ipe-palace-hotel-que-completa-4-anos\/#primaryimage","url":"https:\/\/radiolifefm.com.br\/noticias\/wp-content\/uploads\/2023\/04\/306959585_516633717134465_3471893860838680136_n.jpg","contentUrl":"https:\/\/radiolifefm.com.br\/noticias\/wp-content\/uploads\/2023\/04\/306959585_516633717134465_3471893860838680136_n.jpg","width":960,"height":541},{"@type":"BreadcrumbList","@id":"https:\/\/radiolifefm.com.br\/noticias\/hospedes-e-visitantes-relatam-suas-experiencias-no-ipe-palace-hotel-que-completa-4-anos\/#breadcrumb","itemListElement":[{"@type":"ListItem","position":1,"name":"In\u00edcio","item":"https:\/\/radiolifefm.com.br\/noticias\/"},{"@type":"ListItem","position":2,"name":"H\u00f3spedes e visitantes relatam suas experi\u00eancias no Ip\u00ea Palace Hotel que completa 4 anos."}]},{"@type":"WebSite","@id":"https:\/\/radiolifefm.com.br\/noticias\/#website","url":"https:\/\/radiolifefm.com.br\/noticias\/","name":"R\u00e1dio Life FM","description":"O Portal de Not\u00edcias de Adamantina","publisher":{"@id":"https:\/\/radiolifefm.com.br\/noticias\/#organization"},"alternateName":"Life FM","potentialAction":[{"@type":"SearchAction","target":{"@type":"EntryPoint","urlTemplate":"https:\/\/radiolifefm.com.br\/noticias\/?s={search_term_string}"},"query-input":{"@type":"PropertyValueSpecification","valueRequired":true,"valueName":"search_term_string"}}],"inLanguage":"pt-BR"},{"@type":"Organization","@id":"https:\/\/radiolifefm.com.br\/noticias\/#organization","name":"R\u00e1dio Life FM","alternateName":"Life FM","url":"https:\/\/radiolifefm.com.br\/noticias\/","logo":{"@type":"ImageObject","inLanguage":"pt-BR","@id":"https:\/\/radiolifefm.com.br\/noticias\/#\/schema\/logo\/image\/","url":"https:\/\/static.radiolifefm.com.br\/noticias\/wp-content\/uploads\/2019\/10\/logo-lifefm.png","contentUrl":"https:\/\/static.radiolifefm.com.br\/noticias\/wp-content\/uploads\/2019\/10\/logo-lifefm.png","width":196,"height":47,"caption":"R\u00e1dio Life FM"},"image":{"@id":"https:\/\/radiolifefm.com.br\/noticias\/#\/schema\/logo\/image\/"},"sameAs":["https:\/\/www.facebook.com\/radiolifefm\/","https:\/\/www.instagram.com\/life1079fm\/"]},{"@type":"Person","@id":"https:\/\/radiolifefm.com.br\/noticias\/#\/schema\/person\/6339b9fac59d12b071dec680d7375d87","name":"ritanery","image":{"@type":"ImageObject","inLanguage":"pt-BR","@id":"https:\/\/secure.gravatar.com\/avatar\/0e37bb19071f47c0b8a23f62a903df117c5a0e75f65a0c2901562f97cd41cf86?s=96&d=mm&r=g","url":"https:\/\/secure.gravatar.com\/avatar\/0e37bb19071f47c0b8a23f62a903df117c5a0e75f65a0c2901562f97cd41cf86?s=96&d=mm&r=g","contentUrl":"https:\/\/secure.gravatar.com\/avatar\/0e37bb19071f47c0b8a23f62a903df117c5a0e75f65a0c2901562f97cd41cf86?s=96&d=mm&r=g","caption":"ritanery"}}]}},"amp_enabled":true,"_links":{"self":[{"href":"https:\/\/radiolifefm.com.br\/noticias\/wp-json\/wp\/v2\/posts\/67675","targetHints":{"allow":["GET"]}}],"collection":[{"href":"https:\/\/radiolifefm.com.br\/noticias\/wp-json\/wp\/v2\/posts"}],"about":[{"href":"https:\/\/radiolifefm.com.br\/noticias\/wp-json\/wp\/v2\/types\/post"}],"author":[{"embeddable":true,"href":"https:\/\/radiolifefm.com.br\/noticias\/wp-json\/wp\/v2\/users\/13"}],"replies":[{"embeddable":true,"href":"https:\/\/radiolifefm.com.br\/noticias\/wp-json\/wp\/v2\/comments?post=67675"}],"version-history":[{"count":6,"href":"https:\/\/radiolifefm.com.br\/noticias\/wp-json\/wp\/v2\/posts\/67675\/revisions"}],"predecessor-version":[{"id":67770,"href":"https:\/\/radiolifefm.com.br\/noticias\/wp-json\/wp\/v2\/posts\/67675\/revisions\/67770"}],"wp:featuredmedia":[{"embeddable":true,"href":"https:\/\/radiolifefm.com.br\/noticias\/wp-json\/wp\/v2\/media\/67676"}],"wp:attachment":[{"href":"https:\/\/radiolifefm.com.br\/noticias\/wp-json\/wp\/v2\/media?parent=67675"}],"wp:term":[{"taxonomy":"category","embeddable":true,"href":"https:\/\/radiolifefm.com.br\/noticias\/wp-json\/wp\/v2\/categories?post=67675"},{"taxonomy":"post_tag","embeddable":true,"href":"https:\/\/radiolifefm.com.br\/noticias\/wp-json\/wp\/v2\/tags?post=67675"}],"curies":[{"name":"wp","href":"https:\/\/api.w.org\/{rel}","templated":true}]}}