{"id":67670,"date":"2023-04-01T20:44:18","date_gmt":"2023-04-01T23:44:18","guid":{"rendered":"https:\/\/radiolifefm.com.br\/noticias\/?p=67670"},"modified":"2026-03-23T20:20:19","modified_gmt":"2026-03-23T23:20:19","slug":"adamantinense-lanca-musica-autoral-crio-algo-diferente-e-unico-com-o-meu-estilo-destaca-michael-neryadamantina","status":"publish","type":"post","link":"https:\/\/radiolifefm.com.br\/noticias\/adamantinense-lanca-musica-autoral-crio-algo-diferente-e-unico-com-o-meu-estilo-destaca-michael-neryadamantina\/","title":{"rendered":"Adamantinense lan\u00e7a m\u00fasica autoral: \u201ccrio algo diferente e \u00fanico com o meu estilo\u201d, destaca Michael Nery"},"content":{"rendered":"<div id=\"fb-root\"><\/div>\n<p>Michael Nery, 28 anos. Mas, desde os 13, respira musicalidade! O adamantinense, que recentemente lan\u00e7ou uma nova can\u00e7\u00e3o, busca espa\u00e7o no cen\u00e1rio musical com estilo pr\u00f3prio, destacando a sua ess\u00eancia.<\/p>\n<p>Desde a escola, quando come\u00e7ou a ser alfabetizado, quase que simultaneamente iniciou a rimar e criar as pr\u00f3prias letras. No come\u00e7o, as par\u00f3dias dominavam as suas cria\u00e7\u00f5es. \u201cAli\u00e1s, me lembro at\u00e9 da primeira que criei, por volta da quarta ou quinta s\u00e9rie, em uma atividade de grupo em que a professora pediu para construir uma par\u00f3dia. Tomei \u00e0 frente e fiz quase que sozinho uma vers\u00e3o de Candy Shop, do rapper 50 Cent. Foi algo marcante\u201d, recorda.<\/p>\n<p>O gosto pelo rap, que predomina em seu estilo musical, iniciou de forma inusitada. De come\u00e7o, a sua rea\u00e7\u00e3o com o g\u00eanero foi igual da maioria das pessoas, com certo preconceito pelas falas pesadas de protestos, por\u00e9m, com o tempo, Nery se aprofundou nas letras e come\u00e7ou a entender todo o contexto por tr\u00e1s de cada estrofe. Isso ocorreu ainda na inf\u00e2ncia, por volta dos 8 anos, quando teve mais contato com a cultura hip-hop atrav\u00e9s de seu padrasto.<\/p>\n<p>\u201cEm meados de 2006, estourou um tipo de rap diferente, revolucion\u00e1rio, que basicamente \u00e9 o estilo que sigo at\u00e9 hoje. Quando escutei as m\u00fasicas do Mag que falavam de carros, baladas, percebi que tinha um jeito de me encaixar. Logo em seguida conheci os promissores cantores de Bras\u00edlia, que hoje s\u00e3o estourados no Brasil inteiro, como Hungria, Tribo da Periferia, Pacificadores, entre outros\u201d.<\/p>\n<p>Em 2009, o adamantinense se envolveu por inteiro com o rap, participando do grupo Ilus\u00f5es Vivas. J\u00e1 em 2014, ele lan\u00e7ou a primeira m\u00fasica intitulada \u2018F\u00e9 No Pai\u2019. \u201cRealizei o sonho de eternizar minha voz em algo criado por mim, foi t\u00e3o marcante que at\u00e9 tatuei no peito o nome da primeira m\u00fasica\u201d.<\/p>\n<p>Desde ent\u00e3o, foram muitas rimas, letras e can\u00e7\u00f5es produzidas por Nery. E, mais recentemente, o compositor lan\u00e7ou a m\u00fasica \u2018Cerveja\u2019. \u201cGosto de dizer que esta m\u00fasica \u00e9 praticamente uma \u201csofr\u00eancia com graves\u201d, com uma pegada melanc\u00f3lica do sertanejo universit\u00e1rio aliada as batidas pesadas do trap de bsb, tanto que alguns ve\u00edculos de comunica\u00e7\u00e3o j\u00e1 a considera um \u201cTrapnejo\u201d, popularizado em Bras\u00edlia pelo cantor Dan Lellis\u201d.<\/p>\n<p>Como em outras composi\u00e7\u00f5es, a lan\u00e7amento de Michael Nery relata hist\u00f3rias reais, \u00e0s vezes suas experi\u00eancias e outras, de conhecidos. \u201cN\u00e3o costumo seguir um padr\u00e3o ou chegar a copiar outro artista, geralmente uso os artistas e m\u00fasicas que gosto como refer\u00eancias. Junto um pouco de cada, coloco um pouco da minha ideia e crio algo diferente e \u00fanico, com o meu estilo, por isso que minhas m\u00fasicas nem sempre t\u00eam um padr\u00e3o de estilo e me considero aleat\u00f3rio\u201d, destaca.<\/p>\n<p>Os trabalhos do adamantinense podem ser acompanhados nas redes sociais e plataformas de m\u00fasica. S\u00f3 procurar por Michael Nery. Al\u00e9m de m\u00fasica, ele continua atuando com DJ em festas e eventos.<\/p>\n<p>&nbsp;<\/p>\n<p>Fonte: Impacto Noticias<\/p>\n","protected":false},"excerpt":{"rendered":"<p>Michael Nery, 28 anos. Mas, desde os 13, respira musicalidade! O adamantinense, que recentemente lan\u00e7ou uma nova can\u00e7\u00e3o, busca espa\u00e7o no cen\u00e1rio musical com estilo pr\u00f3prio, destacando a sua ess\u00eancia. Desde a escola, quando come\u00e7ou a ser alfabetizado, quase que simultaneamente iniciou a rimar e criar as pr\u00f3prias letras. No come\u00e7o, as par\u00f3dias dominavam as [&hellip;]<\/p>\n","protected":false},"author":13,"featured_media":67674,"comment_status":"closed","ping_status":"open","sticky":false,"template":"","format":"standard","meta":{"_acf_changed":false,"_exactmetrics_skip_tracking":false,"_exactmetrics_sitenote_active":false,"_exactmetrics_sitenote_note":"","_exactmetrics_sitenote_category":0,"footnotes":""},"categories":[21],"tags":[],"class_list":["post-67670","post","type-post","status-publish","format-standard","has-post-thumbnail","hentry","category-adamantina"],"acf":[],"yoast_head":"<!-- This site is optimized with the Yoast SEO plugin v27.2 - https:\/\/yoast.com\/product\/yoast-seo-wordpress\/ -->\n<title>Adamantinense lan\u00e7a m\u00fasica autoral: \u201ccrio algo diferente e \u00fanico com o meu estilo\u201d, destaca Michael Nery - R\u00e1dio Life FM<\/title>\n<meta name=\"robots\" content=\"index, follow, max-snippet:-1, max-image-preview:large, max-video-preview:-1\" \/>\n<link rel=\"canonical\" href=\"https:\/\/radiolifefm.com.br\/noticias\/adamantinense-lanca-musica-autoral-crio-algo-diferente-e-unico-com-o-meu-estilo-destaca-michael-neryadamantina\/\" \/>\n<meta property=\"og:locale\" content=\"pt_BR\" \/>\n<meta property=\"og:type\" content=\"article\" \/>\n<meta property=\"og:title\" content=\"Adamantinense lan\u00e7a m\u00fasica autoral: \u201ccrio algo diferente e \u00fanico com o meu estilo\u201d, destaca Michael Nery - R\u00e1dio Life FM\" \/>\n<meta property=\"og:description\" content=\"Michael Nery, 28 anos. Mas, desde os 13, respira musicalidade! O adamantinense, que recentemente lan\u00e7ou uma nova can\u00e7\u00e3o, busca espa\u00e7o no cen\u00e1rio musical com estilo pr\u00f3prio, destacando a sua ess\u00eancia. Desde a escola, quando come\u00e7ou a ser alfabetizado, quase que simultaneamente iniciou a rimar e criar as pr\u00f3prias letras. No come\u00e7o, as par\u00f3dias dominavam as [&hellip;]\" \/>\n<meta property=\"og:url\" content=\"https:\/\/radiolifefm.com.br\/noticias\/adamantinense-lanca-musica-autoral-crio-algo-diferente-e-unico-com-o-meu-estilo-destaca-michael-neryadamantina\/\" \/>\n<meta property=\"og:site_name\" content=\"R\u00e1dio Life FM\" \/>\n<meta property=\"article:publisher\" content=\"https:\/\/www.facebook.com\/radiolifefm\/\" \/>\n<meta property=\"article:published_time\" content=\"2023-04-01T23:44:18+00:00\" \/>\n<meta property=\"article:modified_time\" content=\"2026-03-23T23:20:19+00:00\" \/>\n<meta property=\"og:image\" content=\"https:\/\/radiolifefm.com.br\/noticias\/wp-content\/uploads\/2023\/04\/cats-1.jpg\" \/>\n\t<meta property=\"og:image:width\" content=\"571\" \/>\n\t<meta property=\"og:image:height\" content=\"377\" \/>\n\t<meta property=\"og:image:type\" content=\"image\/jpeg\" \/>\n<meta name=\"author\" content=\"ritanery\" \/>\n<meta name=\"twitter:card\" content=\"summary_large_image\" \/>\n<meta name=\"twitter:label1\" content=\"Escrito por\" \/>\n\t<meta name=\"twitter:data1\" content=\"ritanery\" \/>\n\t<meta name=\"twitter:label2\" content=\"Est. tempo de leitura\" \/>\n\t<meta name=\"twitter:data2\" content=\"3 minutos\" \/>\n<script type=\"application\/ld+json\" class=\"yoast-schema-graph\">{\"@context\":\"https:\/\/schema.org\",\"@graph\":[{\"@type\":\"Article\",\"@id\":\"https:\/\/radiolifefm.com.br\/noticias\/adamantinense-lanca-musica-autoral-crio-algo-diferente-e-unico-com-o-meu-estilo-destaca-michael-neryadamantina\/#article\",\"isPartOf\":{\"@id\":\"https:\/\/radiolifefm.com.br\/noticias\/adamantinense-lanca-musica-autoral-crio-algo-diferente-e-unico-com-o-meu-estilo-destaca-michael-neryadamantina\/\"},\"author\":{\"name\":\"ritanery\",\"@id\":\"https:\/\/radiolifefm.com.br\/noticias\/#\/schema\/person\/6339b9fac59d12b071dec680d7375d87\"},\"headline\":\"Adamantinense lan\u00e7a m\u00fasica autoral: \u201ccrio algo diferente e \u00fanico com o meu estilo\u201d, destaca Michael Nery\",\"datePublished\":\"2023-04-01T23:44:18+00:00\",\"dateModified\":\"2026-03-23T23:20:19+00:00\",\"mainEntityOfPage\":{\"@id\":\"https:\/\/radiolifefm.com.br\/noticias\/adamantinense-lanca-musica-autoral-crio-algo-diferente-e-unico-com-o-meu-estilo-destaca-michael-neryadamantina\/\"},\"wordCount\":547,\"publisher\":{\"@id\":\"https:\/\/radiolifefm.com.br\/noticias\/#organization\"},\"image\":{\"@id\":\"https:\/\/radiolifefm.com.br\/noticias\/adamantinense-lanca-musica-autoral-crio-algo-diferente-e-unico-com-o-meu-estilo-destaca-michael-neryadamantina\/#primaryimage\"},\"thumbnailUrl\":\"https:\/\/radiolifefm.com.br\/noticias\/wp-content\/uploads\/2023\/04\/cats-1.jpg\",\"articleSection\":[\"Adamantina\"],\"inLanguage\":\"pt-BR\"},{\"@type\":\"WebPage\",\"@id\":\"https:\/\/radiolifefm.com.br\/noticias\/adamantinense-lanca-musica-autoral-crio-algo-diferente-e-unico-com-o-meu-estilo-destaca-michael-neryadamantina\/\",\"url\":\"https:\/\/radiolifefm.com.br\/noticias\/adamantinense-lanca-musica-autoral-crio-algo-diferente-e-unico-com-o-meu-estilo-destaca-michael-neryadamantina\/\",\"name\":\"Adamantinense lan\u00e7a m\u00fasica autoral: \u201ccrio algo diferente e \u00fanico com o meu estilo\u201d, destaca Michael Nery - R\u00e1dio Life FM\",\"isPartOf\":{\"@id\":\"https:\/\/radiolifefm.com.br\/noticias\/#website\"},\"primaryImageOfPage\":{\"@id\":\"https:\/\/radiolifefm.com.br\/noticias\/adamantinense-lanca-musica-autoral-crio-algo-diferente-e-unico-com-o-meu-estilo-destaca-michael-neryadamantina\/#primaryimage\"},\"image\":{\"@id\":\"https:\/\/radiolifefm.com.br\/noticias\/adamantinense-lanca-musica-autoral-crio-algo-diferente-e-unico-com-o-meu-estilo-destaca-michael-neryadamantina\/#primaryimage\"},\"thumbnailUrl\":\"https:\/\/radiolifefm.com.br\/noticias\/wp-content\/uploads\/2023\/04\/cats-1.jpg\",\"datePublished\":\"2023-04-01T23:44:18+00:00\",\"dateModified\":\"2026-03-23T23:20:19+00:00\",\"breadcrumb\":{\"@id\":\"https:\/\/radiolifefm.com.br\/noticias\/adamantinense-lanca-musica-autoral-crio-algo-diferente-e-unico-com-o-meu-estilo-destaca-michael-neryadamantina\/#breadcrumb\"},\"inLanguage\":\"pt-BR\",\"potentialAction\":[{\"@type\":\"ReadAction\",\"target\":[\"https:\/\/radiolifefm.com.br\/noticias\/adamantinense-lanca-musica-autoral-crio-algo-diferente-e-unico-com-o-meu-estilo-destaca-michael-neryadamantina\/\"]}]},{\"@type\":\"ImageObject\",\"inLanguage\":\"pt-BR\",\"@id\":\"https:\/\/radiolifefm.com.br\/noticias\/adamantinense-lanca-musica-autoral-crio-algo-diferente-e-unico-com-o-meu-estilo-destaca-michael-neryadamantina\/#primaryimage\",\"url\":\"https:\/\/radiolifefm.com.br\/noticias\/wp-content\/uploads\/2023\/04\/cats-1.jpg\",\"contentUrl\":\"https:\/\/radiolifefm.com.br\/noticias\/wp-content\/uploads\/2023\/04\/cats-1.jpg\",\"width\":571,\"height\":377,\"caption\":\"Compositor, m\u00fasico e DJ, ele busca espa\u00e7o no cen\u00e1rio musical com a pr\u00f3pria ess\u00eancia\"},{\"@type\":\"BreadcrumbList\",\"@id\":\"https:\/\/radiolifefm.com.br\/noticias\/adamantinense-lanca-musica-autoral-crio-algo-diferente-e-unico-com-o-meu-estilo-destaca-michael-neryadamantina\/#breadcrumb\",\"itemListElement\":[{\"@type\":\"ListItem\",\"position\":1,\"name\":\"In\u00edcio\",\"item\":\"https:\/\/radiolifefm.com.br\/noticias\/\"},{\"@type\":\"ListItem\",\"position\":2,\"name\":\"Adamantinense lan\u00e7a m\u00fasica autoral: \u201ccrio algo diferente e \u00fanico com o meu estilo\u201d, destaca Michael Nery\"}]},{\"@type\":\"WebSite\",\"@id\":\"https:\/\/radiolifefm.com.br\/noticias\/#website\",\"url\":\"https:\/\/radiolifefm.com.br\/noticias\/\",\"name\":\"R\u00e1dio Life FM\",\"description\":\"O Portal de Not\u00edcias de Adamantina\",\"publisher\":{\"@id\":\"https:\/\/radiolifefm.com.br\/noticias\/#organization\"},\"alternateName\":\"Life FM\",\"potentialAction\":[{\"@type\":\"SearchAction\",\"target\":{\"@type\":\"EntryPoint\",\"urlTemplate\":\"https:\/\/radiolifefm.com.br\/noticias\/?s={search_term_string}\"},\"query-input\":{\"@type\":\"PropertyValueSpecification\",\"valueRequired\":true,\"valueName\":\"search_term_string\"}}],\"inLanguage\":\"pt-BR\"},{\"@type\":\"Organization\",\"@id\":\"https:\/\/radiolifefm.com.br\/noticias\/#organization\",\"name\":\"R\u00e1dio Life FM\",\"alternateName\":\"Life FM\",\"url\":\"https:\/\/radiolifefm.com.br\/noticias\/\",\"logo\":{\"@type\":\"ImageObject\",\"inLanguage\":\"pt-BR\",\"@id\":\"https:\/\/radiolifefm.com.br\/noticias\/#\/schema\/logo\/image\/\",\"url\":\"https:\/\/static.radiolifefm.com.br\/noticias\/wp-content\/uploads\/2019\/10\/logo-lifefm.png\",\"contentUrl\":\"https:\/\/static.radiolifefm.com.br\/noticias\/wp-content\/uploads\/2019\/10\/logo-lifefm.png\",\"width\":196,\"height\":47,\"caption\":\"R\u00e1dio Life FM\"},\"image\":{\"@id\":\"https:\/\/radiolifefm.com.br\/noticias\/#\/schema\/logo\/image\/\"},\"sameAs\":[\"https:\/\/www.facebook.com\/radiolifefm\/\",\"https:\/\/www.instagram.com\/life1079fm\/\"]},{\"@type\":\"Person\",\"@id\":\"https:\/\/radiolifefm.com.br\/noticias\/#\/schema\/person\/6339b9fac59d12b071dec680d7375d87\",\"name\":\"ritanery\",\"image\":{\"@type\":\"ImageObject\",\"inLanguage\":\"pt-BR\",\"@id\":\"https:\/\/secure.gravatar.com\/avatar\/0e37bb19071f47c0b8a23f62a903df117c5a0e75f65a0c2901562f97cd41cf86?s=96&d=mm&r=g\",\"url\":\"https:\/\/secure.gravatar.com\/avatar\/0e37bb19071f47c0b8a23f62a903df117c5a0e75f65a0c2901562f97cd41cf86?s=96&d=mm&r=g\",\"contentUrl\":\"https:\/\/secure.gravatar.com\/avatar\/0e37bb19071f47c0b8a23f62a903df117c5a0e75f65a0c2901562f97cd41cf86?s=96&d=mm&r=g\",\"caption\":\"ritanery\"}}]}<\/script>\n<!-- \/ Yoast SEO plugin. -->","yoast_head_json":{"title":"Adamantinense lan\u00e7a m\u00fasica autoral: \u201ccrio algo diferente e \u00fanico com o meu estilo\u201d, destaca Michael Nery - R\u00e1dio Life FM","robots":{"index":"index","follow":"follow","max-snippet":"max-snippet:-1","max-image-preview":"max-image-preview:large","max-video-preview":"max-video-preview:-1"},"canonical":"https:\/\/radiolifefm.com.br\/noticias\/adamantinense-lanca-musica-autoral-crio-algo-diferente-e-unico-com-o-meu-estilo-destaca-michael-neryadamantina\/","og_locale":"pt_BR","og_type":"article","og_title":"Adamantinense lan\u00e7a m\u00fasica autoral: \u201ccrio algo diferente e \u00fanico com o meu estilo\u201d, destaca Michael Nery - R\u00e1dio Life FM","og_description":"Michael Nery, 28 anos. Mas, desde os 13, respira musicalidade! O adamantinense, que recentemente lan\u00e7ou uma nova can\u00e7\u00e3o, busca espa\u00e7o no cen\u00e1rio musical com estilo pr\u00f3prio, destacando a sua ess\u00eancia. Desde a escola, quando come\u00e7ou a ser alfabetizado, quase que simultaneamente iniciou a rimar e criar as pr\u00f3prias letras. No come\u00e7o, as par\u00f3dias dominavam as [&hellip;]","og_url":"https:\/\/radiolifefm.com.br\/noticias\/adamantinense-lanca-musica-autoral-crio-algo-diferente-e-unico-com-o-meu-estilo-destaca-michael-neryadamantina\/","og_site_name":"R\u00e1dio Life FM","article_publisher":"https:\/\/www.facebook.com\/radiolifefm\/","article_published_time":"2023-04-01T23:44:18+00:00","article_modified_time":"2026-03-23T23:20:19+00:00","og_image":[{"width":571,"height":377,"url":"https:\/\/radiolifefm.com.br\/noticias\/wp-content\/uploads\/2023\/04\/cats-1.jpg","type":"image\/jpeg"}],"author":"ritanery","twitter_card":"summary_large_image","twitter_misc":{"Escrito por":"ritanery","Est. tempo de leitura":"3 minutos"},"schema":{"@context":"https:\/\/schema.org","@graph":[{"@type":"Article","@id":"https:\/\/radiolifefm.com.br\/noticias\/adamantinense-lanca-musica-autoral-crio-algo-diferente-e-unico-com-o-meu-estilo-destaca-michael-neryadamantina\/#article","isPartOf":{"@id":"https:\/\/radiolifefm.com.br\/noticias\/adamantinense-lanca-musica-autoral-crio-algo-diferente-e-unico-com-o-meu-estilo-destaca-michael-neryadamantina\/"},"author":{"name":"ritanery","@id":"https:\/\/radiolifefm.com.br\/noticias\/#\/schema\/person\/6339b9fac59d12b071dec680d7375d87"},"headline":"Adamantinense lan\u00e7a m\u00fasica autoral: \u201ccrio algo diferente e \u00fanico com o meu estilo\u201d, destaca Michael Nery","datePublished":"2023-04-01T23:44:18+00:00","dateModified":"2026-03-23T23:20:19+00:00","mainEntityOfPage":{"@id":"https:\/\/radiolifefm.com.br\/noticias\/adamantinense-lanca-musica-autoral-crio-algo-diferente-e-unico-com-o-meu-estilo-destaca-michael-neryadamantina\/"},"wordCount":547,"publisher":{"@id":"https:\/\/radiolifefm.com.br\/noticias\/#organization"},"image":{"@id":"https:\/\/radiolifefm.com.br\/noticias\/adamantinense-lanca-musica-autoral-crio-algo-diferente-e-unico-com-o-meu-estilo-destaca-michael-neryadamantina\/#primaryimage"},"thumbnailUrl":"https:\/\/radiolifefm.com.br\/noticias\/wp-content\/uploads\/2023\/04\/cats-1.jpg","articleSection":["Adamantina"],"inLanguage":"pt-BR"},{"@type":"WebPage","@id":"https:\/\/radiolifefm.com.br\/noticias\/adamantinense-lanca-musica-autoral-crio-algo-diferente-e-unico-com-o-meu-estilo-destaca-michael-neryadamantina\/","url":"https:\/\/radiolifefm.com.br\/noticias\/adamantinense-lanca-musica-autoral-crio-algo-diferente-e-unico-com-o-meu-estilo-destaca-michael-neryadamantina\/","name":"Adamantinense lan\u00e7a m\u00fasica autoral: \u201ccrio algo diferente e \u00fanico com o meu estilo\u201d, destaca Michael Nery - R\u00e1dio Life FM","isPartOf":{"@id":"https:\/\/radiolifefm.com.br\/noticias\/#website"},"primaryImageOfPage":{"@id":"https:\/\/radiolifefm.com.br\/noticias\/adamantinense-lanca-musica-autoral-crio-algo-diferente-e-unico-com-o-meu-estilo-destaca-michael-neryadamantina\/#primaryimage"},"image":{"@id":"https:\/\/radiolifefm.com.br\/noticias\/adamantinense-lanca-musica-autoral-crio-algo-diferente-e-unico-com-o-meu-estilo-destaca-michael-neryadamantina\/#primaryimage"},"thumbnailUrl":"https:\/\/radiolifefm.com.br\/noticias\/wp-content\/uploads\/2023\/04\/cats-1.jpg","datePublished":"2023-04-01T23:44:18+00:00","dateModified":"2026-03-23T23:20:19+00:00","breadcrumb":{"@id":"https:\/\/radiolifefm.com.br\/noticias\/adamantinense-lanca-musica-autoral-crio-algo-diferente-e-unico-com-o-meu-estilo-destaca-michael-neryadamantina\/#breadcrumb"},"inLanguage":"pt-BR","potentialAction":[{"@type":"ReadAction","target":["https:\/\/radiolifefm.com.br\/noticias\/adamantinense-lanca-musica-autoral-crio-algo-diferente-e-unico-com-o-meu-estilo-destaca-michael-neryadamantina\/"]}]},{"@type":"ImageObject","inLanguage":"pt-BR","@id":"https:\/\/radiolifefm.com.br\/noticias\/adamantinense-lanca-musica-autoral-crio-algo-diferente-e-unico-com-o-meu-estilo-destaca-michael-neryadamantina\/#primaryimage","url":"https:\/\/radiolifefm.com.br\/noticias\/wp-content\/uploads\/2023\/04\/cats-1.jpg","contentUrl":"https:\/\/radiolifefm.com.br\/noticias\/wp-content\/uploads\/2023\/04\/cats-1.jpg","width":571,"height":377,"caption":"Compositor, m\u00fasico e DJ, ele busca espa\u00e7o no cen\u00e1rio musical com a pr\u00f3pria ess\u00eancia"},{"@type":"BreadcrumbList","@id":"https:\/\/radiolifefm.com.br\/noticias\/adamantinense-lanca-musica-autoral-crio-algo-diferente-e-unico-com-o-meu-estilo-destaca-michael-neryadamantina\/#breadcrumb","itemListElement":[{"@type":"ListItem","position":1,"name":"In\u00edcio","item":"https:\/\/radiolifefm.com.br\/noticias\/"},{"@type":"ListItem","position":2,"name":"Adamantinense lan\u00e7a m\u00fasica autoral: \u201ccrio algo diferente e \u00fanico com o meu estilo\u201d, destaca Michael Nery"}]},{"@type":"WebSite","@id":"https:\/\/radiolifefm.com.br\/noticias\/#website","url":"https:\/\/radiolifefm.com.br\/noticias\/","name":"R\u00e1dio Life FM","description":"O Portal de Not\u00edcias de Adamantina","publisher":{"@id":"https:\/\/radiolifefm.com.br\/noticias\/#organization"},"alternateName":"Life FM","potentialAction":[{"@type":"SearchAction","target":{"@type":"EntryPoint","urlTemplate":"https:\/\/radiolifefm.com.br\/noticias\/?s={search_term_string}"},"query-input":{"@type":"PropertyValueSpecification","valueRequired":true,"valueName":"search_term_string"}}],"inLanguage":"pt-BR"},{"@type":"Organization","@id":"https:\/\/radiolifefm.com.br\/noticias\/#organization","name":"R\u00e1dio Life FM","alternateName":"Life FM","url":"https:\/\/radiolifefm.com.br\/noticias\/","logo":{"@type":"ImageObject","inLanguage":"pt-BR","@id":"https:\/\/radiolifefm.com.br\/noticias\/#\/schema\/logo\/image\/","url":"https:\/\/static.radiolifefm.com.br\/noticias\/wp-content\/uploads\/2019\/10\/logo-lifefm.png","contentUrl":"https:\/\/static.radiolifefm.com.br\/noticias\/wp-content\/uploads\/2019\/10\/logo-lifefm.png","width":196,"height":47,"caption":"R\u00e1dio Life FM"},"image":{"@id":"https:\/\/radiolifefm.com.br\/noticias\/#\/schema\/logo\/image\/"},"sameAs":["https:\/\/www.facebook.com\/radiolifefm\/","https:\/\/www.instagram.com\/life1079fm\/"]},{"@type":"Person","@id":"https:\/\/radiolifefm.com.br\/noticias\/#\/schema\/person\/6339b9fac59d12b071dec680d7375d87","name":"ritanery","image":{"@type":"ImageObject","inLanguage":"pt-BR","@id":"https:\/\/secure.gravatar.com\/avatar\/0e37bb19071f47c0b8a23f62a903df117c5a0e75f65a0c2901562f97cd41cf86?s=96&d=mm&r=g","url":"https:\/\/secure.gravatar.com\/avatar\/0e37bb19071f47c0b8a23f62a903df117c5a0e75f65a0c2901562f97cd41cf86?s=96&d=mm&r=g","contentUrl":"https:\/\/secure.gravatar.com\/avatar\/0e37bb19071f47c0b8a23f62a903df117c5a0e75f65a0c2901562f97cd41cf86?s=96&d=mm&r=g","caption":"ritanery"}}]}},"amp_enabled":true,"_links":{"self":[{"href":"https:\/\/radiolifefm.com.br\/noticias\/wp-json\/wp\/v2\/posts\/67670","targetHints":{"allow":["GET"]}}],"collection":[{"href":"https:\/\/radiolifefm.com.br\/noticias\/wp-json\/wp\/v2\/posts"}],"about":[{"href":"https:\/\/radiolifefm.com.br\/noticias\/wp-json\/wp\/v2\/types\/post"}],"author":[{"embeddable":true,"href":"https:\/\/radiolifefm.com.br\/noticias\/wp-json\/wp\/v2\/users\/13"}],"replies":[{"embeddable":true,"href":"https:\/\/radiolifefm.com.br\/noticias\/wp-json\/wp\/v2\/comments?post=67670"}],"version-history":[{"count":2,"href":"https:\/\/radiolifefm.com.br\/noticias\/wp-json\/wp\/v2\/posts\/67670\/revisions"}],"predecessor-version":[{"id":67673,"href":"https:\/\/radiolifefm.com.br\/noticias\/wp-json\/wp\/v2\/posts\/67670\/revisions\/67673"}],"wp:featuredmedia":[{"embeddable":true,"href":"https:\/\/radiolifefm.com.br\/noticias\/wp-json\/wp\/v2\/media\/67674"}],"wp:attachment":[{"href":"https:\/\/radiolifefm.com.br\/noticias\/wp-json\/wp\/v2\/media?parent=67670"}],"wp:term":[{"taxonomy":"category","embeddable":true,"href":"https:\/\/radiolifefm.com.br\/noticias\/wp-json\/wp\/v2\/categories?post=67670"},{"taxonomy":"post_tag","embeddable":true,"href":"https:\/\/radiolifefm.com.br\/noticias\/wp-json\/wp\/v2\/tags?post=67670"}],"curies":[{"name":"wp","href":"https:\/\/api.w.org\/{rel}","templated":true}]}}