{"id":67538,"date":"2023-03-30T15:42:03","date_gmt":"2023-03-30T18:42:03","guid":{"rendered":"https:\/\/radiolifefm.com.br\/noticias\/?p=67538"},"modified":"2026-04-08T12:22:30","modified_gmt":"2026-04-08T15:22:30","slug":"prefeitura-de-adamantina-inaugura-novas-instalacoes-e-modernizacao-da-biblioteca-municipal-jurema-citelli","status":"publish","type":"post","link":"https:\/\/radiolifefm.com.br\/noticias\/prefeitura-de-adamantina-inaugura-novas-instalacoes-e-modernizacao-da-biblioteca-municipal-jurema-citelli\/","title":{"rendered":"Prefeitura de Adamantina inaugura novas instala\u00e7\u00f5es e moderniza\u00e7\u00e3o da Biblioteca Municipal \u201cJurema Citelli\u201d"},"content":{"rendered":"<div id=\"fb-root\"><\/div>\n<div>Segunda-feira, 3 de abril, a Prefeitura de Adamantina acontece a inaugura\u00e7\u00e3o das novas instala\u00e7\u00f5es e a moderniza\u00e7\u00e3o da Biblioteca Municipal \u201cJurema Citelli\u201d que possui um acervo de mais de 25 mil t\u00edtulos.<\/div>\n<div><\/div>\n<div>Ser\u00e1 realizada ainda a presta\u00e7\u00e3o de contas da emenda parlamentar de 150 mil destinada ao setor cultural do munic\u00edpio, por meio da ent\u00e3o deputada estadual Damaris Moura, realizada atrav\u00e9s da Casa Civil para ser utilizada em despesas de capital.<\/div>\n<div><\/div>\n<div>Com o valor, a Secretaria de Cultura e Turismo investiu R$60 mil na aquisi\u00e7\u00e3o de instrumentos musicais para a Escola de M\u00fasica e 90 mil reais para a compra do novo mobili\u00e1rio e a moderniza\u00e7\u00e3o da biblioteca.<\/div>\n<p>&nbsp;<\/p>\n<div>\u201cConvidamos a popula\u00e7\u00e3o n\u00e3o s\u00f3 para prestigiar a inaugura\u00e7\u00e3o como tamb\u00e9m usufruir do espa\u00e7o que foi completamente modernizado. A nossa biblioteca \u00e9 um local onde \u00e9 poss\u00edvel compartilhar conhecimento e tudo o que fizemos \u00e9 justamente para que os usu\u00e1rios tenham mais conforto e mais pessoas venham a utilizar\u201d afirma o secret\u00e1rio de Cultura e Turismo, S\u00e9rgio Vanderlei da Silva.<\/div>\n<div><\/div>\n<div>Fonte: Assessoria de Imprensa<\/div>\n","protected":false},"excerpt":{"rendered":"<p>Segunda-feira, 3 de abril, a Prefeitura de Adamantina acontece a inaugura\u00e7\u00e3o das novas instala\u00e7\u00f5es e a moderniza\u00e7\u00e3o da Biblioteca Municipal \u201cJurema Citelli\u201d que possui um acervo de mais de 25 mil t\u00edtulos. Ser\u00e1 realizada ainda a presta\u00e7\u00e3o de contas da emenda parlamentar de 150 mil destinada ao setor cultural do munic\u00edpio, por meio da ent\u00e3o [&hellip;]<\/p>\n","protected":false},"author":13,"featured_media":67539,"comment_status":"closed","ping_status":"open","sticky":false,"template":"","format":"standard","meta":{"_acf_changed":false,"_exactmetrics_skip_tracking":false,"_exactmetrics_sitenote_active":false,"_exactmetrics_sitenote_note":"","_exactmetrics_sitenote_category":0,"footnotes":""},"categories":[21],"tags":[],"class_list":["post-67538","post","type-post","status-publish","format-standard","has-post-thumbnail","hentry","category-adamantina"],"acf":[],"yoast_head":"<!-- This site is optimized with the Yoast SEO plugin v27.2 - https:\/\/yoast.com\/product\/yoast-seo-wordpress\/ -->\n<title>Prefeitura de Adamantina inaugura novas instala\u00e7\u00f5es e moderniza\u00e7\u00e3o da Biblioteca Municipal \u201cJurema Citelli\u201d - R\u00e1dio Life FM<\/title>\n<meta name=\"robots\" content=\"index, follow, max-snippet:-1, max-image-preview:large, max-video-preview:-1\" \/>\n<link rel=\"canonical\" href=\"https:\/\/radiolifefm.com.br\/noticias\/prefeitura-de-adamantina-inaugura-novas-instalacoes-e-modernizacao-da-biblioteca-municipal-jurema-citelli\/\" \/>\n<meta property=\"og:locale\" content=\"pt_BR\" \/>\n<meta property=\"og:type\" content=\"article\" \/>\n<meta property=\"og:title\" content=\"Prefeitura de Adamantina inaugura novas instala\u00e7\u00f5es e moderniza\u00e7\u00e3o da Biblioteca Municipal \u201cJurema Citelli\u201d - R\u00e1dio Life FM\" \/>\n<meta property=\"og:description\" content=\"Segunda-feira, 3 de abril, a Prefeitura de Adamantina acontece a inaugura\u00e7\u00e3o das novas instala\u00e7\u00f5es e a moderniza\u00e7\u00e3o da Biblioteca Municipal \u201cJurema Citelli\u201d que possui um acervo de mais de 25 mil t\u00edtulos. Ser\u00e1 realizada ainda a presta\u00e7\u00e3o de contas da emenda parlamentar de 150 mil destinada ao setor cultural do munic\u00edpio, por meio da ent\u00e3o [&hellip;]\" \/>\n<meta property=\"og:url\" content=\"https:\/\/radiolifefm.com.br\/noticias\/prefeitura-de-adamantina-inaugura-novas-instalacoes-e-modernizacao-da-biblioteca-municipal-jurema-citelli\/\" \/>\n<meta property=\"og:site_name\" content=\"R\u00e1dio Life FM\" \/>\n<meta property=\"article:publisher\" content=\"https:\/\/www.facebook.com\/radiolifefm\/\" \/>\n<meta property=\"article:published_time\" content=\"2023-03-30T18:42:03+00:00\" \/>\n<meta property=\"article:modified_time\" content=\"2026-04-08T15:22:30+00:00\" \/>\n<meta property=\"og:image\" content=\"https:\/\/radiolifefm.com.br\/noticias\/wp-content\/uploads\/2023\/03\/453df1d3c6ceddd5983ebb50b444325a.jpg\" \/>\n\t<meta property=\"og:image:width\" content=\"800\" \/>\n\t<meta property=\"og:image:height\" content=\"449\" \/>\n\t<meta property=\"og:image:type\" content=\"image\/jpeg\" \/>\n<meta name=\"author\" content=\"ritanery\" \/>\n<meta name=\"twitter:card\" content=\"summary_large_image\" \/>\n<meta name=\"twitter:label1\" content=\"Escrito por\" \/>\n\t<meta name=\"twitter:data1\" content=\"ritanery\" \/>\n\t<meta name=\"twitter:label2\" content=\"Est. tempo de leitura\" \/>\n\t<meta name=\"twitter:data2\" content=\"1 minuto\" \/>\n<script type=\"application\/ld+json\" class=\"yoast-schema-graph\">{\"@context\":\"https:\/\/schema.org\",\"@graph\":[{\"@type\":\"Article\",\"@id\":\"https:\/\/radiolifefm.com.br\/noticias\/prefeitura-de-adamantina-inaugura-novas-instalacoes-e-modernizacao-da-biblioteca-municipal-jurema-citelli\/#article\",\"isPartOf\":{\"@id\":\"https:\/\/radiolifefm.com.br\/noticias\/prefeitura-de-adamantina-inaugura-novas-instalacoes-e-modernizacao-da-biblioteca-municipal-jurema-citelli\/\"},\"author\":{\"name\":\"ritanery\",\"@id\":\"https:\/\/radiolifefm.com.br\/noticias\/#\/schema\/person\/6339b9fac59d12b071dec680d7375d87\"},\"headline\":\"Prefeitura de Adamantina inaugura novas instala\u00e7\u00f5es e moderniza\u00e7\u00e3o da Biblioteca Municipal \u201cJurema Citelli\u201d\",\"datePublished\":\"2023-03-30T18:42:03+00:00\",\"dateModified\":\"2026-04-08T15:22:30+00:00\",\"mainEntityOfPage\":{\"@id\":\"https:\/\/radiolifefm.com.br\/noticias\/prefeitura-de-adamantina-inaugura-novas-instalacoes-e-modernizacao-da-biblioteca-municipal-jurema-citelli\/\"},\"wordCount\":202,\"publisher\":{\"@id\":\"https:\/\/radiolifefm.com.br\/noticias\/#organization\"},\"image\":{\"@id\":\"https:\/\/radiolifefm.com.br\/noticias\/prefeitura-de-adamantina-inaugura-novas-instalacoes-e-modernizacao-da-biblioteca-municipal-jurema-citelli\/#primaryimage\"},\"thumbnailUrl\":\"https:\/\/radiolifefm.com.br\/noticias\/wp-content\/uploads\/2023\/03\/453df1d3c6ceddd5983ebb50b444325a.jpg\",\"articleSection\":[\"Adamantina\"],\"inLanguage\":\"pt-BR\"},{\"@type\":\"WebPage\",\"@id\":\"https:\/\/radiolifefm.com.br\/noticias\/prefeitura-de-adamantina-inaugura-novas-instalacoes-e-modernizacao-da-biblioteca-municipal-jurema-citelli\/\",\"url\":\"https:\/\/radiolifefm.com.br\/noticias\/prefeitura-de-adamantina-inaugura-novas-instalacoes-e-modernizacao-da-biblioteca-municipal-jurema-citelli\/\",\"name\":\"Prefeitura de Adamantina inaugura novas instala\u00e7\u00f5es e moderniza\u00e7\u00e3o da Biblioteca Municipal \u201cJurema Citelli\u201d - R\u00e1dio Life FM\",\"isPartOf\":{\"@id\":\"https:\/\/radiolifefm.com.br\/noticias\/#website\"},\"primaryImageOfPage\":{\"@id\":\"https:\/\/radiolifefm.com.br\/noticias\/prefeitura-de-adamantina-inaugura-novas-instalacoes-e-modernizacao-da-biblioteca-municipal-jurema-citelli\/#primaryimage\"},\"image\":{\"@id\":\"https:\/\/radiolifefm.com.br\/noticias\/prefeitura-de-adamantina-inaugura-novas-instalacoes-e-modernizacao-da-biblioteca-municipal-jurema-citelli\/#primaryimage\"},\"thumbnailUrl\":\"https:\/\/radiolifefm.com.br\/noticias\/wp-content\/uploads\/2023\/03\/453df1d3c6ceddd5983ebb50b444325a.jpg\",\"datePublished\":\"2023-03-30T18:42:03+00:00\",\"dateModified\":\"2026-04-08T15:22:30+00:00\",\"breadcrumb\":{\"@id\":\"https:\/\/radiolifefm.com.br\/noticias\/prefeitura-de-adamantina-inaugura-novas-instalacoes-e-modernizacao-da-biblioteca-municipal-jurema-citelli\/#breadcrumb\"},\"inLanguage\":\"pt-BR\",\"potentialAction\":[{\"@type\":\"ReadAction\",\"target\":[\"https:\/\/radiolifefm.com.br\/noticias\/prefeitura-de-adamantina-inaugura-novas-instalacoes-e-modernizacao-da-biblioteca-municipal-jurema-citelli\/\"]}]},{\"@type\":\"ImageObject\",\"inLanguage\":\"pt-BR\",\"@id\":\"https:\/\/radiolifefm.com.br\/noticias\/prefeitura-de-adamantina-inaugura-novas-instalacoes-e-modernizacao-da-biblioteca-municipal-jurema-citelli\/#primaryimage\",\"url\":\"https:\/\/radiolifefm.com.br\/noticias\/wp-content\/uploads\/2023\/03\/453df1d3c6ceddd5983ebb50b444325a.jpg\",\"contentUrl\":\"https:\/\/radiolifefm.com.br\/noticias\/wp-content\/uploads\/2023\/03\/453df1d3c6ceddd5983ebb50b444325a.jpg\",\"width\":800,\"height\":449,\"caption\":\"No local, foram investidos 90 mil reais para compra de novo mobili\u00e1rio\"},{\"@type\":\"BreadcrumbList\",\"@id\":\"https:\/\/radiolifefm.com.br\/noticias\/prefeitura-de-adamantina-inaugura-novas-instalacoes-e-modernizacao-da-biblioteca-municipal-jurema-citelli\/#breadcrumb\",\"itemListElement\":[{\"@type\":\"ListItem\",\"position\":1,\"name\":\"In\u00edcio\",\"item\":\"https:\/\/radiolifefm.com.br\/noticias\/\"},{\"@type\":\"ListItem\",\"position\":2,\"name\":\"Prefeitura de Adamantina inaugura novas instala\u00e7\u00f5es e moderniza\u00e7\u00e3o da Biblioteca Municipal \u201cJurema Citelli\u201d\"}]},{\"@type\":\"WebSite\",\"@id\":\"https:\/\/radiolifefm.com.br\/noticias\/#website\",\"url\":\"https:\/\/radiolifefm.com.br\/noticias\/\",\"name\":\"R\u00e1dio Life FM\",\"description\":\"O Portal de Not\u00edcias de Adamantina\",\"publisher\":{\"@id\":\"https:\/\/radiolifefm.com.br\/noticias\/#organization\"},\"alternateName\":\"Life FM\",\"potentialAction\":[{\"@type\":\"SearchAction\",\"target\":{\"@type\":\"EntryPoint\",\"urlTemplate\":\"https:\/\/radiolifefm.com.br\/noticias\/?s={search_term_string}\"},\"query-input\":{\"@type\":\"PropertyValueSpecification\",\"valueRequired\":true,\"valueName\":\"search_term_string\"}}],\"inLanguage\":\"pt-BR\"},{\"@type\":\"Organization\",\"@id\":\"https:\/\/radiolifefm.com.br\/noticias\/#organization\",\"name\":\"R\u00e1dio Life FM\",\"alternateName\":\"Life FM\",\"url\":\"https:\/\/radiolifefm.com.br\/noticias\/\",\"logo\":{\"@type\":\"ImageObject\",\"inLanguage\":\"pt-BR\",\"@id\":\"https:\/\/radiolifefm.com.br\/noticias\/#\/schema\/logo\/image\/\",\"url\":\"https:\/\/static.radiolifefm.com.br\/noticias\/wp-content\/uploads\/2019\/10\/logo-lifefm.png\",\"contentUrl\":\"https:\/\/static.radiolifefm.com.br\/noticias\/wp-content\/uploads\/2019\/10\/logo-lifefm.png\",\"width\":196,\"height\":47,\"caption\":\"R\u00e1dio Life FM\"},\"image\":{\"@id\":\"https:\/\/radiolifefm.com.br\/noticias\/#\/schema\/logo\/image\/\"},\"sameAs\":[\"https:\/\/www.facebook.com\/radiolifefm\/\",\"https:\/\/www.instagram.com\/life1079fm\/\"]},{\"@type\":\"Person\",\"@id\":\"https:\/\/radiolifefm.com.br\/noticias\/#\/schema\/person\/6339b9fac59d12b071dec680d7375d87\",\"name\":\"ritanery\",\"image\":{\"@type\":\"ImageObject\",\"inLanguage\":\"pt-BR\",\"@id\":\"https:\/\/secure.gravatar.com\/avatar\/0e37bb19071f47c0b8a23f62a903df117c5a0e75f65a0c2901562f97cd41cf86?s=96&d=mm&r=g\",\"url\":\"https:\/\/secure.gravatar.com\/avatar\/0e37bb19071f47c0b8a23f62a903df117c5a0e75f65a0c2901562f97cd41cf86?s=96&d=mm&r=g\",\"contentUrl\":\"https:\/\/secure.gravatar.com\/avatar\/0e37bb19071f47c0b8a23f62a903df117c5a0e75f65a0c2901562f97cd41cf86?s=96&d=mm&r=g\",\"caption\":\"ritanery\"}}]}<\/script>\n<!-- \/ Yoast SEO plugin. -->","yoast_head_json":{"title":"Prefeitura de Adamantina inaugura novas instala\u00e7\u00f5es e moderniza\u00e7\u00e3o da Biblioteca Municipal \u201cJurema Citelli\u201d - R\u00e1dio Life FM","robots":{"index":"index","follow":"follow","max-snippet":"max-snippet:-1","max-image-preview":"max-image-preview:large","max-video-preview":"max-video-preview:-1"},"canonical":"https:\/\/radiolifefm.com.br\/noticias\/prefeitura-de-adamantina-inaugura-novas-instalacoes-e-modernizacao-da-biblioteca-municipal-jurema-citelli\/","og_locale":"pt_BR","og_type":"article","og_title":"Prefeitura de Adamantina inaugura novas instala\u00e7\u00f5es e moderniza\u00e7\u00e3o da Biblioteca Municipal \u201cJurema Citelli\u201d - R\u00e1dio Life FM","og_description":"Segunda-feira, 3 de abril, a Prefeitura de Adamantina acontece a inaugura\u00e7\u00e3o das novas instala\u00e7\u00f5es e a moderniza\u00e7\u00e3o da Biblioteca Municipal \u201cJurema Citelli\u201d que possui um acervo de mais de 25 mil t\u00edtulos. Ser\u00e1 realizada ainda a presta\u00e7\u00e3o de contas da emenda parlamentar de 150 mil destinada ao setor cultural do munic\u00edpio, por meio da ent\u00e3o [&hellip;]","og_url":"https:\/\/radiolifefm.com.br\/noticias\/prefeitura-de-adamantina-inaugura-novas-instalacoes-e-modernizacao-da-biblioteca-municipal-jurema-citelli\/","og_site_name":"R\u00e1dio Life FM","article_publisher":"https:\/\/www.facebook.com\/radiolifefm\/","article_published_time":"2023-03-30T18:42:03+00:00","article_modified_time":"2026-04-08T15:22:30+00:00","og_image":[{"width":800,"height":449,"url":"https:\/\/radiolifefm.com.br\/noticias\/wp-content\/uploads\/2023\/03\/453df1d3c6ceddd5983ebb50b444325a.jpg","type":"image\/jpeg"}],"author":"ritanery","twitter_card":"summary_large_image","twitter_misc":{"Escrito por":"ritanery","Est. tempo de leitura":"1 minuto"},"schema":{"@context":"https:\/\/schema.org","@graph":[{"@type":"Article","@id":"https:\/\/radiolifefm.com.br\/noticias\/prefeitura-de-adamantina-inaugura-novas-instalacoes-e-modernizacao-da-biblioteca-municipal-jurema-citelli\/#article","isPartOf":{"@id":"https:\/\/radiolifefm.com.br\/noticias\/prefeitura-de-adamantina-inaugura-novas-instalacoes-e-modernizacao-da-biblioteca-municipal-jurema-citelli\/"},"author":{"name":"ritanery","@id":"https:\/\/radiolifefm.com.br\/noticias\/#\/schema\/person\/6339b9fac59d12b071dec680d7375d87"},"headline":"Prefeitura de Adamantina inaugura novas instala\u00e7\u00f5es e moderniza\u00e7\u00e3o da Biblioteca Municipal \u201cJurema Citelli\u201d","datePublished":"2023-03-30T18:42:03+00:00","dateModified":"2026-04-08T15:22:30+00:00","mainEntityOfPage":{"@id":"https:\/\/radiolifefm.com.br\/noticias\/prefeitura-de-adamantina-inaugura-novas-instalacoes-e-modernizacao-da-biblioteca-municipal-jurema-citelli\/"},"wordCount":202,"publisher":{"@id":"https:\/\/radiolifefm.com.br\/noticias\/#organization"},"image":{"@id":"https:\/\/radiolifefm.com.br\/noticias\/prefeitura-de-adamantina-inaugura-novas-instalacoes-e-modernizacao-da-biblioteca-municipal-jurema-citelli\/#primaryimage"},"thumbnailUrl":"https:\/\/radiolifefm.com.br\/noticias\/wp-content\/uploads\/2023\/03\/453df1d3c6ceddd5983ebb50b444325a.jpg","articleSection":["Adamantina"],"inLanguage":"pt-BR"},{"@type":"WebPage","@id":"https:\/\/radiolifefm.com.br\/noticias\/prefeitura-de-adamantina-inaugura-novas-instalacoes-e-modernizacao-da-biblioteca-municipal-jurema-citelli\/","url":"https:\/\/radiolifefm.com.br\/noticias\/prefeitura-de-adamantina-inaugura-novas-instalacoes-e-modernizacao-da-biblioteca-municipal-jurema-citelli\/","name":"Prefeitura de Adamantina inaugura novas instala\u00e7\u00f5es e moderniza\u00e7\u00e3o da Biblioteca Municipal \u201cJurema Citelli\u201d - R\u00e1dio Life FM","isPartOf":{"@id":"https:\/\/radiolifefm.com.br\/noticias\/#website"},"primaryImageOfPage":{"@id":"https:\/\/radiolifefm.com.br\/noticias\/prefeitura-de-adamantina-inaugura-novas-instalacoes-e-modernizacao-da-biblioteca-municipal-jurema-citelli\/#primaryimage"},"image":{"@id":"https:\/\/radiolifefm.com.br\/noticias\/prefeitura-de-adamantina-inaugura-novas-instalacoes-e-modernizacao-da-biblioteca-municipal-jurema-citelli\/#primaryimage"},"thumbnailUrl":"https:\/\/radiolifefm.com.br\/noticias\/wp-content\/uploads\/2023\/03\/453df1d3c6ceddd5983ebb50b444325a.jpg","datePublished":"2023-03-30T18:42:03+00:00","dateModified":"2026-04-08T15:22:30+00:00","breadcrumb":{"@id":"https:\/\/radiolifefm.com.br\/noticias\/prefeitura-de-adamantina-inaugura-novas-instalacoes-e-modernizacao-da-biblioteca-municipal-jurema-citelli\/#breadcrumb"},"inLanguage":"pt-BR","potentialAction":[{"@type":"ReadAction","target":["https:\/\/radiolifefm.com.br\/noticias\/prefeitura-de-adamantina-inaugura-novas-instalacoes-e-modernizacao-da-biblioteca-municipal-jurema-citelli\/"]}]},{"@type":"ImageObject","inLanguage":"pt-BR","@id":"https:\/\/radiolifefm.com.br\/noticias\/prefeitura-de-adamantina-inaugura-novas-instalacoes-e-modernizacao-da-biblioteca-municipal-jurema-citelli\/#primaryimage","url":"https:\/\/radiolifefm.com.br\/noticias\/wp-content\/uploads\/2023\/03\/453df1d3c6ceddd5983ebb50b444325a.jpg","contentUrl":"https:\/\/radiolifefm.com.br\/noticias\/wp-content\/uploads\/2023\/03\/453df1d3c6ceddd5983ebb50b444325a.jpg","width":800,"height":449,"caption":"No local, foram investidos 90 mil reais para compra de novo mobili\u00e1rio"},{"@type":"BreadcrumbList","@id":"https:\/\/radiolifefm.com.br\/noticias\/prefeitura-de-adamantina-inaugura-novas-instalacoes-e-modernizacao-da-biblioteca-municipal-jurema-citelli\/#breadcrumb","itemListElement":[{"@type":"ListItem","position":1,"name":"In\u00edcio","item":"https:\/\/radiolifefm.com.br\/noticias\/"},{"@type":"ListItem","position":2,"name":"Prefeitura de Adamantina inaugura novas instala\u00e7\u00f5es e moderniza\u00e7\u00e3o da Biblioteca Municipal \u201cJurema Citelli\u201d"}]},{"@type":"WebSite","@id":"https:\/\/radiolifefm.com.br\/noticias\/#website","url":"https:\/\/radiolifefm.com.br\/noticias\/","name":"R\u00e1dio Life FM","description":"O Portal de Not\u00edcias de Adamantina","publisher":{"@id":"https:\/\/radiolifefm.com.br\/noticias\/#organization"},"alternateName":"Life FM","potentialAction":[{"@type":"SearchAction","target":{"@type":"EntryPoint","urlTemplate":"https:\/\/radiolifefm.com.br\/noticias\/?s={search_term_string}"},"query-input":{"@type":"PropertyValueSpecification","valueRequired":true,"valueName":"search_term_string"}}],"inLanguage":"pt-BR"},{"@type":"Organization","@id":"https:\/\/radiolifefm.com.br\/noticias\/#organization","name":"R\u00e1dio Life FM","alternateName":"Life FM","url":"https:\/\/radiolifefm.com.br\/noticias\/","logo":{"@type":"ImageObject","inLanguage":"pt-BR","@id":"https:\/\/radiolifefm.com.br\/noticias\/#\/schema\/logo\/image\/","url":"https:\/\/static.radiolifefm.com.br\/noticias\/wp-content\/uploads\/2019\/10\/logo-lifefm.png","contentUrl":"https:\/\/static.radiolifefm.com.br\/noticias\/wp-content\/uploads\/2019\/10\/logo-lifefm.png","width":196,"height":47,"caption":"R\u00e1dio Life FM"},"image":{"@id":"https:\/\/radiolifefm.com.br\/noticias\/#\/schema\/logo\/image\/"},"sameAs":["https:\/\/www.facebook.com\/radiolifefm\/","https:\/\/www.instagram.com\/life1079fm\/"]},{"@type":"Person","@id":"https:\/\/radiolifefm.com.br\/noticias\/#\/schema\/person\/6339b9fac59d12b071dec680d7375d87","name":"ritanery","image":{"@type":"ImageObject","inLanguage":"pt-BR","@id":"https:\/\/secure.gravatar.com\/avatar\/0e37bb19071f47c0b8a23f62a903df117c5a0e75f65a0c2901562f97cd41cf86?s=96&d=mm&r=g","url":"https:\/\/secure.gravatar.com\/avatar\/0e37bb19071f47c0b8a23f62a903df117c5a0e75f65a0c2901562f97cd41cf86?s=96&d=mm&r=g","contentUrl":"https:\/\/secure.gravatar.com\/avatar\/0e37bb19071f47c0b8a23f62a903df117c5a0e75f65a0c2901562f97cd41cf86?s=96&d=mm&r=g","caption":"ritanery"}}]}},"amp_enabled":true,"_links":{"self":[{"href":"https:\/\/radiolifefm.com.br\/noticias\/wp-json\/wp\/v2\/posts\/67538","targetHints":{"allow":["GET"]}}],"collection":[{"href":"https:\/\/radiolifefm.com.br\/noticias\/wp-json\/wp\/v2\/posts"}],"about":[{"href":"https:\/\/radiolifefm.com.br\/noticias\/wp-json\/wp\/v2\/types\/post"}],"author":[{"embeddable":true,"href":"https:\/\/radiolifefm.com.br\/noticias\/wp-json\/wp\/v2\/users\/13"}],"replies":[{"embeddable":true,"href":"https:\/\/radiolifefm.com.br\/noticias\/wp-json\/wp\/v2\/comments?post=67538"}],"version-history":[{"count":1,"href":"https:\/\/radiolifefm.com.br\/noticias\/wp-json\/wp\/v2\/posts\/67538\/revisions"}],"predecessor-version":[{"id":67540,"href":"https:\/\/radiolifefm.com.br\/noticias\/wp-json\/wp\/v2\/posts\/67538\/revisions\/67540"}],"wp:featuredmedia":[{"embeddable":true,"href":"https:\/\/radiolifefm.com.br\/noticias\/wp-json\/wp\/v2\/media\/67539"}],"wp:attachment":[{"href":"https:\/\/radiolifefm.com.br\/noticias\/wp-json\/wp\/v2\/media?parent=67538"}],"wp:term":[{"taxonomy":"category","embeddable":true,"href":"https:\/\/radiolifefm.com.br\/noticias\/wp-json\/wp\/v2\/categories?post=67538"},{"taxonomy":"post_tag","embeddable":true,"href":"https:\/\/radiolifefm.com.br\/noticias\/wp-json\/wp\/v2\/tags?post=67538"}],"curies":[{"name":"wp","href":"https:\/\/api.w.org\/{rel}","templated":true}]}}