{"id":67391,"date":"2023-03-30T09:21:29","date_gmt":"2023-03-30T12:21:29","guid":{"rendered":"https:\/\/radiolifefm.com.br\/noticias\/?p=67391"},"modified":"2026-04-12T18:09:21","modified_gmt":"2026-04-12T21:09:21","slug":"morre-o-sargento-da-pm-aposentado-wagner-gil-marido-da-vice-prefeita-de-adamantinaadamantina","status":"publish","type":"post","link":"https:\/\/radiolifefm.com.br\/noticias\/morre-o-sargento-da-pm-aposentado-wagner-gil-marido-da-vice-prefeita-de-adamantinaadamantina\/","title":{"rendered":"Morre o sargento da PM aposentado Wagner Gil, marido da vice-prefeita de Adamantina"},"content":{"rendered":"<div id=\"fb-root\"><\/div>\n<p>Morreu nesta quarta-feira (29) o sargento aposentado da Pol\u00edcia Militar do Estado de S\u00e3o Paulo, Wagner Gil, aos 67 anos, marido da vice-prefeita de Adamantina, Dinha Santos Gil. A morte se deu em raz\u00e3o do agravamento do seu quadro de sa\u00fade.<\/p>\n<p>Gil e Dinha t\u00eam dois filhos: Wagner J\u00fanior e Fabiana. Depois de 30 anos de servi\u00e7os \u00e0 seguran\u00e7a p\u00fablica paulista, Gil se aposentou com a patente de tenente.<\/p>\n<p>&nbsp;<\/p>\n<p>Segundo a <a href=\"https:\/\/haddadorganizacao.com.br\/obituario\/wagner-gil\/\" target=\"_blank\" rel=\"noopener\"><strong><span style=\"color: blue;text-decoration: none\">Haddad Organiza\u00e7\u00e3o Social<\/span><\/strong><\/a>, o vel\u00f3rio do corpo de Wagner Gil ser\u00e1 nesta quinta-feira (30), a partir das 6h, no Jardim da Saudade, sala orqu\u00eddea, em Adamantina, com sepultamento previsto para 10h30 no Cemit\u00e9rio Municipal.<\/p>\n<p>&nbsp;<\/p>\n<p><strong>Nota de pesar da Prefeitura Municipal de Adamantina<\/strong><\/p>\n<p>No final da manh\u00e3 de hoje a Prefeitura de Adamantina emitiu nota de pesar. \u201cA Prefeitura de Adamantina lamenta o falecimento do senhor Wagner Gil, esposo da vice-prefeita Maria de Lourdes Santos Gil\u201d, diz o texto. \u201cNeste momento de dor, a Prefeitura de Adamantina manifesta todo o seu pesar e consterna\u00e7\u00e3o e expressa suas mais sinceras condol\u00eancias \u00e0 fam\u00edlia e amigos\u201d, encerra o comunicado.<\/p>\n<p>&nbsp;<\/p>\n","protected":false},"excerpt":{"rendered":"<p>Morreu nesta quarta-feira (29) o sargento aposentado da Pol\u00edcia Militar do Estado de S\u00e3o Paulo, Wagner Gil, aos 67 anos, marido da vice-prefeita de Adamantina, Dinha Santos Gil. A morte se deu em raz\u00e3o do agravamento do seu quadro de sa\u00fade. Gil e Dinha t\u00eam dois filhos: Wagner J\u00fanior e Fabiana. Depois de 30 anos [&hellip;]<\/p>\n","protected":false},"author":13,"featured_media":67400,"comment_status":"closed","ping_status":"open","sticky":false,"template":"","format":"standard","meta":{"_acf_changed":false,"_exactmetrics_skip_tracking":false,"_exactmetrics_sitenote_active":false,"_exactmetrics_sitenote_note":"","_exactmetrics_sitenote_category":0,"footnotes":""},"categories":[21],"tags":[],"class_list":["post-67391","post","type-post","status-publish","format-standard","has-post-thumbnail","hentry","category-adamantina"],"acf":[],"yoast_head":"<!-- This site is optimized with the Yoast SEO plugin v27.2 - https:\/\/yoast.com\/product\/yoast-seo-wordpress\/ -->\n<title>Morre o sargento da PM aposentado Wagner Gil, marido da vice-prefeita de Adamantina - R\u00e1dio Life FM<\/title>\n<meta name=\"robots\" content=\"index, follow, max-snippet:-1, max-image-preview:large, max-video-preview:-1\" \/>\n<link rel=\"canonical\" href=\"https:\/\/radiolifefm.com.br\/noticias\/morre-o-sargento-da-pm-aposentado-wagner-gil-marido-da-vice-prefeita-de-adamantinaadamantina\/\" \/>\n<meta property=\"og:locale\" content=\"pt_BR\" \/>\n<meta property=\"og:type\" content=\"article\" \/>\n<meta property=\"og:title\" content=\"Morre o sargento da PM aposentado Wagner Gil, marido da vice-prefeita de Adamantina - R\u00e1dio Life FM\" \/>\n<meta property=\"og:description\" content=\"Morreu nesta quarta-feira (29) o sargento aposentado da Pol\u00edcia Militar do Estado de S\u00e3o Paulo, Wagner Gil, aos 67 anos, marido da vice-prefeita de Adamantina, Dinha Santos Gil. A morte se deu em raz\u00e3o do agravamento do seu quadro de sa\u00fade. Gil e Dinha t\u00eam dois filhos: Wagner J\u00fanior e Fabiana. Depois de 30 anos [&hellip;]\" \/>\n<meta property=\"og:url\" content=\"https:\/\/radiolifefm.com.br\/noticias\/morre-o-sargento-da-pm-aposentado-wagner-gil-marido-da-vice-prefeita-de-adamantinaadamantina\/\" \/>\n<meta property=\"og:site_name\" content=\"R\u00e1dio Life FM\" \/>\n<meta property=\"article:publisher\" content=\"https:\/\/www.facebook.com\/radiolifefm\/\" \/>\n<meta property=\"article:published_time\" content=\"2023-03-30T12:21:29+00:00\" \/>\n<meta property=\"article:modified_time\" content=\"2026-04-12T21:09:21+00:00\" \/>\n<meta property=\"og:image\" content=\"https:\/\/radiolifefm.com.br\/noticias\/wp-content\/uploads\/2023\/03\/Wagner-Gil-1.png\" \/>\n\t<meta property=\"og:image:width\" content=\"1920\" \/>\n\t<meta property=\"og:image:height\" content=\"1080\" \/>\n\t<meta property=\"og:image:type\" content=\"image\/png\" \/>\n<meta name=\"author\" content=\"ritanery\" \/>\n<meta name=\"twitter:card\" content=\"summary_large_image\" \/>\n<meta name=\"twitter:label1\" content=\"Escrito por\" \/>\n\t<meta name=\"twitter:data1\" content=\"ritanery\" \/>\n\t<meta name=\"twitter:label2\" content=\"Est. tempo de leitura\" \/>\n\t<meta name=\"twitter:data2\" content=\"1 minuto\" \/>\n<script type=\"application\/ld+json\" class=\"yoast-schema-graph\">{\"@context\":\"https:\/\/schema.org\",\"@graph\":[{\"@type\":\"Article\",\"@id\":\"https:\/\/radiolifefm.com.br\/noticias\/morre-o-sargento-da-pm-aposentado-wagner-gil-marido-da-vice-prefeita-de-adamantinaadamantina\/#article\",\"isPartOf\":{\"@id\":\"https:\/\/radiolifefm.com.br\/noticias\/morre-o-sargento-da-pm-aposentado-wagner-gil-marido-da-vice-prefeita-de-adamantinaadamantina\/\"},\"author\":{\"name\":\"ritanery\",\"@id\":\"https:\/\/radiolifefm.com.br\/noticias\/#\/schema\/person\/6339b9fac59d12b071dec680d7375d87\"},\"headline\":\"Morre o sargento da PM aposentado Wagner Gil, marido da vice-prefeita de Adamantina\",\"datePublished\":\"2023-03-30T12:21:29+00:00\",\"dateModified\":\"2026-04-12T21:09:21+00:00\",\"mainEntityOfPage\":{\"@id\":\"https:\/\/radiolifefm.com.br\/noticias\/morre-o-sargento-da-pm-aposentado-wagner-gil-marido-da-vice-prefeita-de-adamantinaadamantina\/\"},\"wordCount\":203,\"publisher\":{\"@id\":\"https:\/\/radiolifefm.com.br\/noticias\/#organization\"},\"image\":{\"@id\":\"https:\/\/radiolifefm.com.br\/noticias\/morre-o-sargento-da-pm-aposentado-wagner-gil-marido-da-vice-prefeita-de-adamantinaadamantina\/#primaryimage\"},\"thumbnailUrl\":\"https:\/\/radiolifefm.com.br\/noticias\/wp-content\/uploads\/2023\/03\/Wagner-Gil-1.png\",\"articleSection\":[\"Adamantina\"],\"inLanguage\":\"pt-BR\"},{\"@type\":\"WebPage\",\"@id\":\"https:\/\/radiolifefm.com.br\/noticias\/morre-o-sargento-da-pm-aposentado-wagner-gil-marido-da-vice-prefeita-de-adamantinaadamantina\/\",\"url\":\"https:\/\/radiolifefm.com.br\/noticias\/morre-o-sargento-da-pm-aposentado-wagner-gil-marido-da-vice-prefeita-de-adamantinaadamantina\/\",\"name\":\"Morre o sargento da PM aposentado Wagner Gil, marido da vice-prefeita de Adamantina - R\u00e1dio Life FM\",\"isPartOf\":{\"@id\":\"https:\/\/radiolifefm.com.br\/noticias\/#website\"},\"primaryImageOfPage\":{\"@id\":\"https:\/\/radiolifefm.com.br\/noticias\/morre-o-sargento-da-pm-aposentado-wagner-gil-marido-da-vice-prefeita-de-adamantinaadamantina\/#primaryimage\"},\"image\":{\"@id\":\"https:\/\/radiolifefm.com.br\/noticias\/morre-o-sargento-da-pm-aposentado-wagner-gil-marido-da-vice-prefeita-de-adamantinaadamantina\/#primaryimage\"},\"thumbnailUrl\":\"https:\/\/radiolifefm.com.br\/noticias\/wp-content\/uploads\/2023\/03\/Wagner-Gil-1.png\",\"datePublished\":\"2023-03-30T12:21:29+00:00\",\"dateModified\":\"2026-04-12T21:09:21+00:00\",\"breadcrumb\":{\"@id\":\"https:\/\/radiolifefm.com.br\/noticias\/morre-o-sargento-da-pm-aposentado-wagner-gil-marido-da-vice-prefeita-de-adamantinaadamantina\/#breadcrumb\"},\"inLanguage\":\"pt-BR\",\"potentialAction\":[{\"@type\":\"ReadAction\",\"target\":[\"https:\/\/radiolifefm.com.br\/noticias\/morre-o-sargento-da-pm-aposentado-wagner-gil-marido-da-vice-prefeita-de-adamantinaadamantina\/\"]}]},{\"@type\":\"ImageObject\",\"inLanguage\":\"pt-BR\",\"@id\":\"https:\/\/radiolifefm.com.br\/noticias\/morre-o-sargento-da-pm-aposentado-wagner-gil-marido-da-vice-prefeita-de-adamantinaadamantina\/#primaryimage\",\"url\":\"https:\/\/radiolifefm.com.br\/noticias\/wp-content\/uploads\/2023\/03\/Wagner-Gil-1.png\",\"contentUrl\":\"https:\/\/radiolifefm.com.br\/noticias\/wp-content\/uploads\/2023\/03\/Wagner-Gil-1.png\",\"width\":1920,\"height\":1080},{\"@type\":\"BreadcrumbList\",\"@id\":\"https:\/\/radiolifefm.com.br\/noticias\/morre-o-sargento-da-pm-aposentado-wagner-gil-marido-da-vice-prefeita-de-adamantinaadamantina\/#breadcrumb\",\"itemListElement\":[{\"@type\":\"ListItem\",\"position\":1,\"name\":\"In\u00edcio\",\"item\":\"https:\/\/radiolifefm.com.br\/noticias\/\"},{\"@type\":\"ListItem\",\"position\":2,\"name\":\"Morre o sargento da PM aposentado Wagner Gil, marido da vice-prefeita de Adamantina\"}]},{\"@type\":\"WebSite\",\"@id\":\"https:\/\/radiolifefm.com.br\/noticias\/#website\",\"url\":\"https:\/\/radiolifefm.com.br\/noticias\/\",\"name\":\"R\u00e1dio Life FM\",\"description\":\"O Portal de Not\u00edcias de Adamantina\",\"publisher\":{\"@id\":\"https:\/\/radiolifefm.com.br\/noticias\/#organization\"},\"alternateName\":\"Life FM\",\"potentialAction\":[{\"@type\":\"SearchAction\",\"target\":{\"@type\":\"EntryPoint\",\"urlTemplate\":\"https:\/\/radiolifefm.com.br\/noticias\/?s={search_term_string}\"},\"query-input\":{\"@type\":\"PropertyValueSpecification\",\"valueRequired\":true,\"valueName\":\"search_term_string\"}}],\"inLanguage\":\"pt-BR\"},{\"@type\":\"Organization\",\"@id\":\"https:\/\/radiolifefm.com.br\/noticias\/#organization\",\"name\":\"R\u00e1dio Life FM\",\"alternateName\":\"Life FM\",\"url\":\"https:\/\/radiolifefm.com.br\/noticias\/\",\"logo\":{\"@type\":\"ImageObject\",\"inLanguage\":\"pt-BR\",\"@id\":\"https:\/\/radiolifefm.com.br\/noticias\/#\/schema\/logo\/image\/\",\"url\":\"https:\/\/static.radiolifefm.com.br\/noticias\/wp-content\/uploads\/2019\/10\/logo-lifefm.png\",\"contentUrl\":\"https:\/\/static.radiolifefm.com.br\/noticias\/wp-content\/uploads\/2019\/10\/logo-lifefm.png\",\"width\":196,\"height\":47,\"caption\":\"R\u00e1dio Life FM\"},\"image\":{\"@id\":\"https:\/\/radiolifefm.com.br\/noticias\/#\/schema\/logo\/image\/\"},\"sameAs\":[\"https:\/\/www.facebook.com\/radiolifefm\/\",\"https:\/\/www.instagram.com\/life1079fm\/\"]},{\"@type\":\"Person\",\"@id\":\"https:\/\/radiolifefm.com.br\/noticias\/#\/schema\/person\/6339b9fac59d12b071dec680d7375d87\",\"name\":\"ritanery\",\"image\":{\"@type\":\"ImageObject\",\"inLanguage\":\"pt-BR\",\"@id\":\"https:\/\/secure.gravatar.com\/avatar\/0e37bb19071f47c0b8a23f62a903df117c5a0e75f65a0c2901562f97cd41cf86?s=96&d=mm&r=g\",\"url\":\"https:\/\/secure.gravatar.com\/avatar\/0e37bb19071f47c0b8a23f62a903df117c5a0e75f65a0c2901562f97cd41cf86?s=96&d=mm&r=g\",\"contentUrl\":\"https:\/\/secure.gravatar.com\/avatar\/0e37bb19071f47c0b8a23f62a903df117c5a0e75f65a0c2901562f97cd41cf86?s=96&d=mm&r=g\",\"caption\":\"ritanery\"}}]}<\/script>\n<!-- \/ Yoast SEO plugin. -->","yoast_head_json":{"title":"Morre o sargento da PM aposentado Wagner Gil, marido da vice-prefeita de Adamantina - R\u00e1dio Life FM","robots":{"index":"index","follow":"follow","max-snippet":"max-snippet:-1","max-image-preview":"max-image-preview:large","max-video-preview":"max-video-preview:-1"},"canonical":"https:\/\/radiolifefm.com.br\/noticias\/morre-o-sargento-da-pm-aposentado-wagner-gil-marido-da-vice-prefeita-de-adamantinaadamantina\/","og_locale":"pt_BR","og_type":"article","og_title":"Morre o sargento da PM aposentado Wagner Gil, marido da vice-prefeita de Adamantina - R\u00e1dio Life FM","og_description":"Morreu nesta quarta-feira (29) o sargento aposentado da Pol\u00edcia Militar do Estado de S\u00e3o Paulo, Wagner Gil, aos 67 anos, marido da vice-prefeita de Adamantina, Dinha Santos Gil. A morte se deu em raz\u00e3o do agravamento do seu quadro de sa\u00fade. Gil e Dinha t\u00eam dois filhos: Wagner J\u00fanior e Fabiana. Depois de 30 anos [&hellip;]","og_url":"https:\/\/radiolifefm.com.br\/noticias\/morre-o-sargento-da-pm-aposentado-wagner-gil-marido-da-vice-prefeita-de-adamantinaadamantina\/","og_site_name":"R\u00e1dio Life FM","article_publisher":"https:\/\/www.facebook.com\/radiolifefm\/","article_published_time":"2023-03-30T12:21:29+00:00","article_modified_time":"2026-04-12T21:09:21+00:00","og_image":[{"width":1920,"height":1080,"url":"https:\/\/radiolifefm.com.br\/noticias\/wp-content\/uploads\/2023\/03\/Wagner-Gil-1.png","type":"image\/png"}],"author":"ritanery","twitter_card":"summary_large_image","twitter_misc":{"Escrito por":"ritanery","Est. tempo de leitura":"1 minuto"},"schema":{"@context":"https:\/\/schema.org","@graph":[{"@type":"Article","@id":"https:\/\/radiolifefm.com.br\/noticias\/morre-o-sargento-da-pm-aposentado-wagner-gil-marido-da-vice-prefeita-de-adamantinaadamantina\/#article","isPartOf":{"@id":"https:\/\/radiolifefm.com.br\/noticias\/morre-o-sargento-da-pm-aposentado-wagner-gil-marido-da-vice-prefeita-de-adamantinaadamantina\/"},"author":{"name":"ritanery","@id":"https:\/\/radiolifefm.com.br\/noticias\/#\/schema\/person\/6339b9fac59d12b071dec680d7375d87"},"headline":"Morre o sargento da PM aposentado Wagner Gil, marido da vice-prefeita de Adamantina","datePublished":"2023-03-30T12:21:29+00:00","dateModified":"2026-04-12T21:09:21+00:00","mainEntityOfPage":{"@id":"https:\/\/radiolifefm.com.br\/noticias\/morre-o-sargento-da-pm-aposentado-wagner-gil-marido-da-vice-prefeita-de-adamantinaadamantina\/"},"wordCount":203,"publisher":{"@id":"https:\/\/radiolifefm.com.br\/noticias\/#organization"},"image":{"@id":"https:\/\/radiolifefm.com.br\/noticias\/morre-o-sargento-da-pm-aposentado-wagner-gil-marido-da-vice-prefeita-de-adamantinaadamantina\/#primaryimage"},"thumbnailUrl":"https:\/\/radiolifefm.com.br\/noticias\/wp-content\/uploads\/2023\/03\/Wagner-Gil-1.png","articleSection":["Adamantina"],"inLanguage":"pt-BR"},{"@type":"WebPage","@id":"https:\/\/radiolifefm.com.br\/noticias\/morre-o-sargento-da-pm-aposentado-wagner-gil-marido-da-vice-prefeita-de-adamantinaadamantina\/","url":"https:\/\/radiolifefm.com.br\/noticias\/morre-o-sargento-da-pm-aposentado-wagner-gil-marido-da-vice-prefeita-de-adamantinaadamantina\/","name":"Morre o sargento da PM aposentado Wagner Gil, marido da vice-prefeita de Adamantina - R\u00e1dio Life FM","isPartOf":{"@id":"https:\/\/radiolifefm.com.br\/noticias\/#website"},"primaryImageOfPage":{"@id":"https:\/\/radiolifefm.com.br\/noticias\/morre-o-sargento-da-pm-aposentado-wagner-gil-marido-da-vice-prefeita-de-adamantinaadamantina\/#primaryimage"},"image":{"@id":"https:\/\/radiolifefm.com.br\/noticias\/morre-o-sargento-da-pm-aposentado-wagner-gil-marido-da-vice-prefeita-de-adamantinaadamantina\/#primaryimage"},"thumbnailUrl":"https:\/\/radiolifefm.com.br\/noticias\/wp-content\/uploads\/2023\/03\/Wagner-Gil-1.png","datePublished":"2023-03-30T12:21:29+00:00","dateModified":"2026-04-12T21:09:21+00:00","breadcrumb":{"@id":"https:\/\/radiolifefm.com.br\/noticias\/morre-o-sargento-da-pm-aposentado-wagner-gil-marido-da-vice-prefeita-de-adamantinaadamantina\/#breadcrumb"},"inLanguage":"pt-BR","potentialAction":[{"@type":"ReadAction","target":["https:\/\/radiolifefm.com.br\/noticias\/morre-o-sargento-da-pm-aposentado-wagner-gil-marido-da-vice-prefeita-de-adamantinaadamantina\/"]}]},{"@type":"ImageObject","inLanguage":"pt-BR","@id":"https:\/\/radiolifefm.com.br\/noticias\/morre-o-sargento-da-pm-aposentado-wagner-gil-marido-da-vice-prefeita-de-adamantinaadamantina\/#primaryimage","url":"https:\/\/radiolifefm.com.br\/noticias\/wp-content\/uploads\/2023\/03\/Wagner-Gil-1.png","contentUrl":"https:\/\/radiolifefm.com.br\/noticias\/wp-content\/uploads\/2023\/03\/Wagner-Gil-1.png","width":1920,"height":1080},{"@type":"BreadcrumbList","@id":"https:\/\/radiolifefm.com.br\/noticias\/morre-o-sargento-da-pm-aposentado-wagner-gil-marido-da-vice-prefeita-de-adamantinaadamantina\/#breadcrumb","itemListElement":[{"@type":"ListItem","position":1,"name":"In\u00edcio","item":"https:\/\/radiolifefm.com.br\/noticias\/"},{"@type":"ListItem","position":2,"name":"Morre o sargento da PM aposentado Wagner Gil, marido da vice-prefeita de Adamantina"}]},{"@type":"WebSite","@id":"https:\/\/radiolifefm.com.br\/noticias\/#website","url":"https:\/\/radiolifefm.com.br\/noticias\/","name":"R\u00e1dio Life FM","description":"O Portal de Not\u00edcias de Adamantina","publisher":{"@id":"https:\/\/radiolifefm.com.br\/noticias\/#organization"},"alternateName":"Life FM","potentialAction":[{"@type":"SearchAction","target":{"@type":"EntryPoint","urlTemplate":"https:\/\/radiolifefm.com.br\/noticias\/?s={search_term_string}"},"query-input":{"@type":"PropertyValueSpecification","valueRequired":true,"valueName":"search_term_string"}}],"inLanguage":"pt-BR"},{"@type":"Organization","@id":"https:\/\/radiolifefm.com.br\/noticias\/#organization","name":"R\u00e1dio Life FM","alternateName":"Life FM","url":"https:\/\/radiolifefm.com.br\/noticias\/","logo":{"@type":"ImageObject","inLanguage":"pt-BR","@id":"https:\/\/radiolifefm.com.br\/noticias\/#\/schema\/logo\/image\/","url":"https:\/\/static.radiolifefm.com.br\/noticias\/wp-content\/uploads\/2019\/10\/logo-lifefm.png","contentUrl":"https:\/\/static.radiolifefm.com.br\/noticias\/wp-content\/uploads\/2019\/10\/logo-lifefm.png","width":196,"height":47,"caption":"R\u00e1dio Life FM"},"image":{"@id":"https:\/\/radiolifefm.com.br\/noticias\/#\/schema\/logo\/image\/"},"sameAs":["https:\/\/www.facebook.com\/radiolifefm\/","https:\/\/www.instagram.com\/life1079fm\/"]},{"@type":"Person","@id":"https:\/\/radiolifefm.com.br\/noticias\/#\/schema\/person\/6339b9fac59d12b071dec680d7375d87","name":"ritanery","image":{"@type":"ImageObject","inLanguage":"pt-BR","@id":"https:\/\/secure.gravatar.com\/avatar\/0e37bb19071f47c0b8a23f62a903df117c5a0e75f65a0c2901562f97cd41cf86?s=96&d=mm&r=g","url":"https:\/\/secure.gravatar.com\/avatar\/0e37bb19071f47c0b8a23f62a903df117c5a0e75f65a0c2901562f97cd41cf86?s=96&d=mm&r=g","contentUrl":"https:\/\/secure.gravatar.com\/avatar\/0e37bb19071f47c0b8a23f62a903df117c5a0e75f65a0c2901562f97cd41cf86?s=96&d=mm&r=g","caption":"ritanery"}}]}},"amp_enabled":true,"_links":{"self":[{"href":"https:\/\/radiolifefm.com.br\/noticias\/wp-json\/wp\/v2\/posts\/67391","targetHints":{"allow":["GET"]}}],"collection":[{"href":"https:\/\/radiolifefm.com.br\/noticias\/wp-json\/wp\/v2\/posts"}],"about":[{"href":"https:\/\/radiolifefm.com.br\/noticias\/wp-json\/wp\/v2\/types\/post"}],"author":[{"embeddable":true,"href":"https:\/\/radiolifefm.com.br\/noticias\/wp-json\/wp\/v2\/users\/13"}],"replies":[{"embeddable":true,"href":"https:\/\/radiolifefm.com.br\/noticias\/wp-json\/wp\/v2\/comments?post=67391"}],"version-history":[{"count":9,"href":"https:\/\/radiolifefm.com.br\/noticias\/wp-json\/wp\/v2\/posts\/67391\/revisions"}],"predecessor-version":[{"id":67402,"href":"https:\/\/radiolifefm.com.br\/noticias\/wp-json\/wp\/v2\/posts\/67391\/revisions\/67402"}],"wp:featuredmedia":[{"embeddable":true,"href":"https:\/\/radiolifefm.com.br\/noticias\/wp-json\/wp\/v2\/media\/67400"}],"wp:attachment":[{"href":"https:\/\/radiolifefm.com.br\/noticias\/wp-json\/wp\/v2\/media?parent=67391"}],"wp:term":[{"taxonomy":"category","embeddable":true,"href":"https:\/\/radiolifefm.com.br\/noticias\/wp-json\/wp\/v2\/categories?post=67391"},{"taxonomy":"post_tag","embeddable":true,"href":"https:\/\/radiolifefm.com.br\/noticias\/wp-json\/wp\/v2\/tags?post=67391"}],"curies":[{"name":"wp","href":"https:\/\/api.w.org\/{rel}","templated":true}]}}