{"id":67214,"date":"2023-03-27T07:57:23","date_gmt":"2023-03-27T10:57:23","guid":{"rendered":"https:\/\/radiolifefm.com.br\/noticias\/?p=67214"},"modified":"2026-01-12T08:20:05","modified_gmt":"2026-01-12T11:20:05","slug":"provincia-politica-e-politiqueiros-as-de-plantao","status":"publish","type":"post","link":"https:\/\/radiolifefm.com.br\/noticias\/provincia-politica-e-politiqueiros-as-de-plantao\/","title":{"rendered":"Prov\u00edncia, Pol\u00edtica e politiqueiros\/as de plant\u00e3o&#8230;"},"content":{"rendered":"<div id=\"fb-root\"><\/div>\n<p> \u201cN\u00e3o h\u00e1 nada de errado com aqueles que n\u00e3o gostam de pol\u00edtica, simplesmente ser\u00e3o governados por aqueles que gostam.\u201d (Plat\u00e3o)<\/p>\n<p>\u201cNada \u00e9 t\u00e3o admir\u00e1vel em pol\u00edtica quanto uma mem\u00f3ria curta.\u201d (John Galbraith)<\/p>\n<p>S\u00e9rgio Barbosa (*)<br \/>\nNestas \u00faltimas semanas, pode-se registrar que foram muitos os DESENCONTROS envolvendo as IDAS e VINDAS deste lado para o outro lado de um mesmo lado, ou seja, os POL\u00cdTICOS PROVINCIANOS proporcionam quase sempre as mesmas TROCAS NADA SIMB\u00d3LICAS deste PARTIDO para o outro e ponto quase final&#8230;<br \/>\nNo geral, ficar quase sempre a mesma COISA (sic), haja vista aquele dito mais do que popular que afirma, a saber: MUDAM AS MOSCAS, MAS A M&#8230; \u00c9 SEMPRE A MESMA&#8230;<br \/>\nPortanto, o que se pode escrever, isso \u00e9, tentar entre as muitas tentativas sobre tais ACORDOS, ainda, quase sempre por DEBAIXO disto e daquilo, tendo em vista os interesses dos tais GRUPOS DE APOIO&#8230;<br \/>\nEntretanto, tudo indica que MUITA \u00c1GUA, deve passar por DEBAIXO desta ou daquela PONTE, pois, os ACORDOS est\u00e3o em cima desta ou daquela MESA VICIADA pelo jogo da POLITICAGEM PROVINCIANA&#8230;<br \/>\nMas, como sempre, o DITO pode n\u00e3o ser o mesmo DITO do passado e assim por diante, todavia, cada qual deve saber onde aperta o CINTO ou CINTA, dependendo sempre das ESCOLHAS quase sempre mediadas pelos interesses em nome do PODER pelo PODER com o PODER&#8230;<br \/>\nTamb\u00e9m, tudo indica que o denominado PIN\u00d3QUIO PROVINCIANO, deve promover de um jeito ou de outro, tendo em vista o seu lado CENTRALIZADOR e AUTORIT\u00c1RIO, a famosa DAN\u00c7A DAS CADEIRAS na equipe dos\/as ALOPRADOS\/AS que est\u00e3o circulando aqui e ali, ainda, sem mais e com muito menos&#8230;<br \/>\nO CEN\u00c1RIO PROVINCIANO promete daqui pra frente, haja vista os NOMES que est\u00e3o circulando nas esquinas PROVINCIANAS e nos CAF\u00c9S da regi\u00e3o central, mesmo assim, o TEMPO do TEMPO continua na espera daquele outro TEMPO&#8230;<br \/>\nTamb\u00e9m, deve-se considerar que as PEDRAS continuam atrapalhando este ou aquele ACORDO, pois, existem interesses que est\u00e3o al\u00e9m da POL\u00cdTICA PROVINCIANA, ou melhor, POLITICAGEM ou POLITIQUEIRA&#8230;<br \/>\nMas, pode ser aquilo que nunca foi nestes OCASOS de um TALVEZ, ainda mais quando existem aqueles interesses em nome disto ou daquilo, quase sempre, o lado PESSOAL acaba pesando mais de um jeito ou de outro&#8230;<br \/>\nQUEM SOBREVIVER VAI SABER&#8230;<br \/>\n_________________________<br \/>\n(*) jornalista diplomado.<br \/>\ne-mail: barbosa.sebar@gmail.com<\/p>\n","protected":false},"excerpt":{"rendered":"<p>\u201cN\u00e3o h\u00e1 nada de errado com aqueles que n\u00e3o gostam de pol\u00edtica, simplesmente ser\u00e3o governados por aqueles que gostam.\u201d (Plat\u00e3o) \u201cNada \u00e9 t\u00e3o admir\u00e1vel em pol\u00edtica quanto uma mem\u00f3ria curta.\u201d (John Galbraith) S\u00e9rgio Barbosa (*) Nestas \u00faltimas semanas, pode-se registrar que foram muitos os DESENCONTROS envolvendo as IDAS e VINDAS deste lado para o outro [&hellip;]<\/p>\n","protected":false},"author":13,"featured_media":51988,"comment_status":"closed","ping_status":"open","sticky":false,"template":"","format":"standard","meta":{"_acf_changed":false,"_exactmetrics_skip_tracking":false,"_exactmetrics_sitenote_active":false,"_exactmetrics_sitenote_note":"","_exactmetrics_sitenote_category":0,"footnotes":""},"categories":[59],"tags":[],"class_list":["post-67214","post","type-post","status-publish","format-standard","has-post-thumbnail","hentry","category-opiniao"],"acf":[],"yoast_head":"<!-- This site is optimized with the Yoast SEO plugin v27.2 - https:\/\/yoast.com\/product\/yoast-seo-wordpress\/ -->\n<title>Prov\u00edncia, Pol\u00edtica e politiqueiros\/as de plant\u00e3o... - R\u00e1dio Life FM<\/title>\n<meta name=\"robots\" content=\"index, follow, max-snippet:-1, max-image-preview:large, max-video-preview:-1\" \/>\n<link rel=\"canonical\" href=\"https:\/\/radiolifefm.com.br\/noticias\/provincia-politica-e-politiqueiros-as-de-plantao\/\" \/>\n<meta property=\"og:locale\" content=\"pt_BR\" \/>\n<meta property=\"og:type\" content=\"article\" \/>\n<meta property=\"og:title\" content=\"Prov\u00edncia, Pol\u00edtica e politiqueiros\/as de plant\u00e3o... - R\u00e1dio Life FM\" \/>\n<meta property=\"og:description\" content=\"\u201cN\u00e3o h\u00e1 nada de errado com aqueles que n\u00e3o gostam de pol\u00edtica, simplesmente ser\u00e3o governados por aqueles que gostam.\u201d (Plat\u00e3o) \u201cNada \u00e9 t\u00e3o admir\u00e1vel em pol\u00edtica quanto uma mem\u00f3ria curta.\u201d (John Galbraith) S\u00e9rgio Barbosa (*) Nestas \u00faltimas semanas, pode-se registrar que foram muitos os DESENCONTROS envolvendo as IDAS e VINDAS deste lado para o outro [&hellip;]\" \/>\n<meta property=\"og:url\" content=\"https:\/\/radiolifefm.com.br\/noticias\/provincia-politica-e-politiqueiros-as-de-plantao\/\" \/>\n<meta property=\"og:site_name\" content=\"R\u00e1dio Life FM\" \/>\n<meta property=\"article:publisher\" content=\"https:\/\/www.facebook.com\/radiolifefm\/\" \/>\n<meta property=\"article:published_time\" content=\"2023-03-27T10:57:23+00:00\" \/>\n<meta property=\"article:modified_time\" content=\"2026-01-12T11:20:05+00:00\" \/>\n<meta property=\"og:image\" content=\"https:\/\/radiolifefm.com.br\/noticias\/wp-content\/uploads\/2022\/04\/WhatsApp-Image-2022-04-10-at-18.43.02.jpeg\" \/>\n\t<meta property=\"og:image:width\" content=\"972\" \/>\n\t<meta property=\"og:image:height\" content=\"1296\" \/>\n\t<meta property=\"og:image:type\" content=\"image\/jpeg\" \/>\n<meta name=\"author\" content=\"ritanery\" \/>\n<meta name=\"twitter:card\" content=\"summary_large_image\" \/>\n<meta name=\"twitter:label1\" content=\"Escrito por\" \/>\n\t<meta name=\"twitter:data1\" content=\"ritanery\" \/>\n<script type=\"application\/ld+json\" class=\"yoast-schema-graph\">{\"@context\":\"https:\/\/schema.org\",\"@graph\":[{\"@type\":\"Article\",\"@id\":\"https:\/\/radiolifefm.com.br\/noticias\/provincia-politica-e-politiqueiros-as-de-plantao\/#article\",\"isPartOf\":{\"@id\":\"https:\/\/radiolifefm.com.br\/noticias\/provincia-politica-e-politiqueiros-as-de-plantao\/\"},\"author\":{\"name\":\"ritanery\",\"@id\":\"https:\/\/radiolifefm.com.br\/noticias\/#\/schema\/person\/6339b9fac59d12b071dec680d7375d87\"},\"headline\":\"Prov\u00edncia, Pol\u00edtica e politiqueiros\/as de plant\u00e3o&#8230;\",\"datePublished\":\"2023-03-27T10:57:23+00:00\",\"dateModified\":\"2026-01-12T11:20:05+00:00\",\"mainEntityOfPage\":{\"@id\":\"https:\/\/radiolifefm.com.br\/noticias\/provincia-politica-e-politiqueiros-as-de-plantao\/\"},\"wordCount\":414,\"publisher\":{\"@id\":\"https:\/\/radiolifefm.com.br\/noticias\/#organization\"},\"image\":{\"@id\":\"https:\/\/radiolifefm.com.br\/noticias\/provincia-politica-e-politiqueiros-as-de-plantao\/#primaryimage\"},\"thumbnailUrl\":\"https:\/\/radiolifefm.com.br\/noticias\/wp-content\/uploads\/2022\/04\/WhatsApp-Image-2022-04-10-at-18.43.02.jpeg\",\"articleSection\":[\"Opini\u00e3o\"],\"inLanguage\":\"pt-BR\"},{\"@type\":\"WebPage\",\"@id\":\"https:\/\/radiolifefm.com.br\/noticias\/provincia-politica-e-politiqueiros-as-de-plantao\/\",\"url\":\"https:\/\/radiolifefm.com.br\/noticias\/provincia-politica-e-politiqueiros-as-de-plantao\/\",\"name\":\"Prov\u00edncia, Pol\u00edtica e politiqueiros\/as de plant\u00e3o... - R\u00e1dio Life FM\",\"isPartOf\":{\"@id\":\"https:\/\/radiolifefm.com.br\/noticias\/#website\"},\"primaryImageOfPage\":{\"@id\":\"https:\/\/radiolifefm.com.br\/noticias\/provincia-politica-e-politiqueiros-as-de-plantao\/#primaryimage\"},\"image\":{\"@id\":\"https:\/\/radiolifefm.com.br\/noticias\/provincia-politica-e-politiqueiros-as-de-plantao\/#primaryimage\"},\"thumbnailUrl\":\"https:\/\/radiolifefm.com.br\/noticias\/wp-content\/uploads\/2022\/04\/WhatsApp-Image-2022-04-10-at-18.43.02.jpeg\",\"datePublished\":\"2023-03-27T10:57:23+00:00\",\"dateModified\":\"2026-01-12T11:20:05+00:00\",\"breadcrumb\":{\"@id\":\"https:\/\/radiolifefm.com.br\/noticias\/provincia-politica-e-politiqueiros-as-de-plantao\/#breadcrumb\"},\"inLanguage\":\"pt-BR\",\"potentialAction\":[{\"@type\":\"ReadAction\",\"target\":[\"https:\/\/radiolifefm.com.br\/noticias\/provincia-politica-e-politiqueiros-as-de-plantao\/\"]}]},{\"@type\":\"ImageObject\",\"inLanguage\":\"pt-BR\",\"@id\":\"https:\/\/radiolifefm.com.br\/noticias\/provincia-politica-e-politiqueiros-as-de-plantao\/#primaryimage\",\"url\":\"https:\/\/radiolifefm.com.br\/noticias\/wp-content\/uploads\/2022\/04\/WhatsApp-Image-2022-04-10-at-18.43.02.jpeg\",\"contentUrl\":\"https:\/\/radiolifefm.com.br\/noticias\/wp-content\/uploads\/2022\/04\/WhatsApp-Image-2022-04-10-at-18.43.02.jpeg\",\"width\":972,\"height\":1296,\"caption\":\"S\u00e9rgio Barbosa\"},{\"@type\":\"BreadcrumbList\",\"@id\":\"https:\/\/radiolifefm.com.br\/noticias\/provincia-politica-e-politiqueiros-as-de-plantao\/#breadcrumb\",\"itemListElement\":[{\"@type\":\"ListItem\",\"position\":1,\"name\":\"In\u00edcio\",\"item\":\"https:\/\/radiolifefm.com.br\/noticias\/\"},{\"@type\":\"ListItem\",\"position\":2,\"name\":\"Prov\u00edncia, Pol\u00edtica e politiqueiros\/as de plant\u00e3o&#8230;\"}]},{\"@type\":\"WebSite\",\"@id\":\"https:\/\/radiolifefm.com.br\/noticias\/#website\",\"url\":\"https:\/\/radiolifefm.com.br\/noticias\/\",\"name\":\"R\u00e1dio Life FM\",\"description\":\"O Portal de Not\u00edcias de Adamantina\",\"publisher\":{\"@id\":\"https:\/\/radiolifefm.com.br\/noticias\/#organization\"},\"alternateName\":\"Life FM\",\"potentialAction\":[{\"@type\":\"SearchAction\",\"target\":{\"@type\":\"EntryPoint\",\"urlTemplate\":\"https:\/\/radiolifefm.com.br\/noticias\/?s={search_term_string}\"},\"query-input\":{\"@type\":\"PropertyValueSpecification\",\"valueRequired\":true,\"valueName\":\"search_term_string\"}}],\"inLanguage\":\"pt-BR\"},{\"@type\":\"Organization\",\"@id\":\"https:\/\/radiolifefm.com.br\/noticias\/#organization\",\"name\":\"R\u00e1dio Life FM\",\"alternateName\":\"Life FM\",\"url\":\"https:\/\/radiolifefm.com.br\/noticias\/\",\"logo\":{\"@type\":\"ImageObject\",\"inLanguage\":\"pt-BR\",\"@id\":\"https:\/\/radiolifefm.com.br\/noticias\/#\/schema\/logo\/image\/\",\"url\":\"https:\/\/static.radiolifefm.com.br\/noticias\/wp-content\/uploads\/2019\/10\/logo-lifefm.png\",\"contentUrl\":\"https:\/\/static.radiolifefm.com.br\/noticias\/wp-content\/uploads\/2019\/10\/logo-lifefm.png\",\"width\":196,\"height\":47,\"caption\":\"R\u00e1dio Life FM\"},\"image\":{\"@id\":\"https:\/\/radiolifefm.com.br\/noticias\/#\/schema\/logo\/image\/\"},\"sameAs\":[\"https:\/\/www.facebook.com\/radiolifefm\/\",\"https:\/\/www.instagram.com\/life1079fm\/\"]},{\"@type\":\"Person\",\"@id\":\"https:\/\/radiolifefm.com.br\/noticias\/#\/schema\/person\/6339b9fac59d12b071dec680d7375d87\",\"name\":\"ritanery\",\"image\":{\"@type\":\"ImageObject\",\"inLanguage\":\"pt-BR\",\"@id\":\"https:\/\/secure.gravatar.com\/avatar\/0e37bb19071f47c0b8a23f62a903df117c5a0e75f65a0c2901562f97cd41cf86?s=96&d=mm&r=g\",\"url\":\"https:\/\/secure.gravatar.com\/avatar\/0e37bb19071f47c0b8a23f62a903df117c5a0e75f65a0c2901562f97cd41cf86?s=96&d=mm&r=g\",\"contentUrl\":\"https:\/\/secure.gravatar.com\/avatar\/0e37bb19071f47c0b8a23f62a903df117c5a0e75f65a0c2901562f97cd41cf86?s=96&d=mm&r=g\",\"caption\":\"ritanery\"}}]}<\/script>\n<!-- \/ Yoast SEO plugin. -->","yoast_head_json":{"title":"Prov\u00edncia, Pol\u00edtica e politiqueiros\/as de plant\u00e3o... - R\u00e1dio Life FM","robots":{"index":"index","follow":"follow","max-snippet":"max-snippet:-1","max-image-preview":"max-image-preview:large","max-video-preview":"max-video-preview:-1"},"canonical":"https:\/\/radiolifefm.com.br\/noticias\/provincia-politica-e-politiqueiros-as-de-plantao\/","og_locale":"pt_BR","og_type":"article","og_title":"Prov\u00edncia, Pol\u00edtica e politiqueiros\/as de plant\u00e3o... - R\u00e1dio Life FM","og_description":"\u201cN\u00e3o h\u00e1 nada de errado com aqueles que n\u00e3o gostam de pol\u00edtica, simplesmente ser\u00e3o governados por aqueles que gostam.\u201d (Plat\u00e3o) \u201cNada \u00e9 t\u00e3o admir\u00e1vel em pol\u00edtica quanto uma mem\u00f3ria curta.\u201d (John Galbraith) S\u00e9rgio Barbosa (*) Nestas \u00faltimas semanas, pode-se registrar que foram muitos os DESENCONTROS envolvendo as IDAS e VINDAS deste lado para o outro [&hellip;]","og_url":"https:\/\/radiolifefm.com.br\/noticias\/provincia-politica-e-politiqueiros-as-de-plantao\/","og_site_name":"R\u00e1dio Life FM","article_publisher":"https:\/\/www.facebook.com\/radiolifefm\/","article_published_time":"2023-03-27T10:57:23+00:00","article_modified_time":"2026-01-12T11:20:05+00:00","og_image":[{"width":972,"height":1296,"url":"https:\/\/radiolifefm.com.br\/noticias\/wp-content\/uploads\/2022\/04\/WhatsApp-Image-2022-04-10-at-18.43.02.jpeg","type":"image\/jpeg"}],"author":"ritanery","twitter_card":"summary_large_image","twitter_misc":{"Escrito por":"ritanery"},"schema":{"@context":"https:\/\/schema.org","@graph":[{"@type":"Article","@id":"https:\/\/radiolifefm.com.br\/noticias\/provincia-politica-e-politiqueiros-as-de-plantao\/#article","isPartOf":{"@id":"https:\/\/radiolifefm.com.br\/noticias\/provincia-politica-e-politiqueiros-as-de-plantao\/"},"author":{"name":"ritanery","@id":"https:\/\/radiolifefm.com.br\/noticias\/#\/schema\/person\/6339b9fac59d12b071dec680d7375d87"},"headline":"Prov\u00edncia, Pol\u00edtica e politiqueiros\/as de plant\u00e3o&#8230;","datePublished":"2023-03-27T10:57:23+00:00","dateModified":"2026-01-12T11:20:05+00:00","mainEntityOfPage":{"@id":"https:\/\/radiolifefm.com.br\/noticias\/provincia-politica-e-politiqueiros-as-de-plantao\/"},"wordCount":414,"publisher":{"@id":"https:\/\/radiolifefm.com.br\/noticias\/#organization"},"image":{"@id":"https:\/\/radiolifefm.com.br\/noticias\/provincia-politica-e-politiqueiros-as-de-plantao\/#primaryimage"},"thumbnailUrl":"https:\/\/radiolifefm.com.br\/noticias\/wp-content\/uploads\/2022\/04\/WhatsApp-Image-2022-04-10-at-18.43.02.jpeg","articleSection":["Opini\u00e3o"],"inLanguage":"pt-BR"},{"@type":"WebPage","@id":"https:\/\/radiolifefm.com.br\/noticias\/provincia-politica-e-politiqueiros-as-de-plantao\/","url":"https:\/\/radiolifefm.com.br\/noticias\/provincia-politica-e-politiqueiros-as-de-plantao\/","name":"Prov\u00edncia, Pol\u00edtica e politiqueiros\/as de plant\u00e3o... - R\u00e1dio Life FM","isPartOf":{"@id":"https:\/\/radiolifefm.com.br\/noticias\/#website"},"primaryImageOfPage":{"@id":"https:\/\/radiolifefm.com.br\/noticias\/provincia-politica-e-politiqueiros-as-de-plantao\/#primaryimage"},"image":{"@id":"https:\/\/radiolifefm.com.br\/noticias\/provincia-politica-e-politiqueiros-as-de-plantao\/#primaryimage"},"thumbnailUrl":"https:\/\/radiolifefm.com.br\/noticias\/wp-content\/uploads\/2022\/04\/WhatsApp-Image-2022-04-10-at-18.43.02.jpeg","datePublished":"2023-03-27T10:57:23+00:00","dateModified":"2026-01-12T11:20:05+00:00","breadcrumb":{"@id":"https:\/\/radiolifefm.com.br\/noticias\/provincia-politica-e-politiqueiros-as-de-plantao\/#breadcrumb"},"inLanguage":"pt-BR","potentialAction":[{"@type":"ReadAction","target":["https:\/\/radiolifefm.com.br\/noticias\/provincia-politica-e-politiqueiros-as-de-plantao\/"]}]},{"@type":"ImageObject","inLanguage":"pt-BR","@id":"https:\/\/radiolifefm.com.br\/noticias\/provincia-politica-e-politiqueiros-as-de-plantao\/#primaryimage","url":"https:\/\/radiolifefm.com.br\/noticias\/wp-content\/uploads\/2022\/04\/WhatsApp-Image-2022-04-10-at-18.43.02.jpeg","contentUrl":"https:\/\/radiolifefm.com.br\/noticias\/wp-content\/uploads\/2022\/04\/WhatsApp-Image-2022-04-10-at-18.43.02.jpeg","width":972,"height":1296,"caption":"S\u00e9rgio Barbosa"},{"@type":"BreadcrumbList","@id":"https:\/\/radiolifefm.com.br\/noticias\/provincia-politica-e-politiqueiros-as-de-plantao\/#breadcrumb","itemListElement":[{"@type":"ListItem","position":1,"name":"In\u00edcio","item":"https:\/\/radiolifefm.com.br\/noticias\/"},{"@type":"ListItem","position":2,"name":"Prov\u00edncia, Pol\u00edtica e politiqueiros\/as de plant\u00e3o&#8230;"}]},{"@type":"WebSite","@id":"https:\/\/radiolifefm.com.br\/noticias\/#website","url":"https:\/\/radiolifefm.com.br\/noticias\/","name":"R\u00e1dio Life FM","description":"O Portal de Not\u00edcias de Adamantina","publisher":{"@id":"https:\/\/radiolifefm.com.br\/noticias\/#organization"},"alternateName":"Life FM","potentialAction":[{"@type":"SearchAction","target":{"@type":"EntryPoint","urlTemplate":"https:\/\/radiolifefm.com.br\/noticias\/?s={search_term_string}"},"query-input":{"@type":"PropertyValueSpecification","valueRequired":true,"valueName":"search_term_string"}}],"inLanguage":"pt-BR"},{"@type":"Organization","@id":"https:\/\/radiolifefm.com.br\/noticias\/#organization","name":"R\u00e1dio Life FM","alternateName":"Life FM","url":"https:\/\/radiolifefm.com.br\/noticias\/","logo":{"@type":"ImageObject","inLanguage":"pt-BR","@id":"https:\/\/radiolifefm.com.br\/noticias\/#\/schema\/logo\/image\/","url":"https:\/\/static.radiolifefm.com.br\/noticias\/wp-content\/uploads\/2019\/10\/logo-lifefm.png","contentUrl":"https:\/\/static.radiolifefm.com.br\/noticias\/wp-content\/uploads\/2019\/10\/logo-lifefm.png","width":196,"height":47,"caption":"R\u00e1dio Life FM"},"image":{"@id":"https:\/\/radiolifefm.com.br\/noticias\/#\/schema\/logo\/image\/"},"sameAs":["https:\/\/www.facebook.com\/radiolifefm\/","https:\/\/www.instagram.com\/life1079fm\/"]},{"@type":"Person","@id":"https:\/\/radiolifefm.com.br\/noticias\/#\/schema\/person\/6339b9fac59d12b071dec680d7375d87","name":"ritanery","image":{"@type":"ImageObject","inLanguage":"pt-BR","@id":"https:\/\/secure.gravatar.com\/avatar\/0e37bb19071f47c0b8a23f62a903df117c5a0e75f65a0c2901562f97cd41cf86?s=96&d=mm&r=g","url":"https:\/\/secure.gravatar.com\/avatar\/0e37bb19071f47c0b8a23f62a903df117c5a0e75f65a0c2901562f97cd41cf86?s=96&d=mm&r=g","contentUrl":"https:\/\/secure.gravatar.com\/avatar\/0e37bb19071f47c0b8a23f62a903df117c5a0e75f65a0c2901562f97cd41cf86?s=96&d=mm&r=g","caption":"ritanery"}}]}},"amp_enabled":true,"_links":{"self":[{"href":"https:\/\/radiolifefm.com.br\/noticias\/wp-json\/wp\/v2\/posts\/67214","targetHints":{"allow":["GET"]}}],"collection":[{"href":"https:\/\/radiolifefm.com.br\/noticias\/wp-json\/wp\/v2\/posts"}],"about":[{"href":"https:\/\/radiolifefm.com.br\/noticias\/wp-json\/wp\/v2\/types\/post"}],"author":[{"embeddable":true,"href":"https:\/\/radiolifefm.com.br\/noticias\/wp-json\/wp\/v2\/users\/13"}],"replies":[{"embeddable":true,"href":"https:\/\/radiolifefm.com.br\/noticias\/wp-json\/wp\/v2\/comments?post=67214"}],"version-history":[{"count":1,"href":"https:\/\/radiolifefm.com.br\/noticias\/wp-json\/wp\/v2\/posts\/67214\/revisions"}],"predecessor-version":[{"id":67215,"href":"https:\/\/radiolifefm.com.br\/noticias\/wp-json\/wp\/v2\/posts\/67214\/revisions\/67215"}],"wp:featuredmedia":[{"embeddable":true,"href":"https:\/\/radiolifefm.com.br\/noticias\/wp-json\/wp\/v2\/media\/51988"}],"wp:attachment":[{"href":"https:\/\/radiolifefm.com.br\/noticias\/wp-json\/wp\/v2\/media?parent=67214"}],"wp:term":[{"taxonomy":"category","embeddable":true,"href":"https:\/\/radiolifefm.com.br\/noticias\/wp-json\/wp\/v2\/categories?post=67214"},{"taxonomy":"post_tag","embeddable":true,"href":"https:\/\/radiolifefm.com.br\/noticias\/wp-json\/wp\/v2\/tags?post=67214"}],"curies":[{"name":"wp","href":"https:\/\/api.w.org\/{rel}","templated":true}]}}