{"id":66755,"date":"2023-03-20T08:03:45","date_gmt":"2023-03-20T11:03:45","guid":{"rendered":"https:\/\/radiolifefm.com.br\/noticias\/?p=66755"},"modified":"2026-02-05T01:09:18","modified_gmt":"2026-02-05T04:09:18","slug":"provincia-paredes-alvas-e-ponto-quase-final","status":"publish","type":"post","link":"https:\/\/radiolifefm.com.br\/noticias\/provincia-paredes-alvas-e-ponto-quase-final\/","title":{"rendered":"Prov\u00edncia, Paredes Alvas e ponto quase final&#8230;"},"content":{"rendered":"<div id=\"fb-root\"><\/div>\n<p>&nbsp;<\/p>\n<p><strong><em>\u00a0\u201cFoi gra\u00e7as as pessoas incapazes de criar algo original, Que o maldito pl\u00e1gio surgiu e se alastrou pelo o mundo.\u201d (<\/em><\/strong><a href=\"https:\/\/www.pensador.com\/autor\/leonardo_pina\/\"><strong><em>Leonardo Pina<\/em><\/strong><\/a><strong><em>)<\/em><\/strong><\/p>\n<p>&nbsp;<\/p>\n<p><strong>S\u00e9rgio Barbosa (*)<\/strong><\/p>\n<p>Nesta semana, ocorreram diversos desencontros em terras PROVINCIANAS, ainda, umas mais e outra menos, por\u00e9m, tudo indica que muita \u00c1GUA, ainda, vai passar por debaixo desta ou daquela PONTE&#8230;<\/p>\n<p>Espera-se que os\/as GESTORES\/AS que atuam nestas \u00e1reas, ou seja, em n\u00edveis MUNICIPAL e EDUCACIONAL, estejam em ESTADO DE ALERTA de um jeito ou de outro, caso contr\u00e1rio, o RETROCESSO \u00e9 mais do que uma CERTEZA&#8230;<\/p>\n<p>Por\u00e9m, como afirma uma das m\u00e1ximas da PUBLICIDADE, a saber: NADA SE CRIA, TUDO SE COPIA, talvez o que est\u00e1 de FATO possa ser TROCADO em meio aos DESENCONTROS com DECIS\u00d5ES que deixaram a desejar em um PASSADO n\u00e3o t\u00e3o distante&#8230;<\/p>\n<p>Entretanto, quem est\u00e1 no COMANDO neste momento, deve considerar que tais IMPREVISTOS n\u00e3o est\u00e3o de ACORDO com o CEN\u00c1RIO ORGANIZACIONAL em tempo de P\u00d3S-GLOBALIZA\u00c7\u00c3O, todavia, nestes e naqueles outros lados de um mesmo lado, tudo funciona mais ou menos no sistema do FAZ DE CONTA&#8230;<\/p>\n<p>O momento \u00e9 para estar em CONEX\u00c3O com o SISTEMA que regula tais quest\u00f5es com isto ou aquilo, ainda, em todas as \u00e1reas do MERCADO, haja vista que as ESTRAT\u00c9GIAS s\u00e3o fundamentais para o desenvolvimento da ORGANIZA\u00c7\u00c3O&#8230;<\/p>\n<p>N\u00e3o se pode esquecer aquele outro dito mais do que popular, a saber: SE VOC\u00ca PENSA QUE T\u00c1 RUIM, PODE PIORAR&#8230;<\/p>\n<p>Nestes \u00faltimos anos, foram muitos os DESENCONTROS nas PAREDES ALVAS, portanto, TODO CUIDADO \u00c9 POUCO neste CEN\u00c1RIO atual, al\u00e9m do mais em meio ao tudo de menos, PROFISSIONALIZAR \u00e9 mais do que necess\u00e1rio em todas as \u00e1reas desta ou daquela ORGANIZA\u00c7\u00c3O&#8230;<\/p>\n<p>O dito PODER P\u00daBLICO n\u00e3o pode ficar de lado neste contexto plural para o cen\u00e1rio PROVINCIANO, tendo em vista que a REPERCUSS\u00c3O NEGATIVA do caso em pauta, ainda, que pode ser considerado um PL\u00c1GIO, considerando que a MARCA estava devidamente REGISTRADA pela outra ORGANIZA\u00c7\u00c3O antes das PAREDES ALVAS entrar no MERCADO com a mesma MARCA, diga-se passagem, N\u00c3O REGISTRADA como determina o PROTOCOLO nestes casos entre os OCASOS de um TALVEZ e PONTO QUASE FINAL&#8230;<\/p>\n<p>Ainda, nas REDES SOCIAIS que circulam nos MEIOS PROVINCIANOS, existem diversas sugest\u00f5es quanto a uma NOVA PROPOSTA para as PAREDES ALVAS neste caso em pauta, assim, pra refor\u00e7ar o contexto atual, QUEM SOBREVIVER VAI SABER&#8230;<\/p>\n<p><strong>______________________________<\/strong><\/p>\n<p><strong>(*) jornalista diplomado.<\/strong><\/p>\n<p><strong>e-mail: <\/strong><a href=\"mailto:barbosa.sebar@gmail.com\"><strong>barbosa.sebar@gmail.com<\/strong><\/a><\/p>\n","protected":false},"excerpt":{"rendered":"<p>&nbsp; \u00a0\u201cFoi gra\u00e7as as pessoas incapazes de criar algo original, Que o maldito pl\u00e1gio surgiu e se alastrou pelo o mundo.\u201d (Leonardo Pina) &nbsp; S\u00e9rgio Barbosa (*) Nesta semana, ocorreram diversos desencontros em terras PROVINCIANAS, ainda, umas mais e outra menos, por\u00e9m, tudo indica que muita \u00c1GUA, ainda, vai passar por debaixo desta ou daquela [&hellip;]<\/p>\n","protected":false},"author":13,"featured_media":51988,"comment_status":"closed","ping_status":"open","sticky":false,"template":"","format":"standard","meta":{"_acf_changed":false,"_exactmetrics_skip_tracking":false,"_exactmetrics_sitenote_active":false,"_exactmetrics_sitenote_note":"","_exactmetrics_sitenote_category":0,"footnotes":""},"categories":[59],"tags":[],"class_list":["post-66755","post","type-post","status-publish","format-standard","has-post-thumbnail","hentry","category-opiniao"],"acf":[],"yoast_head":"<!-- This site is optimized with the Yoast SEO plugin v27.2 - https:\/\/yoast.com\/product\/yoast-seo-wordpress\/ -->\n<title>Prov\u00edncia, Paredes Alvas e ponto quase final... - R\u00e1dio Life FM<\/title>\n<meta name=\"robots\" content=\"index, follow, max-snippet:-1, max-image-preview:large, max-video-preview:-1\" \/>\n<link rel=\"canonical\" href=\"https:\/\/radiolifefm.com.br\/noticias\/provincia-paredes-alvas-e-ponto-quase-final\/\" \/>\n<meta property=\"og:locale\" content=\"pt_BR\" \/>\n<meta property=\"og:type\" content=\"article\" \/>\n<meta property=\"og:title\" content=\"Prov\u00edncia, Paredes Alvas e ponto quase final... - R\u00e1dio Life FM\" \/>\n<meta property=\"og:description\" content=\"&nbsp; \u00a0\u201cFoi gra\u00e7as as pessoas incapazes de criar algo original, Que o maldito pl\u00e1gio surgiu e se alastrou pelo o mundo.\u201d (Leonardo Pina) &nbsp; S\u00e9rgio Barbosa (*) Nesta semana, ocorreram diversos desencontros em terras PROVINCIANAS, ainda, umas mais e outra menos, por\u00e9m, tudo indica que muita \u00c1GUA, ainda, vai passar por debaixo desta ou daquela [&hellip;]\" \/>\n<meta property=\"og:url\" content=\"https:\/\/radiolifefm.com.br\/noticias\/provincia-paredes-alvas-e-ponto-quase-final\/\" \/>\n<meta property=\"og:site_name\" content=\"R\u00e1dio Life FM\" \/>\n<meta property=\"article:publisher\" content=\"https:\/\/www.facebook.com\/radiolifefm\/\" \/>\n<meta property=\"article:published_time\" content=\"2023-03-20T11:03:45+00:00\" \/>\n<meta property=\"article:modified_time\" content=\"2026-02-05T04:09:18+00:00\" \/>\n<meta property=\"og:image\" content=\"https:\/\/radiolifefm.com.br\/noticias\/wp-content\/uploads\/2022\/04\/WhatsApp-Image-2022-04-10-at-18.43.02.jpeg\" \/>\n\t<meta property=\"og:image:width\" content=\"972\" \/>\n\t<meta property=\"og:image:height\" content=\"1296\" \/>\n\t<meta property=\"og:image:type\" content=\"image\/jpeg\" \/>\n<meta name=\"author\" content=\"ritanery\" \/>\n<meta name=\"twitter:card\" content=\"summary_large_image\" \/>\n<meta name=\"twitter:label1\" content=\"Escrito por\" \/>\n\t<meta name=\"twitter:data1\" content=\"ritanery\" \/>\n\t<meta name=\"twitter:label2\" content=\"Est. tempo de leitura\" \/>\n\t<meta name=\"twitter:data2\" content=\"3 minutos\" \/>\n<script type=\"application\/ld+json\" class=\"yoast-schema-graph\">{\"@context\":\"https:\/\/schema.org\",\"@graph\":[{\"@type\":\"Article\",\"@id\":\"https:\/\/radiolifefm.com.br\/noticias\/provincia-paredes-alvas-e-ponto-quase-final\/#article\",\"isPartOf\":{\"@id\":\"https:\/\/radiolifefm.com.br\/noticias\/provincia-paredes-alvas-e-ponto-quase-final\/\"},\"author\":{\"name\":\"ritanery\",\"@id\":\"https:\/\/radiolifefm.com.br\/noticias\/#\/schema\/person\/6339b9fac59d12b071dec680d7375d87\"},\"headline\":\"Prov\u00edncia, Paredes Alvas e ponto quase final&#8230;\",\"datePublished\":\"2023-03-20T11:03:45+00:00\",\"dateModified\":\"2026-02-05T04:09:18+00:00\",\"mainEntityOfPage\":{\"@id\":\"https:\/\/radiolifefm.com.br\/noticias\/provincia-paredes-alvas-e-ponto-quase-final\/\"},\"wordCount\":434,\"publisher\":{\"@id\":\"https:\/\/radiolifefm.com.br\/noticias\/#organization\"},\"image\":{\"@id\":\"https:\/\/radiolifefm.com.br\/noticias\/provincia-paredes-alvas-e-ponto-quase-final\/#primaryimage\"},\"thumbnailUrl\":\"https:\/\/radiolifefm.com.br\/noticias\/wp-content\/uploads\/2022\/04\/WhatsApp-Image-2022-04-10-at-18.43.02.jpeg\",\"articleSection\":[\"Opini\u00e3o\"],\"inLanguage\":\"pt-BR\"},{\"@type\":\"WebPage\",\"@id\":\"https:\/\/radiolifefm.com.br\/noticias\/provincia-paredes-alvas-e-ponto-quase-final\/\",\"url\":\"https:\/\/radiolifefm.com.br\/noticias\/provincia-paredes-alvas-e-ponto-quase-final\/\",\"name\":\"Prov\u00edncia, Paredes Alvas e ponto quase final... - R\u00e1dio Life FM\",\"isPartOf\":{\"@id\":\"https:\/\/radiolifefm.com.br\/noticias\/#website\"},\"primaryImageOfPage\":{\"@id\":\"https:\/\/radiolifefm.com.br\/noticias\/provincia-paredes-alvas-e-ponto-quase-final\/#primaryimage\"},\"image\":{\"@id\":\"https:\/\/radiolifefm.com.br\/noticias\/provincia-paredes-alvas-e-ponto-quase-final\/#primaryimage\"},\"thumbnailUrl\":\"https:\/\/radiolifefm.com.br\/noticias\/wp-content\/uploads\/2022\/04\/WhatsApp-Image-2022-04-10-at-18.43.02.jpeg\",\"datePublished\":\"2023-03-20T11:03:45+00:00\",\"dateModified\":\"2026-02-05T04:09:18+00:00\",\"breadcrumb\":{\"@id\":\"https:\/\/radiolifefm.com.br\/noticias\/provincia-paredes-alvas-e-ponto-quase-final\/#breadcrumb\"},\"inLanguage\":\"pt-BR\",\"potentialAction\":[{\"@type\":\"ReadAction\",\"target\":[\"https:\/\/radiolifefm.com.br\/noticias\/provincia-paredes-alvas-e-ponto-quase-final\/\"]}]},{\"@type\":\"ImageObject\",\"inLanguage\":\"pt-BR\",\"@id\":\"https:\/\/radiolifefm.com.br\/noticias\/provincia-paredes-alvas-e-ponto-quase-final\/#primaryimage\",\"url\":\"https:\/\/radiolifefm.com.br\/noticias\/wp-content\/uploads\/2022\/04\/WhatsApp-Image-2022-04-10-at-18.43.02.jpeg\",\"contentUrl\":\"https:\/\/radiolifefm.com.br\/noticias\/wp-content\/uploads\/2022\/04\/WhatsApp-Image-2022-04-10-at-18.43.02.jpeg\",\"width\":972,\"height\":1296,\"caption\":\"S\u00e9rgio Barbosa\"},{\"@type\":\"BreadcrumbList\",\"@id\":\"https:\/\/radiolifefm.com.br\/noticias\/provincia-paredes-alvas-e-ponto-quase-final\/#breadcrumb\",\"itemListElement\":[{\"@type\":\"ListItem\",\"position\":1,\"name\":\"In\u00edcio\",\"item\":\"https:\/\/radiolifefm.com.br\/noticias\/\"},{\"@type\":\"ListItem\",\"position\":2,\"name\":\"Prov\u00edncia, Paredes Alvas e ponto quase final&#8230;\"}]},{\"@type\":\"WebSite\",\"@id\":\"https:\/\/radiolifefm.com.br\/noticias\/#website\",\"url\":\"https:\/\/radiolifefm.com.br\/noticias\/\",\"name\":\"R\u00e1dio Life FM\",\"description\":\"O Portal de Not\u00edcias de Adamantina\",\"publisher\":{\"@id\":\"https:\/\/radiolifefm.com.br\/noticias\/#organization\"},\"alternateName\":\"Life FM\",\"potentialAction\":[{\"@type\":\"SearchAction\",\"target\":{\"@type\":\"EntryPoint\",\"urlTemplate\":\"https:\/\/radiolifefm.com.br\/noticias\/?s={search_term_string}\"},\"query-input\":{\"@type\":\"PropertyValueSpecification\",\"valueRequired\":true,\"valueName\":\"search_term_string\"}}],\"inLanguage\":\"pt-BR\"},{\"@type\":\"Organization\",\"@id\":\"https:\/\/radiolifefm.com.br\/noticias\/#organization\",\"name\":\"R\u00e1dio Life FM\",\"alternateName\":\"Life FM\",\"url\":\"https:\/\/radiolifefm.com.br\/noticias\/\",\"logo\":{\"@type\":\"ImageObject\",\"inLanguage\":\"pt-BR\",\"@id\":\"https:\/\/radiolifefm.com.br\/noticias\/#\/schema\/logo\/image\/\",\"url\":\"https:\/\/static.radiolifefm.com.br\/noticias\/wp-content\/uploads\/2019\/10\/logo-lifefm.png\",\"contentUrl\":\"https:\/\/static.radiolifefm.com.br\/noticias\/wp-content\/uploads\/2019\/10\/logo-lifefm.png\",\"width\":196,\"height\":47,\"caption\":\"R\u00e1dio Life FM\"},\"image\":{\"@id\":\"https:\/\/radiolifefm.com.br\/noticias\/#\/schema\/logo\/image\/\"},\"sameAs\":[\"https:\/\/www.facebook.com\/radiolifefm\/\",\"https:\/\/www.instagram.com\/life1079fm\/\"]},{\"@type\":\"Person\",\"@id\":\"https:\/\/radiolifefm.com.br\/noticias\/#\/schema\/person\/6339b9fac59d12b071dec680d7375d87\",\"name\":\"ritanery\",\"image\":{\"@type\":\"ImageObject\",\"inLanguage\":\"pt-BR\",\"@id\":\"https:\/\/secure.gravatar.com\/avatar\/0e37bb19071f47c0b8a23f62a903df117c5a0e75f65a0c2901562f97cd41cf86?s=96&d=mm&r=g\",\"url\":\"https:\/\/secure.gravatar.com\/avatar\/0e37bb19071f47c0b8a23f62a903df117c5a0e75f65a0c2901562f97cd41cf86?s=96&d=mm&r=g\",\"contentUrl\":\"https:\/\/secure.gravatar.com\/avatar\/0e37bb19071f47c0b8a23f62a903df117c5a0e75f65a0c2901562f97cd41cf86?s=96&d=mm&r=g\",\"caption\":\"ritanery\"}}]}<\/script>\n<!-- \/ Yoast SEO plugin. -->","yoast_head_json":{"title":"Prov\u00edncia, Paredes Alvas e ponto quase final... - R\u00e1dio Life FM","robots":{"index":"index","follow":"follow","max-snippet":"max-snippet:-1","max-image-preview":"max-image-preview:large","max-video-preview":"max-video-preview:-1"},"canonical":"https:\/\/radiolifefm.com.br\/noticias\/provincia-paredes-alvas-e-ponto-quase-final\/","og_locale":"pt_BR","og_type":"article","og_title":"Prov\u00edncia, Paredes Alvas e ponto quase final... - R\u00e1dio Life FM","og_description":"&nbsp; \u00a0\u201cFoi gra\u00e7as as pessoas incapazes de criar algo original, Que o maldito pl\u00e1gio surgiu e se alastrou pelo o mundo.\u201d (Leonardo Pina) &nbsp; S\u00e9rgio Barbosa (*) Nesta semana, ocorreram diversos desencontros em terras PROVINCIANAS, ainda, umas mais e outra menos, por\u00e9m, tudo indica que muita \u00c1GUA, ainda, vai passar por debaixo desta ou daquela [&hellip;]","og_url":"https:\/\/radiolifefm.com.br\/noticias\/provincia-paredes-alvas-e-ponto-quase-final\/","og_site_name":"R\u00e1dio Life FM","article_publisher":"https:\/\/www.facebook.com\/radiolifefm\/","article_published_time":"2023-03-20T11:03:45+00:00","article_modified_time":"2026-02-05T04:09:18+00:00","og_image":[{"width":972,"height":1296,"url":"https:\/\/radiolifefm.com.br\/noticias\/wp-content\/uploads\/2022\/04\/WhatsApp-Image-2022-04-10-at-18.43.02.jpeg","type":"image\/jpeg"}],"author":"ritanery","twitter_card":"summary_large_image","twitter_misc":{"Escrito por":"ritanery","Est. tempo de leitura":"3 minutos"},"schema":{"@context":"https:\/\/schema.org","@graph":[{"@type":"Article","@id":"https:\/\/radiolifefm.com.br\/noticias\/provincia-paredes-alvas-e-ponto-quase-final\/#article","isPartOf":{"@id":"https:\/\/radiolifefm.com.br\/noticias\/provincia-paredes-alvas-e-ponto-quase-final\/"},"author":{"name":"ritanery","@id":"https:\/\/radiolifefm.com.br\/noticias\/#\/schema\/person\/6339b9fac59d12b071dec680d7375d87"},"headline":"Prov\u00edncia, Paredes Alvas e ponto quase final&#8230;","datePublished":"2023-03-20T11:03:45+00:00","dateModified":"2026-02-05T04:09:18+00:00","mainEntityOfPage":{"@id":"https:\/\/radiolifefm.com.br\/noticias\/provincia-paredes-alvas-e-ponto-quase-final\/"},"wordCount":434,"publisher":{"@id":"https:\/\/radiolifefm.com.br\/noticias\/#organization"},"image":{"@id":"https:\/\/radiolifefm.com.br\/noticias\/provincia-paredes-alvas-e-ponto-quase-final\/#primaryimage"},"thumbnailUrl":"https:\/\/radiolifefm.com.br\/noticias\/wp-content\/uploads\/2022\/04\/WhatsApp-Image-2022-04-10-at-18.43.02.jpeg","articleSection":["Opini\u00e3o"],"inLanguage":"pt-BR"},{"@type":"WebPage","@id":"https:\/\/radiolifefm.com.br\/noticias\/provincia-paredes-alvas-e-ponto-quase-final\/","url":"https:\/\/radiolifefm.com.br\/noticias\/provincia-paredes-alvas-e-ponto-quase-final\/","name":"Prov\u00edncia, Paredes Alvas e ponto quase final... - R\u00e1dio Life FM","isPartOf":{"@id":"https:\/\/radiolifefm.com.br\/noticias\/#website"},"primaryImageOfPage":{"@id":"https:\/\/radiolifefm.com.br\/noticias\/provincia-paredes-alvas-e-ponto-quase-final\/#primaryimage"},"image":{"@id":"https:\/\/radiolifefm.com.br\/noticias\/provincia-paredes-alvas-e-ponto-quase-final\/#primaryimage"},"thumbnailUrl":"https:\/\/radiolifefm.com.br\/noticias\/wp-content\/uploads\/2022\/04\/WhatsApp-Image-2022-04-10-at-18.43.02.jpeg","datePublished":"2023-03-20T11:03:45+00:00","dateModified":"2026-02-05T04:09:18+00:00","breadcrumb":{"@id":"https:\/\/radiolifefm.com.br\/noticias\/provincia-paredes-alvas-e-ponto-quase-final\/#breadcrumb"},"inLanguage":"pt-BR","potentialAction":[{"@type":"ReadAction","target":["https:\/\/radiolifefm.com.br\/noticias\/provincia-paredes-alvas-e-ponto-quase-final\/"]}]},{"@type":"ImageObject","inLanguage":"pt-BR","@id":"https:\/\/radiolifefm.com.br\/noticias\/provincia-paredes-alvas-e-ponto-quase-final\/#primaryimage","url":"https:\/\/radiolifefm.com.br\/noticias\/wp-content\/uploads\/2022\/04\/WhatsApp-Image-2022-04-10-at-18.43.02.jpeg","contentUrl":"https:\/\/radiolifefm.com.br\/noticias\/wp-content\/uploads\/2022\/04\/WhatsApp-Image-2022-04-10-at-18.43.02.jpeg","width":972,"height":1296,"caption":"S\u00e9rgio Barbosa"},{"@type":"BreadcrumbList","@id":"https:\/\/radiolifefm.com.br\/noticias\/provincia-paredes-alvas-e-ponto-quase-final\/#breadcrumb","itemListElement":[{"@type":"ListItem","position":1,"name":"In\u00edcio","item":"https:\/\/radiolifefm.com.br\/noticias\/"},{"@type":"ListItem","position":2,"name":"Prov\u00edncia, Paredes Alvas e ponto quase final&#8230;"}]},{"@type":"WebSite","@id":"https:\/\/radiolifefm.com.br\/noticias\/#website","url":"https:\/\/radiolifefm.com.br\/noticias\/","name":"R\u00e1dio Life FM","description":"O Portal de Not\u00edcias de Adamantina","publisher":{"@id":"https:\/\/radiolifefm.com.br\/noticias\/#organization"},"alternateName":"Life FM","potentialAction":[{"@type":"SearchAction","target":{"@type":"EntryPoint","urlTemplate":"https:\/\/radiolifefm.com.br\/noticias\/?s={search_term_string}"},"query-input":{"@type":"PropertyValueSpecification","valueRequired":true,"valueName":"search_term_string"}}],"inLanguage":"pt-BR"},{"@type":"Organization","@id":"https:\/\/radiolifefm.com.br\/noticias\/#organization","name":"R\u00e1dio Life FM","alternateName":"Life FM","url":"https:\/\/radiolifefm.com.br\/noticias\/","logo":{"@type":"ImageObject","inLanguage":"pt-BR","@id":"https:\/\/radiolifefm.com.br\/noticias\/#\/schema\/logo\/image\/","url":"https:\/\/static.radiolifefm.com.br\/noticias\/wp-content\/uploads\/2019\/10\/logo-lifefm.png","contentUrl":"https:\/\/static.radiolifefm.com.br\/noticias\/wp-content\/uploads\/2019\/10\/logo-lifefm.png","width":196,"height":47,"caption":"R\u00e1dio Life FM"},"image":{"@id":"https:\/\/radiolifefm.com.br\/noticias\/#\/schema\/logo\/image\/"},"sameAs":["https:\/\/www.facebook.com\/radiolifefm\/","https:\/\/www.instagram.com\/life1079fm\/"]},{"@type":"Person","@id":"https:\/\/radiolifefm.com.br\/noticias\/#\/schema\/person\/6339b9fac59d12b071dec680d7375d87","name":"ritanery","image":{"@type":"ImageObject","inLanguage":"pt-BR","@id":"https:\/\/secure.gravatar.com\/avatar\/0e37bb19071f47c0b8a23f62a903df117c5a0e75f65a0c2901562f97cd41cf86?s=96&d=mm&r=g","url":"https:\/\/secure.gravatar.com\/avatar\/0e37bb19071f47c0b8a23f62a903df117c5a0e75f65a0c2901562f97cd41cf86?s=96&d=mm&r=g","contentUrl":"https:\/\/secure.gravatar.com\/avatar\/0e37bb19071f47c0b8a23f62a903df117c5a0e75f65a0c2901562f97cd41cf86?s=96&d=mm&r=g","caption":"ritanery"}}]}},"amp_enabled":true,"_links":{"self":[{"href":"https:\/\/radiolifefm.com.br\/noticias\/wp-json\/wp\/v2\/posts\/66755","targetHints":{"allow":["GET"]}}],"collection":[{"href":"https:\/\/radiolifefm.com.br\/noticias\/wp-json\/wp\/v2\/posts"}],"about":[{"href":"https:\/\/radiolifefm.com.br\/noticias\/wp-json\/wp\/v2\/types\/post"}],"author":[{"embeddable":true,"href":"https:\/\/radiolifefm.com.br\/noticias\/wp-json\/wp\/v2\/users\/13"}],"replies":[{"embeddable":true,"href":"https:\/\/radiolifefm.com.br\/noticias\/wp-json\/wp\/v2\/comments?post=66755"}],"version-history":[{"count":1,"href":"https:\/\/radiolifefm.com.br\/noticias\/wp-json\/wp\/v2\/posts\/66755\/revisions"}],"predecessor-version":[{"id":66756,"href":"https:\/\/radiolifefm.com.br\/noticias\/wp-json\/wp\/v2\/posts\/66755\/revisions\/66756"}],"wp:featuredmedia":[{"embeddable":true,"href":"https:\/\/radiolifefm.com.br\/noticias\/wp-json\/wp\/v2\/media\/51988"}],"wp:attachment":[{"href":"https:\/\/radiolifefm.com.br\/noticias\/wp-json\/wp\/v2\/media?parent=66755"}],"wp:term":[{"taxonomy":"category","embeddable":true,"href":"https:\/\/radiolifefm.com.br\/noticias\/wp-json\/wp\/v2\/categories?post=66755"},{"taxonomy":"post_tag","embeddable":true,"href":"https:\/\/radiolifefm.com.br\/noticias\/wp-json\/wp\/v2\/tags?post=66755"}],"curies":[{"name":"wp","href":"https:\/\/api.w.org\/{rel}","templated":true}]}}