{"id":66547,"date":"2023-03-15T13:42:27","date_gmt":"2023-03-15T16:42:27","guid":{"rendered":"https:\/\/radiolifefm.com.br\/noticias\/?p=66547"},"modified":"2026-04-26T22:27:48","modified_gmt":"2026-04-27T01:27:48","slug":"the-dark-side-of-the-moon-50-anos-na-estrada-do-rock-and-roll","status":"publish","type":"post","link":"https:\/\/radiolifefm.com.br\/noticias\/the-dark-side-of-the-moon-50-anos-na-estrada-do-rock-and-roll\/","title":{"rendered":"\u201cThe Dark Side of the Moon\u201d: 50 Anos na estrada do Rock and Roll&#8230;"},"content":{"rendered":"<div id=\"fb-root\"><\/div>\n<p><em>\u00a0\u201cMaior \u00e1lbum da banda inglesa, com a famosa capa do feixe de luz que atravessa um prisma e vira arco-\u00edris, vendeu mais de 50 milh\u00f5es de c\u00f3pias e j\u00e1 teve lan\u00e7adas 18 edi\u00e7\u00f5es diferentes\u201d (in E4, Ilustrada, Folha de S.Paulo, Domingo, 18\/08\/2013)<\/em><\/p>\n<p><strong>S\u00e9rgio Barbosa (*)<\/strong><\/p>\n<p>Apesar dos pesares, isso \u00e9, considerando a longa estrada do Rock and Roll, quando no final da d\u00e9cada de 50 come\u00e7aram os primeiros acordes em terras norte-americanas, ainda, passando pelos anos turbulentos das d\u00e9cadas de 50 com uma juventude transviada e os anos 60 em meio ao movimento hippie de \u201cPaz e Amor\u201d&#8230;<\/p>\n<p>Por\u00e9m, eis que entra a d\u00e9cada de 70, para muitos, uma tremenda ressaca musical da d\u00e9cada anterior, al\u00e9m do mais ou de menos, os anos 60 transformaram o Planeta Terra em diversas \u00e1reas&#8230;<\/p>\n<p>Neste cen\u00e1rio desencontrado para a musicalidade em n\u00edvel mundial, eis que surge no mercado o \u00e1lbum \u201cThe Dark Side of the Moon\u201d (1973) da banda inglesa de rock, \u201cPink Floyd\u201d&#8230;<\/p>\n<p>Este disco \u00e9 o de n\u00famero 8 da discografia do Pink Floyd, por\u00e9m, transformou o mundo musical do Rock and Roll por meio dos mais diversos experimentos em nome da inova\u00e7\u00e3o de um novo tempo para o rock mundial&#8230;<\/p>\n<p>As m\u00fasicas \u201cTime\u201d e \u201cMoney\u201d foram os destaques para a cria\u00e7\u00e3o musical neste contexto al\u00e9m da modernidade daquele in\u00edcio de d\u00e9cada, quase quatro anos depois da chegada do homem na Lua com a bandeira de \u201cTio Sam\u201d&#8230;<\/p>\n<p>A rever\u00eancia deve ser feita sempre ao \u00e1lbum em pauta, destacando que se trata de um marco para a Hist\u00f3ria do Rock no cen\u00e1rio mundial, bem como, colocando o disco, ainda hoje, como primeiro colocado na maioria das pesquisas sobre os maiores \u00e1lbuns da estrada do Rock and Roll&#8230;<\/p>\n<p>Assim, faz-se necess\u00e1rio estar em conex\u00e3o com os acontecimentos hist\u00f3ricos para uma reflex\u00e3o em tempo de p\u00f3s-globaliza\u00e7\u00e3o midi\u00e1tica na \u00e1rea musical envolvendo os desencontros do Rock&#8230;<\/p>\n<p>Tamb\u00e9m, no final desta d\u00e9cada, Pink Floyd com a forma\u00e7\u00e3o original e p\u00f3s \u201cSyd Barret\u201d, lan\u00e7a no mercado o \u00e1lbum duplo \u201cThe Wall\u201d, outro marco na hist\u00f3ria contempor\u00e2nea do Rock and Roll&#8230;<\/p>\n<p>Por\u00e9m, \u201cThe Dark Side of the Moon\u201d \u00e9 considerado para a maioria dos pesquisadores da \u00e1rea como a \u201cmarca registrada\u201d para muitas gera\u00e7\u00f5es que neste novo tempo continuam buscando \u201cestar\u201d, por\u00e9m, se esquecem de \u201cser\u201d&#8230;<\/p>\n<p>Ave Pink Floyd!<\/p>\n<p>Ave \u201cThe Dark Side of the Moon\u201d!<\/p>\n<p><strong><em>__________________________<\/em><\/strong><\/p>\n<p><strong><em>\u00a0(*) jornalista diplomado e pesquisador da c\u00e1tedra unesco\/umesp de comunica\u00e7\u00e3o.<\/em><\/strong><\/p>\n<p><strong><em>e-mail: <\/em><\/strong><a href=\"mailto:barbosa.sebar@gmail.com\"><strong><em>barbosa.sebar@gmail.com<\/em><\/strong><\/a><\/p>\n<p><strong><em>\u00a0<\/em><\/strong><\/p>\n<p>&nbsp;<\/p>\n","protected":false},"excerpt":{"rendered":"<p>\u00a0\u201cMaior \u00e1lbum da banda inglesa, com a famosa capa do feixe de luz que atravessa um prisma e vira arco-\u00edris, vendeu mais de 50 milh\u00f5es de c\u00f3pias e j\u00e1 teve lan\u00e7adas 18 edi\u00e7\u00f5es diferentes\u201d (in E4, Ilustrada, Folha de S.Paulo, Domingo, 18\/08\/2013) S\u00e9rgio Barbosa (*) Apesar dos pesares, isso \u00e9, considerando a longa estrada do [&hellip;]<\/p>\n","protected":false},"author":13,"featured_media":51988,"comment_status":"closed","ping_status":"open","sticky":false,"template":"","format":"standard","meta":{"_acf_changed":false,"_exactmetrics_skip_tracking":false,"_exactmetrics_sitenote_active":false,"_exactmetrics_sitenote_note":"","_exactmetrics_sitenote_category":0,"footnotes":""},"categories":[59],"tags":[],"class_list":["post-66547","post","type-post","status-publish","format-standard","has-post-thumbnail","hentry","category-opiniao"],"acf":[],"yoast_head":"<!-- This site is optimized with the Yoast SEO plugin v27.2 - https:\/\/yoast.com\/product\/yoast-seo-wordpress\/ -->\n<title>\u201cThe Dark Side of the Moon\u201d: 50 Anos na estrada do Rock and Roll... - R\u00e1dio Life FM<\/title>\n<meta name=\"robots\" content=\"index, follow, max-snippet:-1, max-image-preview:large, max-video-preview:-1\" \/>\n<link rel=\"canonical\" href=\"https:\/\/radiolifefm.com.br\/noticias\/the-dark-side-of-the-moon-50-anos-na-estrada-do-rock-and-roll\/\" \/>\n<meta property=\"og:locale\" content=\"pt_BR\" \/>\n<meta property=\"og:type\" content=\"article\" \/>\n<meta property=\"og:title\" content=\"\u201cThe Dark Side of the Moon\u201d: 50 Anos na estrada do Rock and Roll... - R\u00e1dio Life FM\" \/>\n<meta property=\"og:description\" content=\"\u00a0\u201cMaior \u00e1lbum da banda inglesa, com a famosa capa do feixe de luz que atravessa um prisma e vira arco-\u00edris, vendeu mais de 50 milh\u00f5es de c\u00f3pias e j\u00e1 teve lan\u00e7adas 18 edi\u00e7\u00f5es diferentes\u201d (in E4, Ilustrada, Folha de S.Paulo, Domingo, 18\/08\/2013) S\u00e9rgio Barbosa (*) Apesar dos pesares, isso \u00e9, considerando a longa estrada do [&hellip;]\" \/>\n<meta property=\"og:url\" content=\"https:\/\/radiolifefm.com.br\/noticias\/the-dark-side-of-the-moon-50-anos-na-estrada-do-rock-and-roll\/\" \/>\n<meta property=\"og:site_name\" content=\"R\u00e1dio Life FM\" \/>\n<meta property=\"article:publisher\" content=\"https:\/\/www.facebook.com\/radiolifefm\/\" \/>\n<meta property=\"article:published_time\" content=\"2023-03-15T16:42:27+00:00\" \/>\n<meta property=\"article:modified_time\" content=\"2026-04-27T01:27:48+00:00\" \/>\n<meta property=\"og:image\" content=\"https:\/\/radiolifefm.com.br\/noticias\/wp-content\/uploads\/2022\/04\/WhatsApp-Image-2022-04-10-at-18.43.02.jpeg\" \/>\n\t<meta property=\"og:image:width\" content=\"972\" \/>\n\t<meta property=\"og:image:height\" content=\"1296\" \/>\n\t<meta property=\"og:image:type\" content=\"image\/jpeg\" \/>\n<meta name=\"author\" content=\"ritanery\" \/>\n<meta name=\"twitter:card\" content=\"summary_large_image\" \/>\n<meta name=\"twitter:label1\" content=\"Escrito por\" \/>\n\t<meta name=\"twitter:data1\" content=\"ritanery\" \/>\n\t<meta name=\"twitter:label2\" content=\"Est. tempo de leitura\" \/>\n\t<meta name=\"twitter:data2\" content=\"3 minutos\" \/>\n<script type=\"application\/ld+json\" class=\"yoast-schema-graph\">{\"@context\":\"https:\/\/schema.org\",\"@graph\":[{\"@type\":\"Article\",\"@id\":\"https:\/\/radiolifefm.com.br\/noticias\/the-dark-side-of-the-moon-50-anos-na-estrada-do-rock-and-roll\/#article\",\"isPartOf\":{\"@id\":\"https:\/\/radiolifefm.com.br\/noticias\/the-dark-side-of-the-moon-50-anos-na-estrada-do-rock-and-roll\/\"},\"author\":{\"name\":\"ritanery\",\"@id\":\"https:\/\/radiolifefm.com.br\/noticias\/#\/schema\/person\/6339b9fac59d12b071dec680d7375d87\"},\"headline\":\"\u201cThe Dark Side of the Moon\u201d: 50 Anos na estrada do Rock and Roll&#8230;\",\"datePublished\":\"2023-03-15T16:42:27+00:00\",\"dateModified\":\"2026-04-27T01:27:48+00:00\",\"mainEntityOfPage\":{\"@id\":\"https:\/\/radiolifefm.com.br\/noticias\/the-dark-side-of-the-moon-50-anos-na-estrada-do-rock-and-roll\/\"},\"wordCount\":450,\"publisher\":{\"@id\":\"https:\/\/radiolifefm.com.br\/noticias\/#organization\"},\"image\":{\"@id\":\"https:\/\/radiolifefm.com.br\/noticias\/the-dark-side-of-the-moon-50-anos-na-estrada-do-rock-and-roll\/#primaryimage\"},\"thumbnailUrl\":\"https:\/\/radiolifefm.com.br\/noticias\/wp-content\/uploads\/2022\/04\/WhatsApp-Image-2022-04-10-at-18.43.02.jpeg\",\"articleSection\":[\"Opini\u00e3o\"],\"inLanguage\":\"pt-BR\"},{\"@type\":\"WebPage\",\"@id\":\"https:\/\/radiolifefm.com.br\/noticias\/the-dark-side-of-the-moon-50-anos-na-estrada-do-rock-and-roll\/\",\"url\":\"https:\/\/radiolifefm.com.br\/noticias\/the-dark-side-of-the-moon-50-anos-na-estrada-do-rock-and-roll\/\",\"name\":\"\u201cThe Dark Side of the Moon\u201d: 50 Anos na estrada do Rock and Roll... - R\u00e1dio Life FM\",\"isPartOf\":{\"@id\":\"https:\/\/radiolifefm.com.br\/noticias\/#website\"},\"primaryImageOfPage\":{\"@id\":\"https:\/\/radiolifefm.com.br\/noticias\/the-dark-side-of-the-moon-50-anos-na-estrada-do-rock-and-roll\/#primaryimage\"},\"image\":{\"@id\":\"https:\/\/radiolifefm.com.br\/noticias\/the-dark-side-of-the-moon-50-anos-na-estrada-do-rock-and-roll\/#primaryimage\"},\"thumbnailUrl\":\"https:\/\/radiolifefm.com.br\/noticias\/wp-content\/uploads\/2022\/04\/WhatsApp-Image-2022-04-10-at-18.43.02.jpeg\",\"datePublished\":\"2023-03-15T16:42:27+00:00\",\"dateModified\":\"2026-04-27T01:27:48+00:00\",\"breadcrumb\":{\"@id\":\"https:\/\/radiolifefm.com.br\/noticias\/the-dark-side-of-the-moon-50-anos-na-estrada-do-rock-and-roll\/#breadcrumb\"},\"inLanguage\":\"pt-BR\",\"potentialAction\":[{\"@type\":\"ReadAction\",\"target\":[\"https:\/\/radiolifefm.com.br\/noticias\/the-dark-side-of-the-moon-50-anos-na-estrada-do-rock-and-roll\/\"]}]},{\"@type\":\"ImageObject\",\"inLanguage\":\"pt-BR\",\"@id\":\"https:\/\/radiolifefm.com.br\/noticias\/the-dark-side-of-the-moon-50-anos-na-estrada-do-rock-and-roll\/#primaryimage\",\"url\":\"https:\/\/radiolifefm.com.br\/noticias\/wp-content\/uploads\/2022\/04\/WhatsApp-Image-2022-04-10-at-18.43.02.jpeg\",\"contentUrl\":\"https:\/\/radiolifefm.com.br\/noticias\/wp-content\/uploads\/2022\/04\/WhatsApp-Image-2022-04-10-at-18.43.02.jpeg\",\"width\":972,\"height\":1296,\"caption\":\"S\u00e9rgio Barbosa\"},{\"@type\":\"BreadcrumbList\",\"@id\":\"https:\/\/radiolifefm.com.br\/noticias\/the-dark-side-of-the-moon-50-anos-na-estrada-do-rock-and-roll\/#breadcrumb\",\"itemListElement\":[{\"@type\":\"ListItem\",\"position\":1,\"name\":\"In\u00edcio\",\"item\":\"https:\/\/radiolifefm.com.br\/noticias\/\"},{\"@type\":\"ListItem\",\"position\":2,\"name\":\"\u201cThe Dark Side of the Moon\u201d: 50 Anos na estrada do Rock and Roll&#8230;\"}]},{\"@type\":\"WebSite\",\"@id\":\"https:\/\/radiolifefm.com.br\/noticias\/#website\",\"url\":\"https:\/\/radiolifefm.com.br\/noticias\/\",\"name\":\"R\u00e1dio Life FM\",\"description\":\"O Portal de Not\u00edcias de Adamantina\",\"publisher\":{\"@id\":\"https:\/\/radiolifefm.com.br\/noticias\/#organization\"},\"alternateName\":\"Life FM\",\"potentialAction\":[{\"@type\":\"SearchAction\",\"target\":{\"@type\":\"EntryPoint\",\"urlTemplate\":\"https:\/\/radiolifefm.com.br\/noticias\/?s={search_term_string}\"},\"query-input\":{\"@type\":\"PropertyValueSpecification\",\"valueRequired\":true,\"valueName\":\"search_term_string\"}}],\"inLanguage\":\"pt-BR\"},{\"@type\":\"Organization\",\"@id\":\"https:\/\/radiolifefm.com.br\/noticias\/#organization\",\"name\":\"R\u00e1dio Life FM\",\"alternateName\":\"Life FM\",\"url\":\"https:\/\/radiolifefm.com.br\/noticias\/\",\"logo\":{\"@type\":\"ImageObject\",\"inLanguage\":\"pt-BR\",\"@id\":\"https:\/\/radiolifefm.com.br\/noticias\/#\/schema\/logo\/image\/\",\"url\":\"https:\/\/static.radiolifefm.com.br\/noticias\/wp-content\/uploads\/2019\/10\/logo-lifefm.png\",\"contentUrl\":\"https:\/\/static.radiolifefm.com.br\/noticias\/wp-content\/uploads\/2019\/10\/logo-lifefm.png\",\"width\":196,\"height\":47,\"caption\":\"R\u00e1dio Life FM\"},\"image\":{\"@id\":\"https:\/\/radiolifefm.com.br\/noticias\/#\/schema\/logo\/image\/\"},\"sameAs\":[\"https:\/\/www.facebook.com\/radiolifefm\/\",\"https:\/\/www.instagram.com\/life1079fm\/\"]},{\"@type\":\"Person\",\"@id\":\"https:\/\/radiolifefm.com.br\/noticias\/#\/schema\/person\/6339b9fac59d12b071dec680d7375d87\",\"name\":\"ritanery\",\"image\":{\"@type\":\"ImageObject\",\"inLanguage\":\"pt-BR\",\"@id\":\"https:\/\/secure.gravatar.com\/avatar\/0e37bb19071f47c0b8a23f62a903df117c5a0e75f65a0c2901562f97cd41cf86?s=96&d=mm&r=g\",\"url\":\"https:\/\/secure.gravatar.com\/avatar\/0e37bb19071f47c0b8a23f62a903df117c5a0e75f65a0c2901562f97cd41cf86?s=96&d=mm&r=g\",\"contentUrl\":\"https:\/\/secure.gravatar.com\/avatar\/0e37bb19071f47c0b8a23f62a903df117c5a0e75f65a0c2901562f97cd41cf86?s=96&d=mm&r=g\",\"caption\":\"ritanery\"}}]}<\/script>\n<!-- \/ Yoast SEO plugin. -->","yoast_head_json":{"title":"\u201cThe Dark Side of the Moon\u201d: 50 Anos na estrada do Rock and Roll... - R\u00e1dio Life FM","robots":{"index":"index","follow":"follow","max-snippet":"max-snippet:-1","max-image-preview":"max-image-preview:large","max-video-preview":"max-video-preview:-1"},"canonical":"https:\/\/radiolifefm.com.br\/noticias\/the-dark-side-of-the-moon-50-anos-na-estrada-do-rock-and-roll\/","og_locale":"pt_BR","og_type":"article","og_title":"\u201cThe Dark Side of the Moon\u201d: 50 Anos na estrada do Rock and Roll... - R\u00e1dio Life FM","og_description":"\u00a0\u201cMaior \u00e1lbum da banda inglesa, com a famosa capa do feixe de luz que atravessa um prisma e vira arco-\u00edris, vendeu mais de 50 milh\u00f5es de c\u00f3pias e j\u00e1 teve lan\u00e7adas 18 edi\u00e7\u00f5es diferentes\u201d (in E4, Ilustrada, Folha de S.Paulo, Domingo, 18\/08\/2013) S\u00e9rgio Barbosa (*) Apesar dos pesares, isso \u00e9, considerando a longa estrada do [&hellip;]","og_url":"https:\/\/radiolifefm.com.br\/noticias\/the-dark-side-of-the-moon-50-anos-na-estrada-do-rock-and-roll\/","og_site_name":"R\u00e1dio Life FM","article_publisher":"https:\/\/www.facebook.com\/radiolifefm\/","article_published_time":"2023-03-15T16:42:27+00:00","article_modified_time":"2026-04-27T01:27:48+00:00","og_image":[{"width":972,"height":1296,"url":"https:\/\/radiolifefm.com.br\/noticias\/wp-content\/uploads\/2022\/04\/WhatsApp-Image-2022-04-10-at-18.43.02.jpeg","type":"image\/jpeg"}],"author":"ritanery","twitter_card":"summary_large_image","twitter_misc":{"Escrito por":"ritanery","Est. tempo de leitura":"3 minutos"},"schema":{"@context":"https:\/\/schema.org","@graph":[{"@type":"Article","@id":"https:\/\/radiolifefm.com.br\/noticias\/the-dark-side-of-the-moon-50-anos-na-estrada-do-rock-and-roll\/#article","isPartOf":{"@id":"https:\/\/radiolifefm.com.br\/noticias\/the-dark-side-of-the-moon-50-anos-na-estrada-do-rock-and-roll\/"},"author":{"name":"ritanery","@id":"https:\/\/radiolifefm.com.br\/noticias\/#\/schema\/person\/6339b9fac59d12b071dec680d7375d87"},"headline":"\u201cThe Dark Side of the Moon\u201d: 50 Anos na estrada do Rock and Roll&#8230;","datePublished":"2023-03-15T16:42:27+00:00","dateModified":"2026-04-27T01:27:48+00:00","mainEntityOfPage":{"@id":"https:\/\/radiolifefm.com.br\/noticias\/the-dark-side-of-the-moon-50-anos-na-estrada-do-rock-and-roll\/"},"wordCount":450,"publisher":{"@id":"https:\/\/radiolifefm.com.br\/noticias\/#organization"},"image":{"@id":"https:\/\/radiolifefm.com.br\/noticias\/the-dark-side-of-the-moon-50-anos-na-estrada-do-rock-and-roll\/#primaryimage"},"thumbnailUrl":"https:\/\/radiolifefm.com.br\/noticias\/wp-content\/uploads\/2022\/04\/WhatsApp-Image-2022-04-10-at-18.43.02.jpeg","articleSection":["Opini\u00e3o"],"inLanguage":"pt-BR"},{"@type":"WebPage","@id":"https:\/\/radiolifefm.com.br\/noticias\/the-dark-side-of-the-moon-50-anos-na-estrada-do-rock-and-roll\/","url":"https:\/\/radiolifefm.com.br\/noticias\/the-dark-side-of-the-moon-50-anos-na-estrada-do-rock-and-roll\/","name":"\u201cThe Dark Side of the Moon\u201d: 50 Anos na estrada do Rock and Roll... - R\u00e1dio Life FM","isPartOf":{"@id":"https:\/\/radiolifefm.com.br\/noticias\/#website"},"primaryImageOfPage":{"@id":"https:\/\/radiolifefm.com.br\/noticias\/the-dark-side-of-the-moon-50-anos-na-estrada-do-rock-and-roll\/#primaryimage"},"image":{"@id":"https:\/\/radiolifefm.com.br\/noticias\/the-dark-side-of-the-moon-50-anos-na-estrada-do-rock-and-roll\/#primaryimage"},"thumbnailUrl":"https:\/\/radiolifefm.com.br\/noticias\/wp-content\/uploads\/2022\/04\/WhatsApp-Image-2022-04-10-at-18.43.02.jpeg","datePublished":"2023-03-15T16:42:27+00:00","dateModified":"2026-04-27T01:27:48+00:00","breadcrumb":{"@id":"https:\/\/radiolifefm.com.br\/noticias\/the-dark-side-of-the-moon-50-anos-na-estrada-do-rock-and-roll\/#breadcrumb"},"inLanguage":"pt-BR","potentialAction":[{"@type":"ReadAction","target":["https:\/\/radiolifefm.com.br\/noticias\/the-dark-side-of-the-moon-50-anos-na-estrada-do-rock-and-roll\/"]}]},{"@type":"ImageObject","inLanguage":"pt-BR","@id":"https:\/\/radiolifefm.com.br\/noticias\/the-dark-side-of-the-moon-50-anos-na-estrada-do-rock-and-roll\/#primaryimage","url":"https:\/\/radiolifefm.com.br\/noticias\/wp-content\/uploads\/2022\/04\/WhatsApp-Image-2022-04-10-at-18.43.02.jpeg","contentUrl":"https:\/\/radiolifefm.com.br\/noticias\/wp-content\/uploads\/2022\/04\/WhatsApp-Image-2022-04-10-at-18.43.02.jpeg","width":972,"height":1296,"caption":"S\u00e9rgio Barbosa"},{"@type":"BreadcrumbList","@id":"https:\/\/radiolifefm.com.br\/noticias\/the-dark-side-of-the-moon-50-anos-na-estrada-do-rock-and-roll\/#breadcrumb","itemListElement":[{"@type":"ListItem","position":1,"name":"In\u00edcio","item":"https:\/\/radiolifefm.com.br\/noticias\/"},{"@type":"ListItem","position":2,"name":"\u201cThe Dark Side of the Moon\u201d: 50 Anos na estrada do Rock and Roll&#8230;"}]},{"@type":"WebSite","@id":"https:\/\/radiolifefm.com.br\/noticias\/#website","url":"https:\/\/radiolifefm.com.br\/noticias\/","name":"R\u00e1dio Life FM","description":"O Portal de Not\u00edcias de Adamantina","publisher":{"@id":"https:\/\/radiolifefm.com.br\/noticias\/#organization"},"alternateName":"Life FM","potentialAction":[{"@type":"SearchAction","target":{"@type":"EntryPoint","urlTemplate":"https:\/\/radiolifefm.com.br\/noticias\/?s={search_term_string}"},"query-input":{"@type":"PropertyValueSpecification","valueRequired":true,"valueName":"search_term_string"}}],"inLanguage":"pt-BR"},{"@type":"Organization","@id":"https:\/\/radiolifefm.com.br\/noticias\/#organization","name":"R\u00e1dio Life FM","alternateName":"Life FM","url":"https:\/\/radiolifefm.com.br\/noticias\/","logo":{"@type":"ImageObject","inLanguage":"pt-BR","@id":"https:\/\/radiolifefm.com.br\/noticias\/#\/schema\/logo\/image\/","url":"https:\/\/static.radiolifefm.com.br\/noticias\/wp-content\/uploads\/2019\/10\/logo-lifefm.png","contentUrl":"https:\/\/static.radiolifefm.com.br\/noticias\/wp-content\/uploads\/2019\/10\/logo-lifefm.png","width":196,"height":47,"caption":"R\u00e1dio Life FM"},"image":{"@id":"https:\/\/radiolifefm.com.br\/noticias\/#\/schema\/logo\/image\/"},"sameAs":["https:\/\/www.facebook.com\/radiolifefm\/","https:\/\/www.instagram.com\/life1079fm\/"]},{"@type":"Person","@id":"https:\/\/radiolifefm.com.br\/noticias\/#\/schema\/person\/6339b9fac59d12b071dec680d7375d87","name":"ritanery","image":{"@type":"ImageObject","inLanguage":"pt-BR","@id":"https:\/\/secure.gravatar.com\/avatar\/0e37bb19071f47c0b8a23f62a903df117c5a0e75f65a0c2901562f97cd41cf86?s=96&d=mm&r=g","url":"https:\/\/secure.gravatar.com\/avatar\/0e37bb19071f47c0b8a23f62a903df117c5a0e75f65a0c2901562f97cd41cf86?s=96&d=mm&r=g","contentUrl":"https:\/\/secure.gravatar.com\/avatar\/0e37bb19071f47c0b8a23f62a903df117c5a0e75f65a0c2901562f97cd41cf86?s=96&d=mm&r=g","caption":"ritanery"}}]}},"amp_enabled":true,"_links":{"self":[{"href":"https:\/\/radiolifefm.com.br\/noticias\/wp-json\/wp\/v2\/posts\/66547","targetHints":{"allow":["GET"]}}],"collection":[{"href":"https:\/\/radiolifefm.com.br\/noticias\/wp-json\/wp\/v2\/posts"}],"about":[{"href":"https:\/\/radiolifefm.com.br\/noticias\/wp-json\/wp\/v2\/types\/post"}],"author":[{"embeddable":true,"href":"https:\/\/radiolifefm.com.br\/noticias\/wp-json\/wp\/v2\/users\/13"}],"replies":[{"embeddable":true,"href":"https:\/\/radiolifefm.com.br\/noticias\/wp-json\/wp\/v2\/comments?post=66547"}],"version-history":[{"count":1,"href":"https:\/\/radiolifefm.com.br\/noticias\/wp-json\/wp\/v2\/posts\/66547\/revisions"}],"predecessor-version":[{"id":66548,"href":"https:\/\/radiolifefm.com.br\/noticias\/wp-json\/wp\/v2\/posts\/66547\/revisions\/66548"}],"wp:featuredmedia":[{"embeddable":true,"href":"https:\/\/radiolifefm.com.br\/noticias\/wp-json\/wp\/v2\/media\/51988"}],"wp:attachment":[{"href":"https:\/\/radiolifefm.com.br\/noticias\/wp-json\/wp\/v2\/media?parent=66547"}],"wp:term":[{"taxonomy":"category","embeddable":true,"href":"https:\/\/radiolifefm.com.br\/noticias\/wp-json\/wp\/v2\/categories?post=66547"},{"taxonomy":"post_tag","embeddable":true,"href":"https:\/\/radiolifefm.com.br\/noticias\/wp-json\/wp\/v2\/tags?post=66547"}],"curies":[{"name":"wp","href":"https:\/\/api.w.org\/{rel}","templated":true}]}}