{"id":66393,"date":"2023-03-13T07:53:52","date_gmt":"2023-03-13T10:53:52","guid":{"rendered":"https:\/\/radiolifefm.com.br\/noticias\/?p=66393"},"modified":"2026-01-15T02:01:07","modified_gmt":"2026-01-15T05:01:07","slug":"provincia-do-faz-de-conta-em-tempo-de-dengue","status":"publish","type":"post","link":"https:\/\/radiolifefm.com.br\/noticias\/provincia-do-faz-de-conta-em-tempo-de-dengue\/","title":{"rendered":"Prov\u00edncia do faz de conta em tempo de DENGUE&#8230;"},"content":{"rendered":"<div id=\"fb-root\"><\/div>\n<p>&nbsp;<\/p>\n<p><strong><em>\u00a0\u201cBrasil &#8211; drogas, corrup\u00e7\u00e3o, impunidade, viol\u00eancia, criminalidade, dengue e um povo subserviente, conivente, medroso e acomodado.\u201d (<\/em><\/strong><a href=\"https:\/\/www.pensador.com\/autor\/adelmar_marques_marinho\/\"><strong><em>Adelmar Marques Marinho<\/em><\/strong><\/a><strong><em>)<\/em><\/strong><\/p>\n<p>&nbsp;<\/p>\n<p><strong>S\u00e9rgio Barbosa (*)<\/strong><\/p>\n<p>Tudo indica que pelo andar do MOSQUITO, ou seja, aquele da DENGUE, ainda, com a PREVEN\u00c7\u00c3O deixando a desejar em todas as \u00e1reas, pode-se registrar aquela m\u00e1xima do passado, ou seja, OU O BRASIL ACABA COM A SA\u00daDA OU A SA\u00daVA ACABA COM O BRASIL&#8230;<\/p>\n<p>Portanto, mais outra m\u00e1xima dos PUBLICIT\u00c1RIOS\/AS, a saber: NADA SE CRIA, TUDO SE COPIA&#8230;<\/p>\n<p>Neste CEN\u00c1RIO PROVINCIANO atual, os N\u00daMEROS OFICIAIS est\u00e3o al\u00e9m do esperado, todavia, s\u00e3o preocupantes em todos os sentidos quando se trata da DENGUE e ponto quase final&#8230;<\/p>\n<p>Pra variar, o dito PODER P\u00daBLICO sob o comando do eterno PIN\u00d3QUIO e sua turma de ALOPRADOS\/AS PROVINCIANOS\/AS, continuam patinando no mesmo lugar de sempre, desta forma, MUDAM AS MOSCAS, MAS A M&#8230; \u00c9 SEMPRE A MESMA&#8230;<\/p>\n<p>Se bem que a COMUNIDADE local quase sempre mais complica do que colabora na \u00e1rea da PREVEN\u00c7\u00c3O, tendo em vista os DESCUIDOS CASEIROS e assim por diante&#8230;<\/p>\n<p>Entretanto, os ANOS PASSAM e os problemas voltam de um jeito ou de outro, haja vista que as LI\u00c7\u00d5ES quase nunca s\u00e3o aprendidas pelos GOVERNOS em todas as esferas do PODER P\u00daBLICO&#8230;<\/p>\n<p>Deste lado, ou seja, da PROV\u00cdNCIA DO FAZ DE CONTA, parece que tudo \u00e9 mais do que complicado em n\u00edvel COMUNIT\u00c1RIO, por\u00e9m, n\u00e3o se pode deixar de lado que as tais MENTES MED\u00cdOCRES continuam circulando nos quatro cantos provincianos&#8230;<\/p>\n<p>Por isso e mais aquilo, faz-se necess\u00e1rio estar em CONEX\u00c3O permanente com a INFORMA\u00c7\u00c3O efetiva e eficaz sobre os FATOS relacionados com a DENGUE em n\u00edvel GLOCAL, ou seja, do GLOBAL (Pa\u00eds do faz de conta) e LOCAL (Prov\u00edncia do faz de conta)&#8230;<\/p>\n<p>Todos\/as temos a nossa PARCELA de responsabilidade no caso da DENGUE, haja vista que se trata de um PROBLEMA de SA\u00daDE P\u00daBLICA, assim, TODO CUIDADO \u00c9 POUCO para todos os lados de um mesmo lado&#8230;<\/p>\n<p>Lembre-se do outro TEMPO do TEMPO, nestes ocasos, prevalece um outro dito popular, a saber: SE VOC\u00ca PENSA QUE T\u00c1 RUIM, PODE PIORAR&#8230;<\/p>\n<p>Tamb\u00e9m, dizem que de LOUCO E M\u00c9DICO, TODO MUNDO TEM UM POUCO e assim, caminha a humanidade provinciana, por\u00e9m, n\u00e3o se sabe pra onde, ou melhor, at\u00e9 pode ser aquilo que nunca foi e nunca ser\u00e1&#8230;<\/p>\n<p>&nbsp;<\/p>\n<p><strong><em>__________________________<\/em><\/strong><\/p>\n<p><strong><em>(*) jornalista diplomado.<\/em><\/strong><\/p>\n<p><strong><em>e-mail: <\/em><\/strong><a href=\"mailto:barbosa.sebar@gmail.com\"><strong><em>barbosa.sebar@gmail.com<\/em><\/strong><\/a><\/p>\n<p><strong><em>\u00a0<\/em><\/strong><\/p>\n","protected":false},"excerpt":{"rendered":"<p>&nbsp; \u00a0\u201cBrasil &#8211; drogas, corrup\u00e7\u00e3o, impunidade, viol\u00eancia, criminalidade, dengue e um povo subserviente, conivente, medroso e acomodado.\u201d (Adelmar Marques Marinho) &nbsp; S\u00e9rgio Barbosa (*) Tudo indica que pelo andar do MOSQUITO, ou seja, aquele da DENGUE, ainda, com a PREVEN\u00c7\u00c3O deixando a desejar em todas as \u00e1reas, pode-se registrar aquela m\u00e1xima do passado, ou seja, [&hellip;]<\/p>\n","protected":false},"author":13,"featured_media":51988,"comment_status":"closed","ping_status":"open","sticky":false,"template":"","format":"standard","meta":{"_acf_changed":false,"_exactmetrics_skip_tracking":false,"_exactmetrics_sitenote_active":false,"_exactmetrics_sitenote_note":"","_exactmetrics_sitenote_category":0,"footnotes":""},"categories":[59],"tags":[],"class_list":["post-66393","post","type-post","status-publish","format-standard","has-post-thumbnail","hentry","category-opiniao"],"acf":[],"yoast_head":"<!-- This site is optimized with the Yoast SEO plugin v27.2 - https:\/\/yoast.com\/product\/yoast-seo-wordpress\/ -->\n<title>Prov\u00edncia do faz de conta em tempo de DENGUE... - R\u00e1dio Life FM<\/title>\n<meta name=\"robots\" content=\"index, follow, max-snippet:-1, max-image-preview:large, max-video-preview:-1\" \/>\n<link rel=\"canonical\" href=\"https:\/\/radiolifefm.com.br\/noticias\/provincia-do-faz-de-conta-em-tempo-de-dengue\/\" \/>\n<meta property=\"og:locale\" content=\"pt_BR\" \/>\n<meta property=\"og:type\" content=\"article\" \/>\n<meta property=\"og:title\" content=\"Prov\u00edncia do faz de conta em tempo de DENGUE... - R\u00e1dio Life FM\" \/>\n<meta property=\"og:description\" content=\"&nbsp; \u00a0\u201cBrasil &#8211; drogas, corrup\u00e7\u00e3o, impunidade, viol\u00eancia, criminalidade, dengue e um povo subserviente, conivente, medroso e acomodado.\u201d (Adelmar Marques Marinho) &nbsp; S\u00e9rgio Barbosa (*) Tudo indica que pelo andar do MOSQUITO, ou seja, aquele da DENGUE, ainda, com a PREVEN\u00c7\u00c3O deixando a desejar em todas as \u00e1reas, pode-se registrar aquela m\u00e1xima do passado, ou seja, [&hellip;]\" \/>\n<meta property=\"og:url\" content=\"https:\/\/radiolifefm.com.br\/noticias\/provincia-do-faz-de-conta-em-tempo-de-dengue\/\" \/>\n<meta property=\"og:site_name\" content=\"R\u00e1dio Life FM\" \/>\n<meta property=\"article:publisher\" content=\"https:\/\/www.facebook.com\/radiolifefm\/\" \/>\n<meta property=\"article:published_time\" content=\"2023-03-13T10:53:52+00:00\" \/>\n<meta property=\"article:modified_time\" content=\"2026-01-15T05:01:07+00:00\" \/>\n<meta property=\"og:image\" content=\"https:\/\/radiolifefm.com.br\/noticias\/wp-content\/uploads\/2022\/04\/WhatsApp-Image-2022-04-10-at-18.43.02.jpeg\" \/>\n\t<meta property=\"og:image:width\" content=\"972\" \/>\n\t<meta property=\"og:image:height\" content=\"1296\" \/>\n\t<meta property=\"og:image:type\" content=\"image\/jpeg\" \/>\n<meta name=\"author\" content=\"ritanery\" \/>\n<meta name=\"twitter:card\" content=\"summary_large_image\" \/>\n<meta name=\"twitter:label1\" content=\"Escrito por\" \/>\n\t<meta name=\"twitter:data1\" content=\"ritanery\" \/>\n\t<meta name=\"twitter:label2\" content=\"Est. tempo de leitura\" \/>\n\t<meta name=\"twitter:data2\" content=\"3 minutos\" \/>\n<script type=\"application\/ld+json\" class=\"yoast-schema-graph\">{\"@context\":\"https:\/\/schema.org\",\"@graph\":[{\"@type\":\"Article\",\"@id\":\"https:\/\/radiolifefm.com.br\/noticias\/provincia-do-faz-de-conta-em-tempo-de-dengue\/#article\",\"isPartOf\":{\"@id\":\"https:\/\/radiolifefm.com.br\/noticias\/provincia-do-faz-de-conta-em-tempo-de-dengue\/\"},\"author\":{\"name\":\"ritanery\",\"@id\":\"https:\/\/radiolifefm.com.br\/noticias\/#\/schema\/person\/6339b9fac59d12b071dec680d7375d87\"},\"headline\":\"Prov\u00edncia do faz de conta em tempo de DENGUE&#8230;\",\"datePublished\":\"2023-03-13T10:53:52+00:00\",\"dateModified\":\"2026-01-15T05:01:07+00:00\",\"mainEntityOfPage\":{\"@id\":\"https:\/\/radiolifefm.com.br\/noticias\/provincia-do-faz-de-conta-em-tempo-de-dengue\/\"},\"wordCount\":438,\"publisher\":{\"@id\":\"https:\/\/radiolifefm.com.br\/noticias\/#organization\"},\"image\":{\"@id\":\"https:\/\/radiolifefm.com.br\/noticias\/provincia-do-faz-de-conta-em-tempo-de-dengue\/#primaryimage\"},\"thumbnailUrl\":\"https:\/\/radiolifefm.com.br\/noticias\/wp-content\/uploads\/2022\/04\/WhatsApp-Image-2022-04-10-at-18.43.02.jpeg\",\"articleSection\":[\"Opini\u00e3o\"],\"inLanguage\":\"pt-BR\"},{\"@type\":\"WebPage\",\"@id\":\"https:\/\/radiolifefm.com.br\/noticias\/provincia-do-faz-de-conta-em-tempo-de-dengue\/\",\"url\":\"https:\/\/radiolifefm.com.br\/noticias\/provincia-do-faz-de-conta-em-tempo-de-dengue\/\",\"name\":\"Prov\u00edncia do faz de conta em tempo de DENGUE... - R\u00e1dio Life FM\",\"isPartOf\":{\"@id\":\"https:\/\/radiolifefm.com.br\/noticias\/#website\"},\"primaryImageOfPage\":{\"@id\":\"https:\/\/radiolifefm.com.br\/noticias\/provincia-do-faz-de-conta-em-tempo-de-dengue\/#primaryimage\"},\"image\":{\"@id\":\"https:\/\/radiolifefm.com.br\/noticias\/provincia-do-faz-de-conta-em-tempo-de-dengue\/#primaryimage\"},\"thumbnailUrl\":\"https:\/\/radiolifefm.com.br\/noticias\/wp-content\/uploads\/2022\/04\/WhatsApp-Image-2022-04-10-at-18.43.02.jpeg\",\"datePublished\":\"2023-03-13T10:53:52+00:00\",\"dateModified\":\"2026-01-15T05:01:07+00:00\",\"breadcrumb\":{\"@id\":\"https:\/\/radiolifefm.com.br\/noticias\/provincia-do-faz-de-conta-em-tempo-de-dengue\/#breadcrumb\"},\"inLanguage\":\"pt-BR\",\"potentialAction\":[{\"@type\":\"ReadAction\",\"target\":[\"https:\/\/radiolifefm.com.br\/noticias\/provincia-do-faz-de-conta-em-tempo-de-dengue\/\"]}]},{\"@type\":\"ImageObject\",\"inLanguage\":\"pt-BR\",\"@id\":\"https:\/\/radiolifefm.com.br\/noticias\/provincia-do-faz-de-conta-em-tempo-de-dengue\/#primaryimage\",\"url\":\"https:\/\/radiolifefm.com.br\/noticias\/wp-content\/uploads\/2022\/04\/WhatsApp-Image-2022-04-10-at-18.43.02.jpeg\",\"contentUrl\":\"https:\/\/radiolifefm.com.br\/noticias\/wp-content\/uploads\/2022\/04\/WhatsApp-Image-2022-04-10-at-18.43.02.jpeg\",\"width\":972,\"height\":1296,\"caption\":\"S\u00e9rgio Barbosa\"},{\"@type\":\"BreadcrumbList\",\"@id\":\"https:\/\/radiolifefm.com.br\/noticias\/provincia-do-faz-de-conta-em-tempo-de-dengue\/#breadcrumb\",\"itemListElement\":[{\"@type\":\"ListItem\",\"position\":1,\"name\":\"In\u00edcio\",\"item\":\"https:\/\/radiolifefm.com.br\/noticias\/\"},{\"@type\":\"ListItem\",\"position\":2,\"name\":\"Prov\u00edncia do faz de conta em tempo de DENGUE&#8230;\"}]},{\"@type\":\"WebSite\",\"@id\":\"https:\/\/radiolifefm.com.br\/noticias\/#website\",\"url\":\"https:\/\/radiolifefm.com.br\/noticias\/\",\"name\":\"R\u00e1dio Life FM\",\"description\":\"O Portal de Not\u00edcias de Adamantina\",\"publisher\":{\"@id\":\"https:\/\/radiolifefm.com.br\/noticias\/#organization\"},\"alternateName\":\"Life FM\",\"potentialAction\":[{\"@type\":\"SearchAction\",\"target\":{\"@type\":\"EntryPoint\",\"urlTemplate\":\"https:\/\/radiolifefm.com.br\/noticias\/?s={search_term_string}\"},\"query-input\":{\"@type\":\"PropertyValueSpecification\",\"valueRequired\":true,\"valueName\":\"search_term_string\"}}],\"inLanguage\":\"pt-BR\"},{\"@type\":\"Organization\",\"@id\":\"https:\/\/radiolifefm.com.br\/noticias\/#organization\",\"name\":\"R\u00e1dio Life FM\",\"alternateName\":\"Life FM\",\"url\":\"https:\/\/radiolifefm.com.br\/noticias\/\",\"logo\":{\"@type\":\"ImageObject\",\"inLanguage\":\"pt-BR\",\"@id\":\"https:\/\/radiolifefm.com.br\/noticias\/#\/schema\/logo\/image\/\",\"url\":\"https:\/\/static.radiolifefm.com.br\/noticias\/wp-content\/uploads\/2019\/10\/logo-lifefm.png\",\"contentUrl\":\"https:\/\/static.radiolifefm.com.br\/noticias\/wp-content\/uploads\/2019\/10\/logo-lifefm.png\",\"width\":196,\"height\":47,\"caption\":\"R\u00e1dio Life FM\"},\"image\":{\"@id\":\"https:\/\/radiolifefm.com.br\/noticias\/#\/schema\/logo\/image\/\"},\"sameAs\":[\"https:\/\/www.facebook.com\/radiolifefm\/\",\"https:\/\/www.instagram.com\/life1079fm\/\"]},{\"@type\":\"Person\",\"@id\":\"https:\/\/radiolifefm.com.br\/noticias\/#\/schema\/person\/6339b9fac59d12b071dec680d7375d87\",\"name\":\"ritanery\",\"image\":{\"@type\":\"ImageObject\",\"inLanguage\":\"pt-BR\",\"@id\":\"https:\/\/secure.gravatar.com\/avatar\/0e37bb19071f47c0b8a23f62a903df117c5a0e75f65a0c2901562f97cd41cf86?s=96&d=mm&r=g\",\"url\":\"https:\/\/secure.gravatar.com\/avatar\/0e37bb19071f47c0b8a23f62a903df117c5a0e75f65a0c2901562f97cd41cf86?s=96&d=mm&r=g\",\"contentUrl\":\"https:\/\/secure.gravatar.com\/avatar\/0e37bb19071f47c0b8a23f62a903df117c5a0e75f65a0c2901562f97cd41cf86?s=96&d=mm&r=g\",\"caption\":\"ritanery\"}}]}<\/script>\n<!-- \/ Yoast SEO plugin. -->","yoast_head_json":{"title":"Prov\u00edncia do faz de conta em tempo de DENGUE... - R\u00e1dio Life FM","robots":{"index":"index","follow":"follow","max-snippet":"max-snippet:-1","max-image-preview":"max-image-preview:large","max-video-preview":"max-video-preview:-1"},"canonical":"https:\/\/radiolifefm.com.br\/noticias\/provincia-do-faz-de-conta-em-tempo-de-dengue\/","og_locale":"pt_BR","og_type":"article","og_title":"Prov\u00edncia do faz de conta em tempo de DENGUE... - R\u00e1dio Life FM","og_description":"&nbsp; \u00a0\u201cBrasil &#8211; drogas, corrup\u00e7\u00e3o, impunidade, viol\u00eancia, criminalidade, dengue e um povo subserviente, conivente, medroso e acomodado.\u201d (Adelmar Marques Marinho) &nbsp; S\u00e9rgio Barbosa (*) Tudo indica que pelo andar do MOSQUITO, ou seja, aquele da DENGUE, ainda, com a PREVEN\u00c7\u00c3O deixando a desejar em todas as \u00e1reas, pode-se registrar aquela m\u00e1xima do passado, ou seja, [&hellip;]","og_url":"https:\/\/radiolifefm.com.br\/noticias\/provincia-do-faz-de-conta-em-tempo-de-dengue\/","og_site_name":"R\u00e1dio Life FM","article_publisher":"https:\/\/www.facebook.com\/radiolifefm\/","article_published_time":"2023-03-13T10:53:52+00:00","article_modified_time":"2026-01-15T05:01:07+00:00","og_image":[{"width":972,"height":1296,"url":"https:\/\/radiolifefm.com.br\/noticias\/wp-content\/uploads\/2022\/04\/WhatsApp-Image-2022-04-10-at-18.43.02.jpeg","type":"image\/jpeg"}],"author":"ritanery","twitter_card":"summary_large_image","twitter_misc":{"Escrito por":"ritanery","Est. tempo de leitura":"3 minutos"},"schema":{"@context":"https:\/\/schema.org","@graph":[{"@type":"Article","@id":"https:\/\/radiolifefm.com.br\/noticias\/provincia-do-faz-de-conta-em-tempo-de-dengue\/#article","isPartOf":{"@id":"https:\/\/radiolifefm.com.br\/noticias\/provincia-do-faz-de-conta-em-tempo-de-dengue\/"},"author":{"name":"ritanery","@id":"https:\/\/radiolifefm.com.br\/noticias\/#\/schema\/person\/6339b9fac59d12b071dec680d7375d87"},"headline":"Prov\u00edncia do faz de conta em tempo de DENGUE&#8230;","datePublished":"2023-03-13T10:53:52+00:00","dateModified":"2026-01-15T05:01:07+00:00","mainEntityOfPage":{"@id":"https:\/\/radiolifefm.com.br\/noticias\/provincia-do-faz-de-conta-em-tempo-de-dengue\/"},"wordCount":438,"publisher":{"@id":"https:\/\/radiolifefm.com.br\/noticias\/#organization"},"image":{"@id":"https:\/\/radiolifefm.com.br\/noticias\/provincia-do-faz-de-conta-em-tempo-de-dengue\/#primaryimage"},"thumbnailUrl":"https:\/\/radiolifefm.com.br\/noticias\/wp-content\/uploads\/2022\/04\/WhatsApp-Image-2022-04-10-at-18.43.02.jpeg","articleSection":["Opini\u00e3o"],"inLanguage":"pt-BR"},{"@type":"WebPage","@id":"https:\/\/radiolifefm.com.br\/noticias\/provincia-do-faz-de-conta-em-tempo-de-dengue\/","url":"https:\/\/radiolifefm.com.br\/noticias\/provincia-do-faz-de-conta-em-tempo-de-dengue\/","name":"Prov\u00edncia do faz de conta em tempo de DENGUE... - R\u00e1dio Life FM","isPartOf":{"@id":"https:\/\/radiolifefm.com.br\/noticias\/#website"},"primaryImageOfPage":{"@id":"https:\/\/radiolifefm.com.br\/noticias\/provincia-do-faz-de-conta-em-tempo-de-dengue\/#primaryimage"},"image":{"@id":"https:\/\/radiolifefm.com.br\/noticias\/provincia-do-faz-de-conta-em-tempo-de-dengue\/#primaryimage"},"thumbnailUrl":"https:\/\/radiolifefm.com.br\/noticias\/wp-content\/uploads\/2022\/04\/WhatsApp-Image-2022-04-10-at-18.43.02.jpeg","datePublished":"2023-03-13T10:53:52+00:00","dateModified":"2026-01-15T05:01:07+00:00","breadcrumb":{"@id":"https:\/\/radiolifefm.com.br\/noticias\/provincia-do-faz-de-conta-em-tempo-de-dengue\/#breadcrumb"},"inLanguage":"pt-BR","potentialAction":[{"@type":"ReadAction","target":["https:\/\/radiolifefm.com.br\/noticias\/provincia-do-faz-de-conta-em-tempo-de-dengue\/"]}]},{"@type":"ImageObject","inLanguage":"pt-BR","@id":"https:\/\/radiolifefm.com.br\/noticias\/provincia-do-faz-de-conta-em-tempo-de-dengue\/#primaryimage","url":"https:\/\/radiolifefm.com.br\/noticias\/wp-content\/uploads\/2022\/04\/WhatsApp-Image-2022-04-10-at-18.43.02.jpeg","contentUrl":"https:\/\/radiolifefm.com.br\/noticias\/wp-content\/uploads\/2022\/04\/WhatsApp-Image-2022-04-10-at-18.43.02.jpeg","width":972,"height":1296,"caption":"S\u00e9rgio Barbosa"},{"@type":"BreadcrumbList","@id":"https:\/\/radiolifefm.com.br\/noticias\/provincia-do-faz-de-conta-em-tempo-de-dengue\/#breadcrumb","itemListElement":[{"@type":"ListItem","position":1,"name":"In\u00edcio","item":"https:\/\/radiolifefm.com.br\/noticias\/"},{"@type":"ListItem","position":2,"name":"Prov\u00edncia do faz de conta em tempo de DENGUE&#8230;"}]},{"@type":"WebSite","@id":"https:\/\/radiolifefm.com.br\/noticias\/#website","url":"https:\/\/radiolifefm.com.br\/noticias\/","name":"R\u00e1dio Life FM","description":"O Portal de Not\u00edcias de Adamantina","publisher":{"@id":"https:\/\/radiolifefm.com.br\/noticias\/#organization"},"alternateName":"Life FM","potentialAction":[{"@type":"SearchAction","target":{"@type":"EntryPoint","urlTemplate":"https:\/\/radiolifefm.com.br\/noticias\/?s={search_term_string}"},"query-input":{"@type":"PropertyValueSpecification","valueRequired":true,"valueName":"search_term_string"}}],"inLanguage":"pt-BR"},{"@type":"Organization","@id":"https:\/\/radiolifefm.com.br\/noticias\/#organization","name":"R\u00e1dio Life FM","alternateName":"Life FM","url":"https:\/\/radiolifefm.com.br\/noticias\/","logo":{"@type":"ImageObject","inLanguage":"pt-BR","@id":"https:\/\/radiolifefm.com.br\/noticias\/#\/schema\/logo\/image\/","url":"https:\/\/static.radiolifefm.com.br\/noticias\/wp-content\/uploads\/2019\/10\/logo-lifefm.png","contentUrl":"https:\/\/static.radiolifefm.com.br\/noticias\/wp-content\/uploads\/2019\/10\/logo-lifefm.png","width":196,"height":47,"caption":"R\u00e1dio Life FM"},"image":{"@id":"https:\/\/radiolifefm.com.br\/noticias\/#\/schema\/logo\/image\/"},"sameAs":["https:\/\/www.facebook.com\/radiolifefm\/","https:\/\/www.instagram.com\/life1079fm\/"]},{"@type":"Person","@id":"https:\/\/radiolifefm.com.br\/noticias\/#\/schema\/person\/6339b9fac59d12b071dec680d7375d87","name":"ritanery","image":{"@type":"ImageObject","inLanguage":"pt-BR","@id":"https:\/\/secure.gravatar.com\/avatar\/0e37bb19071f47c0b8a23f62a903df117c5a0e75f65a0c2901562f97cd41cf86?s=96&d=mm&r=g","url":"https:\/\/secure.gravatar.com\/avatar\/0e37bb19071f47c0b8a23f62a903df117c5a0e75f65a0c2901562f97cd41cf86?s=96&d=mm&r=g","contentUrl":"https:\/\/secure.gravatar.com\/avatar\/0e37bb19071f47c0b8a23f62a903df117c5a0e75f65a0c2901562f97cd41cf86?s=96&d=mm&r=g","caption":"ritanery"}}]}},"amp_enabled":true,"_links":{"self":[{"href":"https:\/\/radiolifefm.com.br\/noticias\/wp-json\/wp\/v2\/posts\/66393","targetHints":{"allow":["GET"]}}],"collection":[{"href":"https:\/\/radiolifefm.com.br\/noticias\/wp-json\/wp\/v2\/posts"}],"about":[{"href":"https:\/\/radiolifefm.com.br\/noticias\/wp-json\/wp\/v2\/types\/post"}],"author":[{"embeddable":true,"href":"https:\/\/radiolifefm.com.br\/noticias\/wp-json\/wp\/v2\/users\/13"}],"replies":[{"embeddable":true,"href":"https:\/\/radiolifefm.com.br\/noticias\/wp-json\/wp\/v2\/comments?post=66393"}],"version-history":[{"count":1,"href":"https:\/\/radiolifefm.com.br\/noticias\/wp-json\/wp\/v2\/posts\/66393\/revisions"}],"predecessor-version":[{"id":66394,"href":"https:\/\/radiolifefm.com.br\/noticias\/wp-json\/wp\/v2\/posts\/66393\/revisions\/66394"}],"wp:featuredmedia":[{"embeddable":true,"href":"https:\/\/radiolifefm.com.br\/noticias\/wp-json\/wp\/v2\/media\/51988"}],"wp:attachment":[{"href":"https:\/\/radiolifefm.com.br\/noticias\/wp-json\/wp\/v2\/media?parent=66393"}],"wp:term":[{"taxonomy":"category","embeddable":true,"href":"https:\/\/radiolifefm.com.br\/noticias\/wp-json\/wp\/v2\/categories?post=66393"},{"taxonomy":"post_tag","embeddable":true,"href":"https:\/\/radiolifefm.com.br\/noticias\/wp-json\/wp\/v2\/tags?post=66393"}],"curies":[{"name":"wp","href":"https:\/\/api.w.org\/{rel}","templated":true}]}}