{"id":66212,"date":"2023-03-08T08:05:37","date_gmt":"2023-03-08T11:05:37","guid":{"rendered":"https:\/\/radiolifefm.com.br\/noticias\/?p=66212"},"modified":"2026-04-07T20:01:29","modified_gmt":"2026-04-07T23:01:29","slug":"dia-internacional-da-mulher-provincia-e-senso-comum-na-espera-das-peraltices-da-alice","status":"publish","type":"post","link":"https:\/\/radiolifefm.com.br\/noticias\/dia-internacional-da-mulher-provincia-e-senso-comum-na-espera-das-peraltices-da-alice\/","title":{"rendered":"DIA INTERNACIONAL DA MULHER, PROV\u00cdNCIA E SENSO COMUM NA ESPERA DAS PERALTICES DA  &#8220;ALICE&#8221;&#8230;"},"content":{"rendered":"<div id=\"fb-root\"><\/div>\n<p><em>\u201dA primavera chegar\u00e1, mesmo que ningu\u00e9m mais saiba seu nome, nem acredite no calend\u00e1rio, nem possua jardim para receb\u00ea-la.&#8221; (<\/em><a href=\"https:\/\/pensador.uol.com.br\/autor\/cecilia_meireles\/\"><em>Cec\u00edlia Meireles<\/em><\/a><em>)<\/em><\/p>\n<p><em>\u00a0<\/em><\/p>\n<p><strong><em>\u00c0s mulheres deste novo tempo novo, dedico!<\/em><\/strong><\/p>\n<p><strong><em>\u00a0<\/em><\/strong><\/p>\n<p><strong><em>S\u00e9rgio Barbosa (*)<\/em><\/strong><\/p>\n<p>Neste domingo, 8 de Mar\u00e7o, ocorrer\u00e3o muitas festas e outros desencontros como homenagem ao &#8220;Dia Internacional da Mulher&#8221; em tempo de p\u00f3s-globaliza\u00e7\u00e3o organizacional, bem como, com a proposta mediada pelo glocal, ou seja, do global para o local&#8230;<\/p>\n<p>Entretanto, entendo que no atual cen\u00e1rio em que se encontra o &#8220;Pa\u00eds do faz de conta&#8221;, bem como, o contexto provinciano, quando ocorre o final de mais um mandato que est\u00e1 mais para &#8220;o que vier \u00e9 lucro&#8221;, haja vista as muitas promessas na Campanha eleitoral e tudo mais em meio ao tudo de menos&#8230;<\/p>\n<p>Desta forma, &#8220;Honra, a quem honra&#8221;, neste caso em especial, faz-se necess\u00e1rio refor\u00e7ar a data em homenagem as mulheres no cen\u00e1rio mundial, todavia, n\u00e3o se pode esquecer a conjuntura provinciana e ponto quase final&#8230;<\/p>\n<p>A sociedade local \u00e9 conservadora e moralista (sic), entretanto, torna-se fundamental estar em conex\u00e3o com os fatos em n\u00edvel global, por\u00e9m, &#8220;todo \u00e9 pouco&#8221; como afirma o dito popular&#8230;<\/p>\n<p>No cen\u00e1rio provinciano, pode-se destacar a participa\u00e7\u00e3o e presen\u00e7a de muitas mulheres em todas as \u00e1reas, todavia, faz-se necess\u00e1rio que as mesmas, ainda, possam estar em sintonia visando \u00e0 busca e supera\u00e7\u00e3o dos novos desafios que est\u00e3o nas \u00e1reas familiar, acad\u00eamica e profissional&#8230;<\/p>\n<p>Existem muitas &#8220;Alices&#8221; aqui e ali, ou seja, todas com interesses &#8220;pessoais&#8221; e nada mais, assim, tudo acaba ficando na mesmice de sempre em terras provincianas&#8230;<\/p>\n<p>Existem uma ou duas &#8220;Alices&#8221; na Prov\u00edncia que tomam conta do peda\u00e7o deste e do outro lado, cada qual com os seus interesses pessoais ou familiares, se bem que nestes ocasos existem outros interesses&#8230;<\/p>\n<p>Assim, n\u00e3o se pode esperar que um destes lados possa dar continuidade aos seus projetos, considerando que a &#8220;cabe\u00e7a pensante&#8221; n\u00e3o se encontra mais daquele lado, ainda, os bra\u00e7os est\u00e3o viciados na mordomia de sempre e tudo acaba ficando na mesmice de sempre em terras provincianas&#8230;<\/p>\n<p>Mas, que o &#8220;Dia Internacional da Mulher&#8221;, ainda, possa fazer a diferen\u00e7a neste tempo novo tempo que se chama hoje, haja vista que o denominado universo feminino encontra-se em expans\u00e3o em todas as \u00e1reas de atua\u00e7\u00e3o&#8230;<\/p>\n<p>__________________________________<\/p>\n<p><em>(*) jornalista diplomado.<\/em><\/p>\n<p><em>e-mail: <\/em><a href=\"mailto:barbosa.sebar@gmail.com\"><em>barbosa.sebar@gmail.com<\/em><\/a><\/p>\n","protected":false},"excerpt":{"rendered":"<p>\u201dA primavera chegar\u00e1, mesmo que ningu\u00e9m mais saiba seu nome, nem acredite no calend\u00e1rio, nem possua jardim para receb\u00ea-la.&#8221; (Cec\u00edlia Meireles) \u00a0 \u00c0s mulheres deste novo tempo novo, dedico! \u00a0 S\u00e9rgio Barbosa (*) Neste domingo, 8 de Mar\u00e7o, ocorrer\u00e3o muitas festas e outros desencontros como homenagem ao &#8220;Dia Internacional da Mulher&#8221; em tempo de p\u00f3s-globaliza\u00e7\u00e3o [&hellip;]<\/p>\n","protected":false},"author":13,"featured_media":51988,"comment_status":"closed","ping_status":"open","sticky":false,"template":"","format":"standard","meta":{"_acf_changed":false,"_exactmetrics_skip_tracking":false,"_exactmetrics_sitenote_active":false,"_exactmetrics_sitenote_note":"","_exactmetrics_sitenote_category":0,"footnotes":""},"categories":[59],"tags":[],"class_list":["post-66212","post","type-post","status-publish","format-standard","has-post-thumbnail","hentry","category-opiniao"],"acf":[],"yoast_head":"<!-- This site is optimized with the Yoast SEO plugin v27.2 - https:\/\/yoast.com\/product\/yoast-seo-wordpress\/ -->\n<title>DIA INTERNACIONAL DA MULHER, PROV\u00cdNCIA E SENSO COMUM NA ESPERA DAS PERALTICES DA &quot;ALICE&quot;... - R\u00e1dio Life FM<\/title>\n<meta name=\"robots\" content=\"index, follow, max-snippet:-1, max-image-preview:large, max-video-preview:-1\" \/>\n<link rel=\"canonical\" href=\"https:\/\/radiolifefm.com.br\/noticias\/dia-internacional-da-mulher-provincia-e-senso-comum-na-espera-das-peraltices-da-alice\/\" \/>\n<meta property=\"og:locale\" content=\"pt_BR\" \/>\n<meta property=\"og:type\" content=\"article\" \/>\n<meta property=\"og:title\" content=\"DIA INTERNACIONAL DA MULHER, PROV\u00cdNCIA E SENSO COMUM NA ESPERA DAS PERALTICES DA &quot;ALICE&quot;... - R\u00e1dio Life FM\" \/>\n<meta property=\"og:description\" content=\"\u201dA primavera chegar\u00e1, mesmo que ningu\u00e9m mais saiba seu nome, nem acredite no calend\u00e1rio, nem possua jardim para receb\u00ea-la.&#8221; (Cec\u00edlia Meireles) \u00a0 \u00c0s mulheres deste novo tempo novo, dedico! \u00a0 S\u00e9rgio Barbosa (*) Neste domingo, 8 de Mar\u00e7o, ocorrer\u00e3o muitas festas e outros desencontros como homenagem ao &#8220;Dia Internacional da Mulher&#8221; em tempo de p\u00f3s-globaliza\u00e7\u00e3o [&hellip;]\" \/>\n<meta property=\"og:url\" content=\"https:\/\/radiolifefm.com.br\/noticias\/dia-internacional-da-mulher-provincia-e-senso-comum-na-espera-das-peraltices-da-alice\/\" \/>\n<meta property=\"og:site_name\" content=\"R\u00e1dio Life FM\" \/>\n<meta property=\"article:publisher\" content=\"https:\/\/www.facebook.com\/radiolifefm\/\" \/>\n<meta property=\"article:published_time\" content=\"2023-03-08T11:05:37+00:00\" \/>\n<meta property=\"article:modified_time\" content=\"2026-04-07T23:01:29+00:00\" \/>\n<meta property=\"og:image\" content=\"https:\/\/radiolifefm.com.br\/noticias\/wp-content\/uploads\/2022\/04\/WhatsApp-Image-2022-04-10-at-18.43.02.jpeg\" \/>\n\t<meta property=\"og:image:width\" content=\"972\" \/>\n\t<meta property=\"og:image:height\" content=\"1296\" \/>\n\t<meta property=\"og:image:type\" content=\"image\/jpeg\" \/>\n<meta name=\"author\" content=\"ritanery\" \/>\n<meta name=\"twitter:card\" content=\"summary_large_image\" \/>\n<meta name=\"twitter:label1\" content=\"Escrito por\" \/>\n\t<meta name=\"twitter:data1\" content=\"ritanery\" \/>\n\t<meta name=\"twitter:label2\" content=\"Est. tempo de leitura\" \/>\n\t<meta name=\"twitter:data2\" content=\"3 minutos\" \/>\n<script type=\"application\/ld+json\" class=\"yoast-schema-graph\">{\"@context\":\"https:\/\/schema.org\",\"@graph\":[{\"@type\":\"Article\",\"@id\":\"https:\/\/radiolifefm.com.br\/noticias\/dia-internacional-da-mulher-provincia-e-senso-comum-na-espera-das-peraltices-da-alice\/#article\",\"isPartOf\":{\"@id\":\"https:\/\/radiolifefm.com.br\/noticias\/dia-internacional-da-mulher-provincia-e-senso-comum-na-espera-das-peraltices-da-alice\/\"},\"author\":{\"name\":\"ritanery\",\"@id\":\"https:\/\/radiolifefm.com.br\/noticias\/#\/schema\/person\/6339b9fac59d12b071dec680d7375d87\"},\"headline\":\"DIA INTERNACIONAL DA MULHER, PROV\u00cdNCIA E SENSO COMUM NA ESPERA DAS PERALTICES DA &#8220;ALICE&#8221;&#8230;\",\"datePublished\":\"2023-03-08T11:05:37+00:00\",\"dateModified\":\"2026-04-07T23:01:29+00:00\",\"mainEntityOfPage\":{\"@id\":\"https:\/\/radiolifefm.com.br\/noticias\/dia-internacional-da-mulher-provincia-e-senso-comum-na-espera-das-peraltices-da-alice\/\"},\"wordCount\":423,\"publisher\":{\"@id\":\"https:\/\/radiolifefm.com.br\/noticias\/#organization\"},\"image\":{\"@id\":\"https:\/\/radiolifefm.com.br\/noticias\/dia-internacional-da-mulher-provincia-e-senso-comum-na-espera-das-peraltices-da-alice\/#primaryimage\"},\"thumbnailUrl\":\"https:\/\/radiolifefm.com.br\/noticias\/wp-content\/uploads\/2022\/04\/WhatsApp-Image-2022-04-10-at-18.43.02.jpeg\",\"articleSection\":[\"Opini\u00e3o\"],\"inLanguage\":\"pt-BR\"},{\"@type\":\"WebPage\",\"@id\":\"https:\/\/radiolifefm.com.br\/noticias\/dia-internacional-da-mulher-provincia-e-senso-comum-na-espera-das-peraltices-da-alice\/\",\"url\":\"https:\/\/radiolifefm.com.br\/noticias\/dia-internacional-da-mulher-provincia-e-senso-comum-na-espera-das-peraltices-da-alice\/\",\"name\":\"DIA INTERNACIONAL DA MULHER, PROV\u00cdNCIA E SENSO COMUM NA ESPERA DAS PERALTICES DA \\\"ALICE\\\"... - R\u00e1dio Life FM\",\"isPartOf\":{\"@id\":\"https:\/\/radiolifefm.com.br\/noticias\/#website\"},\"primaryImageOfPage\":{\"@id\":\"https:\/\/radiolifefm.com.br\/noticias\/dia-internacional-da-mulher-provincia-e-senso-comum-na-espera-das-peraltices-da-alice\/#primaryimage\"},\"image\":{\"@id\":\"https:\/\/radiolifefm.com.br\/noticias\/dia-internacional-da-mulher-provincia-e-senso-comum-na-espera-das-peraltices-da-alice\/#primaryimage\"},\"thumbnailUrl\":\"https:\/\/radiolifefm.com.br\/noticias\/wp-content\/uploads\/2022\/04\/WhatsApp-Image-2022-04-10-at-18.43.02.jpeg\",\"datePublished\":\"2023-03-08T11:05:37+00:00\",\"dateModified\":\"2026-04-07T23:01:29+00:00\",\"breadcrumb\":{\"@id\":\"https:\/\/radiolifefm.com.br\/noticias\/dia-internacional-da-mulher-provincia-e-senso-comum-na-espera-das-peraltices-da-alice\/#breadcrumb\"},\"inLanguage\":\"pt-BR\",\"potentialAction\":[{\"@type\":\"ReadAction\",\"target\":[\"https:\/\/radiolifefm.com.br\/noticias\/dia-internacional-da-mulher-provincia-e-senso-comum-na-espera-das-peraltices-da-alice\/\"]}]},{\"@type\":\"ImageObject\",\"inLanguage\":\"pt-BR\",\"@id\":\"https:\/\/radiolifefm.com.br\/noticias\/dia-internacional-da-mulher-provincia-e-senso-comum-na-espera-das-peraltices-da-alice\/#primaryimage\",\"url\":\"https:\/\/radiolifefm.com.br\/noticias\/wp-content\/uploads\/2022\/04\/WhatsApp-Image-2022-04-10-at-18.43.02.jpeg\",\"contentUrl\":\"https:\/\/radiolifefm.com.br\/noticias\/wp-content\/uploads\/2022\/04\/WhatsApp-Image-2022-04-10-at-18.43.02.jpeg\",\"width\":972,\"height\":1296,\"caption\":\"S\u00e9rgio Barbosa\"},{\"@type\":\"BreadcrumbList\",\"@id\":\"https:\/\/radiolifefm.com.br\/noticias\/dia-internacional-da-mulher-provincia-e-senso-comum-na-espera-das-peraltices-da-alice\/#breadcrumb\",\"itemListElement\":[{\"@type\":\"ListItem\",\"position\":1,\"name\":\"In\u00edcio\",\"item\":\"https:\/\/radiolifefm.com.br\/noticias\/\"},{\"@type\":\"ListItem\",\"position\":2,\"name\":\"DIA INTERNACIONAL DA MULHER, PROV\u00cdNCIA E SENSO COMUM NA ESPERA DAS PERALTICES DA &#8220;ALICE&#8221;&#8230;\"}]},{\"@type\":\"WebSite\",\"@id\":\"https:\/\/radiolifefm.com.br\/noticias\/#website\",\"url\":\"https:\/\/radiolifefm.com.br\/noticias\/\",\"name\":\"R\u00e1dio Life FM\",\"description\":\"O Portal de Not\u00edcias de Adamantina\",\"publisher\":{\"@id\":\"https:\/\/radiolifefm.com.br\/noticias\/#organization\"},\"alternateName\":\"Life FM\",\"potentialAction\":[{\"@type\":\"SearchAction\",\"target\":{\"@type\":\"EntryPoint\",\"urlTemplate\":\"https:\/\/radiolifefm.com.br\/noticias\/?s={search_term_string}\"},\"query-input\":{\"@type\":\"PropertyValueSpecification\",\"valueRequired\":true,\"valueName\":\"search_term_string\"}}],\"inLanguage\":\"pt-BR\"},{\"@type\":\"Organization\",\"@id\":\"https:\/\/radiolifefm.com.br\/noticias\/#organization\",\"name\":\"R\u00e1dio Life FM\",\"alternateName\":\"Life FM\",\"url\":\"https:\/\/radiolifefm.com.br\/noticias\/\",\"logo\":{\"@type\":\"ImageObject\",\"inLanguage\":\"pt-BR\",\"@id\":\"https:\/\/radiolifefm.com.br\/noticias\/#\/schema\/logo\/image\/\",\"url\":\"https:\/\/static.radiolifefm.com.br\/noticias\/wp-content\/uploads\/2019\/10\/logo-lifefm.png\",\"contentUrl\":\"https:\/\/static.radiolifefm.com.br\/noticias\/wp-content\/uploads\/2019\/10\/logo-lifefm.png\",\"width\":196,\"height\":47,\"caption\":\"R\u00e1dio Life FM\"},\"image\":{\"@id\":\"https:\/\/radiolifefm.com.br\/noticias\/#\/schema\/logo\/image\/\"},\"sameAs\":[\"https:\/\/www.facebook.com\/radiolifefm\/\",\"https:\/\/www.instagram.com\/life1079fm\/\"]},{\"@type\":\"Person\",\"@id\":\"https:\/\/radiolifefm.com.br\/noticias\/#\/schema\/person\/6339b9fac59d12b071dec680d7375d87\",\"name\":\"ritanery\",\"image\":{\"@type\":\"ImageObject\",\"inLanguage\":\"pt-BR\",\"@id\":\"https:\/\/secure.gravatar.com\/avatar\/0e37bb19071f47c0b8a23f62a903df117c5a0e75f65a0c2901562f97cd41cf86?s=96&d=mm&r=g\",\"url\":\"https:\/\/secure.gravatar.com\/avatar\/0e37bb19071f47c0b8a23f62a903df117c5a0e75f65a0c2901562f97cd41cf86?s=96&d=mm&r=g\",\"contentUrl\":\"https:\/\/secure.gravatar.com\/avatar\/0e37bb19071f47c0b8a23f62a903df117c5a0e75f65a0c2901562f97cd41cf86?s=96&d=mm&r=g\",\"caption\":\"ritanery\"}}]}<\/script>\n<!-- \/ Yoast SEO plugin. -->","yoast_head_json":{"title":"DIA INTERNACIONAL DA MULHER, PROV\u00cdNCIA E SENSO COMUM NA ESPERA DAS PERALTICES DA \"ALICE\"... - R\u00e1dio Life FM","robots":{"index":"index","follow":"follow","max-snippet":"max-snippet:-1","max-image-preview":"max-image-preview:large","max-video-preview":"max-video-preview:-1"},"canonical":"https:\/\/radiolifefm.com.br\/noticias\/dia-internacional-da-mulher-provincia-e-senso-comum-na-espera-das-peraltices-da-alice\/","og_locale":"pt_BR","og_type":"article","og_title":"DIA INTERNACIONAL DA MULHER, PROV\u00cdNCIA E SENSO COMUM NA ESPERA DAS PERALTICES DA \"ALICE\"... - R\u00e1dio Life FM","og_description":"\u201dA primavera chegar\u00e1, mesmo que ningu\u00e9m mais saiba seu nome, nem acredite no calend\u00e1rio, nem possua jardim para receb\u00ea-la.&#8221; (Cec\u00edlia Meireles) \u00a0 \u00c0s mulheres deste novo tempo novo, dedico! \u00a0 S\u00e9rgio Barbosa (*) Neste domingo, 8 de Mar\u00e7o, ocorrer\u00e3o muitas festas e outros desencontros como homenagem ao &#8220;Dia Internacional da Mulher&#8221; em tempo de p\u00f3s-globaliza\u00e7\u00e3o [&hellip;]","og_url":"https:\/\/radiolifefm.com.br\/noticias\/dia-internacional-da-mulher-provincia-e-senso-comum-na-espera-das-peraltices-da-alice\/","og_site_name":"R\u00e1dio Life FM","article_publisher":"https:\/\/www.facebook.com\/radiolifefm\/","article_published_time":"2023-03-08T11:05:37+00:00","article_modified_time":"2026-04-07T23:01:29+00:00","og_image":[{"width":972,"height":1296,"url":"https:\/\/radiolifefm.com.br\/noticias\/wp-content\/uploads\/2022\/04\/WhatsApp-Image-2022-04-10-at-18.43.02.jpeg","type":"image\/jpeg"}],"author":"ritanery","twitter_card":"summary_large_image","twitter_misc":{"Escrito por":"ritanery","Est. tempo de leitura":"3 minutos"},"schema":{"@context":"https:\/\/schema.org","@graph":[{"@type":"Article","@id":"https:\/\/radiolifefm.com.br\/noticias\/dia-internacional-da-mulher-provincia-e-senso-comum-na-espera-das-peraltices-da-alice\/#article","isPartOf":{"@id":"https:\/\/radiolifefm.com.br\/noticias\/dia-internacional-da-mulher-provincia-e-senso-comum-na-espera-das-peraltices-da-alice\/"},"author":{"name":"ritanery","@id":"https:\/\/radiolifefm.com.br\/noticias\/#\/schema\/person\/6339b9fac59d12b071dec680d7375d87"},"headline":"DIA INTERNACIONAL DA MULHER, PROV\u00cdNCIA E SENSO COMUM NA ESPERA DAS PERALTICES DA &#8220;ALICE&#8221;&#8230;","datePublished":"2023-03-08T11:05:37+00:00","dateModified":"2026-04-07T23:01:29+00:00","mainEntityOfPage":{"@id":"https:\/\/radiolifefm.com.br\/noticias\/dia-internacional-da-mulher-provincia-e-senso-comum-na-espera-das-peraltices-da-alice\/"},"wordCount":423,"publisher":{"@id":"https:\/\/radiolifefm.com.br\/noticias\/#organization"},"image":{"@id":"https:\/\/radiolifefm.com.br\/noticias\/dia-internacional-da-mulher-provincia-e-senso-comum-na-espera-das-peraltices-da-alice\/#primaryimage"},"thumbnailUrl":"https:\/\/radiolifefm.com.br\/noticias\/wp-content\/uploads\/2022\/04\/WhatsApp-Image-2022-04-10-at-18.43.02.jpeg","articleSection":["Opini\u00e3o"],"inLanguage":"pt-BR"},{"@type":"WebPage","@id":"https:\/\/radiolifefm.com.br\/noticias\/dia-internacional-da-mulher-provincia-e-senso-comum-na-espera-das-peraltices-da-alice\/","url":"https:\/\/radiolifefm.com.br\/noticias\/dia-internacional-da-mulher-provincia-e-senso-comum-na-espera-das-peraltices-da-alice\/","name":"DIA INTERNACIONAL DA MULHER, PROV\u00cdNCIA E SENSO COMUM NA ESPERA DAS PERALTICES DA \"ALICE\"... - R\u00e1dio Life FM","isPartOf":{"@id":"https:\/\/radiolifefm.com.br\/noticias\/#website"},"primaryImageOfPage":{"@id":"https:\/\/radiolifefm.com.br\/noticias\/dia-internacional-da-mulher-provincia-e-senso-comum-na-espera-das-peraltices-da-alice\/#primaryimage"},"image":{"@id":"https:\/\/radiolifefm.com.br\/noticias\/dia-internacional-da-mulher-provincia-e-senso-comum-na-espera-das-peraltices-da-alice\/#primaryimage"},"thumbnailUrl":"https:\/\/radiolifefm.com.br\/noticias\/wp-content\/uploads\/2022\/04\/WhatsApp-Image-2022-04-10-at-18.43.02.jpeg","datePublished":"2023-03-08T11:05:37+00:00","dateModified":"2026-04-07T23:01:29+00:00","breadcrumb":{"@id":"https:\/\/radiolifefm.com.br\/noticias\/dia-internacional-da-mulher-provincia-e-senso-comum-na-espera-das-peraltices-da-alice\/#breadcrumb"},"inLanguage":"pt-BR","potentialAction":[{"@type":"ReadAction","target":["https:\/\/radiolifefm.com.br\/noticias\/dia-internacional-da-mulher-provincia-e-senso-comum-na-espera-das-peraltices-da-alice\/"]}]},{"@type":"ImageObject","inLanguage":"pt-BR","@id":"https:\/\/radiolifefm.com.br\/noticias\/dia-internacional-da-mulher-provincia-e-senso-comum-na-espera-das-peraltices-da-alice\/#primaryimage","url":"https:\/\/radiolifefm.com.br\/noticias\/wp-content\/uploads\/2022\/04\/WhatsApp-Image-2022-04-10-at-18.43.02.jpeg","contentUrl":"https:\/\/radiolifefm.com.br\/noticias\/wp-content\/uploads\/2022\/04\/WhatsApp-Image-2022-04-10-at-18.43.02.jpeg","width":972,"height":1296,"caption":"S\u00e9rgio Barbosa"},{"@type":"BreadcrumbList","@id":"https:\/\/radiolifefm.com.br\/noticias\/dia-internacional-da-mulher-provincia-e-senso-comum-na-espera-das-peraltices-da-alice\/#breadcrumb","itemListElement":[{"@type":"ListItem","position":1,"name":"In\u00edcio","item":"https:\/\/radiolifefm.com.br\/noticias\/"},{"@type":"ListItem","position":2,"name":"DIA INTERNACIONAL DA MULHER, PROV\u00cdNCIA E SENSO COMUM NA ESPERA DAS PERALTICES DA &#8220;ALICE&#8221;&#8230;"}]},{"@type":"WebSite","@id":"https:\/\/radiolifefm.com.br\/noticias\/#website","url":"https:\/\/radiolifefm.com.br\/noticias\/","name":"R\u00e1dio Life FM","description":"O Portal de Not\u00edcias de Adamantina","publisher":{"@id":"https:\/\/radiolifefm.com.br\/noticias\/#organization"},"alternateName":"Life FM","potentialAction":[{"@type":"SearchAction","target":{"@type":"EntryPoint","urlTemplate":"https:\/\/radiolifefm.com.br\/noticias\/?s={search_term_string}"},"query-input":{"@type":"PropertyValueSpecification","valueRequired":true,"valueName":"search_term_string"}}],"inLanguage":"pt-BR"},{"@type":"Organization","@id":"https:\/\/radiolifefm.com.br\/noticias\/#organization","name":"R\u00e1dio Life FM","alternateName":"Life FM","url":"https:\/\/radiolifefm.com.br\/noticias\/","logo":{"@type":"ImageObject","inLanguage":"pt-BR","@id":"https:\/\/radiolifefm.com.br\/noticias\/#\/schema\/logo\/image\/","url":"https:\/\/static.radiolifefm.com.br\/noticias\/wp-content\/uploads\/2019\/10\/logo-lifefm.png","contentUrl":"https:\/\/static.radiolifefm.com.br\/noticias\/wp-content\/uploads\/2019\/10\/logo-lifefm.png","width":196,"height":47,"caption":"R\u00e1dio Life FM"},"image":{"@id":"https:\/\/radiolifefm.com.br\/noticias\/#\/schema\/logo\/image\/"},"sameAs":["https:\/\/www.facebook.com\/radiolifefm\/","https:\/\/www.instagram.com\/life1079fm\/"]},{"@type":"Person","@id":"https:\/\/radiolifefm.com.br\/noticias\/#\/schema\/person\/6339b9fac59d12b071dec680d7375d87","name":"ritanery","image":{"@type":"ImageObject","inLanguage":"pt-BR","@id":"https:\/\/secure.gravatar.com\/avatar\/0e37bb19071f47c0b8a23f62a903df117c5a0e75f65a0c2901562f97cd41cf86?s=96&d=mm&r=g","url":"https:\/\/secure.gravatar.com\/avatar\/0e37bb19071f47c0b8a23f62a903df117c5a0e75f65a0c2901562f97cd41cf86?s=96&d=mm&r=g","contentUrl":"https:\/\/secure.gravatar.com\/avatar\/0e37bb19071f47c0b8a23f62a903df117c5a0e75f65a0c2901562f97cd41cf86?s=96&d=mm&r=g","caption":"ritanery"}}]}},"amp_enabled":true,"_links":{"self":[{"href":"https:\/\/radiolifefm.com.br\/noticias\/wp-json\/wp\/v2\/posts\/66212","targetHints":{"allow":["GET"]}}],"collection":[{"href":"https:\/\/radiolifefm.com.br\/noticias\/wp-json\/wp\/v2\/posts"}],"about":[{"href":"https:\/\/radiolifefm.com.br\/noticias\/wp-json\/wp\/v2\/types\/post"}],"author":[{"embeddable":true,"href":"https:\/\/radiolifefm.com.br\/noticias\/wp-json\/wp\/v2\/users\/13"}],"replies":[{"embeddable":true,"href":"https:\/\/radiolifefm.com.br\/noticias\/wp-json\/wp\/v2\/comments?post=66212"}],"version-history":[{"count":1,"href":"https:\/\/radiolifefm.com.br\/noticias\/wp-json\/wp\/v2\/posts\/66212\/revisions"}],"predecessor-version":[{"id":66213,"href":"https:\/\/radiolifefm.com.br\/noticias\/wp-json\/wp\/v2\/posts\/66212\/revisions\/66213"}],"wp:featuredmedia":[{"embeddable":true,"href":"https:\/\/radiolifefm.com.br\/noticias\/wp-json\/wp\/v2\/media\/51988"}],"wp:attachment":[{"href":"https:\/\/radiolifefm.com.br\/noticias\/wp-json\/wp\/v2\/media?parent=66212"}],"wp:term":[{"taxonomy":"category","embeddable":true,"href":"https:\/\/radiolifefm.com.br\/noticias\/wp-json\/wp\/v2\/categories?post=66212"},{"taxonomy":"post_tag","embeddable":true,"href":"https:\/\/radiolifefm.com.br\/noticias\/wp-json\/wp\/v2\/tags?post=66212"}],"curies":[{"name":"wp","href":"https:\/\/api.w.org\/{rel}","templated":true}]}}