{"id":66150,"date":"2023-03-06T21:52:23","date_gmt":"2023-03-07T00:52:23","guid":{"rendered":"https:\/\/radiolifefm.com.br\/noticias\/?p=66150"},"modified":"2025-10-07T12:49:12","modified_gmt":"2025-10-07T15:49:12","slug":"provincia-e-contradicoes-aleatorias","status":"publish","type":"post","link":"https:\/\/radiolifefm.com.br\/noticias\/provincia-e-contradicoes-aleatorias\/","title":{"rendered":"Prov\u00edncia e contradi\u00e7\u00f5es aleat\u00f3rias&#8230;"},"content":{"rendered":"<div id=\"fb-root\"><\/div>\n<p><strong>\u00a0\u201cUm dia, um cara me chamou de mosquito da dengue, fiquei com raiva e piquei ele!\u201d (<\/strong><a href=\"https:\/\/www.pensador.com\/autor\/rodrigo_greco_eu\/\"><strong>Rodrigo Greco)<\/strong><\/a><\/p>\n<p><strong>\u00a0<\/strong><\/p>\n<p><strong>S\u00e9rgio Barbosa (*)<\/strong><\/p>\n<p>Pelo andar, ou melhor, os N\u00daMEROS sobre o cen\u00e1rio atual com a DENGUE, bem como, COVID e outros desencontros em terras PROVINCIANAS, pode-se esperar tudo e mais alguma coisa&#8230;<\/p>\n<p>Torna-se lament\u00e1vel as CONTRADI\u00c7\u00d5ES patrocinadas pelo PODER P\u00daBLICO quanto a isto ou aquilo, como sempre, TUDO PODE SER e fica quase sempre o DITO PELO N\u00c3O DITO&#8230;<\/p>\n<p>Entretanto, TODOS\/AS devem de um jeito ou de outro, dar a sua contribui\u00e7\u00e3o quanto a PREVEN\u00c7\u00c3O, tendo em vista que o BEM SOCIAL deve estar acima deste ou daquele interesse pol\u00edtico ou econ\u00f4mico&#8230;<\/p>\n<p>Todavia, depois de 6 ANOS DE DESGOVERNOS, ou seja, 2 anos com o VAMPIRO que deu o GOLPE e depois, 4 anos com aquele COISO que era uma COISA; n\u00e3o se pode esperar muito desta PROV\u00cdNCIA DO FAZ DE CONTA em tempo de PIN\u00d3QUIO&#8230;<\/p>\n<p>Por\u00e9m, a COMUNIDADE deve estar atenta as movimenta\u00e7\u00f5es do PODER P\u00daBLICO com sua turma de ALOPRADOS\/AS, haja vista que existem muitos interesses em nome disto ou daquilo&#8230;<\/p>\n<p>Os N\u00daMEROS com infectados pela DENGUE continuam aumentando, ainda, a PANDEMIA n\u00e3o terminou de FATO e muito menos de DIREITO, desta forma, TODO CUIDADO \u00c9 POUCO nos quatro cantos desta PROV\u00cdNCIA&#8230;<\/p>\n<p>Como escrevi, tais DESENCONTROS com a PREVEN\u00c7\u00c3O acabam complicando o MEIO DE CAMPO na \u00e1rea da SA\u00daDE em todas as esferas, a saber: MUNICIPAL, ESTADUAL e FEDERAL&#8230;<\/p>\n<p>Mesmo assim, o PODER P\u00daBLICO deve estar sempre em ESTADO DE ALERTA para uma aproxima\u00e7\u00e3o com as necessidades da COMUNIDADE local, por isso, SE VOC\u00ca PENSA QUE T\u00c1 RUIM, PODE PIORAR&#8230;<\/p>\n<p>Neste contexto PLURAL de in\u00edcio de mais um ANO NOVO ANO, ainda, primeira semana do m\u00eas de MAR\u00c7O, espera-se que TODOS\/AS possam de um jeito ou de outro, ainda, apesar dos pesares, darem a sua CONTRIBUI\u00c7\u00c3O quanto a PREVEN\u00c7\u00c3O frente ao avan\u00e7o da DENGUE e continuar com os CUIDADOS necess\u00e1rios com a COVID&#8230;<\/p>\n<p>Por\u00e9m, n\u00e3o se pode deixar de lado que o CEN\u00c1RIO ATUAL continua sendo PATROCINADO pelas eternas MENTES MED\u00cdOCRES dos\/as PATRIOT\u00c1RIOS\/AS que continuam deste e do outro lado, bem como, comandados pela DESINFORMA\u00c7\u00c3O sobre tudo e todos\/as&#8230;<\/p>\n<p>QUEM SOBREVIVER VAI SABER&#8230;<\/p>\n<p><strong>____________________________<\/strong><\/p>\n<p><strong>(*) jornalista diplomado.<\/strong><\/p>\n<p><strong>e-mail: <\/strong><a href=\"mailto:barbosa.sebar@gmail.com\"><strong>barbosa.sebar@gmail.com<\/strong><\/a><\/p>\n<p><strong>\u00a0<\/strong><\/p>\n","protected":false},"excerpt":{"rendered":"<p>\u00a0\u201cUm dia, um cara me chamou de mosquito da dengue, fiquei com raiva e piquei ele!\u201d (Rodrigo Greco) \u00a0 S\u00e9rgio Barbosa (*) Pelo andar, ou melhor, os N\u00daMEROS sobre o cen\u00e1rio atual com a DENGUE, bem como, COVID e outros desencontros em terras PROVINCIANAS, pode-se esperar tudo e mais alguma coisa&#8230; Torna-se lament\u00e1vel as CONTRADI\u00c7\u00d5ES [&hellip;]<\/p>\n","protected":false},"author":13,"featured_media":51988,"comment_status":"closed","ping_status":"open","sticky":false,"template":"","format":"standard","meta":{"_acf_changed":false,"_exactmetrics_skip_tracking":false,"_exactmetrics_sitenote_active":false,"_exactmetrics_sitenote_note":"","_exactmetrics_sitenote_category":0,"footnotes":""},"categories":[59],"tags":[],"class_list":["post-66150","post","type-post","status-publish","format-standard","has-post-thumbnail","hentry","category-opiniao"],"acf":[],"yoast_head":"<!-- This site is optimized with the Yoast SEO plugin v27.2 - https:\/\/yoast.com\/product\/yoast-seo-wordpress\/ -->\n<title>Prov\u00edncia e contradi\u00e7\u00f5es aleat\u00f3rias... - R\u00e1dio Life FM<\/title>\n<meta name=\"robots\" content=\"index, follow, max-snippet:-1, max-image-preview:large, max-video-preview:-1\" \/>\n<link rel=\"canonical\" href=\"https:\/\/radiolifefm.com.br\/noticias\/provincia-e-contradicoes-aleatorias\/\" \/>\n<meta property=\"og:locale\" content=\"pt_BR\" \/>\n<meta property=\"og:type\" content=\"article\" \/>\n<meta property=\"og:title\" content=\"Prov\u00edncia e contradi\u00e7\u00f5es aleat\u00f3rias... - R\u00e1dio Life FM\" \/>\n<meta property=\"og:description\" content=\"\u00a0\u201cUm dia, um cara me chamou de mosquito da dengue, fiquei com raiva e piquei ele!\u201d (Rodrigo Greco) \u00a0 S\u00e9rgio Barbosa (*) Pelo andar, ou melhor, os N\u00daMEROS sobre o cen\u00e1rio atual com a DENGUE, bem como, COVID e outros desencontros em terras PROVINCIANAS, pode-se esperar tudo e mais alguma coisa&#8230; Torna-se lament\u00e1vel as CONTRADI\u00c7\u00d5ES [&hellip;]\" \/>\n<meta property=\"og:url\" content=\"https:\/\/radiolifefm.com.br\/noticias\/provincia-e-contradicoes-aleatorias\/\" \/>\n<meta property=\"og:site_name\" content=\"R\u00e1dio Life FM\" \/>\n<meta property=\"article:publisher\" content=\"https:\/\/www.facebook.com\/radiolifefm\/\" \/>\n<meta property=\"article:published_time\" content=\"2023-03-07T00:52:23+00:00\" \/>\n<meta property=\"article:modified_time\" content=\"2025-10-07T15:49:12+00:00\" \/>\n<meta property=\"og:image\" content=\"https:\/\/static.radiolifefm.com.br\/noticias\/wp-content\/uploads\/2022\/04\/WhatsApp-Image-2022-04-10-at-18.43.02.jpeg\" \/>\n\t<meta property=\"og:image:width\" content=\"972\" \/>\n\t<meta property=\"og:image:height\" content=\"1296\" \/>\n\t<meta property=\"og:image:type\" content=\"image\/jpeg\" \/>\n<meta name=\"author\" content=\"ritanery\" \/>\n<meta name=\"twitter:card\" content=\"summary_large_image\" \/>\n<meta name=\"twitter:label1\" content=\"Escrito por\" \/>\n\t<meta name=\"twitter:data1\" content=\"ritanery\" \/>\n\t<meta name=\"twitter:label2\" content=\"Est. tempo de leitura\" \/>\n\t<meta name=\"twitter:data2\" content=\"3 minutos\" \/>\n<script type=\"application\/ld+json\" class=\"yoast-schema-graph\">{\"@context\":\"https:\/\/schema.org\",\"@graph\":[{\"@type\":\"Article\",\"@id\":\"https:\/\/radiolifefm.com.br\/noticias\/provincia-e-contradicoes-aleatorias\/#article\",\"isPartOf\":{\"@id\":\"https:\/\/radiolifefm.com.br\/noticias\/provincia-e-contradicoes-aleatorias\/\"},\"author\":{\"name\":\"ritanery\",\"@id\":\"https:\/\/radiolifefm.com.br\/noticias\/#\/schema\/person\/6339b9fac59d12b071dec680d7375d87\"},\"headline\":\"Prov\u00edncia e contradi\u00e7\u00f5es aleat\u00f3rias&#8230;\",\"datePublished\":\"2023-03-07T00:52:23+00:00\",\"dateModified\":\"2025-10-07T15:49:12+00:00\",\"mainEntityOfPage\":{\"@id\":\"https:\/\/radiolifefm.com.br\/noticias\/provincia-e-contradicoes-aleatorias\/\"},\"wordCount\":415,\"publisher\":{\"@id\":\"https:\/\/radiolifefm.com.br\/noticias\/#organization\"},\"image\":{\"@id\":\"https:\/\/radiolifefm.com.br\/noticias\/provincia-e-contradicoes-aleatorias\/#primaryimage\"},\"thumbnailUrl\":\"https:\/\/radiolifefm.com.br\/noticias\/wp-content\/uploads\/2022\/04\/WhatsApp-Image-2022-04-10-at-18.43.02.jpeg\",\"articleSection\":[\"Opini\u00e3o\"],\"inLanguage\":\"pt-BR\"},{\"@type\":\"WebPage\",\"@id\":\"https:\/\/radiolifefm.com.br\/noticias\/provincia-e-contradicoes-aleatorias\/\",\"url\":\"https:\/\/radiolifefm.com.br\/noticias\/provincia-e-contradicoes-aleatorias\/\",\"name\":\"Prov\u00edncia e contradi\u00e7\u00f5es aleat\u00f3rias... - R\u00e1dio Life FM\",\"isPartOf\":{\"@id\":\"https:\/\/radiolifefm.com.br\/noticias\/#website\"},\"primaryImageOfPage\":{\"@id\":\"https:\/\/radiolifefm.com.br\/noticias\/provincia-e-contradicoes-aleatorias\/#primaryimage\"},\"image\":{\"@id\":\"https:\/\/radiolifefm.com.br\/noticias\/provincia-e-contradicoes-aleatorias\/#primaryimage\"},\"thumbnailUrl\":\"https:\/\/radiolifefm.com.br\/noticias\/wp-content\/uploads\/2022\/04\/WhatsApp-Image-2022-04-10-at-18.43.02.jpeg\",\"datePublished\":\"2023-03-07T00:52:23+00:00\",\"dateModified\":\"2025-10-07T15:49:12+00:00\",\"breadcrumb\":{\"@id\":\"https:\/\/radiolifefm.com.br\/noticias\/provincia-e-contradicoes-aleatorias\/#breadcrumb\"},\"inLanguage\":\"pt-BR\",\"potentialAction\":[{\"@type\":\"ReadAction\",\"target\":[\"https:\/\/radiolifefm.com.br\/noticias\/provincia-e-contradicoes-aleatorias\/\"]}]},{\"@type\":\"ImageObject\",\"inLanguage\":\"pt-BR\",\"@id\":\"https:\/\/radiolifefm.com.br\/noticias\/provincia-e-contradicoes-aleatorias\/#primaryimage\",\"url\":\"https:\/\/radiolifefm.com.br\/noticias\/wp-content\/uploads\/2022\/04\/WhatsApp-Image-2022-04-10-at-18.43.02.jpeg\",\"contentUrl\":\"https:\/\/radiolifefm.com.br\/noticias\/wp-content\/uploads\/2022\/04\/WhatsApp-Image-2022-04-10-at-18.43.02.jpeg\",\"width\":972,\"height\":1296,\"caption\":\"S\u00e9rgio Barbosa\"},{\"@type\":\"BreadcrumbList\",\"@id\":\"https:\/\/radiolifefm.com.br\/noticias\/provincia-e-contradicoes-aleatorias\/#breadcrumb\",\"itemListElement\":[{\"@type\":\"ListItem\",\"position\":1,\"name\":\"In\u00edcio\",\"item\":\"https:\/\/radiolifefm.com.br\/noticias\/\"},{\"@type\":\"ListItem\",\"position\":2,\"name\":\"Prov\u00edncia e contradi\u00e7\u00f5es aleat\u00f3rias&#8230;\"}]},{\"@type\":\"WebSite\",\"@id\":\"https:\/\/radiolifefm.com.br\/noticias\/#website\",\"url\":\"https:\/\/radiolifefm.com.br\/noticias\/\",\"name\":\"R\u00e1dio Life FM\",\"description\":\"O Portal de Not\u00edcias de Adamantina\",\"publisher\":{\"@id\":\"https:\/\/radiolifefm.com.br\/noticias\/#organization\"},\"alternateName\":\"Life FM\",\"potentialAction\":[{\"@type\":\"SearchAction\",\"target\":{\"@type\":\"EntryPoint\",\"urlTemplate\":\"https:\/\/radiolifefm.com.br\/noticias\/?s={search_term_string}\"},\"query-input\":{\"@type\":\"PropertyValueSpecification\",\"valueRequired\":true,\"valueName\":\"search_term_string\"}}],\"inLanguage\":\"pt-BR\"},{\"@type\":\"Organization\",\"@id\":\"https:\/\/radiolifefm.com.br\/noticias\/#organization\",\"name\":\"R\u00e1dio Life FM\",\"alternateName\":\"Life FM\",\"url\":\"https:\/\/radiolifefm.com.br\/noticias\/\",\"logo\":{\"@type\":\"ImageObject\",\"inLanguage\":\"pt-BR\",\"@id\":\"https:\/\/radiolifefm.com.br\/noticias\/#\/schema\/logo\/image\/\",\"url\":\"https:\/\/static.radiolifefm.com.br\/noticias\/wp-content\/uploads\/2019\/10\/logo-lifefm.png\",\"contentUrl\":\"https:\/\/static.radiolifefm.com.br\/noticias\/wp-content\/uploads\/2019\/10\/logo-lifefm.png\",\"width\":196,\"height\":47,\"caption\":\"R\u00e1dio Life FM\"},\"image\":{\"@id\":\"https:\/\/radiolifefm.com.br\/noticias\/#\/schema\/logo\/image\/\"},\"sameAs\":[\"https:\/\/www.facebook.com\/radiolifefm\/\",\"https:\/\/www.instagram.com\/life1079fm\/\"]},{\"@type\":\"Person\",\"@id\":\"https:\/\/radiolifefm.com.br\/noticias\/#\/schema\/person\/6339b9fac59d12b071dec680d7375d87\",\"name\":\"ritanery\",\"image\":{\"@type\":\"ImageObject\",\"inLanguage\":\"pt-BR\",\"@id\":\"https:\/\/secure.gravatar.com\/avatar\/0e37bb19071f47c0b8a23f62a903df117c5a0e75f65a0c2901562f97cd41cf86?s=96&d=mm&r=g\",\"url\":\"https:\/\/secure.gravatar.com\/avatar\/0e37bb19071f47c0b8a23f62a903df117c5a0e75f65a0c2901562f97cd41cf86?s=96&d=mm&r=g\",\"contentUrl\":\"https:\/\/secure.gravatar.com\/avatar\/0e37bb19071f47c0b8a23f62a903df117c5a0e75f65a0c2901562f97cd41cf86?s=96&d=mm&r=g\",\"caption\":\"ritanery\"}}]}<\/script>\n<!-- \/ Yoast SEO plugin. -->","yoast_head_json":{"title":"Prov\u00edncia e contradi\u00e7\u00f5es aleat\u00f3rias... - R\u00e1dio Life FM","robots":{"index":"index","follow":"follow","max-snippet":"max-snippet:-1","max-image-preview":"max-image-preview:large","max-video-preview":"max-video-preview:-1"},"canonical":"https:\/\/radiolifefm.com.br\/noticias\/provincia-e-contradicoes-aleatorias\/","og_locale":"pt_BR","og_type":"article","og_title":"Prov\u00edncia e contradi\u00e7\u00f5es aleat\u00f3rias... - R\u00e1dio Life FM","og_description":"\u00a0\u201cUm dia, um cara me chamou de mosquito da dengue, fiquei com raiva e piquei ele!\u201d (Rodrigo Greco) \u00a0 S\u00e9rgio Barbosa (*) Pelo andar, ou melhor, os N\u00daMEROS sobre o cen\u00e1rio atual com a DENGUE, bem como, COVID e outros desencontros em terras PROVINCIANAS, pode-se esperar tudo e mais alguma coisa&#8230; Torna-se lament\u00e1vel as CONTRADI\u00c7\u00d5ES [&hellip;]","og_url":"https:\/\/radiolifefm.com.br\/noticias\/provincia-e-contradicoes-aleatorias\/","og_site_name":"R\u00e1dio Life FM","article_publisher":"https:\/\/www.facebook.com\/radiolifefm\/","article_published_time":"2023-03-07T00:52:23+00:00","article_modified_time":"2025-10-07T15:49:12+00:00","og_image":[{"width":972,"height":1296,"url":"https:\/\/static.radiolifefm.com.br\/noticias\/wp-content\/uploads\/2022\/04\/WhatsApp-Image-2022-04-10-at-18.43.02.jpeg","type":"image\/jpeg"}],"author":"ritanery","twitter_card":"summary_large_image","twitter_misc":{"Escrito por":"ritanery","Est. tempo de leitura":"3 minutos"},"schema":{"@context":"https:\/\/schema.org","@graph":[{"@type":"Article","@id":"https:\/\/radiolifefm.com.br\/noticias\/provincia-e-contradicoes-aleatorias\/#article","isPartOf":{"@id":"https:\/\/radiolifefm.com.br\/noticias\/provincia-e-contradicoes-aleatorias\/"},"author":{"name":"ritanery","@id":"https:\/\/radiolifefm.com.br\/noticias\/#\/schema\/person\/6339b9fac59d12b071dec680d7375d87"},"headline":"Prov\u00edncia e contradi\u00e7\u00f5es aleat\u00f3rias&#8230;","datePublished":"2023-03-07T00:52:23+00:00","dateModified":"2025-10-07T15:49:12+00:00","mainEntityOfPage":{"@id":"https:\/\/radiolifefm.com.br\/noticias\/provincia-e-contradicoes-aleatorias\/"},"wordCount":415,"publisher":{"@id":"https:\/\/radiolifefm.com.br\/noticias\/#organization"},"image":{"@id":"https:\/\/radiolifefm.com.br\/noticias\/provincia-e-contradicoes-aleatorias\/#primaryimage"},"thumbnailUrl":"https:\/\/radiolifefm.com.br\/noticias\/wp-content\/uploads\/2022\/04\/WhatsApp-Image-2022-04-10-at-18.43.02.jpeg","articleSection":["Opini\u00e3o"],"inLanguage":"pt-BR"},{"@type":"WebPage","@id":"https:\/\/radiolifefm.com.br\/noticias\/provincia-e-contradicoes-aleatorias\/","url":"https:\/\/radiolifefm.com.br\/noticias\/provincia-e-contradicoes-aleatorias\/","name":"Prov\u00edncia e contradi\u00e7\u00f5es aleat\u00f3rias... - R\u00e1dio Life FM","isPartOf":{"@id":"https:\/\/radiolifefm.com.br\/noticias\/#website"},"primaryImageOfPage":{"@id":"https:\/\/radiolifefm.com.br\/noticias\/provincia-e-contradicoes-aleatorias\/#primaryimage"},"image":{"@id":"https:\/\/radiolifefm.com.br\/noticias\/provincia-e-contradicoes-aleatorias\/#primaryimage"},"thumbnailUrl":"https:\/\/radiolifefm.com.br\/noticias\/wp-content\/uploads\/2022\/04\/WhatsApp-Image-2022-04-10-at-18.43.02.jpeg","datePublished":"2023-03-07T00:52:23+00:00","dateModified":"2025-10-07T15:49:12+00:00","breadcrumb":{"@id":"https:\/\/radiolifefm.com.br\/noticias\/provincia-e-contradicoes-aleatorias\/#breadcrumb"},"inLanguage":"pt-BR","potentialAction":[{"@type":"ReadAction","target":["https:\/\/radiolifefm.com.br\/noticias\/provincia-e-contradicoes-aleatorias\/"]}]},{"@type":"ImageObject","inLanguage":"pt-BR","@id":"https:\/\/radiolifefm.com.br\/noticias\/provincia-e-contradicoes-aleatorias\/#primaryimage","url":"https:\/\/radiolifefm.com.br\/noticias\/wp-content\/uploads\/2022\/04\/WhatsApp-Image-2022-04-10-at-18.43.02.jpeg","contentUrl":"https:\/\/radiolifefm.com.br\/noticias\/wp-content\/uploads\/2022\/04\/WhatsApp-Image-2022-04-10-at-18.43.02.jpeg","width":972,"height":1296,"caption":"S\u00e9rgio Barbosa"},{"@type":"BreadcrumbList","@id":"https:\/\/radiolifefm.com.br\/noticias\/provincia-e-contradicoes-aleatorias\/#breadcrumb","itemListElement":[{"@type":"ListItem","position":1,"name":"In\u00edcio","item":"https:\/\/radiolifefm.com.br\/noticias\/"},{"@type":"ListItem","position":2,"name":"Prov\u00edncia e contradi\u00e7\u00f5es aleat\u00f3rias&#8230;"}]},{"@type":"WebSite","@id":"https:\/\/radiolifefm.com.br\/noticias\/#website","url":"https:\/\/radiolifefm.com.br\/noticias\/","name":"R\u00e1dio Life FM","description":"O Portal de Not\u00edcias de Adamantina","publisher":{"@id":"https:\/\/radiolifefm.com.br\/noticias\/#organization"},"alternateName":"Life FM","potentialAction":[{"@type":"SearchAction","target":{"@type":"EntryPoint","urlTemplate":"https:\/\/radiolifefm.com.br\/noticias\/?s={search_term_string}"},"query-input":{"@type":"PropertyValueSpecification","valueRequired":true,"valueName":"search_term_string"}}],"inLanguage":"pt-BR"},{"@type":"Organization","@id":"https:\/\/radiolifefm.com.br\/noticias\/#organization","name":"R\u00e1dio Life FM","alternateName":"Life FM","url":"https:\/\/radiolifefm.com.br\/noticias\/","logo":{"@type":"ImageObject","inLanguage":"pt-BR","@id":"https:\/\/radiolifefm.com.br\/noticias\/#\/schema\/logo\/image\/","url":"https:\/\/static.radiolifefm.com.br\/noticias\/wp-content\/uploads\/2019\/10\/logo-lifefm.png","contentUrl":"https:\/\/static.radiolifefm.com.br\/noticias\/wp-content\/uploads\/2019\/10\/logo-lifefm.png","width":196,"height":47,"caption":"R\u00e1dio Life FM"},"image":{"@id":"https:\/\/radiolifefm.com.br\/noticias\/#\/schema\/logo\/image\/"},"sameAs":["https:\/\/www.facebook.com\/radiolifefm\/","https:\/\/www.instagram.com\/life1079fm\/"]},{"@type":"Person","@id":"https:\/\/radiolifefm.com.br\/noticias\/#\/schema\/person\/6339b9fac59d12b071dec680d7375d87","name":"ritanery","image":{"@type":"ImageObject","inLanguage":"pt-BR","@id":"https:\/\/secure.gravatar.com\/avatar\/0e37bb19071f47c0b8a23f62a903df117c5a0e75f65a0c2901562f97cd41cf86?s=96&d=mm&r=g","url":"https:\/\/secure.gravatar.com\/avatar\/0e37bb19071f47c0b8a23f62a903df117c5a0e75f65a0c2901562f97cd41cf86?s=96&d=mm&r=g","contentUrl":"https:\/\/secure.gravatar.com\/avatar\/0e37bb19071f47c0b8a23f62a903df117c5a0e75f65a0c2901562f97cd41cf86?s=96&d=mm&r=g","caption":"ritanery"}}]}},"amp_enabled":true,"_links":{"self":[{"href":"https:\/\/radiolifefm.com.br\/noticias\/wp-json\/wp\/v2\/posts\/66150","targetHints":{"allow":["GET"]}}],"collection":[{"href":"https:\/\/radiolifefm.com.br\/noticias\/wp-json\/wp\/v2\/posts"}],"about":[{"href":"https:\/\/radiolifefm.com.br\/noticias\/wp-json\/wp\/v2\/types\/post"}],"author":[{"embeddable":true,"href":"https:\/\/radiolifefm.com.br\/noticias\/wp-json\/wp\/v2\/users\/13"}],"replies":[{"embeddable":true,"href":"https:\/\/radiolifefm.com.br\/noticias\/wp-json\/wp\/v2\/comments?post=66150"}],"version-history":[{"count":1,"href":"https:\/\/radiolifefm.com.br\/noticias\/wp-json\/wp\/v2\/posts\/66150\/revisions"}],"predecessor-version":[{"id":66151,"href":"https:\/\/radiolifefm.com.br\/noticias\/wp-json\/wp\/v2\/posts\/66150\/revisions\/66151"}],"wp:featuredmedia":[{"embeddable":true,"href":"https:\/\/radiolifefm.com.br\/noticias\/wp-json\/wp\/v2\/media\/51988"}],"wp:attachment":[{"href":"https:\/\/radiolifefm.com.br\/noticias\/wp-json\/wp\/v2\/media?parent=66150"}],"wp:term":[{"taxonomy":"category","embeddable":true,"href":"https:\/\/radiolifefm.com.br\/noticias\/wp-json\/wp\/v2\/categories?post=66150"},{"taxonomy":"post_tag","embeddable":true,"href":"https:\/\/radiolifefm.com.br\/noticias\/wp-json\/wp\/v2\/tags?post=66150"}],"curies":[{"name":"wp","href":"https:\/\/api.w.org\/{rel}","templated":true}]}}