{"id":65730,"date":"2023-02-27T07:58:30","date_gmt":"2023-02-27T10:58:30","guid":{"rendered":"https:\/\/radiolifefm.com.br\/noticias\/?p=65730"},"modified":"2026-03-26T19:48:18","modified_gmt":"2026-03-26T22:48:18","slug":"um-rei-para-estar-alem-da-provincia","status":"publish","type":"post","link":"https:\/\/radiolifefm.com.br\/noticias\/um-rei-para-estar-alem-da-provincia\/","title":{"rendered":"Um &#8220;Rei&#8221; para estar al\u00e9m da Prov\u00edncia&#8230;"},"content":{"rendered":"<div id=\"fb-root\"><\/div>\n<p>&#8221; Um sonho sonhado sozinho \u00e9 um sonho. Um sonho sonhado junto \u00e9 realidade&#8221; (Raul Seixas)<\/p>\n<p><strong>S\u00e9rgio Barbosa (*)<\/strong><\/p>\n<p>Neste cen\u00e1rio provinciano em meio aos desencontros de um picadeiro que est\u00e1 al\u00e9m do sentido &#8220;circense&#8221;, o denominado &#8220;Rei&#8221; que aprecia criar fatos e mais fatos para virar a not\u00edcia do dia m\u00eddia regional com a ben\u00e7\u00e3o provincial&#8230;<\/p>\n<p>Na \u00e1rea jornal\u00edstica, existem diversas op\u00e7\u00f5es para isto e mais aquilo, ainda mais se este ou aquele lado disp\u00f5es de profissionais, mesmo que sejam denominados de &#8220;meia-bocas&#8221;, por\u00e9m, cada qual se vira como pode no mercado institucional&#8230;<\/p>\n<p>Todos querem ser Rei para exercer o comando acima disto ou daquilo em terras provincianas, assim, dizem, &#8220;caminha a humanidade&#8221; por meio do &#8220;senso comum&#8221; patrocinados pelas a\u00e7\u00f5es mercadol\u00f3gicas&#8230;<\/p>\n<p>Como n\u00e3o sou e nem quero ser amigo deste pseudo Rei, posso continuar levando as coisas para este ou aquele lado do poder institucional em tempo de p\u00f3s-globaliza\u00e7\u00e3o midi\u00e1tica&#8230;<\/p>\n<p>Na realidade, todos querem, por\u00e9m, apenas, poucos conseguem ficar acima da mesmice de sempre na Prov\u00edncia, portanto, \u00e9 necess\u00e1rio estar em conex\u00e3o com todos os lados de um mesmo lado&#8230;<\/p>\n<p>Outro detalhe, a quest\u00e3o n\u00e3o \u00e9 &#8220;o cachorro que mordeu o homem e sim, o homem que mordeu o cachorro&#8221;, desta forma, a denominada ou famigerada institui\u00e7\u00e3o continua criando condi\u00e7\u00f5es para um olhar distante do contexto plural do mercado educacional&#8230;<\/p>\n<p>N\u00e3o se pode deixar de lado os custos operacionais entre investimento e benef\u00edcio destas ou daquelas a\u00e7\u00f5es em prol do marketing institucional, haja vista o n\u00famero ou retorno destas a\u00e7\u00f5es estrat\u00e9gicas em busca da consolida\u00e7\u00e3o da marca&#8230;<\/p>\n<p>Al\u00e9m disto ou daquilo, o mercado est\u00e1 em ritmo cada vez mais profissional em todas as \u00e1reas, neste caso em meio aos ocasos e tendo como objetivo o fortalecimento da &#8220;marca institucional&#8221;, faz-se necess\u00e1rio envolver todos e todas para o mesmo objetivo&#8230;<\/p>\n<p>Que este novo tempo institucional para o &#8220;Rei&#8221; do Olimpo e protegido pelas &#8220;paredes alvas&#8221; do conhecimento provinciano, possa estar usando e abusando do cetro para os desmandos de sempre ao lado dos seus vassalos&#8230;<\/p>\n<p><em>________________________________<\/em><\/p>\n<p><em>(*) Jornalista diplomado.<\/em><\/p>\n<p><em>e-mail: <\/em><a href=\"mailto:barbosa.sebar@gmail.com\"><em>barbosa.sebar@gmail.com<\/em><\/a><\/p>\n","protected":false},"excerpt":{"rendered":"<p>&#8221; Um sonho sonhado sozinho \u00e9 um sonho. Um sonho sonhado junto \u00e9 realidade&#8221; (Raul Seixas) S\u00e9rgio Barbosa (*) Neste cen\u00e1rio provinciano em meio aos desencontros de um picadeiro que est\u00e1 al\u00e9m do sentido &#8220;circense&#8221;, o denominado &#8220;Rei&#8221; que aprecia criar fatos e mais fatos para virar a not\u00edcia do dia m\u00eddia regional com a [&hellip;]<\/p>\n","protected":false},"author":13,"featured_media":51988,"comment_status":"closed","ping_status":"open","sticky":false,"template":"","format":"standard","meta":{"_acf_changed":false,"_exactmetrics_skip_tracking":false,"_exactmetrics_sitenote_active":false,"_exactmetrics_sitenote_note":"","_exactmetrics_sitenote_category":0,"footnotes":""},"categories":[59],"tags":[],"class_list":["post-65730","post","type-post","status-publish","format-standard","has-post-thumbnail","hentry","category-opiniao"],"acf":[],"yoast_head":"<!-- This site is optimized with the Yoast SEO plugin v27.2 - https:\/\/yoast.com\/product\/yoast-seo-wordpress\/ -->\n<title>Um &quot;Rei&quot; para estar al\u00e9m da Prov\u00edncia... - R\u00e1dio Life FM<\/title>\n<meta name=\"robots\" content=\"index, follow, max-snippet:-1, max-image-preview:large, max-video-preview:-1\" \/>\n<link rel=\"canonical\" href=\"https:\/\/radiolifefm.com.br\/noticias\/um-rei-para-estar-alem-da-provincia\/\" \/>\n<meta property=\"og:locale\" content=\"pt_BR\" \/>\n<meta property=\"og:type\" content=\"article\" \/>\n<meta property=\"og:title\" content=\"Um &quot;Rei&quot; para estar al\u00e9m da Prov\u00edncia... - R\u00e1dio Life FM\" \/>\n<meta property=\"og:description\" content=\"&#8221; Um sonho sonhado sozinho \u00e9 um sonho. Um sonho sonhado junto \u00e9 realidade&#8221; (Raul Seixas) S\u00e9rgio Barbosa (*) Neste cen\u00e1rio provinciano em meio aos desencontros de um picadeiro que est\u00e1 al\u00e9m do sentido &#8220;circense&#8221;, o denominado &#8220;Rei&#8221; que aprecia criar fatos e mais fatos para virar a not\u00edcia do dia m\u00eddia regional com a [&hellip;]\" \/>\n<meta property=\"og:url\" content=\"https:\/\/radiolifefm.com.br\/noticias\/um-rei-para-estar-alem-da-provincia\/\" \/>\n<meta property=\"og:site_name\" content=\"R\u00e1dio Life FM\" \/>\n<meta property=\"article:publisher\" content=\"https:\/\/www.facebook.com\/radiolifefm\/\" \/>\n<meta property=\"article:published_time\" content=\"2023-02-27T10:58:30+00:00\" \/>\n<meta property=\"article:modified_time\" content=\"2026-03-26T22:48:18+00:00\" \/>\n<meta property=\"og:image\" content=\"https:\/\/radiolifefm.com.br\/noticias\/wp-content\/uploads\/2022\/04\/WhatsApp-Image-2022-04-10-at-18.43.02.jpeg\" \/>\n\t<meta property=\"og:image:width\" content=\"972\" \/>\n\t<meta property=\"og:image:height\" content=\"1296\" \/>\n\t<meta property=\"og:image:type\" content=\"image\/jpeg\" \/>\n<meta name=\"author\" content=\"ritanery\" \/>\n<meta name=\"twitter:card\" content=\"summary_large_image\" \/>\n<meta name=\"twitter:label1\" content=\"Escrito por\" \/>\n\t<meta name=\"twitter:data1\" content=\"ritanery\" \/>\n\t<meta name=\"twitter:label2\" content=\"Est. tempo de leitura\" \/>\n\t<meta name=\"twitter:data2\" content=\"2 minutos\" \/>\n<script type=\"application\/ld+json\" class=\"yoast-schema-graph\">{\"@context\":\"https:\/\/schema.org\",\"@graph\":[{\"@type\":\"Article\",\"@id\":\"https:\/\/radiolifefm.com.br\/noticias\/um-rei-para-estar-alem-da-provincia\/#article\",\"isPartOf\":{\"@id\":\"https:\/\/radiolifefm.com.br\/noticias\/um-rei-para-estar-alem-da-provincia\/\"},\"author\":{\"name\":\"ritanery\",\"@id\":\"https:\/\/radiolifefm.com.br\/noticias\/#\/schema\/person\/6339b9fac59d12b071dec680d7375d87\"},\"headline\":\"Um &#8220;Rei&#8221; para estar al\u00e9m da Prov\u00edncia&#8230;\",\"datePublished\":\"2023-02-27T10:58:30+00:00\",\"dateModified\":\"2026-03-26T22:48:18+00:00\",\"mainEntityOfPage\":{\"@id\":\"https:\/\/radiolifefm.com.br\/noticias\/um-rei-para-estar-alem-da-provincia\/\"},\"wordCount\":379,\"publisher\":{\"@id\":\"https:\/\/radiolifefm.com.br\/noticias\/#organization\"},\"image\":{\"@id\":\"https:\/\/radiolifefm.com.br\/noticias\/um-rei-para-estar-alem-da-provincia\/#primaryimage\"},\"thumbnailUrl\":\"https:\/\/radiolifefm.com.br\/noticias\/wp-content\/uploads\/2022\/04\/WhatsApp-Image-2022-04-10-at-18.43.02.jpeg\",\"articleSection\":[\"Opini\u00e3o\"],\"inLanguage\":\"pt-BR\"},{\"@type\":\"WebPage\",\"@id\":\"https:\/\/radiolifefm.com.br\/noticias\/um-rei-para-estar-alem-da-provincia\/\",\"url\":\"https:\/\/radiolifefm.com.br\/noticias\/um-rei-para-estar-alem-da-provincia\/\",\"name\":\"Um \\\"Rei\\\" para estar al\u00e9m da Prov\u00edncia... - R\u00e1dio Life FM\",\"isPartOf\":{\"@id\":\"https:\/\/radiolifefm.com.br\/noticias\/#website\"},\"primaryImageOfPage\":{\"@id\":\"https:\/\/radiolifefm.com.br\/noticias\/um-rei-para-estar-alem-da-provincia\/#primaryimage\"},\"image\":{\"@id\":\"https:\/\/radiolifefm.com.br\/noticias\/um-rei-para-estar-alem-da-provincia\/#primaryimage\"},\"thumbnailUrl\":\"https:\/\/radiolifefm.com.br\/noticias\/wp-content\/uploads\/2022\/04\/WhatsApp-Image-2022-04-10-at-18.43.02.jpeg\",\"datePublished\":\"2023-02-27T10:58:30+00:00\",\"dateModified\":\"2026-03-26T22:48:18+00:00\",\"breadcrumb\":{\"@id\":\"https:\/\/radiolifefm.com.br\/noticias\/um-rei-para-estar-alem-da-provincia\/#breadcrumb\"},\"inLanguage\":\"pt-BR\",\"potentialAction\":[{\"@type\":\"ReadAction\",\"target\":[\"https:\/\/radiolifefm.com.br\/noticias\/um-rei-para-estar-alem-da-provincia\/\"]}]},{\"@type\":\"ImageObject\",\"inLanguage\":\"pt-BR\",\"@id\":\"https:\/\/radiolifefm.com.br\/noticias\/um-rei-para-estar-alem-da-provincia\/#primaryimage\",\"url\":\"https:\/\/radiolifefm.com.br\/noticias\/wp-content\/uploads\/2022\/04\/WhatsApp-Image-2022-04-10-at-18.43.02.jpeg\",\"contentUrl\":\"https:\/\/radiolifefm.com.br\/noticias\/wp-content\/uploads\/2022\/04\/WhatsApp-Image-2022-04-10-at-18.43.02.jpeg\",\"width\":972,\"height\":1296,\"caption\":\"S\u00e9rgio Barbosa\"},{\"@type\":\"BreadcrumbList\",\"@id\":\"https:\/\/radiolifefm.com.br\/noticias\/um-rei-para-estar-alem-da-provincia\/#breadcrumb\",\"itemListElement\":[{\"@type\":\"ListItem\",\"position\":1,\"name\":\"In\u00edcio\",\"item\":\"https:\/\/radiolifefm.com.br\/noticias\/\"},{\"@type\":\"ListItem\",\"position\":2,\"name\":\"Um &#8220;Rei&#8221; para estar al\u00e9m da Prov\u00edncia&#8230;\"}]},{\"@type\":\"WebSite\",\"@id\":\"https:\/\/radiolifefm.com.br\/noticias\/#website\",\"url\":\"https:\/\/radiolifefm.com.br\/noticias\/\",\"name\":\"R\u00e1dio Life FM\",\"description\":\"O Portal de Not\u00edcias de Adamantina\",\"publisher\":{\"@id\":\"https:\/\/radiolifefm.com.br\/noticias\/#organization\"},\"alternateName\":\"Life FM\",\"potentialAction\":[{\"@type\":\"SearchAction\",\"target\":{\"@type\":\"EntryPoint\",\"urlTemplate\":\"https:\/\/radiolifefm.com.br\/noticias\/?s={search_term_string}\"},\"query-input\":{\"@type\":\"PropertyValueSpecification\",\"valueRequired\":true,\"valueName\":\"search_term_string\"}}],\"inLanguage\":\"pt-BR\"},{\"@type\":\"Organization\",\"@id\":\"https:\/\/radiolifefm.com.br\/noticias\/#organization\",\"name\":\"R\u00e1dio Life FM\",\"alternateName\":\"Life FM\",\"url\":\"https:\/\/radiolifefm.com.br\/noticias\/\",\"logo\":{\"@type\":\"ImageObject\",\"inLanguage\":\"pt-BR\",\"@id\":\"https:\/\/radiolifefm.com.br\/noticias\/#\/schema\/logo\/image\/\",\"url\":\"https:\/\/static.radiolifefm.com.br\/noticias\/wp-content\/uploads\/2019\/10\/logo-lifefm.png\",\"contentUrl\":\"https:\/\/static.radiolifefm.com.br\/noticias\/wp-content\/uploads\/2019\/10\/logo-lifefm.png\",\"width\":196,\"height\":47,\"caption\":\"R\u00e1dio Life FM\"},\"image\":{\"@id\":\"https:\/\/radiolifefm.com.br\/noticias\/#\/schema\/logo\/image\/\"},\"sameAs\":[\"https:\/\/www.facebook.com\/radiolifefm\/\",\"https:\/\/www.instagram.com\/life1079fm\/\"]},{\"@type\":\"Person\",\"@id\":\"https:\/\/radiolifefm.com.br\/noticias\/#\/schema\/person\/6339b9fac59d12b071dec680d7375d87\",\"name\":\"ritanery\",\"image\":{\"@type\":\"ImageObject\",\"inLanguage\":\"pt-BR\",\"@id\":\"https:\/\/secure.gravatar.com\/avatar\/0e37bb19071f47c0b8a23f62a903df117c5a0e75f65a0c2901562f97cd41cf86?s=96&d=mm&r=g\",\"url\":\"https:\/\/secure.gravatar.com\/avatar\/0e37bb19071f47c0b8a23f62a903df117c5a0e75f65a0c2901562f97cd41cf86?s=96&d=mm&r=g\",\"contentUrl\":\"https:\/\/secure.gravatar.com\/avatar\/0e37bb19071f47c0b8a23f62a903df117c5a0e75f65a0c2901562f97cd41cf86?s=96&d=mm&r=g\",\"caption\":\"ritanery\"}}]}<\/script>\n<!-- \/ Yoast SEO plugin. -->","yoast_head_json":{"title":"Um \"Rei\" para estar al\u00e9m da Prov\u00edncia... - R\u00e1dio Life FM","robots":{"index":"index","follow":"follow","max-snippet":"max-snippet:-1","max-image-preview":"max-image-preview:large","max-video-preview":"max-video-preview:-1"},"canonical":"https:\/\/radiolifefm.com.br\/noticias\/um-rei-para-estar-alem-da-provincia\/","og_locale":"pt_BR","og_type":"article","og_title":"Um \"Rei\" para estar al\u00e9m da Prov\u00edncia... - R\u00e1dio Life FM","og_description":"&#8221; Um sonho sonhado sozinho \u00e9 um sonho. Um sonho sonhado junto \u00e9 realidade&#8221; (Raul Seixas) S\u00e9rgio Barbosa (*) Neste cen\u00e1rio provinciano em meio aos desencontros de um picadeiro que est\u00e1 al\u00e9m do sentido &#8220;circense&#8221;, o denominado &#8220;Rei&#8221; que aprecia criar fatos e mais fatos para virar a not\u00edcia do dia m\u00eddia regional com a [&hellip;]","og_url":"https:\/\/radiolifefm.com.br\/noticias\/um-rei-para-estar-alem-da-provincia\/","og_site_name":"R\u00e1dio Life FM","article_publisher":"https:\/\/www.facebook.com\/radiolifefm\/","article_published_time":"2023-02-27T10:58:30+00:00","article_modified_time":"2026-03-26T22:48:18+00:00","og_image":[{"width":972,"height":1296,"url":"https:\/\/radiolifefm.com.br\/noticias\/wp-content\/uploads\/2022\/04\/WhatsApp-Image-2022-04-10-at-18.43.02.jpeg","type":"image\/jpeg"}],"author":"ritanery","twitter_card":"summary_large_image","twitter_misc":{"Escrito por":"ritanery","Est. tempo de leitura":"2 minutos"},"schema":{"@context":"https:\/\/schema.org","@graph":[{"@type":"Article","@id":"https:\/\/radiolifefm.com.br\/noticias\/um-rei-para-estar-alem-da-provincia\/#article","isPartOf":{"@id":"https:\/\/radiolifefm.com.br\/noticias\/um-rei-para-estar-alem-da-provincia\/"},"author":{"name":"ritanery","@id":"https:\/\/radiolifefm.com.br\/noticias\/#\/schema\/person\/6339b9fac59d12b071dec680d7375d87"},"headline":"Um &#8220;Rei&#8221; para estar al\u00e9m da Prov\u00edncia&#8230;","datePublished":"2023-02-27T10:58:30+00:00","dateModified":"2026-03-26T22:48:18+00:00","mainEntityOfPage":{"@id":"https:\/\/radiolifefm.com.br\/noticias\/um-rei-para-estar-alem-da-provincia\/"},"wordCount":379,"publisher":{"@id":"https:\/\/radiolifefm.com.br\/noticias\/#organization"},"image":{"@id":"https:\/\/radiolifefm.com.br\/noticias\/um-rei-para-estar-alem-da-provincia\/#primaryimage"},"thumbnailUrl":"https:\/\/radiolifefm.com.br\/noticias\/wp-content\/uploads\/2022\/04\/WhatsApp-Image-2022-04-10-at-18.43.02.jpeg","articleSection":["Opini\u00e3o"],"inLanguage":"pt-BR"},{"@type":"WebPage","@id":"https:\/\/radiolifefm.com.br\/noticias\/um-rei-para-estar-alem-da-provincia\/","url":"https:\/\/radiolifefm.com.br\/noticias\/um-rei-para-estar-alem-da-provincia\/","name":"Um \"Rei\" para estar al\u00e9m da Prov\u00edncia... - R\u00e1dio Life FM","isPartOf":{"@id":"https:\/\/radiolifefm.com.br\/noticias\/#website"},"primaryImageOfPage":{"@id":"https:\/\/radiolifefm.com.br\/noticias\/um-rei-para-estar-alem-da-provincia\/#primaryimage"},"image":{"@id":"https:\/\/radiolifefm.com.br\/noticias\/um-rei-para-estar-alem-da-provincia\/#primaryimage"},"thumbnailUrl":"https:\/\/radiolifefm.com.br\/noticias\/wp-content\/uploads\/2022\/04\/WhatsApp-Image-2022-04-10-at-18.43.02.jpeg","datePublished":"2023-02-27T10:58:30+00:00","dateModified":"2026-03-26T22:48:18+00:00","breadcrumb":{"@id":"https:\/\/radiolifefm.com.br\/noticias\/um-rei-para-estar-alem-da-provincia\/#breadcrumb"},"inLanguage":"pt-BR","potentialAction":[{"@type":"ReadAction","target":["https:\/\/radiolifefm.com.br\/noticias\/um-rei-para-estar-alem-da-provincia\/"]}]},{"@type":"ImageObject","inLanguage":"pt-BR","@id":"https:\/\/radiolifefm.com.br\/noticias\/um-rei-para-estar-alem-da-provincia\/#primaryimage","url":"https:\/\/radiolifefm.com.br\/noticias\/wp-content\/uploads\/2022\/04\/WhatsApp-Image-2022-04-10-at-18.43.02.jpeg","contentUrl":"https:\/\/radiolifefm.com.br\/noticias\/wp-content\/uploads\/2022\/04\/WhatsApp-Image-2022-04-10-at-18.43.02.jpeg","width":972,"height":1296,"caption":"S\u00e9rgio Barbosa"},{"@type":"BreadcrumbList","@id":"https:\/\/radiolifefm.com.br\/noticias\/um-rei-para-estar-alem-da-provincia\/#breadcrumb","itemListElement":[{"@type":"ListItem","position":1,"name":"In\u00edcio","item":"https:\/\/radiolifefm.com.br\/noticias\/"},{"@type":"ListItem","position":2,"name":"Um &#8220;Rei&#8221; para estar al\u00e9m da Prov\u00edncia&#8230;"}]},{"@type":"WebSite","@id":"https:\/\/radiolifefm.com.br\/noticias\/#website","url":"https:\/\/radiolifefm.com.br\/noticias\/","name":"R\u00e1dio Life FM","description":"O Portal de Not\u00edcias de Adamantina","publisher":{"@id":"https:\/\/radiolifefm.com.br\/noticias\/#organization"},"alternateName":"Life FM","potentialAction":[{"@type":"SearchAction","target":{"@type":"EntryPoint","urlTemplate":"https:\/\/radiolifefm.com.br\/noticias\/?s={search_term_string}"},"query-input":{"@type":"PropertyValueSpecification","valueRequired":true,"valueName":"search_term_string"}}],"inLanguage":"pt-BR"},{"@type":"Organization","@id":"https:\/\/radiolifefm.com.br\/noticias\/#organization","name":"R\u00e1dio Life FM","alternateName":"Life FM","url":"https:\/\/radiolifefm.com.br\/noticias\/","logo":{"@type":"ImageObject","inLanguage":"pt-BR","@id":"https:\/\/radiolifefm.com.br\/noticias\/#\/schema\/logo\/image\/","url":"https:\/\/static.radiolifefm.com.br\/noticias\/wp-content\/uploads\/2019\/10\/logo-lifefm.png","contentUrl":"https:\/\/static.radiolifefm.com.br\/noticias\/wp-content\/uploads\/2019\/10\/logo-lifefm.png","width":196,"height":47,"caption":"R\u00e1dio Life FM"},"image":{"@id":"https:\/\/radiolifefm.com.br\/noticias\/#\/schema\/logo\/image\/"},"sameAs":["https:\/\/www.facebook.com\/radiolifefm\/","https:\/\/www.instagram.com\/life1079fm\/"]},{"@type":"Person","@id":"https:\/\/radiolifefm.com.br\/noticias\/#\/schema\/person\/6339b9fac59d12b071dec680d7375d87","name":"ritanery","image":{"@type":"ImageObject","inLanguage":"pt-BR","@id":"https:\/\/secure.gravatar.com\/avatar\/0e37bb19071f47c0b8a23f62a903df117c5a0e75f65a0c2901562f97cd41cf86?s=96&d=mm&r=g","url":"https:\/\/secure.gravatar.com\/avatar\/0e37bb19071f47c0b8a23f62a903df117c5a0e75f65a0c2901562f97cd41cf86?s=96&d=mm&r=g","contentUrl":"https:\/\/secure.gravatar.com\/avatar\/0e37bb19071f47c0b8a23f62a903df117c5a0e75f65a0c2901562f97cd41cf86?s=96&d=mm&r=g","caption":"ritanery"}}]}},"amp_enabled":true,"_links":{"self":[{"href":"https:\/\/radiolifefm.com.br\/noticias\/wp-json\/wp\/v2\/posts\/65730","targetHints":{"allow":["GET"]}}],"collection":[{"href":"https:\/\/radiolifefm.com.br\/noticias\/wp-json\/wp\/v2\/posts"}],"about":[{"href":"https:\/\/radiolifefm.com.br\/noticias\/wp-json\/wp\/v2\/types\/post"}],"author":[{"embeddable":true,"href":"https:\/\/radiolifefm.com.br\/noticias\/wp-json\/wp\/v2\/users\/13"}],"replies":[{"embeddable":true,"href":"https:\/\/radiolifefm.com.br\/noticias\/wp-json\/wp\/v2\/comments?post=65730"}],"version-history":[{"count":1,"href":"https:\/\/radiolifefm.com.br\/noticias\/wp-json\/wp\/v2\/posts\/65730\/revisions"}],"predecessor-version":[{"id":65731,"href":"https:\/\/radiolifefm.com.br\/noticias\/wp-json\/wp\/v2\/posts\/65730\/revisions\/65731"}],"wp:featuredmedia":[{"embeddable":true,"href":"https:\/\/radiolifefm.com.br\/noticias\/wp-json\/wp\/v2\/media\/51988"}],"wp:attachment":[{"href":"https:\/\/radiolifefm.com.br\/noticias\/wp-json\/wp\/v2\/media?parent=65730"}],"wp:term":[{"taxonomy":"category","embeddable":true,"href":"https:\/\/radiolifefm.com.br\/noticias\/wp-json\/wp\/v2\/categories?post=65730"},{"taxonomy":"post_tag","embeddable":true,"href":"https:\/\/radiolifefm.com.br\/noticias\/wp-json\/wp\/v2\/tags?post=65730"}],"curies":[{"name":"wp","href":"https:\/\/api.w.org\/{rel}","templated":true}]}}