{"id":65659,"date":"2023-02-24T08:00:51","date_gmt":"2023-02-24T11:00:51","guid":{"rendered":"https:\/\/radiolifefm.com.br\/noticias\/?p=65659"},"modified":"2026-01-27T10:00:00","modified_gmt":"2026-01-27T13:00:00","slug":"mentes-mediocres-e-gatos-pardos-em-terras-provincianas","status":"publish","type":"post","link":"https:\/\/radiolifefm.com.br\/noticias\/mentes-mediocres-e-gatos-pardos-em-terras-provincianas\/","title":{"rendered":"MENTES MED\u00cdOCRES E GATOS PARDOS EM TERRAS PROVINCIANAS&#8230;."},"content":{"rendered":"<div id=\"fb-root\"><\/div>\n<p>&nbsp;<\/p>\n<p><em>\u201c&#8230; nas madrugadas provincianas, todos os gatos, bem como, as gatas, s\u00e3o pardos e pardas para um desencontro a mais com as ratazanas de sempre&#8230;\u201d<\/em><\/p>\n<p>&nbsp;<\/p>\n<p><strong><em>S\u00e9rgio Barbosa (*)<\/em><\/strong><\/p>\n<p>&nbsp;<\/p>\n<p>Bom, n\u00e3o estamos pr\u00f3ximos das festividades natalinas, por\u00e9m, as especula\u00e7\u00f5es est\u00e3o em todas as rodinhas provincianas visando poss\u00edveis alian\u00e7as para este ou aquele cargo, claro, al\u00e9m das tradicionais elei\u00e7\u00f5es para os cargos legislativos no \u201cPa\u00eds do faz de conta\u201d&#8230;<\/p>\n<p>Mesmo assim, num clima de p\u00f3s-carnaval, esperando pela p\u00e1scoa e passando pela tal quaresma, muitos desencontros est\u00e3o presentes para um sinal al\u00e9m da nossa imagina\u00e7\u00e3o, at\u00e9 mesmo, da nossa v\u00e3 filosofia como afirmou o pensador do outro tempo deste tempo&#8230;<\/p>\n<p>Diz o pensador perdido em suas reflex\u00f5es sobre o momento atual da prov\u00edncia, ou seja, \u201ctem gente com mente bovina\u201d por estes lados, portanto, a preven\u00e7\u00e3o a partir desta frase passa a ser o mote para evitar novos focos de uma doen\u00e7a denominada de \u201cdengue\u201d, todavia, neste meio do caminho, pode-se, ainda, encontrar a tal da \u201ccovid\u201d&#8230;<\/p>\n<p>Nos dois casos, as chamadas \u201cvaquinhas de pres\u00e9pio\u201d estariam, mais do que nunca, com seus dias contatos neste contexto em nexo, talvez, com muito sexo pelo plexus do tal do Miller.<\/p>\n<p>As perdas est\u00e3o come\u00e7ando a se fazer presente neste cen\u00e1rio de reden\u00e7\u00e3o pelo per\u00edodo da quaresma, afinal, depois das charges com o profeta do outro lado, fica aqui, apenas uma pergunta, por\u00e9m, deve exigir muitas respostas deste novo tempo que vem por meio das propostas mediadas pelo pietismo do cristianismo&#8230;<\/p>\n<p>Numa an\u00e1lise de conjuntura, quando as teorias por meio das pr\u00e1ticas podem determinar qual o caminho a seguir deste rebanho transloucado pelas mentes med\u00edocres, possivelmente, com apoio da tropa de choque dos \u201cmosquitos da dengue\u201d, ainda, em nome dos\/as deuses\/as do al\u00e9m mar&#8230;<\/p>\n<p>A metalinguagem pode ser a vanguarda de um artigo perdido em algum canto provinciano, talvez, pressionado pela vontade do saber sem a sabedoria do passado, apenas, um detalhe e nada mais neste contexto sem o texto visando o futuro e muito menos, retratando o presente para uma reflex\u00e3o cr\u00edtica das \u201cpalavras aos ventos\u201d, tamb\u00e9m, poderia ser \u201cp\u00e9rolas aos porcos&#8230;\u201d<\/p>\n<p>O jogo provinciano carece de bons jogadores, existe, uma ou outra jogadora, algumas exce\u00e7\u00f5es que n\u00e3o fazem a regra numa conjuntura \u201cglovinciana\u201d, ou seja, do global para a prov\u00edncia em tempo de p\u00f3s-globaliza\u00e7\u00e3o midi\u00e1tica&#8230;<\/p>\n<p>As cinderelas se perdem em suas contradi\u00e7\u00f5es de Pen\u00e9lope charmosas numa corrida maluca, buscando, desta forma, algum \u201clugar ao sol\u201d neste tabuleiro em branco e preto, talvez, branco no preto, ainda, um verdadeiro jardim zool\u00f3gico sem grades para segurarem os bichos em nome da seguran\u00e7a dos anos vindouros em terras provincianas&#8230;<\/p>\n<p>Existem, ainda, os desavisados de sempre, \u201cmarinheiros de primeira viagem\u201d, por\u00e9m, necess\u00e1rios para comporem o jogo em andamento, alguns, perdidos em suas neuroses pessoais, outros, calados pela incapacidade acad\u00eamica e assim por diante, mas, \u201cnada como um dia depois do outro\u201d para mostrar as caras metades desta manada sem lideran\u00e7a&#8230;<\/p>\n<p>Talvez, seja necess\u00e1rio algu\u00e9m colocar o \u201csino de alerta\u201d naquele que comanda o espet\u00e1culo circense, todavia, apenas com os palha\u00e7os de sempre em sua volta, tamb\u00e9m, vale ressaltar aquela est\u00f3ria de quem colocaria o \u201cguizo\u201d no pesco\u00e7o do gato para avisar os pobres ratinhos perdidos nos seus esconderijos escuros e podres de um casar\u00e3o provinciano&#8230;<\/p>\n<p><strong><em>__________________________________<\/em><\/strong><\/p>\n<p><strong><em>(*) Jornalista diplomado.<\/em><\/strong><\/p>\n<p><strong><em>e-mail: <\/em><\/strong><a href=\"mailto:barbosa.sebar@gmail.com\"><strong><em>barbosa.sebar@gmail.com<\/em><\/strong><\/a><\/p>\n","protected":false},"excerpt":{"rendered":"<p>&nbsp; \u201c&#8230; nas madrugadas provincianas, todos os gatos, bem como, as gatas, s\u00e3o pardos e pardas para um desencontro a mais com as ratazanas de sempre&#8230;\u201d &nbsp; S\u00e9rgio Barbosa (*) &nbsp; Bom, n\u00e3o estamos pr\u00f3ximos das festividades natalinas, por\u00e9m, as especula\u00e7\u00f5es est\u00e3o em todas as rodinhas provincianas visando poss\u00edveis alian\u00e7as para este ou aquele cargo, [&hellip;]<\/p>\n","protected":false},"author":13,"featured_media":51988,"comment_status":"closed","ping_status":"open","sticky":false,"template":"","format":"standard","meta":{"_acf_changed":false,"_exactmetrics_skip_tracking":false,"_exactmetrics_sitenote_active":false,"_exactmetrics_sitenote_note":"","_exactmetrics_sitenote_category":0,"footnotes":""},"categories":[59],"tags":[],"class_list":["post-65659","post","type-post","status-publish","format-standard","has-post-thumbnail","hentry","category-opiniao"],"acf":[],"yoast_head":"<!-- This site is optimized with the Yoast SEO plugin v27.2 - https:\/\/yoast.com\/product\/yoast-seo-wordpress\/ -->\n<title>MENTES MED\u00cdOCRES E GATOS PARDOS EM TERRAS PROVINCIANAS.... - R\u00e1dio Life FM<\/title>\n<meta name=\"robots\" content=\"index, follow, max-snippet:-1, max-image-preview:large, max-video-preview:-1\" \/>\n<link rel=\"canonical\" href=\"https:\/\/radiolifefm.com.br\/noticias\/mentes-mediocres-e-gatos-pardos-em-terras-provincianas\/\" \/>\n<meta property=\"og:locale\" content=\"pt_BR\" \/>\n<meta property=\"og:type\" content=\"article\" \/>\n<meta property=\"og:title\" content=\"MENTES MED\u00cdOCRES E GATOS PARDOS EM TERRAS PROVINCIANAS.... - R\u00e1dio Life FM\" \/>\n<meta property=\"og:description\" content=\"&nbsp; \u201c&#8230; nas madrugadas provincianas, todos os gatos, bem como, as gatas, s\u00e3o pardos e pardas para um desencontro a mais com as ratazanas de sempre&#8230;\u201d &nbsp; S\u00e9rgio Barbosa (*) &nbsp; Bom, n\u00e3o estamos pr\u00f3ximos das festividades natalinas, por\u00e9m, as especula\u00e7\u00f5es est\u00e3o em todas as rodinhas provincianas visando poss\u00edveis alian\u00e7as para este ou aquele cargo, [&hellip;]\" \/>\n<meta property=\"og:url\" content=\"https:\/\/radiolifefm.com.br\/noticias\/mentes-mediocres-e-gatos-pardos-em-terras-provincianas\/\" \/>\n<meta property=\"og:site_name\" content=\"R\u00e1dio Life FM\" \/>\n<meta property=\"article:publisher\" content=\"https:\/\/www.facebook.com\/radiolifefm\/\" \/>\n<meta property=\"article:published_time\" content=\"2023-02-24T11:00:51+00:00\" \/>\n<meta property=\"article:modified_time\" content=\"2026-01-27T13:00:00+00:00\" \/>\n<meta property=\"og:image\" content=\"https:\/\/radiolifefm.com.br\/noticias\/wp-content\/uploads\/2022\/04\/WhatsApp-Image-2022-04-10-at-18.43.02.jpeg\" \/>\n\t<meta property=\"og:image:width\" content=\"972\" \/>\n\t<meta property=\"og:image:height\" content=\"1296\" \/>\n\t<meta property=\"og:image:type\" content=\"image\/jpeg\" \/>\n<meta name=\"author\" content=\"ritanery\" \/>\n<meta name=\"twitter:card\" content=\"summary_large_image\" \/>\n<meta name=\"twitter:label1\" content=\"Escrito por\" \/>\n\t<meta name=\"twitter:data1\" content=\"ritanery\" \/>\n\t<meta name=\"twitter:label2\" content=\"Est. tempo de leitura\" \/>\n\t<meta name=\"twitter:data2\" content=\"3 minutos\" \/>\n<script type=\"application\/ld+json\" class=\"yoast-schema-graph\">{\"@context\":\"https:\/\/schema.org\",\"@graph\":[{\"@type\":\"Article\",\"@id\":\"https:\/\/radiolifefm.com.br\/noticias\/mentes-mediocres-e-gatos-pardos-em-terras-provincianas\/#article\",\"isPartOf\":{\"@id\":\"https:\/\/radiolifefm.com.br\/noticias\/mentes-mediocres-e-gatos-pardos-em-terras-provincianas\/\"},\"author\":{\"name\":\"ritanery\",\"@id\":\"https:\/\/radiolifefm.com.br\/noticias\/#\/schema\/person\/6339b9fac59d12b071dec680d7375d87\"},\"headline\":\"MENTES MED\u00cdOCRES E GATOS PARDOS EM TERRAS PROVINCIANAS&#8230;.\",\"datePublished\":\"2023-02-24T11:00:51+00:00\",\"dateModified\":\"2026-01-27T13:00:00+00:00\",\"mainEntityOfPage\":{\"@id\":\"https:\/\/radiolifefm.com.br\/noticias\/mentes-mediocres-e-gatos-pardos-em-terras-provincianas\/\"},\"wordCount\":614,\"publisher\":{\"@id\":\"https:\/\/radiolifefm.com.br\/noticias\/#organization\"},\"image\":{\"@id\":\"https:\/\/radiolifefm.com.br\/noticias\/mentes-mediocres-e-gatos-pardos-em-terras-provincianas\/#primaryimage\"},\"thumbnailUrl\":\"https:\/\/radiolifefm.com.br\/noticias\/wp-content\/uploads\/2022\/04\/WhatsApp-Image-2022-04-10-at-18.43.02.jpeg\",\"articleSection\":[\"Opini\u00e3o\"],\"inLanguage\":\"pt-BR\"},{\"@type\":\"WebPage\",\"@id\":\"https:\/\/radiolifefm.com.br\/noticias\/mentes-mediocres-e-gatos-pardos-em-terras-provincianas\/\",\"url\":\"https:\/\/radiolifefm.com.br\/noticias\/mentes-mediocres-e-gatos-pardos-em-terras-provincianas\/\",\"name\":\"MENTES MED\u00cdOCRES E GATOS PARDOS EM TERRAS PROVINCIANAS.... - R\u00e1dio Life FM\",\"isPartOf\":{\"@id\":\"https:\/\/radiolifefm.com.br\/noticias\/#website\"},\"primaryImageOfPage\":{\"@id\":\"https:\/\/radiolifefm.com.br\/noticias\/mentes-mediocres-e-gatos-pardos-em-terras-provincianas\/#primaryimage\"},\"image\":{\"@id\":\"https:\/\/radiolifefm.com.br\/noticias\/mentes-mediocres-e-gatos-pardos-em-terras-provincianas\/#primaryimage\"},\"thumbnailUrl\":\"https:\/\/radiolifefm.com.br\/noticias\/wp-content\/uploads\/2022\/04\/WhatsApp-Image-2022-04-10-at-18.43.02.jpeg\",\"datePublished\":\"2023-02-24T11:00:51+00:00\",\"dateModified\":\"2026-01-27T13:00:00+00:00\",\"breadcrumb\":{\"@id\":\"https:\/\/radiolifefm.com.br\/noticias\/mentes-mediocres-e-gatos-pardos-em-terras-provincianas\/#breadcrumb\"},\"inLanguage\":\"pt-BR\",\"potentialAction\":[{\"@type\":\"ReadAction\",\"target\":[\"https:\/\/radiolifefm.com.br\/noticias\/mentes-mediocres-e-gatos-pardos-em-terras-provincianas\/\"]}]},{\"@type\":\"ImageObject\",\"inLanguage\":\"pt-BR\",\"@id\":\"https:\/\/radiolifefm.com.br\/noticias\/mentes-mediocres-e-gatos-pardos-em-terras-provincianas\/#primaryimage\",\"url\":\"https:\/\/radiolifefm.com.br\/noticias\/wp-content\/uploads\/2022\/04\/WhatsApp-Image-2022-04-10-at-18.43.02.jpeg\",\"contentUrl\":\"https:\/\/radiolifefm.com.br\/noticias\/wp-content\/uploads\/2022\/04\/WhatsApp-Image-2022-04-10-at-18.43.02.jpeg\",\"width\":972,\"height\":1296,\"caption\":\"S\u00e9rgio Barbosa\"},{\"@type\":\"BreadcrumbList\",\"@id\":\"https:\/\/radiolifefm.com.br\/noticias\/mentes-mediocres-e-gatos-pardos-em-terras-provincianas\/#breadcrumb\",\"itemListElement\":[{\"@type\":\"ListItem\",\"position\":1,\"name\":\"In\u00edcio\",\"item\":\"https:\/\/radiolifefm.com.br\/noticias\/\"},{\"@type\":\"ListItem\",\"position\":2,\"name\":\"MENTES MED\u00cdOCRES E GATOS PARDOS EM TERRAS PROVINCIANAS&#8230;.\"}]},{\"@type\":\"WebSite\",\"@id\":\"https:\/\/radiolifefm.com.br\/noticias\/#website\",\"url\":\"https:\/\/radiolifefm.com.br\/noticias\/\",\"name\":\"R\u00e1dio Life FM\",\"description\":\"O Portal de Not\u00edcias de Adamantina\",\"publisher\":{\"@id\":\"https:\/\/radiolifefm.com.br\/noticias\/#organization\"},\"alternateName\":\"Life FM\",\"potentialAction\":[{\"@type\":\"SearchAction\",\"target\":{\"@type\":\"EntryPoint\",\"urlTemplate\":\"https:\/\/radiolifefm.com.br\/noticias\/?s={search_term_string}\"},\"query-input\":{\"@type\":\"PropertyValueSpecification\",\"valueRequired\":true,\"valueName\":\"search_term_string\"}}],\"inLanguage\":\"pt-BR\"},{\"@type\":\"Organization\",\"@id\":\"https:\/\/radiolifefm.com.br\/noticias\/#organization\",\"name\":\"R\u00e1dio Life FM\",\"alternateName\":\"Life FM\",\"url\":\"https:\/\/radiolifefm.com.br\/noticias\/\",\"logo\":{\"@type\":\"ImageObject\",\"inLanguage\":\"pt-BR\",\"@id\":\"https:\/\/radiolifefm.com.br\/noticias\/#\/schema\/logo\/image\/\",\"url\":\"https:\/\/static.radiolifefm.com.br\/noticias\/wp-content\/uploads\/2019\/10\/logo-lifefm.png\",\"contentUrl\":\"https:\/\/static.radiolifefm.com.br\/noticias\/wp-content\/uploads\/2019\/10\/logo-lifefm.png\",\"width\":196,\"height\":47,\"caption\":\"R\u00e1dio Life FM\"},\"image\":{\"@id\":\"https:\/\/radiolifefm.com.br\/noticias\/#\/schema\/logo\/image\/\"},\"sameAs\":[\"https:\/\/www.facebook.com\/radiolifefm\/\",\"https:\/\/www.instagram.com\/life1079fm\/\"]},{\"@type\":\"Person\",\"@id\":\"https:\/\/radiolifefm.com.br\/noticias\/#\/schema\/person\/6339b9fac59d12b071dec680d7375d87\",\"name\":\"ritanery\",\"image\":{\"@type\":\"ImageObject\",\"inLanguage\":\"pt-BR\",\"@id\":\"https:\/\/secure.gravatar.com\/avatar\/0e37bb19071f47c0b8a23f62a903df117c5a0e75f65a0c2901562f97cd41cf86?s=96&d=mm&r=g\",\"url\":\"https:\/\/secure.gravatar.com\/avatar\/0e37bb19071f47c0b8a23f62a903df117c5a0e75f65a0c2901562f97cd41cf86?s=96&d=mm&r=g\",\"contentUrl\":\"https:\/\/secure.gravatar.com\/avatar\/0e37bb19071f47c0b8a23f62a903df117c5a0e75f65a0c2901562f97cd41cf86?s=96&d=mm&r=g\",\"caption\":\"ritanery\"}}]}<\/script>\n<!-- \/ Yoast SEO plugin. -->","yoast_head_json":{"title":"MENTES MED\u00cdOCRES E GATOS PARDOS EM TERRAS PROVINCIANAS.... - R\u00e1dio Life FM","robots":{"index":"index","follow":"follow","max-snippet":"max-snippet:-1","max-image-preview":"max-image-preview:large","max-video-preview":"max-video-preview:-1"},"canonical":"https:\/\/radiolifefm.com.br\/noticias\/mentes-mediocres-e-gatos-pardos-em-terras-provincianas\/","og_locale":"pt_BR","og_type":"article","og_title":"MENTES MED\u00cdOCRES E GATOS PARDOS EM TERRAS PROVINCIANAS.... - R\u00e1dio Life FM","og_description":"&nbsp; \u201c&#8230; nas madrugadas provincianas, todos os gatos, bem como, as gatas, s\u00e3o pardos e pardas para um desencontro a mais com as ratazanas de sempre&#8230;\u201d &nbsp; S\u00e9rgio Barbosa (*) &nbsp; Bom, n\u00e3o estamos pr\u00f3ximos das festividades natalinas, por\u00e9m, as especula\u00e7\u00f5es est\u00e3o em todas as rodinhas provincianas visando poss\u00edveis alian\u00e7as para este ou aquele cargo, [&hellip;]","og_url":"https:\/\/radiolifefm.com.br\/noticias\/mentes-mediocres-e-gatos-pardos-em-terras-provincianas\/","og_site_name":"R\u00e1dio Life FM","article_publisher":"https:\/\/www.facebook.com\/radiolifefm\/","article_published_time":"2023-02-24T11:00:51+00:00","article_modified_time":"2026-01-27T13:00:00+00:00","og_image":[{"width":972,"height":1296,"url":"https:\/\/radiolifefm.com.br\/noticias\/wp-content\/uploads\/2022\/04\/WhatsApp-Image-2022-04-10-at-18.43.02.jpeg","type":"image\/jpeg"}],"author":"ritanery","twitter_card":"summary_large_image","twitter_misc":{"Escrito por":"ritanery","Est. tempo de leitura":"3 minutos"},"schema":{"@context":"https:\/\/schema.org","@graph":[{"@type":"Article","@id":"https:\/\/radiolifefm.com.br\/noticias\/mentes-mediocres-e-gatos-pardos-em-terras-provincianas\/#article","isPartOf":{"@id":"https:\/\/radiolifefm.com.br\/noticias\/mentes-mediocres-e-gatos-pardos-em-terras-provincianas\/"},"author":{"name":"ritanery","@id":"https:\/\/radiolifefm.com.br\/noticias\/#\/schema\/person\/6339b9fac59d12b071dec680d7375d87"},"headline":"MENTES MED\u00cdOCRES E GATOS PARDOS EM TERRAS PROVINCIANAS&#8230;.","datePublished":"2023-02-24T11:00:51+00:00","dateModified":"2026-01-27T13:00:00+00:00","mainEntityOfPage":{"@id":"https:\/\/radiolifefm.com.br\/noticias\/mentes-mediocres-e-gatos-pardos-em-terras-provincianas\/"},"wordCount":614,"publisher":{"@id":"https:\/\/radiolifefm.com.br\/noticias\/#organization"},"image":{"@id":"https:\/\/radiolifefm.com.br\/noticias\/mentes-mediocres-e-gatos-pardos-em-terras-provincianas\/#primaryimage"},"thumbnailUrl":"https:\/\/radiolifefm.com.br\/noticias\/wp-content\/uploads\/2022\/04\/WhatsApp-Image-2022-04-10-at-18.43.02.jpeg","articleSection":["Opini\u00e3o"],"inLanguage":"pt-BR"},{"@type":"WebPage","@id":"https:\/\/radiolifefm.com.br\/noticias\/mentes-mediocres-e-gatos-pardos-em-terras-provincianas\/","url":"https:\/\/radiolifefm.com.br\/noticias\/mentes-mediocres-e-gatos-pardos-em-terras-provincianas\/","name":"MENTES MED\u00cdOCRES E GATOS PARDOS EM TERRAS PROVINCIANAS.... - R\u00e1dio Life FM","isPartOf":{"@id":"https:\/\/radiolifefm.com.br\/noticias\/#website"},"primaryImageOfPage":{"@id":"https:\/\/radiolifefm.com.br\/noticias\/mentes-mediocres-e-gatos-pardos-em-terras-provincianas\/#primaryimage"},"image":{"@id":"https:\/\/radiolifefm.com.br\/noticias\/mentes-mediocres-e-gatos-pardos-em-terras-provincianas\/#primaryimage"},"thumbnailUrl":"https:\/\/radiolifefm.com.br\/noticias\/wp-content\/uploads\/2022\/04\/WhatsApp-Image-2022-04-10-at-18.43.02.jpeg","datePublished":"2023-02-24T11:00:51+00:00","dateModified":"2026-01-27T13:00:00+00:00","breadcrumb":{"@id":"https:\/\/radiolifefm.com.br\/noticias\/mentes-mediocres-e-gatos-pardos-em-terras-provincianas\/#breadcrumb"},"inLanguage":"pt-BR","potentialAction":[{"@type":"ReadAction","target":["https:\/\/radiolifefm.com.br\/noticias\/mentes-mediocres-e-gatos-pardos-em-terras-provincianas\/"]}]},{"@type":"ImageObject","inLanguage":"pt-BR","@id":"https:\/\/radiolifefm.com.br\/noticias\/mentes-mediocres-e-gatos-pardos-em-terras-provincianas\/#primaryimage","url":"https:\/\/radiolifefm.com.br\/noticias\/wp-content\/uploads\/2022\/04\/WhatsApp-Image-2022-04-10-at-18.43.02.jpeg","contentUrl":"https:\/\/radiolifefm.com.br\/noticias\/wp-content\/uploads\/2022\/04\/WhatsApp-Image-2022-04-10-at-18.43.02.jpeg","width":972,"height":1296,"caption":"S\u00e9rgio Barbosa"},{"@type":"BreadcrumbList","@id":"https:\/\/radiolifefm.com.br\/noticias\/mentes-mediocres-e-gatos-pardos-em-terras-provincianas\/#breadcrumb","itemListElement":[{"@type":"ListItem","position":1,"name":"In\u00edcio","item":"https:\/\/radiolifefm.com.br\/noticias\/"},{"@type":"ListItem","position":2,"name":"MENTES MED\u00cdOCRES E GATOS PARDOS EM TERRAS PROVINCIANAS&#8230;."}]},{"@type":"WebSite","@id":"https:\/\/radiolifefm.com.br\/noticias\/#website","url":"https:\/\/radiolifefm.com.br\/noticias\/","name":"R\u00e1dio Life FM","description":"O Portal de Not\u00edcias de Adamantina","publisher":{"@id":"https:\/\/radiolifefm.com.br\/noticias\/#organization"},"alternateName":"Life FM","potentialAction":[{"@type":"SearchAction","target":{"@type":"EntryPoint","urlTemplate":"https:\/\/radiolifefm.com.br\/noticias\/?s={search_term_string}"},"query-input":{"@type":"PropertyValueSpecification","valueRequired":true,"valueName":"search_term_string"}}],"inLanguage":"pt-BR"},{"@type":"Organization","@id":"https:\/\/radiolifefm.com.br\/noticias\/#organization","name":"R\u00e1dio Life FM","alternateName":"Life FM","url":"https:\/\/radiolifefm.com.br\/noticias\/","logo":{"@type":"ImageObject","inLanguage":"pt-BR","@id":"https:\/\/radiolifefm.com.br\/noticias\/#\/schema\/logo\/image\/","url":"https:\/\/static.radiolifefm.com.br\/noticias\/wp-content\/uploads\/2019\/10\/logo-lifefm.png","contentUrl":"https:\/\/static.radiolifefm.com.br\/noticias\/wp-content\/uploads\/2019\/10\/logo-lifefm.png","width":196,"height":47,"caption":"R\u00e1dio Life FM"},"image":{"@id":"https:\/\/radiolifefm.com.br\/noticias\/#\/schema\/logo\/image\/"},"sameAs":["https:\/\/www.facebook.com\/radiolifefm\/","https:\/\/www.instagram.com\/life1079fm\/"]},{"@type":"Person","@id":"https:\/\/radiolifefm.com.br\/noticias\/#\/schema\/person\/6339b9fac59d12b071dec680d7375d87","name":"ritanery","image":{"@type":"ImageObject","inLanguage":"pt-BR","@id":"https:\/\/secure.gravatar.com\/avatar\/0e37bb19071f47c0b8a23f62a903df117c5a0e75f65a0c2901562f97cd41cf86?s=96&d=mm&r=g","url":"https:\/\/secure.gravatar.com\/avatar\/0e37bb19071f47c0b8a23f62a903df117c5a0e75f65a0c2901562f97cd41cf86?s=96&d=mm&r=g","contentUrl":"https:\/\/secure.gravatar.com\/avatar\/0e37bb19071f47c0b8a23f62a903df117c5a0e75f65a0c2901562f97cd41cf86?s=96&d=mm&r=g","caption":"ritanery"}}]}},"amp_enabled":true,"_links":{"self":[{"href":"https:\/\/radiolifefm.com.br\/noticias\/wp-json\/wp\/v2\/posts\/65659","targetHints":{"allow":["GET"]}}],"collection":[{"href":"https:\/\/radiolifefm.com.br\/noticias\/wp-json\/wp\/v2\/posts"}],"about":[{"href":"https:\/\/radiolifefm.com.br\/noticias\/wp-json\/wp\/v2\/types\/post"}],"author":[{"embeddable":true,"href":"https:\/\/radiolifefm.com.br\/noticias\/wp-json\/wp\/v2\/users\/13"}],"replies":[{"embeddable":true,"href":"https:\/\/radiolifefm.com.br\/noticias\/wp-json\/wp\/v2\/comments?post=65659"}],"version-history":[{"count":1,"href":"https:\/\/radiolifefm.com.br\/noticias\/wp-json\/wp\/v2\/posts\/65659\/revisions"}],"predecessor-version":[{"id":65660,"href":"https:\/\/radiolifefm.com.br\/noticias\/wp-json\/wp\/v2\/posts\/65659\/revisions\/65660"}],"wp:featuredmedia":[{"embeddable":true,"href":"https:\/\/radiolifefm.com.br\/noticias\/wp-json\/wp\/v2\/media\/51988"}],"wp:attachment":[{"href":"https:\/\/radiolifefm.com.br\/noticias\/wp-json\/wp\/v2\/media?parent=65659"}],"wp:term":[{"taxonomy":"category","embeddable":true,"href":"https:\/\/radiolifefm.com.br\/noticias\/wp-json\/wp\/v2\/categories?post=65659"},{"taxonomy":"post_tag","embeddable":true,"href":"https:\/\/radiolifefm.com.br\/noticias\/wp-json\/wp\/v2\/tags?post=65659"}],"curies":[{"name":"wp","href":"https:\/\/api.w.org\/{rel}","templated":true}]}}