{"id":65499,"date":"2023-02-20T09:10:53","date_gmt":"2023-02-20T12:10:53","guid":{"rendered":"https:\/\/radiolifefm.com.br\/noticias\/?p=65499"},"modified":"2026-04-02T03:26:48","modified_gmt":"2026-04-02T06:26:48","slug":"provincia-dengue-e-pinoquio-provinciano","status":"publish","type":"post","link":"https:\/\/radiolifefm.com.br\/noticias\/provincia-dengue-e-pinoquio-provinciano\/","title":{"rendered":"Prov\u00edncia, Dengue e Pin\u00f3quio provinciano&#8230;"},"content":{"rendered":"<div id=\"fb-root\"><\/div>\n<p><strong><em>\u201cUm dia, um cara me chamou de mosquito da dengue, fiquei com raiva e piquei ele!\u201d (<\/em><\/strong><a href=\"https:\/\/www.pensador.com\/autor\/rodrigo_greco_eu\/\"><strong><em>Rodrigo Greco\/eu)<\/em><\/strong><\/a><\/p>\n<p><strong>\u00a0<\/strong><\/p>\n<p><strong>S\u00e9rgio Barbosa (*)<\/strong><\/p>\n<p>Pelo andar da CARRUAGEM (sic), ou seja, da DENGUE em terras PROVINCIANAS, tudo pode acontecer sem mais e com muito menos para todos os lados desta PROV\u00cdNCIA DO FAZ DE CONTA&#8230;<\/p>\n<p>Como sempre, isso \u00e9, desde o outro TEMPO DO TEMPO, o dito PODER P\u00daBLICO continua o mesmo com suas A\u00c7\u00d5ES DESORDENADAS, ainda, deve ser HERAN\u00c7A do finado DESGOVERNO BOZZONARO com seus COISOS com COISAS&#8230;<\/p>\n<p>Entretanto, a COMUNIDADE PROVINCIANA, tamb\u00e9m, tem o COMPROMISSO de colaborar com a PREVEN\u00c7\u00c3O DA DENGUE por meio das ORIENTA\u00c7\u00d5ES das respectivas SECRETARIAS envolvidas nestas A\u00c7\u00d5ES ESPEC\u00cdFICAS&#8230;<\/p>\n<p>Por\u00e9m, deve-se considerar que o PODER P\u00daBLICO desta PROV\u00cdNCIA DO FAZ DE CONTA, continua o mesmo desde a PRIMEIRA GEST\u00c3O do PIN\u00d3QUIO PROVINCIANO com sua turma de ALOPRADOS\/AS&#8230;<\/p>\n<p>Desta forma, tudo fica mais do que complicado para todos os lados de um mesmo lado, tendo em vista que os DESENCONTROS patrocinados pela EQUIPE DE APOIO nestas A\u00c7\u00d5ES relacionadas com a DENGUE, est\u00e3o sempre de acordo com as ORIENTA\u00c7\u00d5ES desta ou daquela SECRETARIA, todavia, al\u00e9m do PIN\u00d3QUIO, existem aqueles\/as que apenas querem sair pela PORTA DOS FUNDOS,,,<\/p>\n<p>O cen\u00e1rio \u00e9 mais do que complicado para a PROV\u00cdNCIA DO FAZ DE CONTA, haja vista que os N\u00daMEROS DE CASOS divulgados pelo PODER P\u00daBLICO est\u00e3o aumentando, al\u00e9m disto ou daquilo, quase sempre tais DADOS OFICIAIS nunca representam a REALIDADE nestes ocasos de um talvez e ponto quase final&#8230;<\/p>\n<p>Portanto, cada qual deve saber como sair por aqui ou por ali, isso \u00e9, quando a DENGUE, bem como, n\u00e3o se pode esquecer da COVID que continua circulando nos quatro cantos desta PROV\u00cdNCIA DO FAZ DE CONTA, considerando que muitos\/as n\u00e3o voltaram para as DOSES DE REFOR\u00c7OS que estavam previstas&#8230;<\/p>\n<p>Ainda, tudo indica que muita \u00c1GUA (sic), ainda, vai PASSAR POR DEBAIXO DESTA PONTE, ou seja, pelo DITO que nunca quer calar, a saber: SE VOC\u00ca PENSA QUE T\u00c1 RUIM, PODE PIORAR&#8230;<\/p>\n<p>Isso remonta ao outro tempo do tempo, neste caso em especial, pode ser na primeira CAMPANHA ELEITORAL do PIN\u00d3QUIO PROVINCIANO com suas PROMESSAS que se perderam no SIL\u00caNCIO do GEPETO&#8230;<\/p>\n<p>Mas, com tal CEN\u00c1RIO PROVINCIANO, pelo menos, este articulista pode registrar os seguintes recados para todos\/as os\/as PROVINCIANOS\/AS, a saber: EU AVISEI&#8230; PIN\u00d3QUIO PROVINCIANO&#8230;<\/p>\n<p>QUEM SOBREVIVER, VAI SABER&#8230;<\/p>\n<p><strong><em>______________________________<\/em><\/strong><\/p>\n<p><strong><em>(*) jornalista diplomado.<\/em><\/strong><\/p>\n<p><strong><em>e-mail: <\/em><\/strong><a href=\"mailto:barbosa.sebar@gmail.com\"><strong><em>barbosa.sebar@gmail.com<\/em><\/strong><\/a><\/p>\n<p><strong><em>\u00a0<\/em><\/strong><\/p>\n<p>&nbsp;<\/p>\n","protected":false},"excerpt":{"rendered":"<p>\u201cUm dia, um cara me chamou de mosquito da dengue, fiquei com raiva e piquei ele!\u201d (Rodrigo Greco\/eu) \u00a0 S\u00e9rgio Barbosa (*) Pelo andar da CARRUAGEM (sic), ou seja, da DENGUE em terras PROVINCIANAS, tudo pode acontecer sem mais e com muito menos para todos os lados desta PROV\u00cdNCIA DO FAZ DE CONTA&#8230; Como sempre, [&hellip;]<\/p>\n","protected":false},"author":13,"featured_media":51988,"comment_status":"closed","ping_status":"open","sticky":false,"template":"","format":"standard","meta":{"_acf_changed":false,"_exactmetrics_skip_tracking":false,"_exactmetrics_sitenote_active":false,"_exactmetrics_sitenote_note":"","_exactmetrics_sitenote_category":0,"footnotes":""},"categories":[59],"tags":[],"class_list":["post-65499","post","type-post","status-publish","format-standard","has-post-thumbnail","hentry","category-opiniao"],"acf":[],"yoast_head":"<!-- This site is optimized with the Yoast SEO plugin v27.2 - https:\/\/yoast.com\/product\/yoast-seo-wordpress\/ -->\n<title>Prov\u00edncia, Dengue e Pin\u00f3quio provinciano... - R\u00e1dio Life FM<\/title>\n<meta name=\"robots\" content=\"index, follow, max-snippet:-1, max-image-preview:large, max-video-preview:-1\" \/>\n<link rel=\"canonical\" href=\"https:\/\/radiolifefm.com.br\/noticias\/provincia-dengue-e-pinoquio-provinciano\/\" \/>\n<meta property=\"og:locale\" content=\"pt_BR\" \/>\n<meta property=\"og:type\" content=\"article\" \/>\n<meta property=\"og:title\" content=\"Prov\u00edncia, Dengue e Pin\u00f3quio provinciano... - R\u00e1dio Life FM\" \/>\n<meta property=\"og:description\" content=\"\u201cUm dia, um cara me chamou de mosquito da dengue, fiquei com raiva e piquei ele!\u201d (Rodrigo Greco\/eu) \u00a0 S\u00e9rgio Barbosa (*) Pelo andar da CARRUAGEM (sic), ou seja, da DENGUE em terras PROVINCIANAS, tudo pode acontecer sem mais e com muito menos para todos os lados desta PROV\u00cdNCIA DO FAZ DE CONTA&#8230; Como sempre, [&hellip;]\" \/>\n<meta property=\"og:url\" content=\"https:\/\/radiolifefm.com.br\/noticias\/provincia-dengue-e-pinoquio-provinciano\/\" \/>\n<meta property=\"og:site_name\" content=\"R\u00e1dio Life FM\" \/>\n<meta property=\"article:publisher\" content=\"https:\/\/www.facebook.com\/radiolifefm\/\" \/>\n<meta property=\"article:published_time\" content=\"2023-02-20T12:10:53+00:00\" \/>\n<meta property=\"article:modified_time\" content=\"2026-04-02T06:26:48+00:00\" \/>\n<meta property=\"og:image\" content=\"https:\/\/radiolifefm.com.br\/noticias\/wp-content\/uploads\/2022\/04\/WhatsApp-Image-2022-04-10-at-18.43.02.jpeg\" \/>\n\t<meta property=\"og:image:width\" content=\"972\" \/>\n\t<meta property=\"og:image:height\" content=\"1296\" \/>\n\t<meta property=\"og:image:type\" content=\"image\/jpeg\" \/>\n<meta name=\"author\" content=\"ritanery\" \/>\n<meta name=\"twitter:card\" content=\"summary_large_image\" \/>\n<meta name=\"twitter:label1\" content=\"Escrito por\" \/>\n\t<meta name=\"twitter:data1\" content=\"ritanery\" \/>\n\t<meta name=\"twitter:label2\" content=\"Est. tempo de leitura\" \/>\n\t<meta name=\"twitter:data2\" content=\"3 minutos\" \/>\n<script type=\"application\/ld+json\" class=\"yoast-schema-graph\">{\"@context\":\"https:\/\/schema.org\",\"@graph\":[{\"@type\":\"Article\",\"@id\":\"https:\/\/radiolifefm.com.br\/noticias\/provincia-dengue-e-pinoquio-provinciano\/#article\",\"isPartOf\":{\"@id\":\"https:\/\/radiolifefm.com.br\/noticias\/provincia-dengue-e-pinoquio-provinciano\/\"},\"author\":{\"name\":\"ritanery\",\"@id\":\"https:\/\/radiolifefm.com.br\/noticias\/#\/schema\/person\/6339b9fac59d12b071dec680d7375d87\"},\"headline\":\"Prov\u00edncia, Dengue e Pin\u00f3quio provinciano&#8230;\",\"datePublished\":\"2023-02-20T12:10:53+00:00\",\"dateModified\":\"2026-04-02T06:26:48+00:00\",\"mainEntityOfPage\":{\"@id\":\"https:\/\/radiolifefm.com.br\/noticias\/provincia-dengue-e-pinoquio-provinciano\/\"},\"wordCount\":439,\"publisher\":{\"@id\":\"https:\/\/radiolifefm.com.br\/noticias\/#organization\"},\"image\":{\"@id\":\"https:\/\/radiolifefm.com.br\/noticias\/provincia-dengue-e-pinoquio-provinciano\/#primaryimage\"},\"thumbnailUrl\":\"https:\/\/radiolifefm.com.br\/noticias\/wp-content\/uploads\/2022\/04\/WhatsApp-Image-2022-04-10-at-18.43.02.jpeg\",\"articleSection\":[\"Opini\u00e3o\"],\"inLanguage\":\"pt-BR\"},{\"@type\":\"WebPage\",\"@id\":\"https:\/\/radiolifefm.com.br\/noticias\/provincia-dengue-e-pinoquio-provinciano\/\",\"url\":\"https:\/\/radiolifefm.com.br\/noticias\/provincia-dengue-e-pinoquio-provinciano\/\",\"name\":\"Prov\u00edncia, Dengue e Pin\u00f3quio provinciano... - R\u00e1dio Life FM\",\"isPartOf\":{\"@id\":\"https:\/\/radiolifefm.com.br\/noticias\/#website\"},\"primaryImageOfPage\":{\"@id\":\"https:\/\/radiolifefm.com.br\/noticias\/provincia-dengue-e-pinoquio-provinciano\/#primaryimage\"},\"image\":{\"@id\":\"https:\/\/radiolifefm.com.br\/noticias\/provincia-dengue-e-pinoquio-provinciano\/#primaryimage\"},\"thumbnailUrl\":\"https:\/\/radiolifefm.com.br\/noticias\/wp-content\/uploads\/2022\/04\/WhatsApp-Image-2022-04-10-at-18.43.02.jpeg\",\"datePublished\":\"2023-02-20T12:10:53+00:00\",\"dateModified\":\"2026-04-02T06:26:48+00:00\",\"breadcrumb\":{\"@id\":\"https:\/\/radiolifefm.com.br\/noticias\/provincia-dengue-e-pinoquio-provinciano\/#breadcrumb\"},\"inLanguage\":\"pt-BR\",\"potentialAction\":[{\"@type\":\"ReadAction\",\"target\":[\"https:\/\/radiolifefm.com.br\/noticias\/provincia-dengue-e-pinoquio-provinciano\/\"]}]},{\"@type\":\"ImageObject\",\"inLanguage\":\"pt-BR\",\"@id\":\"https:\/\/radiolifefm.com.br\/noticias\/provincia-dengue-e-pinoquio-provinciano\/#primaryimage\",\"url\":\"https:\/\/radiolifefm.com.br\/noticias\/wp-content\/uploads\/2022\/04\/WhatsApp-Image-2022-04-10-at-18.43.02.jpeg\",\"contentUrl\":\"https:\/\/radiolifefm.com.br\/noticias\/wp-content\/uploads\/2022\/04\/WhatsApp-Image-2022-04-10-at-18.43.02.jpeg\",\"width\":972,\"height\":1296,\"caption\":\"S\u00e9rgio Barbosa\"},{\"@type\":\"BreadcrumbList\",\"@id\":\"https:\/\/radiolifefm.com.br\/noticias\/provincia-dengue-e-pinoquio-provinciano\/#breadcrumb\",\"itemListElement\":[{\"@type\":\"ListItem\",\"position\":1,\"name\":\"In\u00edcio\",\"item\":\"https:\/\/radiolifefm.com.br\/noticias\/\"},{\"@type\":\"ListItem\",\"position\":2,\"name\":\"Prov\u00edncia, Dengue e Pin\u00f3quio provinciano&#8230;\"}]},{\"@type\":\"WebSite\",\"@id\":\"https:\/\/radiolifefm.com.br\/noticias\/#website\",\"url\":\"https:\/\/radiolifefm.com.br\/noticias\/\",\"name\":\"R\u00e1dio Life FM\",\"description\":\"O Portal de Not\u00edcias de Adamantina\",\"publisher\":{\"@id\":\"https:\/\/radiolifefm.com.br\/noticias\/#organization\"},\"alternateName\":\"Life FM\",\"potentialAction\":[{\"@type\":\"SearchAction\",\"target\":{\"@type\":\"EntryPoint\",\"urlTemplate\":\"https:\/\/radiolifefm.com.br\/noticias\/?s={search_term_string}\"},\"query-input\":{\"@type\":\"PropertyValueSpecification\",\"valueRequired\":true,\"valueName\":\"search_term_string\"}}],\"inLanguage\":\"pt-BR\"},{\"@type\":\"Organization\",\"@id\":\"https:\/\/radiolifefm.com.br\/noticias\/#organization\",\"name\":\"R\u00e1dio Life FM\",\"alternateName\":\"Life FM\",\"url\":\"https:\/\/radiolifefm.com.br\/noticias\/\",\"logo\":{\"@type\":\"ImageObject\",\"inLanguage\":\"pt-BR\",\"@id\":\"https:\/\/radiolifefm.com.br\/noticias\/#\/schema\/logo\/image\/\",\"url\":\"https:\/\/static.radiolifefm.com.br\/noticias\/wp-content\/uploads\/2019\/10\/logo-lifefm.png\",\"contentUrl\":\"https:\/\/static.radiolifefm.com.br\/noticias\/wp-content\/uploads\/2019\/10\/logo-lifefm.png\",\"width\":196,\"height\":47,\"caption\":\"R\u00e1dio Life FM\"},\"image\":{\"@id\":\"https:\/\/radiolifefm.com.br\/noticias\/#\/schema\/logo\/image\/\"},\"sameAs\":[\"https:\/\/www.facebook.com\/radiolifefm\/\",\"https:\/\/www.instagram.com\/life1079fm\/\"]},{\"@type\":\"Person\",\"@id\":\"https:\/\/radiolifefm.com.br\/noticias\/#\/schema\/person\/6339b9fac59d12b071dec680d7375d87\",\"name\":\"ritanery\",\"image\":{\"@type\":\"ImageObject\",\"inLanguage\":\"pt-BR\",\"@id\":\"https:\/\/secure.gravatar.com\/avatar\/0e37bb19071f47c0b8a23f62a903df117c5a0e75f65a0c2901562f97cd41cf86?s=96&d=mm&r=g\",\"url\":\"https:\/\/secure.gravatar.com\/avatar\/0e37bb19071f47c0b8a23f62a903df117c5a0e75f65a0c2901562f97cd41cf86?s=96&d=mm&r=g\",\"contentUrl\":\"https:\/\/secure.gravatar.com\/avatar\/0e37bb19071f47c0b8a23f62a903df117c5a0e75f65a0c2901562f97cd41cf86?s=96&d=mm&r=g\",\"caption\":\"ritanery\"}}]}<\/script>\n<!-- \/ Yoast SEO plugin. -->","yoast_head_json":{"title":"Prov\u00edncia, Dengue e Pin\u00f3quio provinciano... - R\u00e1dio Life FM","robots":{"index":"index","follow":"follow","max-snippet":"max-snippet:-1","max-image-preview":"max-image-preview:large","max-video-preview":"max-video-preview:-1"},"canonical":"https:\/\/radiolifefm.com.br\/noticias\/provincia-dengue-e-pinoquio-provinciano\/","og_locale":"pt_BR","og_type":"article","og_title":"Prov\u00edncia, Dengue e Pin\u00f3quio provinciano... - R\u00e1dio Life FM","og_description":"\u201cUm dia, um cara me chamou de mosquito da dengue, fiquei com raiva e piquei ele!\u201d (Rodrigo Greco\/eu) \u00a0 S\u00e9rgio Barbosa (*) Pelo andar da CARRUAGEM (sic), ou seja, da DENGUE em terras PROVINCIANAS, tudo pode acontecer sem mais e com muito menos para todos os lados desta PROV\u00cdNCIA DO FAZ DE CONTA&#8230; Como sempre, [&hellip;]","og_url":"https:\/\/radiolifefm.com.br\/noticias\/provincia-dengue-e-pinoquio-provinciano\/","og_site_name":"R\u00e1dio Life FM","article_publisher":"https:\/\/www.facebook.com\/radiolifefm\/","article_published_time":"2023-02-20T12:10:53+00:00","article_modified_time":"2026-04-02T06:26:48+00:00","og_image":[{"width":972,"height":1296,"url":"https:\/\/radiolifefm.com.br\/noticias\/wp-content\/uploads\/2022\/04\/WhatsApp-Image-2022-04-10-at-18.43.02.jpeg","type":"image\/jpeg"}],"author":"ritanery","twitter_card":"summary_large_image","twitter_misc":{"Escrito por":"ritanery","Est. tempo de leitura":"3 minutos"},"schema":{"@context":"https:\/\/schema.org","@graph":[{"@type":"Article","@id":"https:\/\/radiolifefm.com.br\/noticias\/provincia-dengue-e-pinoquio-provinciano\/#article","isPartOf":{"@id":"https:\/\/radiolifefm.com.br\/noticias\/provincia-dengue-e-pinoquio-provinciano\/"},"author":{"name":"ritanery","@id":"https:\/\/radiolifefm.com.br\/noticias\/#\/schema\/person\/6339b9fac59d12b071dec680d7375d87"},"headline":"Prov\u00edncia, Dengue e Pin\u00f3quio provinciano&#8230;","datePublished":"2023-02-20T12:10:53+00:00","dateModified":"2026-04-02T06:26:48+00:00","mainEntityOfPage":{"@id":"https:\/\/radiolifefm.com.br\/noticias\/provincia-dengue-e-pinoquio-provinciano\/"},"wordCount":439,"publisher":{"@id":"https:\/\/radiolifefm.com.br\/noticias\/#organization"},"image":{"@id":"https:\/\/radiolifefm.com.br\/noticias\/provincia-dengue-e-pinoquio-provinciano\/#primaryimage"},"thumbnailUrl":"https:\/\/radiolifefm.com.br\/noticias\/wp-content\/uploads\/2022\/04\/WhatsApp-Image-2022-04-10-at-18.43.02.jpeg","articleSection":["Opini\u00e3o"],"inLanguage":"pt-BR"},{"@type":"WebPage","@id":"https:\/\/radiolifefm.com.br\/noticias\/provincia-dengue-e-pinoquio-provinciano\/","url":"https:\/\/radiolifefm.com.br\/noticias\/provincia-dengue-e-pinoquio-provinciano\/","name":"Prov\u00edncia, Dengue e Pin\u00f3quio provinciano... - R\u00e1dio Life FM","isPartOf":{"@id":"https:\/\/radiolifefm.com.br\/noticias\/#website"},"primaryImageOfPage":{"@id":"https:\/\/radiolifefm.com.br\/noticias\/provincia-dengue-e-pinoquio-provinciano\/#primaryimage"},"image":{"@id":"https:\/\/radiolifefm.com.br\/noticias\/provincia-dengue-e-pinoquio-provinciano\/#primaryimage"},"thumbnailUrl":"https:\/\/radiolifefm.com.br\/noticias\/wp-content\/uploads\/2022\/04\/WhatsApp-Image-2022-04-10-at-18.43.02.jpeg","datePublished":"2023-02-20T12:10:53+00:00","dateModified":"2026-04-02T06:26:48+00:00","breadcrumb":{"@id":"https:\/\/radiolifefm.com.br\/noticias\/provincia-dengue-e-pinoquio-provinciano\/#breadcrumb"},"inLanguage":"pt-BR","potentialAction":[{"@type":"ReadAction","target":["https:\/\/radiolifefm.com.br\/noticias\/provincia-dengue-e-pinoquio-provinciano\/"]}]},{"@type":"ImageObject","inLanguage":"pt-BR","@id":"https:\/\/radiolifefm.com.br\/noticias\/provincia-dengue-e-pinoquio-provinciano\/#primaryimage","url":"https:\/\/radiolifefm.com.br\/noticias\/wp-content\/uploads\/2022\/04\/WhatsApp-Image-2022-04-10-at-18.43.02.jpeg","contentUrl":"https:\/\/radiolifefm.com.br\/noticias\/wp-content\/uploads\/2022\/04\/WhatsApp-Image-2022-04-10-at-18.43.02.jpeg","width":972,"height":1296,"caption":"S\u00e9rgio Barbosa"},{"@type":"BreadcrumbList","@id":"https:\/\/radiolifefm.com.br\/noticias\/provincia-dengue-e-pinoquio-provinciano\/#breadcrumb","itemListElement":[{"@type":"ListItem","position":1,"name":"In\u00edcio","item":"https:\/\/radiolifefm.com.br\/noticias\/"},{"@type":"ListItem","position":2,"name":"Prov\u00edncia, Dengue e Pin\u00f3quio provinciano&#8230;"}]},{"@type":"WebSite","@id":"https:\/\/radiolifefm.com.br\/noticias\/#website","url":"https:\/\/radiolifefm.com.br\/noticias\/","name":"R\u00e1dio Life FM","description":"O Portal de Not\u00edcias de Adamantina","publisher":{"@id":"https:\/\/radiolifefm.com.br\/noticias\/#organization"},"alternateName":"Life FM","potentialAction":[{"@type":"SearchAction","target":{"@type":"EntryPoint","urlTemplate":"https:\/\/radiolifefm.com.br\/noticias\/?s={search_term_string}"},"query-input":{"@type":"PropertyValueSpecification","valueRequired":true,"valueName":"search_term_string"}}],"inLanguage":"pt-BR"},{"@type":"Organization","@id":"https:\/\/radiolifefm.com.br\/noticias\/#organization","name":"R\u00e1dio Life FM","alternateName":"Life FM","url":"https:\/\/radiolifefm.com.br\/noticias\/","logo":{"@type":"ImageObject","inLanguage":"pt-BR","@id":"https:\/\/radiolifefm.com.br\/noticias\/#\/schema\/logo\/image\/","url":"https:\/\/static.radiolifefm.com.br\/noticias\/wp-content\/uploads\/2019\/10\/logo-lifefm.png","contentUrl":"https:\/\/static.radiolifefm.com.br\/noticias\/wp-content\/uploads\/2019\/10\/logo-lifefm.png","width":196,"height":47,"caption":"R\u00e1dio Life FM"},"image":{"@id":"https:\/\/radiolifefm.com.br\/noticias\/#\/schema\/logo\/image\/"},"sameAs":["https:\/\/www.facebook.com\/radiolifefm\/","https:\/\/www.instagram.com\/life1079fm\/"]},{"@type":"Person","@id":"https:\/\/radiolifefm.com.br\/noticias\/#\/schema\/person\/6339b9fac59d12b071dec680d7375d87","name":"ritanery","image":{"@type":"ImageObject","inLanguage":"pt-BR","@id":"https:\/\/secure.gravatar.com\/avatar\/0e37bb19071f47c0b8a23f62a903df117c5a0e75f65a0c2901562f97cd41cf86?s=96&d=mm&r=g","url":"https:\/\/secure.gravatar.com\/avatar\/0e37bb19071f47c0b8a23f62a903df117c5a0e75f65a0c2901562f97cd41cf86?s=96&d=mm&r=g","contentUrl":"https:\/\/secure.gravatar.com\/avatar\/0e37bb19071f47c0b8a23f62a903df117c5a0e75f65a0c2901562f97cd41cf86?s=96&d=mm&r=g","caption":"ritanery"}}]}},"amp_enabled":true,"_links":{"self":[{"href":"https:\/\/radiolifefm.com.br\/noticias\/wp-json\/wp\/v2\/posts\/65499","targetHints":{"allow":["GET"]}}],"collection":[{"href":"https:\/\/radiolifefm.com.br\/noticias\/wp-json\/wp\/v2\/posts"}],"about":[{"href":"https:\/\/radiolifefm.com.br\/noticias\/wp-json\/wp\/v2\/types\/post"}],"author":[{"embeddable":true,"href":"https:\/\/radiolifefm.com.br\/noticias\/wp-json\/wp\/v2\/users\/13"}],"replies":[{"embeddable":true,"href":"https:\/\/radiolifefm.com.br\/noticias\/wp-json\/wp\/v2\/comments?post=65499"}],"version-history":[{"count":1,"href":"https:\/\/radiolifefm.com.br\/noticias\/wp-json\/wp\/v2\/posts\/65499\/revisions"}],"predecessor-version":[{"id":65500,"href":"https:\/\/radiolifefm.com.br\/noticias\/wp-json\/wp\/v2\/posts\/65499\/revisions\/65500"}],"wp:featuredmedia":[{"embeddable":true,"href":"https:\/\/radiolifefm.com.br\/noticias\/wp-json\/wp\/v2\/media\/51988"}],"wp:attachment":[{"href":"https:\/\/radiolifefm.com.br\/noticias\/wp-json\/wp\/v2\/media?parent=65499"}],"wp:term":[{"taxonomy":"category","embeddable":true,"href":"https:\/\/radiolifefm.com.br\/noticias\/wp-json\/wp\/v2\/categories?post=65499"},{"taxonomy":"post_tag","embeddable":true,"href":"https:\/\/radiolifefm.com.br\/noticias\/wp-json\/wp\/v2\/tags?post=65499"}],"curies":[{"name":"wp","href":"https:\/\/api.w.org\/{rel}","templated":true}]}}