{"id":65447,"date":"2023-02-17T07:57:42","date_gmt":"2023-02-17T10:57:42","guid":{"rendered":"https:\/\/radiolifefm.com.br\/noticias\/?p=65447"},"modified":"2026-04-05T10:42:40","modified_gmt":"2026-04-05T13:42:40","slug":"pinoquio-provincia-e-os-donos-do-poder","status":"publish","type":"post","link":"https:\/\/radiolifefm.com.br\/noticias\/pinoquio-provincia-e-os-donos-do-poder\/","title":{"rendered":"PIN\u00d3QUIO, PROV\u00cdNCIA E OS DONOS DO PODER&#8230;"},"content":{"rendered":"<div id=\"fb-root\"><\/div>\n<p><em>\u00a0<\/em><\/p>\n<p><em>\u201cQuando temos o poder, queremos a ordem; muitos para o conseguirem promovem a desordem.\u201d (Marques de Marica)<\/em><\/p>\n<p>&nbsp;<\/p>\n<p><strong><em>S\u00e9rgio Barbosa (*)<\/em><\/strong><\/p>\n<p>&nbsp;<\/p>\n<p>&nbsp;<\/p>\n<p>Nas muitas prov\u00edncias do interior do \u201cPa\u00eds do faz de conta\u201d, existem os denominados \u201cdonos do poder local\u201d, pessoas com destaque na comunidade que usam e abusam da for\u00e7a em v\u00e1rios n\u00edveis para dominar a comunidade com m\u00e3o de ferro&#8230;<\/p>\n<p>Os interesses, como sempre, atendem ao jogo do poder pelo poder, assim, os anos passam e pouco altera o cen\u00e1rio em n\u00edvel GLOCAL, ou seja, do GLOBAL para o LOCAL em tempo de p\u00f3s-globaliza\u00e7\u00e3o organizacional&#8230;<\/p>\n<p>Tamb\u00e9m, um pa\u00eds que foi conquistado pela for\u00e7a da cruz com apoio da espada portuguesa n\u00e3o poderia ficar distante deste presente, entretanto, pode-se pensar em outras alternativas neste mesmo contexto provinciano&#8230;<\/p>\n<p>A sociedade em foco dever\u00e1 levar em conta as necessidades imediatas causadas pelos desmandos do poder local, buscando desta forma, estar em sintonia com as propostas do social frente ao jogo dos poderes temporal e secular&#8230;<\/p>\n<p>A prov\u00edncia tem o seu lugar social definido pelos padr\u00f5es dos senhores daquele lugar, assim, o melhor \u00e9 levar adiante um enfoque reflexivo para um confronto com o poder institucionalizado pela for\u00e7a e pelo medo&#8230;<\/p>\n<p>O olhar do outro lado, isso \u00e9, dos provincianos com os donos das muitas mentiras sem uma verdade, pode servir como base de apoio para um entendimento acima do jogo mediado pelos interesses escusos do todo poderoso do lugar comum&#8230;<\/p>\n<p>A media\u00e7\u00e3o do momento conquista um meio que pode determinar o fim, por\u00e9m, o in\u00edcio do tudo fica sem o nada para uma derrota frente \u00e0 for\u00e7a do poder local, quando os falsos profetas ficam com as vit\u00f3rias de uma \u00fanica derrota&#8230;<\/p>\n<p>\u00c9 poss\u00edvel uma volta por cima para deixar novas pistas pelos caminhos de um lugar comum, contudo, n\u00e3o se pode esperar que as coisas aconte\u00e7am da melhor forma poss\u00edvel para um dos lados desta mesma moeda&#8230;<\/p>\n<p>O tempo continua, de acordo com o profeta do outro tempo, \u201co senhor da raz\u00e3o\u201d, cada qual, deve estar atento neste confronto, entre vencidos e vencedores dos conflitos terrenos em terras PROVINCIANAS&#8230;<\/p>\n<p>O real se torna irracional neste caso espec\u00edfico, por isto, tudo pode acontecer para os dois lados num confronto sem fim, o que determina a escolha das armas e local para o desafio al\u00e9m mar dos desafetos do poder central&#8230;<\/p>\n<p>QUEM SOBREVIVER VAI SABER&#8230;<\/p>\n<p><strong><em>_____________________________________<\/em><\/strong><\/p>\n<p><strong><em>(*) Jornalista diplomado.<\/em><\/strong><\/p>\n<p><strong><em>e-mail: <a href=\"mailto:barbosa.sebar@gmail.com\">barbosa.sebar@gmail.com<\/a><\/em><\/strong><\/p>\n","protected":false},"excerpt":{"rendered":"<p>\u00a0 \u201cQuando temos o poder, queremos a ordem; muitos para o conseguirem promovem a desordem.\u201d (Marques de Marica) &nbsp; S\u00e9rgio Barbosa (*) &nbsp; &nbsp; Nas muitas prov\u00edncias do interior do \u201cPa\u00eds do faz de conta\u201d, existem os denominados \u201cdonos do poder local\u201d, pessoas com destaque na comunidade que usam e abusam da for\u00e7a em v\u00e1rios [&hellip;]<\/p>\n","protected":false},"author":13,"featured_media":51988,"comment_status":"closed","ping_status":"open","sticky":false,"template":"","format":"standard","meta":{"_acf_changed":false,"_exactmetrics_skip_tracking":false,"_exactmetrics_sitenote_active":false,"_exactmetrics_sitenote_note":"","_exactmetrics_sitenote_category":0,"footnotes":""},"categories":[59],"tags":[],"class_list":["post-65447","post","type-post","status-publish","format-standard","has-post-thumbnail","hentry","category-opiniao"],"acf":[],"yoast_head":"<!-- This site is optimized with the Yoast SEO plugin v27.2 - https:\/\/yoast.com\/product\/yoast-seo-wordpress\/ -->\n<title>PIN\u00d3QUIO, PROV\u00cdNCIA E OS DONOS DO PODER... - R\u00e1dio Life FM<\/title>\n<meta name=\"robots\" content=\"index, follow, max-snippet:-1, max-image-preview:large, max-video-preview:-1\" \/>\n<link rel=\"canonical\" href=\"https:\/\/radiolifefm.com.br\/noticias\/pinoquio-provincia-e-os-donos-do-poder\/\" \/>\n<meta property=\"og:locale\" content=\"pt_BR\" \/>\n<meta property=\"og:type\" content=\"article\" \/>\n<meta property=\"og:title\" content=\"PIN\u00d3QUIO, PROV\u00cdNCIA E OS DONOS DO PODER... - R\u00e1dio Life FM\" \/>\n<meta property=\"og:description\" content=\"\u00a0 \u201cQuando temos o poder, queremos a ordem; muitos para o conseguirem promovem a desordem.\u201d (Marques de Marica) &nbsp; S\u00e9rgio Barbosa (*) &nbsp; &nbsp; Nas muitas prov\u00edncias do interior do \u201cPa\u00eds do faz de conta\u201d, existem os denominados \u201cdonos do poder local\u201d, pessoas com destaque na comunidade que usam e abusam da for\u00e7a em v\u00e1rios [&hellip;]\" \/>\n<meta property=\"og:url\" content=\"https:\/\/radiolifefm.com.br\/noticias\/pinoquio-provincia-e-os-donos-do-poder\/\" \/>\n<meta property=\"og:site_name\" content=\"R\u00e1dio Life FM\" \/>\n<meta property=\"article:publisher\" content=\"https:\/\/www.facebook.com\/radiolifefm\/\" \/>\n<meta property=\"article:published_time\" content=\"2023-02-17T10:57:42+00:00\" \/>\n<meta property=\"article:modified_time\" content=\"2026-04-05T13:42:40+00:00\" \/>\n<meta property=\"og:image\" content=\"https:\/\/radiolifefm.com.br\/noticias\/wp-content\/uploads\/2022\/04\/WhatsApp-Image-2022-04-10-at-18.43.02.jpeg\" \/>\n\t<meta property=\"og:image:width\" content=\"972\" \/>\n\t<meta property=\"og:image:height\" content=\"1296\" \/>\n\t<meta property=\"og:image:type\" content=\"image\/jpeg\" \/>\n<meta name=\"author\" content=\"ritanery\" \/>\n<meta name=\"twitter:card\" content=\"summary_large_image\" \/>\n<meta name=\"twitter:label1\" content=\"Escrito por\" \/>\n\t<meta name=\"twitter:data1\" content=\"ritanery\" \/>\n\t<meta name=\"twitter:label2\" content=\"Est. tempo de leitura\" \/>\n\t<meta name=\"twitter:data2\" content=\"3 minutos\" \/>\n<script type=\"application\/ld+json\" class=\"yoast-schema-graph\">{\"@context\":\"https:\/\/schema.org\",\"@graph\":[{\"@type\":\"Article\",\"@id\":\"https:\/\/radiolifefm.com.br\/noticias\/pinoquio-provincia-e-os-donos-do-poder\/#article\",\"isPartOf\":{\"@id\":\"https:\/\/radiolifefm.com.br\/noticias\/pinoquio-provincia-e-os-donos-do-poder\/\"},\"author\":{\"name\":\"ritanery\",\"@id\":\"https:\/\/radiolifefm.com.br\/noticias\/#\/schema\/person\/6339b9fac59d12b071dec680d7375d87\"},\"headline\":\"PIN\u00d3QUIO, PROV\u00cdNCIA E OS DONOS DO PODER&#8230;\",\"datePublished\":\"2023-02-17T10:57:42+00:00\",\"dateModified\":\"2026-04-05T13:42:40+00:00\",\"mainEntityOfPage\":{\"@id\":\"https:\/\/radiolifefm.com.br\/noticias\/pinoquio-provincia-e-os-donos-do-poder\/\"},\"wordCount\":435,\"publisher\":{\"@id\":\"https:\/\/radiolifefm.com.br\/noticias\/#organization\"},\"image\":{\"@id\":\"https:\/\/radiolifefm.com.br\/noticias\/pinoquio-provincia-e-os-donos-do-poder\/#primaryimage\"},\"thumbnailUrl\":\"https:\/\/radiolifefm.com.br\/noticias\/wp-content\/uploads\/2022\/04\/WhatsApp-Image-2022-04-10-at-18.43.02.jpeg\",\"articleSection\":[\"Opini\u00e3o\"],\"inLanguage\":\"pt-BR\"},{\"@type\":\"WebPage\",\"@id\":\"https:\/\/radiolifefm.com.br\/noticias\/pinoquio-provincia-e-os-donos-do-poder\/\",\"url\":\"https:\/\/radiolifefm.com.br\/noticias\/pinoquio-provincia-e-os-donos-do-poder\/\",\"name\":\"PIN\u00d3QUIO, PROV\u00cdNCIA E OS DONOS DO PODER... - R\u00e1dio Life FM\",\"isPartOf\":{\"@id\":\"https:\/\/radiolifefm.com.br\/noticias\/#website\"},\"primaryImageOfPage\":{\"@id\":\"https:\/\/radiolifefm.com.br\/noticias\/pinoquio-provincia-e-os-donos-do-poder\/#primaryimage\"},\"image\":{\"@id\":\"https:\/\/radiolifefm.com.br\/noticias\/pinoquio-provincia-e-os-donos-do-poder\/#primaryimage\"},\"thumbnailUrl\":\"https:\/\/radiolifefm.com.br\/noticias\/wp-content\/uploads\/2022\/04\/WhatsApp-Image-2022-04-10-at-18.43.02.jpeg\",\"datePublished\":\"2023-02-17T10:57:42+00:00\",\"dateModified\":\"2026-04-05T13:42:40+00:00\",\"breadcrumb\":{\"@id\":\"https:\/\/radiolifefm.com.br\/noticias\/pinoquio-provincia-e-os-donos-do-poder\/#breadcrumb\"},\"inLanguage\":\"pt-BR\",\"potentialAction\":[{\"@type\":\"ReadAction\",\"target\":[\"https:\/\/radiolifefm.com.br\/noticias\/pinoquio-provincia-e-os-donos-do-poder\/\"]}]},{\"@type\":\"ImageObject\",\"inLanguage\":\"pt-BR\",\"@id\":\"https:\/\/radiolifefm.com.br\/noticias\/pinoquio-provincia-e-os-donos-do-poder\/#primaryimage\",\"url\":\"https:\/\/radiolifefm.com.br\/noticias\/wp-content\/uploads\/2022\/04\/WhatsApp-Image-2022-04-10-at-18.43.02.jpeg\",\"contentUrl\":\"https:\/\/radiolifefm.com.br\/noticias\/wp-content\/uploads\/2022\/04\/WhatsApp-Image-2022-04-10-at-18.43.02.jpeg\",\"width\":972,\"height\":1296,\"caption\":\"S\u00e9rgio Barbosa\"},{\"@type\":\"BreadcrumbList\",\"@id\":\"https:\/\/radiolifefm.com.br\/noticias\/pinoquio-provincia-e-os-donos-do-poder\/#breadcrumb\",\"itemListElement\":[{\"@type\":\"ListItem\",\"position\":1,\"name\":\"In\u00edcio\",\"item\":\"https:\/\/radiolifefm.com.br\/noticias\/\"},{\"@type\":\"ListItem\",\"position\":2,\"name\":\"PIN\u00d3QUIO, PROV\u00cdNCIA E OS DONOS DO PODER&#8230;\"}]},{\"@type\":\"WebSite\",\"@id\":\"https:\/\/radiolifefm.com.br\/noticias\/#website\",\"url\":\"https:\/\/radiolifefm.com.br\/noticias\/\",\"name\":\"R\u00e1dio Life FM\",\"description\":\"O Portal de Not\u00edcias de Adamantina\",\"publisher\":{\"@id\":\"https:\/\/radiolifefm.com.br\/noticias\/#organization\"},\"alternateName\":\"Life FM\",\"potentialAction\":[{\"@type\":\"SearchAction\",\"target\":{\"@type\":\"EntryPoint\",\"urlTemplate\":\"https:\/\/radiolifefm.com.br\/noticias\/?s={search_term_string}\"},\"query-input\":{\"@type\":\"PropertyValueSpecification\",\"valueRequired\":true,\"valueName\":\"search_term_string\"}}],\"inLanguage\":\"pt-BR\"},{\"@type\":\"Organization\",\"@id\":\"https:\/\/radiolifefm.com.br\/noticias\/#organization\",\"name\":\"R\u00e1dio Life FM\",\"alternateName\":\"Life FM\",\"url\":\"https:\/\/radiolifefm.com.br\/noticias\/\",\"logo\":{\"@type\":\"ImageObject\",\"inLanguage\":\"pt-BR\",\"@id\":\"https:\/\/radiolifefm.com.br\/noticias\/#\/schema\/logo\/image\/\",\"url\":\"https:\/\/static.radiolifefm.com.br\/noticias\/wp-content\/uploads\/2019\/10\/logo-lifefm.png\",\"contentUrl\":\"https:\/\/static.radiolifefm.com.br\/noticias\/wp-content\/uploads\/2019\/10\/logo-lifefm.png\",\"width\":196,\"height\":47,\"caption\":\"R\u00e1dio Life FM\"},\"image\":{\"@id\":\"https:\/\/radiolifefm.com.br\/noticias\/#\/schema\/logo\/image\/\"},\"sameAs\":[\"https:\/\/www.facebook.com\/radiolifefm\/\",\"https:\/\/www.instagram.com\/life1079fm\/\"]},{\"@type\":\"Person\",\"@id\":\"https:\/\/radiolifefm.com.br\/noticias\/#\/schema\/person\/6339b9fac59d12b071dec680d7375d87\",\"name\":\"ritanery\",\"image\":{\"@type\":\"ImageObject\",\"inLanguage\":\"pt-BR\",\"@id\":\"https:\/\/secure.gravatar.com\/avatar\/0e37bb19071f47c0b8a23f62a903df117c5a0e75f65a0c2901562f97cd41cf86?s=96&d=mm&r=g\",\"url\":\"https:\/\/secure.gravatar.com\/avatar\/0e37bb19071f47c0b8a23f62a903df117c5a0e75f65a0c2901562f97cd41cf86?s=96&d=mm&r=g\",\"contentUrl\":\"https:\/\/secure.gravatar.com\/avatar\/0e37bb19071f47c0b8a23f62a903df117c5a0e75f65a0c2901562f97cd41cf86?s=96&d=mm&r=g\",\"caption\":\"ritanery\"}}]}<\/script>\n<!-- \/ Yoast SEO plugin. -->","yoast_head_json":{"title":"PIN\u00d3QUIO, PROV\u00cdNCIA E OS DONOS DO PODER... - R\u00e1dio Life FM","robots":{"index":"index","follow":"follow","max-snippet":"max-snippet:-1","max-image-preview":"max-image-preview:large","max-video-preview":"max-video-preview:-1"},"canonical":"https:\/\/radiolifefm.com.br\/noticias\/pinoquio-provincia-e-os-donos-do-poder\/","og_locale":"pt_BR","og_type":"article","og_title":"PIN\u00d3QUIO, PROV\u00cdNCIA E OS DONOS DO PODER... - R\u00e1dio Life FM","og_description":"\u00a0 \u201cQuando temos o poder, queremos a ordem; muitos para o conseguirem promovem a desordem.\u201d (Marques de Marica) &nbsp; S\u00e9rgio Barbosa (*) &nbsp; &nbsp; Nas muitas prov\u00edncias do interior do \u201cPa\u00eds do faz de conta\u201d, existem os denominados \u201cdonos do poder local\u201d, pessoas com destaque na comunidade que usam e abusam da for\u00e7a em v\u00e1rios [&hellip;]","og_url":"https:\/\/radiolifefm.com.br\/noticias\/pinoquio-provincia-e-os-donos-do-poder\/","og_site_name":"R\u00e1dio Life FM","article_publisher":"https:\/\/www.facebook.com\/radiolifefm\/","article_published_time":"2023-02-17T10:57:42+00:00","article_modified_time":"2026-04-05T13:42:40+00:00","og_image":[{"width":972,"height":1296,"url":"https:\/\/radiolifefm.com.br\/noticias\/wp-content\/uploads\/2022\/04\/WhatsApp-Image-2022-04-10-at-18.43.02.jpeg","type":"image\/jpeg"}],"author":"ritanery","twitter_card":"summary_large_image","twitter_misc":{"Escrito por":"ritanery","Est. tempo de leitura":"3 minutos"},"schema":{"@context":"https:\/\/schema.org","@graph":[{"@type":"Article","@id":"https:\/\/radiolifefm.com.br\/noticias\/pinoquio-provincia-e-os-donos-do-poder\/#article","isPartOf":{"@id":"https:\/\/radiolifefm.com.br\/noticias\/pinoquio-provincia-e-os-donos-do-poder\/"},"author":{"name":"ritanery","@id":"https:\/\/radiolifefm.com.br\/noticias\/#\/schema\/person\/6339b9fac59d12b071dec680d7375d87"},"headline":"PIN\u00d3QUIO, PROV\u00cdNCIA E OS DONOS DO PODER&#8230;","datePublished":"2023-02-17T10:57:42+00:00","dateModified":"2026-04-05T13:42:40+00:00","mainEntityOfPage":{"@id":"https:\/\/radiolifefm.com.br\/noticias\/pinoquio-provincia-e-os-donos-do-poder\/"},"wordCount":435,"publisher":{"@id":"https:\/\/radiolifefm.com.br\/noticias\/#organization"},"image":{"@id":"https:\/\/radiolifefm.com.br\/noticias\/pinoquio-provincia-e-os-donos-do-poder\/#primaryimage"},"thumbnailUrl":"https:\/\/radiolifefm.com.br\/noticias\/wp-content\/uploads\/2022\/04\/WhatsApp-Image-2022-04-10-at-18.43.02.jpeg","articleSection":["Opini\u00e3o"],"inLanguage":"pt-BR"},{"@type":"WebPage","@id":"https:\/\/radiolifefm.com.br\/noticias\/pinoquio-provincia-e-os-donos-do-poder\/","url":"https:\/\/radiolifefm.com.br\/noticias\/pinoquio-provincia-e-os-donos-do-poder\/","name":"PIN\u00d3QUIO, PROV\u00cdNCIA E OS DONOS DO PODER... - R\u00e1dio Life FM","isPartOf":{"@id":"https:\/\/radiolifefm.com.br\/noticias\/#website"},"primaryImageOfPage":{"@id":"https:\/\/radiolifefm.com.br\/noticias\/pinoquio-provincia-e-os-donos-do-poder\/#primaryimage"},"image":{"@id":"https:\/\/radiolifefm.com.br\/noticias\/pinoquio-provincia-e-os-donos-do-poder\/#primaryimage"},"thumbnailUrl":"https:\/\/radiolifefm.com.br\/noticias\/wp-content\/uploads\/2022\/04\/WhatsApp-Image-2022-04-10-at-18.43.02.jpeg","datePublished":"2023-02-17T10:57:42+00:00","dateModified":"2026-04-05T13:42:40+00:00","breadcrumb":{"@id":"https:\/\/radiolifefm.com.br\/noticias\/pinoquio-provincia-e-os-donos-do-poder\/#breadcrumb"},"inLanguage":"pt-BR","potentialAction":[{"@type":"ReadAction","target":["https:\/\/radiolifefm.com.br\/noticias\/pinoquio-provincia-e-os-donos-do-poder\/"]}]},{"@type":"ImageObject","inLanguage":"pt-BR","@id":"https:\/\/radiolifefm.com.br\/noticias\/pinoquio-provincia-e-os-donos-do-poder\/#primaryimage","url":"https:\/\/radiolifefm.com.br\/noticias\/wp-content\/uploads\/2022\/04\/WhatsApp-Image-2022-04-10-at-18.43.02.jpeg","contentUrl":"https:\/\/radiolifefm.com.br\/noticias\/wp-content\/uploads\/2022\/04\/WhatsApp-Image-2022-04-10-at-18.43.02.jpeg","width":972,"height":1296,"caption":"S\u00e9rgio Barbosa"},{"@type":"BreadcrumbList","@id":"https:\/\/radiolifefm.com.br\/noticias\/pinoquio-provincia-e-os-donos-do-poder\/#breadcrumb","itemListElement":[{"@type":"ListItem","position":1,"name":"In\u00edcio","item":"https:\/\/radiolifefm.com.br\/noticias\/"},{"@type":"ListItem","position":2,"name":"PIN\u00d3QUIO, PROV\u00cdNCIA E OS DONOS DO PODER&#8230;"}]},{"@type":"WebSite","@id":"https:\/\/radiolifefm.com.br\/noticias\/#website","url":"https:\/\/radiolifefm.com.br\/noticias\/","name":"R\u00e1dio Life FM","description":"O Portal de Not\u00edcias de Adamantina","publisher":{"@id":"https:\/\/radiolifefm.com.br\/noticias\/#organization"},"alternateName":"Life FM","potentialAction":[{"@type":"SearchAction","target":{"@type":"EntryPoint","urlTemplate":"https:\/\/radiolifefm.com.br\/noticias\/?s={search_term_string}"},"query-input":{"@type":"PropertyValueSpecification","valueRequired":true,"valueName":"search_term_string"}}],"inLanguage":"pt-BR"},{"@type":"Organization","@id":"https:\/\/radiolifefm.com.br\/noticias\/#organization","name":"R\u00e1dio Life FM","alternateName":"Life FM","url":"https:\/\/radiolifefm.com.br\/noticias\/","logo":{"@type":"ImageObject","inLanguage":"pt-BR","@id":"https:\/\/radiolifefm.com.br\/noticias\/#\/schema\/logo\/image\/","url":"https:\/\/static.radiolifefm.com.br\/noticias\/wp-content\/uploads\/2019\/10\/logo-lifefm.png","contentUrl":"https:\/\/static.radiolifefm.com.br\/noticias\/wp-content\/uploads\/2019\/10\/logo-lifefm.png","width":196,"height":47,"caption":"R\u00e1dio Life FM"},"image":{"@id":"https:\/\/radiolifefm.com.br\/noticias\/#\/schema\/logo\/image\/"},"sameAs":["https:\/\/www.facebook.com\/radiolifefm\/","https:\/\/www.instagram.com\/life1079fm\/"]},{"@type":"Person","@id":"https:\/\/radiolifefm.com.br\/noticias\/#\/schema\/person\/6339b9fac59d12b071dec680d7375d87","name":"ritanery","image":{"@type":"ImageObject","inLanguage":"pt-BR","@id":"https:\/\/secure.gravatar.com\/avatar\/0e37bb19071f47c0b8a23f62a903df117c5a0e75f65a0c2901562f97cd41cf86?s=96&d=mm&r=g","url":"https:\/\/secure.gravatar.com\/avatar\/0e37bb19071f47c0b8a23f62a903df117c5a0e75f65a0c2901562f97cd41cf86?s=96&d=mm&r=g","contentUrl":"https:\/\/secure.gravatar.com\/avatar\/0e37bb19071f47c0b8a23f62a903df117c5a0e75f65a0c2901562f97cd41cf86?s=96&d=mm&r=g","caption":"ritanery"}}]}},"amp_enabled":true,"_links":{"self":[{"href":"https:\/\/radiolifefm.com.br\/noticias\/wp-json\/wp\/v2\/posts\/65447","targetHints":{"allow":["GET"]}}],"collection":[{"href":"https:\/\/radiolifefm.com.br\/noticias\/wp-json\/wp\/v2\/posts"}],"about":[{"href":"https:\/\/radiolifefm.com.br\/noticias\/wp-json\/wp\/v2\/types\/post"}],"author":[{"embeddable":true,"href":"https:\/\/radiolifefm.com.br\/noticias\/wp-json\/wp\/v2\/users\/13"}],"replies":[{"embeddable":true,"href":"https:\/\/radiolifefm.com.br\/noticias\/wp-json\/wp\/v2\/comments?post=65447"}],"version-history":[{"count":1,"href":"https:\/\/radiolifefm.com.br\/noticias\/wp-json\/wp\/v2\/posts\/65447\/revisions"}],"predecessor-version":[{"id":65448,"href":"https:\/\/radiolifefm.com.br\/noticias\/wp-json\/wp\/v2\/posts\/65447\/revisions\/65448"}],"wp:featuredmedia":[{"embeddable":true,"href":"https:\/\/radiolifefm.com.br\/noticias\/wp-json\/wp\/v2\/media\/51988"}],"wp:attachment":[{"href":"https:\/\/radiolifefm.com.br\/noticias\/wp-json\/wp\/v2\/media?parent=65447"}],"wp:term":[{"taxonomy":"category","embeddable":true,"href":"https:\/\/radiolifefm.com.br\/noticias\/wp-json\/wp\/v2\/categories?post=65447"},{"taxonomy":"post_tag","embeddable":true,"href":"https:\/\/radiolifefm.com.br\/noticias\/wp-json\/wp\/v2\/tags?post=65447"}],"curies":[{"name":"wp","href":"https:\/\/api.w.org\/{rel}","templated":true}]}}