{"id":65283,"date":"2023-02-15T07:59:01","date_gmt":"2023-02-15T10:59:01","guid":{"rendered":"https:\/\/radiolifefm.com.br\/noticias\/?p=65283"},"modified":"2026-04-24T13:47:52","modified_gmt":"2026-04-24T16:47:52","slug":"quadrado-magico-em-terras-provincianas","status":"publish","type":"post","link":"https:\/\/radiolifefm.com.br\/noticias\/quadrado-magico-em-terras-provincianas\/","title":{"rendered":"\u201cQUADRADO M\u00c1GICO\u201d EM TERRAS PROVINCIANAS&#8230;"},"content":{"rendered":"<div id=\"fb-root\"><\/div>\n<p>&nbsp;<\/p>\n<p><em>\u00a0\u201cUM TIME PARA ESQUECER\u201d \u00a0in O ESTADO DE S.PAULO, domingo, 2 de julho de 2006, Ano 127, No. 41165, Edi\u00e7\u00e3o das 20h40\u201d<\/em><\/p>\n<p><em>\u201cFRAN\u00c7A, DE NOVO, ELIMINA O BRASIL\u201d \u00a0in FOLHA DE S.PAULO, domingo, 2 de julho de 2006, Edi\u00e7\u00e3o Nacional\u201d<\/em><\/p>\n<p>&nbsp;<\/p>\n<p><strong><em>S\u00e9rgio Barbosa (*)<\/em><\/strong><\/p>\n<p>&nbsp;<\/p>\n<p>Diz o velho dito tupiniquim que, \u201cdepois do vendaval vem a bonanza&#8230;\u201d, assim, pode-se pensar com mais calma sobre os acontecimentos do s\u00e1bado passado, quando a sele\u00e7\u00e3o canarinho perdeu o rumo e a copa de 2006 para um time que chegou desacreditado em terras alem\u00e3s, ou seja, a sele\u00e7\u00e3o francesa de Zidane&#8230;<\/p>\n<p>Nada demais perder o jogo em pauta, afinal de contas, tal disputa acontece de quatro em quatro anos, portanto, acabou ficando de quatro, novamente, em 2010 no continente africano e depois em 2014&#8230; 2018 (7&#215;1) e agora, 2.022&#8230;<\/p>\n<p>Mas, das terras distantes para o cen\u00e1rio provinciano, neste caso em foco, muitas coisas acabam explicando ou confundindo mais os quadrados de uma prov\u00edncia qualquer, afinal de contas, afirma, ainda, outro dito popular, a saber: \u201ctem gente que, se cair de quatro n\u00e3o levanta mais&#8230;\u201d&#8230;<\/p>\n<p>Todavia, n\u00e3o se pode generalizar com as pessoas e assim por ainda mais neste cen\u00e1rio bovino, quando as mentes est\u00e3o em estado de letargia por causa do poder pelo poder numa institui\u00e7\u00e3o que avan\u00e7a contra tudo e todos para um olhar mais adiante deste tempo novo tempo&#8230;<\/p>\n<p>As trocas nem sempre retratam o mesmo quadro na parede deste ou do outro lado, al\u00e9m do mais, cada qual, busca estar em compasso de espera para um desencontro por meio de um encontro, talvez, a solu\u00e7\u00e3o para este caso seja o tal do \u201cquadrado m\u00e1gico\u201d, se bem que, esta coisa de \u201cquadrado\u201d pode ser vir para outras propostas quando o tema tem como objetivo as mesmices de sempre dos titulares de um time provinciano&#8230;<\/p>\n<p>O problema \u00e9 que os reservas deste tal time, tamb\u00e9m querem dar o golpe pra cima dos velhos camaradas, comenta-se que est\u00e1 na hora da renova\u00e7\u00e3o disto e daquilo, ainda, fica sempre a m\u00e1xima para com tais propostas, a saber: \u201cmudam as moscas, mas a m. \u00e9 a mesma\u201d&#8230;<\/p>\n<p>N\u00e3o se pode ficar alheio aos olhares da cobi\u00e7a para com o outro lado em confronto com a utopia provinciana do passado, portanto, o presente mostra uma outra realidade para a regi\u00e3o em tempo de p\u00f3s-globaliza\u00e7\u00e3o midi\u00e1tica&#8230;<\/p>\n<p>Outra dificuldade \u00e9 a exist\u00eancia dos donos da verdade para com o tal \u201cquadrado m\u00e1gico provinciano\u201d, tamb\u00e9m, de quadrado pode virar um tri\u00e2ngulo, talvez, das bermudas, ainda, uma dupla, neste caso, seria uma duplicidade da mesma vontade com o fato de virar um cara e coroa para distrair o juiz da partida, se bem que, do jeito que anda as coisas para o lado desta arbitragem, pode ter prorroga\u00e7\u00e3o e at\u00e9 mesmo, cobran\u00e7a de p\u00eanaltis!<\/p>\n<p><strong><em>___________________________________________<\/em><\/strong><\/p>\n<p><strong><em>(*) Jornalista diplomado.<\/em><\/strong><\/p>\n<p><strong><em>e-mail: <a href=\"mailto:barbosa.sebar@gmail.com\">barbosa.sebar@gmail.com<\/a><\/em><\/strong><\/p>\n","protected":false},"excerpt":{"rendered":"<p>&nbsp; \u00a0\u201cUM TIME PARA ESQUECER\u201d \u00a0in O ESTADO DE S.PAULO, domingo, 2 de julho de 2006, Ano 127, No. 41165, Edi\u00e7\u00e3o das 20h40\u201d \u201cFRAN\u00c7A, DE NOVO, ELIMINA O BRASIL\u201d \u00a0in FOLHA DE S.PAULO, domingo, 2 de julho de 2006, Edi\u00e7\u00e3o Nacional\u201d &nbsp; S\u00e9rgio Barbosa (*) &nbsp; Diz o velho dito tupiniquim que, \u201cdepois do vendaval [&hellip;]<\/p>\n","protected":false},"author":13,"featured_media":51988,"comment_status":"closed","ping_status":"open","sticky":false,"template":"","format":"standard","meta":{"_acf_changed":false,"_exactmetrics_skip_tracking":false,"_exactmetrics_sitenote_active":false,"_exactmetrics_sitenote_note":"","_exactmetrics_sitenote_category":0,"footnotes":""},"categories":[59],"tags":[],"class_list":["post-65283","post","type-post","status-publish","format-standard","has-post-thumbnail","hentry","category-opiniao"],"acf":[],"yoast_head":"<!-- This site is optimized with the Yoast SEO plugin v27.2 - https:\/\/yoast.com\/product\/yoast-seo-wordpress\/ -->\n<title>\u201cQUADRADO M\u00c1GICO\u201d EM TERRAS PROVINCIANAS... - R\u00e1dio Life FM<\/title>\n<meta name=\"robots\" content=\"index, follow, max-snippet:-1, max-image-preview:large, max-video-preview:-1\" \/>\n<link rel=\"canonical\" href=\"https:\/\/radiolifefm.com.br\/noticias\/quadrado-magico-em-terras-provincianas\/\" \/>\n<meta property=\"og:locale\" content=\"pt_BR\" \/>\n<meta property=\"og:type\" content=\"article\" \/>\n<meta property=\"og:title\" content=\"\u201cQUADRADO M\u00c1GICO\u201d EM TERRAS PROVINCIANAS... - R\u00e1dio Life FM\" \/>\n<meta property=\"og:description\" content=\"&nbsp; \u00a0\u201cUM TIME PARA ESQUECER\u201d \u00a0in O ESTADO DE S.PAULO, domingo, 2 de julho de 2006, Ano 127, No. 41165, Edi\u00e7\u00e3o das 20h40\u201d \u201cFRAN\u00c7A, DE NOVO, ELIMINA O BRASIL\u201d \u00a0in FOLHA DE S.PAULO, domingo, 2 de julho de 2006, Edi\u00e7\u00e3o Nacional\u201d &nbsp; S\u00e9rgio Barbosa (*) &nbsp; Diz o velho dito tupiniquim que, \u201cdepois do vendaval [&hellip;]\" \/>\n<meta property=\"og:url\" content=\"https:\/\/radiolifefm.com.br\/noticias\/quadrado-magico-em-terras-provincianas\/\" \/>\n<meta property=\"og:site_name\" content=\"R\u00e1dio Life FM\" \/>\n<meta property=\"article:publisher\" content=\"https:\/\/www.facebook.com\/radiolifefm\/\" \/>\n<meta property=\"article:published_time\" content=\"2023-02-15T10:59:01+00:00\" \/>\n<meta property=\"article:modified_time\" content=\"2026-04-24T16:47:52+00:00\" \/>\n<meta property=\"og:image\" content=\"https:\/\/radiolifefm.com.br\/noticias\/wp-content\/uploads\/2022\/04\/WhatsApp-Image-2022-04-10-at-18.43.02.jpeg\" \/>\n\t<meta property=\"og:image:width\" content=\"972\" \/>\n\t<meta property=\"og:image:height\" content=\"1296\" \/>\n\t<meta property=\"og:image:type\" content=\"image\/jpeg\" \/>\n<meta name=\"author\" content=\"ritanery\" \/>\n<meta name=\"twitter:card\" content=\"summary_large_image\" \/>\n<meta name=\"twitter:label1\" content=\"Escrito por\" \/>\n\t<meta name=\"twitter:data1\" content=\"ritanery\" \/>\n\t<meta name=\"twitter:label2\" content=\"Est. tempo de leitura\" \/>\n\t<meta name=\"twitter:data2\" content=\"3 minutos\" \/>\n<script type=\"application\/ld+json\" class=\"yoast-schema-graph\">{\"@context\":\"https:\/\/schema.org\",\"@graph\":[{\"@type\":\"Article\",\"@id\":\"https:\/\/radiolifefm.com.br\/noticias\/quadrado-magico-em-terras-provincianas\/#article\",\"isPartOf\":{\"@id\":\"https:\/\/radiolifefm.com.br\/noticias\/quadrado-magico-em-terras-provincianas\/\"},\"author\":{\"name\":\"ritanery\",\"@id\":\"https:\/\/radiolifefm.com.br\/noticias\/#\/schema\/person\/6339b9fac59d12b071dec680d7375d87\"},\"headline\":\"\u201cQUADRADO M\u00c1GICO\u201d EM TERRAS PROVINCIANAS&#8230;\",\"datePublished\":\"2023-02-15T10:59:01+00:00\",\"dateModified\":\"2026-04-24T16:47:52+00:00\",\"mainEntityOfPage\":{\"@id\":\"https:\/\/radiolifefm.com.br\/noticias\/quadrado-magico-em-terras-provincianas\/\"},\"wordCount\":499,\"publisher\":{\"@id\":\"https:\/\/radiolifefm.com.br\/noticias\/#organization\"},\"image\":{\"@id\":\"https:\/\/radiolifefm.com.br\/noticias\/quadrado-magico-em-terras-provincianas\/#primaryimage\"},\"thumbnailUrl\":\"https:\/\/radiolifefm.com.br\/noticias\/wp-content\/uploads\/2022\/04\/WhatsApp-Image-2022-04-10-at-18.43.02.jpeg\",\"articleSection\":[\"Opini\u00e3o\"],\"inLanguage\":\"pt-BR\"},{\"@type\":\"WebPage\",\"@id\":\"https:\/\/radiolifefm.com.br\/noticias\/quadrado-magico-em-terras-provincianas\/\",\"url\":\"https:\/\/radiolifefm.com.br\/noticias\/quadrado-magico-em-terras-provincianas\/\",\"name\":\"\u201cQUADRADO M\u00c1GICO\u201d EM TERRAS PROVINCIANAS... - R\u00e1dio Life FM\",\"isPartOf\":{\"@id\":\"https:\/\/radiolifefm.com.br\/noticias\/#website\"},\"primaryImageOfPage\":{\"@id\":\"https:\/\/radiolifefm.com.br\/noticias\/quadrado-magico-em-terras-provincianas\/#primaryimage\"},\"image\":{\"@id\":\"https:\/\/radiolifefm.com.br\/noticias\/quadrado-magico-em-terras-provincianas\/#primaryimage\"},\"thumbnailUrl\":\"https:\/\/radiolifefm.com.br\/noticias\/wp-content\/uploads\/2022\/04\/WhatsApp-Image-2022-04-10-at-18.43.02.jpeg\",\"datePublished\":\"2023-02-15T10:59:01+00:00\",\"dateModified\":\"2026-04-24T16:47:52+00:00\",\"breadcrumb\":{\"@id\":\"https:\/\/radiolifefm.com.br\/noticias\/quadrado-magico-em-terras-provincianas\/#breadcrumb\"},\"inLanguage\":\"pt-BR\",\"potentialAction\":[{\"@type\":\"ReadAction\",\"target\":[\"https:\/\/radiolifefm.com.br\/noticias\/quadrado-magico-em-terras-provincianas\/\"]}]},{\"@type\":\"ImageObject\",\"inLanguage\":\"pt-BR\",\"@id\":\"https:\/\/radiolifefm.com.br\/noticias\/quadrado-magico-em-terras-provincianas\/#primaryimage\",\"url\":\"https:\/\/radiolifefm.com.br\/noticias\/wp-content\/uploads\/2022\/04\/WhatsApp-Image-2022-04-10-at-18.43.02.jpeg\",\"contentUrl\":\"https:\/\/radiolifefm.com.br\/noticias\/wp-content\/uploads\/2022\/04\/WhatsApp-Image-2022-04-10-at-18.43.02.jpeg\",\"width\":972,\"height\":1296,\"caption\":\"S\u00e9rgio Barbosa\"},{\"@type\":\"BreadcrumbList\",\"@id\":\"https:\/\/radiolifefm.com.br\/noticias\/quadrado-magico-em-terras-provincianas\/#breadcrumb\",\"itemListElement\":[{\"@type\":\"ListItem\",\"position\":1,\"name\":\"In\u00edcio\",\"item\":\"https:\/\/radiolifefm.com.br\/noticias\/\"},{\"@type\":\"ListItem\",\"position\":2,\"name\":\"\u201cQUADRADO M\u00c1GICO\u201d EM TERRAS PROVINCIANAS&#8230;\"}]},{\"@type\":\"WebSite\",\"@id\":\"https:\/\/radiolifefm.com.br\/noticias\/#website\",\"url\":\"https:\/\/radiolifefm.com.br\/noticias\/\",\"name\":\"R\u00e1dio Life FM\",\"description\":\"O Portal de Not\u00edcias de Adamantina\",\"publisher\":{\"@id\":\"https:\/\/radiolifefm.com.br\/noticias\/#organization\"},\"alternateName\":\"Life FM\",\"potentialAction\":[{\"@type\":\"SearchAction\",\"target\":{\"@type\":\"EntryPoint\",\"urlTemplate\":\"https:\/\/radiolifefm.com.br\/noticias\/?s={search_term_string}\"},\"query-input\":{\"@type\":\"PropertyValueSpecification\",\"valueRequired\":true,\"valueName\":\"search_term_string\"}}],\"inLanguage\":\"pt-BR\"},{\"@type\":\"Organization\",\"@id\":\"https:\/\/radiolifefm.com.br\/noticias\/#organization\",\"name\":\"R\u00e1dio Life FM\",\"alternateName\":\"Life FM\",\"url\":\"https:\/\/radiolifefm.com.br\/noticias\/\",\"logo\":{\"@type\":\"ImageObject\",\"inLanguage\":\"pt-BR\",\"@id\":\"https:\/\/radiolifefm.com.br\/noticias\/#\/schema\/logo\/image\/\",\"url\":\"https:\/\/static.radiolifefm.com.br\/noticias\/wp-content\/uploads\/2019\/10\/logo-lifefm.png\",\"contentUrl\":\"https:\/\/static.radiolifefm.com.br\/noticias\/wp-content\/uploads\/2019\/10\/logo-lifefm.png\",\"width\":196,\"height\":47,\"caption\":\"R\u00e1dio Life FM\"},\"image\":{\"@id\":\"https:\/\/radiolifefm.com.br\/noticias\/#\/schema\/logo\/image\/\"},\"sameAs\":[\"https:\/\/www.facebook.com\/radiolifefm\/\",\"https:\/\/www.instagram.com\/life1079fm\/\"]},{\"@type\":\"Person\",\"@id\":\"https:\/\/radiolifefm.com.br\/noticias\/#\/schema\/person\/6339b9fac59d12b071dec680d7375d87\",\"name\":\"ritanery\",\"image\":{\"@type\":\"ImageObject\",\"inLanguage\":\"pt-BR\",\"@id\":\"https:\/\/secure.gravatar.com\/avatar\/0e37bb19071f47c0b8a23f62a903df117c5a0e75f65a0c2901562f97cd41cf86?s=96&d=mm&r=g\",\"url\":\"https:\/\/secure.gravatar.com\/avatar\/0e37bb19071f47c0b8a23f62a903df117c5a0e75f65a0c2901562f97cd41cf86?s=96&d=mm&r=g\",\"contentUrl\":\"https:\/\/secure.gravatar.com\/avatar\/0e37bb19071f47c0b8a23f62a903df117c5a0e75f65a0c2901562f97cd41cf86?s=96&d=mm&r=g\",\"caption\":\"ritanery\"}}]}<\/script>\n<!-- \/ Yoast SEO plugin. -->","yoast_head_json":{"title":"\u201cQUADRADO M\u00c1GICO\u201d EM TERRAS PROVINCIANAS... - R\u00e1dio Life FM","robots":{"index":"index","follow":"follow","max-snippet":"max-snippet:-1","max-image-preview":"max-image-preview:large","max-video-preview":"max-video-preview:-1"},"canonical":"https:\/\/radiolifefm.com.br\/noticias\/quadrado-magico-em-terras-provincianas\/","og_locale":"pt_BR","og_type":"article","og_title":"\u201cQUADRADO M\u00c1GICO\u201d EM TERRAS PROVINCIANAS... - R\u00e1dio Life FM","og_description":"&nbsp; \u00a0\u201cUM TIME PARA ESQUECER\u201d \u00a0in O ESTADO DE S.PAULO, domingo, 2 de julho de 2006, Ano 127, No. 41165, Edi\u00e7\u00e3o das 20h40\u201d \u201cFRAN\u00c7A, DE NOVO, ELIMINA O BRASIL\u201d \u00a0in FOLHA DE S.PAULO, domingo, 2 de julho de 2006, Edi\u00e7\u00e3o Nacional\u201d &nbsp; S\u00e9rgio Barbosa (*) &nbsp; Diz o velho dito tupiniquim que, \u201cdepois do vendaval [&hellip;]","og_url":"https:\/\/radiolifefm.com.br\/noticias\/quadrado-magico-em-terras-provincianas\/","og_site_name":"R\u00e1dio Life FM","article_publisher":"https:\/\/www.facebook.com\/radiolifefm\/","article_published_time":"2023-02-15T10:59:01+00:00","article_modified_time":"2026-04-24T16:47:52+00:00","og_image":[{"width":972,"height":1296,"url":"https:\/\/radiolifefm.com.br\/noticias\/wp-content\/uploads\/2022\/04\/WhatsApp-Image-2022-04-10-at-18.43.02.jpeg","type":"image\/jpeg"}],"author":"ritanery","twitter_card":"summary_large_image","twitter_misc":{"Escrito por":"ritanery","Est. tempo de leitura":"3 minutos"},"schema":{"@context":"https:\/\/schema.org","@graph":[{"@type":"Article","@id":"https:\/\/radiolifefm.com.br\/noticias\/quadrado-magico-em-terras-provincianas\/#article","isPartOf":{"@id":"https:\/\/radiolifefm.com.br\/noticias\/quadrado-magico-em-terras-provincianas\/"},"author":{"name":"ritanery","@id":"https:\/\/radiolifefm.com.br\/noticias\/#\/schema\/person\/6339b9fac59d12b071dec680d7375d87"},"headline":"\u201cQUADRADO M\u00c1GICO\u201d EM TERRAS PROVINCIANAS&#8230;","datePublished":"2023-02-15T10:59:01+00:00","dateModified":"2026-04-24T16:47:52+00:00","mainEntityOfPage":{"@id":"https:\/\/radiolifefm.com.br\/noticias\/quadrado-magico-em-terras-provincianas\/"},"wordCount":499,"publisher":{"@id":"https:\/\/radiolifefm.com.br\/noticias\/#organization"},"image":{"@id":"https:\/\/radiolifefm.com.br\/noticias\/quadrado-magico-em-terras-provincianas\/#primaryimage"},"thumbnailUrl":"https:\/\/radiolifefm.com.br\/noticias\/wp-content\/uploads\/2022\/04\/WhatsApp-Image-2022-04-10-at-18.43.02.jpeg","articleSection":["Opini\u00e3o"],"inLanguage":"pt-BR"},{"@type":"WebPage","@id":"https:\/\/radiolifefm.com.br\/noticias\/quadrado-magico-em-terras-provincianas\/","url":"https:\/\/radiolifefm.com.br\/noticias\/quadrado-magico-em-terras-provincianas\/","name":"\u201cQUADRADO M\u00c1GICO\u201d EM TERRAS PROVINCIANAS... - R\u00e1dio Life FM","isPartOf":{"@id":"https:\/\/radiolifefm.com.br\/noticias\/#website"},"primaryImageOfPage":{"@id":"https:\/\/radiolifefm.com.br\/noticias\/quadrado-magico-em-terras-provincianas\/#primaryimage"},"image":{"@id":"https:\/\/radiolifefm.com.br\/noticias\/quadrado-magico-em-terras-provincianas\/#primaryimage"},"thumbnailUrl":"https:\/\/radiolifefm.com.br\/noticias\/wp-content\/uploads\/2022\/04\/WhatsApp-Image-2022-04-10-at-18.43.02.jpeg","datePublished":"2023-02-15T10:59:01+00:00","dateModified":"2026-04-24T16:47:52+00:00","breadcrumb":{"@id":"https:\/\/radiolifefm.com.br\/noticias\/quadrado-magico-em-terras-provincianas\/#breadcrumb"},"inLanguage":"pt-BR","potentialAction":[{"@type":"ReadAction","target":["https:\/\/radiolifefm.com.br\/noticias\/quadrado-magico-em-terras-provincianas\/"]}]},{"@type":"ImageObject","inLanguage":"pt-BR","@id":"https:\/\/radiolifefm.com.br\/noticias\/quadrado-magico-em-terras-provincianas\/#primaryimage","url":"https:\/\/radiolifefm.com.br\/noticias\/wp-content\/uploads\/2022\/04\/WhatsApp-Image-2022-04-10-at-18.43.02.jpeg","contentUrl":"https:\/\/radiolifefm.com.br\/noticias\/wp-content\/uploads\/2022\/04\/WhatsApp-Image-2022-04-10-at-18.43.02.jpeg","width":972,"height":1296,"caption":"S\u00e9rgio Barbosa"},{"@type":"BreadcrumbList","@id":"https:\/\/radiolifefm.com.br\/noticias\/quadrado-magico-em-terras-provincianas\/#breadcrumb","itemListElement":[{"@type":"ListItem","position":1,"name":"In\u00edcio","item":"https:\/\/radiolifefm.com.br\/noticias\/"},{"@type":"ListItem","position":2,"name":"\u201cQUADRADO M\u00c1GICO\u201d EM TERRAS PROVINCIANAS&#8230;"}]},{"@type":"WebSite","@id":"https:\/\/radiolifefm.com.br\/noticias\/#website","url":"https:\/\/radiolifefm.com.br\/noticias\/","name":"R\u00e1dio Life FM","description":"O Portal de Not\u00edcias de Adamantina","publisher":{"@id":"https:\/\/radiolifefm.com.br\/noticias\/#organization"},"alternateName":"Life FM","potentialAction":[{"@type":"SearchAction","target":{"@type":"EntryPoint","urlTemplate":"https:\/\/radiolifefm.com.br\/noticias\/?s={search_term_string}"},"query-input":{"@type":"PropertyValueSpecification","valueRequired":true,"valueName":"search_term_string"}}],"inLanguage":"pt-BR"},{"@type":"Organization","@id":"https:\/\/radiolifefm.com.br\/noticias\/#organization","name":"R\u00e1dio Life FM","alternateName":"Life FM","url":"https:\/\/radiolifefm.com.br\/noticias\/","logo":{"@type":"ImageObject","inLanguage":"pt-BR","@id":"https:\/\/radiolifefm.com.br\/noticias\/#\/schema\/logo\/image\/","url":"https:\/\/static.radiolifefm.com.br\/noticias\/wp-content\/uploads\/2019\/10\/logo-lifefm.png","contentUrl":"https:\/\/static.radiolifefm.com.br\/noticias\/wp-content\/uploads\/2019\/10\/logo-lifefm.png","width":196,"height":47,"caption":"R\u00e1dio Life FM"},"image":{"@id":"https:\/\/radiolifefm.com.br\/noticias\/#\/schema\/logo\/image\/"},"sameAs":["https:\/\/www.facebook.com\/radiolifefm\/","https:\/\/www.instagram.com\/life1079fm\/"]},{"@type":"Person","@id":"https:\/\/radiolifefm.com.br\/noticias\/#\/schema\/person\/6339b9fac59d12b071dec680d7375d87","name":"ritanery","image":{"@type":"ImageObject","inLanguage":"pt-BR","@id":"https:\/\/secure.gravatar.com\/avatar\/0e37bb19071f47c0b8a23f62a903df117c5a0e75f65a0c2901562f97cd41cf86?s=96&d=mm&r=g","url":"https:\/\/secure.gravatar.com\/avatar\/0e37bb19071f47c0b8a23f62a903df117c5a0e75f65a0c2901562f97cd41cf86?s=96&d=mm&r=g","contentUrl":"https:\/\/secure.gravatar.com\/avatar\/0e37bb19071f47c0b8a23f62a903df117c5a0e75f65a0c2901562f97cd41cf86?s=96&d=mm&r=g","caption":"ritanery"}}]}},"amp_enabled":true,"_links":{"self":[{"href":"https:\/\/radiolifefm.com.br\/noticias\/wp-json\/wp\/v2\/posts\/65283","targetHints":{"allow":["GET"]}}],"collection":[{"href":"https:\/\/radiolifefm.com.br\/noticias\/wp-json\/wp\/v2\/posts"}],"about":[{"href":"https:\/\/radiolifefm.com.br\/noticias\/wp-json\/wp\/v2\/types\/post"}],"author":[{"embeddable":true,"href":"https:\/\/radiolifefm.com.br\/noticias\/wp-json\/wp\/v2\/users\/13"}],"replies":[{"embeddable":true,"href":"https:\/\/radiolifefm.com.br\/noticias\/wp-json\/wp\/v2\/comments?post=65283"}],"version-history":[{"count":1,"href":"https:\/\/radiolifefm.com.br\/noticias\/wp-json\/wp\/v2\/posts\/65283\/revisions"}],"predecessor-version":[{"id":65284,"href":"https:\/\/radiolifefm.com.br\/noticias\/wp-json\/wp\/v2\/posts\/65283\/revisions\/65284"}],"wp:featuredmedia":[{"embeddable":true,"href":"https:\/\/radiolifefm.com.br\/noticias\/wp-json\/wp\/v2\/media\/51988"}],"wp:attachment":[{"href":"https:\/\/radiolifefm.com.br\/noticias\/wp-json\/wp\/v2\/media?parent=65283"}],"wp:term":[{"taxonomy":"category","embeddable":true,"href":"https:\/\/radiolifefm.com.br\/noticias\/wp-json\/wp\/v2\/categories?post=65283"},{"taxonomy":"post_tag","embeddable":true,"href":"https:\/\/radiolifefm.com.br\/noticias\/wp-json\/wp\/v2\/tags?post=65283"}],"curies":[{"name":"wp","href":"https:\/\/api.w.org\/{rel}","templated":true}]}}