{"id":65151,"date":"2023-02-12T20:42:30","date_gmt":"2023-02-12T23:42:30","guid":{"rendered":"https:\/\/radiolifefm.com.br\/noticias\/?p=65151"},"modified":"2026-04-12T23:29:35","modified_gmt":"2026-04-13T02:29:35","slug":"prefeitura-de-adamantina-lancara-projeto-decks-urbanos","status":"publish","type":"post","link":"https:\/\/radiolifefm.com.br\/noticias\/prefeitura-de-adamantina-lancara-projeto-decks-urbanos\/","title":{"rendered":"Prefeitura de Adamantina lan\u00e7ar\u00e1 projeto \u201cDecks Urbanos\u201d"},"content":{"rendered":"<div id=\"fb-root\"><\/div>\n<p>Adamantina ganhar\u00e1 o projeto \u201cDecks Urbanos\u201d. Na manh\u00e3 de hoje (10), foi realizada uma reuni\u00e3o que tem como objetivo permitir que os donos de estabelecimentos do ramo aliment\u00edcio possam fazer uma extens\u00e3o de suas cal\u00e7adas. A iniciativa j\u00e1 vem sendo muito utilizada em munic\u00edpios que s\u00e3o de interesse tur\u00edstico.<\/p>\n<p>Participaram do encontro o prefeito M\u00e1rcio Cardim, Sergio Vanderlei da Silva, secret\u00e1rio de Cultura e Turismo, Gilmar Bosso, secret\u00e1rio de Fiscaliza\u00e7\u00e3o e Arrecada\u00e7\u00e3o Tribut\u00e1ria, Luciana Pereira, secret\u00e1ria de Desenvolvimento Econ\u00f4mico e Luciana Tecco, do setor de Fiscaliza\u00e7\u00e3o.<\/p>\n<p>O projeto piloto ser\u00e1 implantado em frente a Biblioteca Municipal \u201cJurema Citelli\u201d. O objetivo \u00e9 justamente trazer uma ideia j\u00e1 bem estruturada em outros munic\u00edpios para a nossa cidade, gerando um aumento do espa\u00e7o dos bares e restaurantes, atraindo mais consumidores\u201d, afirma S\u00e9rgio Vanderlei.<\/p>\n<p>O projeto &#8220;Decks Urbanos&#8221; ser\u00e1 devidamente regulamentado a fim de estabelecer todas as normas que dever\u00e3o ser seguidas, gerando seguran\u00e7a para os usu\u00e1rios desses novos espa\u00e7os.<\/p>\n<p>\u201cRefor\u00e7amos que a ades\u00e3o ao projeto n\u00e3o ser\u00e1 obrigat\u00f3ria, por\u00e9m a iniciativa \u00e9 mais uma forma que a Prefeitura de Adamantina est\u00e1 atuando voltada ao desenvolvimento do munic\u00edpio, pois vai atrair turistas, movimentar a cidade e fomentar a economia\u201d, finaliza Luciana.<\/p>\n<div class='flex flex-wrap items-center -mx-1'>\r\n<a class='thumbnail gallery p-1 w-1\/2 md:w-1\/4' href='https:\/\/radiolifefm.com.br\/noticias\/wp-content\/uploads\/2023\/02\/foto1.jpeg'><img class='border border-white' src='https:\/\/radiolifefm.com.br\/noticias\/wp-content\/uploads\/2023\/02\/foto1-200x200.jpeg' alt='Foto1' \/><\/a><a class='thumbnail gallery p-1 w-1\/2 md:w-1\/4' href='https:\/\/radiolifefm.com.br\/noticias\/wp-content\/uploads\/2023\/02\/foto-1-1.jpeg'><img class='border border-white' src='https:\/\/radiolifefm.com.br\/noticias\/wp-content\/uploads\/2023\/02\/foto-1-1-200x200.jpeg' alt='Foto (1)' \/><\/a><a class='thumbnail gallery p-1 w-1\/2 md:w-1\/4' href='https:\/\/radiolifefm.com.br\/noticias\/wp-content\/uploads\/2023\/02\/foto-3.jpeg'><img class='border border-white' src='https:\/\/radiolifefm.com.br\/noticias\/wp-content\/uploads\/2023\/02\/foto-3-200x200.jpeg' alt='Foto 3' \/><\/a><\/div>\n<p>Fonte: Assessoria de Imprensa<\/p>\n","protected":false},"excerpt":{"rendered":"<p>Adamantina ganhar\u00e1 o projeto \u201cDecks Urbanos\u201d. Na manh\u00e3 de hoje (10), foi realizada uma reuni\u00e3o que tem como objetivo permitir que os donos de estabelecimentos do ramo aliment\u00edcio possam fazer uma extens\u00e3o de suas cal\u00e7adas. A iniciativa j\u00e1 vem sendo muito utilizada em munic\u00edpios que s\u00e3o de interesse tur\u00edstico. Participaram do encontro o prefeito M\u00e1rcio [&hellip;]<\/p>\n","protected":false},"author":13,"featured_media":65152,"comment_status":"closed","ping_status":"open","sticky":false,"template":"","format":"standard","meta":{"_acf_changed":false,"_exactmetrics_skip_tracking":false,"_exactmetrics_sitenote_active":false,"_exactmetrics_sitenote_note":"","_exactmetrics_sitenote_category":0,"footnotes":""},"categories":[21],"tags":[],"class_list":["post-65151","post","type-post","status-publish","format-standard","has-post-thumbnail","hentry","category-adamantina"],"acf":[],"yoast_head":"<!-- This site is optimized with the Yoast SEO plugin v27.2 - https:\/\/yoast.com\/product\/yoast-seo-wordpress\/ -->\n<title>Prefeitura de Adamantina lan\u00e7ar\u00e1 projeto \u201cDecks Urbanos\u201d - R\u00e1dio Life FM<\/title>\n<meta name=\"robots\" content=\"index, follow, max-snippet:-1, max-image-preview:large, max-video-preview:-1\" \/>\n<link rel=\"canonical\" href=\"https:\/\/radiolifefm.com.br\/noticias\/prefeitura-de-adamantina-lancara-projeto-decks-urbanos\/\" \/>\n<meta property=\"og:locale\" content=\"pt_BR\" \/>\n<meta property=\"og:type\" content=\"article\" \/>\n<meta property=\"og:title\" content=\"Prefeitura de Adamantina lan\u00e7ar\u00e1 projeto \u201cDecks Urbanos\u201d - R\u00e1dio Life FM\" \/>\n<meta property=\"og:description\" content=\"Adamantina ganhar\u00e1 o projeto \u201cDecks Urbanos\u201d. Na manh\u00e3 de hoje (10), foi realizada uma reuni\u00e3o que tem como objetivo permitir que os donos de estabelecimentos do ramo aliment\u00edcio possam fazer uma extens\u00e3o de suas cal\u00e7adas. A iniciativa j\u00e1 vem sendo muito utilizada em munic\u00edpios que s\u00e3o de interesse tur\u00edstico. Participaram do encontro o prefeito M\u00e1rcio [&hellip;]\" \/>\n<meta property=\"og:url\" content=\"https:\/\/radiolifefm.com.br\/noticias\/prefeitura-de-adamantina-lancara-projeto-decks-urbanos\/\" \/>\n<meta property=\"og:site_name\" content=\"R\u00e1dio Life FM\" \/>\n<meta property=\"article:publisher\" content=\"https:\/\/www.facebook.com\/radiolifefm\/\" \/>\n<meta property=\"article:published_time\" content=\"2023-02-12T23:42:30+00:00\" \/>\n<meta property=\"article:modified_time\" content=\"2026-04-13T02:29:35+00:00\" \/>\n<meta property=\"og:image\" content=\"https:\/\/radiolifefm.com.br\/noticias\/wp-content\/uploads\/2023\/02\/projeto.jpeg\" \/>\n\t<meta property=\"og:image:width\" content=\"1427\" \/>\n\t<meta property=\"og:image:height\" content=\"1080\" \/>\n\t<meta property=\"og:image:type\" content=\"image\/jpeg\" \/>\n<meta name=\"author\" content=\"ritanery\" \/>\n<meta name=\"twitter:card\" content=\"summary_large_image\" \/>\n<meta name=\"twitter:label1\" content=\"Escrito por\" \/>\n\t<meta name=\"twitter:data1\" content=\"ritanery\" \/>\n\t<meta name=\"twitter:label2\" content=\"Est. tempo de leitura\" \/>\n\t<meta name=\"twitter:data2\" content=\"2 minutos\" \/>\n<script type=\"application\/ld+json\" class=\"yoast-schema-graph\">{\"@context\":\"https:\/\/schema.org\",\"@graph\":[{\"@type\":\"Article\",\"@id\":\"https:\/\/radiolifefm.com.br\/noticias\/prefeitura-de-adamantina-lancara-projeto-decks-urbanos\/#article\",\"isPartOf\":{\"@id\":\"https:\/\/radiolifefm.com.br\/noticias\/prefeitura-de-adamantina-lancara-projeto-decks-urbanos\/\"},\"author\":{\"name\":\"ritanery\",\"@id\":\"https:\/\/radiolifefm.com.br\/noticias\/#\/schema\/person\/6339b9fac59d12b071dec680d7375d87\"},\"headline\":\"Prefeitura de Adamantina lan\u00e7ar\u00e1 projeto \u201cDecks Urbanos\u201d\",\"datePublished\":\"2023-02-12T23:42:30+00:00\",\"dateModified\":\"2026-04-13T02:29:35+00:00\",\"mainEntityOfPage\":{\"@id\":\"https:\/\/radiolifefm.com.br\/noticias\/prefeitura-de-adamantina-lancara-projeto-decks-urbanos\/\"},\"wordCount\":239,\"publisher\":{\"@id\":\"https:\/\/radiolifefm.com.br\/noticias\/#organization\"},\"image\":{\"@id\":\"https:\/\/radiolifefm.com.br\/noticias\/prefeitura-de-adamantina-lancara-projeto-decks-urbanos\/#primaryimage\"},\"thumbnailUrl\":\"https:\/\/radiolifefm.com.br\/noticias\/wp-content\/uploads\/2023\/02\/projeto.jpeg\",\"articleSection\":[\"Adamantina\"],\"inLanguage\":\"pt-BR\"},{\"@type\":\"WebPage\",\"@id\":\"https:\/\/radiolifefm.com.br\/noticias\/prefeitura-de-adamantina-lancara-projeto-decks-urbanos\/\",\"url\":\"https:\/\/radiolifefm.com.br\/noticias\/prefeitura-de-adamantina-lancara-projeto-decks-urbanos\/\",\"name\":\"Prefeitura de Adamantina lan\u00e7ar\u00e1 projeto \u201cDecks Urbanos\u201d - R\u00e1dio Life FM\",\"isPartOf\":{\"@id\":\"https:\/\/radiolifefm.com.br\/noticias\/#website\"},\"primaryImageOfPage\":{\"@id\":\"https:\/\/radiolifefm.com.br\/noticias\/prefeitura-de-adamantina-lancara-projeto-decks-urbanos\/#primaryimage\"},\"image\":{\"@id\":\"https:\/\/radiolifefm.com.br\/noticias\/prefeitura-de-adamantina-lancara-projeto-decks-urbanos\/#primaryimage\"},\"thumbnailUrl\":\"https:\/\/radiolifefm.com.br\/noticias\/wp-content\/uploads\/2023\/02\/projeto.jpeg\",\"datePublished\":\"2023-02-12T23:42:30+00:00\",\"dateModified\":\"2026-04-13T02:29:35+00:00\",\"breadcrumb\":{\"@id\":\"https:\/\/radiolifefm.com.br\/noticias\/prefeitura-de-adamantina-lancara-projeto-decks-urbanos\/#breadcrumb\"},\"inLanguage\":\"pt-BR\",\"potentialAction\":[{\"@type\":\"ReadAction\",\"target\":[\"https:\/\/radiolifefm.com.br\/noticias\/prefeitura-de-adamantina-lancara-projeto-decks-urbanos\/\"]}]},{\"@type\":\"ImageObject\",\"inLanguage\":\"pt-BR\",\"@id\":\"https:\/\/radiolifefm.com.br\/noticias\/prefeitura-de-adamantina-lancara-projeto-decks-urbanos\/#primaryimage\",\"url\":\"https:\/\/radiolifefm.com.br\/noticias\/wp-content\/uploads\/2023\/02\/projeto.jpeg\",\"contentUrl\":\"https:\/\/radiolifefm.com.br\/noticias\/wp-content\/uploads\/2023\/02\/projeto.jpeg\",\"width\":1427,\"height\":1080,\"caption\":\"Lan\u00e7amento ser\u00e1 realizado na Biblioteca Municipal \u201cJurema Citelli\u201d\"},{\"@type\":\"BreadcrumbList\",\"@id\":\"https:\/\/radiolifefm.com.br\/noticias\/prefeitura-de-adamantina-lancara-projeto-decks-urbanos\/#breadcrumb\",\"itemListElement\":[{\"@type\":\"ListItem\",\"position\":1,\"name\":\"In\u00edcio\",\"item\":\"https:\/\/radiolifefm.com.br\/noticias\/\"},{\"@type\":\"ListItem\",\"position\":2,\"name\":\"Prefeitura de Adamantina lan\u00e7ar\u00e1 projeto \u201cDecks Urbanos\u201d\"}]},{\"@type\":\"WebSite\",\"@id\":\"https:\/\/radiolifefm.com.br\/noticias\/#website\",\"url\":\"https:\/\/radiolifefm.com.br\/noticias\/\",\"name\":\"R\u00e1dio Life FM\",\"description\":\"O Portal de Not\u00edcias de Adamantina\",\"publisher\":{\"@id\":\"https:\/\/radiolifefm.com.br\/noticias\/#organization\"},\"alternateName\":\"Life FM\",\"potentialAction\":[{\"@type\":\"SearchAction\",\"target\":{\"@type\":\"EntryPoint\",\"urlTemplate\":\"https:\/\/radiolifefm.com.br\/noticias\/?s={search_term_string}\"},\"query-input\":{\"@type\":\"PropertyValueSpecification\",\"valueRequired\":true,\"valueName\":\"search_term_string\"}}],\"inLanguage\":\"pt-BR\"},{\"@type\":\"Organization\",\"@id\":\"https:\/\/radiolifefm.com.br\/noticias\/#organization\",\"name\":\"R\u00e1dio Life FM\",\"alternateName\":\"Life FM\",\"url\":\"https:\/\/radiolifefm.com.br\/noticias\/\",\"logo\":{\"@type\":\"ImageObject\",\"inLanguage\":\"pt-BR\",\"@id\":\"https:\/\/radiolifefm.com.br\/noticias\/#\/schema\/logo\/image\/\",\"url\":\"https:\/\/static.radiolifefm.com.br\/noticias\/wp-content\/uploads\/2019\/10\/logo-lifefm.png\",\"contentUrl\":\"https:\/\/static.radiolifefm.com.br\/noticias\/wp-content\/uploads\/2019\/10\/logo-lifefm.png\",\"width\":196,\"height\":47,\"caption\":\"R\u00e1dio Life FM\"},\"image\":{\"@id\":\"https:\/\/radiolifefm.com.br\/noticias\/#\/schema\/logo\/image\/\"},\"sameAs\":[\"https:\/\/www.facebook.com\/radiolifefm\/\",\"https:\/\/www.instagram.com\/life1079fm\/\"]},{\"@type\":\"Person\",\"@id\":\"https:\/\/radiolifefm.com.br\/noticias\/#\/schema\/person\/6339b9fac59d12b071dec680d7375d87\",\"name\":\"ritanery\",\"image\":{\"@type\":\"ImageObject\",\"inLanguage\":\"pt-BR\",\"@id\":\"https:\/\/secure.gravatar.com\/avatar\/0e37bb19071f47c0b8a23f62a903df117c5a0e75f65a0c2901562f97cd41cf86?s=96&d=mm&r=g\",\"url\":\"https:\/\/secure.gravatar.com\/avatar\/0e37bb19071f47c0b8a23f62a903df117c5a0e75f65a0c2901562f97cd41cf86?s=96&d=mm&r=g\",\"contentUrl\":\"https:\/\/secure.gravatar.com\/avatar\/0e37bb19071f47c0b8a23f62a903df117c5a0e75f65a0c2901562f97cd41cf86?s=96&d=mm&r=g\",\"caption\":\"ritanery\"}}]}<\/script>\n<!-- \/ Yoast SEO plugin. -->","yoast_head_json":{"title":"Prefeitura de Adamantina lan\u00e7ar\u00e1 projeto \u201cDecks Urbanos\u201d - R\u00e1dio Life FM","robots":{"index":"index","follow":"follow","max-snippet":"max-snippet:-1","max-image-preview":"max-image-preview:large","max-video-preview":"max-video-preview:-1"},"canonical":"https:\/\/radiolifefm.com.br\/noticias\/prefeitura-de-adamantina-lancara-projeto-decks-urbanos\/","og_locale":"pt_BR","og_type":"article","og_title":"Prefeitura de Adamantina lan\u00e7ar\u00e1 projeto \u201cDecks Urbanos\u201d - R\u00e1dio Life FM","og_description":"Adamantina ganhar\u00e1 o projeto \u201cDecks Urbanos\u201d. Na manh\u00e3 de hoje (10), foi realizada uma reuni\u00e3o que tem como objetivo permitir que os donos de estabelecimentos do ramo aliment\u00edcio possam fazer uma extens\u00e3o de suas cal\u00e7adas. A iniciativa j\u00e1 vem sendo muito utilizada em munic\u00edpios que s\u00e3o de interesse tur\u00edstico. Participaram do encontro o prefeito M\u00e1rcio [&hellip;]","og_url":"https:\/\/radiolifefm.com.br\/noticias\/prefeitura-de-adamantina-lancara-projeto-decks-urbanos\/","og_site_name":"R\u00e1dio Life FM","article_publisher":"https:\/\/www.facebook.com\/radiolifefm\/","article_published_time":"2023-02-12T23:42:30+00:00","article_modified_time":"2026-04-13T02:29:35+00:00","og_image":[{"width":1427,"height":1080,"url":"https:\/\/radiolifefm.com.br\/noticias\/wp-content\/uploads\/2023\/02\/projeto.jpeg","type":"image\/jpeg"}],"author":"ritanery","twitter_card":"summary_large_image","twitter_misc":{"Escrito por":"ritanery","Est. tempo de leitura":"2 minutos"},"schema":{"@context":"https:\/\/schema.org","@graph":[{"@type":"Article","@id":"https:\/\/radiolifefm.com.br\/noticias\/prefeitura-de-adamantina-lancara-projeto-decks-urbanos\/#article","isPartOf":{"@id":"https:\/\/radiolifefm.com.br\/noticias\/prefeitura-de-adamantina-lancara-projeto-decks-urbanos\/"},"author":{"name":"ritanery","@id":"https:\/\/radiolifefm.com.br\/noticias\/#\/schema\/person\/6339b9fac59d12b071dec680d7375d87"},"headline":"Prefeitura de Adamantina lan\u00e7ar\u00e1 projeto \u201cDecks Urbanos\u201d","datePublished":"2023-02-12T23:42:30+00:00","dateModified":"2026-04-13T02:29:35+00:00","mainEntityOfPage":{"@id":"https:\/\/radiolifefm.com.br\/noticias\/prefeitura-de-adamantina-lancara-projeto-decks-urbanos\/"},"wordCount":239,"publisher":{"@id":"https:\/\/radiolifefm.com.br\/noticias\/#organization"},"image":{"@id":"https:\/\/radiolifefm.com.br\/noticias\/prefeitura-de-adamantina-lancara-projeto-decks-urbanos\/#primaryimage"},"thumbnailUrl":"https:\/\/radiolifefm.com.br\/noticias\/wp-content\/uploads\/2023\/02\/projeto.jpeg","articleSection":["Adamantina"],"inLanguage":"pt-BR"},{"@type":"WebPage","@id":"https:\/\/radiolifefm.com.br\/noticias\/prefeitura-de-adamantina-lancara-projeto-decks-urbanos\/","url":"https:\/\/radiolifefm.com.br\/noticias\/prefeitura-de-adamantina-lancara-projeto-decks-urbanos\/","name":"Prefeitura de Adamantina lan\u00e7ar\u00e1 projeto \u201cDecks Urbanos\u201d - R\u00e1dio Life FM","isPartOf":{"@id":"https:\/\/radiolifefm.com.br\/noticias\/#website"},"primaryImageOfPage":{"@id":"https:\/\/radiolifefm.com.br\/noticias\/prefeitura-de-adamantina-lancara-projeto-decks-urbanos\/#primaryimage"},"image":{"@id":"https:\/\/radiolifefm.com.br\/noticias\/prefeitura-de-adamantina-lancara-projeto-decks-urbanos\/#primaryimage"},"thumbnailUrl":"https:\/\/radiolifefm.com.br\/noticias\/wp-content\/uploads\/2023\/02\/projeto.jpeg","datePublished":"2023-02-12T23:42:30+00:00","dateModified":"2026-04-13T02:29:35+00:00","breadcrumb":{"@id":"https:\/\/radiolifefm.com.br\/noticias\/prefeitura-de-adamantina-lancara-projeto-decks-urbanos\/#breadcrumb"},"inLanguage":"pt-BR","potentialAction":[{"@type":"ReadAction","target":["https:\/\/radiolifefm.com.br\/noticias\/prefeitura-de-adamantina-lancara-projeto-decks-urbanos\/"]}]},{"@type":"ImageObject","inLanguage":"pt-BR","@id":"https:\/\/radiolifefm.com.br\/noticias\/prefeitura-de-adamantina-lancara-projeto-decks-urbanos\/#primaryimage","url":"https:\/\/radiolifefm.com.br\/noticias\/wp-content\/uploads\/2023\/02\/projeto.jpeg","contentUrl":"https:\/\/radiolifefm.com.br\/noticias\/wp-content\/uploads\/2023\/02\/projeto.jpeg","width":1427,"height":1080,"caption":"Lan\u00e7amento ser\u00e1 realizado na Biblioteca Municipal \u201cJurema Citelli\u201d"},{"@type":"BreadcrumbList","@id":"https:\/\/radiolifefm.com.br\/noticias\/prefeitura-de-adamantina-lancara-projeto-decks-urbanos\/#breadcrumb","itemListElement":[{"@type":"ListItem","position":1,"name":"In\u00edcio","item":"https:\/\/radiolifefm.com.br\/noticias\/"},{"@type":"ListItem","position":2,"name":"Prefeitura de Adamantina lan\u00e7ar\u00e1 projeto \u201cDecks Urbanos\u201d"}]},{"@type":"WebSite","@id":"https:\/\/radiolifefm.com.br\/noticias\/#website","url":"https:\/\/radiolifefm.com.br\/noticias\/","name":"R\u00e1dio Life FM","description":"O Portal de Not\u00edcias de Adamantina","publisher":{"@id":"https:\/\/radiolifefm.com.br\/noticias\/#organization"},"alternateName":"Life FM","potentialAction":[{"@type":"SearchAction","target":{"@type":"EntryPoint","urlTemplate":"https:\/\/radiolifefm.com.br\/noticias\/?s={search_term_string}"},"query-input":{"@type":"PropertyValueSpecification","valueRequired":true,"valueName":"search_term_string"}}],"inLanguage":"pt-BR"},{"@type":"Organization","@id":"https:\/\/radiolifefm.com.br\/noticias\/#organization","name":"R\u00e1dio Life FM","alternateName":"Life FM","url":"https:\/\/radiolifefm.com.br\/noticias\/","logo":{"@type":"ImageObject","inLanguage":"pt-BR","@id":"https:\/\/radiolifefm.com.br\/noticias\/#\/schema\/logo\/image\/","url":"https:\/\/static.radiolifefm.com.br\/noticias\/wp-content\/uploads\/2019\/10\/logo-lifefm.png","contentUrl":"https:\/\/static.radiolifefm.com.br\/noticias\/wp-content\/uploads\/2019\/10\/logo-lifefm.png","width":196,"height":47,"caption":"R\u00e1dio Life FM"},"image":{"@id":"https:\/\/radiolifefm.com.br\/noticias\/#\/schema\/logo\/image\/"},"sameAs":["https:\/\/www.facebook.com\/radiolifefm\/","https:\/\/www.instagram.com\/life1079fm\/"]},{"@type":"Person","@id":"https:\/\/radiolifefm.com.br\/noticias\/#\/schema\/person\/6339b9fac59d12b071dec680d7375d87","name":"ritanery","image":{"@type":"ImageObject","inLanguage":"pt-BR","@id":"https:\/\/secure.gravatar.com\/avatar\/0e37bb19071f47c0b8a23f62a903df117c5a0e75f65a0c2901562f97cd41cf86?s=96&d=mm&r=g","url":"https:\/\/secure.gravatar.com\/avatar\/0e37bb19071f47c0b8a23f62a903df117c5a0e75f65a0c2901562f97cd41cf86?s=96&d=mm&r=g","contentUrl":"https:\/\/secure.gravatar.com\/avatar\/0e37bb19071f47c0b8a23f62a903df117c5a0e75f65a0c2901562f97cd41cf86?s=96&d=mm&r=g","caption":"ritanery"}}]}},"amp_enabled":true,"_links":{"self":[{"href":"https:\/\/radiolifefm.com.br\/noticias\/wp-json\/wp\/v2\/posts\/65151","targetHints":{"allow":["GET"]}}],"collection":[{"href":"https:\/\/radiolifefm.com.br\/noticias\/wp-json\/wp\/v2\/posts"}],"about":[{"href":"https:\/\/radiolifefm.com.br\/noticias\/wp-json\/wp\/v2\/types\/post"}],"author":[{"embeddable":true,"href":"https:\/\/radiolifefm.com.br\/noticias\/wp-json\/wp\/v2\/users\/13"}],"replies":[{"embeddable":true,"href":"https:\/\/radiolifefm.com.br\/noticias\/wp-json\/wp\/v2\/comments?post=65151"}],"version-history":[{"count":1,"href":"https:\/\/radiolifefm.com.br\/noticias\/wp-json\/wp\/v2\/posts\/65151\/revisions"}],"predecessor-version":[{"id":65156,"href":"https:\/\/radiolifefm.com.br\/noticias\/wp-json\/wp\/v2\/posts\/65151\/revisions\/65156"}],"wp:featuredmedia":[{"embeddable":true,"href":"https:\/\/radiolifefm.com.br\/noticias\/wp-json\/wp\/v2\/media\/65152"}],"wp:attachment":[{"href":"https:\/\/radiolifefm.com.br\/noticias\/wp-json\/wp\/v2\/media?parent=65151"}],"wp:term":[{"taxonomy":"category","embeddable":true,"href":"https:\/\/radiolifefm.com.br\/noticias\/wp-json\/wp\/v2\/categories?post=65151"},{"taxonomy":"post_tag","embeddable":true,"href":"https:\/\/radiolifefm.com.br\/noticias\/wp-json\/wp\/v2\/tags?post=65151"}],"curies":[{"name":"wp","href":"https:\/\/api.w.org\/{rel}","templated":true}]}}