{"id":64931,"date":"2023-02-10T09:09:57","date_gmt":"2023-02-10T12:09:57","guid":{"rendered":"https:\/\/radiolifefm.com.br\/noticias\/?p=64931"},"modified":"2026-04-27T13:52:31","modified_gmt":"2026-04-27T16:52:31","slug":"novo-tempo-novo-nos-desencontros-do-tempo-novo-tempo","status":"publish","type":"post","link":"https:\/\/radiolifefm.com.br\/noticias\/novo-tempo-novo-nos-desencontros-do-tempo-novo-tempo\/","title":{"rendered":"NOVO TEMPO NOVO NOS DESENCONTROS DO TEMPO NOVO TEMPO&#8230;"},"content":{"rendered":"<div id=\"fb-root\"><\/div>\n<p><em>&#8220;O fatalismo \u00e9 sempre uma doen\u00e7a do pensamento ou, uma fraqueza da vontade.&#8221; (Montegazza)<\/em><\/p>\n<p><strong><em>S\u00e9rgio Barbosa (*)<\/em><\/strong><\/p>\n<p>Neste novo tempo novo, pode-se afirmar que os desencontros est\u00e3o ocorrendo em todas as \u00e1reas do poder p\u00fablico, portanto, as coisas est\u00e3o mais ou menos assim, &#8220;se ficar, o bicho come, se correr, o bicho pega&#8221;&#8230;<\/p>\n<p>Uma das muitas quest\u00f5es que continua perdida neste ou naquele canto da prov\u00edncia tem e ver, por\u00e9m, pode n\u00e3o ter nada a ver, com o comando central do quinto andar&#8230;<\/p>\n<p>N\u00e3o se pode ficar alheio aos desmandos deste novo tempo novo, assim, mesmo acreditando que &#8220;assim caminha a humanidade&#8221;, faz-se necess\u00e1rio estar em sintonia com aquele novo tempo novo que est\u00e1 se tornando um velho tempo velho&#8230;<\/p>\n<p>Que a comunidade provinciana possa estar em conex\u00e3o com as propostas mediadas ou intermediadas, como sempre, dependendo deste ou daquele lado, tamb\u00e9m, se carrega este ou aquele n\u00famero nas costas ou na testa para um registro a mais neste novo tempo novo&#8230;<\/p>\n<p>De acordo com pensadores do outro tempo sobre a arte de fazer pol\u00edtica em todas as esferas do poder institucionalizado pelos processos democr\u00e1ticos, at\u00e9 mesmo nos sistemas ditatoriais que se foram ou est\u00e3o vigentes em alguns pa\u00edses, torna-se mais do que necess\u00e1rio a participa\u00e7\u00e3o comunit\u00e1ria nas decis\u00f5es em benef\u00edcio desta comunidade&#8230;<\/p>\n<p>Por\u00e9m, percebe-se um &#8220;hiato&#8221; entre isto e aquilo, considerando as propostas do novo tempo novo, entretanto, vale sempre uma das m\u00e1ximas do dito popular tupiniquim, a saber: &#8220;cada louco\/a com sua mania&#8221;&#8230;<\/p>\n<p>O que pode acrescentar neste picadeiro do poder p\u00fablico, dependendo da \u00f3tica, que pode estar m\u00edope, todos\/as mandam e ningu\u00e9m obedece ao comando que n\u00e3o est\u00e1 centralizado e encontra-se desencontrado com todos os lados de um mesmo lado&#8230;<\/p>\n<p>Ter conhecimento de causa nem sempre ajuda em alguma coisa de uma mesma coisa em busca da outra coisa, todavia, diz o outro dito tupiniquim que &#8220;quanto mais se mexe, mais a coisa fede&#8221;&#8230;<\/p>\n<p>Neste cen\u00e1rio quase apocal\u00edptico pode-se registrar uma ou mais ditos em meio aos desencontros provincianos do poder p\u00fablico, tais como: &#8220;eu era feliz e n\u00e3o sabia&#8230;&#8221;, &#8220;nada como um dia depois do outro&#8230;&#8221;, &#8220;se voc\u00ea pensa que ta ruim, pode piorar&#8230;&#8221; etc&#8230;<\/p>\n<p><strong><em>________________________________________<\/em><\/strong><\/p>\n<p><strong><em>(*) Jornalista diplomado.<\/em><\/strong><\/p>\n<p><strong><em>e-mail: <\/em><\/strong><a href=\"mailto:barbosa.sebar@gmail.com\"><strong><em>barbosa.sebar@gmail.com<\/em><\/strong><\/a><\/p>\n<p><em>\u00a0<\/em><\/p>\n<p>&nbsp;<\/p>\n","protected":false},"excerpt":{"rendered":"<p>&#8220;O fatalismo \u00e9 sempre uma doen\u00e7a do pensamento ou, uma fraqueza da vontade.&#8221; (Montegazza) S\u00e9rgio Barbosa (*) Neste novo tempo novo, pode-se afirmar que os desencontros est\u00e3o ocorrendo em todas as \u00e1reas do poder p\u00fablico, portanto, as coisas est\u00e3o mais ou menos assim, &#8220;se ficar, o bicho come, se correr, o bicho pega&#8221;&#8230; Uma das [&hellip;]<\/p>\n","protected":false},"author":13,"featured_media":51988,"comment_status":"closed","ping_status":"open","sticky":false,"template":"","format":"standard","meta":{"_acf_changed":false,"_exactmetrics_skip_tracking":false,"_exactmetrics_sitenote_active":false,"_exactmetrics_sitenote_note":"","_exactmetrics_sitenote_category":0,"footnotes":""},"categories":[59],"tags":[],"class_list":["post-64931","post","type-post","status-publish","format-standard","has-post-thumbnail","hentry","category-opiniao"],"acf":[],"yoast_head":"<!-- This site is optimized with the Yoast SEO plugin v27.2 - https:\/\/yoast.com\/product\/yoast-seo-wordpress\/ -->\n<title>NOVO TEMPO NOVO NOS DESENCONTROS DO TEMPO NOVO TEMPO... - R\u00e1dio Life FM<\/title>\n<meta name=\"robots\" content=\"index, follow, max-snippet:-1, max-image-preview:large, max-video-preview:-1\" \/>\n<link rel=\"canonical\" href=\"https:\/\/radiolifefm.com.br\/noticias\/novo-tempo-novo-nos-desencontros-do-tempo-novo-tempo\/\" \/>\n<meta property=\"og:locale\" content=\"pt_BR\" \/>\n<meta property=\"og:type\" content=\"article\" \/>\n<meta property=\"og:title\" content=\"NOVO TEMPO NOVO NOS DESENCONTROS DO TEMPO NOVO TEMPO... - R\u00e1dio Life FM\" \/>\n<meta property=\"og:description\" content=\"&#8220;O fatalismo \u00e9 sempre uma doen\u00e7a do pensamento ou, uma fraqueza da vontade.&#8221; (Montegazza) S\u00e9rgio Barbosa (*) Neste novo tempo novo, pode-se afirmar que os desencontros est\u00e3o ocorrendo em todas as \u00e1reas do poder p\u00fablico, portanto, as coisas est\u00e3o mais ou menos assim, &#8220;se ficar, o bicho come, se correr, o bicho pega&#8221;&#8230; Uma das [&hellip;]\" \/>\n<meta property=\"og:url\" content=\"https:\/\/radiolifefm.com.br\/noticias\/novo-tempo-novo-nos-desencontros-do-tempo-novo-tempo\/\" \/>\n<meta property=\"og:site_name\" content=\"R\u00e1dio Life FM\" \/>\n<meta property=\"article:publisher\" content=\"https:\/\/www.facebook.com\/radiolifefm\/\" \/>\n<meta property=\"article:published_time\" content=\"2023-02-10T12:09:57+00:00\" \/>\n<meta property=\"article:modified_time\" content=\"2026-04-27T16:52:31+00:00\" \/>\n<meta property=\"og:image\" content=\"https:\/\/radiolifefm.com.br\/noticias\/wp-content\/uploads\/2022\/04\/WhatsApp-Image-2022-04-10-at-18.43.02.jpeg\" \/>\n\t<meta property=\"og:image:width\" content=\"972\" \/>\n\t<meta property=\"og:image:height\" content=\"1296\" \/>\n\t<meta property=\"og:image:type\" content=\"image\/jpeg\" \/>\n<meta name=\"author\" content=\"ritanery\" \/>\n<meta name=\"twitter:card\" content=\"summary_large_image\" \/>\n<meta name=\"twitter:label1\" content=\"Escrito por\" \/>\n\t<meta name=\"twitter:data1\" content=\"ritanery\" \/>\n\t<meta name=\"twitter:label2\" content=\"Est. tempo de leitura\" \/>\n\t<meta name=\"twitter:data2\" content=\"3 minutos\" \/>\n<script type=\"application\/ld+json\" class=\"yoast-schema-graph\">{\"@context\":\"https:\/\/schema.org\",\"@graph\":[{\"@type\":\"Article\",\"@id\":\"https:\/\/radiolifefm.com.br\/noticias\/novo-tempo-novo-nos-desencontros-do-tempo-novo-tempo\/#article\",\"isPartOf\":{\"@id\":\"https:\/\/radiolifefm.com.br\/noticias\/novo-tempo-novo-nos-desencontros-do-tempo-novo-tempo\/\"},\"author\":{\"name\":\"ritanery\",\"@id\":\"https:\/\/radiolifefm.com.br\/noticias\/#\/schema\/person\/6339b9fac59d12b071dec680d7375d87\"},\"headline\":\"NOVO TEMPO NOVO NOS DESENCONTROS DO TEMPO NOVO TEMPO&#8230;\",\"datePublished\":\"2023-02-10T12:09:57+00:00\",\"dateModified\":\"2026-04-27T16:52:31+00:00\",\"mainEntityOfPage\":{\"@id\":\"https:\/\/radiolifefm.com.br\/noticias\/novo-tempo-novo-nos-desencontros-do-tempo-novo-tempo\/\"},\"wordCount\":409,\"publisher\":{\"@id\":\"https:\/\/radiolifefm.com.br\/noticias\/#organization\"},\"image\":{\"@id\":\"https:\/\/radiolifefm.com.br\/noticias\/novo-tempo-novo-nos-desencontros-do-tempo-novo-tempo\/#primaryimage\"},\"thumbnailUrl\":\"https:\/\/radiolifefm.com.br\/noticias\/wp-content\/uploads\/2022\/04\/WhatsApp-Image-2022-04-10-at-18.43.02.jpeg\",\"articleSection\":[\"Opini\u00e3o\"],\"inLanguage\":\"pt-BR\"},{\"@type\":\"WebPage\",\"@id\":\"https:\/\/radiolifefm.com.br\/noticias\/novo-tempo-novo-nos-desencontros-do-tempo-novo-tempo\/\",\"url\":\"https:\/\/radiolifefm.com.br\/noticias\/novo-tempo-novo-nos-desencontros-do-tempo-novo-tempo\/\",\"name\":\"NOVO TEMPO NOVO NOS DESENCONTROS DO TEMPO NOVO TEMPO... - R\u00e1dio Life FM\",\"isPartOf\":{\"@id\":\"https:\/\/radiolifefm.com.br\/noticias\/#website\"},\"primaryImageOfPage\":{\"@id\":\"https:\/\/radiolifefm.com.br\/noticias\/novo-tempo-novo-nos-desencontros-do-tempo-novo-tempo\/#primaryimage\"},\"image\":{\"@id\":\"https:\/\/radiolifefm.com.br\/noticias\/novo-tempo-novo-nos-desencontros-do-tempo-novo-tempo\/#primaryimage\"},\"thumbnailUrl\":\"https:\/\/radiolifefm.com.br\/noticias\/wp-content\/uploads\/2022\/04\/WhatsApp-Image-2022-04-10-at-18.43.02.jpeg\",\"datePublished\":\"2023-02-10T12:09:57+00:00\",\"dateModified\":\"2026-04-27T16:52:31+00:00\",\"breadcrumb\":{\"@id\":\"https:\/\/radiolifefm.com.br\/noticias\/novo-tempo-novo-nos-desencontros-do-tempo-novo-tempo\/#breadcrumb\"},\"inLanguage\":\"pt-BR\",\"potentialAction\":[{\"@type\":\"ReadAction\",\"target\":[\"https:\/\/radiolifefm.com.br\/noticias\/novo-tempo-novo-nos-desencontros-do-tempo-novo-tempo\/\"]}]},{\"@type\":\"ImageObject\",\"inLanguage\":\"pt-BR\",\"@id\":\"https:\/\/radiolifefm.com.br\/noticias\/novo-tempo-novo-nos-desencontros-do-tempo-novo-tempo\/#primaryimage\",\"url\":\"https:\/\/radiolifefm.com.br\/noticias\/wp-content\/uploads\/2022\/04\/WhatsApp-Image-2022-04-10-at-18.43.02.jpeg\",\"contentUrl\":\"https:\/\/radiolifefm.com.br\/noticias\/wp-content\/uploads\/2022\/04\/WhatsApp-Image-2022-04-10-at-18.43.02.jpeg\",\"width\":972,\"height\":1296,\"caption\":\"S\u00e9rgio Barbosa\"},{\"@type\":\"BreadcrumbList\",\"@id\":\"https:\/\/radiolifefm.com.br\/noticias\/novo-tempo-novo-nos-desencontros-do-tempo-novo-tempo\/#breadcrumb\",\"itemListElement\":[{\"@type\":\"ListItem\",\"position\":1,\"name\":\"In\u00edcio\",\"item\":\"https:\/\/radiolifefm.com.br\/noticias\/\"},{\"@type\":\"ListItem\",\"position\":2,\"name\":\"NOVO TEMPO NOVO NOS DESENCONTROS DO TEMPO NOVO TEMPO&#8230;\"}]},{\"@type\":\"WebSite\",\"@id\":\"https:\/\/radiolifefm.com.br\/noticias\/#website\",\"url\":\"https:\/\/radiolifefm.com.br\/noticias\/\",\"name\":\"R\u00e1dio Life FM\",\"description\":\"O Portal de Not\u00edcias de Adamantina\",\"publisher\":{\"@id\":\"https:\/\/radiolifefm.com.br\/noticias\/#organization\"},\"alternateName\":\"Life FM\",\"potentialAction\":[{\"@type\":\"SearchAction\",\"target\":{\"@type\":\"EntryPoint\",\"urlTemplate\":\"https:\/\/radiolifefm.com.br\/noticias\/?s={search_term_string}\"},\"query-input\":{\"@type\":\"PropertyValueSpecification\",\"valueRequired\":true,\"valueName\":\"search_term_string\"}}],\"inLanguage\":\"pt-BR\"},{\"@type\":\"Organization\",\"@id\":\"https:\/\/radiolifefm.com.br\/noticias\/#organization\",\"name\":\"R\u00e1dio Life FM\",\"alternateName\":\"Life FM\",\"url\":\"https:\/\/radiolifefm.com.br\/noticias\/\",\"logo\":{\"@type\":\"ImageObject\",\"inLanguage\":\"pt-BR\",\"@id\":\"https:\/\/radiolifefm.com.br\/noticias\/#\/schema\/logo\/image\/\",\"url\":\"https:\/\/static.radiolifefm.com.br\/noticias\/wp-content\/uploads\/2019\/10\/logo-lifefm.png\",\"contentUrl\":\"https:\/\/static.radiolifefm.com.br\/noticias\/wp-content\/uploads\/2019\/10\/logo-lifefm.png\",\"width\":196,\"height\":47,\"caption\":\"R\u00e1dio Life FM\"},\"image\":{\"@id\":\"https:\/\/radiolifefm.com.br\/noticias\/#\/schema\/logo\/image\/\"},\"sameAs\":[\"https:\/\/www.facebook.com\/radiolifefm\/\",\"https:\/\/www.instagram.com\/life1079fm\/\"]},{\"@type\":\"Person\",\"@id\":\"https:\/\/radiolifefm.com.br\/noticias\/#\/schema\/person\/6339b9fac59d12b071dec680d7375d87\",\"name\":\"ritanery\",\"image\":{\"@type\":\"ImageObject\",\"inLanguage\":\"pt-BR\",\"@id\":\"https:\/\/secure.gravatar.com\/avatar\/0e37bb19071f47c0b8a23f62a903df117c5a0e75f65a0c2901562f97cd41cf86?s=96&d=mm&r=g\",\"url\":\"https:\/\/secure.gravatar.com\/avatar\/0e37bb19071f47c0b8a23f62a903df117c5a0e75f65a0c2901562f97cd41cf86?s=96&d=mm&r=g\",\"contentUrl\":\"https:\/\/secure.gravatar.com\/avatar\/0e37bb19071f47c0b8a23f62a903df117c5a0e75f65a0c2901562f97cd41cf86?s=96&d=mm&r=g\",\"caption\":\"ritanery\"}}]}<\/script>\n<!-- \/ Yoast SEO plugin. -->","yoast_head_json":{"title":"NOVO TEMPO NOVO NOS DESENCONTROS DO TEMPO NOVO TEMPO... - R\u00e1dio Life FM","robots":{"index":"index","follow":"follow","max-snippet":"max-snippet:-1","max-image-preview":"max-image-preview:large","max-video-preview":"max-video-preview:-1"},"canonical":"https:\/\/radiolifefm.com.br\/noticias\/novo-tempo-novo-nos-desencontros-do-tempo-novo-tempo\/","og_locale":"pt_BR","og_type":"article","og_title":"NOVO TEMPO NOVO NOS DESENCONTROS DO TEMPO NOVO TEMPO... - R\u00e1dio Life FM","og_description":"&#8220;O fatalismo \u00e9 sempre uma doen\u00e7a do pensamento ou, uma fraqueza da vontade.&#8221; (Montegazza) S\u00e9rgio Barbosa (*) Neste novo tempo novo, pode-se afirmar que os desencontros est\u00e3o ocorrendo em todas as \u00e1reas do poder p\u00fablico, portanto, as coisas est\u00e3o mais ou menos assim, &#8220;se ficar, o bicho come, se correr, o bicho pega&#8221;&#8230; Uma das [&hellip;]","og_url":"https:\/\/radiolifefm.com.br\/noticias\/novo-tempo-novo-nos-desencontros-do-tempo-novo-tempo\/","og_site_name":"R\u00e1dio Life FM","article_publisher":"https:\/\/www.facebook.com\/radiolifefm\/","article_published_time":"2023-02-10T12:09:57+00:00","article_modified_time":"2026-04-27T16:52:31+00:00","og_image":[{"width":972,"height":1296,"url":"https:\/\/radiolifefm.com.br\/noticias\/wp-content\/uploads\/2022\/04\/WhatsApp-Image-2022-04-10-at-18.43.02.jpeg","type":"image\/jpeg"}],"author":"ritanery","twitter_card":"summary_large_image","twitter_misc":{"Escrito por":"ritanery","Est. tempo de leitura":"3 minutos"},"schema":{"@context":"https:\/\/schema.org","@graph":[{"@type":"Article","@id":"https:\/\/radiolifefm.com.br\/noticias\/novo-tempo-novo-nos-desencontros-do-tempo-novo-tempo\/#article","isPartOf":{"@id":"https:\/\/radiolifefm.com.br\/noticias\/novo-tempo-novo-nos-desencontros-do-tempo-novo-tempo\/"},"author":{"name":"ritanery","@id":"https:\/\/radiolifefm.com.br\/noticias\/#\/schema\/person\/6339b9fac59d12b071dec680d7375d87"},"headline":"NOVO TEMPO NOVO NOS DESENCONTROS DO TEMPO NOVO TEMPO&#8230;","datePublished":"2023-02-10T12:09:57+00:00","dateModified":"2026-04-27T16:52:31+00:00","mainEntityOfPage":{"@id":"https:\/\/radiolifefm.com.br\/noticias\/novo-tempo-novo-nos-desencontros-do-tempo-novo-tempo\/"},"wordCount":409,"publisher":{"@id":"https:\/\/radiolifefm.com.br\/noticias\/#organization"},"image":{"@id":"https:\/\/radiolifefm.com.br\/noticias\/novo-tempo-novo-nos-desencontros-do-tempo-novo-tempo\/#primaryimage"},"thumbnailUrl":"https:\/\/radiolifefm.com.br\/noticias\/wp-content\/uploads\/2022\/04\/WhatsApp-Image-2022-04-10-at-18.43.02.jpeg","articleSection":["Opini\u00e3o"],"inLanguage":"pt-BR"},{"@type":"WebPage","@id":"https:\/\/radiolifefm.com.br\/noticias\/novo-tempo-novo-nos-desencontros-do-tempo-novo-tempo\/","url":"https:\/\/radiolifefm.com.br\/noticias\/novo-tempo-novo-nos-desencontros-do-tempo-novo-tempo\/","name":"NOVO TEMPO NOVO NOS DESENCONTROS DO TEMPO NOVO TEMPO... - R\u00e1dio Life FM","isPartOf":{"@id":"https:\/\/radiolifefm.com.br\/noticias\/#website"},"primaryImageOfPage":{"@id":"https:\/\/radiolifefm.com.br\/noticias\/novo-tempo-novo-nos-desencontros-do-tempo-novo-tempo\/#primaryimage"},"image":{"@id":"https:\/\/radiolifefm.com.br\/noticias\/novo-tempo-novo-nos-desencontros-do-tempo-novo-tempo\/#primaryimage"},"thumbnailUrl":"https:\/\/radiolifefm.com.br\/noticias\/wp-content\/uploads\/2022\/04\/WhatsApp-Image-2022-04-10-at-18.43.02.jpeg","datePublished":"2023-02-10T12:09:57+00:00","dateModified":"2026-04-27T16:52:31+00:00","breadcrumb":{"@id":"https:\/\/radiolifefm.com.br\/noticias\/novo-tempo-novo-nos-desencontros-do-tempo-novo-tempo\/#breadcrumb"},"inLanguage":"pt-BR","potentialAction":[{"@type":"ReadAction","target":["https:\/\/radiolifefm.com.br\/noticias\/novo-tempo-novo-nos-desencontros-do-tempo-novo-tempo\/"]}]},{"@type":"ImageObject","inLanguage":"pt-BR","@id":"https:\/\/radiolifefm.com.br\/noticias\/novo-tempo-novo-nos-desencontros-do-tempo-novo-tempo\/#primaryimage","url":"https:\/\/radiolifefm.com.br\/noticias\/wp-content\/uploads\/2022\/04\/WhatsApp-Image-2022-04-10-at-18.43.02.jpeg","contentUrl":"https:\/\/radiolifefm.com.br\/noticias\/wp-content\/uploads\/2022\/04\/WhatsApp-Image-2022-04-10-at-18.43.02.jpeg","width":972,"height":1296,"caption":"S\u00e9rgio Barbosa"},{"@type":"BreadcrumbList","@id":"https:\/\/radiolifefm.com.br\/noticias\/novo-tempo-novo-nos-desencontros-do-tempo-novo-tempo\/#breadcrumb","itemListElement":[{"@type":"ListItem","position":1,"name":"In\u00edcio","item":"https:\/\/radiolifefm.com.br\/noticias\/"},{"@type":"ListItem","position":2,"name":"NOVO TEMPO NOVO NOS DESENCONTROS DO TEMPO NOVO TEMPO&#8230;"}]},{"@type":"WebSite","@id":"https:\/\/radiolifefm.com.br\/noticias\/#website","url":"https:\/\/radiolifefm.com.br\/noticias\/","name":"R\u00e1dio Life FM","description":"O Portal de Not\u00edcias de Adamantina","publisher":{"@id":"https:\/\/radiolifefm.com.br\/noticias\/#organization"},"alternateName":"Life FM","potentialAction":[{"@type":"SearchAction","target":{"@type":"EntryPoint","urlTemplate":"https:\/\/radiolifefm.com.br\/noticias\/?s={search_term_string}"},"query-input":{"@type":"PropertyValueSpecification","valueRequired":true,"valueName":"search_term_string"}}],"inLanguage":"pt-BR"},{"@type":"Organization","@id":"https:\/\/radiolifefm.com.br\/noticias\/#organization","name":"R\u00e1dio Life FM","alternateName":"Life FM","url":"https:\/\/radiolifefm.com.br\/noticias\/","logo":{"@type":"ImageObject","inLanguage":"pt-BR","@id":"https:\/\/radiolifefm.com.br\/noticias\/#\/schema\/logo\/image\/","url":"https:\/\/static.radiolifefm.com.br\/noticias\/wp-content\/uploads\/2019\/10\/logo-lifefm.png","contentUrl":"https:\/\/static.radiolifefm.com.br\/noticias\/wp-content\/uploads\/2019\/10\/logo-lifefm.png","width":196,"height":47,"caption":"R\u00e1dio Life FM"},"image":{"@id":"https:\/\/radiolifefm.com.br\/noticias\/#\/schema\/logo\/image\/"},"sameAs":["https:\/\/www.facebook.com\/radiolifefm\/","https:\/\/www.instagram.com\/life1079fm\/"]},{"@type":"Person","@id":"https:\/\/radiolifefm.com.br\/noticias\/#\/schema\/person\/6339b9fac59d12b071dec680d7375d87","name":"ritanery","image":{"@type":"ImageObject","inLanguage":"pt-BR","@id":"https:\/\/secure.gravatar.com\/avatar\/0e37bb19071f47c0b8a23f62a903df117c5a0e75f65a0c2901562f97cd41cf86?s=96&d=mm&r=g","url":"https:\/\/secure.gravatar.com\/avatar\/0e37bb19071f47c0b8a23f62a903df117c5a0e75f65a0c2901562f97cd41cf86?s=96&d=mm&r=g","contentUrl":"https:\/\/secure.gravatar.com\/avatar\/0e37bb19071f47c0b8a23f62a903df117c5a0e75f65a0c2901562f97cd41cf86?s=96&d=mm&r=g","caption":"ritanery"}}]}},"amp_enabled":true,"_links":{"self":[{"href":"https:\/\/radiolifefm.com.br\/noticias\/wp-json\/wp\/v2\/posts\/64931","targetHints":{"allow":["GET"]}}],"collection":[{"href":"https:\/\/radiolifefm.com.br\/noticias\/wp-json\/wp\/v2\/posts"}],"about":[{"href":"https:\/\/radiolifefm.com.br\/noticias\/wp-json\/wp\/v2\/types\/post"}],"author":[{"embeddable":true,"href":"https:\/\/radiolifefm.com.br\/noticias\/wp-json\/wp\/v2\/users\/13"}],"replies":[{"embeddable":true,"href":"https:\/\/radiolifefm.com.br\/noticias\/wp-json\/wp\/v2\/comments?post=64931"}],"version-history":[{"count":1,"href":"https:\/\/radiolifefm.com.br\/noticias\/wp-json\/wp\/v2\/posts\/64931\/revisions"}],"predecessor-version":[{"id":64932,"href":"https:\/\/radiolifefm.com.br\/noticias\/wp-json\/wp\/v2\/posts\/64931\/revisions\/64932"}],"wp:featuredmedia":[{"embeddable":true,"href":"https:\/\/radiolifefm.com.br\/noticias\/wp-json\/wp\/v2\/media\/51988"}],"wp:attachment":[{"href":"https:\/\/radiolifefm.com.br\/noticias\/wp-json\/wp\/v2\/media?parent=64931"}],"wp:term":[{"taxonomy":"category","embeddable":true,"href":"https:\/\/radiolifefm.com.br\/noticias\/wp-json\/wp\/v2\/categories?post=64931"},{"taxonomy":"post_tag","embeddable":true,"href":"https:\/\/radiolifefm.com.br\/noticias\/wp-json\/wp\/v2\/tags?post=64931"}],"curies":[{"name":"wp","href":"https:\/\/api.w.org\/{rel}","templated":true}]}}