{"id":64707,"date":"2023-02-06T08:13:52","date_gmt":"2023-02-06T11:13:52","guid":{"rendered":"https:\/\/radiolifefm.com.br\/noticias\/?p=64707"},"modified":"2026-03-14T20:24:56","modified_gmt":"2026-03-14T23:24:56","slug":"provincia-fai-unifai-sic-e-aposentadoria","status":"publish","type":"post","link":"https:\/\/radiolifefm.com.br\/noticias\/provincia-fai-unifai-sic-e-aposentadoria\/","title":{"rendered":"Prov\u00edncia, FAI\/UniFAI (sic) e Aposentadoria&#8230;"},"content":{"rendered":"<div id=\"fb-root\"><\/div>\n<p><strong><em>\u00a0\u201cAprendi o sil\u00eancio com os faladores, a toler\u00e2ncia com os intolerantes, a bondade com os maldosos; e, por estranho que pare\u00e7a, sou grato a esses professores.\u201d (<\/em><\/strong><a href=\"https:\/\/www.pensador.com\/autor\/khalil_gibran\/\"><strong><em>Khalil Gibran<\/em><\/strong><\/a><strong><em>)<\/em><\/strong><\/p>\n<p><strong><em>\u00a0<\/em><\/strong><\/p>\n<p><strong><em>\u201csomos todos \u00e1gua, de diferentes rios, por isso, \u00e9 t\u00e3o f\u00e1cil se encontrar&#8230;\u201d (John Ono Lennon)<\/em><\/strong><\/p>\n<p><strong>\u00a0<\/strong><\/p>\n<p><strong>S\u00e9rgio Barbosa (*)<\/strong><\/p>\n<p>Vai ser um tanto quando complicado escrever este texto, por\u00e9m, prometo que vou tentar colocar os fatos, ainda, de um jeito ou de outro para todos\/as em meio aos desencontros deste TEMPO NOVO TEMPO&#8230;<\/p>\n<p>Primeiro, agrade\u00e7o o CONVITE e o APOIO desde quando desembarquei na PROV\u00cdNCIA para desenvolver atividades docentes na ent\u00e3o FAI, neste caso em especial, ao prof. Dr. RUBENS GALDINO DA SILVA&#8230;<\/p>\n<p>Segundo, a OPORTUNIDADE do desenvolvimento de diversas atividades por meio do DE.COM- Departamento de Comunica\u00e7\u00e3o em a\u00e7\u00f5es midi\u00e1ticas e mercadol\u00f3gicas na organiza\u00e7\u00e3o acad\u00eamica, portanto, A C\u00c9SAR O QUE \u00c9 DE C\u00c9SAR, assim, AVE PROF. DR. GILSON JO\u00c3O PARISOTO (in memoriam)&#8230;<\/p>\n<p>Terceiro, FUNCION\u00c1RIOS\/AS, DOCENTES e DISCENTES da institui\u00e7\u00e3o, isso \u00e9, com os quais estive marcando presen\u00e7a nestes \u00faltimos 24 ANOS (desde fevereiro de 1.999 at\u00e9 31\/1\/23, tendo em vista que todos\/as foram IMPORTANTES nestes ANOS E ANOS&#8230;<\/p>\n<p>Quarto, a COMUNIDADE PROVINCIANA que recebeu de BRA\u00c7OS ABERTOS aquele PROFESSOR que apareceu por aqui, todavia, no in\u00edcio foram muitas IDAS E VINDAS entre SAMPA e ADAMANTINA para ministrar AULAS no curso de PUBLICIDADE &amp; PROPAGANDA&#8230;<\/p>\n<p>Tais AGRADECIMENTOS s\u00e3o mais do que necess\u00e1rios neste momento, considerando que depois de 33 ANOS, bem como, 66 ANOS de IDADE, chegou a t\u00e3o esperada APOSENTADORIA e ponto quase final&#8230;<\/p>\n<p>Desta forma, desde o in\u00edcio deste m\u00eas, n\u00e3o estou mais como PROFESSOR da institui\u00e7\u00e3o, ainda, trata-se de uma decis\u00e3o PESSOAL e VOLUNT\u00c1RIA, haja vista que entendo que SE FECHOU UM C\u00cdRCULO mais do que interessante, agora, outros DESAFIOS em \u00e1reas afins ao JORNALISMO est\u00e3o dispon\u00edveis em tempo de P\u00d3S-GLOBALIZA\u00c7\u00c3O ORGANIZACIONAL&#8230;<\/p>\n<p>Tamb\u00e9m, de comum acordo com a MARTA, entendemos que a melhor op\u00e7\u00e3o \u00e9 MUDAR DE ARES, neste caso, ir de MALA E CUIA para OURINHOS, prov\u00edncia natal, onde residem irm\u00e3, cunhado, irm\u00e3o e sobrinhos, tamb\u00e9m, a FAM\u00cdLIA da MARTA que est\u00e3o em C\u00c2NDIDO MOTA&#8230;<\/p>\n<p>Entretanto, tal MUDAN\u00c7A dever\u00e1 ocorrer a partir de AGOSTO, tendo em vista que diversos COMPROMISSOS exigem, ainda, a PRESEN\u00c7A pessoal e profissional nestes lados&#8230;<\/p>\n<p>Acredito que \u00e9 mais ou menos isso que gostaria de trazer para quem acompanha os ARTIGOS OPINATIVOS deste articulista pelo ADAMANTINA NET, antes, eram publicados no jornal FOLHA REGIONAL&#8230;<\/p>\n<p>ABRA\u00c7OS PRA TODOS\/AS. Ainda, QUE A FOR\u00c7A POSSA ESTAR COM VOC\u00caS neste TEMPO NOVO TEMPO que se chama hoje&#8230;<\/p>\n<p><strong><em>______________________________<\/em><\/strong><\/p>\n<p><strong><em>(*) Provinciano. <\/em><\/strong><\/p>\n","protected":false},"excerpt":{"rendered":"<p>\u00a0\u201cAprendi o sil\u00eancio com os faladores, a toler\u00e2ncia com os intolerantes, a bondade com os maldosos; e, por estranho que pare\u00e7a, sou grato a esses professores.\u201d (Khalil Gibran) \u00a0 \u201csomos todos \u00e1gua, de diferentes rios, por isso, \u00e9 t\u00e3o f\u00e1cil se encontrar&#8230;\u201d (John Ono Lennon) \u00a0 S\u00e9rgio Barbosa (*) Vai ser um tanto quando complicado [&hellip;]<\/p>\n","protected":false},"author":13,"featured_media":51988,"comment_status":"closed","ping_status":"open","sticky":false,"template":"","format":"standard","meta":{"_acf_changed":false,"_exactmetrics_skip_tracking":false,"_exactmetrics_sitenote_active":false,"_exactmetrics_sitenote_note":"","_exactmetrics_sitenote_category":0,"footnotes":""},"categories":[59],"tags":[],"class_list":["post-64707","post","type-post","status-publish","format-standard","has-post-thumbnail","hentry","category-opiniao"],"acf":[],"yoast_head":"<!-- This site is optimized with the Yoast SEO plugin v27.2 - https:\/\/yoast.com\/product\/yoast-seo-wordpress\/ -->\n<title>Prov\u00edncia, FAI\/UniFAI (sic) e Aposentadoria... - R\u00e1dio Life FM<\/title>\n<meta name=\"robots\" content=\"index, follow, max-snippet:-1, max-image-preview:large, max-video-preview:-1\" \/>\n<link rel=\"canonical\" href=\"https:\/\/radiolifefm.com.br\/noticias\/provincia-fai-unifai-sic-e-aposentadoria\/\" \/>\n<meta property=\"og:locale\" content=\"pt_BR\" \/>\n<meta property=\"og:type\" content=\"article\" \/>\n<meta property=\"og:title\" content=\"Prov\u00edncia, FAI\/UniFAI (sic) e Aposentadoria... - R\u00e1dio Life FM\" \/>\n<meta property=\"og:description\" content=\"\u00a0\u201cAprendi o sil\u00eancio com os faladores, a toler\u00e2ncia com os intolerantes, a bondade com os maldosos; e, por estranho que pare\u00e7a, sou grato a esses professores.\u201d (Khalil Gibran) \u00a0 \u201csomos todos \u00e1gua, de diferentes rios, por isso, \u00e9 t\u00e3o f\u00e1cil se encontrar&#8230;\u201d (John Ono Lennon) \u00a0 S\u00e9rgio Barbosa (*) Vai ser um tanto quando complicado [&hellip;]\" \/>\n<meta property=\"og:url\" content=\"https:\/\/radiolifefm.com.br\/noticias\/provincia-fai-unifai-sic-e-aposentadoria\/\" \/>\n<meta property=\"og:site_name\" content=\"R\u00e1dio Life FM\" \/>\n<meta property=\"article:publisher\" content=\"https:\/\/www.facebook.com\/radiolifefm\/\" \/>\n<meta property=\"article:published_time\" content=\"2023-02-06T11:13:52+00:00\" \/>\n<meta property=\"article:modified_time\" content=\"2026-03-14T23:24:56+00:00\" \/>\n<meta property=\"og:image\" content=\"https:\/\/radiolifefm.com.br\/noticias\/wp-content\/uploads\/2022\/04\/WhatsApp-Image-2022-04-10-at-18.43.02.jpeg\" \/>\n\t<meta property=\"og:image:width\" content=\"972\" \/>\n\t<meta property=\"og:image:height\" content=\"1296\" \/>\n\t<meta property=\"og:image:type\" content=\"image\/jpeg\" \/>\n<meta name=\"author\" content=\"ritanery\" \/>\n<meta name=\"twitter:card\" content=\"summary_large_image\" \/>\n<meta name=\"twitter:label1\" content=\"Escrito por\" \/>\n\t<meta name=\"twitter:data1\" content=\"ritanery\" \/>\n\t<meta name=\"twitter:label2\" content=\"Est. tempo de leitura\" \/>\n\t<meta name=\"twitter:data2\" content=\"3 minutos\" \/>\n<script type=\"application\/ld+json\" class=\"yoast-schema-graph\">{\"@context\":\"https:\/\/schema.org\",\"@graph\":[{\"@type\":\"Article\",\"@id\":\"https:\/\/radiolifefm.com.br\/noticias\/provincia-fai-unifai-sic-e-aposentadoria\/#article\",\"isPartOf\":{\"@id\":\"https:\/\/radiolifefm.com.br\/noticias\/provincia-fai-unifai-sic-e-aposentadoria\/\"},\"author\":{\"name\":\"ritanery\",\"@id\":\"https:\/\/radiolifefm.com.br\/noticias\/#\/schema\/person\/6339b9fac59d12b071dec680d7375d87\"},\"headline\":\"Prov\u00edncia, FAI\/UniFAI (sic) e Aposentadoria&#8230;\",\"datePublished\":\"2023-02-06T11:13:52+00:00\",\"dateModified\":\"2026-03-14T23:24:56+00:00\",\"mainEntityOfPage\":{\"@id\":\"https:\/\/radiolifefm.com.br\/noticias\/provincia-fai-unifai-sic-e-aposentadoria\/\"},\"wordCount\":472,\"publisher\":{\"@id\":\"https:\/\/radiolifefm.com.br\/noticias\/#organization\"},\"image\":{\"@id\":\"https:\/\/radiolifefm.com.br\/noticias\/provincia-fai-unifai-sic-e-aposentadoria\/#primaryimage\"},\"thumbnailUrl\":\"https:\/\/radiolifefm.com.br\/noticias\/wp-content\/uploads\/2022\/04\/WhatsApp-Image-2022-04-10-at-18.43.02.jpeg\",\"articleSection\":[\"Opini\u00e3o\"],\"inLanguage\":\"pt-BR\"},{\"@type\":\"WebPage\",\"@id\":\"https:\/\/radiolifefm.com.br\/noticias\/provincia-fai-unifai-sic-e-aposentadoria\/\",\"url\":\"https:\/\/radiolifefm.com.br\/noticias\/provincia-fai-unifai-sic-e-aposentadoria\/\",\"name\":\"Prov\u00edncia, FAI\/UniFAI (sic) e Aposentadoria... - R\u00e1dio Life FM\",\"isPartOf\":{\"@id\":\"https:\/\/radiolifefm.com.br\/noticias\/#website\"},\"primaryImageOfPage\":{\"@id\":\"https:\/\/radiolifefm.com.br\/noticias\/provincia-fai-unifai-sic-e-aposentadoria\/#primaryimage\"},\"image\":{\"@id\":\"https:\/\/radiolifefm.com.br\/noticias\/provincia-fai-unifai-sic-e-aposentadoria\/#primaryimage\"},\"thumbnailUrl\":\"https:\/\/radiolifefm.com.br\/noticias\/wp-content\/uploads\/2022\/04\/WhatsApp-Image-2022-04-10-at-18.43.02.jpeg\",\"datePublished\":\"2023-02-06T11:13:52+00:00\",\"dateModified\":\"2026-03-14T23:24:56+00:00\",\"breadcrumb\":{\"@id\":\"https:\/\/radiolifefm.com.br\/noticias\/provincia-fai-unifai-sic-e-aposentadoria\/#breadcrumb\"},\"inLanguage\":\"pt-BR\",\"potentialAction\":[{\"@type\":\"ReadAction\",\"target\":[\"https:\/\/radiolifefm.com.br\/noticias\/provincia-fai-unifai-sic-e-aposentadoria\/\"]}]},{\"@type\":\"ImageObject\",\"inLanguage\":\"pt-BR\",\"@id\":\"https:\/\/radiolifefm.com.br\/noticias\/provincia-fai-unifai-sic-e-aposentadoria\/#primaryimage\",\"url\":\"https:\/\/radiolifefm.com.br\/noticias\/wp-content\/uploads\/2022\/04\/WhatsApp-Image-2022-04-10-at-18.43.02.jpeg\",\"contentUrl\":\"https:\/\/radiolifefm.com.br\/noticias\/wp-content\/uploads\/2022\/04\/WhatsApp-Image-2022-04-10-at-18.43.02.jpeg\",\"width\":972,\"height\":1296,\"caption\":\"S\u00e9rgio Barbosa\"},{\"@type\":\"BreadcrumbList\",\"@id\":\"https:\/\/radiolifefm.com.br\/noticias\/provincia-fai-unifai-sic-e-aposentadoria\/#breadcrumb\",\"itemListElement\":[{\"@type\":\"ListItem\",\"position\":1,\"name\":\"In\u00edcio\",\"item\":\"https:\/\/radiolifefm.com.br\/noticias\/\"},{\"@type\":\"ListItem\",\"position\":2,\"name\":\"Prov\u00edncia, FAI\/UniFAI (sic) e Aposentadoria&#8230;\"}]},{\"@type\":\"WebSite\",\"@id\":\"https:\/\/radiolifefm.com.br\/noticias\/#website\",\"url\":\"https:\/\/radiolifefm.com.br\/noticias\/\",\"name\":\"R\u00e1dio Life FM\",\"description\":\"O Portal de Not\u00edcias de Adamantina\",\"publisher\":{\"@id\":\"https:\/\/radiolifefm.com.br\/noticias\/#organization\"},\"alternateName\":\"Life FM\",\"potentialAction\":[{\"@type\":\"SearchAction\",\"target\":{\"@type\":\"EntryPoint\",\"urlTemplate\":\"https:\/\/radiolifefm.com.br\/noticias\/?s={search_term_string}\"},\"query-input\":{\"@type\":\"PropertyValueSpecification\",\"valueRequired\":true,\"valueName\":\"search_term_string\"}}],\"inLanguage\":\"pt-BR\"},{\"@type\":\"Organization\",\"@id\":\"https:\/\/radiolifefm.com.br\/noticias\/#organization\",\"name\":\"R\u00e1dio Life FM\",\"alternateName\":\"Life FM\",\"url\":\"https:\/\/radiolifefm.com.br\/noticias\/\",\"logo\":{\"@type\":\"ImageObject\",\"inLanguage\":\"pt-BR\",\"@id\":\"https:\/\/radiolifefm.com.br\/noticias\/#\/schema\/logo\/image\/\",\"url\":\"https:\/\/static.radiolifefm.com.br\/noticias\/wp-content\/uploads\/2019\/10\/logo-lifefm.png\",\"contentUrl\":\"https:\/\/static.radiolifefm.com.br\/noticias\/wp-content\/uploads\/2019\/10\/logo-lifefm.png\",\"width\":196,\"height\":47,\"caption\":\"R\u00e1dio Life FM\"},\"image\":{\"@id\":\"https:\/\/radiolifefm.com.br\/noticias\/#\/schema\/logo\/image\/\"},\"sameAs\":[\"https:\/\/www.facebook.com\/radiolifefm\/\",\"https:\/\/www.instagram.com\/life1079fm\/\"]},{\"@type\":\"Person\",\"@id\":\"https:\/\/radiolifefm.com.br\/noticias\/#\/schema\/person\/6339b9fac59d12b071dec680d7375d87\",\"name\":\"ritanery\",\"image\":{\"@type\":\"ImageObject\",\"inLanguage\":\"pt-BR\",\"@id\":\"https:\/\/secure.gravatar.com\/avatar\/0e37bb19071f47c0b8a23f62a903df117c5a0e75f65a0c2901562f97cd41cf86?s=96&d=mm&r=g\",\"url\":\"https:\/\/secure.gravatar.com\/avatar\/0e37bb19071f47c0b8a23f62a903df117c5a0e75f65a0c2901562f97cd41cf86?s=96&d=mm&r=g\",\"contentUrl\":\"https:\/\/secure.gravatar.com\/avatar\/0e37bb19071f47c0b8a23f62a903df117c5a0e75f65a0c2901562f97cd41cf86?s=96&d=mm&r=g\",\"caption\":\"ritanery\"}}]}<\/script>\n<!-- \/ Yoast SEO plugin. -->","yoast_head_json":{"title":"Prov\u00edncia, FAI\/UniFAI (sic) e Aposentadoria... - R\u00e1dio Life FM","robots":{"index":"index","follow":"follow","max-snippet":"max-snippet:-1","max-image-preview":"max-image-preview:large","max-video-preview":"max-video-preview:-1"},"canonical":"https:\/\/radiolifefm.com.br\/noticias\/provincia-fai-unifai-sic-e-aposentadoria\/","og_locale":"pt_BR","og_type":"article","og_title":"Prov\u00edncia, FAI\/UniFAI (sic) e Aposentadoria... - R\u00e1dio Life FM","og_description":"\u00a0\u201cAprendi o sil\u00eancio com os faladores, a toler\u00e2ncia com os intolerantes, a bondade com os maldosos; e, por estranho que pare\u00e7a, sou grato a esses professores.\u201d (Khalil Gibran) \u00a0 \u201csomos todos \u00e1gua, de diferentes rios, por isso, \u00e9 t\u00e3o f\u00e1cil se encontrar&#8230;\u201d (John Ono Lennon) \u00a0 S\u00e9rgio Barbosa (*) Vai ser um tanto quando complicado [&hellip;]","og_url":"https:\/\/radiolifefm.com.br\/noticias\/provincia-fai-unifai-sic-e-aposentadoria\/","og_site_name":"R\u00e1dio Life FM","article_publisher":"https:\/\/www.facebook.com\/radiolifefm\/","article_published_time":"2023-02-06T11:13:52+00:00","article_modified_time":"2026-03-14T23:24:56+00:00","og_image":[{"width":972,"height":1296,"url":"https:\/\/radiolifefm.com.br\/noticias\/wp-content\/uploads\/2022\/04\/WhatsApp-Image-2022-04-10-at-18.43.02.jpeg","type":"image\/jpeg"}],"author":"ritanery","twitter_card":"summary_large_image","twitter_misc":{"Escrito por":"ritanery","Est. tempo de leitura":"3 minutos"},"schema":{"@context":"https:\/\/schema.org","@graph":[{"@type":"Article","@id":"https:\/\/radiolifefm.com.br\/noticias\/provincia-fai-unifai-sic-e-aposentadoria\/#article","isPartOf":{"@id":"https:\/\/radiolifefm.com.br\/noticias\/provincia-fai-unifai-sic-e-aposentadoria\/"},"author":{"name":"ritanery","@id":"https:\/\/radiolifefm.com.br\/noticias\/#\/schema\/person\/6339b9fac59d12b071dec680d7375d87"},"headline":"Prov\u00edncia, FAI\/UniFAI (sic) e Aposentadoria&#8230;","datePublished":"2023-02-06T11:13:52+00:00","dateModified":"2026-03-14T23:24:56+00:00","mainEntityOfPage":{"@id":"https:\/\/radiolifefm.com.br\/noticias\/provincia-fai-unifai-sic-e-aposentadoria\/"},"wordCount":472,"publisher":{"@id":"https:\/\/radiolifefm.com.br\/noticias\/#organization"},"image":{"@id":"https:\/\/radiolifefm.com.br\/noticias\/provincia-fai-unifai-sic-e-aposentadoria\/#primaryimage"},"thumbnailUrl":"https:\/\/radiolifefm.com.br\/noticias\/wp-content\/uploads\/2022\/04\/WhatsApp-Image-2022-04-10-at-18.43.02.jpeg","articleSection":["Opini\u00e3o"],"inLanguage":"pt-BR"},{"@type":"WebPage","@id":"https:\/\/radiolifefm.com.br\/noticias\/provincia-fai-unifai-sic-e-aposentadoria\/","url":"https:\/\/radiolifefm.com.br\/noticias\/provincia-fai-unifai-sic-e-aposentadoria\/","name":"Prov\u00edncia, FAI\/UniFAI (sic) e Aposentadoria... - R\u00e1dio Life FM","isPartOf":{"@id":"https:\/\/radiolifefm.com.br\/noticias\/#website"},"primaryImageOfPage":{"@id":"https:\/\/radiolifefm.com.br\/noticias\/provincia-fai-unifai-sic-e-aposentadoria\/#primaryimage"},"image":{"@id":"https:\/\/radiolifefm.com.br\/noticias\/provincia-fai-unifai-sic-e-aposentadoria\/#primaryimage"},"thumbnailUrl":"https:\/\/radiolifefm.com.br\/noticias\/wp-content\/uploads\/2022\/04\/WhatsApp-Image-2022-04-10-at-18.43.02.jpeg","datePublished":"2023-02-06T11:13:52+00:00","dateModified":"2026-03-14T23:24:56+00:00","breadcrumb":{"@id":"https:\/\/radiolifefm.com.br\/noticias\/provincia-fai-unifai-sic-e-aposentadoria\/#breadcrumb"},"inLanguage":"pt-BR","potentialAction":[{"@type":"ReadAction","target":["https:\/\/radiolifefm.com.br\/noticias\/provincia-fai-unifai-sic-e-aposentadoria\/"]}]},{"@type":"ImageObject","inLanguage":"pt-BR","@id":"https:\/\/radiolifefm.com.br\/noticias\/provincia-fai-unifai-sic-e-aposentadoria\/#primaryimage","url":"https:\/\/radiolifefm.com.br\/noticias\/wp-content\/uploads\/2022\/04\/WhatsApp-Image-2022-04-10-at-18.43.02.jpeg","contentUrl":"https:\/\/radiolifefm.com.br\/noticias\/wp-content\/uploads\/2022\/04\/WhatsApp-Image-2022-04-10-at-18.43.02.jpeg","width":972,"height":1296,"caption":"S\u00e9rgio Barbosa"},{"@type":"BreadcrumbList","@id":"https:\/\/radiolifefm.com.br\/noticias\/provincia-fai-unifai-sic-e-aposentadoria\/#breadcrumb","itemListElement":[{"@type":"ListItem","position":1,"name":"In\u00edcio","item":"https:\/\/radiolifefm.com.br\/noticias\/"},{"@type":"ListItem","position":2,"name":"Prov\u00edncia, FAI\/UniFAI (sic) e Aposentadoria&#8230;"}]},{"@type":"WebSite","@id":"https:\/\/radiolifefm.com.br\/noticias\/#website","url":"https:\/\/radiolifefm.com.br\/noticias\/","name":"R\u00e1dio Life FM","description":"O Portal de Not\u00edcias de Adamantina","publisher":{"@id":"https:\/\/radiolifefm.com.br\/noticias\/#organization"},"alternateName":"Life FM","potentialAction":[{"@type":"SearchAction","target":{"@type":"EntryPoint","urlTemplate":"https:\/\/radiolifefm.com.br\/noticias\/?s={search_term_string}"},"query-input":{"@type":"PropertyValueSpecification","valueRequired":true,"valueName":"search_term_string"}}],"inLanguage":"pt-BR"},{"@type":"Organization","@id":"https:\/\/radiolifefm.com.br\/noticias\/#organization","name":"R\u00e1dio Life FM","alternateName":"Life FM","url":"https:\/\/radiolifefm.com.br\/noticias\/","logo":{"@type":"ImageObject","inLanguage":"pt-BR","@id":"https:\/\/radiolifefm.com.br\/noticias\/#\/schema\/logo\/image\/","url":"https:\/\/static.radiolifefm.com.br\/noticias\/wp-content\/uploads\/2019\/10\/logo-lifefm.png","contentUrl":"https:\/\/static.radiolifefm.com.br\/noticias\/wp-content\/uploads\/2019\/10\/logo-lifefm.png","width":196,"height":47,"caption":"R\u00e1dio Life FM"},"image":{"@id":"https:\/\/radiolifefm.com.br\/noticias\/#\/schema\/logo\/image\/"},"sameAs":["https:\/\/www.facebook.com\/radiolifefm\/","https:\/\/www.instagram.com\/life1079fm\/"]},{"@type":"Person","@id":"https:\/\/radiolifefm.com.br\/noticias\/#\/schema\/person\/6339b9fac59d12b071dec680d7375d87","name":"ritanery","image":{"@type":"ImageObject","inLanguage":"pt-BR","@id":"https:\/\/secure.gravatar.com\/avatar\/0e37bb19071f47c0b8a23f62a903df117c5a0e75f65a0c2901562f97cd41cf86?s=96&d=mm&r=g","url":"https:\/\/secure.gravatar.com\/avatar\/0e37bb19071f47c0b8a23f62a903df117c5a0e75f65a0c2901562f97cd41cf86?s=96&d=mm&r=g","contentUrl":"https:\/\/secure.gravatar.com\/avatar\/0e37bb19071f47c0b8a23f62a903df117c5a0e75f65a0c2901562f97cd41cf86?s=96&d=mm&r=g","caption":"ritanery"}}]}},"amp_enabled":true,"_links":{"self":[{"href":"https:\/\/radiolifefm.com.br\/noticias\/wp-json\/wp\/v2\/posts\/64707","targetHints":{"allow":["GET"]}}],"collection":[{"href":"https:\/\/radiolifefm.com.br\/noticias\/wp-json\/wp\/v2\/posts"}],"about":[{"href":"https:\/\/radiolifefm.com.br\/noticias\/wp-json\/wp\/v2\/types\/post"}],"author":[{"embeddable":true,"href":"https:\/\/radiolifefm.com.br\/noticias\/wp-json\/wp\/v2\/users\/13"}],"replies":[{"embeddable":true,"href":"https:\/\/radiolifefm.com.br\/noticias\/wp-json\/wp\/v2\/comments?post=64707"}],"version-history":[{"count":1,"href":"https:\/\/radiolifefm.com.br\/noticias\/wp-json\/wp\/v2\/posts\/64707\/revisions"}],"predecessor-version":[{"id":64708,"href":"https:\/\/radiolifefm.com.br\/noticias\/wp-json\/wp\/v2\/posts\/64707\/revisions\/64708"}],"wp:featuredmedia":[{"embeddable":true,"href":"https:\/\/radiolifefm.com.br\/noticias\/wp-json\/wp\/v2\/media\/51988"}],"wp:attachment":[{"href":"https:\/\/radiolifefm.com.br\/noticias\/wp-json\/wp\/v2\/media?parent=64707"}],"wp:term":[{"taxonomy":"category","embeddable":true,"href":"https:\/\/radiolifefm.com.br\/noticias\/wp-json\/wp\/v2\/categories?post=64707"},{"taxonomy":"post_tag","embeddable":true,"href":"https:\/\/radiolifefm.com.br\/noticias\/wp-json\/wp\/v2\/tags?post=64707"}],"curies":[{"name":"wp","href":"https:\/\/api.w.org\/{rel}","templated":true}]}}