{"id":64484,"date":"2023-02-01T08:17:13","date_gmt":"2023-02-01T11:17:13","guid":{"rendered":"https:\/\/radiolifefm.com.br\/noticias\/?p=64484"},"modified":"2026-04-07T08:51:21","modified_gmt":"2026-04-07T11:51:21","slug":"a-religiao-em-tempos-de-globalizacao-gospel-nas-decadas-de-80-e-90-a-igreja-evangelica-apostolica-renascer-em-cristo-iearc","status":"publish","type":"post","link":"https:\/\/radiolifefm.com.br\/noticias\/a-religiao-em-tempos-de-globalizacao-gospel-nas-decadas-de-80-e-90-a-igreja-evangelica-apostolica-renascer-em-cristo-iearc\/","title":{"rendered":"A RELIGI\u00c3O EM TEMPOS DE GLOBALIZA\u00c7\u00c3O GOSPEL NAS D\u00c9CADAS DE 80 e 90: A IGREJA EVANG\u00c9LICA APOST\u00d3LICA RENASCER EM CRISTO- IEARC."},"content":{"rendered":"<div id=\"fb-root\"><\/div>\n<p><em>&#8220;O Homem religioso assume um modo de exist\u00eancia espec\u00edfica no mundo, e apesar do grande n\u00famero de formas hist\u00f3rico-religiosas, este modo espec\u00edfico \u00e9 sempre reconhec\u00edvel. Seja qual for o contexto hist\u00f3rico em que se encontra, o homo religiosus acredita sempre que existe uma realidade absoluta, o sagrado, que transcende este mundo, mas que aqui se manifesta, santificando-o e tornando-o real. (<\/em>Mircea Eliade)<\/p>\n<h1><strong>S\u00e9rgio Barbosa (*)<\/strong><\/h1>\n<p><strong>\u00a0<\/strong><\/p>\n<p><strong>O Nascimento&#8230;<\/strong><\/p>\n<p>A Igreja Evang\u00e9lica Apost\u00f3lica Renascer em Cristo- IEARC foi inaugurada em 12 de mar\u00e7o de 1986.<\/p>\n<p>Toda a hist\u00f3ria da Igreja, especialmente seu in\u00edcio foi permeado por vis\u00f5es e manifesta\u00e7\u00f5es sobrenaturais de Deus. O in\u00edcio da Igreja aconteceu atrav\u00e9s de um encontro entre o Ap\u00f3stolo Estevam Hernandes e Deus. O resultado desta \u201cvis\u00e3o\u201d foi o despertamento para iniciar o trabalho mission\u00e1rio e vision\u00e1rio da Igreja atrav\u00e9s do seu fundador.<\/p>\n<p>Toda as etapas ap\u00f3s este in\u00edcio, bem como, a infraestrutura interna e externa da Igreja Evang\u00e9lica Apost\u00f3lica Renascer em Cristo- IEARC \u00e9 revestido pela linguagem m\u00edtica e sobrenatural, refor\u00e7ando\u00a0 a certeza da aprova\u00e7\u00e3o de Deus para o in\u00edcio da Igreja.<\/p>\n<p>Ainda, \u00a0sobre a linguagem que envolve a narra\u00e7\u00e3o da Hist\u00f3ria da Igreja, o Ap\u00f3stolo Estevam Hernandes torna-se o receptor maior da fala direta de Deus, inclusive com &#8220;chamadas&#8221; de Deus para interferir nas atividades e demais encaminhamento da Igreja, mostrando desta forma, pelo menos duas coisas: 1. que o Ap\u00f3stolo Estevam Hernandes tem toda a intimidade necess\u00e1ria com Deus e 2.\u00a0 que a dire\u00e7\u00e3o, mesmo que \u00e0 partir de Estevam Hernandes , teve a aprova\u00e7\u00e3o e o controle de Deus em fazer aquilo que Ele mesmo, Deus, queria.<\/p>\n<p>As evid\u00eancias que se colocaram na Hist\u00f3ria da Igreja n\u00e3o deixam d\u00favidas sobre o desejo de Deus para o casal Hernandes (Estevam e S\u00f4nia) e a obra pretendida por Deus. Toda linguagem \u00e9 sobrenatural e confunde-se com o natural. Ent\u00e3o, a desilus\u00e3o do casal com as igrejas anteriores j\u00e1 mostra que Deus estava preparando-os para um novo trabalho, com novas \u00eanfases.<\/p>\n<p>A seculariza\u00e7\u00e3o caminhou junto com a sacraliza\u00e7\u00e3o do mundo. Num determinado momento se reuniram numa pizzaria, mas os donos os mandaram embora porque o grupo estava atrapalhando a venda de cervejas.<\/p>\n<p>O espa\u00e7o n\u00e3o sagrado colaborava para o convite ao novo, \u00e0 uma nova ideia de Deus, e ao mesmo tempo sacralizava a vis\u00e3o de Deus que os fazia crescer.<\/p>\n<p>E essa restaura\u00e7\u00e3o integral do homem, &#8220;esp\u00edrito, alma e corpo&#8221; foi dado a eles como miss\u00e3o para a igreja em forma\u00e7\u00e3o.<\/p>\n<p>Essa interven\u00e7\u00e3o divina produziu o significado necess\u00e1rio para a motiva\u00e7\u00e3o do grupo em miss\u00e3o e prop\u00f3sitos. O que viria depois seriam as estrat\u00e9gias para se conseguir efetuar a vis\u00e3o de Deus.<\/p>\n<p><strong>\u00a0<\/strong><\/p>\n<p><strong>O\u00a0 Desenvolvimento&#8230;<\/strong><\/p>\n<p>A IARC cresceu sob a identifica\u00e7\u00e3o com a m\u00fasica jovem. Com o objetivo de de conquistar jovens.\u00a0 Estevam\u00a0 Hernandes desenvolveu estrat\u00e9gias visando a utiliza\u00e7\u00e3o do termo \u201cGospel\u201d,\u00a0 que se refere primeiramente \u00e0 m\u00fasica negra norte-americana e transformou esse g\u00eanero musical em todos os poss\u00edveis g\u00eaneros\u00a0 musicais brasieiros.<\/p>\n<p>Para que a m\u00fasica estivesse caracterizada como \u201cGospel\u201d, era necess\u00e1rio que as letras se adaptassem aos meios evang\u00e9licos, bem como, com letras que transmitissem a mensagem de Deus numa linguagem jovem.<\/p>\n<p>Neste contexto musical, surgem\u00a0 a Banda \u201cGospel\u201d- Katsbarn\u00e9a,\u00a0 o primeiro grupo &#8220;Gospel&#8221; a gravar um disco. Essa banda ganhou um festival de m\u00fasica famoso entre os jovens chamado &#8220;Festival do Fico&#8221;, que lan\u00e7ou bandas &#8220;seculares&#8221;, por exemplo &#8220;Paralamas do Sucesso&#8221;.<\/p>\n<p>Da banda Katsbarnea, surgiram outras que se compuseram sob o guarda-chuva da nova empresa que o Estevam\u00a0 Hernandes controlava-\u00a0 a Gospel Records. Os eventos musicais foram acontecendo sob a \u201cvis\u00e3o\u201d mercadol\u00f3gica do Ap\u00f3stolo Estevam Hernandes, resultando bons dividendos para a gravadora \u201cGospel\u201d, ao mesmo tempo, este\u00a0 \u201cg\u00eanero musical evang\u00e9lico\u201d foi aos poucos\u00a0 conquistando novos espa\u00e7os, at\u00e9 mesmo nas \u201cdenominadas\u201d Igrejas Protestantes Hist\u00f3ricas.<\/p>\n<p>O resultado foi que a Igreja cresceu assustadoramente, possu\u00ed hoje mais de 200 (d\u00e9cada de 80) templos espalhados pelo pa\u00eds, ainda, realizava tr\u00eas cultos dominicais em sua Igreja sede na capital paulista e est\u00e1 presente em outros pa\u00edses.<\/p>\n<p>A Igreja tem v\u00e1rios projetos sociais de grande impacto, mas sua for\u00e7a est\u00e1 na \u00e1rea da comunica\u00e7\u00e3o. Sua estrutura \u00e9 s\u00f3lida e se mant\u00e9m sob a lideran\u00e7a do casal Hernandes (Ap\u00f3stolo Estevam e Bispa S\u00f4nia).<\/p>\n<p>Sob os temas da contextualiza\u00e7\u00e3o e do afrouxamento dos &#8220;usos e costumes&#8221; mantidos ainda pelas muitas igrejas evang\u00e9licas, com uma teologia n\u00e3o definida, amb\u00edgua at\u00e9, aberta mas completamente limitadora e facilmente identific\u00e1vel, e com estrat\u00e9gias e planos de marketing muito bem definidos, inclusive na \u00e1rea da pol\u00edtica, a Igreja continua crescendo em ritmo acelerado no pa\u00eds, principalmente no interior do Estado de S\u00e3o Paulo.<\/p>\n<p>E foi com sua vis\u00e3o de longo alcance e uma enorme sensibilidade para analisar o mercado e o futuro das organiza\u00e7\u00f5es que ele projetou, criou e desenvolveu a IARC sob o tema maior da comunica\u00e7\u00e3o.<\/p>\n<p><strong>A Comunica\u00e7\u00e3o&#8230;<\/strong><\/p>\n<p>A igreja sempre teve seus alvos bem definidos quanto ao impacto que queria provocar atrav\u00e9s dos meios de comunica\u00e7\u00e3o de massa. O esp\u00edrito empreendedor do &#8220;markete\u00f3logo&#8221; Estevam Hernandes sempre utilizou o poder da m\u00eddia para desenvolver seus projetos religiosos, conseguindo desta forma, fortalecer a logomarca \u201cRenascer em Cristo\u201d no mercado institucional-eclesi\u00e1stico.<\/p>\n<p>Fundou a Rede Gospel de Comunica\u00e7\u00e3o- RGC, utilizando a palavra &#8220;gospel&#8221; como marca publicit\u00e1ria da empresa A RGC administra e coordenada os programas veiculados nas diversas emissoras de r\u00e1dio atrav\u00e9s da Gospel Sat (AM\/FM),\u00a0 Rede Manchete\u00a0 de Televis\u00e3o (Renascer, De Bem com a Vida, Clip Gospel, Espa\u00e7o Renascer, S\u00e1bado Especial e Espa\u00e7o Renascer) e Rede Gsopel (Multicanal\/NET 28, TVA 76 e Canal 53\/UHF).<\/p>\n<p>Com uma programa\u00e7\u00e3o \u00e1gil, c\u00f3pias de jingles, vinhetas e locutores de outras r\u00e1dios, e usando moldes seculares para a transmiss\u00e3o da mensagem sagrada, portanto, o r\u00e1dio inovou ao eliminar as mensagens constantes, os relatos de curas comuns nas AM&#8217;s evang\u00e9licas, e inseriu muita m\u00fasica com dicas culturais, participa\u00e7\u00f5es ao vivo, an\u00fancios de programa\u00e7\u00f5es no &#8220;point&#8221; da IEARC, promovendo bandas gospel e criando espa\u00e7os para divulga\u00e7\u00e3o dos trabalhos desenvolvidos pelas diversas denomina\u00e7\u00f5es evang\u00e9licas sem custos operacionais.<\/p>\n<p>Atrav\u00e9s desta presta\u00e7\u00e3o de servi\u00e7os diversos via emissoras de r\u00e1dio, a RGC conseguiu atrair a aten\u00e7\u00e3o de jovens evang\u00e9licos que antes, s\u00f3 \u201couviam m\u00fasica secular&#8221;, divulgando aos ouvintes evang\u00e9licos, algo que n\u00e3o existia em sua f\u00e9, que \u00e9 o orgulho de n\u00e3o ser \u201ccareta\u201d ou\u00a0 &#8220;alienado&#8221;,\u00a0 a import\u00e2ncia de estar em sintonia com o seu mundo.<\/p>\n<p><strong>_________________________________<\/strong><\/p>\n<p><strong>(*) Jornalista diplomado (1.983), Mestre em Ci\u00eancias da Religi\u00e3o pelo PPG\/CR-UMESP (1.997) e Pesquisador da C\u00e1tedra Unesco\/Umesp de Comunica\u00e7\u00e3o.<\/strong><\/p>\n<p><strong>e-mail: <a href=\"mailto:barbosa.sebar@gmail.com\">barbosa.sebar@gmail.com<\/a><\/strong><\/p>\n<p>&nbsp;<\/p>\n","protected":false},"excerpt":{"rendered":"<p>&#8220;O Homem religioso assume um modo de exist\u00eancia espec\u00edfica no mundo, e apesar do grande n\u00famero de formas hist\u00f3rico-religiosas, este modo espec\u00edfico \u00e9 sempre reconhec\u00edvel. Seja qual for o contexto hist\u00f3rico em que se encontra, o homo religiosus acredita sempre que existe uma realidade absoluta, o sagrado, que transcende este mundo, mas que aqui se [&hellip;]<\/p>\n","protected":false},"author":13,"featured_media":51988,"comment_status":"closed","ping_status":"open","sticky":false,"template":"","format":"standard","meta":{"_acf_changed":false,"_exactmetrics_skip_tracking":false,"_exactmetrics_sitenote_active":false,"_exactmetrics_sitenote_note":"","_exactmetrics_sitenote_category":0,"footnotes":""},"categories":[59],"tags":[],"class_list":["post-64484","post","type-post","status-publish","format-standard","has-post-thumbnail","hentry","category-opiniao"],"acf":[],"yoast_head":"<!-- This site is optimized with the Yoast SEO plugin v27.2 - https:\/\/yoast.com\/product\/yoast-seo-wordpress\/ -->\n<title>A RELIGI\u00c3O EM TEMPOS DE GLOBALIZA\u00c7\u00c3O GOSPEL NAS D\u00c9CADAS DE 80 e 90: A IGREJA EVANG\u00c9LICA APOST\u00d3LICA RENASCER EM CRISTO- IEARC. - R\u00e1dio Life FM<\/title>\n<meta name=\"robots\" content=\"index, follow, max-snippet:-1, max-image-preview:large, max-video-preview:-1\" \/>\n<link rel=\"canonical\" href=\"https:\/\/radiolifefm.com.br\/noticias\/a-religiao-em-tempos-de-globalizacao-gospel-nas-decadas-de-80-e-90-a-igreja-evangelica-apostolica-renascer-em-cristo-iearc\/\" \/>\n<meta property=\"og:locale\" content=\"pt_BR\" \/>\n<meta property=\"og:type\" content=\"article\" \/>\n<meta property=\"og:title\" content=\"A RELIGI\u00c3O EM TEMPOS DE GLOBALIZA\u00c7\u00c3O GOSPEL NAS D\u00c9CADAS DE 80 e 90: A IGREJA EVANG\u00c9LICA APOST\u00d3LICA RENASCER EM CRISTO- IEARC. - R\u00e1dio Life FM\" \/>\n<meta property=\"og:description\" content=\"&#8220;O Homem religioso assume um modo de exist\u00eancia espec\u00edfica no mundo, e apesar do grande n\u00famero de formas hist\u00f3rico-religiosas, este modo espec\u00edfico \u00e9 sempre reconhec\u00edvel. Seja qual for o contexto hist\u00f3rico em que se encontra, o homo religiosus acredita sempre que existe uma realidade absoluta, o sagrado, que transcende este mundo, mas que aqui se [&hellip;]\" \/>\n<meta property=\"og:url\" content=\"https:\/\/radiolifefm.com.br\/noticias\/a-religiao-em-tempos-de-globalizacao-gospel-nas-decadas-de-80-e-90-a-igreja-evangelica-apostolica-renascer-em-cristo-iearc\/\" \/>\n<meta property=\"og:site_name\" content=\"R\u00e1dio Life FM\" \/>\n<meta property=\"article:publisher\" content=\"https:\/\/www.facebook.com\/radiolifefm\/\" \/>\n<meta property=\"article:published_time\" content=\"2023-02-01T11:17:13+00:00\" \/>\n<meta property=\"article:modified_time\" content=\"2026-04-07T11:51:21+00:00\" \/>\n<meta property=\"og:image\" content=\"https:\/\/radiolifefm.com.br\/noticias\/wp-content\/uploads\/2022\/04\/WhatsApp-Image-2022-04-10-at-18.43.02.jpeg\" \/>\n\t<meta property=\"og:image:width\" content=\"972\" \/>\n\t<meta property=\"og:image:height\" content=\"1296\" \/>\n\t<meta property=\"og:image:type\" content=\"image\/jpeg\" \/>\n<meta name=\"author\" content=\"ritanery\" \/>\n<meta name=\"twitter:card\" content=\"summary_large_image\" \/>\n<meta name=\"twitter:label1\" content=\"Escrito por\" \/>\n\t<meta name=\"twitter:data1\" content=\"ritanery\" \/>\n\t<meta name=\"twitter:label2\" content=\"Est. tempo de leitura\" \/>\n\t<meta name=\"twitter:data2\" content=\"6 minutos\" \/>\n<script type=\"application\/ld+json\" class=\"yoast-schema-graph\">{\"@context\":\"https:\/\/schema.org\",\"@graph\":[{\"@type\":\"Article\",\"@id\":\"https:\/\/radiolifefm.com.br\/noticias\/a-religiao-em-tempos-de-globalizacao-gospel-nas-decadas-de-80-e-90-a-igreja-evangelica-apostolica-renascer-em-cristo-iearc\/#article\",\"isPartOf\":{\"@id\":\"https:\/\/radiolifefm.com.br\/noticias\/a-religiao-em-tempos-de-globalizacao-gospel-nas-decadas-de-80-e-90-a-igreja-evangelica-apostolica-renascer-em-cristo-iearc\/\"},\"author\":{\"name\":\"ritanery\",\"@id\":\"https:\/\/radiolifefm.com.br\/noticias\/#\/schema\/person\/6339b9fac59d12b071dec680d7375d87\"},\"headline\":\"A RELIGI\u00c3O EM TEMPOS DE GLOBALIZA\u00c7\u00c3O GOSPEL NAS D\u00c9CADAS DE 80 e 90: A IGREJA EVANG\u00c9LICA APOST\u00d3LICA RENASCER EM CRISTO- IEARC.\",\"datePublished\":\"2023-02-01T11:17:13+00:00\",\"dateModified\":\"2026-04-07T11:51:21+00:00\",\"mainEntityOfPage\":{\"@id\":\"https:\/\/radiolifefm.com.br\/noticias\/a-religiao-em-tempos-de-globalizacao-gospel-nas-decadas-de-80-e-90-a-igreja-evangelica-apostolica-renascer-em-cristo-iearc\/\"},\"wordCount\":1221,\"publisher\":{\"@id\":\"https:\/\/radiolifefm.com.br\/noticias\/#organization\"},\"image\":{\"@id\":\"https:\/\/radiolifefm.com.br\/noticias\/a-religiao-em-tempos-de-globalizacao-gospel-nas-decadas-de-80-e-90-a-igreja-evangelica-apostolica-renascer-em-cristo-iearc\/#primaryimage\"},\"thumbnailUrl\":\"https:\/\/radiolifefm.com.br\/noticias\/wp-content\/uploads\/2022\/04\/WhatsApp-Image-2022-04-10-at-18.43.02.jpeg\",\"articleSection\":[\"Opini\u00e3o\"],\"inLanguage\":\"pt-BR\"},{\"@type\":\"WebPage\",\"@id\":\"https:\/\/radiolifefm.com.br\/noticias\/a-religiao-em-tempos-de-globalizacao-gospel-nas-decadas-de-80-e-90-a-igreja-evangelica-apostolica-renascer-em-cristo-iearc\/\",\"url\":\"https:\/\/radiolifefm.com.br\/noticias\/a-religiao-em-tempos-de-globalizacao-gospel-nas-decadas-de-80-e-90-a-igreja-evangelica-apostolica-renascer-em-cristo-iearc\/\",\"name\":\"A RELIGI\u00c3O EM TEMPOS DE GLOBALIZA\u00c7\u00c3O GOSPEL NAS D\u00c9CADAS DE 80 e 90: A IGREJA EVANG\u00c9LICA APOST\u00d3LICA RENASCER EM CRISTO- IEARC. - R\u00e1dio Life FM\",\"isPartOf\":{\"@id\":\"https:\/\/radiolifefm.com.br\/noticias\/#website\"},\"primaryImageOfPage\":{\"@id\":\"https:\/\/radiolifefm.com.br\/noticias\/a-religiao-em-tempos-de-globalizacao-gospel-nas-decadas-de-80-e-90-a-igreja-evangelica-apostolica-renascer-em-cristo-iearc\/#primaryimage\"},\"image\":{\"@id\":\"https:\/\/radiolifefm.com.br\/noticias\/a-religiao-em-tempos-de-globalizacao-gospel-nas-decadas-de-80-e-90-a-igreja-evangelica-apostolica-renascer-em-cristo-iearc\/#primaryimage\"},\"thumbnailUrl\":\"https:\/\/radiolifefm.com.br\/noticias\/wp-content\/uploads\/2022\/04\/WhatsApp-Image-2022-04-10-at-18.43.02.jpeg\",\"datePublished\":\"2023-02-01T11:17:13+00:00\",\"dateModified\":\"2026-04-07T11:51:21+00:00\",\"breadcrumb\":{\"@id\":\"https:\/\/radiolifefm.com.br\/noticias\/a-religiao-em-tempos-de-globalizacao-gospel-nas-decadas-de-80-e-90-a-igreja-evangelica-apostolica-renascer-em-cristo-iearc\/#breadcrumb\"},\"inLanguage\":\"pt-BR\",\"potentialAction\":[{\"@type\":\"ReadAction\",\"target\":[\"https:\/\/radiolifefm.com.br\/noticias\/a-religiao-em-tempos-de-globalizacao-gospel-nas-decadas-de-80-e-90-a-igreja-evangelica-apostolica-renascer-em-cristo-iearc\/\"]}]},{\"@type\":\"ImageObject\",\"inLanguage\":\"pt-BR\",\"@id\":\"https:\/\/radiolifefm.com.br\/noticias\/a-religiao-em-tempos-de-globalizacao-gospel-nas-decadas-de-80-e-90-a-igreja-evangelica-apostolica-renascer-em-cristo-iearc\/#primaryimage\",\"url\":\"https:\/\/radiolifefm.com.br\/noticias\/wp-content\/uploads\/2022\/04\/WhatsApp-Image-2022-04-10-at-18.43.02.jpeg\",\"contentUrl\":\"https:\/\/radiolifefm.com.br\/noticias\/wp-content\/uploads\/2022\/04\/WhatsApp-Image-2022-04-10-at-18.43.02.jpeg\",\"width\":972,\"height\":1296,\"caption\":\"S\u00e9rgio Barbosa\"},{\"@type\":\"BreadcrumbList\",\"@id\":\"https:\/\/radiolifefm.com.br\/noticias\/a-religiao-em-tempos-de-globalizacao-gospel-nas-decadas-de-80-e-90-a-igreja-evangelica-apostolica-renascer-em-cristo-iearc\/#breadcrumb\",\"itemListElement\":[{\"@type\":\"ListItem\",\"position\":1,\"name\":\"In\u00edcio\",\"item\":\"https:\/\/radiolifefm.com.br\/noticias\/\"},{\"@type\":\"ListItem\",\"position\":2,\"name\":\"A RELIGI\u00c3O EM TEMPOS DE GLOBALIZA\u00c7\u00c3O GOSPEL NAS D\u00c9CADAS DE 80 e 90: A IGREJA EVANG\u00c9LICA APOST\u00d3LICA RENASCER EM CRISTO- IEARC.\"}]},{\"@type\":\"WebSite\",\"@id\":\"https:\/\/radiolifefm.com.br\/noticias\/#website\",\"url\":\"https:\/\/radiolifefm.com.br\/noticias\/\",\"name\":\"R\u00e1dio Life FM\",\"description\":\"O Portal de Not\u00edcias de Adamantina\",\"publisher\":{\"@id\":\"https:\/\/radiolifefm.com.br\/noticias\/#organization\"},\"alternateName\":\"Life FM\",\"potentialAction\":[{\"@type\":\"SearchAction\",\"target\":{\"@type\":\"EntryPoint\",\"urlTemplate\":\"https:\/\/radiolifefm.com.br\/noticias\/?s={search_term_string}\"},\"query-input\":{\"@type\":\"PropertyValueSpecification\",\"valueRequired\":true,\"valueName\":\"search_term_string\"}}],\"inLanguage\":\"pt-BR\"},{\"@type\":\"Organization\",\"@id\":\"https:\/\/radiolifefm.com.br\/noticias\/#organization\",\"name\":\"R\u00e1dio Life FM\",\"alternateName\":\"Life FM\",\"url\":\"https:\/\/radiolifefm.com.br\/noticias\/\",\"logo\":{\"@type\":\"ImageObject\",\"inLanguage\":\"pt-BR\",\"@id\":\"https:\/\/radiolifefm.com.br\/noticias\/#\/schema\/logo\/image\/\",\"url\":\"https:\/\/static.radiolifefm.com.br\/noticias\/wp-content\/uploads\/2019\/10\/logo-lifefm.png\",\"contentUrl\":\"https:\/\/static.radiolifefm.com.br\/noticias\/wp-content\/uploads\/2019\/10\/logo-lifefm.png\",\"width\":196,\"height\":47,\"caption\":\"R\u00e1dio Life FM\"},\"image\":{\"@id\":\"https:\/\/radiolifefm.com.br\/noticias\/#\/schema\/logo\/image\/\"},\"sameAs\":[\"https:\/\/www.facebook.com\/radiolifefm\/\",\"https:\/\/www.instagram.com\/life1079fm\/\"]},{\"@type\":\"Person\",\"@id\":\"https:\/\/radiolifefm.com.br\/noticias\/#\/schema\/person\/6339b9fac59d12b071dec680d7375d87\",\"name\":\"ritanery\",\"image\":{\"@type\":\"ImageObject\",\"inLanguage\":\"pt-BR\",\"@id\":\"https:\/\/secure.gravatar.com\/avatar\/0e37bb19071f47c0b8a23f62a903df117c5a0e75f65a0c2901562f97cd41cf86?s=96&d=mm&r=g\",\"url\":\"https:\/\/secure.gravatar.com\/avatar\/0e37bb19071f47c0b8a23f62a903df117c5a0e75f65a0c2901562f97cd41cf86?s=96&d=mm&r=g\",\"contentUrl\":\"https:\/\/secure.gravatar.com\/avatar\/0e37bb19071f47c0b8a23f62a903df117c5a0e75f65a0c2901562f97cd41cf86?s=96&d=mm&r=g\",\"caption\":\"ritanery\"}}]}<\/script>\n<!-- \/ Yoast SEO plugin. -->","yoast_head_json":{"title":"A RELIGI\u00c3O EM TEMPOS DE GLOBALIZA\u00c7\u00c3O GOSPEL NAS D\u00c9CADAS DE 80 e 90: A IGREJA EVANG\u00c9LICA APOST\u00d3LICA RENASCER EM CRISTO- IEARC. - R\u00e1dio Life FM","robots":{"index":"index","follow":"follow","max-snippet":"max-snippet:-1","max-image-preview":"max-image-preview:large","max-video-preview":"max-video-preview:-1"},"canonical":"https:\/\/radiolifefm.com.br\/noticias\/a-religiao-em-tempos-de-globalizacao-gospel-nas-decadas-de-80-e-90-a-igreja-evangelica-apostolica-renascer-em-cristo-iearc\/","og_locale":"pt_BR","og_type":"article","og_title":"A RELIGI\u00c3O EM TEMPOS DE GLOBALIZA\u00c7\u00c3O GOSPEL NAS D\u00c9CADAS DE 80 e 90: A IGREJA EVANG\u00c9LICA APOST\u00d3LICA RENASCER EM CRISTO- IEARC. - R\u00e1dio Life FM","og_description":"&#8220;O Homem religioso assume um modo de exist\u00eancia espec\u00edfica no mundo, e apesar do grande n\u00famero de formas hist\u00f3rico-religiosas, este modo espec\u00edfico \u00e9 sempre reconhec\u00edvel. Seja qual for o contexto hist\u00f3rico em que se encontra, o homo religiosus acredita sempre que existe uma realidade absoluta, o sagrado, que transcende este mundo, mas que aqui se [&hellip;]","og_url":"https:\/\/radiolifefm.com.br\/noticias\/a-religiao-em-tempos-de-globalizacao-gospel-nas-decadas-de-80-e-90-a-igreja-evangelica-apostolica-renascer-em-cristo-iearc\/","og_site_name":"R\u00e1dio Life FM","article_publisher":"https:\/\/www.facebook.com\/radiolifefm\/","article_published_time":"2023-02-01T11:17:13+00:00","article_modified_time":"2026-04-07T11:51:21+00:00","og_image":[{"width":972,"height":1296,"url":"https:\/\/radiolifefm.com.br\/noticias\/wp-content\/uploads\/2022\/04\/WhatsApp-Image-2022-04-10-at-18.43.02.jpeg","type":"image\/jpeg"}],"author":"ritanery","twitter_card":"summary_large_image","twitter_misc":{"Escrito por":"ritanery","Est. tempo de leitura":"6 minutos"},"schema":{"@context":"https:\/\/schema.org","@graph":[{"@type":"Article","@id":"https:\/\/radiolifefm.com.br\/noticias\/a-religiao-em-tempos-de-globalizacao-gospel-nas-decadas-de-80-e-90-a-igreja-evangelica-apostolica-renascer-em-cristo-iearc\/#article","isPartOf":{"@id":"https:\/\/radiolifefm.com.br\/noticias\/a-religiao-em-tempos-de-globalizacao-gospel-nas-decadas-de-80-e-90-a-igreja-evangelica-apostolica-renascer-em-cristo-iearc\/"},"author":{"name":"ritanery","@id":"https:\/\/radiolifefm.com.br\/noticias\/#\/schema\/person\/6339b9fac59d12b071dec680d7375d87"},"headline":"A RELIGI\u00c3O EM TEMPOS DE GLOBALIZA\u00c7\u00c3O GOSPEL NAS D\u00c9CADAS DE 80 e 90: A IGREJA EVANG\u00c9LICA APOST\u00d3LICA RENASCER EM CRISTO- IEARC.","datePublished":"2023-02-01T11:17:13+00:00","dateModified":"2026-04-07T11:51:21+00:00","mainEntityOfPage":{"@id":"https:\/\/radiolifefm.com.br\/noticias\/a-religiao-em-tempos-de-globalizacao-gospel-nas-decadas-de-80-e-90-a-igreja-evangelica-apostolica-renascer-em-cristo-iearc\/"},"wordCount":1221,"publisher":{"@id":"https:\/\/radiolifefm.com.br\/noticias\/#organization"},"image":{"@id":"https:\/\/radiolifefm.com.br\/noticias\/a-religiao-em-tempos-de-globalizacao-gospel-nas-decadas-de-80-e-90-a-igreja-evangelica-apostolica-renascer-em-cristo-iearc\/#primaryimage"},"thumbnailUrl":"https:\/\/radiolifefm.com.br\/noticias\/wp-content\/uploads\/2022\/04\/WhatsApp-Image-2022-04-10-at-18.43.02.jpeg","articleSection":["Opini\u00e3o"],"inLanguage":"pt-BR"},{"@type":"WebPage","@id":"https:\/\/radiolifefm.com.br\/noticias\/a-religiao-em-tempos-de-globalizacao-gospel-nas-decadas-de-80-e-90-a-igreja-evangelica-apostolica-renascer-em-cristo-iearc\/","url":"https:\/\/radiolifefm.com.br\/noticias\/a-religiao-em-tempos-de-globalizacao-gospel-nas-decadas-de-80-e-90-a-igreja-evangelica-apostolica-renascer-em-cristo-iearc\/","name":"A RELIGI\u00c3O EM TEMPOS DE GLOBALIZA\u00c7\u00c3O GOSPEL NAS D\u00c9CADAS DE 80 e 90: A IGREJA EVANG\u00c9LICA APOST\u00d3LICA RENASCER EM CRISTO- IEARC. - R\u00e1dio Life FM","isPartOf":{"@id":"https:\/\/radiolifefm.com.br\/noticias\/#website"},"primaryImageOfPage":{"@id":"https:\/\/radiolifefm.com.br\/noticias\/a-religiao-em-tempos-de-globalizacao-gospel-nas-decadas-de-80-e-90-a-igreja-evangelica-apostolica-renascer-em-cristo-iearc\/#primaryimage"},"image":{"@id":"https:\/\/radiolifefm.com.br\/noticias\/a-religiao-em-tempos-de-globalizacao-gospel-nas-decadas-de-80-e-90-a-igreja-evangelica-apostolica-renascer-em-cristo-iearc\/#primaryimage"},"thumbnailUrl":"https:\/\/radiolifefm.com.br\/noticias\/wp-content\/uploads\/2022\/04\/WhatsApp-Image-2022-04-10-at-18.43.02.jpeg","datePublished":"2023-02-01T11:17:13+00:00","dateModified":"2026-04-07T11:51:21+00:00","breadcrumb":{"@id":"https:\/\/radiolifefm.com.br\/noticias\/a-religiao-em-tempos-de-globalizacao-gospel-nas-decadas-de-80-e-90-a-igreja-evangelica-apostolica-renascer-em-cristo-iearc\/#breadcrumb"},"inLanguage":"pt-BR","potentialAction":[{"@type":"ReadAction","target":["https:\/\/radiolifefm.com.br\/noticias\/a-religiao-em-tempos-de-globalizacao-gospel-nas-decadas-de-80-e-90-a-igreja-evangelica-apostolica-renascer-em-cristo-iearc\/"]}]},{"@type":"ImageObject","inLanguage":"pt-BR","@id":"https:\/\/radiolifefm.com.br\/noticias\/a-religiao-em-tempos-de-globalizacao-gospel-nas-decadas-de-80-e-90-a-igreja-evangelica-apostolica-renascer-em-cristo-iearc\/#primaryimage","url":"https:\/\/radiolifefm.com.br\/noticias\/wp-content\/uploads\/2022\/04\/WhatsApp-Image-2022-04-10-at-18.43.02.jpeg","contentUrl":"https:\/\/radiolifefm.com.br\/noticias\/wp-content\/uploads\/2022\/04\/WhatsApp-Image-2022-04-10-at-18.43.02.jpeg","width":972,"height":1296,"caption":"S\u00e9rgio Barbosa"},{"@type":"BreadcrumbList","@id":"https:\/\/radiolifefm.com.br\/noticias\/a-religiao-em-tempos-de-globalizacao-gospel-nas-decadas-de-80-e-90-a-igreja-evangelica-apostolica-renascer-em-cristo-iearc\/#breadcrumb","itemListElement":[{"@type":"ListItem","position":1,"name":"In\u00edcio","item":"https:\/\/radiolifefm.com.br\/noticias\/"},{"@type":"ListItem","position":2,"name":"A RELIGI\u00c3O EM TEMPOS DE GLOBALIZA\u00c7\u00c3O GOSPEL NAS D\u00c9CADAS DE 80 e 90: A IGREJA EVANG\u00c9LICA APOST\u00d3LICA RENASCER EM CRISTO- IEARC."}]},{"@type":"WebSite","@id":"https:\/\/radiolifefm.com.br\/noticias\/#website","url":"https:\/\/radiolifefm.com.br\/noticias\/","name":"R\u00e1dio Life FM","description":"O Portal de Not\u00edcias de Adamantina","publisher":{"@id":"https:\/\/radiolifefm.com.br\/noticias\/#organization"},"alternateName":"Life FM","potentialAction":[{"@type":"SearchAction","target":{"@type":"EntryPoint","urlTemplate":"https:\/\/radiolifefm.com.br\/noticias\/?s={search_term_string}"},"query-input":{"@type":"PropertyValueSpecification","valueRequired":true,"valueName":"search_term_string"}}],"inLanguage":"pt-BR"},{"@type":"Organization","@id":"https:\/\/radiolifefm.com.br\/noticias\/#organization","name":"R\u00e1dio Life FM","alternateName":"Life FM","url":"https:\/\/radiolifefm.com.br\/noticias\/","logo":{"@type":"ImageObject","inLanguage":"pt-BR","@id":"https:\/\/radiolifefm.com.br\/noticias\/#\/schema\/logo\/image\/","url":"https:\/\/static.radiolifefm.com.br\/noticias\/wp-content\/uploads\/2019\/10\/logo-lifefm.png","contentUrl":"https:\/\/static.radiolifefm.com.br\/noticias\/wp-content\/uploads\/2019\/10\/logo-lifefm.png","width":196,"height":47,"caption":"R\u00e1dio Life FM"},"image":{"@id":"https:\/\/radiolifefm.com.br\/noticias\/#\/schema\/logo\/image\/"},"sameAs":["https:\/\/www.facebook.com\/radiolifefm\/","https:\/\/www.instagram.com\/life1079fm\/"]},{"@type":"Person","@id":"https:\/\/radiolifefm.com.br\/noticias\/#\/schema\/person\/6339b9fac59d12b071dec680d7375d87","name":"ritanery","image":{"@type":"ImageObject","inLanguage":"pt-BR","@id":"https:\/\/secure.gravatar.com\/avatar\/0e37bb19071f47c0b8a23f62a903df117c5a0e75f65a0c2901562f97cd41cf86?s=96&d=mm&r=g","url":"https:\/\/secure.gravatar.com\/avatar\/0e37bb19071f47c0b8a23f62a903df117c5a0e75f65a0c2901562f97cd41cf86?s=96&d=mm&r=g","contentUrl":"https:\/\/secure.gravatar.com\/avatar\/0e37bb19071f47c0b8a23f62a903df117c5a0e75f65a0c2901562f97cd41cf86?s=96&d=mm&r=g","caption":"ritanery"}}]}},"amp_enabled":true,"_links":{"self":[{"href":"https:\/\/radiolifefm.com.br\/noticias\/wp-json\/wp\/v2\/posts\/64484","targetHints":{"allow":["GET"]}}],"collection":[{"href":"https:\/\/radiolifefm.com.br\/noticias\/wp-json\/wp\/v2\/posts"}],"about":[{"href":"https:\/\/radiolifefm.com.br\/noticias\/wp-json\/wp\/v2\/types\/post"}],"author":[{"embeddable":true,"href":"https:\/\/radiolifefm.com.br\/noticias\/wp-json\/wp\/v2\/users\/13"}],"replies":[{"embeddable":true,"href":"https:\/\/radiolifefm.com.br\/noticias\/wp-json\/wp\/v2\/comments?post=64484"}],"version-history":[{"count":1,"href":"https:\/\/radiolifefm.com.br\/noticias\/wp-json\/wp\/v2\/posts\/64484\/revisions"}],"predecessor-version":[{"id":64485,"href":"https:\/\/radiolifefm.com.br\/noticias\/wp-json\/wp\/v2\/posts\/64484\/revisions\/64485"}],"wp:featuredmedia":[{"embeddable":true,"href":"https:\/\/radiolifefm.com.br\/noticias\/wp-json\/wp\/v2\/media\/51988"}],"wp:attachment":[{"href":"https:\/\/radiolifefm.com.br\/noticias\/wp-json\/wp\/v2\/media?parent=64484"}],"wp:term":[{"taxonomy":"category","embeddable":true,"href":"https:\/\/radiolifefm.com.br\/noticias\/wp-json\/wp\/v2\/categories?post=64484"},{"taxonomy":"post_tag","embeddable":true,"href":"https:\/\/radiolifefm.com.br\/noticias\/wp-json\/wp\/v2\/tags?post=64484"}],"curies":[{"name":"wp","href":"https:\/\/api.w.org\/{rel}","templated":true}]}}