{"id":64125,"date":"2023-01-25T07:47:36","date_gmt":"2023-01-25T10:47:36","guid":{"rendered":"https:\/\/radiolifefm.com.br\/noticias\/?p=64125"},"modified":"2025-11-18T19:24:58","modified_gmt":"2025-11-18T22:24:58","slug":"a-midia-digital-em-tempo-de-pos-globalizacao-organizacional","status":"publish","type":"post","link":"https:\/\/radiolifefm.com.br\/noticias\/a-midia-digital-em-tempo-de-pos-globalizacao-organizacional\/","title":{"rendered":"A M\u00cdDIA DIGITAL EM TEMPO DE P\u00d3S-GLOBALIZA\u00c7\u00c3O ORGANIZACIONAL&#8230;"},"content":{"rendered":"<div id=\"fb-root\"><\/div>\n<p><strong><em>\u201cN\u00e3o deixe a m\u00eddia te dominar, caso contr\u00e1rio voc\u00ea ser\u00e1 mais um pobre coitado dominado pelo sistema, sem vida pr\u00f3pria, pense com a sua pr\u00f3pria cabe\u00e7a e n\u00e3o com a deles pois isso \u00e9 tudo o que eles mais querem.\u201d (<a href=\"https:\/\/www.pensador.com\/autor\/helene_francoise\/\">H\u00e9l\u00e8ne Fran\u00e7oise<\/a>)<\/em><\/strong><\/p>\n<p><strong><em>\u00a0<\/em><\/strong><\/p>\n<p><strong><em>\u201cAs sociedades sempre foram moldadas mais pela natureza dos meios que os homens usam para comunicar-se que pelo conte\u00fado da comunica\u00e7\u00e3o.\u201d (<a href=\"https:\/\/www.pensador.com\/autor\/marshall_mcluhan\/\">Marshall McLuhan<\/a>)<\/em><\/strong><\/p>\n<p><strong><em>\u00a0<\/em><\/strong><\/p>\n<p><strong>\u00a0<\/strong><\/p>\n<p><strong>S\u00e9rgio Barbosa (*)<\/strong><\/p>\n<p>&nbsp;<\/p>\n<p>&nbsp;<\/p>\n<p>N\u00e3o se pode deixar de registrar que o PLANETA continua em transforma\u00e7\u00e3o constante, ainda, em todas as \u00e1reas afins aos interesses do mercado ORGANIZACIONAL&#8230;<\/p>\n<p>Portanto, faz-se necess\u00e1rio estar sintonizado em todos os processos MIDI\u00c1TICOS, tendo em vista o avan\u00e7o das PLATAFORMAS DIGITAIS por meio das denominadas REDES SOCIAIS em n\u00edvel GLOCAL, ou seja, do GLOBAL para o LOCAL&#8230;<\/p>\n<p>\u00c9 importante saber o por qu\u00ea dos acontecimentos nos novos tempos, pois s\u00e3o as respostas que v\u00e3o proporcionar um novo entendimento entre as partes, ainda mais, quando todos est\u00e3o inseridos no mesmo contexto de transforma\u00e7\u00e3o mundial.<\/p>\n<p>O mundo \u00e9 \u201cuma aldeia global\u201d como afirmou o mago da m\u00eddia em tempos passados, McLuhan, assim, cada qual, ao seu modo, devem continuar buscando cada vez mais, qualifica\u00e7\u00e3o e compet\u00eancia profissional visando os novos rumos que chegam pela porta da P\u00d3S-GLOBALIZA\u00c7\u00c3O&#8230;<\/p>\n<p>Os meios midi\u00e1ticos que entram nas RESID\u00caNCIAS e outros lugares pelas M\u00cdDIAS tradicionais, bem como, por meio das REDES SOCIAIS via CELULARES, COMPUTADORES, NOTEBOOK e outros, ainda, com milhares de OFERTAS e tudo mais em meio ao tudo de menos, acabam USANDO E ABUSANDO disto ou daquilo&#8230;<\/p>\n<p>Assim, cada vez mais as CONEX\u00d5ES se fazem presentes no COTIDIANO em geral, tendo em vista que a SINTONIA com o denominado, ainda, MEIOS DE COMUNICA\u00c7\u00c3O DE MASSA (MCM) ou como afirmam os agentes da p\u00f3s-globaliza\u00e7\u00e3o, processos midi\u00e1ticos ou simplesmente \u201cm\u00eddia\u201d; de qualquer forma, s\u00e3o DESENCONTROS MIDI\u00c1TICOS em REDES em nome dos interesses e objetivos das CORPORA\u00c7\u00d5ES em n\u00edvel MUNDIAL&#8230;<\/p>\n<p>Neste contexto PLURAL para a maioria e SINGULAR para a minoria (ORGANIZA\u00c7\u00d5ES), todos\/as continuam sendo MANIPULADOS\/AS de um jeito ou de outro, tal qual ORWELL escreveu no cl\u00e1ssico, \u201c1.984\u201d, ainda, registrou suas impress\u00f5es quanto as IDEOLOGIAS em outro livro cl\u00e1ssico, a saber: A REVOLU\u00c7\u00c3O DOS BICHOS&#8230;<\/p>\n<p>Al\u00e9m disto ou daquilo, quando o TEMA em pauta est\u00e1 conectado com TEM\u00c1TICAS MIDI\u00c1TICAS, deve-se considerar que o CEN\u00c1RIO ATUAL em todas as \u00e1reas, continua possibilitando em n\u00edvel ORGANIZACIONAL novas TECNOLOGIAS afins aos objetivos do MERCADO&#8230;<\/p>\n<p>Portanto, entendo que TODO CUIDADO \u00c9 POUCO para todos\/as, haja vista que a DOMINICA\u00c7\u00c3O j\u00e1 se faz presente em n\u00edvel GLOBAL, desta forma, cada qual deve estar CONSCIENTE destes desencontros tecnol\u00f3gicos, bem como, da MANIPULA\u00c7\u00c3O MIDI\u00c1TICA que ocorre com as T\u00c9CNICAS do MARKETING DIGITAL&#8230;<\/p>\n<p>O que deve se levar em conta nesta REFLEX\u00c3O, pode ser resumido no dito popular, a saber: SE FICAR, O BICHO COME, SE CORRER, O BICHO PEGA&#8230;<\/p>\n<p>Ainda, QUEM SOBREVIVER VAI SABER&#8230;<\/p>\n<p>&nbsp;<\/p>\n<p><strong><em>________________________<\/em><\/strong><\/p>\n<p><strong><em>(*) jornalista diplomado e pesquisador da c\u00e1tedra unesco\/umesp de comunica\u00e7\u00e3o.<\/em><\/strong><\/p>\n<p><strong><em>e-mail: <a href=\"mailto:barbosa.sebar@gmail.com\">barbosa.sebar@gmail.com<\/a><\/em><\/strong><\/p>\n<p><strong><em>\u00a0<\/em><\/strong><\/p>\n<p>&nbsp;<\/p>\n<p>&nbsp;<\/p>\n<p>&nbsp;<\/p>\n","protected":false},"excerpt":{"rendered":"<p>\u201cN\u00e3o deixe a m\u00eddia te dominar, caso contr\u00e1rio voc\u00ea ser\u00e1 mais um pobre coitado dominado pelo sistema, sem vida pr\u00f3pria, pense com a sua pr\u00f3pria cabe\u00e7a e n\u00e3o com a deles pois isso \u00e9 tudo o que eles mais querem.\u201d (H\u00e9l\u00e8ne Fran\u00e7oise) \u00a0 \u201cAs sociedades sempre foram moldadas mais pela natureza dos meios que os [&hellip;]<\/p>\n","protected":false},"author":13,"featured_media":51988,"comment_status":"closed","ping_status":"open","sticky":false,"template":"","format":"standard","meta":{"_acf_changed":false,"_exactmetrics_skip_tracking":false,"_exactmetrics_sitenote_active":false,"_exactmetrics_sitenote_note":"","_exactmetrics_sitenote_category":0,"footnotes":""},"categories":[59],"tags":[],"class_list":["post-64125","post","type-post","status-publish","format-standard","has-post-thumbnail","hentry","category-opiniao"],"acf":[],"yoast_head":"<!-- This site is optimized with the Yoast SEO plugin v27.2 - https:\/\/yoast.com\/product\/yoast-seo-wordpress\/ -->\n<title>A M\u00cdDIA DIGITAL EM TEMPO DE P\u00d3S-GLOBALIZA\u00c7\u00c3O ORGANIZACIONAL... - R\u00e1dio Life FM<\/title>\n<meta name=\"robots\" content=\"index, follow, max-snippet:-1, max-image-preview:large, max-video-preview:-1\" \/>\n<link rel=\"canonical\" href=\"https:\/\/radiolifefm.com.br\/noticias\/a-midia-digital-em-tempo-de-pos-globalizacao-organizacional\/\" \/>\n<meta property=\"og:locale\" content=\"pt_BR\" \/>\n<meta property=\"og:type\" content=\"article\" \/>\n<meta property=\"og:title\" content=\"A M\u00cdDIA DIGITAL EM TEMPO DE P\u00d3S-GLOBALIZA\u00c7\u00c3O ORGANIZACIONAL... - R\u00e1dio Life FM\" \/>\n<meta property=\"og:description\" content=\"\u201cN\u00e3o deixe a m\u00eddia te dominar, caso contr\u00e1rio voc\u00ea ser\u00e1 mais um pobre coitado dominado pelo sistema, sem vida pr\u00f3pria, pense com a sua pr\u00f3pria cabe\u00e7a e n\u00e3o com a deles pois isso \u00e9 tudo o que eles mais querem.\u201d (H\u00e9l\u00e8ne Fran\u00e7oise) \u00a0 \u201cAs sociedades sempre foram moldadas mais pela natureza dos meios que os [&hellip;]\" \/>\n<meta property=\"og:url\" content=\"https:\/\/radiolifefm.com.br\/noticias\/a-midia-digital-em-tempo-de-pos-globalizacao-organizacional\/\" \/>\n<meta property=\"og:site_name\" content=\"R\u00e1dio Life FM\" \/>\n<meta property=\"article:publisher\" content=\"https:\/\/www.facebook.com\/radiolifefm\/\" \/>\n<meta property=\"article:published_time\" content=\"2023-01-25T10:47:36+00:00\" \/>\n<meta property=\"article:modified_time\" content=\"2025-11-18T22:24:58+00:00\" \/>\n<meta property=\"og:image\" content=\"https:\/\/static.radiolifefm.com.br\/noticias\/wp-content\/uploads\/2022\/04\/WhatsApp-Image-2022-04-10-at-18.43.02.jpeg\" \/>\n\t<meta property=\"og:image:width\" content=\"972\" \/>\n\t<meta property=\"og:image:height\" content=\"1296\" \/>\n\t<meta property=\"og:image:type\" content=\"image\/jpeg\" \/>\n<meta name=\"author\" content=\"ritanery\" \/>\n<meta name=\"twitter:card\" content=\"summary_large_image\" \/>\n<meta name=\"twitter:label1\" content=\"Escrito por\" \/>\n\t<meta name=\"twitter:data1\" content=\"ritanery\" \/>\n\t<meta name=\"twitter:label2\" content=\"Est. tempo de leitura\" \/>\n\t<meta name=\"twitter:data2\" content=\"3 minutos\" \/>\n<script type=\"application\/ld+json\" class=\"yoast-schema-graph\">{\"@context\":\"https:\/\/schema.org\",\"@graph\":[{\"@type\":\"Article\",\"@id\":\"https:\/\/radiolifefm.com.br\/noticias\/a-midia-digital-em-tempo-de-pos-globalizacao-organizacional\/#article\",\"isPartOf\":{\"@id\":\"https:\/\/radiolifefm.com.br\/noticias\/a-midia-digital-em-tempo-de-pos-globalizacao-organizacional\/\"},\"author\":{\"name\":\"ritanery\",\"@id\":\"https:\/\/radiolifefm.com.br\/noticias\/#\/schema\/person\/6339b9fac59d12b071dec680d7375d87\"},\"headline\":\"A M\u00cdDIA DIGITAL EM TEMPO DE P\u00d3S-GLOBALIZA\u00c7\u00c3O ORGANIZACIONAL&#8230;\",\"datePublished\":\"2023-01-25T10:47:36+00:00\",\"dateModified\":\"2025-11-18T22:24:58+00:00\",\"mainEntityOfPage\":{\"@id\":\"https:\/\/radiolifefm.com.br\/noticias\/a-midia-digital-em-tempo-de-pos-globalizacao-organizacional\/\"},\"wordCount\":558,\"publisher\":{\"@id\":\"https:\/\/radiolifefm.com.br\/noticias\/#organization\"},\"image\":{\"@id\":\"https:\/\/radiolifefm.com.br\/noticias\/a-midia-digital-em-tempo-de-pos-globalizacao-organizacional\/#primaryimage\"},\"thumbnailUrl\":\"https:\/\/radiolifefm.com.br\/noticias\/wp-content\/uploads\/2022\/04\/WhatsApp-Image-2022-04-10-at-18.43.02.jpeg\",\"articleSection\":[\"Opini\u00e3o\"],\"inLanguage\":\"pt-BR\"},{\"@type\":\"WebPage\",\"@id\":\"https:\/\/radiolifefm.com.br\/noticias\/a-midia-digital-em-tempo-de-pos-globalizacao-organizacional\/\",\"url\":\"https:\/\/radiolifefm.com.br\/noticias\/a-midia-digital-em-tempo-de-pos-globalizacao-organizacional\/\",\"name\":\"A M\u00cdDIA DIGITAL EM TEMPO DE P\u00d3S-GLOBALIZA\u00c7\u00c3O ORGANIZACIONAL... - R\u00e1dio Life FM\",\"isPartOf\":{\"@id\":\"https:\/\/radiolifefm.com.br\/noticias\/#website\"},\"primaryImageOfPage\":{\"@id\":\"https:\/\/radiolifefm.com.br\/noticias\/a-midia-digital-em-tempo-de-pos-globalizacao-organizacional\/#primaryimage\"},\"image\":{\"@id\":\"https:\/\/radiolifefm.com.br\/noticias\/a-midia-digital-em-tempo-de-pos-globalizacao-organizacional\/#primaryimage\"},\"thumbnailUrl\":\"https:\/\/radiolifefm.com.br\/noticias\/wp-content\/uploads\/2022\/04\/WhatsApp-Image-2022-04-10-at-18.43.02.jpeg\",\"datePublished\":\"2023-01-25T10:47:36+00:00\",\"dateModified\":\"2025-11-18T22:24:58+00:00\",\"breadcrumb\":{\"@id\":\"https:\/\/radiolifefm.com.br\/noticias\/a-midia-digital-em-tempo-de-pos-globalizacao-organizacional\/#breadcrumb\"},\"inLanguage\":\"pt-BR\",\"potentialAction\":[{\"@type\":\"ReadAction\",\"target\":[\"https:\/\/radiolifefm.com.br\/noticias\/a-midia-digital-em-tempo-de-pos-globalizacao-organizacional\/\"]}]},{\"@type\":\"ImageObject\",\"inLanguage\":\"pt-BR\",\"@id\":\"https:\/\/radiolifefm.com.br\/noticias\/a-midia-digital-em-tempo-de-pos-globalizacao-organizacional\/#primaryimage\",\"url\":\"https:\/\/radiolifefm.com.br\/noticias\/wp-content\/uploads\/2022\/04\/WhatsApp-Image-2022-04-10-at-18.43.02.jpeg\",\"contentUrl\":\"https:\/\/radiolifefm.com.br\/noticias\/wp-content\/uploads\/2022\/04\/WhatsApp-Image-2022-04-10-at-18.43.02.jpeg\",\"width\":972,\"height\":1296,\"caption\":\"S\u00e9rgio Barbosa\"},{\"@type\":\"BreadcrumbList\",\"@id\":\"https:\/\/radiolifefm.com.br\/noticias\/a-midia-digital-em-tempo-de-pos-globalizacao-organizacional\/#breadcrumb\",\"itemListElement\":[{\"@type\":\"ListItem\",\"position\":1,\"name\":\"In\u00edcio\",\"item\":\"https:\/\/radiolifefm.com.br\/noticias\/\"},{\"@type\":\"ListItem\",\"position\":2,\"name\":\"A M\u00cdDIA DIGITAL EM TEMPO DE P\u00d3S-GLOBALIZA\u00c7\u00c3O ORGANIZACIONAL&#8230;\"}]},{\"@type\":\"WebSite\",\"@id\":\"https:\/\/radiolifefm.com.br\/noticias\/#website\",\"url\":\"https:\/\/radiolifefm.com.br\/noticias\/\",\"name\":\"R\u00e1dio Life FM\",\"description\":\"O Portal de Not\u00edcias de Adamantina\",\"publisher\":{\"@id\":\"https:\/\/radiolifefm.com.br\/noticias\/#organization\"},\"alternateName\":\"Life FM\",\"potentialAction\":[{\"@type\":\"SearchAction\",\"target\":{\"@type\":\"EntryPoint\",\"urlTemplate\":\"https:\/\/radiolifefm.com.br\/noticias\/?s={search_term_string}\"},\"query-input\":{\"@type\":\"PropertyValueSpecification\",\"valueRequired\":true,\"valueName\":\"search_term_string\"}}],\"inLanguage\":\"pt-BR\"},{\"@type\":\"Organization\",\"@id\":\"https:\/\/radiolifefm.com.br\/noticias\/#organization\",\"name\":\"R\u00e1dio Life FM\",\"alternateName\":\"Life FM\",\"url\":\"https:\/\/radiolifefm.com.br\/noticias\/\",\"logo\":{\"@type\":\"ImageObject\",\"inLanguage\":\"pt-BR\",\"@id\":\"https:\/\/radiolifefm.com.br\/noticias\/#\/schema\/logo\/image\/\",\"url\":\"https:\/\/static.radiolifefm.com.br\/noticias\/wp-content\/uploads\/2019\/10\/logo-lifefm.png\",\"contentUrl\":\"https:\/\/static.radiolifefm.com.br\/noticias\/wp-content\/uploads\/2019\/10\/logo-lifefm.png\",\"width\":196,\"height\":47,\"caption\":\"R\u00e1dio Life FM\"},\"image\":{\"@id\":\"https:\/\/radiolifefm.com.br\/noticias\/#\/schema\/logo\/image\/\"},\"sameAs\":[\"https:\/\/www.facebook.com\/radiolifefm\/\",\"https:\/\/www.instagram.com\/life1079fm\/\"]},{\"@type\":\"Person\",\"@id\":\"https:\/\/radiolifefm.com.br\/noticias\/#\/schema\/person\/6339b9fac59d12b071dec680d7375d87\",\"name\":\"ritanery\",\"image\":{\"@type\":\"ImageObject\",\"inLanguage\":\"pt-BR\",\"@id\":\"https:\/\/secure.gravatar.com\/avatar\/0e37bb19071f47c0b8a23f62a903df117c5a0e75f65a0c2901562f97cd41cf86?s=96&d=mm&r=g\",\"url\":\"https:\/\/secure.gravatar.com\/avatar\/0e37bb19071f47c0b8a23f62a903df117c5a0e75f65a0c2901562f97cd41cf86?s=96&d=mm&r=g\",\"contentUrl\":\"https:\/\/secure.gravatar.com\/avatar\/0e37bb19071f47c0b8a23f62a903df117c5a0e75f65a0c2901562f97cd41cf86?s=96&d=mm&r=g\",\"caption\":\"ritanery\"}}]}<\/script>\n<!-- \/ Yoast SEO plugin. -->","yoast_head_json":{"title":"A M\u00cdDIA DIGITAL EM TEMPO DE P\u00d3S-GLOBALIZA\u00c7\u00c3O ORGANIZACIONAL... - R\u00e1dio Life FM","robots":{"index":"index","follow":"follow","max-snippet":"max-snippet:-1","max-image-preview":"max-image-preview:large","max-video-preview":"max-video-preview:-1"},"canonical":"https:\/\/radiolifefm.com.br\/noticias\/a-midia-digital-em-tempo-de-pos-globalizacao-organizacional\/","og_locale":"pt_BR","og_type":"article","og_title":"A M\u00cdDIA DIGITAL EM TEMPO DE P\u00d3S-GLOBALIZA\u00c7\u00c3O ORGANIZACIONAL... - R\u00e1dio Life FM","og_description":"\u201cN\u00e3o deixe a m\u00eddia te dominar, caso contr\u00e1rio voc\u00ea ser\u00e1 mais um pobre coitado dominado pelo sistema, sem vida pr\u00f3pria, pense com a sua pr\u00f3pria cabe\u00e7a e n\u00e3o com a deles pois isso \u00e9 tudo o que eles mais querem.\u201d (H\u00e9l\u00e8ne Fran\u00e7oise) \u00a0 \u201cAs sociedades sempre foram moldadas mais pela natureza dos meios que os [&hellip;]","og_url":"https:\/\/radiolifefm.com.br\/noticias\/a-midia-digital-em-tempo-de-pos-globalizacao-organizacional\/","og_site_name":"R\u00e1dio Life FM","article_publisher":"https:\/\/www.facebook.com\/radiolifefm\/","article_published_time":"2023-01-25T10:47:36+00:00","article_modified_time":"2025-11-18T22:24:58+00:00","og_image":[{"width":972,"height":1296,"url":"https:\/\/static.radiolifefm.com.br\/noticias\/wp-content\/uploads\/2022\/04\/WhatsApp-Image-2022-04-10-at-18.43.02.jpeg","type":"image\/jpeg"}],"author":"ritanery","twitter_card":"summary_large_image","twitter_misc":{"Escrito por":"ritanery","Est. tempo de leitura":"3 minutos"},"schema":{"@context":"https:\/\/schema.org","@graph":[{"@type":"Article","@id":"https:\/\/radiolifefm.com.br\/noticias\/a-midia-digital-em-tempo-de-pos-globalizacao-organizacional\/#article","isPartOf":{"@id":"https:\/\/radiolifefm.com.br\/noticias\/a-midia-digital-em-tempo-de-pos-globalizacao-organizacional\/"},"author":{"name":"ritanery","@id":"https:\/\/radiolifefm.com.br\/noticias\/#\/schema\/person\/6339b9fac59d12b071dec680d7375d87"},"headline":"A M\u00cdDIA DIGITAL EM TEMPO DE P\u00d3S-GLOBALIZA\u00c7\u00c3O ORGANIZACIONAL&#8230;","datePublished":"2023-01-25T10:47:36+00:00","dateModified":"2025-11-18T22:24:58+00:00","mainEntityOfPage":{"@id":"https:\/\/radiolifefm.com.br\/noticias\/a-midia-digital-em-tempo-de-pos-globalizacao-organizacional\/"},"wordCount":558,"publisher":{"@id":"https:\/\/radiolifefm.com.br\/noticias\/#organization"},"image":{"@id":"https:\/\/radiolifefm.com.br\/noticias\/a-midia-digital-em-tempo-de-pos-globalizacao-organizacional\/#primaryimage"},"thumbnailUrl":"https:\/\/radiolifefm.com.br\/noticias\/wp-content\/uploads\/2022\/04\/WhatsApp-Image-2022-04-10-at-18.43.02.jpeg","articleSection":["Opini\u00e3o"],"inLanguage":"pt-BR"},{"@type":"WebPage","@id":"https:\/\/radiolifefm.com.br\/noticias\/a-midia-digital-em-tempo-de-pos-globalizacao-organizacional\/","url":"https:\/\/radiolifefm.com.br\/noticias\/a-midia-digital-em-tempo-de-pos-globalizacao-organizacional\/","name":"A M\u00cdDIA DIGITAL EM TEMPO DE P\u00d3S-GLOBALIZA\u00c7\u00c3O ORGANIZACIONAL... - R\u00e1dio Life FM","isPartOf":{"@id":"https:\/\/radiolifefm.com.br\/noticias\/#website"},"primaryImageOfPage":{"@id":"https:\/\/radiolifefm.com.br\/noticias\/a-midia-digital-em-tempo-de-pos-globalizacao-organizacional\/#primaryimage"},"image":{"@id":"https:\/\/radiolifefm.com.br\/noticias\/a-midia-digital-em-tempo-de-pos-globalizacao-organizacional\/#primaryimage"},"thumbnailUrl":"https:\/\/radiolifefm.com.br\/noticias\/wp-content\/uploads\/2022\/04\/WhatsApp-Image-2022-04-10-at-18.43.02.jpeg","datePublished":"2023-01-25T10:47:36+00:00","dateModified":"2025-11-18T22:24:58+00:00","breadcrumb":{"@id":"https:\/\/radiolifefm.com.br\/noticias\/a-midia-digital-em-tempo-de-pos-globalizacao-organizacional\/#breadcrumb"},"inLanguage":"pt-BR","potentialAction":[{"@type":"ReadAction","target":["https:\/\/radiolifefm.com.br\/noticias\/a-midia-digital-em-tempo-de-pos-globalizacao-organizacional\/"]}]},{"@type":"ImageObject","inLanguage":"pt-BR","@id":"https:\/\/radiolifefm.com.br\/noticias\/a-midia-digital-em-tempo-de-pos-globalizacao-organizacional\/#primaryimage","url":"https:\/\/radiolifefm.com.br\/noticias\/wp-content\/uploads\/2022\/04\/WhatsApp-Image-2022-04-10-at-18.43.02.jpeg","contentUrl":"https:\/\/radiolifefm.com.br\/noticias\/wp-content\/uploads\/2022\/04\/WhatsApp-Image-2022-04-10-at-18.43.02.jpeg","width":972,"height":1296,"caption":"S\u00e9rgio Barbosa"},{"@type":"BreadcrumbList","@id":"https:\/\/radiolifefm.com.br\/noticias\/a-midia-digital-em-tempo-de-pos-globalizacao-organizacional\/#breadcrumb","itemListElement":[{"@type":"ListItem","position":1,"name":"In\u00edcio","item":"https:\/\/radiolifefm.com.br\/noticias\/"},{"@type":"ListItem","position":2,"name":"A M\u00cdDIA DIGITAL EM TEMPO DE P\u00d3S-GLOBALIZA\u00c7\u00c3O ORGANIZACIONAL&#8230;"}]},{"@type":"WebSite","@id":"https:\/\/radiolifefm.com.br\/noticias\/#website","url":"https:\/\/radiolifefm.com.br\/noticias\/","name":"R\u00e1dio Life FM","description":"O Portal de Not\u00edcias de Adamantina","publisher":{"@id":"https:\/\/radiolifefm.com.br\/noticias\/#organization"},"alternateName":"Life FM","potentialAction":[{"@type":"SearchAction","target":{"@type":"EntryPoint","urlTemplate":"https:\/\/radiolifefm.com.br\/noticias\/?s={search_term_string}"},"query-input":{"@type":"PropertyValueSpecification","valueRequired":true,"valueName":"search_term_string"}}],"inLanguage":"pt-BR"},{"@type":"Organization","@id":"https:\/\/radiolifefm.com.br\/noticias\/#organization","name":"R\u00e1dio Life FM","alternateName":"Life FM","url":"https:\/\/radiolifefm.com.br\/noticias\/","logo":{"@type":"ImageObject","inLanguage":"pt-BR","@id":"https:\/\/radiolifefm.com.br\/noticias\/#\/schema\/logo\/image\/","url":"https:\/\/static.radiolifefm.com.br\/noticias\/wp-content\/uploads\/2019\/10\/logo-lifefm.png","contentUrl":"https:\/\/static.radiolifefm.com.br\/noticias\/wp-content\/uploads\/2019\/10\/logo-lifefm.png","width":196,"height":47,"caption":"R\u00e1dio Life FM"},"image":{"@id":"https:\/\/radiolifefm.com.br\/noticias\/#\/schema\/logo\/image\/"},"sameAs":["https:\/\/www.facebook.com\/radiolifefm\/","https:\/\/www.instagram.com\/life1079fm\/"]},{"@type":"Person","@id":"https:\/\/radiolifefm.com.br\/noticias\/#\/schema\/person\/6339b9fac59d12b071dec680d7375d87","name":"ritanery","image":{"@type":"ImageObject","inLanguage":"pt-BR","@id":"https:\/\/secure.gravatar.com\/avatar\/0e37bb19071f47c0b8a23f62a903df117c5a0e75f65a0c2901562f97cd41cf86?s=96&d=mm&r=g","url":"https:\/\/secure.gravatar.com\/avatar\/0e37bb19071f47c0b8a23f62a903df117c5a0e75f65a0c2901562f97cd41cf86?s=96&d=mm&r=g","contentUrl":"https:\/\/secure.gravatar.com\/avatar\/0e37bb19071f47c0b8a23f62a903df117c5a0e75f65a0c2901562f97cd41cf86?s=96&d=mm&r=g","caption":"ritanery"}}]}},"amp_enabled":true,"_links":{"self":[{"href":"https:\/\/radiolifefm.com.br\/noticias\/wp-json\/wp\/v2\/posts\/64125","targetHints":{"allow":["GET"]}}],"collection":[{"href":"https:\/\/radiolifefm.com.br\/noticias\/wp-json\/wp\/v2\/posts"}],"about":[{"href":"https:\/\/radiolifefm.com.br\/noticias\/wp-json\/wp\/v2\/types\/post"}],"author":[{"embeddable":true,"href":"https:\/\/radiolifefm.com.br\/noticias\/wp-json\/wp\/v2\/users\/13"}],"replies":[{"embeddable":true,"href":"https:\/\/radiolifefm.com.br\/noticias\/wp-json\/wp\/v2\/comments?post=64125"}],"version-history":[{"count":1,"href":"https:\/\/radiolifefm.com.br\/noticias\/wp-json\/wp\/v2\/posts\/64125\/revisions"}],"predecessor-version":[{"id":64126,"href":"https:\/\/radiolifefm.com.br\/noticias\/wp-json\/wp\/v2\/posts\/64125\/revisions\/64126"}],"wp:featuredmedia":[{"embeddable":true,"href":"https:\/\/radiolifefm.com.br\/noticias\/wp-json\/wp\/v2\/media\/51988"}],"wp:attachment":[{"href":"https:\/\/radiolifefm.com.br\/noticias\/wp-json\/wp\/v2\/media?parent=64125"}],"wp:term":[{"taxonomy":"category","embeddable":true,"href":"https:\/\/radiolifefm.com.br\/noticias\/wp-json\/wp\/v2\/categories?post=64125"},{"taxonomy":"post_tag","embeddable":true,"href":"https:\/\/radiolifefm.com.br\/noticias\/wp-json\/wp\/v2\/tags?post=64125"}],"curies":[{"name":"wp","href":"https:\/\/api.w.org\/{rel}","templated":true}]}}