{"id":63791,"date":"2023-01-18T08:15:42","date_gmt":"2023-01-18T11:15:42","guid":{"rendered":"https:\/\/radiolifefm.com.br\/noticias\/?p=63791"},"modified":"2026-04-09T14:05:39","modified_gmt":"2026-04-09T17:05:39","slug":"patriotarios-as-e-la-nave-va","status":"publish","type":"post","link":"https:\/\/radiolifefm.com.br\/noticias\/patriotarios-as-e-la-nave-va\/","title":{"rendered":"Patriot\u00e1rios\/as: \u201cE LA NAVE VA&#8230;\u201d(*)"},"content":{"rendered":"<div id=\"fb-root\"><\/div>\n<p><strong>S\u00e9rgio Barbosa (**)<\/strong><\/p>\n<p><strong><em>\u201cPrecisamos resolver nossos monstros secretos, nossas feridas clandestinas, nossa insanidade oculta.\u201d (<\/em><\/strong><a href=\"https:\/\/www.pensador.com\/autor\/michel_foucault\/\"><strong><em>Michel Foucault<\/em><\/strong><\/a><strong><em>)<\/em><\/strong><\/p>\n<p>&nbsp;<\/p>\n<p>Nesta quarta-feira, 18, faz mais de uma semana que ocorreram aqueles ATOS TERRORISTAS no Planalto Central, portanto, faz-se necess\u00e1rio continuar em ESTADO DE ALERTA contra essa turma de ALOPRADOS\/AS denominadas de MENTES MED\u00cdOCRES e ponto quase final&#8230;<\/p>\n<p>Portanto, daqui pra frente, ainda, TODO CUIDADO \u00c9 POUCO com essa cambada que ser\u00e3o sempre lembrados como os\/as PATRIOT\u00c1RIOS\/AS com suas camisas amarelas da CBF (sic) e in\u00fameras FAIXAS contra o PROCESSO DEMOCR\u00c1TICO em terras brasileiras&#8230;<\/p>\n<p>Al\u00e9m do mais e com muito menos, deve-se considerar que os\/as TERRORISTAS, ou seja, os MENINOS est\u00e3o na PAPUDA e as MENINAS na COLMEIA, ainda, outros\/as que participaram e fugiram do local, bem como, FINANCIADORES\/AS e ORGANZIADORES\/AS destes ATOS GOLPISTAS, est\u00e3o com os dias contatos e mais cedo ou mais tarde, a POL\u00cdCIA FEDERAL vai LOCALIZAR e PRENDER os\/as TERRORISTAS&#8230;<\/p>\n<p>Outra coisa, diz respeito ao MENTOR PRINCIPAL deste GOLPE TERRORISTA, ou seja, o BOZZONARO com seus COISOS com COISAS, aquele que FUGIU e deixou os\/as PATRIOT\u00c1RIOS\/AS na espera da espera pelas 72 horas e assim por diante&#8230;<\/p>\n<p>Portanto, o\/a PATRIOT\u00c1RIO\/A que marcou presen\u00e7a todos os dias e noites em frente as UNIDADES MILITARES com suas CAMISETAS AMARELAS, FAIXAS GOLPISTAS e GRITOS DE MENTES MED\u00cdOCRES, tamb\u00e9m, est\u00e3o neste PACOTE daqueles\/as que fomentaram os fatos que ocorreram no dia 8 em BRASILIA&#8230;<\/p>\n<p>Todavia, espera-se que a JUSTI\u00c7A possa dar um jeito pra cima esta turma de ALOPRADOS\/AS travestidos de MENTES MED\u00cdOCRES com propostas TERRORISTAS, haja vista que o lema deste lado \u00e9 SEM ANISTIA!!!<\/p>\n<p>Nestes \u00faltimos 6 LONGOS ANOS, pode-se afirmar que foram anos de RETROCESSO em todas as \u00e1reas do PA\u00cdS, isso sem deixar de lado das MILHARES DE MORTES no per\u00edodo da PANDEMIA, ainda, a presen\u00e7a IN\u00daTIL daquele DESGOVERNO BOZZONARO com um MINIST\u00c9RIO DE MED\u00cdOCRES&#8230;<\/p>\n<p>De um jeito ou de outro, os\/as CAMISAS AMARELAS, ou seja, aqueles\/as que estiveram aqui ou ali, ainda, registrando ou sendo registrados pelas REDES SOCIAIS com MENSAGENS GOLPISTAS, tamb\u00e9m, est\u00e3o neste mesmo BARCO, desta forma, LA NAVE VA (*)&#8230;<\/p>\n<p>Pra n\u00e3o esquecer nunca mais, PERDERAM MAN\u00c9S!!!<\/p>\n<p><em>___________________________<\/em><\/p>\n<p><em>(*) \u201c<strong>E la nave va\u201d, FILME ITALIANO (1983) com dire\u00e7\u00e3o de Federico Fellini. Neste filme, s\u00e3o registrados atividades realizadas em um NAVIO DE LUXO, isso \u00e9, pelos\/as amigos\/as de uma CANTORA DE \u00d3PERA que faleceu e a reuni\u00e3o ocorre neste NAVIO&#8230;<\/strong><\/em><\/p>\n<p><strong><em>(**) jornalista diplomado.<\/em><\/strong><\/p>\n<p><strong><em>e-mail: <\/em><\/strong><a href=\"mailto:barbosa.sebar@gmail.com\"><strong><em>barbosa.sebar@gmail.com<\/em><\/strong><\/a><\/p>\n<p>&nbsp;<\/p>\n<p>&nbsp;<\/p>\n","protected":false},"excerpt":{"rendered":"<p>S\u00e9rgio Barbosa (**) \u201cPrecisamos resolver nossos monstros secretos, nossas feridas clandestinas, nossa insanidade oculta.\u201d (Michel Foucault) &nbsp; Nesta quarta-feira, 18, faz mais de uma semana que ocorreram aqueles ATOS TERRORISTAS no Planalto Central, portanto, faz-se necess\u00e1rio continuar em ESTADO DE ALERTA contra essa turma de ALOPRADOS\/AS denominadas de MENTES MED\u00cdOCRES e ponto quase final&#8230; Portanto, [&hellip;]<\/p>\n","protected":false},"author":13,"featured_media":51988,"comment_status":"closed","ping_status":"open","sticky":false,"template":"","format":"standard","meta":{"_acf_changed":false,"_exactmetrics_skip_tracking":false,"_exactmetrics_sitenote_active":false,"_exactmetrics_sitenote_note":"","_exactmetrics_sitenote_category":0,"footnotes":""},"categories":[59],"tags":[],"class_list":["post-63791","post","type-post","status-publish","format-standard","has-post-thumbnail","hentry","category-opiniao"],"acf":[],"yoast_head":"<!-- This site is optimized with the Yoast SEO plugin v27.2 - https:\/\/yoast.com\/product\/yoast-seo-wordpress\/ -->\n<title>Patriot\u00e1rios\/as: \u201cE LA NAVE VA...\u201d(*) - R\u00e1dio Life FM<\/title>\n<meta name=\"robots\" content=\"index, follow, max-snippet:-1, max-image-preview:large, max-video-preview:-1\" \/>\n<link rel=\"canonical\" href=\"https:\/\/radiolifefm.com.br\/noticias\/patriotarios-as-e-la-nave-va\/\" \/>\n<meta property=\"og:locale\" content=\"pt_BR\" \/>\n<meta property=\"og:type\" content=\"article\" \/>\n<meta property=\"og:title\" content=\"Patriot\u00e1rios\/as: \u201cE LA NAVE VA...\u201d(*) - R\u00e1dio Life FM\" \/>\n<meta property=\"og:description\" content=\"S\u00e9rgio Barbosa (**) \u201cPrecisamos resolver nossos monstros secretos, nossas feridas clandestinas, nossa insanidade oculta.\u201d (Michel Foucault) &nbsp; Nesta quarta-feira, 18, faz mais de uma semana que ocorreram aqueles ATOS TERRORISTAS no Planalto Central, portanto, faz-se necess\u00e1rio continuar em ESTADO DE ALERTA contra essa turma de ALOPRADOS\/AS denominadas de MENTES MED\u00cdOCRES e ponto quase final&#8230; Portanto, [&hellip;]\" \/>\n<meta property=\"og:url\" content=\"https:\/\/radiolifefm.com.br\/noticias\/patriotarios-as-e-la-nave-va\/\" \/>\n<meta property=\"og:site_name\" content=\"R\u00e1dio Life FM\" \/>\n<meta property=\"article:publisher\" content=\"https:\/\/www.facebook.com\/radiolifefm\/\" \/>\n<meta property=\"article:published_time\" content=\"2023-01-18T11:15:42+00:00\" \/>\n<meta property=\"article:modified_time\" content=\"2026-04-09T17:05:39+00:00\" \/>\n<meta property=\"og:image\" content=\"https:\/\/radiolifefm.com.br\/noticias\/wp-content\/uploads\/2022\/04\/WhatsApp-Image-2022-04-10-at-18.43.02.jpeg\" \/>\n\t<meta property=\"og:image:width\" content=\"972\" \/>\n\t<meta property=\"og:image:height\" content=\"1296\" \/>\n\t<meta property=\"og:image:type\" content=\"image\/jpeg\" \/>\n<meta name=\"author\" content=\"ritanery\" \/>\n<meta name=\"twitter:card\" content=\"summary_large_image\" \/>\n<meta name=\"twitter:label1\" content=\"Escrito por\" \/>\n\t<meta name=\"twitter:data1\" content=\"ritanery\" \/>\n\t<meta name=\"twitter:label2\" content=\"Est. tempo de leitura\" \/>\n\t<meta name=\"twitter:data2\" content=\"3 minutos\" \/>\n<script type=\"application\/ld+json\" class=\"yoast-schema-graph\">{\"@context\":\"https:\/\/schema.org\",\"@graph\":[{\"@type\":\"Article\",\"@id\":\"https:\/\/radiolifefm.com.br\/noticias\/patriotarios-as-e-la-nave-va\/#article\",\"isPartOf\":{\"@id\":\"https:\/\/radiolifefm.com.br\/noticias\/patriotarios-as-e-la-nave-va\/\"},\"author\":{\"name\":\"ritanery\",\"@id\":\"https:\/\/radiolifefm.com.br\/noticias\/#\/schema\/person\/6339b9fac59d12b071dec680d7375d87\"},\"headline\":\"Patriot\u00e1rios\/as: \u201cE LA NAVE VA&#8230;\u201d(*)\",\"datePublished\":\"2023-01-18T11:15:42+00:00\",\"dateModified\":\"2026-04-09T17:05:39+00:00\",\"mainEntityOfPage\":{\"@id\":\"https:\/\/radiolifefm.com.br\/noticias\/patriotarios-as-e-la-nave-va\/\"},\"wordCount\":447,\"publisher\":{\"@id\":\"https:\/\/radiolifefm.com.br\/noticias\/#organization\"},\"image\":{\"@id\":\"https:\/\/radiolifefm.com.br\/noticias\/patriotarios-as-e-la-nave-va\/#primaryimage\"},\"thumbnailUrl\":\"https:\/\/radiolifefm.com.br\/noticias\/wp-content\/uploads\/2022\/04\/WhatsApp-Image-2022-04-10-at-18.43.02.jpeg\",\"articleSection\":[\"Opini\u00e3o\"],\"inLanguage\":\"pt-BR\"},{\"@type\":\"WebPage\",\"@id\":\"https:\/\/radiolifefm.com.br\/noticias\/patriotarios-as-e-la-nave-va\/\",\"url\":\"https:\/\/radiolifefm.com.br\/noticias\/patriotarios-as-e-la-nave-va\/\",\"name\":\"Patriot\u00e1rios\/as: \u201cE LA NAVE VA...\u201d(*) - R\u00e1dio Life FM\",\"isPartOf\":{\"@id\":\"https:\/\/radiolifefm.com.br\/noticias\/#website\"},\"primaryImageOfPage\":{\"@id\":\"https:\/\/radiolifefm.com.br\/noticias\/patriotarios-as-e-la-nave-va\/#primaryimage\"},\"image\":{\"@id\":\"https:\/\/radiolifefm.com.br\/noticias\/patriotarios-as-e-la-nave-va\/#primaryimage\"},\"thumbnailUrl\":\"https:\/\/radiolifefm.com.br\/noticias\/wp-content\/uploads\/2022\/04\/WhatsApp-Image-2022-04-10-at-18.43.02.jpeg\",\"datePublished\":\"2023-01-18T11:15:42+00:00\",\"dateModified\":\"2026-04-09T17:05:39+00:00\",\"breadcrumb\":{\"@id\":\"https:\/\/radiolifefm.com.br\/noticias\/patriotarios-as-e-la-nave-va\/#breadcrumb\"},\"inLanguage\":\"pt-BR\",\"potentialAction\":[{\"@type\":\"ReadAction\",\"target\":[\"https:\/\/radiolifefm.com.br\/noticias\/patriotarios-as-e-la-nave-va\/\"]}]},{\"@type\":\"ImageObject\",\"inLanguage\":\"pt-BR\",\"@id\":\"https:\/\/radiolifefm.com.br\/noticias\/patriotarios-as-e-la-nave-va\/#primaryimage\",\"url\":\"https:\/\/radiolifefm.com.br\/noticias\/wp-content\/uploads\/2022\/04\/WhatsApp-Image-2022-04-10-at-18.43.02.jpeg\",\"contentUrl\":\"https:\/\/radiolifefm.com.br\/noticias\/wp-content\/uploads\/2022\/04\/WhatsApp-Image-2022-04-10-at-18.43.02.jpeg\",\"width\":972,\"height\":1296,\"caption\":\"S\u00e9rgio Barbosa\"},{\"@type\":\"BreadcrumbList\",\"@id\":\"https:\/\/radiolifefm.com.br\/noticias\/patriotarios-as-e-la-nave-va\/#breadcrumb\",\"itemListElement\":[{\"@type\":\"ListItem\",\"position\":1,\"name\":\"In\u00edcio\",\"item\":\"https:\/\/radiolifefm.com.br\/noticias\/\"},{\"@type\":\"ListItem\",\"position\":2,\"name\":\"Patriot\u00e1rios\/as: \u201cE LA NAVE VA&#8230;\u201d(*)\"}]},{\"@type\":\"WebSite\",\"@id\":\"https:\/\/radiolifefm.com.br\/noticias\/#website\",\"url\":\"https:\/\/radiolifefm.com.br\/noticias\/\",\"name\":\"R\u00e1dio Life FM\",\"description\":\"O Portal de Not\u00edcias de Adamantina\",\"publisher\":{\"@id\":\"https:\/\/radiolifefm.com.br\/noticias\/#organization\"},\"alternateName\":\"Life FM\",\"potentialAction\":[{\"@type\":\"SearchAction\",\"target\":{\"@type\":\"EntryPoint\",\"urlTemplate\":\"https:\/\/radiolifefm.com.br\/noticias\/?s={search_term_string}\"},\"query-input\":{\"@type\":\"PropertyValueSpecification\",\"valueRequired\":true,\"valueName\":\"search_term_string\"}}],\"inLanguage\":\"pt-BR\"},{\"@type\":\"Organization\",\"@id\":\"https:\/\/radiolifefm.com.br\/noticias\/#organization\",\"name\":\"R\u00e1dio Life FM\",\"alternateName\":\"Life FM\",\"url\":\"https:\/\/radiolifefm.com.br\/noticias\/\",\"logo\":{\"@type\":\"ImageObject\",\"inLanguage\":\"pt-BR\",\"@id\":\"https:\/\/radiolifefm.com.br\/noticias\/#\/schema\/logo\/image\/\",\"url\":\"https:\/\/static.radiolifefm.com.br\/noticias\/wp-content\/uploads\/2019\/10\/logo-lifefm.png\",\"contentUrl\":\"https:\/\/static.radiolifefm.com.br\/noticias\/wp-content\/uploads\/2019\/10\/logo-lifefm.png\",\"width\":196,\"height\":47,\"caption\":\"R\u00e1dio Life FM\"},\"image\":{\"@id\":\"https:\/\/radiolifefm.com.br\/noticias\/#\/schema\/logo\/image\/\"},\"sameAs\":[\"https:\/\/www.facebook.com\/radiolifefm\/\",\"https:\/\/www.instagram.com\/life1079fm\/\"]},{\"@type\":\"Person\",\"@id\":\"https:\/\/radiolifefm.com.br\/noticias\/#\/schema\/person\/6339b9fac59d12b071dec680d7375d87\",\"name\":\"ritanery\",\"image\":{\"@type\":\"ImageObject\",\"inLanguage\":\"pt-BR\",\"@id\":\"https:\/\/secure.gravatar.com\/avatar\/0e37bb19071f47c0b8a23f62a903df117c5a0e75f65a0c2901562f97cd41cf86?s=96&d=mm&r=g\",\"url\":\"https:\/\/secure.gravatar.com\/avatar\/0e37bb19071f47c0b8a23f62a903df117c5a0e75f65a0c2901562f97cd41cf86?s=96&d=mm&r=g\",\"contentUrl\":\"https:\/\/secure.gravatar.com\/avatar\/0e37bb19071f47c0b8a23f62a903df117c5a0e75f65a0c2901562f97cd41cf86?s=96&d=mm&r=g\",\"caption\":\"ritanery\"}}]}<\/script>\n<!-- \/ Yoast SEO plugin. -->","yoast_head_json":{"title":"Patriot\u00e1rios\/as: \u201cE LA NAVE VA...\u201d(*) - R\u00e1dio Life FM","robots":{"index":"index","follow":"follow","max-snippet":"max-snippet:-1","max-image-preview":"max-image-preview:large","max-video-preview":"max-video-preview:-1"},"canonical":"https:\/\/radiolifefm.com.br\/noticias\/patriotarios-as-e-la-nave-va\/","og_locale":"pt_BR","og_type":"article","og_title":"Patriot\u00e1rios\/as: \u201cE LA NAVE VA...\u201d(*) - R\u00e1dio Life FM","og_description":"S\u00e9rgio Barbosa (**) \u201cPrecisamos resolver nossos monstros secretos, nossas feridas clandestinas, nossa insanidade oculta.\u201d (Michel Foucault) &nbsp; Nesta quarta-feira, 18, faz mais de uma semana que ocorreram aqueles ATOS TERRORISTAS no Planalto Central, portanto, faz-se necess\u00e1rio continuar em ESTADO DE ALERTA contra essa turma de ALOPRADOS\/AS denominadas de MENTES MED\u00cdOCRES e ponto quase final&#8230; Portanto, [&hellip;]","og_url":"https:\/\/radiolifefm.com.br\/noticias\/patriotarios-as-e-la-nave-va\/","og_site_name":"R\u00e1dio Life FM","article_publisher":"https:\/\/www.facebook.com\/radiolifefm\/","article_published_time":"2023-01-18T11:15:42+00:00","article_modified_time":"2026-04-09T17:05:39+00:00","og_image":[{"width":972,"height":1296,"url":"https:\/\/radiolifefm.com.br\/noticias\/wp-content\/uploads\/2022\/04\/WhatsApp-Image-2022-04-10-at-18.43.02.jpeg","type":"image\/jpeg"}],"author":"ritanery","twitter_card":"summary_large_image","twitter_misc":{"Escrito por":"ritanery","Est. tempo de leitura":"3 minutos"},"schema":{"@context":"https:\/\/schema.org","@graph":[{"@type":"Article","@id":"https:\/\/radiolifefm.com.br\/noticias\/patriotarios-as-e-la-nave-va\/#article","isPartOf":{"@id":"https:\/\/radiolifefm.com.br\/noticias\/patriotarios-as-e-la-nave-va\/"},"author":{"name":"ritanery","@id":"https:\/\/radiolifefm.com.br\/noticias\/#\/schema\/person\/6339b9fac59d12b071dec680d7375d87"},"headline":"Patriot\u00e1rios\/as: \u201cE LA NAVE VA&#8230;\u201d(*)","datePublished":"2023-01-18T11:15:42+00:00","dateModified":"2026-04-09T17:05:39+00:00","mainEntityOfPage":{"@id":"https:\/\/radiolifefm.com.br\/noticias\/patriotarios-as-e-la-nave-va\/"},"wordCount":447,"publisher":{"@id":"https:\/\/radiolifefm.com.br\/noticias\/#organization"},"image":{"@id":"https:\/\/radiolifefm.com.br\/noticias\/patriotarios-as-e-la-nave-va\/#primaryimage"},"thumbnailUrl":"https:\/\/radiolifefm.com.br\/noticias\/wp-content\/uploads\/2022\/04\/WhatsApp-Image-2022-04-10-at-18.43.02.jpeg","articleSection":["Opini\u00e3o"],"inLanguage":"pt-BR"},{"@type":"WebPage","@id":"https:\/\/radiolifefm.com.br\/noticias\/patriotarios-as-e-la-nave-va\/","url":"https:\/\/radiolifefm.com.br\/noticias\/patriotarios-as-e-la-nave-va\/","name":"Patriot\u00e1rios\/as: \u201cE LA NAVE VA...\u201d(*) - R\u00e1dio Life FM","isPartOf":{"@id":"https:\/\/radiolifefm.com.br\/noticias\/#website"},"primaryImageOfPage":{"@id":"https:\/\/radiolifefm.com.br\/noticias\/patriotarios-as-e-la-nave-va\/#primaryimage"},"image":{"@id":"https:\/\/radiolifefm.com.br\/noticias\/patriotarios-as-e-la-nave-va\/#primaryimage"},"thumbnailUrl":"https:\/\/radiolifefm.com.br\/noticias\/wp-content\/uploads\/2022\/04\/WhatsApp-Image-2022-04-10-at-18.43.02.jpeg","datePublished":"2023-01-18T11:15:42+00:00","dateModified":"2026-04-09T17:05:39+00:00","breadcrumb":{"@id":"https:\/\/radiolifefm.com.br\/noticias\/patriotarios-as-e-la-nave-va\/#breadcrumb"},"inLanguage":"pt-BR","potentialAction":[{"@type":"ReadAction","target":["https:\/\/radiolifefm.com.br\/noticias\/patriotarios-as-e-la-nave-va\/"]}]},{"@type":"ImageObject","inLanguage":"pt-BR","@id":"https:\/\/radiolifefm.com.br\/noticias\/patriotarios-as-e-la-nave-va\/#primaryimage","url":"https:\/\/radiolifefm.com.br\/noticias\/wp-content\/uploads\/2022\/04\/WhatsApp-Image-2022-04-10-at-18.43.02.jpeg","contentUrl":"https:\/\/radiolifefm.com.br\/noticias\/wp-content\/uploads\/2022\/04\/WhatsApp-Image-2022-04-10-at-18.43.02.jpeg","width":972,"height":1296,"caption":"S\u00e9rgio Barbosa"},{"@type":"BreadcrumbList","@id":"https:\/\/radiolifefm.com.br\/noticias\/patriotarios-as-e-la-nave-va\/#breadcrumb","itemListElement":[{"@type":"ListItem","position":1,"name":"In\u00edcio","item":"https:\/\/radiolifefm.com.br\/noticias\/"},{"@type":"ListItem","position":2,"name":"Patriot\u00e1rios\/as: \u201cE LA NAVE VA&#8230;\u201d(*)"}]},{"@type":"WebSite","@id":"https:\/\/radiolifefm.com.br\/noticias\/#website","url":"https:\/\/radiolifefm.com.br\/noticias\/","name":"R\u00e1dio Life FM","description":"O Portal de Not\u00edcias de Adamantina","publisher":{"@id":"https:\/\/radiolifefm.com.br\/noticias\/#organization"},"alternateName":"Life FM","potentialAction":[{"@type":"SearchAction","target":{"@type":"EntryPoint","urlTemplate":"https:\/\/radiolifefm.com.br\/noticias\/?s={search_term_string}"},"query-input":{"@type":"PropertyValueSpecification","valueRequired":true,"valueName":"search_term_string"}}],"inLanguage":"pt-BR"},{"@type":"Organization","@id":"https:\/\/radiolifefm.com.br\/noticias\/#organization","name":"R\u00e1dio Life FM","alternateName":"Life FM","url":"https:\/\/radiolifefm.com.br\/noticias\/","logo":{"@type":"ImageObject","inLanguage":"pt-BR","@id":"https:\/\/radiolifefm.com.br\/noticias\/#\/schema\/logo\/image\/","url":"https:\/\/static.radiolifefm.com.br\/noticias\/wp-content\/uploads\/2019\/10\/logo-lifefm.png","contentUrl":"https:\/\/static.radiolifefm.com.br\/noticias\/wp-content\/uploads\/2019\/10\/logo-lifefm.png","width":196,"height":47,"caption":"R\u00e1dio Life FM"},"image":{"@id":"https:\/\/radiolifefm.com.br\/noticias\/#\/schema\/logo\/image\/"},"sameAs":["https:\/\/www.facebook.com\/radiolifefm\/","https:\/\/www.instagram.com\/life1079fm\/"]},{"@type":"Person","@id":"https:\/\/radiolifefm.com.br\/noticias\/#\/schema\/person\/6339b9fac59d12b071dec680d7375d87","name":"ritanery","image":{"@type":"ImageObject","inLanguage":"pt-BR","@id":"https:\/\/secure.gravatar.com\/avatar\/0e37bb19071f47c0b8a23f62a903df117c5a0e75f65a0c2901562f97cd41cf86?s=96&d=mm&r=g","url":"https:\/\/secure.gravatar.com\/avatar\/0e37bb19071f47c0b8a23f62a903df117c5a0e75f65a0c2901562f97cd41cf86?s=96&d=mm&r=g","contentUrl":"https:\/\/secure.gravatar.com\/avatar\/0e37bb19071f47c0b8a23f62a903df117c5a0e75f65a0c2901562f97cd41cf86?s=96&d=mm&r=g","caption":"ritanery"}}]}},"amp_enabled":true,"_links":{"self":[{"href":"https:\/\/radiolifefm.com.br\/noticias\/wp-json\/wp\/v2\/posts\/63791","targetHints":{"allow":["GET"]}}],"collection":[{"href":"https:\/\/radiolifefm.com.br\/noticias\/wp-json\/wp\/v2\/posts"}],"about":[{"href":"https:\/\/radiolifefm.com.br\/noticias\/wp-json\/wp\/v2\/types\/post"}],"author":[{"embeddable":true,"href":"https:\/\/radiolifefm.com.br\/noticias\/wp-json\/wp\/v2\/users\/13"}],"replies":[{"embeddable":true,"href":"https:\/\/radiolifefm.com.br\/noticias\/wp-json\/wp\/v2\/comments?post=63791"}],"version-history":[{"count":1,"href":"https:\/\/radiolifefm.com.br\/noticias\/wp-json\/wp\/v2\/posts\/63791\/revisions"}],"predecessor-version":[{"id":63792,"href":"https:\/\/radiolifefm.com.br\/noticias\/wp-json\/wp\/v2\/posts\/63791\/revisions\/63792"}],"wp:featuredmedia":[{"embeddable":true,"href":"https:\/\/radiolifefm.com.br\/noticias\/wp-json\/wp\/v2\/media\/51988"}],"wp:attachment":[{"href":"https:\/\/radiolifefm.com.br\/noticias\/wp-json\/wp\/v2\/media?parent=63791"}],"wp:term":[{"taxonomy":"category","embeddable":true,"href":"https:\/\/radiolifefm.com.br\/noticias\/wp-json\/wp\/v2\/categories?post=63791"},{"taxonomy":"post_tag","embeddable":true,"href":"https:\/\/radiolifefm.com.br\/noticias\/wp-json\/wp\/v2\/tags?post=63791"}],"curies":[{"name":"wp","href":"https:\/\/api.w.org\/{rel}","templated":true}]}}