{"id":63655,"date":"2023-01-16T09:26:32","date_gmt":"2023-01-16T12:26:32","guid":{"rendered":"https:\/\/radiolifefm.com.br\/noticias\/?p=63655"},"modified":"2025-06-01T23:12:52","modified_gmt":"2025-06-02T02:12:52","slug":"manes-provincianos-as-e-mentes-mediocres","status":"publish","type":"post","link":"https:\/\/radiolifefm.com.br\/noticias\/manes-provincianos-as-e-mentes-mediocres\/","title":{"rendered":"Man\u00e9s PROVINCIANOS\/AS e Mentes Med\u00edocres&#8230;"},"content":{"rendered":"<div id=\"fb-root\"><\/div>\n<p><strong><em>\u00a0\u201cTerroristas n\u00e3o saqueiam para possuir, nem matam para saquear. Matam para punir e purificar atrav\u00e9s do sangue.\u201d (<\/em><\/strong><a href=\"https:\/\/www.pensador.com\/autor\/umberto_eco\/\"><strong><em>Umberto Eco<\/em><\/strong><\/a><strong><em>)<\/em><\/strong><\/p>\n<p><strong>\u00a0<\/strong><\/p>\n<p><strong>S\u00e9rgio Barbosa (*)<\/strong><\/p>\n<p>Finalmente, ainda, depois de muitas SEMANAS de ACAMPAMENTO na \u00e1rea MILITAR desta PROV\u00cdNCIA DO FAZ DE CONTA, os\/as ALOPRADOS\/AS denominados\/as de PATRIOT\u00c1RIOS\/AS foram EXPULSOS daquele local&#8230;<\/p>\n<p>Ainda, de um jeito ou de outro, muitos\/as PATRIOT\u00c1RIOS\/AS, ainda, continuam na BOCA DE ESPERA para dar o BOTE no PODER DEMOCR\u00c1TICO, isso em TERRAS PROVINCIANAS e assim por diante&#8230;<\/p>\n<p>Na realidade, os\/as PROVINCIANOS\/AS em geral, continuam os\/as mesmos\/as do outro tempo do tempo, ou seja, sempre APOSTANDO e ACREDITANDO nos MAN\u00c9S de sempre, isso, desde quando desembarquei por aqui em fevereiro de 1.999&#8230;<\/p>\n<p>Assim, espera-se que aqueles\/as PATRIOT\u00c1RIOS\/AS que estavam acampados nestes \u00faltimos meses em frente ao TG local, bem como, os\/as outros\/as que POSTAVAM a desinforma\u00e7\u00e3o em todas as \u00e1reas nas REDES SOCIAIS, estejam buscando os FATOS que est\u00e3o ocorrendo com os\/as ALOPRADOS\/AS, ou melhor, TERRORISTAS que estiveram no quebra-quebra no PLANALTO CENTRAL no \u00faltimo domingo&#8230;<\/p>\n<p>Portanto, faz-se necess\u00e1rio estar em conex\u00e3o com a INFORMA\u00c7\u00c3O por meio de FONTES confi\u00e1veis, caso contr\u00e1rio, os\/as PATRIOT\u00c1RIOS\/AS PROVINCIANOS\/AS v\u00e3o continuar na mesmice de sempre com suas MENTES MED\u00cdOCRES&#8230;<\/p>\n<p>O processo DEMOCR\u00c1TICO continua mais forte do que nunca, portanto, o melhor para todos\/as os\/as MAN\u00c9S aceitarem o resultado com RESPEITO, isso \u00e9, por BEM ou por MAL&#8230;<\/p>\n<p>Outra coisa, \u00e9 mais do que interessante que os\/as PROVINCIANOS\/AS estejam com os OLHOS BEM ABERTOS, ou seja, aqueles\/as que se MANIFESTARAM contra isto ou aquilo sobre o RESULTADO DAS ELEI\u00c7\u00d5ES de 2.022&#8230;<\/p>\n<p>Tamb\u00e9m, a PAPUDA e a COLMEIA continuam recebendo cada vez mais, aqueles\/as TERRORISTAS do dia 8 de janeiro, portanto, TODO CUIDADO \u00c9 POUCO para os\/as PATRIOT\u00c1RIOS\/AS em n\u00edvel REGIOCAL, ou seja, do REGIONAL para o LOCAL&#8230;<\/p>\n<p>Al\u00e9m do mais, todavia, com muito MENOS, o tal do BOZZONARO com seus COISOS com COISAS, est\u00e3o em MAUS LENCOIS daqui pra frente, haja vista que se os\/as PATRIOT\u00c1RIOS\/AS que est\u00e3o ANJAULADOS\/AS na PAPUDA e na COLMEIA, com certeza, est\u00e3o meditando com o seguinte dito popular, a saber: SE PENSAVAM QUE ESTAVA RUIM, FICOU PIOR para aquelas MENTES MED\u00cdOCRES&#8230;<\/p>\n<p>Pra colaborar: <a href=\"mailto:denuncia@mj.gov.br\">denuncia@mj.gov.br<\/a><\/p>\n<p>Ainda, EU AVISEI&#8230; O COISO&#8230; ELLE N\u00c3O&#8230;<\/p>\n<p><strong>___________________________<\/strong><\/p>\n<p><strong>(*) jornalista diplomado.<\/strong><\/p>\n<p><strong>e-mail: <\/strong><a href=\"mailto:barbosa.sebar@gmail.com\"><strong>barbosa.sebar@gmail.com<\/strong><\/a><\/p>\n","protected":false},"excerpt":{"rendered":"<p>\u00a0\u201cTerroristas n\u00e3o saqueiam para possuir, nem matam para saquear. Matam para punir e purificar atrav\u00e9s do sangue.\u201d (Umberto Eco) \u00a0 S\u00e9rgio Barbosa (*) Finalmente, ainda, depois de muitas SEMANAS de ACAMPAMENTO na \u00e1rea MILITAR desta PROV\u00cdNCIA DO FAZ DE CONTA, os\/as ALOPRADOS\/AS denominados\/as de PATRIOT\u00c1RIOS\/AS foram EXPULSOS daquele local&#8230; Ainda, de um jeito ou de [&hellip;]<\/p>\n","protected":false},"author":13,"featured_media":51988,"comment_status":"closed","ping_status":"open","sticky":false,"template":"","format":"standard","meta":{"_acf_changed":false,"_exactmetrics_skip_tracking":false,"_exactmetrics_sitenote_active":false,"_exactmetrics_sitenote_note":"","_exactmetrics_sitenote_category":0,"footnotes":""},"categories":[59],"tags":[],"class_list":["post-63655","post","type-post","status-publish","format-standard","has-post-thumbnail","hentry","category-opiniao"],"acf":[],"yoast_head":"<!-- This site is optimized with the Yoast SEO plugin v27.2 - https:\/\/yoast.com\/product\/yoast-seo-wordpress\/ -->\n<title>Man\u00e9s PROVINCIANOS\/AS e Mentes Med\u00edocres... - R\u00e1dio Life FM<\/title>\n<meta name=\"robots\" content=\"index, follow, max-snippet:-1, max-image-preview:large, max-video-preview:-1\" \/>\n<link rel=\"canonical\" href=\"https:\/\/radiolifefm.com.br\/noticias\/manes-provincianos-as-e-mentes-mediocres\/\" \/>\n<meta property=\"og:locale\" content=\"pt_BR\" \/>\n<meta property=\"og:type\" content=\"article\" \/>\n<meta property=\"og:title\" content=\"Man\u00e9s PROVINCIANOS\/AS e Mentes Med\u00edocres... - R\u00e1dio Life FM\" \/>\n<meta property=\"og:description\" content=\"\u00a0\u201cTerroristas n\u00e3o saqueiam para possuir, nem matam para saquear. Matam para punir e purificar atrav\u00e9s do sangue.\u201d (Umberto Eco) \u00a0 S\u00e9rgio Barbosa (*) Finalmente, ainda, depois de muitas SEMANAS de ACAMPAMENTO na \u00e1rea MILITAR desta PROV\u00cdNCIA DO FAZ DE CONTA, os\/as ALOPRADOS\/AS denominados\/as de PATRIOT\u00c1RIOS\/AS foram EXPULSOS daquele local&#8230; Ainda, de um jeito ou de [&hellip;]\" \/>\n<meta property=\"og:url\" content=\"https:\/\/radiolifefm.com.br\/noticias\/manes-provincianos-as-e-mentes-mediocres\/\" \/>\n<meta property=\"og:site_name\" content=\"R\u00e1dio Life FM\" \/>\n<meta property=\"article:publisher\" content=\"https:\/\/www.facebook.com\/radiolifefm\/\" \/>\n<meta property=\"article:published_time\" content=\"2023-01-16T12:26:32+00:00\" \/>\n<meta property=\"article:modified_time\" content=\"2025-06-02T02:12:52+00:00\" \/>\n<meta property=\"og:image\" content=\"https:\/\/static.radiolifefm.com.br\/noticias\/wp-content\/uploads\/2022\/04\/WhatsApp-Image-2022-04-10-at-18.43.02.jpeg\" \/>\n\t<meta property=\"og:image:width\" content=\"972\" \/>\n\t<meta property=\"og:image:height\" content=\"1296\" \/>\n\t<meta property=\"og:image:type\" content=\"image\/jpeg\" \/>\n<meta name=\"author\" content=\"ritanery\" \/>\n<meta name=\"twitter:card\" content=\"summary_large_image\" \/>\n<meta name=\"twitter:label1\" content=\"Escrito por\" \/>\n\t<meta name=\"twitter:data1\" content=\"ritanery\" \/>\n\t<meta name=\"twitter:label2\" content=\"Est. tempo de leitura\" \/>\n\t<meta name=\"twitter:data2\" content=\"3 minutos\" \/>\n<script type=\"application\/ld+json\" class=\"yoast-schema-graph\">{\"@context\":\"https:\/\/schema.org\",\"@graph\":[{\"@type\":\"Article\",\"@id\":\"https:\/\/radiolifefm.com.br\/noticias\/manes-provincianos-as-e-mentes-mediocres\/#article\",\"isPartOf\":{\"@id\":\"https:\/\/radiolifefm.com.br\/noticias\/manes-provincianos-as-e-mentes-mediocres\/\"},\"author\":{\"name\":\"ritanery\",\"@id\":\"https:\/\/radiolifefm.com.br\/noticias\/#\/schema\/person\/6339b9fac59d12b071dec680d7375d87\"},\"headline\":\"Man\u00e9s PROVINCIANOS\/AS e Mentes Med\u00edocres&#8230;\",\"datePublished\":\"2023-01-16T12:26:32+00:00\",\"dateModified\":\"2025-06-02T02:12:52+00:00\",\"mainEntityOfPage\":{\"@id\":\"https:\/\/radiolifefm.com.br\/noticias\/manes-provincianos-as-e-mentes-mediocres\/\"},\"wordCount\":434,\"publisher\":{\"@id\":\"https:\/\/radiolifefm.com.br\/noticias\/#organization\"},\"image\":{\"@id\":\"https:\/\/radiolifefm.com.br\/noticias\/manes-provincianos-as-e-mentes-mediocres\/#primaryimage\"},\"thumbnailUrl\":\"https:\/\/radiolifefm.com.br\/noticias\/wp-content\/uploads\/2022\/04\/WhatsApp-Image-2022-04-10-at-18.43.02.jpeg\",\"articleSection\":[\"Opini\u00e3o\"],\"inLanguage\":\"pt-BR\"},{\"@type\":\"WebPage\",\"@id\":\"https:\/\/radiolifefm.com.br\/noticias\/manes-provincianos-as-e-mentes-mediocres\/\",\"url\":\"https:\/\/radiolifefm.com.br\/noticias\/manes-provincianos-as-e-mentes-mediocres\/\",\"name\":\"Man\u00e9s PROVINCIANOS\/AS e Mentes Med\u00edocres... - R\u00e1dio Life FM\",\"isPartOf\":{\"@id\":\"https:\/\/radiolifefm.com.br\/noticias\/#website\"},\"primaryImageOfPage\":{\"@id\":\"https:\/\/radiolifefm.com.br\/noticias\/manes-provincianos-as-e-mentes-mediocres\/#primaryimage\"},\"image\":{\"@id\":\"https:\/\/radiolifefm.com.br\/noticias\/manes-provincianos-as-e-mentes-mediocres\/#primaryimage\"},\"thumbnailUrl\":\"https:\/\/radiolifefm.com.br\/noticias\/wp-content\/uploads\/2022\/04\/WhatsApp-Image-2022-04-10-at-18.43.02.jpeg\",\"datePublished\":\"2023-01-16T12:26:32+00:00\",\"dateModified\":\"2025-06-02T02:12:52+00:00\",\"breadcrumb\":{\"@id\":\"https:\/\/radiolifefm.com.br\/noticias\/manes-provincianos-as-e-mentes-mediocres\/#breadcrumb\"},\"inLanguage\":\"pt-BR\",\"potentialAction\":[{\"@type\":\"ReadAction\",\"target\":[\"https:\/\/radiolifefm.com.br\/noticias\/manes-provincianos-as-e-mentes-mediocres\/\"]}]},{\"@type\":\"ImageObject\",\"inLanguage\":\"pt-BR\",\"@id\":\"https:\/\/radiolifefm.com.br\/noticias\/manes-provincianos-as-e-mentes-mediocres\/#primaryimage\",\"url\":\"https:\/\/radiolifefm.com.br\/noticias\/wp-content\/uploads\/2022\/04\/WhatsApp-Image-2022-04-10-at-18.43.02.jpeg\",\"contentUrl\":\"https:\/\/radiolifefm.com.br\/noticias\/wp-content\/uploads\/2022\/04\/WhatsApp-Image-2022-04-10-at-18.43.02.jpeg\",\"width\":972,\"height\":1296,\"caption\":\"S\u00e9rgio Barbosa\"},{\"@type\":\"BreadcrumbList\",\"@id\":\"https:\/\/radiolifefm.com.br\/noticias\/manes-provincianos-as-e-mentes-mediocres\/#breadcrumb\",\"itemListElement\":[{\"@type\":\"ListItem\",\"position\":1,\"name\":\"In\u00edcio\",\"item\":\"https:\/\/radiolifefm.com.br\/noticias\/\"},{\"@type\":\"ListItem\",\"position\":2,\"name\":\"Man\u00e9s PROVINCIANOS\/AS e Mentes Med\u00edocres&#8230;\"}]},{\"@type\":\"WebSite\",\"@id\":\"https:\/\/radiolifefm.com.br\/noticias\/#website\",\"url\":\"https:\/\/radiolifefm.com.br\/noticias\/\",\"name\":\"R\u00e1dio Life FM\",\"description\":\"O Portal de Not\u00edcias de Adamantina\",\"publisher\":{\"@id\":\"https:\/\/radiolifefm.com.br\/noticias\/#organization\"},\"alternateName\":\"Life FM\",\"potentialAction\":[{\"@type\":\"SearchAction\",\"target\":{\"@type\":\"EntryPoint\",\"urlTemplate\":\"https:\/\/radiolifefm.com.br\/noticias\/?s={search_term_string}\"},\"query-input\":{\"@type\":\"PropertyValueSpecification\",\"valueRequired\":true,\"valueName\":\"search_term_string\"}}],\"inLanguage\":\"pt-BR\"},{\"@type\":\"Organization\",\"@id\":\"https:\/\/radiolifefm.com.br\/noticias\/#organization\",\"name\":\"R\u00e1dio Life FM\",\"alternateName\":\"Life FM\",\"url\":\"https:\/\/radiolifefm.com.br\/noticias\/\",\"logo\":{\"@type\":\"ImageObject\",\"inLanguage\":\"pt-BR\",\"@id\":\"https:\/\/radiolifefm.com.br\/noticias\/#\/schema\/logo\/image\/\",\"url\":\"https:\/\/static.radiolifefm.com.br\/noticias\/wp-content\/uploads\/2019\/10\/logo-lifefm.png\",\"contentUrl\":\"https:\/\/static.radiolifefm.com.br\/noticias\/wp-content\/uploads\/2019\/10\/logo-lifefm.png\",\"width\":196,\"height\":47,\"caption\":\"R\u00e1dio Life FM\"},\"image\":{\"@id\":\"https:\/\/radiolifefm.com.br\/noticias\/#\/schema\/logo\/image\/\"},\"sameAs\":[\"https:\/\/www.facebook.com\/radiolifefm\/\",\"https:\/\/www.instagram.com\/life1079fm\/\"]},{\"@type\":\"Person\",\"@id\":\"https:\/\/radiolifefm.com.br\/noticias\/#\/schema\/person\/6339b9fac59d12b071dec680d7375d87\",\"name\":\"ritanery\",\"image\":{\"@type\":\"ImageObject\",\"inLanguage\":\"pt-BR\",\"@id\":\"https:\/\/secure.gravatar.com\/avatar\/0e37bb19071f47c0b8a23f62a903df117c5a0e75f65a0c2901562f97cd41cf86?s=96&d=mm&r=g\",\"url\":\"https:\/\/secure.gravatar.com\/avatar\/0e37bb19071f47c0b8a23f62a903df117c5a0e75f65a0c2901562f97cd41cf86?s=96&d=mm&r=g\",\"contentUrl\":\"https:\/\/secure.gravatar.com\/avatar\/0e37bb19071f47c0b8a23f62a903df117c5a0e75f65a0c2901562f97cd41cf86?s=96&d=mm&r=g\",\"caption\":\"ritanery\"}}]}<\/script>\n<!-- \/ Yoast SEO plugin. -->","yoast_head_json":{"title":"Man\u00e9s PROVINCIANOS\/AS e Mentes Med\u00edocres... - R\u00e1dio Life FM","robots":{"index":"index","follow":"follow","max-snippet":"max-snippet:-1","max-image-preview":"max-image-preview:large","max-video-preview":"max-video-preview:-1"},"canonical":"https:\/\/radiolifefm.com.br\/noticias\/manes-provincianos-as-e-mentes-mediocres\/","og_locale":"pt_BR","og_type":"article","og_title":"Man\u00e9s PROVINCIANOS\/AS e Mentes Med\u00edocres... - R\u00e1dio Life FM","og_description":"\u00a0\u201cTerroristas n\u00e3o saqueiam para possuir, nem matam para saquear. Matam para punir e purificar atrav\u00e9s do sangue.\u201d (Umberto Eco) \u00a0 S\u00e9rgio Barbosa (*) Finalmente, ainda, depois de muitas SEMANAS de ACAMPAMENTO na \u00e1rea MILITAR desta PROV\u00cdNCIA DO FAZ DE CONTA, os\/as ALOPRADOS\/AS denominados\/as de PATRIOT\u00c1RIOS\/AS foram EXPULSOS daquele local&#8230; Ainda, de um jeito ou de [&hellip;]","og_url":"https:\/\/radiolifefm.com.br\/noticias\/manes-provincianos-as-e-mentes-mediocres\/","og_site_name":"R\u00e1dio Life FM","article_publisher":"https:\/\/www.facebook.com\/radiolifefm\/","article_published_time":"2023-01-16T12:26:32+00:00","article_modified_time":"2025-06-02T02:12:52+00:00","og_image":[{"width":972,"height":1296,"url":"https:\/\/static.radiolifefm.com.br\/noticias\/wp-content\/uploads\/2022\/04\/WhatsApp-Image-2022-04-10-at-18.43.02.jpeg","type":"image\/jpeg"}],"author":"ritanery","twitter_card":"summary_large_image","twitter_misc":{"Escrito por":"ritanery","Est. tempo de leitura":"3 minutos"},"schema":{"@context":"https:\/\/schema.org","@graph":[{"@type":"Article","@id":"https:\/\/radiolifefm.com.br\/noticias\/manes-provincianos-as-e-mentes-mediocres\/#article","isPartOf":{"@id":"https:\/\/radiolifefm.com.br\/noticias\/manes-provincianos-as-e-mentes-mediocres\/"},"author":{"name":"ritanery","@id":"https:\/\/radiolifefm.com.br\/noticias\/#\/schema\/person\/6339b9fac59d12b071dec680d7375d87"},"headline":"Man\u00e9s PROVINCIANOS\/AS e Mentes Med\u00edocres&#8230;","datePublished":"2023-01-16T12:26:32+00:00","dateModified":"2025-06-02T02:12:52+00:00","mainEntityOfPage":{"@id":"https:\/\/radiolifefm.com.br\/noticias\/manes-provincianos-as-e-mentes-mediocres\/"},"wordCount":434,"publisher":{"@id":"https:\/\/radiolifefm.com.br\/noticias\/#organization"},"image":{"@id":"https:\/\/radiolifefm.com.br\/noticias\/manes-provincianos-as-e-mentes-mediocres\/#primaryimage"},"thumbnailUrl":"https:\/\/radiolifefm.com.br\/noticias\/wp-content\/uploads\/2022\/04\/WhatsApp-Image-2022-04-10-at-18.43.02.jpeg","articleSection":["Opini\u00e3o"],"inLanguage":"pt-BR"},{"@type":"WebPage","@id":"https:\/\/radiolifefm.com.br\/noticias\/manes-provincianos-as-e-mentes-mediocres\/","url":"https:\/\/radiolifefm.com.br\/noticias\/manes-provincianos-as-e-mentes-mediocres\/","name":"Man\u00e9s PROVINCIANOS\/AS e Mentes Med\u00edocres... - R\u00e1dio Life FM","isPartOf":{"@id":"https:\/\/radiolifefm.com.br\/noticias\/#website"},"primaryImageOfPage":{"@id":"https:\/\/radiolifefm.com.br\/noticias\/manes-provincianos-as-e-mentes-mediocres\/#primaryimage"},"image":{"@id":"https:\/\/radiolifefm.com.br\/noticias\/manes-provincianos-as-e-mentes-mediocres\/#primaryimage"},"thumbnailUrl":"https:\/\/radiolifefm.com.br\/noticias\/wp-content\/uploads\/2022\/04\/WhatsApp-Image-2022-04-10-at-18.43.02.jpeg","datePublished":"2023-01-16T12:26:32+00:00","dateModified":"2025-06-02T02:12:52+00:00","breadcrumb":{"@id":"https:\/\/radiolifefm.com.br\/noticias\/manes-provincianos-as-e-mentes-mediocres\/#breadcrumb"},"inLanguage":"pt-BR","potentialAction":[{"@type":"ReadAction","target":["https:\/\/radiolifefm.com.br\/noticias\/manes-provincianos-as-e-mentes-mediocres\/"]}]},{"@type":"ImageObject","inLanguage":"pt-BR","@id":"https:\/\/radiolifefm.com.br\/noticias\/manes-provincianos-as-e-mentes-mediocres\/#primaryimage","url":"https:\/\/radiolifefm.com.br\/noticias\/wp-content\/uploads\/2022\/04\/WhatsApp-Image-2022-04-10-at-18.43.02.jpeg","contentUrl":"https:\/\/radiolifefm.com.br\/noticias\/wp-content\/uploads\/2022\/04\/WhatsApp-Image-2022-04-10-at-18.43.02.jpeg","width":972,"height":1296,"caption":"S\u00e9rgio Barbosa"},{"@type":"BreadcrumbList","@id":"https:\/\/radiolifefm.com.br\/noticias\/manes-provincianos-as-e-mentes-mediocres\/#breadcrumb","itemListElement":[{"@type":"ListItem","position":1,"name":"In\u00edcio","item":"https:\/\/radiolifefm.com.br\/noticias\/"},{"@type":"ListItem","position":2,"name":"Man\u00e9s PROVINCIANOS\/AS e Mentes Med\u00edocres&#8230;"}]},{"@type":"WebSite","@id":"https:\/\/radiolifefm.com.br\/noticias\/#website","url":"https:\/\/radiolifefm.com.br\/noticias\/","name":"R\u00e1dio Life FM","description":"O Portal de Not\u00edcias de Adamantina","publisher":{"@id":"https:\/\/radiolifefm.com.br\/noticias\/#organization"},"alternateName":"Life FM","potentialAction":[{"@type":"SearchAction","target":{"@type":"EntryPoint","urlTemplate":"https:\/\/radiolifefm.com.br\/noticias\/?s={search_term_string}"},"query-input":{"@type":"PropertyValueSpecification","valueRequired":true,"valueName":"search_term_string"}}],"inLanguage":"pt-BR"},{"@type":"Organization","@id":"https:\/\/radiolifefm.com.br\/noticias\/#organization","name":"R\u00e1dio Life FM","alternateName":"Life FM","url":"https:\/\/radiolifefm.com.br\/noticias\/","logo":{"@type":"ImageObject","inLanguage":"pt-BR","@id":"https:\/\/radiolifefm.com.br\/noticias\/#\/schema\/logo\/image\/","url":"https:\/\/static.radiolifefm.com.br\/noticias\/wp-content\/uploads\/2019\/10\/logo-lifefm.png","contentUrl":"https:\/\/static.radiolifefm.com.br\/noticias\/wp-content\/uploads\/2019\/10\/logo-lifefm.png","width":196,"height":47,"caption":"R\u00e1dio Life FM"},"image":{"@id":"https:\/\/radiolifefm.com.br\/noticias\/#\/schema\/logo\/image\/"},"sameAs":["https:\/\/www.facebook.com\/radiolifefm\/","https:\/\/www.instagram.com\/life1079fm\/"]},{"@type":"Person","@id":"https:\/\/radiolifefm.com.br\/noticias\/#\/schema\/person\/6339b9fac59d12b071dec680d7375d87","name":"ritanery","image":{"@type":"ImageObject","inLanguage":"pt-BR","@id":"https:\/\/secure.gravatar.com\/avatar\/0e37bb19071f47c0b8a23f62a903df117c5a0e75f65a0c2901562f97cd41cf86?s=96&d=mm&r=g","url":"https:\/\/secure.gravatar.com\/avatar\/0e37bb19071f47c0b8a23f62a903df117c5a0e75f65a0c2901562f97cd41cf86?s=96&d=mm&r=g","contentUrl":"https:\/\/secure.gravatar.com\/avatar\/0e37bb19071f47c0b8a23f62a903df117c5a0e75f65a0c2901562f97cd41cf86?s=96&d=mm&r=g","caption":"ritanery"}}]}},"amp_enabled":true,"_links":{"self":[{"href":"https:\/\/radiolifefm.com.br\/noticias\/wp-json\/wp\/v2\/posts\/63655","targetHints":{"allow":["GET"]}}],"collection":[{"href":"https:\/\/radiolifefm.com.br\/noticias\/wp-json\/wp\/v2\/posts"}],"about":[{"href":"https:\/\/radiolifefm.com.br\/noticias\/wp-json\/wp\/v2\/types\/post"}],"author":[{"embeddable":true,"href":"https:\/\/radiolifefm.com.br\/noticias\/wp-json\/wp\/v2\/users\/13"}],"replies":[{"embeddable":true,"href":"https:\/\/radiolifefm.com.br\/noticias\/wp-json\/wp\/v2\/comments?post=63655"}],"version-history":[{"count":1,"href":"https:\/\/radiolifefm.com.br\/noticias\/wp-json\/wp\/v2\/posts\/63655\/revisions"}],"predecessor-version":[{"id":63656,"href":"https:\/\/radiolifefm.com.br\/noticias\/wp-json\/wp\/v2\/posts\/63655\/revisions\/63656"}],"wp:featuredmedia":[{"embeddable":true,"href":"https:\/\/radiolifefm.com.br\/noticias\/wp-json\/wp\/v2\/media\/51988"}],"wp:attachment":[{"href":"https:\/\/radiolifefm.com.br\/noticias\/wp-json\/wp\/v2\/media?parent=63655"}],"wp:term":[{"taxonomy":"category","embeddable":true,"href":"https:\/\/radiolifefm.com.br\/noticias\/wp-json\/wp\/v2\/categories?post=63655"},{"taxonomy":"post_tag","embeddable":true,"href":"https:\/\/radiolifefm.com.br\/noticias\/wp-json\/wp\/v2\/tags?post=63655"}],"curies":[{"name":"wp","href":"https:\/\/api.w.org\/{rel}","templated":true}]}}