{"id":63282,"date":"2023-01-06T08:06:37","date_gmt":"2023-01-06T11:06:37","guid":{"rendered":"https:\/\/radiolifefm.com.br\/noticias\/?p=63282"},"modified":"2026-02-23T20:13:46","modified_gmt":"2026-02-23T23:13:46","slug":"uma-conta-sem-o-contador","status":"publish","type":"post","link":"https:\/\/radiolifefm.com.br\/noticias\/uma-conta-sem-o-contador\/","title":{"rendered":"UMA CONTA SEM O CONTADOR&#8230;"},"content":{"rendered":"<div id=\"fb-root\"><\/div>\n<p>&nbsp;<\/p>\n<p><strong><em>\u00a0\u201cPau que nasce torto morre torno\u201d (dito popular)<\/em><\/strong><\/p>\n<p><strong><em>S\u00e9rgio Barbosa (*)<\/em><\/strong><\/p>\n<p>&nbsp;<\/p>\n<p>As perguntas, quase sempre, s\u00e3o as mesmas para isto ou aquilo quando se brinca com as palavras em tempo de p\u00f3s-globaliza\u00e7\u00e3o, portanto, quero mais \u00e9 estar nesta brincadeira de fazer de conta neste cen\u00e1rio provinciano, afinal, \u00e9 preciso saber fazer a arte do fazer de conta sem perder a conta&#8230;<\/p>\n<p>Nada mais complicado do que fazer de conta, assim, pode-se viajar sem perder a conta do hotel, quem sabe, do motel na beira de uma estrada perdida no interior do interior paulista, tamb\u00e9m, cada um sabe onde aperta o cinto nesta perda da conta&#8230;<\/p>\n<p>Os olhares trazem o outro lado para este lado, neste caso, tudo pode acontecer disse o profeta do outro lado, mesmo assim, faz-se necess\u00e1rio estar com cr\u00e9dito na conta para dar a outra conta para o credor sem cr\u00e9dito banc\u00e1rio para dizer sim ou n\u00e3o no balc\u00e3o das trocas simb\u00f3licas de sempre&#8230;<\/p>\n<p>Entretanto, o momento fica sem a conta do contador para um entendimento acima do bem e do mal provinciano, claro, quem vai pagar esta conta?<\/p>\n<p>Quem conta as cartas de um baralho viciado \u00e9 o contador sob o comando do outro dono do cassino, tamb\u00e9m, os bingos foram fechados pelo poder central em meio aos desencontros de um novo tempo, claro, sem estar vivo quem pode contar a outra est\u00f3ria de uma mesma hist\u00f3ria provinciana&#8230;<\/p>\n<p>Os contadores querem o sangue do m\u00e1rtir que partiu para aquele lugar sem deixar vest\u00edgios das suas contas, neste momento tudo pode acontecer para o contador sem est\u00f3rias para contar, todavia, as palavras se perdem numa tempestade de areia\u00a0 que cega \u00e0s contas do contador alucinado pelos lucros do poder repressor em busca dos seus dividendos&#8230;<\/p>\n<p>As l\u00e1grimas descem pelo rosto de um perdedor do tempo sem se dar conta da sua vit\u00f3ria numa partida sem jogadores!<\/p>\n<p>Naquela sala branca, apenas uma moldura na parede sem cor daquele lugar sem brilho para contar uma conta sem cr\u00e9dito, apenas o d\u00e9bito para cobrar a divida do passado&#8230;<\/p>\n<p>Neste cen\u00e1rio tupiniquim, os atores se perdem nas contas do tempo, criando novas formas de atua\u00e7\u00e3o numa apresenta\u00e7\u00e3o perdida e sem cen\u00e1rio para esconder os dois lados de uma mesma conta, cada qual, busca estar em conex\u00e3o com a conta no exterior para um desfalque a mais num futuro pr\u00f3ximo&#8230;<\/p>\n<p>N\u00e3o se pode, como sempre, tentar achar chifre (sic) em cabe\u00e7a de cavalou, ou melhor, poderia ser de jumento e assim por diante, todavia, a prov\u00edncia continua com seus desencontros di\u00e1rios em nome de uma pseuda-\u00e9tica com a bandeira de uma moral camuflada pelos jogos de um poder em busca do outro poder em tempo de p\u00f3s-globaliza\u00e7\u00e3o&#8230;<\/p>\n<p>Pelo jeito sem jeito, os\/as tais PATRIOT\u00c1RIOS\/AS continuam firmes aqui e ali com suas MENTES MED\u00cdOCRES, desata forma, agora, mais do que nunca, o mercado promete novos dividendos em nome de uma conta qualquer, talvez, neste caso, mediada pelo tempo sem o tempo para um mortal que se diz imortal neste cen\u00e1rio de um NOVO TEMPO NOVO&#8230;<\/p>\n<p>No mais, continuar escrevendo para as paredes como dizem pelas esquinas de uma prov\u00edncia qualquer, pode-se pensar de uma outra forma, a saber: \u201cde gr\u00e3o em gr\u00e3o, a galinha enche o papo\u201d&#8230;<\/p>\n<p>Portanto, cada qual, do seu jeito, pode levar as coisas do seu jeito, ainda mais, quando as palavras falam coisas nas entrelinhas do artigo, neste caso, como sempre, assinado e carimbado pelo autor&#8230;<\/p>\n<p><strong><em>_________________________________________<\/em><\/strong><\/p>\n<p><strong><em>(*) Jornalista diplomado.<\/em><\/strong><\/p>\n<p><strong><em>e-mail: <a href=\"mailto:barbosa.sebar@gmail.com\">barbosa.sebar@gmail.com<\/a><\/em><\/strong><\/p>\n<p><em>\u00a0<\/em><\/p>\n","protected":false},"excerpt":{"rendered":"<p>&nbsp; \u00a0\u201cPau que nasce torto morre torno\u201d (dito popular) S\u00e9rgio Barbosa (*) &nbsp; As perguntas, quase sempre, s\u00e3o as mesmas para isto ou aquilo quando se brinca com as palavras em tempo de p\u00f3s-globaliza\u00e7\u00e3o, portanto, quero mais \u00e9 estar nesta brincadeira de fazer de conta neste cen\u00e1rio provinciano, afinal, \u00e9 preciso saber fazer a arte [&hellip;]<\/p>\n","protected":false},"author":13,"featured_media":51988,"comment_status":"closed","ping_status":"open","sticky":false,"template":"","format":"standard","meta":{"_acf_changed":false,"_exactmetrics_skip_tracking":false,"_exactmetrics_sitenote_active":false,"_exactmetrics_sitenote_note":"","_exactmetrics_sitenote_category":0,"footnotes":""},"categories":[59],"tags":[],"class_list":["post-63282","post","type-post","status-publish","format-standard","has-post-thumbnail","hentry","category-opiniao"],"acf":[],"yoast_head":"<!-- This site is optimized with the Yoast SEO plugin v27.2 - https:\/\/yoast.com\/product\/yoast-seo-wordpress\/ -->\n<title>UMA CONTA SEM O CONTADOR... - R\u00e1dio Life FM<\/title>\n<meta name=\"robots\" content=\"index, follow, max-snippet:-1, max-image-preview:large, max-video-preview:-1\" \/>\n<link rel=\"canonical\" href=\"https:\/\/radiolifefm.com.br\/noticias\/uma-conta-sem-o-contador\/\" \/>\n<meta property=\"og:locale\" content=\"pt_BR\" \/>\n<meta property=\"og:type\" content=\"article\" \/>\n<meta property=\"og:title\" content=\"UMA CONTA SEM O CONTADOR... - R\u00e1dio Life FM\" \/>\n<meta property=\"og:description\" content=\"&nbsp; \u00a0\u201cPau que nasce torto morre torno\u201d (dito popular) S\u00e9rgio Barbosa (*) &nbsp; As perguntas, quase sempre, s\u00e3o as mesmas para isto ou aquilo quando se brinca com as palavras em tempo de p\u00f3s-globaliza\u00e7\u00e3o, portanto, quero mais \u00e9 estar nesta brincadeira de fazer de conta neste cen\u00e1rio provinciano, afinal, \u00e9 preciso saber fazer a arte [&hellip;]\" \/>\n<meta property=\"og:url\" content=\"https:\/\/radiolifefm.com.br\/noticias\/uma-conta-sem-o-contador\/\" \/>\n<meta property=\"og:site_name\" content=\"R\u00e1dio Life FM\" \/>\n<meta property=\"article:publisher\" content=\"https:\/\/www.facebook.com\/radiolifefm\/\" \/>\n<meta property=\"article:published_time\" content=\"2023-01-06T11:06:37+00:00\" \/>\n<meta property=\"article:modified_time\" content=\"2026-02-23T23:13:46+00:00\" \/>\n<meta property=\"og:image\" content=\"https:\/\/radiolifefm.com.br\/noticias\/wp-content\/uploads\/2022\/04\/WhatsApp-Image-2022-04-10-at-18.43.02.jpeg\" \/>\n\t<meta property=\"og:image:width\" content=\"972\" \/>\n\t<meta property=\"og:image:height\" content=\"1296\" \/>\n\t<meta property=\"og:image:type\" content=\"image\/jpeg\" \/>\n<meta name=\"author\" content=\"ritanery\" \/>\n<meta name=\"twitter:card\" content=\"summary_large_image\" \/>\n<meta name=\"twitter:label1\" content=\"Escrito por\" \/>\n\t<meta name=\"twitter:data1\" content=\"ritanery\" \/>\n\t<meta name=\"twitter:label2\" content=\"Est. tempo de leitura\" \/>\n\t<meta name=\"twitter:data2\" content=\"4 minutos\" \/>\n<script type=\"application\/ld+json\" class=\"yoast-schema-graph\">{\"@context\":\"https:\/\/schema.org\",\"@graph\":[{\"@type\":\"Article\",\"@id\":\"https:\/\/radiolifefm.com.br\/noticias\/uma-conta-sem-o-contador\/#article\",\"isPartOf\":{\"@id\":\"https:\/\/radiolifefm.com.br\/noticias\/uma-conta-sem-o-contador\/\"},\"author\":{\"name\":\"ritanery\",\"@id\":\"https:\/\/radiolifefm.com.br\/noticias\/#\/schema\/person\/6339b9fac59d12b071dec680d7375d87\"},\"headline\":\"UMA CONTA SEM O CONTADOR&#8230;\",\"datePublished\":\"2023-01-06T11:06:37+00:00\",\"dateModified\":\"2026-02-23T23:13:46+00:00\",\"mainEntityOfPage\":{\"@id\":\"https:\/\/radiolifefm.com.br\/noticias\/uma-conta-sem-o-contador\/\"},\"wordCount\":621,\"publisher\":{\"@id\":\"https:\/\/radiolifefm.com.br\/noticias\/#organization\"},\"image\":{\"@id\":\"https:\/\/radiolifefm.com.br\/noticias\/uma-conta-sem-o-contador\/#primaryimage\"},\"thumbnailUrl\":\"https:\/\/radiolifefm.com.br\/noticias\/wp-content\/uploads\/2022\/04\/WhatsApp-Image-2022-04-10-at-18.43.02.jpeg\",\"articleSection\":[\"Opini\u00e3o\"],\"inLanguage\":\"pt-BR\"},{\"@type\":\"WebPage\",\"@id\":\"https:\/\/radiolifefm.com.br\/noticias\/uma-conta-sem-o-contador\/\",\"url\":\"https:\/\/radiolifefm.com.br\/noticias\/uma-conta-sem-o-contador\/\",\"name\":\"UMA CONTA SEM O CONTADOR... - R\u00e1dio Life FM\",\"isPartOf\":{\"@id\":\"https:\/\/radiolifefm.com.br\/noticias\/#website\"},\"primaryImageOfPage\":{\"@id\":\"https:\/\/radiolifefm.com.br\/noticias\/uma-conta-sem-o-contador\/#primaryimage\"},\"image\":{\"@id\":\"https:\/\/radiolifefm.com.br\/noticias\/uma-conta-sem-o-contador\/#primaryimage\"},\"thumbnailUrl\":\"https:\/\/radiolifefm.com.br\/noticias\/wp-content\/uploads\/2022\/04\/WhatsApp-Image-2022-04-10-at-18.43.02.jpeg\",\"datePublished\":\"2023-01-06T11:06:37+00:00\",\"dateModified\":\"2026-02-23T23:13:46+00:00\",\"breadcrumb\":{\"@id\":\"https:\/\/radiolifefm.com.br\/noticias\/uma-conta-sem-o-contador\/#breadcrumb\"},\"inLanguage\":\"pt-BR\",\"potentialAction\":[{\"@type\":\"ReadAction\",\"target\":[\"https:\/\/radiolifefm.com.br\/noticias\/uma-conta-sem-o-contador\/\"]}]},{\"@type\":\"ImageObject\",\"inLanguage\":\"pt-BR\",\"@id\":\"https:\/\/radiolifefm.com.br\/noticias\/uma-conta-sem-o-contador\/#primaryimage\",\"url\":\"https:\/\/radiolifefm.com.br\/noticias\/wp-content\/uploads\/2022\/04\/WhatsApp-Image-2022-04-10-at-18.43.02.jpeg\",\"contentUrl\":\"https:\/\/radiolifefm.com.br\/noticias\/wp-content\/uploads\/2022\/04\/WhatsApp-Image-2022-04-10-at-18.43.02.jpeg\",\"width\":972,\"height\":1296,\"caption\":\"S\u00e9rgio Barbosa\"},{\"@type\":\"BreadcrumbList\",\"@id\":\"https:\/\/radiolifefm.com.br\/noticias\/uma-conta-sem-o-contador\/#breadcrumb\",\"itemListElement\":[{\"@type\":\"ListItem\",\"position\":1,\"name\":\"In\u00edcio\",\"item\":\"https:\/\/radiolifefm.com.br\/noticias\/\"},{\"@type\":\"ListItem\",\"position\":2,\"name\":\"UMA CONTA SEM O CONTADOR&#8230;\"}]},{\"@type\":\"WebSite\",\"@id\":\"https:\/\/radiolifefm.com.br\/noticias\/#website\",\"url\":\"https:\/\/radiolifefm.com.br\/noticias\/\",\"name\":\"R\u00e1dio Life FM\",\"description\":\"O Portal de Not\u00edcias de Adamantina\",\"publisher\":{\"@id\":\"https:\/\/radiolifefm.com.br\/noticias\/#organization\"},\"alternateName\":\"Life FM\",\"potentialAction\":[{\"@type\":\"SearchAction\",\"target\":{\"@type\":\"EntryPoint\",\"urlTemplate\":\"https:\/\/radiolifefm.com.br\/noticias\/?s={search_term_string}\"},\"query-input\":{\"@type\":\"PropertyValueSpecification\",\"valueRequired\":true,\"valueName\":\"search_term_string\"}}],\"inLanguage\":\"pt-BR\"},{\"@type\":\"Organization\",\"@id\":\"https:\/\/radiolifefm.com.br\/noticias\/#organization\",\"name\":\"R\u00e1dio Life FM\",\"alternateName\":\"Life FM\",\"url\":\"https:\/\/radiolifefm.com.br\/noticias\/\",\"logo\":{\"@type\":\"ImageObject\",\"inLanguage\":\"pt-BR\",\"@id\":\"https:\/\/radiolifefm.com.br\/noticias\/#\/schema\/logo\/image\/\",\"url\":\"https:\/\/static.radiolifefm.com.br\/noticias\/wp-content\/uploads\/2019\/10\/logo-lifefm.png\",\"contentUrl\":\"https:\/\/static.radiolifefm.com.br\/noticias\/wp-content\/uploads\/2019\/10\/logo-lifefm.png\",\"width\":196,\"height\":47,\"caption\":\"R\u00e1dio Life FM\"},\"image\":{\"@id\":\"https:\/\/radiolifefm.com.br\/noticias\/#\/schema\/logo\/image\/\"},\"sameAs\":[\"https:\/\/www.facebook.com\/radiolifefm\/\",\"https:\/\/www.instagram.com\/life1079fm\/\"]},{\"@type\":\"Person\",\"@id\":\"https:\/\/radiolifefm.com.br\/noticias\/#\/schema\/person\/6339b9fac59d12b071dec680d7375d87\",\"name\":\"ritanery\",\"image\":{\"@type\":\"ImageObject\",\"inLanguage\":\"pt-BR\",\"@id\":\"https:\/\/secure.gravatar.com\/avatar\/0e37bb19071f47c0b8a23f62a903df117c5a0e75f65a0c2901562f97cd41cf86?s=96&d=mm&r=g\",\"url\":\"https:\/\/secure.gravatar.com\/avatar\/0e37bb19071f47c0b8a23f62a903df117c5a0e75f65a0c2901562f97cd41cf86?s=96&d=mm&r=g\",\"contentUrl\":\"https:\/\/secure.gravatar.com\/avatar\/0e37bb19071f47c0b8a23f62a903df117c5a0e75f65a0c2901562f97cd41cf86?s=96&d=mm&r=g\",\"caption\":\"ritanery\"}}]}<\/script>\n<!-- \/ Yoast SEO plugin. -->","yoast_head_json":{"title":"UMA CONTA SEM O CONTADOR... - R\u00e1dio Life FM","robots":{"index":"index","follow":"follow","max-snippet":"max-snippet:-1","max-image-preview":"max-image-preview:large","max-video-preview":"max-video-preview:-1"},"canonical":"https:\/\/radiolifefm.com.br\/noticias\/uma-conta-sem-o-contador\/","og_locale":"pt_BR","og_type":"article","og_title":"UMA CONTA SEM O CONTADOR... - R\u00e1dio Life FM","og_description":"&nbsp; \u00a0\u201cPau que nasce torto morre torno\u201d (dito popular) S\u00e9rgio Barbosa (*) &nbsp; As perguntas, quase sempre, s\u00e3o as mesmas para isto ou aquilo quando se brinca com as palavras em tempo de p\u00f3s-globaliza\u00e7\u00e3o, portanto, quero mais \u00e9 estar nesta brincadeira de fazer de conta neste cen\u00e1rio provinciano, afinal, \u00e9 preciso saber fazer a arte [&hellip;]","og_url":"https:\/\/radiolifefm.com.br\/noticias\/uma-conta-sem-o-contador\/","og_site_name":"R\u00e1dio Life FM","article_publisher":"https:\/\/www.facebook.com\/radiolifefm\/","article_published_time":"2023-01-06T11:06:37+00:00","article_modified_time":"2026-02-23T23:13:46+00:00","og_image":[{"width":972,"height":1296,"url":"https:\/\/radiolifefm.com.br\/noticias\/wp-content\/uploads\/2022\/04\/WhatsApp-Image-2022-04-10-at-18.43.02.jpeg","type":"image\/jpeg"}],"author":"ritanery","twitter_card":"summary_large_image","twitter_misc":{"Escrito por":"ritanery","Est. tempo de leitura":"4 minutos"},"schema":{"@context":"https:\/\/schema.org","@graph":[{"@type":"Article","@id":"https:\/\/radiolifefm.com.br\/noticias\/uma-conta-sem-o-contador\/#article","isPartOf":{"@id":"https:\/\/radiolifefm.com.br\/noticias\/uma-conta-sem-o-contador\/"},"author":{"name":"ritanery","@id":"https:\/\/radiolifefm.com.br\/noticias\/#\/schema\/person\/6339b9fac59d12b071dec680d7375d87"},"headline":"UMA CONTA SEM O CONTADOR&#8230;","datePublished":"2023-01-06T11:06:37+00:00","dateModified":"2026-02-23T23:13:46+00:00","mainEntityOfPage":{"@id":"https:\/\/radiolifefm.com.br\/noticias\/uma-conta-sem-o-contador\/"},"wordCount":621,"publisher":{"@id":"https:\/\/radiolifefm.com.br\/noticias\/#organization"},"image":{"@id":"https:\/\/radiolifefm.com.br\/noticias\/uma-conta-sem-o-contador\/#primaryimage"},"thumbnailUrl":"https:\/\/radiolifefm.com.br\/noticias\/wp-content\/uploads\/2022\/04\/WhatsApp-Image-2022-04-10-at-18.43.02.jpeg","articleSection":["Opini\u00e3o"],"inLanguage":"pt-BR"},{"@type":"WebPage","@id":"https:\/\/radiolifefm.com.br\/noticias\/uma-conta-sem-o-contador\/","url":"https:\/\/radiolifefm.com.br\/noticias\/uma-conta-sem-o-contador\/","name":"UMA CONTA SEM O CONTADOR... - R\u00e1dio Life FM","isPartOf":{"@id":"https:\/\/radiolifefm.com.br\/noticias\/#website"},"primaryImageOfPage":{"@id":"https:\/\/radiolifefm.com.br\/noticias\/uma-conta-sem-o-contador\/#primaryimage"},"image":{"@id":"https:\/\/radiolifefm.com.br\/noticias\/uma-conta-sem-o-contador\/#primaryimage"},"thumbnailUrl":"https:\/\/radiolifefm.com.br\/noticias\/wp-content\/uploads\/2022\/04\/WhatsApp-Image-2022-04-10-at-18.43.02.jpeg","datePublished":"2023-01-06T11:06:37+00:00","dateModified":"2026-02-23T23:13:46+00:00","breadcrumb":{"@id":"https:\/\/radiolifefm.com.br\/noticias\/uma-conta-sem-o-contador\/#breadcrumb"},"inLanguage":"pt-BR","potentialAction":[{"@type":"ReadAction","target":["https:\/\/radiolifefm.com.br\/noticias\/uma-conta-sem-o-contador\/"]}]},{"@type":"ImageObject","inLanguage":"pt-BR","@id":"https:\/\/radiolifefm.com.br\/noticias\/uma-conta-sem-o-contador\/#primaryimage","url":"https:\/\/radiolifefm.com.br\/noticias\/wp-content\/uploads\/2022\/04\/WhatsApp-Image-2022-04-10-at-18.43.02.jpeg","contentUrl":"https:\/\/radiolifefm.com.br\/noticias\/wp-content\/uploads\/2022\/04\/WhatsApp-Image-2022-04-10-at-18.43.02.jpeg","width":972,"height":1296,"caption":"S\u00e9rgio Barbosa"},{"@type":"BreadcrumbList","@id":"https:\/\/radiolifefm.com.br\/noticias\/uma-conta-sem-o-contador\/#breadcrumb","itemListElement":[{"@type":"ListItem","position":1,"name":"In\u00edcio","item":"https:\/\/radiolifefm.com.br\/noticias\/"},{"@type":"ListItem","position":2,"name":"UMA CONTA SEM O CONTADOR&#8230;"}]},{"@type":"WebSite","@id":"https:\/\/radiolifefm.com.br\/noticias\/#website","url":"https:\/\/radiolifefm.com.br\/noticias\/","name":"R\u00e1dio Life FM","description":"O Portal de Not\u00edcias de Adamantina","publisher":{"@id":"https:\/\/radiolifefm.com.br\/noticias\/#organization"},"alternateName":"Life FM","potentialAction":[{"@type":"SearchAction","target":{"@type":"EntryPoint","urlTemplate":"https:\/\/radiolifefm.com.br\/noticias\/?s={search_term_string}"},"query-input":{"@type":"PropertyValueSpecification","valueRequired":true,"valueName":"search_term_string"}}],"inLanguage":"pt-BR"},{"@type":"Organization","@id":"https:\/\/radiolifefm.com.br\/noticias\/#organization","name":"R\u00e1dio Life FM","alternateName":"Life FM","url":"https:\/\/radiolifefm.com.br\/noticias\/","logo":{"@type":"ImageObject","inLanguage":"pt-BR","@id":"https:\/\/radiolifefm.com.br\/noticias\/#\/schema\/logo\/image\/","url":"https:\/\/static.radiolifefm.com.br\/noticias\/wp-content\/uploads\/2019\/10\/logo-lifefm.png","contentUrl":"https:\/\/static.radiolifefm.com.br\/noticias\/wp-content\/uploads\/2019\/10\/logo-lifefm.png","width":196,"height":47,"caption":"R\u00e1dio Life FM"},"image":{"@id":"https:\/\/radiolifefm.com.br\/noticias\/#\/schema\/logo\/image\/"},"sameAs":["https:\/\/www.facebook.com\/radiolifefm\/","https:\/\/www.instagram.com\/life1079fm\/"]},{"@type":"Person","@id":"https:\/\/radiolifefm.com.br\/noticias\/#\/schema\/person\/6339b9fac59d12b071dec680d7375d87","name":"ritanery","image":{"@type":"ImageObject","inLanguage":"pt-BR","@id":"https:\/\/secure.gravatar.com\/avatar\/0e37bb19071f47c0b8a23f62a903df117c5a0e75f65a0c2901562f97cd41cf86?s=96&d=mm&r=g","url":"https:\/\/secure.gravatar.com\/avatar\/0e37bb19071f47c0b8a23f62a903df117c5a0e75f65a0c2901562f97cd41cf86?s=96&d=mm&r=g","contentUrl":"https:\/\/secure.gravatar.com\/avatar\/0e37bb19071f47c0b8a23f62a903df117c5a0e75f65a0c2901562f97cd41cf86?s=96&d=mm&r=g","caption":"ritanery"}}]}},"amp_enabled":true,"_links":{"self":[{"href":"https:\/\/radiolifefm.com.br\/noticias\/wp-json\/wp\/v2\/posts\/63282","targetHints":{"allow":["GET"]}}],"collection":[{"href":"https:\/\/radiolifefm.com.br\/noticias\/wp-json\/wp\/v2\/posts"}],"about":[{"href":"https:\/\/radiolifefm.com.br\/noticias\/wp-json\/wp\/v2\/types\/post"}],"author":[{"embeddable":true,"href":"https:\/\/radiolifefm.com.br\/noticias\/wp-json\/wp\/v2\/users\/13"}],"replies":[{"embeddable":true,"href":"https:\/\/radiolifefm.com.br\/noticias\/wp-json\/wp\/v2\/comments?post=63282"}],"version-history":[{"count":1,"href":"https:\/\/radiolifefm.com.br\/noticias\/wp-json\/wp\/v2\/posts\/63282\/revisions"}],"predecessor-version":[{"id":63283,"href":"https:\/\/radiolifefm.com.br\/noticias\/wp-json\/wp\/v2\/posts\/63282\/revisions\/63283"}],"wp:featuredmedia":[{"embeddable":true,"href":"https:\/\/radiolifefm.com.br\/noticias\/wp-json\/wp\/v2\/media\/51988"}],"wp:attachment":[{"href":"https:\/\/radiolifefm.com.br\/noticias\/wp-json\/wp\/v2\/media?parent=63282"}],"wp:term":[{"taxonomy":"category","embeddable":true,"href":"https:\/\/radiolifefm.com.br\/noticias\/wp-json\/wp\/v2\/categories?post=63282"},{"taxonomy":"post_tag","embeddable":true,"href":"https:\/\/radiolifefm.com.br\/noticias\/wp-json\/wp\/v2\/tags?post=63282"}],"curies":[{"name":"wp","href":"https:\/\/api.w.org\/{rel}","templated":true}]}}