{"id":63172,"date":"2023-01-04T07:57:05","date_gmt":"2023-01-04T10:57:05","guid":{"rendered":"https:\/\/radiolifefm.com.br\/noticias\/?p=63172"},"modified":"2026-03-15T20:53:18","modified_gmt":"2026-03-15T23:53:18","slug":"mais-uma-vez-e-sempre-perderam-manes","status":"publish","type":"post","link":"https:\/\/radiolifefm.com.br\/noticias\/mais-uma-vez-e-sempre-perderam-manes\/","title":{"rendered":"Mais uma vez e sempre, PERDERAM MAN\u00c9S!"},"content":{"rendered":"<div id=\"fb-root\"><\/div>\n<p><strong>\u00a0\u201cA mais lament\u00e1vel de todas as perdas \u00e9 a perda do tempo.\u201d (<\/strong><a href=\"https:\/\/www.pensador.com\/autor\/philip_chesterfield\/\"><strong>Philip Chesterfield<\/strong><\/a><strong>)<\/strong><\/p>\n<p><strong>\u00a0<\/strong><\/p>\n<p><strong>S\u00e9rgio Barbosa (*)<\/strong><\/p>\n<p>Torna-se a frase que deve continuar daqui pra frente cada vez mais presente nesta regi\u00e3o denominada de NOVA ALTA PAULISTA, ainda mais com aquela turma da tal DIREITA (sic) e ponto quase final neste TEMPO NOVO TEMPO para o Pa\u00eds&#8230;<\/p>\n<p>Ainda, espera-se que o JUDICI\u00c1RIO FEDERAL possa fazer a sua parte nestes ocasos quanto aos TERRORISTAS em geral, tendo em vista que s\u00e3o MAUS PERDEDORES\/AS buscando o lado do MAL em nome das suas FALSAS cren\u00e7as crist\u00e3s&#8230;<\/p>\n<p>Isso sem deixar de lado que o tal do MITO se mandou de MALA E CUIA pra terra do TIO SAM antes de terminar o seu DESGOVERNO BOZZONARO, portanto, tornou-se um FALSO PERSONAGEM at\u00e9 mesmo para os\/as PATRIOT\u00c1RIOS\/AS&#8230;<\/p>\n<p>Tamb\u00e9m, as famigeradas FAKE NEWS continuam agitando essa cambada de ALOPRADOS\/AS, tendo em vista que muitos, ainda, continuam em frente as UNIDADES MILITARES na espera das tais 72 HORAS com isto e mais aquilo&#8230;<\/p>\n<p>Outra coisa (sic) deste COISO com sua turma de ALUCINADOS\/AS pelas mensagens veiculadas nos grupos do ZAP, isso \u00e9, aqueles que est\u00e3o apenas preocupados em ALIMENTAR tais MENTES MED\u00cdOCRES, bem como, para manterem o esquema de sempre, se poss\u00edvel, com PIX&#8230;<\/p>\n<p>Mas, nada melhor do que um NOVO TEMPO NOVO neste ANO NOVO ANO pra fazer a diferen\u00e7a pra cima de todos\/as, se bem que o tal PIG, ou seja, o PARTIDO DA IMPRENSA GOLPISTA, aquele que trabalhou em parceria com o outro lado no GOLPE de 2.016, continua mais ativo do que nunca com suas NOVAS TEORIAS sobre as DIRETRIZES deste NOVO GOVERNO DEMOCR\u00c1TICO&#8230;<\/p>\n<p>O que a turma dos\/as PATRIOT\u00c1RIOS\/AS n\u00e3o deve esquecer dass 700 MIL V\u00cdTIMAS da PANDEMIA, ainda, todas foram de responsabilidade TOTAL daquele GOVERNO GENOCIDA com seu MINIST\u00c9RIO DE IN\u00daTEIS em todas as \u00e1reas&#8230;<\/p>\n<p>Entretanto, com o retorno das atividades democr\u00e1ticas neste PA\u00cdS, entendo que tais movimenta\u00e7\u00f5es, ou seja, das MENTES MED\u00cdOCRES denominadas de PATRIOT\u00c1RIOS\/AS em n\u00edvel GLOCAL, a saber: do GLOBAL (pa\u00eds) para o LOCAL (Alta Paulista), possam seguir aquilo que o Ministro disse: PERDERAM MAN\u00c9S!!!<\/p>\n<p>Mas, como tudo neste CEN\u00c1RIO atual pode ser aquilo que n\u00e3o \u00e9, tamb\u00e9m, nunca foi e nunca ser\u00e1, pode ser que tais DITOS CUJOS\/AS continuem firmes na ESPERAN\u00c7A das eternas 72 HORAS&#8230;<\/p>\n<p>Al\u00e9m do mais em meio ao tudo de menos com essa CAMBADA DE ALOPRADOS\/AS, fica a recomenda\u00e7\u00e3o para se preparem para voltarem daqui 4 anos para as URNAS ELETR\u00d4NICAS, todavia, N\u00d3S ficamos 6 ANOS na espera da espera com o VAMPIRO (2 anos) e o BOZZONARO (4 anos)&#8230;<\/p>\n<p>FORA PATRIOT\u00c1RIOS\/AS! PERDERAM MAN\u00c9S!<\/p>\n<p>AVE GOVERNO LULA!<\/p>\n<p><strong>______________________________<\/strong><\/p>\n<p><strong>(*) jornalista diplomado.<\/strong><\/p>\n<p><strong>e-mail: <\/strong><a href=\"mailto:barbosa.sebar@gmail.com\"><strong>barbosa.sebar@gmail.com<\/strong><\/a><\/p>\n","protected":false},"excerpt":{"rendered":"<p>\u00a0\u201cA mais lament\u00e1vel de todas as perdas \u00e9 a perda do tempo.\u201d (Philip Chesterfield) \u00a0 S\u00e9rgio Barbosa (*) Torna-se a frase que deve continuar daqui pra frente cada vez mais presente nesta regi\u00e3o denominada de NOVA ALTA PAULISTA, ainda mais com aquela turma da tal DIREITA (sic) e ponto quase final neste TEMPO NOVO TEMPO [&hellip;]<\/p>\n","protected":false},"author":13,"featured_media":51988,"comment_status":"closed","ping_status":"open","sticky":false,"template":"","format":"standard","meta":{"_acf_changed":false,"_exactmetrics_skip_tracking":false,"_exactmetrics_sitenote_active":false,"_exactmetrics_sitenote_note":"","_exactmetrics_sitenote_category":0,"footnotes":""},"categories":[59],"tags":[],"class_list":["post-63172","post","type-post","status-publish","format-standard","has-post-thumbnail","hentry","category-opiniao"],"acf":[],"yoast_head":"<!-- This site is optimized with the Yoast SEO plugin v27.2 - https:\/\/yoast.com\/product\/yoast-seo-wordpress\/ -->\n<title>Mais uma vez e sempre, PERDERAM MAN\u00c9S! - R\u00e1dio Life FM<\/title>\n<meta name=\"robots\" content=\"index, follow, max-snippet:-1, max-image-preview:large, max-video-preview:-1\" \/>\n<link rel=\"canonical\" href=\"https:\/\/radiolifefm.com.br\/noticias\/mais-uma-vez-e-sempre-perderam-manes\/\" \/>\n<meta property=\"og:locale\" content=\"pt_BR\" \/>\n<meta property=\"og:type\" content=\"article\" \/>\n<meta property=\"og:title\" content=\"Mais uma vez e sempre, PERDERAM MAN\u00c9S! - R\u00e1dio Life FM\" \/>\n<meta property=\"og:description\" content=\"\u00a0\u201cA mais lament\u00e1vel de todas as perdas \u00e9 a perda do tempo.\u201d (Philip Chesterfield) \u00a0 S\u00e9rgio Barbosa (*) Torna-se a frase que deve continuar daqui pra frente cada vez mais presente nesta regi\u00e3o denominada de NOVA ALTA PAULISTA, ainda mais com aquela turma da tal DIREITA (sic) e ponto quase final neste TEMPO NOVO TEMPO [&hellip;]\" \/>\n<meta property=\"og:url\" content=\"https:\/\/radiolifefm.com.br\/noticias\/mais-uma-vez-e-sempre-perderam-manes\/\" \/>\n<meta property=\"og:site_name\" content=\"R\u00e1dio Life FM\" \/>\n<meta property=\"article:publisher\" content=\"https:\/\/www.facebook.com\/radiolifefm\/\" \/>\n<meta property=\"article:published_time\" content=\"2023-01-04T10:57:05+00:00\" \/>\n<meta property=\"article:modified_time\" content=\"2026-03-15T23:53:18+00:00\" \/>\n<meta property=\"og:image\" content=\"https:\/\/radiolifefm.com.br\/noticias\/wp-content\/uploads\/2022\/04\/WhatsApp-Image-2022-04-10-at-18.43.02.jpeg\" \/>\n\t<meta property=\"og:image:width\" content=\"972\" \/>\n\t<meta property=\"og:image:height\" content=\"1296\" \/>\n\t<meta property=\"og:image:type\" content=\"image\/jpeg\" \/>\n<meta name=\"author\" content=\"ritanery\" \/>\n<meta name=\"twitter:card\" content=\"summary_large_image\" \/>\n<meta name=\"twitter:label1\" content=\"Escrito por\" \/>\n\t<meta name=\"twitter:data1\" content=\"ritanery\" \/>\n\t<meta name=\"twitter:label2\" content=\"Est. tempo de leitura\" \/>\n\t<meta name=\"twitter:data2\" content=\"3 minutos\" \/>\n<script type=\"application\/ld+json\" class=\"yoast-schema-graph\">{\"@context\":\"https:\/\/schema.org\",\"@graph\":[{\"@type\":\"Article\",\"@id\":\"https:\/\/radiolifefm.com.br\/noticias\/mais-uma-vez-e-sempre-perderam-manes\/#article\",\"isPartOf\":{\"@id\":\"https:\/\/radiolifefm.com.br\/noticias\/mais-uma-vez-e-sempre-perderam-manes\/\"},\"author\":{\"name\":\"ritanery\",\"@id\":\"https:\/\/radiolifefm.com.br\/noticias\/#\/schema\/person\/6339b9fac59d12b071dec680d7375d87\"},\"headline\":\"Mais uma vez e sempre, PERDERAM MAN\u00c9S!\",\"datePublished\":\"2023-01-04T10:57:05+00:00\",\"dateModified\":\"2026-03-15T23:53:18+00:00\",\"mainEntityOfPage\":{\"@id\":\"https:\/\/radiolifefm.com.br\/noticias\/mais-uma-vez-e-sempre-perderam-manes\/\"},\"wordCount\":487,\"publisher\":{\"@id\":\"https:\/\/radiolifefm.com.br\/noticias\/#organization\"},\"image\":{\"@id\":\"https:\/\/radiolifefm.com.br\/noticias\/mais-uma-vez-e-sempre-perderam-manes\/#primaryimage\"},\"thumbnailUrl\":\"https:\/\/radiolifefm.com.br\/noticias\/wp-content\/uploads\/2022\/04\/WhatsApp-Image-2022-04-10-at-18.43.02.jpeg\",\"articleSection\":[\"Opini\u00e3o\"],\"inLanguage\":\"pt-BR\"},{\"@type\":\"WebPage\",\"@id\":\"https:\/\/radiolifefm.com.br\/noticias\/mais-uma-vez-e-sempre-perderam-manes\/\",\"url\":\"https:\/\/radiolifefm.com.br\/noticias\/mais-uma-vez-e-sempre-perderam-manes\/\",\"name\":\"Mais uma vez e sempre, PERDERAM MAN\u00c9S! - R\u00e1dio Life FM\",\"isPartOf\":{\"@id\":\"https:\/\/radiolifefm.com.br\/noticias\/#website\"},\"primaryImageOfPage\":{\"@id\":\"https:\/\/radiolifefm.com.br\/noticias\/mais-uma-vez-e-sempre-perderam-manes\/#primaryimage\"},\"image\":{\"@id\":\"https:\/\/radiolifefm.com.br\/noticias\/mais-uma-vez-e-sempre-perderam-manes\/#primaryimage\"},\"thumbnailUrl\":\"https:\/\/radiolifefm.com.br\/noticias\/wp-content\/uploads\/2022\/04\/WhatsApp-Image-2022-04-10-at-18.43.02.jpeg\",\"datePublished\":\"2023-01-04T10:57:05+00:00\",\"dateModified\":\"2026-03-15T23:53:18+00:00\",\"breadcrumb\":{\"@id\":\"https:\/\/radiolifefm.com.br\/noticias\/mais-uma-vez-e-sempre-perderam-manes\/#breadcrumb\"},\"inLanguage\":\"pt-BR\",\"potentialAction\":[{\"@type\":\"ReadAction\",\"target\":[\"https:\/\/radiolifefm.com.br\/noticias\/mais-uma-vez-e-sempre-perderam-manes\/\"]}]},{\"@type\":\"ImageObject\",\"inLanguage\":\"pt-BR\",\"@id\":\"https:\/\/radiolifefm.com.br\/noticias\/mais-uma-vez-e-sempre-perderam-manes\/#primaryimage\",\"url\":\"https:\/\/radiolifefm.com.br\/noticias\/wp-content\/uploads\/2022\/04\/WhatsApp-Image-2022-04-10-at-18.43.02.jpeg\",\"contentUrl\":\"https:\/\/radiolifefm.com.br\/noticias\/wp-content\/uploads\/2022\/04\/WhatsApp-Image-2022-04-10-at-18.43.02.jpeg\",\"width\":972,\"height\":1296,\"caption\":\"S\u00e9rgio Barbosa\"},{\"@type\":\"BreadcrumbList\",\"@id\":\"https:\/\/radiolifefm.com.br\/noticias\/mais-uma-vez-e-sempre-perderam-manes\/#breadcrumb\",\"itemListElement\":[{\"@type\":\"ListItem\",\"position\":1,\"name\":\"In\u00edcio\",\"item\":\"https:\/\/radiolifefm.com.br\/noticias\/\"},{\"@type\":\"ListItem\",\"position\":2,\"name\":\"Mais uma vez e sempre, PERDERAM MAN\u00c9S!\"}]},{\"@type\":\"WebSite\",\"@id\":\"https:\/\/radiolifefm.com.br\/noticias\/#website\",\"url\":\"https:\/\/radiolifefm.com.br\/noticias\/\",\"name\":\"R\u00e1dio Life FM\",\"description\":\"O Portal de Not\u00edcias de Adamantina\",\"publisher\":{\"@id\":\"https:\/\/radiolifefm.com.br\/noticias\/#organization\"},\"alternateName\":\"Life FM\",\"potentialAction\":[{\"@type\":\"SearchAction\",\"target\":{\"@type\":\"EntryPoint\",\"urlTemplate\":\"https:\/\/radiolifefm.com.br\/noticias\/?s={search_term_string}\"},\"query-input\":{\"@type\":\"PropertyValueSpecification\",\"valueRequired\":true,\"valueName\":\"search_term_string\"}}],\"inLanguage\":\"pt-BR\"},{\"@type\":\"Organization\",\"@id\":\"https:\/\/radiolifefm.com.br\/noticias\/#organization\",\"name\":\"R\u00e1dio Life FM\",\"alternateName\":\"Life FM\",\"url\":\"https:\/\/radiolifefm.com.br\/noticias\/\",\"logo\":{\"@type\":\"ImageObject\",\"inLanguage\":\"pt-BR\",\"@id\":\"https:\/\/radiolifefm.com.br\/noticias\/#\/schema\/logo\/image\/\",\"url\":\"https:\/\/static.radiolifefm.com.br\/noticias\/wp-content\/uploads\/2019\/10\/logo-lifefm.png\",\"contentUrl\":\"https:\/\/static.radiolifefm.com.br\/noticias\/wp-content\/uploads\/2019\/10\/logo-lifefm.png\",\"width\":196,\"height\":47,\"caption\":\"R\u00e1dio Life FM\"},\"image\":{\"@id\":\"https:\/\/radiolifefm.com.br\/noticias\/#\/schema\/logo\/image\/\"},\"sameAs\":[\"https:\/\/www.facebook.com\/radiolifefm\/\",\"https:\/\/www.instagram.com\/life1079fm\/\"]},{\"@type\":\"Person\",\"@id\":\"https:\/\/radiolifefm.com.br\/noticias\/#\/schema\/person\/6339b9fac59d12b071dec680d7375d87\",\"name\":\"ritanery\",\"image\":{\"@type\":\"ImageObject\",\"inLanguage\":\"pt-BR\",\"@id\":\"https:\/\/secure.gravatar.com\/avatar\/0e37bb19071f47c0b8a23f62a903df117c5a0e75f65a0c2901562f97cd41cf86?s=96&d=mm&r=g\",\"url\":\"https:\/\/secure.gravatar.com\/avatar\/0e37bb19071f47c0b8a23f62a903df117c5a0e75f65a0c2901562f97cd41cf86?s=96&d=mm&r=g\",\"contentUrl\":\"https:\/\/secure.gravatar.com\/avatar\/0e37bb19071f47c0b8a23f62a903df117c5a0e75f65a0c2901562f97cd41cf86?s=96&d=mm&r=g\",\"caption\":\"ritanery\"}}]}<\/script>\n<!-- \/ Yoast SEO plugin. -->","yoast_head_json":{"title":"Mais uma vez e sempre, PERDERAM MAN\u00c9S! - R\u00e1dio Life FM","robots":{"index":"index","follow":"follow","max-snippet":"max-snippet:-1","max-image-preview":"max-image-preview:large","max-video-preview":"max-video-preview:-1"},"canonical":"https:\/\/radiolifefm.com.br\/noticias\/mais-uma-vez-e-sempre-perderam-manes\/","og_locale":"pt_BR","og_type":"article","og_title":"Mais uma vez e sempre, PERDERAM MAN\u00c9S! - R\u00e1dio Life FM","og_description":"\u00a0\u201cA mais lament\u00e1vel de todas as perdas \u00e9 a perda do tempo.\u201d (Philip Chesterfield) \u00a0 S\u00e9rgio Barbosa (*) Torna-se a frase que deve continuar daqui pra frente cada vez mais presente nesta regi\u00e3o denominada de NOVA ALTA PAULISTA, ainda mais com aquela turma da tal DIREITA (sic) e ponto quase final neste TEMPO NOVO TEMPO [&hellip;]","og_url":"https:\/\/radiolifefm.com.br\/noticias\/mais-uma-vez-e-sempre-perderam-manes\/","og_site_name":"R\u00e1dio Life FM","article_publisher":"https:\/\/www.facebook.com\/radiolifefm\/","article_published_time":"2023-01-04T10:57:05+00:00","article_modified_time":"2026-03-15T23:53:18+00:00","og_image":[{"width":972,"height":1296,"url":"https:\/\/radiolifefm.com.br\/noticias\/wp-content\/uploads\/2022\/04\/WhatsApp-Image-2022-04-10-at-18.43.02.jpeg","type":"image\/jpeg"}],"author":"ritanery","twitter_card":"summary_large_image","twitter_misc":{"Escrito por":"ritanery","Est. tempo de leitura":"3 minutos"},"schema":{"@context":"https:\/\/schema.org","@graph":[{"@type":"Article","@id":"https:\/\/radiolifefm.com.br\/noticias\/mais-uma-vez-e-sempre-perderam-manes\/#article","isPartOf":{"@id":"https:\/\/radiolifefm.com.br\/noticias\/mais-uma-vez-e-sempre-perderam-manes\/"},"author":{"name":"ritanery","@id":"https:\/\/radiolifefm.com.br\/noticias\/#\/schema\/person\/6339b9fac59d12b071dec680d7375d87"},"headline":"Mais uma vez e sempre, PERDERAM MAN\u00c9S!","datePublished":"2023-01-04T10:57:05+00:00","dateModified":"2026-03-15T23:53:18+00:00","mainEntityOfPage":{"@id":"https:\/\/radiolifefm.com.br\/noticias\/mais-uma-vez-e-sempre-perderam-manes\/"},"wordCount":487,"publisher":{"@id":"https:\/\/radiolifefm.com.br\/noticias\/#organization"},"image":{"@id":"https:\/\/radiolifefm.com.br\/noticias\/mais-uma-vez-e-sempre-perderam-manes\/#primaryimage"},"thumbnailUrl":"https:\/\/radiolifefm.com.br\/noticias\/wp-content\/uploads\/2022\/04\/WhatsApp-Image-2022-04-10-at-18.43.02.jpeg","articleSection":["Opini\u00e3o"],"inLanguage":"pt-BR"},{"@type":"WebPage","@id":"https:\/\/radiolifefm.com.br\/noticias\/mais-uma-vez-e-sempre-perderam-manes\/","url":"https:\/\/radiolifefm.com.br\/noticias\/mais-uma-vez-e-sempre-perderam-manes\/","name":"Mais uma vez e sempre, PERDERAM MAN\u00c9S! - R\u00e1dio Life FM","isPartOf":{"@id":"https:\/\/radiolifefm.com.br\/noticias\/#website"},"primaryImageOfPage":{"@id":"https:\/\/radiolifefm.com.br\/noticias\/mais-uma-vez-e-sempre-perderam-manes\/#primaryimage"},"image":{"@id":"https:\/\/radiolifefm.com.br\/noticias\/mais-uma-vez-e-sempre-perderam-manes\/#primaryimage"},"thumbnailUrl":"https:\/\/radiolifefm.com.br\/noticias\/wp-content\/uploads\/2022\/04\/WhatsApp-Image-2022-04-10-at-18.43.02.jpeg","datePublished":"2023-01-04T10:57:05+00:00","dateModified":"2026-03-15T23:53:18+00:00","breadcrumb":{"@id":"https:\/\/radiolifefm.com.br\/noticias\/mais-uma-vez-e-sempre-perderam-manes\/#breadcrumb"},"inLanguage":"pt-BR","potentialAction":[{"@type":"ReadAction","target":["https:\/\/radiolifefm.com.br\/noticias\/mais-uma-vez-e-sempre-perderam-manes\/"]}]},{"@type":"ImageObject","inLanguage":"pt-BR","@id":"https:\/\/radiolifefm.com.br\/noticias\/mais-uma-vez-e-sempre-perderam-manes\/#primaryimage","url":"https:\/\/radiolifefm.com.br\/noticias\/wp-content\/uploads\/2022\/04\/WhatsApp-Image-2022-04-10-at-18.43.02.jpeg","contentUrl":"https:\/\/radiolifefm.com.br\/noticias\/wp-content\/uploads\/2022\/04\/WhatsApp-Image-2022-04-10-at-18.43.02.jpeg","width":972,"height":1296,"caption":"S\u00e9rgio Barbosa"},{"@type":"BreadcrumbList","@id":"https:\/\/radiolifefm.com.br\/noticias\/mais-uma-vez-e-sempre-perderam-manes\/#breadcrumb","itemListElement":[{"@type":"ListItem","position":1,"name":"In\u00edcio","item":"https:\/\/radiolifefm.com.br\/noticias\/"},{"@type":"ListItem","position":2,"name":"Mais uma vez e sempre, PERDERAM MAN\u00c9S!"}]},{"@type":"WebSite","@id":"https:\/\/radiolifefm.com.br\/noticias\/#website","url":"https:\/\/radiolifefm.com.br\/noticias\/","name":"R\u00e1dio Life FM","description":"O Portal de Not\u00edcias de Adamantina","publisher":{"@id":"https:\/\/radiolifefm.com.br\/noticias\/#organization"},"alternateName":"Life FM","potentialAction":[{"@type":"SearchAction","target":{"@type":"EntryPoint","urlTemplate":"https:\/\/radiolifefm.com.br\/noticias\/?s={search_term_string}"},"query-input":{"@type":"PropertyValueSpecification","valueRequired":true,"valueName":"search_term_string"}}],"inLanguage":"pt-BR"},{"@type":"Organization","@id":"https:\/\/radiolifefm.com.br\/noticias\/#organization","name":"R\u00e1dio Life FM","alternateName":"Life FM","url":"https:\/\/radiolifefm.com.br\/noticias\/","logo":{"@type":"ImageObject","inLanguage":"pt-BR","@id":"https:\/\/radiolifefm.com.br\/noticias\/#\/schema\/logo\/image\/","url":"https:\/\/static.radiolifefm.com.br\/noticias\/wp-content\/uploads\/2019\/10\/logo-lifefm.png","contentUrl":"https:\/\/static.radiolifefm.com.br\/noticias\/wp-content\/uploads\/2019\/10\/logo-lifefm.png","width":196,"height":47,"caption":"R\u00e1dio Life FM"},"image":{"@id":"https:\/\/radiolifefm.com.br\/noticias\/#\/schema\/logo\/image\/"},"sameAs":["https:\/\/www.facebook.com\/radiolifefm\/","https:\/\/www.instagram.com\/life1079fm\/"]},{"@type":"Person","@id":"https:\/\/radiolifefm.com.br\/noticias\/#\/schema\/person\/6339b9fac59d12b071dec680d7375d87","name":"ritanery","image":{"@type":"ImageObject","inLanguage":"pt-BR","@id":"https:\/\/secure.gravatar.com\/avatar\/0e37bb19071f47c0b8a23f62a903df117c5a0e75f65a0c2901562f97cd41cf86?s=96&d=mm&r=g","url":"https:\/\/secure.gravatar.com\/avatar\/0e37bb19071f47c0b8a23f62a903df117c5a0e75f65a0c2901562f97cd41cf86?s=96&d=mm&r=g","contentUrl":"https:\/\/secure.gravatar.com\/avatar\/0e37bb19071f47c0b8a23f62a903df117c5a0e75f65a0c2901562f97cd41cf86?s=96&d=mm&r=g","caption":"ritanery"}}]}},"amp_enabled":true,"_links":{"self":[{"href":"https:\/\/radiolifefm.com.br\/noticias\/wp-json\/wp\/v2\/posts\/63172","targetHints":{"allow":["GET"]}}],"collection":[{"href":"https:\/\/radiolifefm.com.br\/noticias\/wp-json\/wp\/v2\/posts"}],"about":[{"href":"https:\/\/radiolifefm.com.br\/noticias\/wp-json\/wp\/v2\/types\/post"}],"author":[{"embeddable":true,"href":"https:\/\/radiolifefm.com.br\/noticias\/wp-json\/wp\/v2\/users\/13"}],"replies":[{"embeddable":true,"href":"https:\/\/radiolifefm.com.br\/noticias\/wp-json\/wp\/v2\/comments?post=63172"}],"version-history":[{"count":1,"href":"https:\/\/radiolifefm.com.br\/noticias\/wp-json\/wp\/v2\/posts\/63172\/revisions"}],"predecessor-version":[{"id":63173,"href":"https:\/\/radiolifefm.com.br\/noticias\/wp-json\/wp\/v2\/posts\/63172\/revisions\/63173"}],"wp:featuredmedia":[{"embeddable":true,"href":"https:\/\/radiolifefm.com.br\/noticias\/wp-json\/wp\/v2\/media\/51988"}],"wp:attachment":[{"href":"https:\/\/radiolifefm.com.br\/noticias\/wp-json\/wp\/v2\/media?parent=63172"}],"wp:term":[{"taxonomy":"category","embeddable":true,"href":"https:\/\/radiolifefm.com.br\/noticias\/wp-json\/wp\/v2\/categories?post=63172"},{"taxonomy":"post_tag","embeddable":true,"href":"https:\/\/radiolifefm.com.br\/noticias\/wp-json\/wp\/v2\/tags?post=63172"}],"curies":[{"name":"wp","href":"https:\/\/api.w.org\/{rel}","templated":true}]}}