{"id":63087,"date":"2023-01-02T18:05:18","date_gmt":"2023-01-02T21:05:18","guid":{"rendered":"https:\/\/radiolifefm.com.br\/noticias\/?p=63087"},"modified":"2026-02-25T16:02:39","modified_gmt":"2026-02-25T19:02:39","slug":"novo-tempo-novo-para-um-tempo-novo-tempo-nesta-provincia-do-faz-de-conta","status":"publish","type":"post","link":"https:\/\/radiolifefm.com.br\/noticias\/novo-tempo-novo-para-um-tempo-novo-tempo-nesta-provincia-do-faz-de-conta\/","title":{"rendered":"Novo TEMPO novo para um TEMPO novo tempo nesta PROV\u00cdNCIA DO FAZ DE CONTA&#8230;"},"content":{"rendered":"<div id=\"fb-root\"><\/div>\n<p><strong><em>\u00a0\u201cNa noite da virada existe a oportunidade de recome\u00e7ar, mesmo que seja apenas um novo ano. Na manh\u00e3 do dia seguinte, o Sol surgir\u00e1 e com ele a esperan\u00e7a de que por mais escura que seja a noite um dia ela acaba para dar lugar \u00e0 luz.\u201d (<\/em><\/strong><a href=\"https:\/\/www.pensador.com\/autor\/luis_alves\/\"><strong><em>Lu\u00eds Alves<\/em><\/strong><\/a><strong><em>)<\/em><\/strong><\/p>\n<p><strong><em>\u00a0<\/em><\/strong><\/p>\n<p><strong>S\u00e9rgio Barbosa (*)<\/strong><\/p>\n<p>Depois de 6 anos de RETROCESSO em todas as \u00e1reas deste PA\u00cdS DO FAZ DE CONTA, assumiu a partir do dia 1 de janeiro de 2.023, o NOVO GOVERNO escolhido pelo processo DEMOCR\u00c1TICO, todavia, TODO CUIDADO \u00c9 POUCO com as denominadas e famigeradas MENTES MED\u00cdOCRES&#8230;<\/p>\n<p>Al\u00e9m do mais em meio ao tudo de menos, o INTERIOR PAULISTA votou do lado deste, ainda, DESGOVERNO BOZZONARO, o GENOCIDA com apoio dos seus MILICIANOS&#8230;<\/p>\n<p>Tal ESCOLHA \u00e9 mais do que LAMENT\u00c1VEL, tendo em vista as milhares de MORTES nos anos de PANDEMIA neste PA\u00cdS DO FAZ DE CONTA, por\u00e9m, pelos votos que o COISO recebeu dos\/as eleitores\/as em n\u00edvel regional, ficou evidente que tal escolha n\u00e3o levou em conta as MORTES que ocorreram na PANDEMIA em n\u00edvel GLOCAL, ou seja, do GLOBAL para o LOCAL&#8230;<\/p>\n<p>Mas, ainda, depois do resultado do segundo turno, sobraram os\/as PATRIOT\u00c1RIOS\/AS, isso mesmo, aqueles\/as que est\u00e3o acampados na frente as UNIDADES MILITARES, ainda, com suas CAMISETAS AMARELAS, FAIXAS IDIOTAS e outras fantasias patrocinadas pela MEDIOCRIDADE dos FAKE NEWS em terras PROVINCIANAS&#8230;<\/p>\n<p>Tais ATOS ser\u00e3o PENALIZADOS pelo NOVO GOVERNO de um jeito ou de outro, bem como, pelas diversas a\u00e7\u00f5es que est\u00e3o ocorrendo com a chancela do STF, talvez seja necess\u00e1rio explicar o significado desta SIGLA (STF), por\u00e9m, entendo que \u00e9 melhor ficar assim, afinal de contas, CADA LOUCO\/A COM SUAS ESCOLHAS neste TEMPO NOVO TEMPO que se aproxima para um NOVO TEMPO NOVO nesta PROV\u00cdNCIA DO FAZ DE CONTA&#8230;<\/p>\n<p>Outra coisa (sic), PERDERAM MAN\u00c9S!<\/p>\n<p>Neste contexto, VOC\u00ca que continua a\u00ed do outro lado, ou seja, QUERENDO GOLPE disto ou daquilo, desconhece o que foram os denominados ANOS DE CHUMBO depois do GOLPE MILITAR que ocorreu no dia 31 de mar\u00e7o de 1.964&#8230;<\/p>\n<p>Entretanto, para tentar entender o que foram as d\u00e9cadas seguintes neste PA\u00cdS DO FAZ DE CONTA, faz-se necess\u00e1rio estar em conex\u00e3o com os FATOS HIST\u00d3RICOS, por\u00e9m, n\u00e3o se pode esperar que tais MENTES MED\u00cdOCRES fa\u00e7am tais pesquisas e assim por diante&#8230;<\/p>\n<p>O mais interessante nestes ocasos de um talvez, est\u00e1 mais ou menos de acordo com a ESPERAN\u00c7A de um NOVO TEMPO NOVO para todos e todas PROVINCIANOS\/AS&#8230;<\/p>\n<p>Desde o GOLPE de 2.016 com a posse (sic) do VAMPIRO, depois, a elei\u00e7\u00e3o e escolha democr\u00e1tica do GENOCIDA com o seu DESGOVERNO BOZZONARO, sempre que poss\u00edvel nos ARTIGOS OPINATIVOS, estava o registro, a saber: EU AVISEI&#8230; O COISO&#8230; ELLE N\u00c3O&#8230;<\/p>\n<p>Ainda, parece que existem alguns DESENCONTROS patrocinados em terras PROVINCIANAS com ares NEO-NAZISTAS, assim, espera-se que a JUSTI\u00c7A possa estar atenta a tal movimenta\u00e7\u00e3o escolar, ainda, de um jeito ou de outro&#8230;<\/p>\n<p>Agora, mais do que nunca, PERDERAM MAN\u00c9S!<\/p>\n<p>QUEM SOBREVIVER VAI SABER!<\/p>\n<p><em>___________________________<\/em><\/p>\n<p><em>(*) jornalista diplomado.<\/em><\/p>\n<p><em>e-mail: <\/em><a href=\"mailto:barbosa.sebar@gmail.com\"><em>barbosa.sebar@gmail.com<\/em><\/a><\/p>\n<p><em>\u00a0<\/em><\/p>\n<p>&nbsp;<\/p>\n","protected":false},"excerpt":{"rendered":"<p>\u00a0\u201cNa noite da virada existe a oportunidade de recome\u00e7ar, mesmo que seja apenas um novo ano. Na manh\u00e3 do dia seguinte, o Sol surgir\u00e1 e com ele a esperan\u00e7a de que por mais escura que seja a noite um dia ela acaba para dar lugar \u00e0 luz.\u201d (Lu\u00eds Alves) \u00a0 S\u00e9rgio Barbosa (*) Depois de [&hellip;]<\/p>\n","protected":false},"author":13,"featured_media":51988,"comment_status":"closed","ping_status":"open","sticky":false,"template":"","format":"standard","meta":{"_acf_changed":false,"_exactmetrics_skip_tracking":false,"_exactmetrics_sitenote_active":false,"_exactmetrics_sitenote_note":"","_exactmetrics_sitenote_category":0,"footnotes":""},"categories":[59],"tags":[],"class_list":["post-63087","post","type-post","status-publish","format-standard","has-post-thumbnail","hentry","category-opiniao"],"acf":[],"yoast_head":"<!-- This site is optimized with the Yoast SEO plugin v27.2 - https:\/\/yoast.com\/product\/yoast-seo-wordpress\/ -->\n<title>Novo TEMPO novo para um TEMPO novo tempo nesta PROV\u00cdNCIA DO FAZ DE CONTA... - R\u00e1dio Life FM<\/title>\n<meta name=\"robots\" content=\"index, follow, max-snippet:-1, max-image-preview:large, max-video-preview:-1\" \/>\n<link rel=\"canonical\" href=\"https:\/\/radiolifefm.com.br\/noticias\/novo-tempo-novo-para-um-tempo-novo-tempo-nesta-provincia-do-faz-de-conta\/\" \/>\n<meta property=\"og:locale\" content=\"pt_BR\" \/>\n<meta property=\"og:type\" content=\"article\" \/>\n<meta property=\"og:title\" content=\"Novo TEMPO novo para um TEMPO novo tempo nesta PROV\u00cdNCIA DO FAZ DE CONTA... - R\u00e1dio Life FM\" \/>\n<meta property=\"og:description\" content=\"\u00a0\u201cNa noite da virada existe a oportunidade de recome\u00e7ar, mesmo que seja apenas um novo ano. Na manh\u00e3 do dia seguinte, o Sol surgir\u00e1 e com ele a esperan\u00e7a de que por mais escura que seja a noite um dia ela acaba para dar lugar \u00e0 luz.\u201d (Lu\u00eds Alves) \u00a0 S\u00e9rgio Barbosa (*) Depois de [&hellip;]\" \/>\n<meta property=\"og:url\" content=\"https:\/\/radiolifefm.com.br\/noticias\/novo-tempo-novo-para-um-tempo-novo-tempo-nesta-provincia-do-faz-de-conta\/\" \/>\n<meta property=\"og:site_name\" content=\"R\u00e1dio Life FM\" \/>\n<meta property=\"article:publisher\" content=\"https:\/\/www.facebook.com\/radiolifefm\/\" \/>\n<meta property=\"article:published_time\" content=\"2023-01-02T21:05:18+00:00\" \/>\n<meta property=\"article:modified_time\" content=\"2026-02-25T19:02:39+00:00\" \/>\n<meta property=\"og:image\" content=\"https:\/\/radiolifefm.com.br\/noticias\/wp-content\/uploads\/2022\/04\/WhatsApp-Image-2022-04-10-at-18.43.02.jpeg\" \/>\n\t<meta property=\"og:image:width\" content=\"972\" \/>\n\t<meta property=\"og:image:height\" content=\"1296\" \/>\n\t<meta property=\"og:image:type\" content=\"image\/jpeg\" \/>\n<meta name=\"author\" content=\"ritanery\" \/>\n<meta name=\"twitter:card\" content=\"summary_large_image\" \/>\n<meta name=\"twitter:label1\" content=\"Escrito por\" \/>\n\t<meta name=\"twitter:data1\" content=\"ritanery\" \/>\n\t<meta name=\"twitter:label2\" content=\"Est. tempo de leitura\" \/>\n\t<meta name=\"twitter:data2\" content=\"3 minutos\" \/>\n<script type=\"application\/ld+json\" class=\"yoast-schema-graph\">{\"@context\":\"https:\/\/schema.org\",\"@graph\":[{\"@type\":\"Article\",\"@id\":\"https:\/\/radiolifefm.com.br\/noticias\/novo-tempo-novo-para-um-tempo-novo-tempo-nesta-provincia-do-faz-de-conta\/#article\",\"isPartOf\":{\"@id\":\"https:\/\/radiolifefm.com.br\/noticias\/novo-tempo-novo-para-um-tempo-novo-tempo-nesta-provincia-do-faz-de-conta\/\"},\"author\":{\"name\":\"ritanery\",\"@id\":\"https:\/\/radiolifefm.com.br\/noticias\/#\/schema\/person\/6339b9fac59d12b071dec680d7375d87\"},\"headline\":\"Novo TEMPO novo para um TEMPO novo tempo nesta PROV\u00cdNCIA DO FAZ DE CONTA&#8230;\",\"datePublished\":\"2023-01-02T21:05:18+00:00\",\"dateModified\":\"2026-02-25T19:02:39+00:00\",\"mainEntityOfPage\":{\"@id\":\"https:\/\/radiolifefm.com.br\/noticias\/novo-tempo-novo-para-um-tempo-novo-tempo-nesta-provincia-do-faz-de-conta\/\"},\"wordCount\":548,\"publisher\":{\"@id\":\"https:\/\/radiolifefm.com.br\/noticias\/#organization\"},\"image\":{\"@id\":\"https:\/\/radiolifefm.com.br\/noticias\/novo-tempo-novo-para-um-tempo-novo-tempo-nesta-provincia-do-faz-de-conta\/#primaryimage\"},\"thumbnailUrl\":\"https:\/\/radiolifefm.com.br\/noticias\/wp-content\/uploads\/2022\/04\/WhatsApp-Image-2022-04-10-at-18.43.02.jpeg\",\"articleSection\":[\"Opini\u00e3o\"],\"inLanguage\":\"pt-BR\"},{\"@type\":\"WebPage\",\"@id\":\"https:\/\/radiolifefm.com.br\/noticias\/novo-tempo-novo-para-um-tempo-novo-tempo-nesta-provincia-do-faz-de-conta\/\",\"url\":\"https:\/\/radiolifefm.com.br\/noticias\/novo-tempo-novo-para-um-tempo-novo-tempo-nesta-provincia-do-faz-de-conta\/\",\"name\":\"Novo TEMPO novo para um TEMPO novo tempo nesta PROV\u00cdNCIA DO FAZ DE CONTA... - R\u00e1dio Life FM\",\"isPartOf\":{\"@id\":\"https:\/\/radiolifefm.com.br\/noticias\/#website\"},\"primaryImageOfPage\":{\"@id\":\"https:\/\/radiolifefm.com.br\/noticias\/novo-tempo-novo-para-um-tempo-novo-tempo-nesta-provincia-do-faz-de-conta\/#primaryimage\"},\"image\":{\"@id\":\"https:\/\/radiolifefm.com.br\/noticias\/novo-tempo-novo-para-um-tempo-novo-tempo-nesta-provincia-do-faz-de-conta\/#primaryimage\"},\"thumbnailUrl\":\"https:\/\/radiolifefm.com.br\/noticias\/wp-content\/uploads\/2022\/04\/WhatsApp-Image-2022-04-10-at-18.43.02.jpeg\",\"datePublished\":\"2023-01-02T21:05:18+00:00\",\"dateModified\":\"2026-02-25T19:02:39+00:00\",\"breadcrumb\":{\"@id\":\"https:\/\/radiolifefm.com.br\/noticias\/novo-tempo-novo-para-um-tempo-novo-tempo-nesta-provincia-do-faz-de-conta\/#breadcrumb\"},\"inLanguage\":\"pt-BR\",\"potentialAction\":[{\"@type\":\"ReadAction\",\"target\":[\"https:\/\/radiolifefm.com.br\/noticias\/novo-tempo-novo-para-um-tempo-novo-tempo-nesta-provincia-do-faz-de-conta\/\"]}]},{\"@type\":\"ImageObject\",\"inLanguage\":\"pt-BR\",\"@id\":\"https:\/\/radiolifefm.com.br\/noticias\/novo-tempo-novo-para-um-tempo-novo-tempo-nesta-provincia-do-faz-de-conta\/#primaryimage\",\"url\":\"https:\/\/radiolifefm.com.br\/noticias\/wp-content\/uploads\/2022\/04\/WhatsApp-Image-2022-04-10-at-18.43.02.jpeg\",\"contentUrl\":\"https:\/\/radiolifefm.com.br\/noticias\/wp-content\/uploads\/2022\/04\/WhatsApp-Image-2022-04-10-at-18.43.02.jpeg\",\"width\":972,\"height\":1296,\"caption\":\"S\u00e9rgio Barbosa\"},{\"@type\":\"BreadcrumbList\",\"@id\":\"https:\/\/radiolifefm.com.br\/noticias\/novo-tempo-novo-para-um-tempo-novo-tempo-nesta-provincia-do-faz-de-conta\/#breadcrumb\",\"itemListElement\":[{\"@type\":\"ListItem\",\"position\":1,\"name\":\"In\u00edcio\",\"item\":\"https:\/\/radiolifefm.com.br\/noticias\/\"},{\"@type\":\"ListItem\",\"position\":2,\"name\":\"Novo TEMPO novo para um TEMPO novo tempo nesta PROV\u00cdNCIA DO FAZ DE CONTA&#8230;\"}]},{\"@type\":\"WebSite\",\"@id\":\"https:\/\/radiolifefm.com.br\/noticias\/#website\",\"url\":\"https:\/\/radiolifefm.com.br\/noticias\/\",\"name\":\"R\u00e1dio Life FM\",\"description\":\"O Portal de Not\u00edcias de Adamantina\",\"publisher\":{\"@id\":\"https:\/\/radiolifefm.com.br\/noticias\/#organization\"},\"alternateName\":\"Life FM\",\"potentialAction\":[{\"@type\":\"SearchAction\",\"target\":{\"@type\":\"EntryPoint\",\"urlTemplate\":\"https:\/\/radiolifefm.com.br\/noticias\/?s={search_term_string}\"},\"query-input\":{\"@type\":\"PropertyValueSpecification\",\"valueRequired\":true,\"valueName\":\"search_term_string\"}}],\"inLanguage\":\"pt-BR\"},{\"@type\":\"Organization\",\"@id\":\"https:\/\/radiolifefm.com.br\/noticias\/#organization\",\"name\":\"R\u00e1dio Life FM\",\"alternateName\":\"Life FM\",\"url\":\"https:\/\/radiolifefm.com.br\/noticias\/\",\"logo\":{\"@type\":\"ImageObject\",\"inLanguage\":\"pt-BR\",\"@id\":\"https:\/\/radiolifefm.com.br\/noticias\/#\/schema\/logo\/image\/\",\"url\":\"https:\/\/static.radiolifefm.com.br\/noticias\/wp-content\/uploads\/2019\/10\/logo-lifefm.png\",\"contentUrl\":\"https:\/\/static.radiolifefm.com.br\/noticias\/wp-content\/uploads\/2019\/10\/logo-lifefm.png\",\"width\":196,\"height\":47,\"caption\":\"R\u00e1dio Life FM\"},\"image\":{\"@id\":\"https:\/\/radiolifefm.com.br\/noticias\/#\/schema\/logo\/image\/\"},\"sameAs\":[\"https:\/\/www.facebook.com\/radiolifefm\/\",\"https:\/\/www.instagram.com\/life1079fm\/\"]},{\"@type\":\"Person\",\"@id\":\"https:\/\/radiolifefm.com.br\/noticias\/#\/schema\/person\/6339b9fac59d12b071dec680d7375d87\",\"name\":\"ritanery\",\"image\":{\"@type\":\"ImageObject\",\"inLanguage\":\"pt-BR\",\"@id\":\"https:\/\/secure.gravatar.com\/avatar\/0e37bb19071f47c0b8a23f62a903df117c5a0e75f65a0c2901562f97cd41cf86?s=96&d=mm&r=g\",\"url\":\"https:\/\/secure.gravatar.com\/avatar\/0e37bb19071f47c0b8a23f62a903df117c5a0e75f65a0c2901562f97cd41cf86?s=96&d=mm&r=g\",\"contentUrl\":\"https:\/\/secure.gravatar.com\/avatar\/0e37bb19071f47c0b8a23f62a903df117c5a0e75f65a0c2901562f97cd41cf86?s=96&d=mm&r=g\",\"caption\":\"ritanery\"}}]}<\/script>\n<!-- \/ Yoast SEO plugin. -->","yoast_head_json":{"title":"Novo TEMPO novo para um TEMPO novo tempo nesta PROV\u00cdNCIA DO FAZ DE CONTA... - R\u00e1dio Life FM","robots":{"index":"index","follow":"follow","max-snippet":"max-snippet:-1","max-image-preview":"max-image-preview:large","max-video-preview":"max-video-preview:-1"},"canonical":"https:\/\/radiolifefm.com.br\/noticias\/novo-tempo-novo-para-um-tempo-novo-tempo-nesta-provincia-do-faz-de-conta\/","og_locale":"pt_BR","og_type":"article","og_title":"Novo TEMPO novo para um TEMPO novo tempo nesta PROV\u00cdNCIA DO FAZ DE CONTA... - R\u00e1dio Life FM","og_description":"\u00a0\u201cNa noite da virada existe a oportunidade de recome\u00e7ar, mesmo que seja apenas um novo ano. Na manh\u00e3 do dia seguinte, o Sol surgir\u00e1 e com ele a esperan\u00e7a de que por mais escura que seja a noite um dia ela acaba para dar lugar \u00e0 luz.\u201d (Lu\u00eds Alves) \u00a0 S\u00e9rgio Barbosa (*) Depois de [&hellip;]","og_url":"https:\/\/radiolifefm.com.br\/noticias\/novo-tempo-novo-para-um-tempo-novo-tempo-nesta-provincia-do-faz-de-conta\/","og_site_name":"R\u00e1dio Life FM","article_publisher":"https:\/\/www.facebook.com\/radiolifefm\/","article_published_time":"2023-01-02T21:05:18+00:00","article_modified_time":"2026-02-25T19:02:39+00:00","og_image":[{"width":972,"height":1296,"url":"https:\/\/radiolifefm.com.br\/noticias\/wp-content\/uploads\/2022\/04\/WhatsApp-Image-2022-04-10-at-18.43.02.jpeg","type":"image\/jpeg"}],"author":"ritanery","twitter_card":"summary_large_image","twitter_misc":{"Escrito por":"ritanery","Est. tempo de leitura":"3 minutos"},"schema":{"@context":"https:\/\/schema.org","@graph":[{"@type":"Article","@id":"https:\/\/radiolifefm.com.br\/noticias\/novo-tempo-novo-para-um-tempo-novo-tempo-nesta-provincia-do-faz-de-conta\/#article","isPartOf":{"@id":"https:\/\/radiolifefm.com.br\/noticias\/novo-tempo-novo-para-um-tempo-novo-tempo-nesta-provincia-do-faz-de-conta\/"},"author":{"name":"ritanery","@id":"https:\/\/radiolifefm.com.br\/noticias\/#\/schema\/person\/6339b9fac59d12b071dec680d7375d87"},"headline":"Novo TEMPO novo para um TEMPO novo tempo nesta PROV\u00cdNCIA DO FAZ DE CONTA&#8230;","datePublished":"2023-01-02T21:05:18+00:00","dateModified":"2026-02-25T19:02:39+00:00","mainEntityOfPage":{"@id":"https:\/\/radiolifefm.com.br\/noticias\/novo-tempo-novo-para-um-tempo-novo-tempo-nesta-provincia-do-faz-de-conta\/"},"wordCount":548,"publisher":{"@id":"https:\/\/radiolifefm.com.br\/noticias\/#organization"},"image":{"@id":"https:\/\/radiolifefm.com.br\/noticias\/novo-tempo-novo-para-um-tempo-novo-tempo-nesta-provincia-do-faz-de-conta\/#primaryimage"},"thumbnailUrl":"https:\/\/radiolifefm.com.br\/noticias\/wp-content\/uploads\/2022\/04\/WhatsApp-Image-2022-04-10-at-18.43.02.jpeg","articleSection":["Opini\u00e3o"],"inLanguage":"pt-BR"},{"@type":"WebPage","@id":"https:\/\/radiolifefm.com.br\/noticias\/novo-tempo-novo-para-um-tempo-novo-tempo-nesta-provincia-do-faz-de-conta\/","url":"https:\/\/radiolifefm.com.br\/noticias\/novo-tempo-novo-para-um-tempo-novo-tempo-nesta-provincia-do-faz-de-conta\/","name":"Novo TEMPO novo para um TEMPO novo tempo nesta PROV\u00cdNCIA DO FAZ DE CONTA... - R\u00e1dio Life FM","isPartOf":{"@id":"https:\/\/radiolifefm.com.br\/noticias\/#website"},"primaryImageOfPage":{"@id":"https:\/\/radiolifefm.com.br\/noticias\/novo-tempo-novo-para-um-tempo-novo-tempo-nesta-provincia-do-faz-de-conta\/#primaryimage"},"image":{"@id":"https:\/\/radiolifefm.com.br\/noticias\/novo-tempo-novo-para-um-tempo-novo-tempo-nesta-provincia-do-faz-de-conta\/#primaryimage"},"thumbnailUrl":"https:\/\/radiolifefm.com.br\/noticias\/wp-content\/uploads\/2022\/04\/WhatsApp-Image-2022-04-10-at-18.43.02.jpeg","datePublished":"2023-01-02T21:05:18+00:00","dateModified":"2026-02-25T19:02:39+00:00","breadcrumb":{"@id":"https:\/\/radiolifefm.com.br\/noticias\/novo-tempo-novo-para-um-tempo-novo-tempo-nesta-provincia-do-faz-de-conta\/#breadcrumb"},"inLanguage":"pt-BR","potentialAction":[{"@type":"ReadAction","target":["https:\/\/radiolifefm.com.br\/noticias\/novo-tempo-novo-para-um-tempo-novo-tempo-nesta-provincia-do-faz-de-conta\/"]}]},{"@type":"ImageObject","inLanguage":"pt-BR","@id":"https:\/\/radiolifefm.com.br\/noticias\/novo-tempo-novo-para-um-tempo-novo-tempo-nesta-provincia-do-faz-de-conta\/#primaryimage","url":"https:\/\/radiolifefm.com.br\/noticias\/wp-content\/uploads\/2022\/04\/WhatsApp-Image-2022-04-10-at-18.43.02.jpeg","contentUrl":"https:\/\/radiolifefm.com.br\/noticias\/wp-content\/uploads\/2022\/04\/WhatsApp-Image-2022-04-10-at-18.43.02.jpeg","width":972,"height":1296,"caption":"S\u00e9rgio Barbosa"},{"@type":"BreadcrumbList","@id":"https:\/\/radiolifefm.com.br\/noticias\/novo-tempo-novo-para-um-tempo-novo-tempo-nesta-provincia-do-faz-de-conta\/#breadcrumb","itemListElement":[{"@type":"ListItem","position":1,"name":"In\u00edcio","item":"https:\/\/radiolifefm.com.br\/noticias\/"},{"@type":"ListItem","position":2,"name":"Novo TEMPO novo para um TEMPO novo tempo nesta PROV\u00cdNCIA DO FAZ DE CONTA&#8230;"}]},{"@type":"WebSite","@id":"https:\/\/radiolifefm.com.br\/noticias\/#website","url":"https:\/\/radiolifefm.com.br\/noticias\/","name":"R\u00e1dio Life FM","description":"O Portal de Not\u00edcias de Adamantina","publisher":{"@id":"https:\/\/radiolifefm.com.br\/noticias\/#organization"},"alternateName":"Life FM","potentialAction":[{"@type":"SearchAction","target":{"@type":"EntryPoint","urlTemplate":"https:\/\/radiolifefm.com.br\/noticias\/?s={search_term_string}"},"query-input":{"@type":"PropertyValueSpecification","valueRequired":true,"valueName":"search_term_string"}}],"inLanguage":"pt-BR"},{"@type":"Organization","@id":"https:\/\/radiolifefm.com.br\/noticias\/#organization","name":"R\u00e1dio Life FM","alternateName":"Life FM","url":"https:\/\/radiolifefm.com.br\/noticias\/","logo":{"@type":"ImageObject","inLanguage":"pt-BR","@id":"https:\/\/radiolifefm.com.br\/noticias\/#\/schema\/logo\/image\/","url":"https:\/\/static.radiolifefm.com.br\/noticias\/wp-content\/uploads\/2019\/10\/logo-lifefm.png","contentUrl":"https:\/\/static.radiolifefm.com.br\/noticias\/wp-content\/uploads\/2019\/10\/logo-lifefm.png","width":196,"height":47,"caption":"R\u00e1dio Life FM"},"image":{"@id":"https:\/\/radiolifefm.com.br\/noticias\/#\/schema\/logo\/image\/"},"sameAs":["https:\/\/www.facebook.com\/radiolifefm\/","https:\/\/www.instagram.com\/life1079fm\/"]},{"@type":"Person","@id":"https:\/\/radiolifefm.com.br\/noticias\/#\/schema\/person\/6339b9fac59d12b071dec680d7375d87","name":"ritanery","image":{"@type":"ImageObject","inLanguage":"pt-BR","@id":"https:\/\/secure.gravatar.com\/avatar\/0e37bb19071f47c0b8a23f62a903df117c5a0e75f65a0c2901562f97cd41cf86?s=96&d=mm&r=g","url":"https:\/\/secure.gravatar.com\/avatar\/0e37bb19071f47c0b8a23f62a903df117c5a0e75f65a0c2901562f97cd41cf86?s=96&d=mm&r=g","contentUrl":"https:\/\/secure.gravatar.com\/avatar\/0e37bb19071f47c0b8a23f62a903df117c5a0e75f65a0c2901562f97cd41cf86?s=96&d=mm&r=g","caption":"ritanery"}}]}},"amp_enabled":true,"_links":{"self":[{"href":"https:\/\/radiolifefm.com.br\/noticias\/wp-json\/wp\/v2\/posts\/63087","targetHints":{"allow":["GET"]}}],"collection":[{"href":"https:\/\/radiolifefm.com.br\/noticias\/wp-json\/wp\/v2\/posts"}],"about":[{"href":"https:\/\/radiolifefm.com.br\/noticias\/wp-json\/wp\/v2\/types\/post"}],"author":[{"embeddable":true,"href":"https:\/\/radiolifefm.com.br\/noticias\/wp-json\/wp\/v2\/users\/13"}],"replies":[{"embeddable":true,"href":"https:\/\/radiolifefm.com.br\/noticias\/wp-json\/wp\/v2\/comments?post=63087"}],"version-history":[{"count":1,"href":"https:\/\/radiolifefm.com.br\/noticias\/wp-json\/wp\/v2\/posts\/63087\/revisions"}],"predecessor-version":[{"id":63088,"href":"https:\/\/radiolifefm.com.br\/noticias\/wp-json\/wp\/v2\/posts\/63087\/revisions\/63088"}],"wp:featuredmedia":[{"embeddable":true,"href":"https:\/\/radiolifefm.com.br\/noticias\/wp-json\/wp\/v2\/media\/51988"}],"wp:attachment":[{"href":"https:\/\/radiolifefm.com.br\/noticias\/wp-json\/wp\/v2\/media?parent=63087"}],"wp:term":[{"taxonomy":"category","embeddable":true,"href":"https:\/\/radiolifefm.com.br\/noticias\/wp-json\/wp\/v2\/categories?post=63087"},{"taxonomy":"post_tag","embeddable":true,"href":"https:\/\/radiolifefm.com.br\/noticias\/wp-json\/wp\/v2\/tags?post=63087"}],"curies":[{"name":"wp","href":"https:\/\/api.w.org\/{rel}","templated":true}]}}