{"id":63023,"date":"2022-12-30T07:12:50","date_gmt":"2022-12-30T10:12:50","guid":{"rendered":"https:\/\/radiolifefm.com.br\/noticias\/?p=63023"},"modified":"2026-03-22T10:51:35","modified_gmt":"2026-03-22T13:51:35","slug":"provincia-do-faz-de-conta-perderam-manes","status":"publish","type":"post","link":"https:\/\/radiolifefm.com.br\/noticias\/provincia-do-faz-de-conta-perderam-manes\/","title":{"rendered":"PROV\u00cdNCIA DO FAZ DE CONTA: Perderam man\u00e9s!"},"content":{"rendered":"<div id=\"fb-root\"><\/div>\n<p><strong><em>\u00a0\u201c\u00c9 assim que pessoas como voc\u00ea funcionam, seu EGO \u00e9 t\u00e3o aloprado que faz qualquer coisa pra se proteger. e pessoas com egos Zuados usam ginasticas mentais pra acreditarem que S\u00c3O DEMAIS. Quando na verdade s\u00e3o somente uns bostas.\u201d (<a href=\"https:\/\/www.pensador.com\/autor\/kyle_south_park\/\">Kyle &#8211; South Park<\/a>)<\/em><\/strong><\/p>\n<p><strong><em>\u00a0<\/em><\/strong><\/p>\n<p><strong><em>S\u00e9rgio Barbosa (*)<\/em><\/strong><\/p>\n<p>Apesar dos pesares, isso mesmo, ainda, NADA COMO UM DIA DEPOIS DO OUTRO, bem como, AMANH\u00c3, SER\u00c1 UM NOVO DIA e assim por diante&#8230;<\/p>\n<p>A turma dos\/as ALOPRADOS\/AS PROVINCIANOS\/AS, ou seja, aqueles\/as que VOTARAM no GENOCIDA nas elei\u00e7\u00f5es passadas, bem como, no outro DISC\u00cdPULO em n\u00edvel estadual, ter\u00e3o que OUVIR SEMPRE a mesma frase, ou seja, PERDERAM MAN\u00c9S&#8230;<\/p>\n<p>Essa cambada do FAZ DE CONTA, ter\u00e3o que ENGOLIR goela abaixo o NOVO GOVERNO que tem in\u00edcio neste ANO NOVO ANO, portanto, faz-se necess\u00e1rio que todos\/as estejam de acordo com o resultado determinado pela MAIORIA em nome da DEMOCRACIA neste PA\u00cdS DO FAZ DE CONTA&#8230;<\/p>\n<p>Ainda, TODO CUIDADO \u00c9 POUCO com tais ATOS DE TERRORISMO destas MENTES MED\u00cdOCRES que continuam circulando em \u00e1reas restritas dos militares, isso \u00e9, at\u00e9 a data de hoje, 30, tendo em vista a posse do NOVO COMANDO MILITAR, portanto, QUEM AVISA&#8230;<\/p>\n<p>Todavia, como s\u00e3o denominados\/as de ALOPRADOS\/AS com suas CAMISAS AMARELAS, FAIXAS E BANDEIRAS, ainda, com BRADOS ALUCINADOS em nome do GOLPE MILITAR ou contra o STF, entendo que s\u00e3o quase ANAFALBETOS FUNCIONAIS, portanto, necessitam serem ALFABETIZADOS pelo M\u00c9TODO PAULO FREIRE depois do dia 1 de janeiro&#8230;<\/p>\n<p>Tais indaga\u00e7\u00f5es s\u00e3o mais do que necess\u00e1rias em terras PROVINCIANAS, pois, os famigerados FAKE NEWS continuam agitando as REDES SOCIAIS em nome deste, ainda, DESGOVERNO BOZZONARO com seus COISOS com COISAS&#8230;<\/p>\n<p>Mas, depois de SEIS LONGOS ANOS, isso mesmo, 2 anos do VAMPIRO e outros 4 do GENOCIDA e sua turma de MED\u00cdOCRES nos MINIST\u00c9RIOS, espera-se que um NOVO TEMPO NOVO possa fazer a diferen\u00e7a de um jeito ou de outro em nome da PAZ e da DEMOCRACIA&#8230;<\/p>\n<p>Que este NOVO ANO NOVO de um ANO NOVO ANO, possa ser melhor do que estes \u00faltimos SEIS ANOS que marcaram presen\u00e7a neste PA\u00cdS DO FAZ DE CONTA com milhares e milhares de MENTES MED\u00cdOCRES&#8230;<\/p>\n<p>N\u00e3o se pode esquecer e muito menos deixar de lado, as MILHARES DE MORTES no per\u00edodo da PANDEMIA, considerando que o atual GOVERNO (at\u00e9 o dia 31\/12\/22), ou melhor, DESGOVERNO BOZZONARO, esteve sempre trabalhando CONTRA as medidas preventivas dos especialistas da \u00e1rea da SA\u00daDE&#8230;<\/p>\n<p>Outra coisa (sic), antes mesmo da ELEI\u00c7\u00c3O deste GENOCIDA em 2.018 pela MAIORIA dos votos, ainda, DEMOCRATICAMENTE, sempre que escrevia ARTIGOS OPINATIVOS com temas e tem\u00e1ticas pol\u00edticas, finalizada com as palavras, a saber: EU AVISEI&#8230; O COISO&#8230; ELLE N\u00c3O&#8230;<\/p>\n<p>Ah! Os PAULISTAS E PAULISTANOS que escolheram o FILHOTE na \u00e1rea ESTADUAL, com certeza v\u00e3o COMER O P\u00c3O QUE O GENOCIDA AMASSOU, desta forma, entendo que vai ser mais do que necess\u00e1rio continuar com tais PALAVRAS em n\u00edvel ESTADUAL&#8230;<\/p>\n<p>Aproveitando o momento, existe, tamb\u00e9m o cen\u00e1rio MUNICIPAL desta PROV\u00cdNCIA DO FAZ DE CONTA com o BO.DO.QUIO PROVINCIANO&#8230;<\/p>\n<p><strong><em>______________________________<\/em><\/strong><\/p>\n<p><strong><em>(*) jornalista diplomado.<\/em><\/strong><\/p>\n<p><strong><em>e-mail: <\/em><\/strong><a href=\"mailto:barbosa.sebar@gmail.com\"><strong><em>barbosa.sebar@gmail.com<\/em><\/strong><\/a><\/p>\n<p><strong><em>\u00a0<\/em><\/strong><\/p>\n<p>&nbsp;<\/p>\n","protected":false},"excerpt":{"rendered":"<p>\u00a0\u201c\u00c9 assim que pessoas como voc\u00ea funcionam, seu EGO \u00e9 t\u00e3o aloprado que faz qualquer coisa pra se proteger. e pessoas com egos Zuados usam ginasticas mentais pra acreditarem que S\u00c3O DEMAIS. Quando na verdade s\u00e3o somente uns bostas.\u201d (Kyle &#8211; South Park) \u00a0 S\u00e9rgio Barbosa (*) Apesar dos pesares, isso mesmo, ainda, NADA COMO [&hellip;]<\/p>\n","protected":false},"author":13,"featured_media":51988,"comment_status":"closed","ping_status":"open","sticky":false,"template":"","format":"standard","meta":{"_acf_changed":false,"_exactmetrics_skip_tracking":false,"_exactmetrics_sitenote_active":false,"_exactmetrics_sitenote_note":"","_exactmetrics_sitenote_category":0,"footnotes":""},"categories":[59],"tags":[],"class_list":["post-63023","post","type-post","status-publish","format-standard","has-post-thumbnail","hentry","category-opiniao"],"acf":[],"yoast_head":"<!-- This site is optimized with the Yoast SEO plugin v27.2 - https:\/\/yoast.com\/product\/yoast-seo-wordpress\/ -->\n<title>PROV\u00cdNCIA DO FAZ DE CONTA: Perderam man\u00e9s! - R\u00e1dio Life FM<\/title>\n<meta name=\"robots\" content=\"index, follow, max-snippet:-1, max-image-preview:large, max-video-preview:-1\" \/>\n<link rel=\"canonical\" href=\"https:\/\/radiolifefm.com.br\/noticias\/provincia-do-faz-de-conta-perderam-manes\/\" \/>\n<meta property=\"og:locale\" content=\"pt_BR\" \/>\n<meta property=\"og:type\" content=\"article\" \/>\n<meta property=\"og:title\" content=\"PROV\u00cdNCIA DO FAZ DE CONTA: Perderam man\u00e9s! - R\u00e1dio Life FM\" \/>\n<meta property=\"og:description\" content=\"\u00a0\u201c\u00c9 assim que pessoas como voc\u00ea funcionam, seu EGO \u00e9 t\u00e3o aloprado que faz qualquer coisa pra se proteger. e pessoas com egos Zuados usam ginasticas mentais pra acreditarem que S\u00c3O DEMAIS. Quando na verdade s\u00e3o somente uns bostas.\u201d (Kyle &#8211; South Park) \u00a0 S\u00e9rgio Barbosa (*) Apesar dos pesares, isso mesmo, ainda, NADA COMO [&hellip;]\" \/>\n<meta property=\"og:url\" content=\"https:\/\/radiolifefm.com.br\/noticias\/provincia-do-faz-de-conta-perderam-manes\/\" \/>\n<meta property=\"og:site_name\" content=\"R\u00e1dio Life FM\" \/>\n<meta property=\"article:publisher\" content=\"https:\/\/www.facebook.com\/radiolifefm\/\" \/>\n<meta property=\"article:published_time\" content=\"2022-12-30T10:12:50+00:00\" \/>\n<meta property=\"article:modified_time\" content=\"2026-03-22T13:51:35+00:00\" \/>\n<meta property=\"og:image\" content=\"https:\/\/radiolifefm.com.br\/noticias\/wp-content\/uploads\/2022\/04\/WhatsApp-Image-2022-04-10-at-18.43.02.jpeg\" \/>\n\t<meta property=\"og:image:width\" content=\"972\" \/>\n\t<meta property=\"og:image:height\" content=\"1296\" \/>\n\t<meta property=\"og:image:type\" content=\"image\/jpeg\" \/>\n<meta name=\"author\" content=\"ritanery\" \/>\n<meta name=\"twitter:card\" content=\"summary_large_image\" \/>\n<meta name=\"twitter:label1\" content=\"Escrito por\" \/>\n\t<meta name=\"twitter:data1\" content=\"ritanery\" \/>\n\t<meta name=\"twitter:label2\" content=\"Est. tempo de leitura\" \/>\n\t<meta name=\"twitter:data2\" content=\"3 minutos\" \/>\n<script type=\"application\/ld+json\" class=\"yoast-schema-graph\">{\"@context\":\"https:\/\/schema.org\",\"@graph\":[{\"@type\":\"Article\",\"@id\":\"https:\/\/radiolifefm.com.br\/noticias\/provincia-do-faz-de-conta-perderam-manes\/#article\",\"isPartOf\":{\"@id\":\"https:\/\/radiolifefm.com.br\/noticias\/provincia-do-faz-de-conta-perderam-manes\/\"},\"author\":{\"name\":\"ritanery\",\"@id\":\"https:\/\/radiolifefm.com.br\/noticias\/#\/schema\/person\/6339b9fac59d12b071dec680d7375d87\"},\"headline\":\"PROV\u00cdNCIA DO FAZ DE CONTA: Perderam man\u00e9s!\",\"datePublished\":\"2022-12-30T10:12:50+00:00\",\"dateModified\":\"2026-03-22T13:51:35+00:00\",\"mainEntityOfPage\":{\"@id\":\"https:\/\/radiolifefm.com.br\/noticias\/provincia-do-faz-de-conta-perderam-manes\/\"},\"wordCount\":544,\"publisher\":{\"@id\":\"https:\/\/radiolifefm.com.br\/noticias\/#organization\"},\"image\":{\"@id\":\"https:\/\/radiolifefm.com.br\/noticias\/provincia-do-faz-de-conta-perderam-manes\/#primaryimage\"},\"thumbnailUrl\":\"https:\/\/radiolifefm.com.br\/noticias\/wp-content\/uploads\/2022\/04\/WhatsApp-Image-2022-04-10-at-18.43.02.jpeg\",\"articleSection\":[\"Opini\u00e3o\"],\"inLanguage\":\"pt-BR\"},{\"@type\":\"WebPage\",\"@id\":\"https:\/\/radiolifefm.com.br\/noticias\/provincia-do-faz-de-conta-perderam-manes\/\",\"url\":\"https:\/\/radiolifefm.com.br\/noticias\/provincia-do-faz-de-conta-perderam-manes\/\",\"name\":\"PROV\u00cdNCIA DO FAZ DE CONTA: Perderam man\u00e9s! - R\u00e1dio Life FM\",\"isPartOf\":{\"@id\":\"https:\/\/radiolifefm.com.br\/noticias\/#website\"},\"primaryImageOfPage\":{\"@id\":\"https:\/\/radiolifefm.com.br\/noticias\/provincia-do-faz-de-conta-perderam-manes\/#primaryimage\"},\"image\":{\"@id\":\"https:\/\/radiolifefm.com.br\/noticias\/provincia-do-faz-de-conta-perderam-manes\/#primaryimage\"},\"thumbnailUrl\":\"https:\/\/radiolifefm.com.br\/noticias\/wp-content\/uploads\/2022\/04\/WhatsApp-Image-2022-04-10-at-18.43.02.jpeg\",\"datePublished\":\"2022-12-30T10:12:50+00:00\",\"dateModified\":\"2026-03-22T13:51:35+00:00\",\"breadcrumb\":{\"@id\":\"https:\/\/radiolifefm.com.br\/noticias\/provincia-do-faz-de-conta-perderam-manes\/#breadcrumb\"},\"inLanguage\":\"pt-BR\",\"potentialAction\":[{\"@type\":\"ReadAction\",\"target\":[\"https:\/\/radiolifefm.com.br\/noticias\/provincia-do-faz-de-conta-perderam-manes\/\"]}]},{\"@type\":\"ImageObject\",\"inLanguage\":\"pt-BR\",\"@id\":\"https:\/\/radiolifefm.com.br\/noticias\/provincia-do-faz-de-conta-perderam-manes\/#primaryimage\",\"url\":\"https:\/\/radiolifefm.com.br\/noticias\/wp-content\/uploads\/2022\/04\/WhatsApp-Image-2022-04-10-at-18.43.02.jpeg\",\"contentUrl\":\"https:\/\/radiolifefm.com.br\/noticias\/wp-content\/uploads\/2022\/04\/WhatsApp-Image-2022-04-10-at-18.43.02.jpeg\",\"width\":972,\"height\":1296,\"caption\":\"S\u00e9rgio Barbosa\"},{\"@type\":\"BreadcrumbList\",\"@id\":\"https:\/\/radiolifefm.com.br\/noticias\/provincia-do-faz-de-conta-perderam-manes\/#breadcrumb\",\"itemListElement\":[{\"@type\":\"ListItem\",\"position\":1,\"name\":\"In\u00edcio\",\"item\":\"https:\/\/radiolifefm.com.br\/noticias\/\"},{\"@type\":\"ListItem\",\"position\":2,\"name\":\"PROV\u00cdNCIA DO FAZ DE CONTA: Perderam man\u00e9s!\"}]},{\"@type\":\"WebSite\",\"@id\":\"https:\/\/radiolifefm.com.br\/noticias\/#website\",\"url\":\"https:\/\/radiolifefm.com.br\/noticias\/\",\"name\":\"R\u00e1dio Life FM\",\"description\":\"O Portal de Not\u00edcias de Adamantina\",\"publisher\":{\"@id\":\"https:\/\/radiolifefm.com.br\/noticias\/#organization\"},\"alternateName\":\"Life FM\",\"potentialAction\":[{\"@type\":\"SearchAction\",\"target\":{\"@type\":\"EntryPoint\",\"urlTemplate\":\"https:\/\/radiolifefm.com.br\/noticias\/?s={search_term_string}\"},\"query-input\":{\"@type\":\"PropertyValueSpecification\",\"valueRequired\":true,\"valueName\":\"search_term_string\"}}],\"inLanguage\":\"pt-BR\"},{\"@type\":\"Organization\",\"@id\":\"https:\/\/radiolifefm.com.br\/noticias\/#organization\",\"name\":\"R\u00e1dio Life FM\",\"alternateName\":\"Life FM\",\"url\":\"https:\/\/radiolifefm.com.br\/noticias\/\",\"logo\":{\"@type\":\"ImageObject\",\"inLanguage\":\"pt-BR\",\"@id\":\"https:\/\/radiolifefm.com.br\/noticias\/#\/schema\/logo\/image\/\",\"url\":\"https:\/\/static.radiolifefm.com.br\/noticias\/wp-content\/uploads\/2019\/10\/logo-lifefm.png\",\"contentUrl\":\"https:\/\/static.radiolifefm.com.br\/noticias\/wp-content\/uploads\/2019\/10\/logo-lifefm.png\",\"width\":196,\"height\":47,\"caption\":\"R\u00e1dio Life FM\"},\"image\":{\"@id\":\"https:\/\/radiolifefm.com.br\/noticias\/#\/schema\/logo\/image\/\"},\"sameAs\":[\"https:\/\/www.facebook.com\/radiolifefm\/\",\"https:\/\/www.instagram.com\/life1079fm\/\"]},{\"@type\":\"Person\",\"@id\":\"https:\/\/radiolifefm.com.br\/noticias\/#\/schema\/person\/6339b9fac59d12b071dec680d7375d87\",\"name\":\"ritanery\",\"image\":{\"@type\":\"ImageObject\",\"inLanguage\":\"pt-BR\",\"@id\":\"https:\/\/secure.gravatar.com\/avatar\/0e37bb19071f47c0b8a23f62a903df117c5a0e75f65a0c2901562f97cd41cf86?s=96&d=mm&r=g\",\"url\":\"https:\/\/secure.gravatar.com\/avatar\/0e37bb19071f47c0b8a23f62a903df117c5a0e75f65a0c2901562f97cd41cf86?s=96&d=mm&r=g\",\"contentUrl\":\"https:\/\/secure.gravatar.com\/avatar\/0e37bb19071f47c0b8a23f62a903df117c5a0e75f65a0c2901562f97cd41cf86?s=96&d=mm&r=g\",\"caption\":\"ritanery\"}}]}<\/script>\n<!-- \/ Yoast SEO plugin. -->","yoast_head_json":{"title":"PROV\u00cdNCIA DO FAZ DE CONTA: Perderam man\u00e9s! - R\u00e1dio Life FM","robots":{"index":"index","follow":"follow","max-snippet":"max-snippet:-1","max-image-preview":"max-image-preview:large","max-video-preview":"max-video-preview:-1"},"canonical":"https:\/\/radiolifefm.com.br\/noticias\/provincia-do-faz-de-conta-perderam-manes\/","og_locale":"pt_BR","og_type":"article","og_title":"PROV\u00cdNCIA DO FAZ DE CONTA: Perderam man\u00e9s! - R\u00e1dio Life FM","og_description":"\u00a0\u201c\u00c9 assim que pessoas como voc\u00ea funcionam, seu EGO \u00e9 t\u00e3o aloprado que faz qualquer coisa pra se proteger. e pessoas com egos Zuados usam ginasticas mentais pra acreditarem que S\u00c3O DEMAIS. Quando na verdade s\u00e3o somente uns bostas.\u201d (Kyle &#8211; South Park) \u00a0 S\u00e9rgio Barbosa (*) Apesar dos pesares, isso mesmo, ainda, NADA COMO [&hellip;]","og_url":"https:\/\/radiolifefm.com.br\/noticias\/provincia-do-faz-de-conta-perderam-manes\/","og_site_name":"R\u00e1dio Life FM","article_publisher":"https:\/\/www.facebook.com\/radiolifefm\/","article_published_time":"2022-12-30T10:12:50+00:00","article_modified_time":"2026-03-22T13:51:35+00:00","og_image":[{"width":972,"height":1296,"url":"https:\/\/radiolifefm.com.br\/noticias\/wp-content\/uploads\/2022\/04\/WhatsApp-Image-2022-04-10-at-18.43.02.jpeg","type":"image\/jpeg"}],"author":"ritanery","twitter_card":"summary_large_image","twitter_misc":{"Escrito por":"ritanery","Est. tempo de leitura":"3 minutos"},"schema":{"@context":"https:\/\/schema.org","@graph":[{"@type":"Article","@id":"https:\/\/radiolifefm.com.br\/noticias\/provincia-do-faz-de-conta-perderam-manes\/#article","isPartOf":{"@id":"https:\/\/radiolifefm.com.br\/noticias\/provincia-do-faz-de-conta-perderam-manes\/"},"author":{"name":"ritanery","@id":"https:\/\/radiolifefm.com.br\/noticias\/#\/schema\/person\/6339b9fac59d12b071dec680d7375d87"},"headline":"PROV\u00cdNCIA DO FAZ DE CONTA: Perderam man\u00e9s!","datePublished":"2022-12-30T10:12:50+00:00","dateModified":"2026-03-22T13:51:35+00:00","mainEntityOfPage":{"@id":"https:\/\/radiolifefm.com.br\/noticias\/provincia-do-faz-de-conta-perderam-manes\/"},"wordCount":544,"publisher":{"@id":"https:\/\/radiolifefm.com.br\/noticias\/#organization"},"image":{"@id":"https:\/\/radiolifefm.com.br\/noticias\/provincia-do-faz-de-conta-perderam-manes\/#primaryimage"},"thumbnailUrl":"https:\/\/radiolifefm.com.br\/noticias\/wp-content\/uploads\/2022\/04\/WhatsApp-Image-2022-04-10-at-18.43.02.jpeg","articleSection":["Opini\u00e3o"],"inLanguage":"pt-BR"},{"@type":"WebPage","@id":"https:\/\/radiolifefm.com.br\/noticias\/provincia-do-faz-de-conta-perderam-manes\/","url":"https:\/\/radiolifefm.com.br\/noticias\/provincia-do-faz-de-conta-perderam-manes\/","name":"PROV\u00cdNCIA DO FAZ DE CONTA: Perderam man\u00e9s! - R\u00e1dio Life FM","isPartOf":{"@id":"https:\/\/radiolifefm.com.br\/noticias\/#website"},"primaryImageOfPage":{"@id":"https:\/\/radiolifefm.com.br\/noticias\/provincia-do-faz-de-conta-perderam-manes\/#primaryimage"},"image":{"@id":"https:\/\/radiolifefm.com.br\/noticias\/provincia-do-faz-de-conta-perderam-manes\/#primaryimage"},"thumbnailUrl":"https:\/\/radiolifefm.com.br\/noticias\/wp-content\/uploads\/2022\/04\/WhatsApp-Image-2022-04-10-at-18.43.02.jpeg","datePublished":"2022-12-30T10:12:50+00:00","dateModified":"2026-03-22T13:51:35+00:00","breadcrumb":{"@id":"https:\/\/radiolifefm.com.br\/noticias\/provincia-do-faz-de-conta-perderam-manes\/#breadcrumb"},"inLanguage":"pt-BR","potentialAction":[{"@type":"ReadAction","target":["https:\/\/radiolifefm.com.br\/noticias\/provincia-do-faz-de-conta-perderam-manes\/"]}]},{"@type":"ImageObject","inLanguage":"pt-BR","@id":"https:\/\/radiolifefm.com.br\/noticias\/provincia-do-faz-de-conta-perderam-manes\/#primaryimage","url":"https:\/\/radiolifefm.com.br\/noticias\/wp-content\/uploads\/2022\/04\/WhatsApp-Image-2022-04-10-at-18.43.02.jpeg","contentUrl":"https:\/\/radiolifefm.com.br\/noticias\/wp-content\/uploads\/2022\/04\/WhatsApp-Image-2022-04-10-at-18.43.02.jpeg","width":972,"height":1296,"caption":"S\u00e9rgio Barbosa"},{"@type":"BreadcrumbList","@id":"https:\/\/radiolifefm.com.br\/noticias\/provincia-do-faz-de-conta-perderam-manes\/#breadcrumb","itemListElement":[{"@type":"ListItem","position":1,"name":"In\u00edcio","item":"https:\/\/radiolifefm.com.br\/noticias\/"},{"@type":"ListItem","position":2,"name":"PROV\u00cdNCIA DO FAZ DE CONTA: Perderam man\u00e9s!"}]},{"@type":"WebSite","@id":"https:\/\/radiolifefm.com.br\/noticias\/#website","url":"https:\/\/radiolifefm.com.br\/noticias\/","name":"R\u00e1dio Life FM","description":"O Portal de Not\u00edcias de Adamantina","publisher":{"@id":"https:\/\/radiolifefm.com.br\/noticias\/#organization"},"alternateName":"Life FM","potentialAction":[{"@type":"SearchAction","target":{"@type":"EntryPoint","urlTemplate":"https:\/\/radiolifefm.com.br\/noticias\/?s={search_term_string}"},"query-input":{"@type":"PropertyValueSpecification","valueRequired":true,"valueName":"search_term_string"}}],"inLanguage":"pt-BR"},{"@type":"Organization","@id":"https:\/\/radiolifefm.com.br\/noticias\/#organization","name":"R\u00e1dio Life FM","alternateName":"Life FM","url":"https:\/\/radiolifefm.com.br\/noticias\/","logo":{"@type":"ImageObject","inLanguage":"pt-BR","@id":"https:\/\/radiolifefm.com.br\/noticias\/#\/schema\/logo\/image\/","url":"https:\/\/static.radiolifefm.com.br\/noticias\/wp-content\/uploads\/2019\/10\/logo-lifefm.png","contentUrl":"https:\/\/static.radiolifefm.com.br\/noticias\/wp-content\/uploads\/2019\/10\/logo-lifefm.png","width":196,"height":47,"caption":"R\u00e1dio Life FM"},"image":{"@id":"https:\/\/radiolifefm.com.br\/noticias\/#\/schema\/logo\/image\/"},"sameAs":["https:\/\/www.facebook.com\/radiolifefm\/","https:\/\/www.instagram.com\/life1079fm\/"]},{"@type":"Person","@id":"https:\/\/radiolifefm.com.br\/noticias\/#\/schema\/person\/6339b9fac59d12b071dec680d7375d87","name":"ritanery","image":{"@type":"ImageObject","inLanguage":"pt-BR","@id":"https:\/\/secure.gravatar.com\/avatar\/0e37bb19071f47c0b8a23f62a903df117c5a0e75f65a0c2901562f97cd41cf86?s=96&d=mm&r=g","url":"https:\/\/secure.gravatar.com\/avatar\/0e37bb19071f47c0b8a23f62a903df117c5a0e75f65a0c2901562f97cd41cf86?s=96&d=mm&r=g","contentUrl":"https:\/\/secure.gravatar.com\/avatar\/0e37bb19071f47c0b8a23f62a903df117c5a0e75f65a0c2901562f97cd41cf86?s=96&d=mm&r=g","caption":"ritanery"}}]}},"amp_enabled":true,"_links":{"self":[{"href":"https:\/\/radiolifefm.com.br\/noticias\/wp-json\/wp\/v2\/posts\/63023","targetHints":{"allow":["GET"]}}],"collection":[{"href":"https:\/\/radiolifefm.com.br\/noticias\/wp-json\/wp\/v2\/posts"}],"about":[{"href":"https:\/\/radiolifefm.com.br\/noticias\/wp-json\/wp\/v2\/types\/post"}],"author":[{"embeddable":true,"href":"https:\/\/radiolifefm.com.br\/noticias\/wp-json\/wp\/v2\/users\/13"}],"replies":[{"embeddable":true,"href":"https:\/\/radiolifefm.com.br\/noticias\/wp-json\/wp\/v2\/comments?post=63023"}],"version-history":[{"count":1,"href":"https:\/\/radiolifefm.com.br\/noticias\/wp-json\/wp\/v2\/posts\/63023\/revisions"}],"predecessor-version":[{"id":63024,"href":"https:\/\/radiolifefm.com.br\/noticias\/wp-json\/wp\/v2\/posts\/63023\/revisions\/63024"}],"wp:featuredmedia":[{"embeddable":true,"href":"https:\/\/radiolifefm.com.br\/noticias\/wp-json\/wp\/v2\/media\/51988"}],"wp:attachment":[{"href":"https:\/\/radiolifefm.com.br\/noticias\/wp-json\/wp\/v2\/media?parent=63023"}],"wp:term":[{"taxonomy":"category","embeddable":true,"href":"https:\/\/radiolifefm.com.br\/noticias\/wp-json\/wp\/v2\/categories?post=63023"},{"taxonomy":"post_tag","embeddable":true,"href":"https:\/\/radiolifefm.com.br\/noticias\/wp-json\/wp\/v2\/tags?post=63023"}],"curies":[{"name":"wp","href":"https:\/\/api.w.org\/{rel}","templated":true}]}}