{"id":62629,"date":"2022-12-21T07:56:22","date_gmt":"2022-12-21T10:56:22","guid":{"rendered":"https:\/\/radiolifefm.com.br\/noticias\/?p=62629"},"modified":"2025-10-07T11:22:30","modified_gmt":"2025-10-07T14:22:30","slug":"natal-em-meio-as-mentes-mediocres","status":"publish","type":"post","link":"https:\/\/radiolifefm.com.br\/noticias\/natal-em-meio-as-mentes-mediocres\/","title":{"rendered":"Natal em meio as Mentes Med\u00edocres&#8230;"},"content":{"rendered":"<div id=\"fb-root\"><\/div>\n<p>&nbsp;<\/p>\n<p><strong><em>\u00a0\u201cEnt\u00e3o, bom Natal \/ Pro branco e pro negro \/ Amarelo e vermelho \/ Pra paz, afinal \/ Ent\u00e3o, bom Natal \/ E um Ano Novo tamb\u00e9m \/ Que seja feliz quem \/ Souber o que \u00e9 o bem\u201d (John Ono Lennon)<\/em><\/strong><\/p>\n<p><strong>S\u00e9rgio Barbosa (*)<\/strong><\/p>\n<p>Mais um NATAL chegando neste PA\u00cdS DO FAZ DE CONTA, pelo menos at\u00e9 o final deste ano, tendo em vista que um NOVO TEMPO NOVO se aproxima para todos e todas, apesar das denominadas e famigeradas MENTES MED\u00cdOCRES que continuam seguindo o COISO com suas COISAS&#8230;<\/p>\n<p>N\u00e3o se pode deixar de lado que foram SEIS ANOS de RETROCESSO em todas as \u00e1reas com os DESGOVERNOS do VAMPIRO (2 anos p\u00f3s-golpe) e BOZZONARO (4 anos), por\u00e9m, mesmo com tantas perdas que ficaram no caminho, ainda, existem os tais PATRIOT\u00c1RIOS\/AS&#8230;<\/p>\n<p>Lament\u00e1vel que mesmo depois das MORTES que ocorreram pela total falta de iniciativa e a\u00e7\u00e3o deste DESGOVERNO atual, o dito cujo tenha conseguido milh\u00f5es e milh\u00f5es de votos de APROVA\u00c7\u00c3O e assim por diante&#8230;<\/p>\n<p>Tamb\u00e9m, a regi\u00e3o da denominada NOVA ALTA PAULISTA outorgou ao COISO, isso \u00e9, os\/as ELEITORES\/AS, quase 80% de APROVA\u00c7\u00c3O, todavia, como diz o velho dito popular, NADA COMO UM DIA DEPOIS DO OUTRO e deu no que deu&#8230;<\/p>\n<p>Como disse o MINISTRO, essa cambada de ALOPRADOS\/AS que ficaram do lado do GENOCIDA,\u00a0 perderam o bonde, ou seja, s\u00e3o MAN\u00c9S e MAN\u00c9S que seguiram e continuam seguindo o BERRANTE do COISO&#8230;<\/p>\n<p>Mas, como cantou o poeta do outro tempo do tempo, ENT\u00c3O \u00c9 NATAL&#8230;<\/p>\n<p>Portanto, melhor ficar na expectativa de que o pr\u00f3ximo ano um NOVO TEMPO NOVO vai surgir para este PA\u00cdS DO FAZ DE CONTA, bem como, a TERRA VOLTA A SER REDONDA para continuar GIRANDO como se fosse uma RODA GIGANTE sem limites&#8230;<\/p>\n<p>Todavia, at\u00e9 o final deste ano, ou seja, passando pelo NATAL e mais uma semana de espera, haja vista que os TERRORISTAS TUPINIQUINS continuam nas PORTAS das unidades militares com suas bandeiras, camisetas e faixas contra a DEMOCRACIA em nome das suas VERDADES travestidas de MENTIRAS e patrocinadas pelos FAKE NEWS&#8230;<\/p>\n<p>De novo, NADA COMO UM DIA DEPOIS DO OUTRO para os\/as MAN\u00c9S, al\u00e9m do mais ou de menos, isto e mais aquilo tem a ver com a ESCOLHA da MAIORIA e ponto quase final&#8230;<\/p>\n<p>Mais do que nunca, daqui pra frente, ou seja, 1 de janeiro de 2.023, ser\u00e1 um TEMPO NOVO TEMPO com muitos problemas, tendo em vista que o atual DESGOVERNO BOZZONARO foi um DESASTRE com seu MINIST\u00c9RIO DE IN\u00daTEIS&#8230;<\/p>\n<p>UM FELIZ NATAL COM UMA ESTRELA VERMELHA NA SUA \u00c1RVOTE NATALINA, ainda, PERDERAM MAN\u00c9S&#8230;<\/p>\n<p><strong>_________________________________<\/strong><\/p>\n<p><strong>(*) jornalista diplomado.<\/strong><\/p>\n<p><strong>e-mail: <\/strong><a href=\"mailto:barbosa.sebar@gmail.com\"><strong>barbosa.sebar@gmail.com<\/strong><\/a><\/p>\n<p>&nbsp;<\/p>\n","protected":false},"excerpt":{"rendered":"<p>&nbsp; \u00a0\u201cEnt\u00e3o, bom Natal \/ Pro branco e pro negro \/ Amarelo e vermelho \/ Pra paz, afinal \/ Ent\u00e3o, bom Natal \/ E um Ano Novo tamb\u00e9m \/ Que seja feliz quem \/ Souber o que \u00e9 o bem\u201d (John Ono Lennon) S\u00e9rgio Barbosa (*) Mais um NATAL chegando neste PA\u00cdS DO FAZ DE [&hellip;]<\/p>\n","protected":false},"author":13,"featured_media":51988,"comment_status":"closed","ping_status":"open","sticky":false,"template":"","format":"standard","meta":{"_acf_changed":false,"_exactmetrics_skip_tracking":false,"_exactmetrics_sitenote_active":false,"_exactmetrics_sitenote_note":"","_exactmetrics_sitenote_category":0,"footnotes":""},"categories":[59],"tags":[],"class_list":["post-62629","post","type-post","status-publish","format-standard","has-post-thumbnail","hentry","category-opiniao"],"acf":[],"yoast_head":"<!-- This site is optimized with the Yoast SEO plugin v27.2 - https:\/\/yoast.com\/product\/yoast-seo-wordpress\/ -->\n<title>Natal em meio as Mentes Med\u00edocres... - R\u00e1dio Life FM<\/title>\n<meta name=\"robots\" content=\"index, follow, max-snippet:-1, max-image-preview:large, max-video-preview:-1\" \/>\n<link rel=\"canonical\" href=\"https:\/\/radiolifefm.com.br\/noticias\/natal-em-meio-as-mentes-mediocres\/\" \/>\n<meta property=\"og:locale\" content=\"pt_BR\" \/>\n<meta property=\"og:type\" content=\"article\" \/>\n<meta property=\"og:title\" content=\"Natal em meio as Mentes Med\u00edocres... - R\u00e1dio Life FM\" \/>\n<meta property=\"og:description\" content=\"&nbsp; \u00a0\u201cEnt\u00e3o, bom Natal \/ Pro branco e pro negro \/ Amarelo e vermelho \/ Pra paz, afinal \/ Ent\u00e3o, bom Natal \/ E um Ano Novo tamb\u00e9m \/ Que seja feliz quem \/ Souber o que \u00e9 o bem\u201d (John Ono Lennon) S\u00e9rgio Barbosa (*) Mais um NATAL chegando neste PA\u00cdS DO FAZ DE [&hellip;]\" \/>\n<meta property=\"og:url\" content=\"https:\/\/radiolifefm.com.br\/noticias\/natal-em-meio-as-mentes-mediocres\/\" \/>\n<meta property=\"og:site_name\" content=\"R\u00e1dio Life FM\" \/>\n<meta property=\"article:publisher\" content=\"https:\/\/www.facebook.com\/radiolifefm\/\" \/>\n<meta property=\"article:published_time\" content=\"2022-12-21T10:56:22+00:00\" \/>\n<meta property=\"article:modified_time\" content=\"2025-10-07T14:22:30+00:00\" \/>\n<meta property=\"og:image\" content=\"https:\/\/static.radiolifefm.com.br\/noticias\/wp-content\/uploads\/2022\/04\/WhatsApp-Image-2022-04-10-at-18.43.02.jpeg\" \/>\n\t<meta property=\"og:image:width\" content=\"972\" \/>\n\t<meta property=\"og:image:height\" content=\"1296\" \/>\n\t<meta property=\"og:image:type\" content=\"image\/jpeg\" \/>\n<meta name=\"author\" content=\"ritanery\" \/>\n<meta name=\"twitter:card\" content=\"summary_large_image\" \/>\n<meta name=\"twitter:label1\" content=\"Escrito por\" \/>\n\t<meta name=\"twitter:data1\" content=\"ritanery\" \/>\n\t<meta name=\"twitter:label2\" content=\"Est. tempo de leitura\" \/>\n\t<meta name=\"twitter:data2\" content=\"3 minutos\" \/>\n<script type=\"application\/ld+json\" class=\"yoast-schema-graph\">{\"@context\":\"https:\/\/schema.org\",\"@graph\":[{\"@type\":\"Article\",\"@id\":\"https:\/\/radiolifefm.com.br\/noticias\/natal-em-meio-as-mentes-mediocres\/#article\",\"isPartOf\":{\"@id\":\"https:\/\/radiolifefm.com.br\/noticias\/natal-em-meio-as-mentes-mediocres\/\"},\"author\":{\"name\":\"ritanery\",\"@id\":\"https:\/\/radiolifefm.com.br\/noticias\/#\/schema\/person\/6339b9fac59d12b071dec680d7375d87\"},\"headline\":\"Natal em meio as Mentes Med\u00edocres&#8230;\",\"datePublished\":\"2022-12-21T10:56:22+00:00\",\"dateModified\":\"2025-10-07T14:22:30+00:00\",\"mainEntityOfPage\":{\"@id\":\"https:\/\/radiolifefm.com.br\/noticias\/natal-em-meio-as-mentes-mediocres\/\"},\"wordCount\":463,\"publisher\":{\"@id\":\"https:\/\/radiolifefm.com.br\/noticias\/#organization\"},\"image\":{\"@id\":\"https:\/\/radiolifefm.com.br\/noticias\/natal-em-meio-as-mentes-mediocres\/#primaryimage\"},\"thumbnailUrl\":\"https:\/\/radiolifefm.com.br\/noticias\/wp-content\/uploads\/2022\/04\/WhatsApp-Image-2022-04-10-at-18.43.02.jpeg\",\"articleSection\":[\"Opini\u00e3o\"],\"inLanguage\":\"pt-BR\"},{\"@type\":\"WebPage\",\"@id\":\"https:\/\/radiolifefm.com.br\/noticias\/natal-em-meio-as-mentes-mediocres\/\",\"url\":\"https:\/\/radiolifefm.com.br\/noticias\/natal-em-meio-as-mentes-mediocres\/\",\"name\":\"Natal em meio as Mentes Med\u00edocres... - R\u00e1dio Life FM\",\"isPartOf\":{\"@id\":\"https:\/\/radiolifefm.com.br\/noticias\/#website\"},\"primaryImageOfPage\":{\"@id\":\"https:\/\/radiolifefm.com.br\/noticias\/natal-em-meio-as-mentes-mediocres\/#primaryimage\"},\"image\":{\"@id\":\"https:\/\/radiolifefm.com.br\/noticias\/natal-em-meio-as-mentes-mediocres\/#primaryimage\"},\"thumbnailUrl\":\"https:\/\/radiolifefm.com.br\/noticias\/wp-content\/uploads\/2022\/04\/WhatsApp-Image-2022-04-10-at-18.43.02.jpeg\",\"datePublished\":\"2022-12-21T10:56:22+00:00\",\"dateModified\":\"2025-10-07T14:22:30+00:00\",\"breadcrumb\":{\"@id\":\"https:\/\/radiolifefm.com.br\/noticias\/natal-em-meio-as-mentes-mediocres\/#breadcrumb\"},\"inLanguage\":\"pt-BR\",\"potentialAction\":[{\"@type\":\"ReadAction\",\"target\":[\"https:\/\/radiolifefm.com.br\/noticias\/natal-em-meio-as-mentes-mediocres\/\"]}]},{\"@type\":\"ImageObject\",\"inLanguage\":\"pt-BR\",\"@id\":\"https:\/\/radiolifefm.com.br\/noticias\/natal-em-meio-as-mentes-mediocres\/#primaryimage\",\"url\":\"https:\/\/radiolifefm.com.br\/noticias\/wp-content\/uploads\/2022\/04\/WhatsApp-Image-2022-04-10-at-18.43.02.jpeg\",\"contentUrl\":\"https:\/\/radiolifefm.com.br\/noticias\/wp-content\/uploads\/2022\/04\/WhatsApp-Image-2022-04-10-at-18.43.02.jpeg\",\"width\":972,\"height\":1296,\"caption\":\"S\u00e9rgio Barbosa\"},{\"@type\":\"BreadcrumbList\",\"@id\":\"https:\/\/radiolifefm.com.br\/noticias\/natal-em-meio-as-mentes-mediocres\/#breadcrumb\",\"itemListElement\":[{\"@type\":\"ListItem\",\"position\":1,\"name\":\"In\u00edcio\",\"item\":\"https:\/\/radiolifefm.com.br\/noticias\/\"},{\"@type\":\"ListItem\",\"position\":2,\"name\":\"Natal em meio as Mentes Med\u00edocres&#8230;\"}]},{\"@type\":\"WebSite\",\"@id\":\"https:\/\/radiolifefm.com.br\/noticias\/#website\",\"url\":\"https:\/\/radiolifefm.com.br\/noticias\/\",\"name\":\"R\u00e1dio Life FM\",\"description\":\"O Portal de Not\u00edcias de Adamantina\",\"publisher\":{\"@id\":\"https:\/\/radiolifefm.com.br\/noticias\/#organization\"},\"alternateName\":\"Life FM\",\"potentialAction\":[{\"@type\":\"SearchAction\",\"target\":{\"@type\":\"EntryPoint\",\"urlTemplate\":\"https:\/\/radiolifefm.com.br\/noticias\/?s={search_term_string}\"},\"query-input\":{\"@type\":\"PropertyValueSpecification\",\"valueRequired\":true,\"valueName\":\"search_term_string\"}}],\"inLanguage\":\"pt-BR\"},{\"@type\":\"Organization\",\"@id\":\"https:\/\/radiolifefm.com.br\/noticias\/#organization\",\"name\":\"R\u00e1dio Life FM\",\"alternateName\":\"Life FM\",\"url\":\"https:\/\/radiolifefm.com.br\/noticias\/\",\"logo\":{\"@type\":\"ImageObject\",\"inLanguage\":\"pt-BR\",\"@id\":\"https:\/\/radiolifefm.com.br\/noticias\/#\/schema\/logo\/image\/\",\"url\":\"https:\/\/static.radiolifefm.com.br\/noticias\/wp-content\/uploads\/2019\/10\/logo-lifefm.png\",\"contentUrl\":\"https:\/\/static.radiolifefm.com.br\/noticias\/wp-content\/uploads\/2019\/10\/logo-lifefm.png\",\"width\":196,\"height\":47,\"caption\":\"R\u00e1dio Life FM\"},\"image\":{\"@id\":\"https:\/\/radiolifefm.com.br\/noticias\/#\/schema\/logo\/image\/\"},\"sameAs\":[\"https:\/\/www.facebook.com\/radiolifefm\/\",\"https:\/\/www.instagram.com\/life1079fm\/\"]},{\"@type\":\"Person\",\"@id\":\"https:\/\/radiolifefm.com.br\/noticias\/#\/schema\/person\/6339b9fac59d12b071dec680d7375d87\",\"name\":\"ritanery\",\"image\":{\"@type\":\"ImageObject\",\"inLanguage\":\"pt-BR\",\"@id\":\"https:\/\/secure.gravatar.com\/avatar\/0e37bb19071f47c0b8a23f62a903df117c5a0e75f65a0c2901562f97cd41cf86?s=96&d=mm&r=g\",\"url\":\"https:\/\/secure.gravatar.com\/avatar\/0e37bb19071f47c0b8a23f62a903df117c5a0e75f65a0c2901562f97cd41cf86?s=96&d=mm&r=g\",\"contentUrl\":\"https:\/\/secure.gravatar.com\/avatar\/0e37bb19071f47c0b8a23f62a903df117c5a0e75f65a0c2901562f97cd41cf86?s=96&d=mm&r=g\",\"caption\":\"ritanery\"}}]}<\/script>\n<!-- \/ Yoast SEO plugin. -->","yoast_head_json":{"title":"Natal em meio as Mentes Med\u00edocres... - R\u00e1dio Life FM","robots":{"index":"index","follow":"follow","max-snippet":"max-snippet:-1","max-image-preview":"max-image-preview:large","max-video-preview":"max-video-preview:-1"},"canonical":"https:\/\/radiolifefm.com.br\/noticias\/natal-em-meio-as-mentes-mediocres\/","og_locale":"pt_BR","og_type":"article","og_title":"Natal em meio as Mentes Med\u00edocres... - R\u00e1dio Life FM","og_description":"&nbsp; \u00a0\u201cEnt\u00e3o, bom Natal \/ Pro branco e pro negro \/ Amarelo e vermelho \/ Pra paz, afinal \/ Ent\u00e3o, bom Natal \/ E um Ano Novo tamb\u00e9m \/ Que seja feliz quem \/ Souber o que \u00e9 o bem\u201d (John Ono Lennon) S\u00e9rgio Barbosa (*) Mais um NATAL chegando neste PA\u00cdS DO FAZ DE [&hellip;]","og_url":"https:\/\/radiolifefm.com.br\/noticias\/natal-em-meio-as-mentes-mediocres\/","og_site_name":"R\u00e1dio Life FM","article_publisher":"https:\/\/www.facebook.com\/radiolifefm\/","article_published_time":"2022-12-21T10:56:22+00:00","article_modified_time":"2025-10-07T14:22:30+00:00","og_image":[{"width":972,"height":1296,"url":"https:\/\/static.radiolifefm.com.br\/noticias\/wp-content\/uploads\/2022\/04\/WhatsApp-Image-2022-04-10-at-18.43.02.jpeg","type":"image\/jpeg"}],"author":"ritanery","twitter_card":"summary_large_image","twitter_misc":{"Escrito por":"ritanery","Est. tempo de leitura":"3 minutos"},"schema":{"@context":"https:\/\/schema.org","@graph":[{"@type":"Article","@id":"https:\/\/radiolifefm.com.br\/noticias\/natal-em-meio-as-mentes-mediocres\/#article","isPartOf":{"@id":"https:\/\/radiolifefm.com.br\/noticias\/natal-em-meio-as-mentes-mediocres\/"},"author":{"name":"ritanery","@id":"https:\/\/radiolifefm.com.br\/noticias\/#\/schema\/person\/6339b9fac59d12b071dec680d7375d87"},"headline":"Natal em meio as Mentes Med\u00edocres&#8230;","datePublished":"2022-12-21T10:56:22+00:00","dateModified":"2025-10-07T14:22:30+00:00","mainEntityOfPage":{"@id":"https:\/\/radiolifefm.com.br\/noticias\/natal-em-meio-as-mentes-mediocres\/"},"wordCount":463,"publisher":{"@id":"https:\/\/radiolifefm.com.br\/noticias\/#organization"},"image":{"@id":"https:\/\/radiolifefm.com.br\/noticias\/natal-em-meio-as-mentes-mediocres\/#primaryimage"},"thumbnailUrl":"https:\/\/radiolifefm.com.br\/noticias\/wp-content\/uploads\/2022\/04\/WhatsApp-Image-2022-04-10-at-18.43.02.jpeg","articleSection":["Opini\u00e3o"],"inLanguage":"pt-BR"},{"@type":"WebPage","@id":"https:\/\/radiolifefm.com.br\/noticias\/natal-em-meio-as-mentes-mediocres\/","url":"https:\/\/radiolifefm.com.br\/noticias\/natal-em-meio-as-mentes-mediocres\/","name":"Natal em meio as Mentes Med\u00edocres... - R\u00e1dio Life FM","isPartOf":{"@id":"https:\/\/radiolifefm.com.br\/noticias\/#website"},"primaryImageOfPage":{"@id":"https:\/\/radiolifefm.com.br\/noticias\/natal-em-meio-as-mentes-mediocres\/#primaryimage"},"image":{"@id":"https:\/\/radiolifefm.com.br\/noticias\/natal-em-meio-as-mentes-mediocres\/#primaryimage"},"thumbnailUrl":"https:\/\/radiolifefm.com.br\/noticias\/wp-content\/uploads\/2022\/04\/WhatsApp-Image-2022-04-10-at-18.43.02.jpeg","datePublished":"2022-12-21T10:56:22+00:00","dateModified":"2025-10-07T14:22:30+00:00","breadcrumb":{"@id":"https:\/\/radiolifefm.com.br\/noticias\/natal-em-meio-as-mentes-mediocres\/#breadcrumb"},"inLanguage":"pt-BR","potentialAction":[{"@type":"ReadAction","target":["https:\/\/radiolifefm.com.br\/noticias\/natal-em-meio-as-mentes-mediocres\/"]}]},{"@type":"ImageObject","inLanguage":"pt-BR","@id":"https:\/\/radiolifefm.com.br\/noticias\/natal-em-meio-as-mentes-mediocres\/#primaryimage","url":"https:\/\/radiolifefm.com.br\/noticias\/wp-content\/uploads\/2022\/04\/WhatsApp-Image-2022-04-10-at-18.43.02.jpeg","contentUrl":"https:\/\/radiolifefm.com.br\/noticias\/wp-content\/uploads\/2022\/04\/WhatsApp-Image-2022-04-10-at-18.43.02.jpeg","width":972,"height":1296,"caption":"S\u00e9rgio Barbosa"},{"@type":"BreadcrumbList","@id":"https:\/\/radiolifefm.com.br\/noticias\/natal-em-meio-as-mentes-mediocres\/#breadcrumb","itemListElement":[{"@type":"ListItem","position":1,"name":"In\u00edcio","item":"https:\/\/radiolifefm.com.br\/noticias\/"},{"@type":"ListItem","position":2,"name":"Natal em meio as Mentes Med\u00edocres&#8230;"}]},{"@type":"WebSite","@id":"https:\/\/radiolifefm.com.br\/noticias\/#website","url":"https:\/\/radiolifefm.com.br\/noticias\/","name":"R\u00e1dio Life FM","description":"O Portal de Not\u00edcias de Adamantina","publisher":{"@id":"https:\/\/radiolifefm.com.br\/noticias\/#organization"},"alternateName":"Life FM","potentialAction":[{"@type":"SearchAction","target":{"@type":"EntryPoint","urlTemplate":"https:\/\/radiolifefm.com.br\/noticias\/?s={search_term_string}"},"query-input":{"@type":"PropertyValueSpecification","valueRequired":true,"valueName":"search_term_string"}}],"inLanguage":"pt-BR"},{"@type":"Organization","@id":"https:\/\/radiolifefm.com.br\/noticias\/#organization","name":"R\u00e1dio Life FM","alternateName":"Life FM","url":"https:\/\/radiolifefm.com.br\/noticias\/","logo":{"@type":"ImageObject","inLanguage":"pt-BR","@id":"https:\/\/radiolifefm.com.br\/noticias\/#\/schema\/logo\/image\/","url":"https:\/\/static.radiolifefm.com.br\/noticias\/wp-content\/uploads\/2019\/10\/logo-lifefm.png","contentUrl":"https:\/\/static.radiolifefm.com.br\/noticias\/wp-content\/uploads\/2019\/10\/logo-lifefm.png","width":196,"height":47,"caption":"R\u00e1dio Life FM"},"image":{"@id":"https:\/\/radiolifefm.com.br\/noticias\/#\/schema\/logo\/image\/"},"sameAs":["https:\/\/www.facebook.com\/radiolifefm\/","https:\/\/www.instagram.com\/life1079fm\/"]},{"@type":"Person","@id":"https:\/\/radiolifefm.com.br\/noticias\/#\/schema\/person\/6339b9fac59d12b071dec680d7375d87","name":"ritanery","image":{"@type":"ImageObject","inLanguage":"pt-BR","@id":"https:\/\/secure.gravatar.com\/avatar\/0e37bb19071f47c0b8a23f62a903df117c5a0e75f65a0c2901562f97cd41cf86?s=96&d=mm&r=g","url":"https:\/\/secure.gravatar.com\/avatar\/0e37bb19071f47c0b8a23f62a903df117c5a0e75f65a0c2901562f97cd41cf86?s=96&d=mm&r=g","contentUrl":"https:\/\/secure.gravatar.com\/avatar\/0e37bb19071f47c0b8a23f62a903df117c5a0e75f65a0c2901562f97cd41cf86?s=96&d=mm&r=g","caption":"ritanery"}}]}},"amp_enabled":true,"_links":{"self":[{"href":"https:\/\/radiolifefm.com.br\/noticias\/wp-json\/wp\/v2\/posts\/62629","targetHints":{"allow":["GET"]}}],"collection":[{"href":"https:\/\/radiolifefm.com.br\/noticias\/wp-json\/wp\/v2\/posts"}],"about":[{"href":"https:\/\/radiolifefm.com.br\/noticias\/wp-json\/wp\/v2\/types\/post"}],"author":[{"embeddable":true,"href":"https:\/\/radiolifefm.com.br\/noticias\/wp-json\/wp\/v2\/users\/13"}],"replies":[{"embeddable":true,"href":"https:\/\/radiolifefm.com.br\/noticias\/wp-json\/wp\/v2\/comments?post=62629"}],"version-history":[{"count":1,"href":"https:\/\/radiolifefm.com.br\/noticias\/wp-json\/wp\/v2\/posts\/62629\/revisions"}],"predecessor-version":[{"id":62630,"href":"https:\/\/radiolifefm.com.br\/noticias\/wp-json\/wp\/v2\/posts\/62629\/revisions\/62630"}],"wp:featuredmedia":[{"embeddable":true,"href":"https:\/\/radiolifefm.com.br\/noticias\/wp-json\/wp\/v2\/media\/51988"}],"wp:attachment":[{"href":"https:\/\/radiolifefm.com.br\/noticias\/wp-json\/wp\/v2\/media?parent=62629"}],"wp:term":[{"taxonomy":"category","embeddable":true,"href":"https:\/\/radiolifefm.com.br\/noticias\/wp-json\/wp\/v2\/categories?post=62629"},{"taxonomy":"post_tag","embeddable":true,"href":"https:\/\/radiolifefm.com.br\/noticias\/wp-json\/wp\/v2\/tags?post=62629"}],"curies":[{"name":"wp","href":"https:\/\/api.w.org\/{rel}","templated":true}]}}