{"id":62569,"date":"2022-12-20T13:58:30","date_gmt":"2022-12-20T16:58:30","guid":{"rendered":"https:\/\/radiolifefm.com.br\/noticias\/?p=62569"},"modified":"2025-10-04T05:50:06","modified_gmt":"2025-10-04T08:50:06","slug":"prefeitura-de-adamantina-divulga-vencedores-do-concurso-natal-magico-2022","status":"publish","type":"post","link":"https:\/\/radiolifefm.com.br\/noticias\/prefeitura-de-adamantina-divulga-vencedores-do-concurso-natal-magico-2022\/","title":{"rendered":"Prefeitura de Adamantina divulga vencedores do Concurso Natal M\u00e1gico 2022"},"content":{"rendered":"<div id=\"fb-root\"><\/div>\n<p>Em meio a muita expectativa, curiosidade e ansiedade, foram divulgados os vencedores do \u201cConcurso Natal M\u00e1gico 2022\u201d em uma solenidade realizada na noite de ontem (19), na Pra\u00e7a \u00c9lio Micheloni.<\/p>\n<div><\/div>\n<div>\n<p>A iniciativa da Prefeitura de Adamantina, por meio das Secretarias de Cultura e Turismo e de Desenvolvimento Econ\u00f4mico, foi desenvolvida com o objetivo de fomentar o com\u00e9rcio e estimular novos neg\u00f3cios, em comemora\u00e7\u00e3o a 17\u00aa edi\u00e7\u00e3o do \u201cNatal M\u00e1gico\u201d.<\/p>\n<p>A premia\u00e7\u00e3o contou com a presen\u00e7a al\u00e9m das autoridades municipais, alguns dos jurados que visitaram as lojas participantes do concurso e, ainda, representantes de cada um dos estabelecimentos comerciais que se inscreveram. Todos os participantes receberam um trof\u00e9u.<\/p>\n<p>Luciana Pereira, secretaria de Desenvolvimento Econ\u00f4mico, afirmou estar muito feliz com o resultado do concurso e a participa\u00e7\u00e3o das empresas.<\/p>\n<p>\u201cGostaria de agradecer as lojas que participaram, pelo empenho na decora\u00e7\u00e3o e por todos os jurados que dedicaram o seu tempo para fazer essa avalia\u00e7\u00e3o. A iniciativa valoriza o com\u00e9rcio e traz desenvolvimento, pois movimenta o nosso com\u00e9rcio atraindo al\u00e9m dos moradores de Adamantina, visitantes de toda regi\u00e3o\u201d, diz.<\/p>\n<p>O prefeito M\u00e1rcio Cardim, parabenizou a iniciativa. \u201cPara este ano, investimos na decora\u00e7\u00e3o e as lojas abra\u00e7aram a ideia. Para 2023, o objetivo \u00e9 melhorar ainda mais, pois essa \u00e9 uma forma de atrair pessoas \u00e0 nossa cidade, pois somos Munic\u00edpio de Interesse Tur\u00edstico\u201d, relembra.<\/p>\n<p><b>Confira a lista dos ganhadores das empresas de m\u00e9dio ou grande porte receberam<\/b><\/p>\n<\/div>\n<div><b><br \/>\n<\/b>\u20221\u00ba Lugar: A Nova Foto e \u00d3tica conquistou 313 pontos e como premia\u00e7\u00e3o recebeu R$8 mil.<br \/>\n\u20222\u00ba Lugar: Art Manha conquistou 301 pontos. Como pr\u00eamio, a loja ganhar\u00e1 R$ 4.500 mil<br \/>\n\u20223\u00baLugar \u2013Com 294 pontos, Fatos e Fotos St\u00fadio ficou R$ 3.500 milO representante da Fatos e Fotos St\u00fadio, Jairo, comentou que essa iniciativa enriquece e muito a cidade e pediu para que seja estendido para as casas no ano que vem.<\/p>\n<p>Por sua vez, Murilo da Art Manha, agradeceu a Prefeitura de Adamantina por toda a decora\u00e7\u00e3o natalina que foi instalada na cidade fazendo com que o munic\u00edpio fique ainda mais bonito.<\/p>\n<p>\u201cEssa iniciativa s\u00f3 abrilhantou ainda mais o com\u00e9rcio e tudo isso que fizemos foi pela paix\u00e3o que temos pelo Natal e pela nossa equipe. Este ano, fizemos um pouco a mais na vitrine com o objetivo de ganhar o concurso\u201d, assegura.<\/p>\n<p>O primeiro colocado, representando a Nova Foto e \u00d3tica, Jonathan, agradeceu a Prefeitura. \u201cEstamos muito felizes, pois vamos comemorar um ano de loja no s\u00e1bado e s\u00f3 podemos agradecer\u201d, assegurou.<\/p>\n<p><b>Saiba quem venceu na categoria MEI, Micro ou Pequenas Empresas<\/b><br \/>\n\u2022 1\u00ba Lugar \u2013 Com 311 pontos a vencedora foi a Curv\u00e3o Fishing Artigos de Pesca que recebeu o valor de R$ 5 mil reais.<br \/>\n\u2022 2\u00ba Lugar \u2013 Com 301 pontos \u2013 Boutique Chal\u00e9 que ganhou o pr\u00eamio de R$ 2.500,00<br \/>\n\u2022 3\u00ba Lugar \u2013 TreL\u00eaL\u00ea \u2013 Artigos Infantis que somou 277 pontos e receber\u00e1 com premia\u00e7\u00e3o R$ 1.500,00.<\/p>\n<p>\u201cOs jurados que passaram na loja foram super bacanas, eu at\u00e9 consegui vender para um deles. A iniciativa super legal, fortalece a gente, principalmente a pequena empresa que est\u00e1 tentando crescer e o pr\u00eamio ser\u00e1 usado para poder investir\u201d, afirma o representante da vencedora Curv\u00e3o Fishing Artigos de Pesca<\/p>\n<p>Os crit\u00e9rios avaliados pela comiss\u00e3o julgadora formada por membros do Poder Executivo, Legislativo, Conselho Municipal de Turismo e do Sistema S foram: criatividade, beleza, originalidade e sustentabilidade ambiental. Depois da premia\u00e7\u00e3o, subiu ao palco o grupo Los Kandangos.<\/p>\n<p><b>Confira os participantes do Concurso Natal M\u00e1gico 2022<\/b><br \/>\n\u2022 Adoletta<br \/>\n\u2022 Art Manha<br \/>\n\u2022 Bel Lar<br \/>\n\u2022 Boutique Chal\u00e9<br \/>\n\u2022 Casa das Embalagens<br \/>\n\u2022 Curv\u00e3o Fishing Artigos de Pesca em Geral<br \/>\n\u2022 Fatos e Fotos Studio<br \/>\n\u2022 Francis Cal\u00e7ados<br \/>\n\u2022 Karamelada Confec\u00e7\u00f5es<br \/>\n\u2022 Leoni<br \/>\n\u2022 Linda Flor<br \/>\n\u2022 Meu Xod\u00f3<br \/>\n\u2022 Mosconi Bar<br \/>\n\u2022 Nova Foto e \u00d3tica<br \/>\n\u2022 Outlet Galeria<br \/>\n\u2022 P\u00e9 Direito<br \/>\n\u2022 Supermercado Godoy<br \/>\n\u2022 Tre L\u00ea L\u00ea<br \/>\n\u2022 Ufa! Skateshop<br \/>\n\u2022 Zero a Cinco<\/p>\n<\/div>\n<div>\n<div class='flex flex-wrap items-center -mx-1'>\r\n<a class='thumbnail gallery p-1 w-1\/2 md:w-1\/4' href='https:\/\/radiolifefm.com.br\/noticias\/wp-content\/uploads\/2022\/12\/foto-1-scaled.jpg'><img class='border border-white' src='https:\/\/radiolifefm.com.br\/noticias\/wp-content\/uploads\/2022\/12\/foto-1-200x200.jpg' alt='Foto 1' \/><\/a><a class='thumbnail gallery p-1 w-1\/2 md:w-1\/4' href='https:\/\/radiolifefm.com.br\/noticias\/wp-content\/uploads\/2022\/12\/foto-2-1.jpg'><img class='border border-white' src='https:\/\/radiolifefm.com.br\/noticias\/wp-content\/uploads\/2022\/12\/foto-2-1-200x200.jpg' alt='Foto 2' \/><\/a><\/div>\n<\/div>\n<div><\/div>\n<div>Fonte: Assessoria de Imprensa<\/div>\n","protected":false},"excerpt":{"rendered":"<p>Em meio a muita expectativa, curiosidade e ansiedade, foram divulgados os vencedores do \u201cConcurso Natal M\u00e1gico 2022\u201d em uma solenidade realizada na noite de ontem (19), na Pra\u00e7a \u00c9lio Micheloni. A iniciativa da Prefeitura de Adamantina, por meio das Secretarias de Cultura e Turismo e de Desenvolvimento Econ\u00f4mico, foi desenvolvida com o objetivo de fomentar [&hellip;]<\/p>\n","protected":false},"author":13,"featured_media":62570,"comment_status":"closed","ping_status":"open","sticky":false,"template":"","format":"standard","meta":{"_acf_changed":false,"_exactmetrics_skip_tracking":false,"_exactmetrics_sitenote_active":false,"_exactmetrics_sitenote_note":"","_exactmetrics_sitenote_category":0,"footnotes":""},"categories":[21],"tags":[],"class_list":["post-62569","post","type-post","status-publish","format-standard","has-post-thumbnail","hentry","category-adamantina"],"acf":[],"yoast_head":"<!-- This site is optimized with the Yoast SEO plugin v27.2 - https:\/\/yoast.com\/product\/yoast-seo-wordpress\/ -->\n<title>Prefeitura de Adamantina divulga vencedores do Concurso Natal M\u00e1gico 2022 - R\u00e1dio Life FM<\/title>\n<meta name=\"robots\" content=\"index, follow, max-snippet:-1, max-image-preview:large, max-video-preview:-1\" \/>\n<link rel=\"canonical\" href=\"https:\/\/radiolifefm.com.br\/noticias\/prefeitura-de-adamantina-divulga-vencedores-do-concurso-natal-magico-2022\/\" \/>\n<meta property=\"og:locale\" content=\"pt_BR\" \/>\n<meta property=\"og:type\" content=\"article\" \/>\n<meta property=\"og:title\" content=\"Prefeitura de Adamantina divulga vencedores do Concurso Natal M\u00e1gico 2022 - R\u00e1dio Life FM\" \/>\n<meta property=\"og:description\" content=\"Em meio a muita expectativa, curiosidade e ansiedade, foram divulgados os vencedores do \u201cConcurso Natal M\u00e1gico 2022\u201d em uma solenidade realizada na noite de ontem (19), na Pra\u00e7a \u00c9lio Micheloni. A iniciativa da Prefeitura de Adamantina, por meio das Secretarias de Cultura e Turismo e de Desenvolvimento Econ\u00f4mico, foi desenvolvida com o objetivo de fomentar [&hellip;]\" \/>\n<meta property=\"og:url\" content=\"https:\/\/radiolifefm.com.br\/noticias\/prefeitura-de-adamantina-divulga-vencedores-do-concurso-natal-magico-2022\/\" \/>\n<meta property=\"og:site_name\" content=\"R\u00e1dio Life FM\" \/>\n<meta property=\"article:publisher\" content=\"https:\/\/www.facebook.com\/radiolifefm\/\" \/>\n<meta property=\"article:published_time\" content=\"2022-12-20T16:58:30+00:00\" \/>\n<meta property=\"article:modified_time\" content=\"2025-10-04T08:50:06+00:00\" \/>\n<meta property=\"og:image\" content=\"https:\/\/static.radiolifefm.com.br\/noticias\/wp-content\/uploads\/2022\/12\/foto-3-1-scaled.jpg\" \/>\n\t<meta property=\"og:image:width\" content=\"2560\" \/>\n\t<meta property=\"og:image:height\" content=\"1339\" \/>\n\t<meta property=\"og:image:type\" content=\"image\/jpeg\" \/>\n<meta name=\"author\" content=\"ritanery\" \/>\n<meta name=\"twitter:card\" content=\"summary_large_image\" \/>\n<meta name=\"twitter:label1\" content=\"Escrito por\" \/>\n\t<meta name=\"twitter:data1\" content=\"ritanery\" \/>\n\t<meta name=\"twitter:label2\" content=\"Est. tempo de leitura\" \/>\n\t<meta name=\"twitter:data2\" content=\"4 minutos\" \/>\n<script type=\"application\/ld+json\" class=\"yoast-schema-graph\">{\"@context\":\"https:\/\/schema.org\",\"@graph\":[{\"@type\":\"Article\",\"@id\":\"https:\/\/radiolifefm.com.br\/noticias\/prefeitura-de-adamantina-divulga-vencedores-do-concurso-natal-magico-2022\/#article\",\"isPartOf\":{\"@id\":\"https:\/\/radiolifefm.com.br\/noticias\/prefeitura-de-adamantina-divulga-vencedores-do-concurso-natal-magico-2022\/\"},\"author\":{\"name\":\"ritanery\",\"@id\":\"https:\/\/radiolifefm.com.br\/noticias\/#\/schema\/person\/6339b9fac59d12b071dec680d7375d87\"},\"headline\":\"Prefeitura de Adamantina divulga vencedores do Concurso Natal M\u00e1gico 2022\",\"datePublished\":\"2022-12-20T16:58:30+00:00\",\"dateModified\":\"2025-10-04T08:50:06+00:00\",\"mainEntityOfPage\":{\"@id\":\"https:\/\/radiolifefm.com.br\/noticias\/prefeitura-de-adamantina-divulga-vencedores-do-concurso-natal-magico-2022\/\"},\"wordCount\":658,\"publisher\":{\"@id\":\"https:\/\/radiolifefm.com.br\/noticias\/#organization\"},\"image\":{\"@id\":\"https:\/\/radiolifefm.com.br\/noticias\/prefeitura-de-adamantina-divulga-vencedores-do-concurso-natal-magico-2022\/#primaryimage\"},\"thumbnailUrl\":\"https:\/\/radiolifefm.com.br\/noticias\/wp-content\/uploads\/2022\/12\/foto-3-1-scaled.jpg\",\"articleSection\":[\"Adamantina\"],\"inLanguage\":\"pt-BR\"},{\"@type\":\"WebPage\",\"@id\":\"https:\/\/radiolifefm.com.br\/noticias\/prefeitura-de-adamantina-divulga-vencedores-do-concurso-natal-magico-2022\/\",\"url\":\"https:\/\/radiolifefm.com.br\/noticias\/prefeitura-de-adamantina-divulga-vencedores-do-concurso-natal-magico-2022\/\",\"name\":\"Prefeitura de Adamantina divulga vencedores do Concurso Natal M\u00e1gico 2022 - R\u00e1dio Life FM\",\"isPartOf\":{\"@id\":\"https:\/\/radiolifefm.com.br\/noticias\/#website\"},\"primaryImageOfPage\":{\"@id\":\"https:\/\/radiolifefm.com.br\/noticias\/prefeitura-de-adamantina-divulga-vencedores-do-concurso-natal-magico-2022\/#primaryimage\"},\"image\":{\"@id\":\"https:\/\/radiolifefm.com.br\/noticias\/prefeitura-de-adamantina-divulga-vencedores-do-concurso-natal-magico-2022\/#primaryimage\"},\"thumbnailUrl\":\"https:\/\/radiolifefm.com.br\/noticias\/wp-content\/uploads\/2022\/12\/foto-3-1-scaled.jpg\",\"datePublished\":\"2022-12-20T16:58:30+00:00\",\"dateModified\":\"2025-10-04T08:50:06+00:00\",\"breadcrumb\":{\"@id\":\"https:\/\/radiolifefm.com.br\/noticias\/prefeitura-de-adamantina-divulga-vencedores-do-concurso-natal-magico-2022\/#breadcrumb\"},\"inLanguage\":\"pt-BR\",\"potentialAction\":[{\"@type\":\"ReadAction\",\"target\":[\"https:\/\/radiolifefm.com.br\/noticias\/prefeitura-de-adamantina-divulga-vencedores-do-concurso-natal-magico-2022\/\"]}]},{\"@type\":\"ImageObject\",\"inLanguage\":\"pt-BR\",\"@id\":\"https:\/\/radiolifefm.com.br\/noticias\/prefeitura-de-adamantina-divulga-vencedores-do-concurso-natal-magico-2022\/#primaryimage\",\"url\":\"https:\/\/radiolifefm.com.br\/noticias\/wp-content\/uploads\/2022\/12\/foto-3-1-scaled.jpg\",\"contentUrl\":\"https:\/\/radiolifefm.com.br\/noticias\/wp-content\/uploads\/2022\/12\/foto-3-1-scaled.jpg\",\"width\":2560,\"height\":1339,\"caption\":\"Premia\u00e7\u00e3o foi realizada em uma solenidade na pra\u00e7a Elio Micheloni\"},{\"@type\":\"BreadcrumbList\",\"@id\":\"https:\/\/radiolifefm.com.br\/noticias\/prefeitura-de-adamantina-divulga-vencedores-do-concurso-natal-magico-2022\/#breadcrumb\",\"itemListElement\":[{\"@type\":\"ListItem\",\"position\":1,\"name\":\"In\u00edcio\",\"item\":\"https:\/\/radiolifefm.com.br\/noticias\/\"},{\"@type\":\"ListItem\",\"position\":2,\"name\":\"Prefeitura de Adamantina divulga vencedores do Concurso Natal M\u00e1gico 2022\"}]},{\"@type\":\"WebSite\",\"@id\":\"https:\/\/radiolifefm.com.br\/noticias\/#website\",\"url\":\"https:\/\/radiolifefm.com.br\/noticias\/\",\"name\":\"R\u00e1dio Life FM\",\"description\":\"O Portal de Not\u00edcias de Adamantina\",\"publisher\":{\"@id\":\"https:\/\/radiolifefm.com.br\/noticias\/#organization\"},\"alternateName\":\"Life FM\",\"potentialAction\":[{\"@type\":\"SearchAction\",\"target\":{\"@type\":\"EntryPoint\",\"urlTemplate\":\"https:\/\/radiolifefm.com.br\/noticias\/?s={search_term_string}\"},\"query-input\":{\"@type\":\"PropertyValueSpecification\",\"valueRequired\":true,\"valueName\":\"search_term_string\"}}],\"inLanguage\":\"pt-BR\"},{\"@type\":\"Organization\",\"@id\":\"https:\/\/radiolifefm.com.br\/noticias\/#organization\",\"name\":\"R\u00e1dio Life FM\",\"alternateName\":\"Life FM\",\"url\":\"https:\/\/radiolifefm.com.br\/noticias\/\",\"logo\":{\"@type\":\"ImageObject\",\"inLanguage\":\"pt-BR\",\"@id\":\"https:\/\/radiolifefm.com.br\/noticias\/#\/schema\/logo\/image\/\",\"url\":\"https:\/\/static.radiolifefm.com.br\/noticias\/wp-content\/uploads\/2019\/10\/logo-lifefm.png\",\"contentUrl\":\"https:\/\/static.radiolifefm.com.br\/noticias\/wp-content\/uploads\/2019\/10\/logo-lifefm.png\",\"width\":196,\"height\":47,\"caption\":\"R\u00e1dio Life FM\"},\"image\":{\"@id\":\"https:\/\/radiolifefm.com.br\/noticias\/#\/schema\/logo\/image\/\"},\"sameAs\":[\"https:\/\/www.facebook.com\/radiolifefm\/\",\"https:\/\/www.instagram.com\/life1079fm\/\"]},{\"@type\":\"Person\",\"@id\":\"https:\/\/radiolifefm.com.br\/noticias\/#\/schema\/person\/6339b9fac59d12b071dec680d7375d87\",\"name\":\"ritanery\",\"image\":{\"@type\":\"ImageObject\",\"inLanguage\":\"pt-BR\",\"@id\":\"https:\/\/secure.gravatar.com\/avatar\/0e37bb19071f47c0b8a23f62a903df117c5a0e75f65a0c2901562f97cd41cf86?s=96&d=mm&r=g\",\"url\":\"https:\/\/secure.gravatar.com\/avatar\/0e37bb19071f47c0b8a23f62a903df117c5a0e75f65a0c2901562f97cd41cf86?s=96&d=mm&r=g\",\"contentUrl\":\"https:\/\/secure.gravatar.com\/avatar\/0e37bb19071f47c0b8a23f62a903df117c5a0e75f65a0c2901562f97cd41cf86?s=96&d=mm&r=g\",\"caption\":\"ritanery\"}}]}<\/script>\n<!-- \/ Yoast SEO plugin. -->","yoast_head_json":{"title":"Prefeitura de Adamantina divulga vencedores do Concurso Natal M\u00e1gico 2022 - R\u00e1dio Life FM","robots":{"index":"index","follow":"follow","max-snippet":"max-snippet:-1","max-image-preview":"max-image-preview:large","max-video-preview":"max-video-preview:-1"},"canonical":"https:\/\/radiolifefm.com.br\/noticias\/prefeitura-de-adamantina-divulga-vencedores-do-concurso-natal-magico-2022\/","og_locale":"pt_BR","og_type":"article","og_title":"Prefeitura de Adamantina divulga vencedores do Concurso Natal M\u00e1gico 2022 - R\u00e1dio Life FM","og_description":"Em meio a muita expectativa, curiosidade e ansiedade, foram divulgados os vencedores do \u201cConcurso Natal M\u00e1gico 2022\u201d em uma solenidade realizada na noite de ontem (19), na Pra\u00e7a \u00c9lio Micheloni. A iniciativa da Prefeitura de Adamantina, por meio das Secretarias de Cultura e Turismo e de Desenvolvimento Econ\u00f4mico, foi desenvolvida com o objetivo de fomentar [&hellip;]","og_url":"https:\/\/radiolifefm.com.br\/noticias\/prefeitura-de-adamantina-divulga-vencedores-do-concurso-natal-magico-2022\/","og_site_name":"R\u00e1dio Life FM","article_publisher":"https:\/\/www.facebook.com\/radiolifefm\/","article_published_time":"2022-12-20T16:58:30+00:00","article_modified_time":"2025-10-04T08:50:06+00:00","og_image":[{"width":2560,"height":1339,"url":"https:\/\/static.radiolifefm.com.br\/noticias\/wp-content\/uploads\/2022\/12\/foto-3-1-scaled.jpg","type":"image\/jpeg"}],"author":"ritanery","twitter_card":"summary_large_image","twitter_misc":{"Escrito por":"ritanery","Est. tempo de leitura":"4 minutos"},"schema":{"@context":"https:\/\/schema.org","@graph":[{"@type":"Article","@id":"https:\/\/radiolifefm.com.br\/noticias\/prefeitura-de-adamantina-divulga-vencedores-do-concurso-natal-magico-2022\/#article","isPartOf":{"@id":"https:\/\/radiolifefm.com.br\/noticias\/prefeitura-de-adamantina-divulga-vencedores-do-concurso-natal-magico-2022\/"},"author":{"name":"ritanery","@id":"https:\/\/radiolifefm.com.br\/noticias\/#\/schema\/person\/6339b9fac59d12b071dec680d7375d87"},"headline":"Prefeitura de Adamantina divulga vencedores do Concurso Natal M\u00e1gico 2022","datePublished":"2022-12-20T16:58:30+00:00","dateModified":"2025-10-04T08:50:06+00:00","mainEntityOfPage":{"@id":"https:\/\/radiolifefm.com.br\/noticias\/prefeitura-de-adamantina-divulga-vencedores-do-concurso-natal-magico-2022\/"},"wordCount":658,"publisher":{"@id":"https:\/\/radiolifefm.com.br\/noticias\/#organization"},"image":{"@id":"https:\/\/radiolifefm.com.br\/noticias\/prefeitura-de-adamantina-divulga-vencedores-do-concurso-natal-magico-2022\/#primaryimage"},"thumbnailUrl":"https:\/\/radiolifefm.com.br\/noticias\/wp-content\/uploads\/2022\/12\/foto-3-1-scaled.jpg","articleSection":["Adamantina"],"inLanguage":"pt-BR"},{"@type":"WebPage","@id":"https:\/\/radiolifefm.com.br\/noticias\/prefeitura-de-adamantina-divulga-vencedores-do-concurso-natal-magico-2022\/","url":"https:\/\/radiolifefm.com.br\/noticias\/prefeitura-de-adamantina-divulga-vencedores-do-concurso-natal-magico-2022\/","name":"Prefeitura de Adamantina divulga vencedores do Concurso Natal M\u00e1gico 2022 - R\u00e1dio Life FM","isPartOf":{"@id":"https:\/\/radiolifefm.com.br\/noticias\/#website"},"primaryImageOfPage":{"@id":"https:\/\/radiolifefm.com.br\/noticias\/prefeitura-de-adamantina-divulga-vencedores-do-concurso-natal-magico-2022\/#primaryimage"},"image":{"@id":"https:\/\/radiolifefm.com.br\/noticias\/prefeitura-de-adamantina-divulga-vencedores-do-concurso-natal-magico-2022\/#primaryimage"},"thumbnailUrl":"https:\/\/radiolifefm.com.br\/noticias\/wp-content\/uploads\/2022\/12\/foto-3-1-scaled.jpg","datePublished":"2022-12-20T16:58:30+00:00","dateModified":"2025-10-04T08:50:06+00:00","breadcrumb":{"@id":"https:\/\/radiolifefm.com.br\/noticias\/prefeitura-de-adamantina-divulga-vencedores-do-concurso-natal-magico-2022\/#breadcrumb"},"inLanguage":"pt-BR","potentialAction":[{"@type":"ReadAction","target":["https:\/\/radiolifefm.com.br\/noticias\/prefeitura-de-adamantina-divulga-vencedores-do-concurso-natal-magico-2022\/"]}]},{"@type":"ImageObject","inLanguage":"pt-BR","@id":"https:\/\/radiolifefm.com.br\/noticias\/prefeitura-de-adamantina-divulga-vencedores-do-concurso-natal-magico-2022\/#primaryimage","url":"https:\/\/radiolifefm.com.br\/noticias\/wp-content\/uploads\/2022\/12\/foto-3-1-scaled.jpg","contentUrl":"https:\/\/radiolifefm.com.br\/noticias\/wp-content\/uploads\/2022\/12\/foto-3-1-scaled.jpg","width":2560,"height":1339,"caption":"Premia\u00e7\u00e3o foi realizada em uma solenidade na pra\u00e7a Elio Micheloni"},{"@type":"BreadcrumbList","@id":"https:\/\/radiolifefm.com.br\/noticias\/prefeitura-de-adamantina-divulga-vencedores-do-concurso-natal-magico-2022\/#breadcrumb","itemListElement":[{"@type":"ListItem","position":1,"name":"In\u00edcio","item":"https:\/\/radiolifefm.com.br\/noticias\/"},{"@type":"ListItem","position":2,"name":"Prefeitura de Adamantina divulga vencedores do Concurso Natal M\u00e1gico 2022"}]},{"@type":"WebSite","@id":"https:\/\/radiolifefm.com.br\/noticias\/#website","url":"https:\/\/radiolifefm.com.br\/noticias\/","name":"R\u00e1dio Life FM","description":"O Portal de Not\u00edcias de Adamantina","publisher":{"@id":"https:\/\/radiolifefm.com.br\/noticias\/#organization"},"alternateName":"Life FM","potentialAction":[{"@type":"SearchAction","target":{"@type":"EntryPoint","urlTemplate":"https:\/\/radiolifefm.com.br\/noticias\/?s={search_term_string}"},"query-input":{"@type":"PropertyValueSpecification","valueRequired":true,"valueName":"search_term_string"}}],"inLanguage":"pt-BR"},{"@type":"Organization","@id":"https:\/\/radiolifefm.com.br\/noticias\/#organization","name":"R\u00e1dio Life FM","alternateName":"Life FM","url":"https:\/\/radiolifefm.com.br\/noticias\/","logo":{"@type":"ImageObject","inLanguage":"pt-BR","@id":"https:\/\/radiolifefm.com.br\/noticias\/#\/schema\/logo\/image\/","url":"https:\/\/static.radiolifefm.com.br\/noticias\/wp-content\/uploads\/2019\/10\/logo-lifefm.png","contentUrl":"https:\/\/static.radiolifefm.com.br\/noticias\/wp-content\/uploads\/2019\/10\/logo-lifefm.png","width":196,"height":47,"caption":"R\u00e1dio Life FM"},"image":{"@id":"https:\/\/radiolifefm.com.br\/noticias\/#\/schema\/logo\/image\/"},"sameAs":["https:\/\/www.facebook.com\/radiolifefm\/","https:\/\/www.instagram.com\/life1079fm\/"]},{"@type":"Person","@id":"https:\/\/radiolifefm.com.br\/noticias\/#\/schema\/person\/6339b9fac59d12b071dec680d7375d87","name":"ritanery","image":{"@type":"ImageObject","inLanguage":"pt-BR","@id":"https:\/\/secure.gravatar.com\/avatar\/0e37bb19071f47c0b8a23f62a903df117c5a0e75f65a0c2901562f97cd41cf86?s=96&d=mm&r=g","url":"https:\/\/secure.gravatar.com\/avatar\/0e37bb19071f47c0b8a23f62a903df117c5a0e75f65a0c2901562f97cd41cf86?s=96&d=mm&r=g","contentUrl":"https:\/\/secure.gravatar.com\/avatar\/0e37bb19071f47c0b8a23f62a903df117c5a0e75f65a0c2901562f97cd41cf86?s=96&d=mm&r=g","caption":"ritanery"}}]}},"amp_enabled":true,"_links":{"self":[{"href":"https:\/\/radiolifefm.com.br\/noticias\/wp-json\/wp\/v2\/posts\/62569","targetHints":{"allow":["GET"]}}],"collection":[{"href":"https:\/\/radiolifefm.com.br\/noticias\/wp-json\/wp\/v2\/posts"}],"about":[{"href":"https:\/\/radiolifefm.com.br\/noticias\/wp-json\/wp\/v2\/types\/post"}],"author":[{"embeddable":true,"href":"https:\/\/radiolifefm.com.br\/noticias\/wp-json\/wp\/v2\/users\/13"}],"replies":[{"embeddable":true,"href":"https:\/\/radiolifefm.com.br\/noticias\/wp-json\/wp\/v2\/comments?post=62569"}],"version-history":[{"count":3,"href":"https:\/\/radiolifefm.com.br\/noticias\/wp-json\/wp\/v2\/posts\/62569\/revisions"}],"predecessor-version":[{"id":62575,"href":"https:\/\/radiolifefm.com.br\/noticias\/wp-json\/wp\/v2\/posts\/62569\/revisions\/62575"}],"wp:featuredmedia":[{"embeddable":true,"href":"https:\/\/radiolifefm.com.br\/noticias\/wp-json\/wp\/v2\/media\/62570"}],"wp:attachment":[{"href":"https:\/\/radiolifefm.com.br\/noticias\/wp-json\/wp\/v2\/media?parent=62569"}],"wp:term":[{"taxonomy":"category","embeddable":true,"href":"https:\/\/radiolifefm.com.br\/noticias\/wp-json\/wp\/v2\/categories?post=62569"},{"taxonomy":"post_tag","embeddable":true,"href":"https:\/\/radiolifefm.com.br\/noticias\/wp-json\/wp\/v2\/tags?post=62569"}],"curies":[{"name":"wp","href":"https:\/\/api.w.org\/{rel}","templated":true}]}}