{"id":62553,"date":"2022-12-19T14:38:17","date_gmt":"2022-12-19T17:38:17","guid":{"rendered":"https:\/\/radiolifefm.com.br\/noticias\/?p=62553"},"modified":"2026-02-25T14:06:49","modified_gmt":"2026-02-25T17:06:49","slug":"feira-livre-na-estacao-recreio-em-ritmo-natalino","status":"publish","type":"post","link":"https:\/\/radiolifefm.com.br\/noticias\/feira-livre-na-estacao-recreio-em-ritmo-natalino\/","title":{"rendered":"Feira Livre na Esta\u00e7\u00e3o Recreio em ritmo natalino."},"content":{"rendered":"<div id=\"fb-root\"><\/div>\n<p>Neste final de ano, est\u00e3o ocorrendo diversas atividades relacionadas com o per\u00edodo que antecede o Natal, sendo que a maioria destes eventos tem a chancela da SMCT- Secretaria Municipal de Cultura e Turismo com apoio do poder p\u00fablico local.<\/p>\n<p>Portanto, neste cen\u00e1rio natalino, ocorreu no domingo, 18, das 9h30 \u00e0s 11h, a \u00faltima edi\u00e7\u00e3o do Projeto FEIRA LIVRE, uma iniciativa com promo\u00e7\u00e3o e execu\u00e7\u00e3o da SMCT em parceria com a R\u00e1dio Cultura FM\/UniFAI, ainda, apoio cultural das organiza\u00e7\u00f5es, a saber: CASA S\u00c3O JOS\u00c9, PORTAGE e REMAX IMOBILI\u00c1RIA.<\/p>\n<p>Estiveram marcando presen\u00e7a os artistas da comunidade adamantinense, ou seja, uma dupla e um trio que fizeram as apresenta\u00e7\u00f5es musicais no estilo denominado de SERTANEJO RAIZ ou m\u00fasica CAIPIRA.<\/p>\n<p>No caso da dupla, as melodias marcantes e sublimes de NATAL E NATEL, tamb\u00e9m, do trio, a saber: Z\u00c9 BRITO, Z\u00c9 ROBERTO e ADRIANO.<\/p>\n<p>Todos artistas desta terra adamantinense, por nascimento ou por ado\u00e7\u00e3o, todavia, o compromisso musical destes artistas fez a diferen\u00e7a no hor\u00e1rio e\u00a0 com m\u00fasicas mais do que especiais para todos e todas os\/as participantes.<\/p>\n<p>Nestes \u00faltimos meses, foram realizadas diversas apresenta\u00e7\u00f5es com o FEIRA LIVRE no espa\u00e7o denominado de Esta\u00e7\u00e3o Recreio, desta forma, a retomada deste projeto esteve de acordo com o planejamento da Secretaria de Cultura com sua equipe, bem como, da R\u00e1dio Cultura no apoio das atividades realizadas.<\/p>\n<p>Entretanto, faz-se necess\u00e1rio registrar os trabalhos realizados pelo TERRINHA da equipe da SMCT\/PMA e da apresenta\u00e7\u00e3o do radialista J\u00d4 LIMA em todas as etapas realizadas do Projeto Feira Livre.<\/p>\n<p><strong>Pr\u00f3ximo ano<\/strong><\/p>\n<p>Em 2.023, a partir do m\u00eas de fevereiro estar\u00e1 de volta as atividades deste projeto, por\u00e9m, com uma nova proposta musical, ou seja, abrindo espa\u00e7o para outros estilos musicais por meio do FEIRA MUSICAL ou M\u00daSICA NA FEIRA, assim, espera-se que outros\/as artistas participem destas apresenta\u00e7\u00f5es art\u00edsticas.<\/p>\n<p>Tamb\u00e9m, a SMCT estar\u00e1 buscando novas parcerias que venham de encontro com a proposta deste NOVO PROJETO, haja vista que todas as atividades s\u00e3o sempre realizadas em Equipe, pois, tais objetivos acabam possibilitando novas escolhas em nome da comunidade adamantinense.<\/p>\n<p>&nbsp;<\/p>\n<div class='flex flex-wrap items-center -mx-1'>\r\n<a class='thumbnail gallery p-1 w-1\/2 md:w-1\/4' href='https:\/\/radiolifefm.com.br\/noticias\/wp-content\/uploads\/2022\/12\/WhatsApp-Image-2022-12-19-at-14.27.32.jpeg'><img class='border border-white' src='https:\/\/radiolifefm.com.br\/noticias\/wp-content\/uploads\/2022\/12\/WhatsApp-Image-2022-12-19-at-14.27.32-200x200.jpeg' alt='WhatsApp Image 2022 12 19 At 14.27.32' \/><\/a><a class='thumbnail gallery p-1 w-1\/2 md:w-1\/4' href='https:\/\/radiolifefm.com.br\/noticias\/wp-content\/uploads\/2022\/12\/WhatsApp-Image-2022-12-19-at-14.27.33-1.jpeg'><img class='border border-white' src='https:\/\/radiolifefm.com.br\/noticias\/wp-content\/uploads\/2022\/12\/WhatsApp-Image-2022-12-19-at-14.27.33-1-200x200.jpeg' alt='WhatsApp Image 2022 12 19 At 14.27.33 (1)' \/><\/a><\/div>\n<p><strong>S\u00e9rgio Barbosa \/ UniFAI-Cultura FM<\/strong><\/p>\n","protected":false},"excerpt":{"rendered":"<p>Neste final de ano, est\u00e3o ocorrendo diversas atividades relacionadas com o per\u00edodo que antecede o Natal, sendo que a maioria destes eventos tem a chancela da SMCT- Secretaria Municipal de Cultura e Turismo com apoio do poder p\u00fablico local. Portanto, neste cen\u00e1rio natalino, ocorreu no domingo, 18, das 9h30 \u00e0s 11h, a \u00faltima edi\u00e7\u00e3o do [&hellip;]<\/p>\n","protected":false},"author":13,"featured_media":62554,"comment_status":"closed","ping_status":"open","sticky":false,"template":"","format":"standard","meta":{"_acf_changed":false,"_exactmetrics_skip_tracking":false,"_exactmetrics_sitenote_active":false,"_exactmetrics_sitenote_note":"","_exactmetrics_sitenote_category":0,"footnotes":""},"categories":[21],"tags":[],"class_list":["post-62553","post","type-post","status-publish","format-standard","has-post-thumbnail","hentry","category-adamantina"],"acf":[],"yoast_head":"<!-- This site is optimized with the Yoast SEO plugin v27.2 - https:\/\/yoast.com\/product\/yoast-seo-wordpress\/ -->\n<title>Feira Livre na Esta\u00e7\u00e3o Recreio em ritmo natalino. - R\u00e1dio Life FM<\/title>\n<meta name=\"robots\" content=\"index, follow, max-snippet:-1, max-image-preview:large, max-video-preview:-1\" \/>\n<link rel=\"canonical\" href=\"https:\/\/radiolifefm.com.br\/noticias\/feira-livre-na-estacao-recreio-em-ritmo-natalino\/\" \/>\n<meta property=\"og:locale\" content=\"pt_BR\" \/>\n<meta property=\"og:type\" content=\"article\" \/>\n<meta property=\"og:title\" content=\"Feira Livre na Esta\u00e7\u00e3o Recreio em ritmo natalino. - R\u00e1dio Life FM\" \/>\n<meta property=\"og:description\" content=\"Neste final de ano, est\u00e3o ocorrendo diversas atividades relacionadas com o per\u00edodo que antecede o Natal, sendo que a maioria destes eventos tem a chancela da SMCT- Secretaria Municipal de Cultura e Turismo com apoio do poder p\u00fablico local. Portanto, neste cen\u00e1rio natalino, ocorreu no domingo, 18, das 9h30 \u00e0s 11h, a \u00faltima edi\u00e7\u00e3o do [&hellip;]\" \/>\n<meta property=\"og:url\" content=\"https:\/\/radiolifefm.com.br\/noticias\/feira-livre-na-estacao-recreio-em-ritmo-natalino\/\" \/>\n<meta property=\"og:site_name\" content=\"R\u00e1dio Life FM\" \/>\n<meta property=\"article:publisher\" content=\"https:\/\/www.facebook.com\/radiolifefm\/\" \/>\n<meta property=\"article:published_time\" content=\"2022-12-19T17:38:17+00:00\" \/>\n<meta property=\"article:modified_time\" content=\"2026-02-25T17:06:49+00:00\" \/>\n<meta property=\"og:image\" content=\"https:\/\/radiolifefm.com.br\/noticias\/wp-content\/uploads\/2022\/12\/WhatsApp-Image-2022-12-19-at-14.27.33.jpeg\" \/>\n\t<meta property=\"og:image:width\" content=\"1600\" \/>\n\t<meta property=\"og:image:height\" content=\"1200\" \/>\n\t<meta property=\"og:image:type\" content=\"image\/jpeg\" \/>\n<meta name=\"author\" content=\"ritanery\" \/>\n<meta name=\"twitter:card\" content=\"summary_large_image\" \/>\n<meta name=\"twitter:label1\" content=\"Escrito por\" \/>\n\t<meta name=\"twitter:data1\" content=\"ritanery\" \/>\n\t<meta name=\"twitter:label2\" content=\"Est. tempo de leitura\" \/>\n\t<meta name=\"twitter:data2\" content=\"2 minutos\" \/>\n<script type=\"application\/ld+json\" class=\"yoast-schema-graph\">{\"@context\":\"https:\/\/schema.org\",\"@graph\":[{\"@type\":\"Article\",\"@id\":\"https:\/\/radiolifefm.com.br\/noticias\/feira-livre-na-estacao-recreio-em-ritmo-natalino\/#article\",\"isPartOf\":{\"@id\":\"https:\/\/radiolifefm.com.br\/noticias\/feira-livre-na-estacao-recreio-em-ritmo-natalino\/\"},\"author\":{\"name\":\"ritanery\",\"@id\":\"https:\/\/radiolifefm.com.br\/noticias\/#\/schema\/person\/6339b9fac59d12b071dec680d7375d87\"},\"headline\":\"Feira Livre na Esta\u00e7\u00e3o Recreio em ritmo natalino.\",\"datePublished\":\"2022-12-19T17:38:17+00:00\",\"dateModified\":\"2026-02-25T17:06:49+00:00\",\"mainEntityOfPage\":{\"@id\":\"https:\/\/radiolifefm.com.br\/noticias\/feira-livre-na-estacao-recreio-em-ritmo-natalino\/\"},\"wordCount\":394,\"publisher\":{\"@id\":\"https:\/\/radiolifefm.com.br\/noticias\/#organization\"},\"image\":{\"@id\":\"https:\/\/radiolifefm.com.br\/noticias\/feira-livre-na-estacao-recreio-em-ritmo-natalino\/#primaryimage\"},\"thumbnailUrl\":\"https:\/\/radiolifefm.com.br\/noticias\/wp-content\/uploads\/2022\/12\/WhatsApp-Image-2022-12-19-at-14.27.33.jpeg\",\"articleSection\":[\"Adamantina\"],\"inLanguage\":\"pt-BR\"},{\"@type\":\"WebPage\",\"@id\":\"https:\/\/radiolifefm.com.br\/noticias\/feira-livre-na-estacao-recreio-em-ritmo-natalino\/\",\"url\":\"https:\/\/radiolifefm.com.br\/noticias\/feira-livre-na-estacao-recreio-em-ritmo-natalino\/\",\"name\":\"Feira Livre na Esta\u00e7\u00e3o Recreio em ritmo natalino. - R\u00e1dio Life FM\",\"isPartOf\":{\"@id\":\"https:\/\/radiolifefm.com.br\/noticias\/#website\"},\"primaryImageOfPage\":{\"@id\":\"https:\/\/radiolifefm.com.br\/noticias\/feira-livre-na-estacao-recreio-em-ritmo-natalino\/#primaryimage\"},\"image\":{\"@id\":\"https:\/\/radiolifefm.com.br\/noticias\/feira-livre-na-estacao-recreio-em-ritmo-natalino\/#primaryimage\"},\"thumbnailUrl\":\"https:\/\/radiolifefm.com.br\/noticias\/wp-content\/uploads\/2022\/12\/WhatsApp-Image-2022-12-19-at-14.27.33.jpeg\",\"datePublished\":\"2022-12-19T17:38:17+00:00\",\"dateModified\":\"2026-02-25T17:06:49+00:00\",\"breadcrumb\":{\"@id\":\"https:\/\/radiolifefm.com.br\/noticias\/feira-livre-na-estacao-recreio-em-ritmo-natalino\/#breadcrumb\"},\"inLanguage\":\"pt-BR\",\"potentialAction\":[{\"@type\":\"ReadAction\",\"target\":[\"https:\/\/radiolifefm.com.br\/noticias\/feira-livre-na-estacao-recreio-em-ritmo-natalino\/\"]}]},{\"@type\":\"ImageObject\",\"inLanguage\":\"pt-BR\",\"@id\":\"https:\/\/radiolifefm.com.br\/noticias\/feira-livre-na-estacao-recreio-em-ritmo-natalino\/#primaryimage\",\"url\":\"https:\/\/radiolifefm.com.br\/noticias\/wp-content\/uploads\/2022\/12\/WhatsApp-Image-2022-12-19-at-14.27.33.jpeg\",\"contentUrl\":\"https:\/\/radiolifefm.com.br\/noticias\/wp-content\/uploads\/2022\/12\/WhatsApp-Image-2022-12-19-at-14.27.33.jpeg\",\"width\":1600,\"height\":1200},{\"@type\":\"BreadcrumbList\",\"@id\":\"https:\/\/radiolifefm.com.br\/noticias\/feira-livre-na-estacao-recreio-em-ritmo-natalino\/#breadcrumb\",\"itemListElement\":[{\"@type\":\"ListItem\",\"position\":1,\"name\":\"In\u00edcio\",\"item\":\"https:\/\/radiolifefm.com.br\/noticias\/\"},{\"@type\":\"ListItem\",\"position\":2,\"name\":\"Feira Livre na Esta\u00e7\u00e3o Recreio em ritmo natalino.\"}]},{\"@type\":\"WebSite\",\"@id\":\"https:\/\/radiolifefm.com.br\/noticias\/#website\",\"url\":\"https:\/\/radiolifefm.com.br\/noticias\/\",\"name\":\"R\u00e1dio Life FM\",\"description\":\"O Portal de Not\u00edcias de Adamantina\",\"publisher\":{\"@id\":\"https:\/\/radiolifefm.com.br\/noticias\/#organization\"},\"alternateName\":\"Life FM\",\"potentialAction\":[{\"@type\":\"SearchAction\",\"target\":{\"@type\":\"EntryPoint\",\"urlTemplate\":\"https:\/\/radiolifefm.com.br\/noticias\/?s={search_term_string}\"},\"query-input\":{\"@type\":\"PropertyValueSpecification\",\"valueRequired\":true,\"valueName\":\"search_term_string\"}}],\"inLanguage\":\"pt-BR\"},{\"@type\":\"Organization\",\"@id\":\"https:\/\/radiolifefm.com.br\/noticias\/#organization\",\"name\":\"R\u00e1dio Life FM\",\"alternateName\":\"Life FM\",\"url\":\"https:\/\/radiolifefm.com.br\/noticias\/\",\"logo\":{\"@type\":\"ImageObject\",\"inLanguage\":\"pt-BR\",\"@id\":\"https:\/\/radiolifefm.com.br\/noticias\/#\/schema\/logo\/image\/\",\"url\":\"https:\/\/static.radiolifefm.com.br\/noticias\/wp-content\/uploads\/2019\/10\/logo-lifefm.png\",\"contentUrl\":\"https:\/\/static.radiolifefm.com.br\/noticias\/wp-content\/uploads\/2019\/10\/logo-lifefm.png\",\"width\":196,\"height\":47,\"caption\":\"R\u00e1dio Life FM\"},\"image\":{\"@id\":\"https:\/\/radiolifefm.com.br\/noticias\/#\/schema\/logo\/image\/\"},\"sameAs\":[\"https:\/\/www.facebook.com\/radiolifefm\/\",\"https:\/\/www.instagram.com\/life1079fm\/\"]},{\"@type\":\"Person\",\"@id\":\"https:\/\/radiolifefm.com.br\/noticias\/#\/schema\/person\/6339b9fac59d12b071dec680d7375d87\",\"name\":\"ritanery\",\"image\":{\"@type\":\"ImageObject\",\"inLanguage\":\"pt-BR\",\"@id\":\"https:\/\/secure.gravatar.com\/avatar\/0e37bb19071f47c0b8a23f62a903df117c5a0e75f65a0c2901562f97cd41cf86?s=96&d=mm&r=g\",\"url\":\"https:\/\/secure.gravatar.com\/avatar\/0e37bb19071f47c0b8a23f62a903df117c5a0e75f65a0c2901562f97cd41cf86?s=96&d=mm&r=g\",\"contentUrl\":\"https:\/\/secure.gravatar.com\/avatar\/0e37bb19071f47c0b8a23f62a903df117c5a0e75f65a0c2901562f97cd41cf86?s=96&d=mm&r=g\",\"caption\":\"ritanery\"}}]}<\/script>\n<!-- \/ Yoast SEO plugin. -->","yoast_head_json":{"title":"Feira Livre na Esta\u00e7\u00e3o Recreio em ritmo natalino. - R\u00e1dio Life FM","robots":{"index":"index","follow":"follow","max-snippet":"max-snippet:-1","max-image-preview":"max-image-preview:large","max-video-preview":"max-video-preview:-1"},"canonical":"https:\/\/radiolifefm.com.br\/noticias\/feira-livre-na-estacao-recreio-em-ritmo-natalino\/","og_locale":"pt_BR","og_type":"article","og_title":"Feira Livre na Esta\u00e7\u00e3o Recreio em ritmo natalino. - R\u00e1dio Life FM","og_description":"Neste final de ano, est\u00e3o ocorrendo diversas atividades relacionadas com o per\u00edodo que antecede o Natal, sendo que a maioria destes eventos tem a chancela da SMCT- Secretaria Municipal de Cultura e Turismo com apoio do poder p\u00fablico local. Portanto, neste cen\u00e1rio natalino, ocorreu no domingo, 18, das 9h30 \u00e0s 11h, a \u00faltima edi\u00e7\u00e3o do [&hellip;]","og_url":"https:\/\/radiolifefm.com.br\/noticias\/feira-livre-na-estacao-recreio-em-ritmo-natalino\/","og_site_name":"R\u00e1dio Life FM","article_publisher":"https:\/\/www.facebook.com\/radiolifefm\/","article_published_time":"2022-12-19T17:38:17+00:00","article_modified_time":"2026-02-25T17:06:49+00:00","og_image":[{"width":1600,"height":1200,"url":"https:\/\/radiolifefm.com.br\/noticias\/wp-content\/uploads\/2022\/12\/WhatsApp-Image-2022-12-19-at-14.27.33.jpeg","type":"image\/jpeg"}],"author":"ritanery","twitter_card":"summary_large_image","twitter_misc":{"Escrito por":"ritanery","Est. tempo de leitura":"2 minutos"},"schema":{"@context":"https:\/\/schema.org","@graph":[{"@type":"Article","@id":"https:\/\/radiolifefm.com.br\/noticias\/feira-livre-na-estacao-recreio-em-ritmo-natalino\/#article","isPartOf":{"@id":"https:\/\/radiolifefm.com.br\/noticias\/feira-livre-na-estacao-recreio-em-ritmo-natalino\/"},"author":{"name":"ritanery","@id":"https:\/\/radiolifefm.com.br\/noticias\/#\/schema\/person\/6339b9fac59d12b071dec680d7375d87"},"headline":"Feira Livre na Esta\u00e7\u00e3o Recreio em ritmo natalino.","datePublished":"2022-12-19T17:38:17+00:00","dateModified":"2026-02-25T17:06:49+00:00","mainEntityOfPage":{"@id":"https:\/\/radiolifefm.com.br\/noticias\/feira-livre-na-estacao-recreio-em-ritmo-natalino\/"},"wordCount":394,"publisher":{"@id":"https:\/\/radiolifefm.com.br\/noticias\/#organization"},"image":{"@id":"https:\/\/radiolifefm.com.br\/noticias\/feira-livre-na-estacao-recreio-em-ritmo-natalino\/#primaryimage"},"thumbnailUrl":"https:\/\/radiolifefm.com.br\/noticias\/wp-content\/uploads\/2022\/12\/WhatsApp-Image-2022-12-19-at-14.27.33.jpeg","articleSection":["Adamantina"],"inLanguage":"pt-BR"},{"@type":"WebPage","@id":"https:\/\/radiolifefm.com.br\/noticias\/feira-livre-na-estacao-recreio-em-ritmo-natalino\/","url":"https:\/\/radiolifefm.com.br\/noticias\/feira-livre-na-estacao-recreio-em-ritmo-natalino\/","name":"Feira Livre na Esta\u00e7\u00e3o Recreio em ritmo natalino. - R\u00e1dio Life FM","isPartOf":{"@id":"https:\/\/radiolifefm.com.br\/noticias\/#website"},"primaryImageOfPage":{"@id":"https:\/\/radiolifefm.com.br\/noticias\/feira-livre-na-estacao-recreio-em-ritmo-natalino\/#primaryimage"},"image":{"@id":"https:\/\/radiolifefm.com.br\/noticias\/feira-livre-na-estacao-recreio-em-ritmo-natalino\/#primaryimage"},"thumbnailUrl":"https:\/\/radiolifefm.com.br\/noticias\/wp-content\/uploads\/2022\/12\/WhatsApp-Image-2022-12-19-at-14.27.33.jpeg","datePublished":"2022-12-19T17:38:17+00:00","dateModified":"2026-02-25T17:06:49+00:00","breadcrumb":{"@id":"https:\/\/radiolifefm.com.br\/noticias\/feira-livre-na-estacao-recreio-em-ritmo-natalino\/#breadcrumb"},"inLanguage":"pt-BR","potentialAction":[{"@type":"ReadAction","target":["https:\/\/radiolifefm.com.br\/noticias\/feira-livre-na-estacao-recreio-em-ritmo-natalino\/"]}]},{"@type":"ImageObject","inLanguage":"pt-BR","@id":"https:\/\/radiolifefm.com.br\/noticias\/feira-livre-na-estacao-recreio-em-ritmo-natalino\/#primaryimage","url":"https:\/\/radiolifefm.com.br\/noticias\/wp-content\/uploads\/2022\/12\/WhatsApp-Image-2022-12-19-at-14.27.33.jpeg","contentUrl":"https:\/\/radiolifefm.com.br\/noticias\/wp-content\/uploads\/2022\/12\/WhatsApp-Image-2022-12-19-at-14.27.33.jpeg","width":1600,"height":1200},{"@type":"BreadcrumbList","@id":"https:\/\/radiolifefm.com.br\/noticias\/feira-livre-na-estacao-recreio-em-ritmo-natalino\/#breadcrumb","itemListElement":[{"@type":"ListItem","position":1,"name":"In\u00edcio","item":"https:\/\/radiolifefm.com.br\/noticias\/"},{"@type":"ListItem","position":2,"name":"Feira Livre na Esta\u00e7\u00e3o Recreio em ritmo natalino."}]},{"@type":"WebSite","@id":"https:\/\/radiolifefm.com.br\/noticias\/#website","url":"https:\/\/radiolifefm.com.br\/noticias\/","name":"R\u00e1dio Life FM","description":"O Portal de Not\u00edcias de Adamantina","publisher":{"@id":"https:\/\/radiolifefm.com.br\/noticias\/#organization"},"alternateName":"Life FM","potentialAction":[{"@type":"SearchAction","target":{"@type":"EntryPoint","urlTemplate":"https:\/\/radiolifefm.com.br\/noticias\/?s={search_term_string}"},"query-input":{"@type":"PropertyValueSpecification","valueRequired":true,"valueName":"search_term_string"}}],"inLanguage":"pt-BR"},{"@type":"Organization","@id":"https:\/\/radiolifefm.com.br\/noticias\/#organization","name":"R\u00e1dio Life FM","alternateName":"Life FM","url":"https:\/\/radiolifefm.com.br\/noticias\/","logo":{"@type":"ImageObject","inLanguage":"pt-BR","@id":"https:\/\/radiolifefm.com.br\/noticias\/#\/schema\/logo\/image\/","url":"https:\/\/static.radiolifefm.com.br\/noticias\/wp-content\/uploads\/2019\/10\/logo-lifefm.png","contentUrl":"https:\/\/static.radiolifefm.com.br\/noticias\/wp-content\/uploads\/2019\/10\/logo-lifefm.png","width":196,"height":47,"caption":"R\u00e1dio Life FM"},"image":{"@id":"https:\/\/radiolifefm.com.br\/noticias\/#\/schema\/logo\/image\/"},"sameAs":["https:\/\/www.facebook.com\/radiolifefm\/","https:\/\/www.instagram.com\/life1079fm\/"]},{"@type":"Person","@id":"https:\/\/radiolifefm.com.br\/noticias\/#\/schema\/person\/6339b9fac59d12b071dec680d7375d87","name":"ritanery","image":{"@type":"ImageObject","inLanguage":"pt-BR","@id":"https:\/\/secure.gravatar.com\/avatar\/0e37bb19071f47c0b8a23f62a903df117c5a0e75f65a0c2901562f97cd41cf86?s=96&d=mm&r=g","url":"https:\/\/secure.gravatar.com\/avatar\/0e37bb19071f47c0b8a23f62a903df117c5a0e75f65a0c2901562f97cd41cf86?s=96&d=mm&r=g","contentUrl":"https:\/\/secure.gravatar.com\/avatar\/0e37bb19071f47c0b8a23f62a903df117c5a0e75f65a0c2901562f97cd41cf86?s=96&d=mm&r=g","caption":"ritanery"}}]}},"amp_enabled":true,"_links":{"self":[{"href":"https:\/\/radiolifefm.com.br\/noticias\/wp-json\/wp\/v2\/posts\/62553","targetHints":{"allow":["GET"]}}],"collection":[{"href":"https:\/\/radiolifefm.com.br\/noticias\/wp-json\/wp\/v2\/posts"}],"about":[{"href":"https:\/\/radiolifefm.com.br\/noticias\/wp-json\/wp\/v2\/types\/post"}],"author":[{"embeddable":true,"href":"https:\/\/radiolifefm.com.br\/noticias\/wp-json\/wp\/v2\/users\/13"}],"replies":[{"embeddable":true,"href":"https:\/\/radiolifefm.com.br\/noticias\/wp-json\/wp\/v2\/comments?post=62553"}],"version-history":[{"count":1,"href":"https:\/\/radiolifefm.com.br\/noticias\/wp-json\/wp\/v2\/posts\/62553\/revisions"}],"predecessor-version":[{"id":62557,"href":"https:\/\/radiolifefm.com.br\/noticias\/wp-json\/wp\/v2\/posts\/62553\/revisions\/62557"}],"wp:featuredmedia":[{"embeddable":true,"href":"https:\/\/radiolifefm.com.br\/noticias\/wp-json\/wp\/v2\/media\/62554"}],"wp:attachment":[{"href":"https:\/\/radiolifefm.com.br\/noticias\/wp-json\/wp\/v2\/media?parent=62553"}],"wp:term":[{"taxonomy":"category","embeddable":true,"href":"https:\/\/radiolifefm.com.br\/noticias\/wp-json\/wp\/v2\/categories?post=62553"},{"taxonomy":"post_tag","embeddable":true,"href":"https:\/\/radiolifefm.com.br\/noticias\/wp-json\/wp\/v2\/tags?post=62553"}],"curies":[{"name":"wp","href":"https:\/\/api.w.org\/{rel}","templated":true}]}}