{"id":61958,"date":"2022-12-09T08:16:40","date_gmt":"2022-12-09T11:16:40","guid":{"rendered":"https:\/\/radiolifefm.com.br\/noticias\/?p=61958"},"modified":"2026-04-24T16:39:27","modified_gmt":"2026-04-24T19:39:27","slug":"midia-e-poder-uma-reflexao-tupiniquim","status":"publish","type":"post","link":"https:\/\/radiolifefm.com.br\/noticias\/midia-e-poder-uma-reflexao-tupiniquim\/","title":{"rendered":"M\u00cdDIA E PODER: UMA REFLEX\u00c3O TUPINIQUIM!"},"content":{"rendered":"<div id=\"fb-root\"><\/div>\n<p><em>\u00a0<\/em><\/p>\n<p><em>\u201c\u00c0s vezes, a \u00fanica coisa verdadeira num jornal \u00e9 a data\u201d.<\/em><\/p>\n<p><em>\u00a0<\/em><\/p>\n<p><strong><em>S\u00e9rgio Barbosa (*)<\/em><\/strong><\/p>\n<p>&nbsp;<\/p>\n<p>A m\u00eddia tupiniquim continua trazendo em suas pautas muitas desinforma\u00e7\u00f5es sobre isto e aquilo, claro, tudo pode acontecer para este ou aquele lado, assim, o \u201cPa\u00eds do faz de conta\u201d continua, ainda, patinando nas suas contradi\u00e7\u00f5es de sempre por causa disto ou daquilo, ainda, sem mais e com muito menos&#8230;<\/p>\n<p>O cen\u00e1rio continua um tanto quando complicado por causa dos \u00faltimos anos com tantos desencontros em nome do eterno PODER ECON\u00d4MICO, bem como, em meio aos discursos inacabados pela busca do poder pelo poder e ponto quase final, ainda, em uma hist\u00f3ria pol\u00edtica ou quem sabe, naquela aventura pela conquista do trono no planalto central&#8230;<\/p>\n<p>As palavras servem como ponto de partida para a maioria dos pol\u00edticos de sempre, quando apostam suas fichas num jogo pela troca disto ou daquilo, afinal de contas, sonhar \u00e9 preciso para um dos lados desta mesa de jogo tupiniquim&#8230;<\/p>\n<p>Os falsos profetas est\u00e3o em todos os lugares para uma confiss\u00e3o com in\u00edcio e meio, o fim fica para depois do acerto da propina pela vontade de estar no meio das comiss\u00f5es e se poss\u00edvel, finalizando o jogo com um dep\u00f3sito escondido numa conta corrente perdida num banco estatal em tempo de p\u00f3s-globaliza\u00e7\u00e3o&#8230;<\/p>\n<p>Os fatos viram produtos de venda numa m\u00eddia viciada pelo com\u00e9rcio ilegal da informa\u00e7\u00e3o em busca do outro lado de uma mensagem codificada pelos profissionais de um ve\u00edculo qualquer em busca dos pontos de uma ag\u00eancia de pesquisa maquiada pelos interesses de um mercado provinciano&#8230;<\/p>\n<p>Diz a frase do outro tempo que \u201cnada se cria, tudo se copia\u201d, desta forma, pode-se refletir sobre o papel desta m\u00eddia frente \u00e0s mudan\u00e7as do planeta terra para um desencontro a mais com a \u00e9tica jornal\u00edstica nas propostas de uma pauta comercializada pelos donos de uma empresa comercial com propostas escondidas pela sombra de uma concess\u00e3o p\u00fablica ou alvar\u00e1 de funcionamento&#8230;<\/p>\n<p>O mundo anda conturbando pelos esc\u00e2ndalos deste tempo que se chama hoje, assim, as mensagens seguem um caminho sem volta para o emissor em tempo de globaliza\u00e7\u00e3o, entretanto, a exig\u00eancia do receptor continua reclamando pela \u00e9tica da informa\u00e7\u00e3o e pela profissionaliza\u00e7\u00e3o da m\u00eddia como fonte para uma reflex\u00e3o cr\u00edtica sobre os acontecimentos contempor\u00e2neos&#8230;<\/p>\n<p>A m\u00eddia continua criando os filhos da pauta pelas propostas desta ou daquela escola de comunica\u00e7\u00e3o, mesmo assim, tudo pode acontecer de um momento para outro neste contexto plural para o mercado tupiniquim&#8230;<\/p>\n<p>O singular neste caso \u00e9 um detalhe a mais para um desencontro com as respostas sem perguntas das m\u00eddias em n\u00edveis nacional e internacional, bem como, num cen\u00e1rio entre a barb\u00e1rie e a tecnologia de ponta para um mesmo p\u00fablico alvo&#8230;<\/p>\n<p>QUEM VIVER VAI SOBREVIVER&#8230;<\/p>\n<p><strong><em>______________________________________________<\/em><\/strong><\/p>\n<p><strong><em>(*) Jornalista diplomado e professor universit\u00e1rio.<\/em><\/strong><\/p>\n<p><strong><em>e-mail: <a href=\"mailto:barbosa.sebar@gmail.com\">barbosa.sebar@gmail.com<\/a><\/em><\/strong><\/p>\n","protected":false},"excerpt":{"rendered":"<p>\u00a0 \u201c\u00c0s vezes, a \u00fanica coisa verdadeira num jornal \u00e9 a data\u201d. \u00a0 S\u00e9rgio Barbosa (*) &nbsp; A m\u00eddia tupiniquim continua trazendo em suas pautas muitas desinforma\u00e7\u00f5es sobre isto e aquilo, claro, tudo pode acontecer para este ou aquele lado, assim, o \u201cPa\u00eds do faz de conta\u201d continua, ainda, patinando nas suas contradi\u00e7\u00f5es de sempre [&hellip;]<\/p>\n","protected":false},"author":13,"featured_media":51988,"comment_status":"closed","ping_status":"open","sticky":false,"template":"","format":"standard","meta":{"_acf_changed":false,"_exactmetrics_skip_tracking":false,"_exactmetrics_sitenote_active":false,"_exactmetrics_sitenote_note":"","_exactmetrics_sitenote_category":0,"footnotes":""},"categories":[59],"tags":[],"class_list":["post-61958","post","type-post","status-publish","format-standard","has-post-thumbnail","hentry","category-opiniao"],"acf":[],"yoast_head":"<!-- This site is optimized with the Yoast SEO plugin v27.2 - https:\/\/yoast.com\/product\/yoast-seo-wordpress\/ -->\n<title>M\u00cdDIA E PODER: UMA REFLEX\u00c3O TUPINIQUIM! - R\u00e1dio Life FM<\/title>\n<meta name=\"robots\" content=\"index, follow, max-snippet:-1, max-image-preview:large, max-video-preview:-1\" \/>\n<link rel=\"canonical\" href=\"https:\/\/radiolifefm.com.br\/noticias\/midia-e-poder-uma-reflexao-tupiniquim\/\" \/>\n<meta property=\"og:locale\" content=\"pt_BR\" \/>\n<meta property=\"og:type\" content=\"article\" \/>\n<meta property=\"og:title\" content=\"M\u00cdDIA E PODER: UMA REFLEX\u00c3O TUPINIQUIM! - R\u00e1dio Life FM\" \/>\n<meta property=\"og:description\" content=\"\u00a0 \u201c\u00c0s vezes, a \u00fanica coisa verdadeira num jornal \u00e9 a data\u201d. \u00a0 S\u00e9rgio Barbosa (*) &nbsp; A m\u00eddia tupiniquim continua trazendo em suas pautas muitas desinforma\u00e7\u00f5es sobre isto e aquilo, claro, tudo pode acontecer para este ou aquele lado, assim, o \u201cPa\u00eds do faz de conta\u201d continua, ainda, patinando nas suas contradi\u00e7\u00f5es de sempre [&hellip;]\" \/>\n<meta property=\"og:url\" content=\"https:\/\/radiolifefm.com.br\/noticias\/midia-e-poder-uma-reflexao-tupiniquim\/\" \/>\n<meta property=\"og:site_name\" content=\"R\u00e1dio Life FM\" \/>\n<meta property=\"article:publisher\" content=\"https:\/\/www.facebook.com\/radiolifefm\/\" \/>\n<meta property=\"article:published_time\" content=\"2022-12-09T11:16:40+00:00\" \/>\n<meta property=\"article:modified_time\" content=\"2026-04-24T19:39:27+00:00\" \/>\n<meta property=\"og:image\" content=\"https:\/\/radiolifefm.com.br\/noticias\/wp-content\/uploads\/2022\/04\/WhatsApp-Image-2022-04-10-at-18.43.02.jpeg\" \/>\n\t<meta property=\"og:image:width\" content=\"972\" \/>\n\t<meta property=\"og:image:height\" content=\"1296\" \/>\n\t<meta property=\"og:image:type\" content=\"image\/jpeg\" \/>\n<meta name=\"author\" content=\"ritanery\" \/>\n<meta name=\"twitter:card\" content=\"summary_large_image\" \/>\n<meta name=\"twitter:label1\" content=\"Escrito por\" \/>\n\t<meta name=\"twitter:data1\" content=\"ritanery\" \/>\n\t<meta name=\"twitter:label2\" content=\"Est. tempo de leitura\" \/>\n\t<meta name=\"twitter:data2\" content=\"3 minutos\" \/>\n<script type=\"application\/ld+json\" class=\"yoast-schema-graph\">{\"@context\":\"https:\/\/schema.org\",\"@graph\":[{\"@type\":\"Article\",\"@id\":\"https:\/\/radiolifefm.com.br\/noticias\/midia-e-poder-uma-reflexao-tupiniquim\/#article\",\"isPartOf\":{\"@id\":\"https:\/\/radiolifefm.com.br\/noticias\/midia-e-poder-uma-reflexao-tupiniquim\/\"},\"author\":{\"name\":\"ritanery\",\"@id\":\"https:\/\/radiolifefm.com.br\/noticias\/#\/schema\/person\/6339b9fac59d12b071dec680d7375d87\"},\"headline\":\"M\u00cdDIA E PODER: UMA REFLEX\u00c3O TUPINIQUIM!\",\"datePublished\":\"2022-12-09T11:16:40+00:00\",\"dateModified\":\"2026-04-24T19:39:27+00:00\",\"mainEntityOfPage\":{\"@id\":\"https:\/\/radiolifefm.com.br\/noticias\/midia-e-poder-uma-reflexao-tupiniquim\/\"},\"wordCount\":510,\"publisher\":{\"@id\":\"https:\/\/radiolifefm.com.br\/noticias\/#organization\"},\"image\":{\"@id\":\"https:\/\/radiolifefm.com.br\/noticias\/midia-e-poder-uma-reflexao-tupiniquim\/#primaryimage\"},\"thumbnailUrl\":\"https:\/\/radiolifefm.com.br\/noticias\/wp-content\/uploads\/2022\/04\/WhatsApp-Image-2022-04-10-at-18.43.02.jpeg\",\"articleSection\":[\"Opini\u00e3o\"],\"inLanguage\":\"pt-BR\"},{\"@type\":\"WebPage\",\"@id\":\"https:\/\/radiolifefm.com.br\/noticias\/midia-e-poder-uma-reflexao-tupiniquim\/\",\"url\":\"https:\/\/radiolifefm.com.br\/noticias\/midia-e-poder-uma-reflexao-tupiniquim\/\",\"name\":\"M\u00cdDIA E PODER: UMA REFLEX\u00c3O TUPINIQUIM! - R\u00e1dio Life FM\",\"isPartOf\":{\"@id\":\"https:\/\/radiolifefm.com.br\/noticias\/#website\"},\"primaryImageOfPage\":{\"@id\":\"https:\/\/radiolifefm.com.br\/noticias\/midia-e-poder-uma-reflexao-tupiniquim\/#primaryimage\"},\"image\":{\"@id\":\"https:\/\/radiolifefm.com.br\/noticias\/midia-e-poder-uma-reflexao-tupiniquim\/#primaryimage\"},\"thumbnailUrl\":\"https:\/\/radiolifefm.com.br\/noticias\/wp-content\/uploads\/2022\/04\/WhatsApp-Image-2022-04-10-at-18.43.02.jpeg\",\"datePublished\":\"2022-12-09T11:16:40+00:00\",\"dateModified\":\"2026-04-24T19:39:27+00:00\",\"breadcrumb\":{\"@id\":\"https:\/\/radiolifefm.com.br\/noticias\/midia-e-poder-uma-reflexao-tupiniquim\/#breadcrumb\"},\"inLanguage\":\"pt-BR\",\"potentialAction\":[{\"@type\":\"ReadAction\",\"target\":[\"https:\/\/radiolifefm.com.br\/noticias\/midia-e-poder-uma-reflexao-tupiniquim\/\"]}]},{\"@type\":\"ImageObject\",\"inLanguage\":\"pt-BR\",\"@id\":\"https:\/\/radiolifefm.com.br\/noticias\/midia-e-poder-uma-reflexao-tupiniquim\/#primaryimage\",\"url\":\"https:\/\/radiolifefm.com.br\/noticias\/wp-content\/uploads\/2022\/04\/WhatsApp-Image-2022-04-10-at-18.43.02.jpeg\",\"contentUrl\":\"https:\/\/radiolifefm.com.br\/noticias\/wp-content\/uploads\/2022\/04\/WhatsApp-Image-2022-04-10-at-18.43.02.jpeg\",\"width\":972,\"height\":1296,\"caption\":\"S\u00e9rgio Barbosa\"},{\"@type\":\"BreadcrumbList\",\"@id\":\"https:\/\/radiolifefm.com.br\/noticias\/midia-e-poder-uma-reflexao-tupiniquim\/#breadcrumb\",\"itemListElement\":[{\"@type\":\"ListItem\",\"position\":1,\"name\":\"In\u00edcio\",\"item\":\"https:\/\/radiolifefm.com.br\/noticias\/\"},{\"@type\":\"ListItem\",\"position\":2,\"name\":\"M\u00cdDIA E PODER: UMA REFLEX\u00c3O TUPINIQUIM!\"}]},{\"@type\":\"WebSite\",\"@id\":\"https:\/\/radiolifefm.com.br\/noticias\/#website\",\"url\":\"https:\/\/radiolifefm.com.br\/noticias\/\",\"name\":\"R\u00e1dio Life FM\",\"description\":\"O Portal de Not\u00edcias de Adamantina\",\"publisher\":{\"@id\":\"https:\/\/radiolifefm.com.br\/noticias\/#organization\"},\"alternateName\":\"Life FM\",\"potentialAction\":[{\"@type\":\"SearchAction\",\"target\":{\"@type\":\"EntryPoint\",\"urlTemplate\":\"https:\/\/radiolifefm.com.br\/noticias\/?s={search_term_string}\"},\"query-input\":{\"@type\":\"PropertyValueSpecification\",\"valueRequired\":true,\"valueName\":\"search_term_string\"}}],\"inLanguage\":\"pt-BR\"},{\"@type\":\"Organization\",\"@id\":\"https:\/\/radiolifefm.com.br\/noticias\/#organization\",\"name\":\"R\u00e1dio Life FM\",\"alternateName\":\"Life FM\",\"url\":\"https:\/\/radiolifefm.com.br\/noticias\/\",\"logo\":{\"@type\":\"ImageObject\",\"inLanguage\":\"pt-BR\",\"@id\":\"https:\/\/radiolifefm.com.br\/noticias\/#\/schema\/logo\/image\/\",\"url\":\"https:\/\/static.radiolifefm.com.br\/noticias\/wp-content\/uploads\/2019\/10\/logo-lifefm.png\",\"contentUrl\":\"https:\/\/static.radiolifefm.com.br\/noticias\/wp-content\/uploads\/2019\/10\/logo-lifefm.png\",\"width\":196,\"height\":47,\"caption\":\"R\u00e1dio Life FM\"},\"image\":{\"@id\":\"https:\/\/radiolifefm.com.br\/noticias\/#\/schema\/logo\/image\/\"},\"sameAs\":[\"https:\/\/www.facebook.com\/radiolifefm\/\",\"https:\/\/www.instagram.com\/life1079fm\/\"]},{\"@type\":\"Person\",\"@id\":\"https:\/\/radiolifefm.com.br\/noticias\/#\/schema\/person\/6339b9fac59d12b071dec680d7375d87\",\"name\":\"ritanery\",\"image\":{\"@type\":\"ImageObject\",\"inLanguage\":\"pt-BR\",\"@id\":\"https:\/\/secure.gravatar.com\/avatar\/0e37bb19071f47c0b8a23f62a903df117c5a0e75f65a0c2901562f97cd41cf86?s=96&d=mm&r=g\",\"url\":\"https:\/\/secure.gravatar.com\/avatar\/0e37bb19071f47c0b8a23f62a903df117c5a0e75f65a0c2901562f97cd41cf86?s=96&d=mm&r=g\",\"contentUrl\":\"https:\/\/secure.gravatar.com\/avatar\/0e37bb19071f47c0b8a23f62a903df117c5a0e75f65a0c2901562f97cd41cf86?s=96&d=mm&r=g\",\"caption\":\"ritanery\"}}]}<\/script>\n<!-- \/ Yoast SEO plugin. -->","yoast_head_json":{"title":"M\u00cdDIA E PODER: UMA REFLEX\u00c3O TUPINIQUIM! - R\u00e1dio Life FM","robots":{"index":"index","follow":"follow","max-snippet":"max-snippet:-1","max-image-preview":"max-image-preview:large","max-video-preview":"max-video-preview:-1"},"canonical":"https:\/\/radiolifefm.com.br\/noticias\/midia-e-poder-uma-reflexao-tupiniquim\/","og_locale":"pt_BR","og_type":"article","og_title":"M\u00cdDIA E PODER: UMA REFLEX\u00c3O TUPINIQUIM! - R\u00e1dio Life FM","og_description":"\u00a0 \u201c\u00c0s vezes, a \u00fanica coisa verdadeira num jornal \u00e9 a data\u201d. \u00a0 S\u00e9rgio Barbosa (*) &nbsp; A m\u00eddia tupiniquim continua trazendo em suas pautas muitas desinforma\u00e7\u00f5es sobre isto e aquilo, claro, tudo pode acontecer para este ou aquele lado, assim, o \u201cPa\u00eds do faz de conta\u201d continua, ainda, patinando nas suas contradi\u00e7\u00f5es de sempre [&hellip;]","og_url":"https:\/\/radiolifefm.com.br\/noticias\/midia-e-poder-uma-reflexao-tupiniquim\/","og_site_name":"R\u00e1dio Life FM","article_publisher":"https:\/\/www.facebook.com\/radiolifefm\/","article_published_time":"2022-12-09T11:16:40+00:00","article_modified_time":"2026-04-24T19:39:27+00:00","og_image":[{"width":972,"height":1296,"url":"https:\/\/radiolifefm.com.br\/noticias\/wp-content\/uploads\/2022\/04\/WhatsApp-Image-2022-04-10-at-18.43.02.jpeg","type":"image\/jpeg"}],"author":"ritanery","twitter_card":"summary_large_image","twitter_misc":{"Escrito por":"ritanery","Est. tempo de leitura":"3 minutos"},"schema":{"@context":"https:\/\/schema.org","@graph":[{"@type":"Article","@id":"https:\/\/radiolifefm.com.br\/noticias\/midia-e-poder-uma-reflexao-tupiniquim\/#article","isPartOf":{"@id":"https:\/\/radiolifefm.com.br\/noticias\/midia-e-poder-uma-reflexao-tupiniquim\/"},"author":{"name":"ritanery","@id":"https:\/\/radiolifefm.com.br\/noticias\/#\/schema\/person\/6339b9fac59d12b071dec680d7375d87"},"headline":"M\u00cdDIA E PODER: UMA REFLEX\u00c3O TUPINIQUIM!","datePublished":"2022-12-09T11:16:40+00:00","dateModified":"2026-04-24T19:39:27+00:00","mainEntityOfPage":{"@id":"https:\/\/radiolifefm.com.br\/noticias\/midia-e-poder-uma-reflexao-tupiniquim\/"},"wordCount":510,"publisher":{"@id":"https:\/\/radiolifefm.com.br\/noticias\/#organization"},"image":{"@id":"https:\/\/radiolifefm.com.br\/noticias\/midia-e-poder-uma-reflexao-tupiniquim\/#primaryimage"},"thumbnailUrl":"https:\/\/radiolifefm.com.br\/noticias\/wp-content\/uploads\/2022\/04\/WhatsApp-Image-2022-04-10-at-18.43.02.jpeg","articleSection":["Opini\u00e3o"],"inLanguage":"pt-BR"},{"@type":"WebPage","@id":"https:\/\/radiolifefm.com.br\/noticias\/midia-e-poder-uma-reflexao-tupiniquim\/","url":"https:\/\/radiolifefm.com.br\/noticias\/midia-e-poder-uma-reflexao-tupiniquim\/","name":"M\u00cdDIA E PODER: UMA REFLEX\u00c3O TUPINIQUIM! - R\u00e1dio Life FM","isPartOf":{"@id":"https:\/\/radiolifefm.com.br\/noticias\/#website"},"primaryImageOfPage":{"@id":"https:\/\/radiolifefm.com.br\/noticias\/midia-e-poder-uma-reflexao-tupiniquim\/#primaryimage"},"image":{"@id":"https:\/\/radiolifefm.com.br\/noticias\/midia-e-poder-uma-reflexao-tupiniquim\/#primaryimage"},"thumbnailUrl":"https:\/\/radiolifefm.com.br\/noticias\/wp-content\/uploads\/2022\/04\/WhatsApp-Image-2022-04-10-at-18.43.02.jpeg","datePublished":"2022-12-09T11:16:40+00:00","dateModified":"2026-04-24T19:39:27+00:00","breadcrumb":{"@id":"https:\/\/radiolifefm.com.br\/noticias\/midia-e-poder-uma-reflexao-tupiniquim\/#breadcrumb"},"inLanguage":"pt-BR","potentialAction":[{"@type":"ReadAction","target":["https:\/\/radiolifefm.com.br\/noticias\/midia-e-poder-uma-reflexao-tupiniquim\/"]}]},{"@type":"ImageObject","inLanguage":"pt-BR","@id":"https:\/\/radiolifefm.com.br\/noticias\/midia-e-poder-uma-reflexao-tupiniquim\/#primaryimage","url":"https:\/\/radiolifefm.com.br\/noticias\/wp-content\/uploads\/2022\/04\/WhatsApp-Image-2022-04-10-at-18.43.02.jpeg","contentUrl":"https:\/\/radiolifefm.com.br\/noticias\/wp-content\/uploads\/2022\/04\/WhatsApp-Image-2022-04-10-at-18.43.02.jpeg","width":972,"height":1296,"caption":"S\u00e9rgio Barbosa"},{"@type":"BreadcrumbList","@id":"https:\/\/radiolifefm.com.br\/noticias\/midia-e-poder-uma-reflexao-tupiniquim\/#breadcrumb","itemListElement":[{"@type":"ListItem","position":1,"name":"In\u00edcio","item":"https:\/\/radiolifefm.com.br\/noticias\/"},{"@type":"ListItem","position":2,"name":"M\u00cdDIA E PODER: UMA REFLEX\u00c3O TUPINIQUIM!"}]},{"@type":"WebSite","@id":"https:\/\/radiolifefm.com.br\/noticias\/#website","url":"https:\/\/radiolifefm.com.br\/noticias\/","name":"R\u00e1dio Life FM","description":"O Portal de Not\u00edcias de Adamantina","publisher":{"@id":"https:\/\/radiolifefm.com.br\/noticias\/#organization"},"alternateName":"Life FM","potentialAction":[{"@type":"SearchAction","target":{"@type":"EntryPoint","urlTemplate":"https:\/\/radiolifefm.com.br\/noticias\/?s={search_term_string}"},"query-input":{"@type":"PropertyValueSpecification","valueRequired":true,"valueName":"search_term_string"}}],"inLanguage":"pt-BR"},{"@type":"Organization","@id":"https:\/\/radiolifefm.com.br\/noticias\/#organization","name":"R\u00e1dio Life FM","alternateName":"Life FM","url":"https:\/\/radiolifefm.com.br\/noticias\/","logo":{"@type":"ImageObject","inLanguage":"pt-BR","@id":"https:\/\/radiolifefm.com.br\/noticias\/#\/schema\/logo\/image\/","url":"https:\/\/static.radiolifefm.com.br\/noticias\/wp-content\/uploads\/2019\/10\/logo-lifefm.png","contentUrl":"https:\/\/static.radiolifefm.com.br\/noticias\/wp-content\/uploads\/2019\/10\/logo-lifefm.png","width":196,"height":47,"caption":"R\u00e1dio Life FM"},"image":{"@id":"https:\/\/radiolifefm.com.br\/noticias\/#\/schema\/logo\/image\/"},"sameAs":["https:\/\/www.facebook.com\/radiolifefm\/","https:\/\/www.instagram.com\/life1079fm\/"]},{"@type":"Person","@id":"https:\/\/radiolifefm.com.br\/noticias\/#\/schema\/person\/6339b9fac59d12b071dec680d7375d87","name":"ritanery","image":{"@type":"ImageObject","inLanguage":"pt-BR","@id":"https:\/\/secure.gravatar.com\/avatar\/0e37bb19071f47c0b8a23f62a903df117c5a0e75f65a0c2901562f97cd41cf86?s=96&d=mm&r=g","url":"https:\/\/secure.gravatar.com\/avatar\/0e37bb19071f47c0b8a23f62a903df117c5a0e75f65a0c2901562f97cd41cf86?s=96&d=mm&r=g","contentUrl":"https:\/\/secure.gravatar.com\/avatar\/0e37bb19071f47c0b8a23f62a903df117c5a0e75f65a0c2901562f97cd41cf86?s=96&d=mm&r=g","caption":"ritanery"}}]}},"amp_enabled":true,"_links":{"self":[{"href":"https:\/\/radiolifefm.com.br\/noticias\/wp-json\/wp\/v2\/posts\/61958","targetHints":{"allow":["GET"]}}],"collection":[{"href":"https:\/\/radiolifefm.com.br\/noticias\/wp-json\/wp\/v2\/posts"}],"about":[{"href":"https:\/\/radiolifefm.com.br\/noticias\/wp-json\/wp\/v2\/types\/post"}],"author":[{"embeddable":true,"href":"https:\/\/radiolifefm.com.br\/noticias\/wp-json\/wp\/v2\/users\/13"}],"replies":[{"embeddable":true,"href":"https:\/\/radiolifefm.com.br\/noticias\/wp-json\/wp\/v2\/comments?post=61958"}],"version-history":[{"count":1,"href":"https:\/\/radiolifefm.com.br\/noticias\/wp-json\/wp\/v2\/posts\/61958\/revisions"}],"predecessor-version":[{"id":61959,"href":"https:\/\/radiolifefm.com.br\/noticias\/wp-json\/wp\/v2\/posts\/61958\/revisions\/61959"}],"wp:featuredmedia":[{"embeddable":true,"href":"https:\/\/radiolifefm.com.br\/noticias\/wp-json\/wp\/v2\/media\/51988"}],"wp:attachment":[{"href":"https:\/\/radiolifefm.com.br\/noticias\/wp-json\/wp\/v2\/media?parent=61958"}],"wp:term":[{"taxonomy":"category","embeddable":true,"href":"https:\/\/radiolifefm.com.br\/noticias\/wp-json\/wp\/v2\/categories?post=61958"},{"taxonomy":"post_tag","embeddable":true,"href":"https:\/\/radiolifefm.com.br\/noticias\/wp-json\/wp\/v2\/tags?post=61958"}],"curies":[{"name":"wp","href":"https:\/\/api.w.org\/{rel}","templated":true}]}}