{"id":61870,"date":"2022-12-07T07:54:06","date_gmt":"2022-12-07T10:54:06","guid":{"rendered":"https:\/\/radiolifefm.com.br\/noticias\/?p=61870"},"modified":"2026-03-10T19:05:11","modified_gmt":"2026-03-10T22:05:11","slug":"pra-nao-dizer-que-nao-escrevi-sobre-a-fisioclinica-da-unifai","status":"publish","type":"post","link":"https:\/\/radiolifefm.com.br\/noticias\/pra-nao-dizer-que-nao-escrevi-sobre-a-fisioclinica-da-unifai\/","title":{"rendered":"\u201cPra n\u00e3o dizer que n\u00e3o\u201d escrevi sobre a FISIOCL\u00cdNICA da UniFAI&#8230;"},"content":{"rendered":"<div id=\"fb-root\"><\/div>\n<p><strong><em>&#8220;<\/em><\/strong><strong><em>\u2060<\/em><\/strong><strong><em>Comunicar-se de forma clara e perceber quais sa\u0303o as dores do seu paciente (no sentido na\u0303o somente da dor fi\u0301sica, mas, do onde ele quer chegar e o quanto ele esta\u0301 disposto a engajar-se para alcance dos resultados). Essa \u00e9 uma soft skill desej\u00e1vel para os Fisioterapeutas desenvolverem: comunica\u00e7\u00e3o clara e transparente&#8221;. (<\/em><\/strong><a href=\"https:\/\/www.pensador.com\/autor\/luciana_bilitario\/\"><strong><em>Luciana Bilit\u00e1rio<\/em><\/strong><\/a><strong><em>)<\/em><\/strong><\/p>\n<p><strong><em>\u00a0<\/em><\/strong><\/p>\n<p><strong><em>S\u00e9rgio Barbosa (*)<\/em><\/strong><\/p>\n<p><strong><em>\u00a0<\/em><\/strong><\/p>\n<p><strong>Para estagi\u00e1rias\/os e equipe de apoio, dedico!<\/strong><\/p>\n<p>Neste m\u00eas de DEZEMBRO, encerra-se mais uma ETAPA que completou 5 ANOS de atividades na \u00e1rea da FISIOTERAPIA por meio da FISIOCL\u00cdNICA da UniFAI, ainda, nos setores da CARDIORRESPIRAT\u00d3RIA desde o in\u00edcio, bem como, com atendimentos por tempo determinado na ORTOPEDIA e na GERONTOLOGIA&#8230;<\/p>\n<p>Assim, faz-se necess\u00e1rio destacar tais envolvimentos como PACIENTE em primeiro lugar, depois, como PROFESSOR da institui\u00e7\u00e3o e por fim, como JORNALISTA DIPLOMADO&#8230;<\/p>\n<p>Entendo que os OLHARES s\u00e3o diferentes nestas tr\u00eas \u00e1reas de ATENDIMENTO na FISIOCL\u00cdNICA, tendo em vista que cada OLHAR destaca este ou aquele detalhe nestes CINCO ANOS de idas e vindas no CAMPUS III da UniFAI&#8230;<\/p>\n<p>Tamb\u00e9m, como TESTEMUNHA OCULAR na condi\u00e7\u00e3o de PACIENTE, ainda, como PROFESSOR e finalmente, como JORNALISTA DIPLOMADO, foram escritos diversos ARTIGOS postados na maioria das vezes em SITES desta e de outras PROV\u00cdNCIAS, entre as quais, OSVALDO CRUZ, DRACENA E LUC\u00c9LIA&#8230;<\/p>\n<p>Entretanto, um ou outro TEXTO teve o privil\u00e9gio de ser POSTADO no site da institui\u00e7\u00e3o, todavia, tal DESENCONTRO n\u00e3o vem ao OCASO de um TALVEZ e ponto quase final&#8230;<\/p>\n<p>Haja vista que a proposta desenvolvida pela FISIOCL\u00cdNICA da UniFAI est\u00e1 muito al\u00e9m do que se espera de uma ATIVIDADE COMUNIT\u00c1RIA, ainda mais quando est\u00e3o envolvidas\/os ESTAGI\u00c1RIAS\/OS sob a supervis\u00e3o geral da EQUIPE DE APOIO (orientadores\/as, supervisores\/as, professoras\/es, respons\u00e1vel t\u00e9cnica, funcion\u00e1rios\/as e coordena\u00e7\u00e3o do curso de FISIOTERAPIA)&#8230;<\/p>\n<p>Entre os muitos OLHARES registrados nestes \u00faltimos anos como PACIENTE, sempre estive atento com aquele olhar de JORNALISTA que acaba observando e percebendo que existe aquele ALGO MAIS nas rela\u00e7\u00f5es existentes entre os\/as PACIENTES e a EQUIPE DA FISIOCL\u00cdNICA&#8230;<\/p>\n<p>O ATENDIMENTO sempre foi mais do que EXEMPLAR por meio do processo denominado de ACOLHIMENTO, ainda, a RECEP\u00c7\u00c3O que os\/as PACIENTES recebem das\/os ESTAGI\u00c1RIAS\/OS na entrada ou quando s\u00e3o chamados para ATENDIMENTO nas respectivas \u00e1reas que a FISIOCL\u00cdNICA desenvolve atividades&#8230;<\/p>\n<p>At\u00e9 ontem, sexta-feira, 2 de dezembro de 2.022, ocasi\u00e3o do meu \u00faltimo atendimento do ano e previs\u00e3o de retorno no pr\u00f3ximo ano, posso ATESTAR que os SORRISOS, COMPROMISSOS, DEDICA\u00c7\u00c3O e APOIO para os\/as PACIENTES que marcaram presen\u00e7a, foram EXEMPLARES das\/os ESTAGI\u00c1RIAS\/OS junto aos PACIENTES&#8230;<\/p>\n<p>Por isso e mais aquilo, torna-se necess\u00e1rio mais este REGISTRO das atividades desenvolvidas pela FISIOCL\u00cdNICA da UniFAI em benef\u00edcio da COMUNIDADE em n\u00edveis LOCAL e REGIONAL neste TEMPO NOVO TEMPO&#8230;<\/p>\n<p>Poderia continuar ESCREVENDO sobre os mesmos TEMAS e TEM\u00c1TICAS quando a PAUTA, agora, como JORNALISTA DIPLOMADO, est\u00e1 focada na FISIOCL\u00cdNICA da UniFAI, por\u00e9m, s\u00f3 mesmo quem FOI ou continua como PACIENTE pode ATESTAR tais QUALIDADES descritas neste texto&#8230;<\/p>\n<p>Se VOC\u00ca n\u00e3o conhece a proposta desenvolvida pela FISIOCL\u00cdNICA, convido, ou melhor, fa\u00e7o um DESAFIO para que apare\u00e7a no local para uma VISITA que pode ser de CORTESIA, por\u00e9m, que seja, tamb\u00e9m, como TESTEMUNHA OCULAR sobre todas as atividades desenvolvidas pela EQUIPE DA FISIOCL\u00cdNICA com os\/as PACIENTES&#8230;<\/p>\n<p><strong>AVE ESTAGI\u00c1RIAS\/OS DA FISIOCL\u00cdNICA!<\/strong><\/p>\n<p><strong>AVE FISIOTERAPIA DA UniFAI!<\/strong><\/p>\n<p><strong><em>_______________________________<\/em><\/strong><\/p>\n<p><strong><em>(*) Paciente desde fevereiro de 2.018 da Fisiocl\u00ednica da UniFAI.<\/em><\/strong><\/p>\n<p><strong><em>E-mail: <\/em><\/strong><a href=\"mailto:barbosa.sebar@gmail.com\"><strong><em>barbosa.sebar@gmail.com<\/em><\/strong><\/a><\/p>\n<p><strong>\u00a0<\/strong><\/p>\n","protected":false},"excerpt":{"rendered":"<p>&#8220;\u2060Comunicar-se de forma clara e perceber quais sa\u0303o as dores do seu paciente (no sentido na\u0303o somente da dor fi\u0301sica, mas, do onde ele quer chegar e o quanto ele esta\u0301 disposto a engajar-se para alcance dos resultados). Essa \u00e9 uma soft skill desej\u00e1vel para os Fisioterapeutas desenvolverem: comunica\u00e7\u00e3o clara e transparente&#8221;. (Luciana Bilit\u00e1rio) \u00a0 [&hellip;]<\/p>\n","protected":false},"author":13,"featured_media":61871,"comment_status":"closed","ping_status":"open","sticky":false,"template":"","format":"standard","meta":{"_acf_changed":false,"_exactmetrics_skip_tracking":false,"_exactmetrics_sitenote_active":false,"_exactmetrics_sitenote_note":"","_exactmetrics_sitenote_category":0,"footnotes":""},"categories":[59],"tags":[],"class_list":["post-61870","post","type-post","status-publish","format-standard","has-post-thumbnail","hentry","category-opiniao"],"acf":[],"yoast_head":"<!-- This site is optimized with the Yoast SEO plugin v27.2 - https:\/\/yoast.com\/product\/yoast-seo-wordpress\/ -->\n<title>\u201cPra n\u00e3o dizer que n\u00e3o\u201d escrevi sobre a FISIOCL\u00cdNICA da UniFAI... - R\u00e1dio Life FM<\/title>\n<meta name=\"robots\" content=\"index, follow, max-snippet:-1, max-image-preview:large, max-video-preview:-1\" \/>\n<link rel=\"canonical\" href=\"https:\/\/radiolifefm.com.br\/noticias\/pra-nao-dizer-que-nao-escrevi-sobre-a-fisioclinica-da-unifai\/\" \/>\n<meta property=\"og:locale\" content=\"pt_BR\" \/>\n<meta property=\"og:type\" content=\"article\" \/>\n<meta property=\"og:title\" content=\"\u201cPra n\u00e3o dizer que n\u00e3o\u201d escrevi sobre a FISIOCL\u00cdNICA da UniFAI... - R\u00e1dio Life FM\" \/>\n<meta property=\"og:description\" content=\"&#8220;\u2060Comunicar-se de forma clara e perceber quais sa\u0303o as dores do seu paciente (no sentido na\u0303o somente da dor fi\u0301sica, mas, do onde ele quer chegar e o quanto ele esta\u0301 disposto a engajar-se para alcance dos resultados). Essa \u00e9 uma soft skill desej\u00e1vel para os Fisioterapeutas desenvolverem: comunica\u00e7\u00e3o clara e transparente&#8221;. (Luciana Bilit\u00e1rio) \u00a0 [&hellip;]\" \/>\n<meta property=\"og:url\" content=\"https:\/\/radiolifefm.com.br\/noticias\/pra-nao-dizer-que-nao-escrevi-sobre-a-fisioclinica-da-unifai\/\" \/>\n<meta property=\"og:site_name\" content=\"R\u00e1dio Life FM\" \/>\n<meta property=\"article:publisher\" content=\"https:\/\/www.facebook.com\/radiolifefm\/\" \/>\n<meta property=\"article:published_time\" content=\"2022-12-07T10:54:06+00:00\" \/>\n<meta property=\"article:modified_time\" content=\"2026-03-10T22:05:11+00:00\" \/>\n<meta property=\"og:image\" content=\"https:\/\/radiolifefm.com.br\/noticias\/wp-content\/uploads\/2022\/12\/WhatsApp-Image-2022-12-06-at-16.11.12.jpeg\" \/>\n\t<meta property=\"og:image:width\" content=\"972\" \/>\n\t<meta property=\"og:image:height\" content=\"1296\" \/>\n\t<meta property=\"og:image:type\" content=\"image\/jpeg\" \/>\n<meta name=\"author\" content=\"ritanery\" \/>\n<meta name=\"twitter:card\" content=\"summary_large_image\" \/>\n<meta name=\"twitter:label1\" content=\"Escrito por\" \/>\n\t<meta name=\"twitter:data1\" content=\"ritanery\" \/>\n\t<meta name=\"twitter:label2\" content=\"Est. tempo de leitura\" \/>\n\t<meta name=\"twitter:data2\" content=\"3 minutos\" \/>\n<script type=\"application\/ld+json\" class=\"yoast-schema-graph\">{\"@context\":\"https:\/\/schema.org\",\"@graph\":[{\"@type\":\"Article\",\"@id\":\"https:\/\/radiolifefm.com.br\/noticias\/pra-nao-dizer-que-nao-escrevi-sobre-a-fisioclinica-da-unifai\/#article\",\"isPartOf\":{\"@id\":\"https:\/\/radiolifefm.com.br\/noticias\/pra-nao-dizer-que-nao-escrevi-sobre-a-fisioclinica-da-unifai\/\"},\"author\":{\"name\":\"ritanery\",\"@id\":\"https:\/\/radiolifefm.com.br\/noticias\/#\/schema\/person\/6339b9fac59d12b071dec680d7375d87\"},\"headline\":\"\u201cPra n\u00e3o dizer que n\u00e3o\u201d escrevi sobre a FISIOCL\u00cdNICA da UniFAI&#8230;\",\"datePublished\":\"2022-12-07T10:54:06+00:00\",\"dateModified\":\"2026-03-10T22:05:11+00:00\",\"mainEntityOfPage\":{\"@id\":\"https:\/\/radiolifefm.com.br\/noticias\/pra-nao-dizer-que-nao-escrevi-sobre-a-fisioclinica-da-unifai\/\"},\"wordCount\":629,\"publisher\":{\"@id\":\"https:\/\/radiolifefm.com.br\/noticias\/#organization\"},\"image\":{\"@id\":\"https:\/\/radiolifefm.com.br\/noticias\/pra-nao-dizer-que-nao-escrevi-sobre-a-fisioclinica-da-unifai\/#primaryimage\"},\"thumbnailUrl\":\"https:\/\/radiolifefm.com.br\/noticias\/wp-content\/uploads\/2022\/12\/WhatsApp-Image-2022-12-06-at-16.11.12.jpeg\",\"articleSection\":[\"Opini\u00e3o\"],\"inLanguage\":\"pt-BR\"},{\"@type\":\"WebPage\",\"@id\":\"https:\/\/radiolifefm.com.br\/noticias\/pra-nao-dizer-que-nao-escrevi-sobre-a-fisioclinica-da-unifai\/\",\"url\":\"https:\/\/radiolifefm.com.br\/noticias\/pra-nao-dizer-que-nao-escrevi-sobre-a-fisioclinica-da-unifai\/\",\"name\":\"\u201cPra n\u00e3o dizer que n\u00e3o\u201d escrevi sobre a FISIOCL\u00cdNICA da UniFAI... - R\u00e1dio Life FM\",\"isPartOf\":{\"@id\":\"https:\/\/radiolifefm.com.br\/noticias\/#website\"},\"primaryImageOfPage\":{\"@id\":\"https:\/\/radiolifefm.com.br\/noticias\/pra-nao-dizer-que-nao-escrevi-sobre-a-fisioclinica-da-unifai\/#primaryimage\"},\"image\":{\"@id\":\"https:\/\/radiolifefm.com.br\/noticias\/pra-nao-dizer-que-nao-escrevi-sobre-a-fisioclinica-da-unifai\/#primaryimage\"},\"thumbnailUrl\":\"https:\/\/radiolifefm.com.br\/noticias\/wp-content\/uploads\/2022\/12\/WhatsApp-Image-2022-12-06-at-16.11.12.jpeg\",\"datePublished\":\"2022-12-07T10:54:06+00:00\",\"dateModified\":\"2026-03-10T22:05:11+00:00\",\"breadcrumb\":{\"@id\":\"https:\/\/radiolifefm.com.br\/noticias\/pra-nao-dizer-que-nao-escrevi-sobre-a-fisioclinica-da-unifai\/#breadcrumb\"},\"inLanguage\":\"pt-BR\",\"potentialAction\":[{\"@type\":\"ReadAction\",\"target\":[\"https:\/\/radiolifefm.com.br\/noticias\/pra-nao-dizer-que-nao-escrevi-sobre-a-fisioclinica-da-unifai\/\"]}]},{\"@type\":\"ImageObject\",\"inLanguage\":\"pt-BR\",\"@id\":\"https:\/\/radiolifefm.com.br\/noticias\/pra-nao-dizer-que-nao-escrevi-sobre-a-fisioclinica-da-unifai\/#primaryimage\",\"url\":\"https:\/\/radiolifefm.com.br\/noticias\/wp-content\/uploads\/2022\/12\/WhatsApp-Image-2022-12-06-at-16.11.12.jpeg\",\"contentUrl\":\"https:\/\/radiolifefm.com.br\/noticias\/wp-content\/uploads\/2022\/12\/WhatsApp-Image-2022-12-06-at-16.11.12.jpeg\",\"width\":972,\"height\":1296,\"caption\":\"S\u00e9rgio Barbosa\"},{\"@type\":\"BreadcrumbList\",\"@id\":\"https:\/\/radiolifefm.com.br\/noticias\/pra-nao-dizer-que-nao-escrevi-sobre-a-fisioclinica-da-unifai\/#breadcrumb\",\"itemListElement\":[{\"@type\":\"ListItem\",\"position\":1,\"name\":\"In\u00edcio\",\"item\":\"https:\/\/radiolifefm.com.br\/noticias\/\"},{\"@type\":\"ListItem\",\"position\":2,\"name\":\"\u201cPra n\u00e3o dizer que n\u00e3o\u201d escrevi sobre a FISIOCL\u00cdNICA da UniFAI&#8230;\"}]},{\"@type\":\"WebSite\",\"@id\":\"https:\/\/radiolifefm.com.br\/noticias\/#website\",\"url\":\"https:\/\/radiolifefm.com.br\/noticias\/\",\"name\":\"R\u00e1dio Life FM\",\"description\":\"O Portal de Not\u00edcias de Adamantina\",\"publisher\":{\"@id\":\"https:\/\/radiolifefm.com.br\/noticias\/#organization\"},\"alternateName\":\"Life FM\",\"potentialAction\":[{\"@type\":\"SearchAction\",\"target\":{\"@type\":\"EntryPoint\",\"urlTemplate\":\"https:\/\/radiolifefm.com.br\/noticias\/?s={search_term_string}\"},\"query-input\":{\"@type\":\"PropertyValueSpecification\",\"valueRequired\":true,\"valueName\":\"search_term_string\"}}],\"inLanguage\":\"pt-BR\"},{\"@type\":\"Organization\",\"@id\":\"https:\/\/radiolifefm.com.br\/noticias\/#organization\",\"name\":\"R\u00e1dio Life FM\",\"alternateName\":\"Life FM\",\"url\":\"https:\/\/radiolifefm.com.br\/noticias\/\",\"logo\":{\"@type\":\"ImageObject\",\"inLanguage\":\"pt-BR\",\"@id\":\"https:\/\/radiolifefm.com.br\/noticias\/#\/schema\/logo\/image\/\",\"url\":\"https:\/\/static.radiolifefm.com.br\/noticias\/wp-content\/uploads\/2019\/10\/logo-lifefm.png\",\"contentUrl\":\"https:\/\/static.radiolifefm.com.br\/noticias\/wp-content\/uploads\/2019\/10\/logo-lifefm.png\",\"width\":196,\"height\":47,\"caption\":\"R\u00e1dio Life FM\"},\"image\":{\"@id\":\"https:\/\/radiolifefm.com.br\/noticias\/#\/schema\/logo\/image\/\"},\"sameAs\":[\"https:\/\/www.facebook.com\/radiolifefm\/\",\"https:\/\/www.instagram.com\/life1079fm\/\"]},{\"@type\":\"Person\",\"@id\":\"https:\/\/radiolifefm.com.br\/noticias\/#\/schema\/person\/6339b9fac59d12b071dec680d7375d87\",\"name\":\"ritanery\",\"image\":{\"@type\":\"ImageObject\",\"inLanguage\":\"pt-BR\",\"@id\":\"https:\/\/secure.gravatar.com\/avatar\/0e37bb19071f47c0b8a23f62a903df117c5a0e75f65a0c2901562f97cd41cf86?s=96&d=mm&r=g\",\"url\":\"https:\/\/secure.gravatar.com\/avatar\/0e37bb19071f47c0b8a23f62a903df117c5a0e75f65a0c2901562f97cd41cf86?s=96&d=mm&r=g\",\"contentUrl\":\"https:\/\/secure.gravatar.com\/avatar\/0e37bb19071f47c0b8a23f62a903df117c5a0e75f65a0c2901562f97cd41cf86?s=96&d=mm&r=g\",\"caption\":\"ritanery\"}}]}<\/script>\n<!-- \/ Yoast SEO plugin. -->","yoast_head_json":{"title":"\u201cPra n\u00e3o dizer que n\u00e3o\u201d escrevi sobre a FISIOCL\u00cdNICA da UniFAI... - R\u00e1dio Life FM","robots":{"index":"index","follow":"follow","max-snippet":"max-snippet:-1","max-image-preview":"max-image-preview:large","max-video-preview":"max-video-preview:-1"},"canonical":"https:\/\/radiolifefm.com.br\/noticias\/pra-nao-dizer-que-nao-escrevi-sobre-a-fisioclinica-da-unifai\/","og_locale":"pt_BR","og_type":"article","og_title":"\u201cPra n\u00e3o dizer que n\u00e3o\u201d escrevi sobre a FISIOCL\u00cdNICA da UniFAI... - R\u00e1dio Life FM","og_description":"&#8220;\u2060Comunicar-se de forma clara e perceber quais sa\u0303o as dores do seu paciente (no sentido na\u0303o somente da dor fi\u0301sica, mas, do onde ele quer chegar e o quanto ele esta\u0301 disposto a engajar-se para alcance dos resultados). Essa \u00e9 uma soft skill desej\u00e1vel para os Fisioterapeutas desenvolverem: comunica\u00e7\u00e3o clara e transparente&#8221;. (Luciana Bilit\u00e1rio) \u00a0 [&hellip;]","og_url":"https:\/\/radiolifefm.com.br\/noticias\/pra-nao-dizer-que-nao-escrevi-sobre-a-fisioclinica-da-unifai\/","og_site_name":"R\u00e1dio Life FM","article_publisher":"https:\/\/www.facebook.com\/radiolifefm\/","article_published_time":"2022-12-07T10:54:06+00:00","article_modified_time":"2026-03-10T22:05:11+00:00","og_image":[{"width":972,"height":1296,"url":"https:\/\/radiolifefm.com.br\/noticias\/wp-content\/uploads\/2022\/12\/WhatsApp-Image-2022-12-06-at-16.11.12.jpeg","type":"image\/jpeg"}],"author":"ritanery","twitter_card":"summary_large_image","twitter_misc":{"Escrito por":"ritanery","Est. tempo de leitura":"3 minutos"},"schema":{"@context":"https:\/\/schema.org","@graph":[{"@type":"Article","@id":"https:\/\/radiolifefm.com.br\/noticias\/pra-nao-dizer-que-nao-escrevi-sobre-a-fisioclinica-da-unifai\/#article","isPartOf":{"@id":"https:\/\/radiolifefm.com.br\/noticias\/pra-nao-dizer-que-nao-escrevi-sobre-a-fisioclinica-da-unifai\/"},"author":{"name":"ritanery","@id":"https:\/\/radiolifefm.com.br\/noticias\/#\/schema\/person\/6339b9fac59d12b071dec680d7375d87"},"headline":"\u201cPra n\u00e3o dizer que n\u00e3o\u201d escrevi sobre a FISIOCL\u00cdNICA da UniFAI&#8230;","datePublished":"2022-12-07T10:54:06+00:00","dateModified":"2026-03-10T22:05:11+00:00","mainEntityOfPage":{"@id":"https:\/\/radiolifefm.com.br\/noticias\/pra-nao-dizer-que-nao-escrevi-sobre-a-fisioclinica-da-unifai\/"},"wordCount":629,"publisher":{"@id":"https:\/\/radiolifefm.com.br\/noticias\/#organization"},"image":{"@id":"https:\/\/radiolifefm.com.br\/noticias\/pra-nao-dizer-que-nao-escrevi-sobre-a-fisioclinica-da-unifai\/#primaryimage"},"thumbnailUrl":"https:\/\/radiolifefm.com.br\/noticias\/wp-content\/uploads\/2022\/12\/WhatsApp-Image-2022-12-06-at-16.11.12.jpeg","articleSection":["Opini\u00e3o"],"inLanguage":"pt-BR"},{"@type":"WebPage","@id":"https:\/\/radiolifefm.com.br\/noticias\/pra-nao-dizer-que-nao-escrevi-sobre-a-fisioclinica-da-unifai\/","url":"https:\/\/radiolifefm.com.br\/noticias\/pra-nao-dizer-que-nao-escrevi-sobre-a-fisioclinica-da-unifai\/","name":"\u201cPra n\u00e3o dizer que n\u00e3o\u201d escrevi sobre a FISIOCL\u00cdNICA da UniFAI... - R\u00e1dio Life FM","isPartOf":{"@id":"https:\/\/radiolifefm.com.br\/noticias\/#website"},"primaryImageOfPage":{"@id":"https:\/\/radiolifefm.com.br\/noticias\/pra-nao-dizer-que-nao-escrevi-sobre-a-fisioclinica-da-unifai\/#primaryimage"},"image":{"@id":"https:\/\/radiolifefm.com.br\/noticias\/pra-nao-dizer-que-nao-escrevi-sobre-a-fisioclinica-da-unifai\/#primaryimage"},"thumbnailUrl":"https:\/\/radiolifefm.com.br\/noticias\/wp-content\/uploads\/2022\/12\/WhatsApp-Image-2022-12-06-at-16.11.12.jpeg","datePublished":"2022-12-07T10:54:06+00:00","dateModified":"2026-03-10T22:05:11+00:00","breadcrumb":{"@id":"https:\/\/radiolifefm.com.br\/noticias\/pra-nao-dizer-que-nao-escrevi-sobre-a-fisioclinica-da-unifai\/#breadcrumb"},"inLanguage":"pt-BR","potentialAction":[{"@type":"ReadAction","target":["https:\/\/radiolifefm.com.br\/noticias\/pra-nao-dizer-que-nao-escrevi-sobre-a-fisioclinica-da-unifai\/"]}]},{"@type":"ImageObject","inLanguage":"pt-BR","@id":"https:\/\/radiolifefm.com.br\/noticias\/pra-nao-dizer-que-nao-escrevi-sobre-a-fisioclinica-da-unifai\/#primaryimage","url":"https:\/\/radiolifefm.com.br\/noticias\/wp-content\/uploads\/2022\/12\/WhatsApp-Image-2022-12-06-at-16.11.12.jpeg","contentUrl":"https:\/\/radiolifefm.com.br\/noticias\/wp-content\/uploads\/2022\/12\/WhatsApp-Image-2022-12-06-at-16.11.12.jpeg","width":972,"height":1296,"caption":"S\u00e9rgio Barbosa"},{"@type":"BreadcrumbList","@id":"https:\/\/radiolifefm.com.br\/noticias\/pra-nao-dizer-que-nao-escrevi-sobre-a-fisioclinica-da-unifai\/#breadcrumb","itemListElement":[{"@type":"ListItem","position":1,"name":"In\u00edcio","item":"https:\/\/radiolifefm.com.br\/noticias\/"},{"@type":"ListItem","position":2,"name":"\u201cPra n\u00e3o dizer que n\u00e3o\u201d escrevi sobre a FISIOCL\u00cdNICA da UniFAI&#8230;"}]},{"@type":"WebSite","@id":"https:\/\/radiolifefm.com.br\/noticias\/#website","url":"https:\/\/radiolifefm.com.br\/noticias\/","name":"R\u00e1dio Life FM","description":"O Portal de Not\u00edcias de Adamantina","publisher":{"@id":"https:\/\/radiolifefm.com.br\/noticias\/#organization"},"alternateName":"Life FM","potentialAction":[{"@type":"SearchAction","target":{"@type":"EntryPoint","urlTemplate":"https:\/\/radiolifefm.com.br\/noticias\/?s={search_term_string}"},"query-input":{"@type":"PropertyValueSpecification","valueRequired":true,"valueName":"search_term_string"}}],"inLanguage":"pt-BR"},{"@type":"Organization","@id":"https:\/\/radiolifefm.com.br\/noticias\/#organization","name":"R\u00e1dio Life FM","alternateName":"Life FM","url":"https:\/\/radiolifefm.com.br\/noticias\/","logo":{"@type":"ImageObject","inLanguage":"pt-BR","@id":"https:\/\/radiolifefm.com.br\/noticias\/#\/schema\/logo\/image\/","url":"https:\/\/static.radiolifefm.com.br\/noticias\/wp-content\/uploads\/2019\/10\/logo-lifefm.png","contentUrl":"https:\/\/static.radiolifefm.com.br\/noticias\/wp-content\/uploads\/2019\/10\/logo-lifefm.png","width":196,"height":47,"caption":"R\u00e1dio Life FM"},"image":{"@id":"https:\/\/radiolifefm.com.br\/noticias\/#\/schema\/logo\/image\/"},"sameAs":["https:\/\/www.facebook.com\/radiolifefm\/","https:\/\/www.instagram.com\/life1079fm\/"]},{"@type":"Person","@id":"https:\/\/radiolifefm.com.br\/noticias\/#\/schema\/person\/6339b9fac59d12b071dec680d7375d87","name":"ritanery","image":{"@type":"ImageObject","inLanguage":"pt-BR","@id":"https:\/\/secure.gravatar.com\/avatar\/0e37bb19071f47c0b8a23f62a903df117c5a0e75f65a0c2901562f97cd41cf86?s=96&d=mm&r=g","url":"https:\/\/secure.gravatar.com\/avatar\/0e37bb19071f47c0b8a23f62a903df117c5a0e75f65a0c2901562f97cd41cf86?s=96&d=mm&r=g","contentUrl":"https:\/\/secure.gravatar.com\/avatar\/0e37bb19071f47c0b8a23f62a903df117c5a0e75f65a0c2901562f97cd41cf86?s=96&d=mm&r=g","caption":"ritanery"}}]}},"amp_enabled":true,"_links":{"self":[{"href":"https:\/\/radiolifefm.com.br\/noticias\/wp-json\/wp\/v2\/posts\/61870","targetHints":{"allow":["GET"]}}],"collection":[{"href":"https:\/\/radiolifefm.com.br\/noticias\/wp-json\/wp\/v2\/posts"}],"about":[{"href":"https:\/\/radiolifefm.com.br\/noticias\/wp-json\/wp\/v2\/types\/post"}],"author":[{"embeddable":true,"href":"https:\/\/radiolifefm.com.br\/noticias\/wp-json\/wp\/v2\/users\/13"}],"replies":[{"embeddable":true,"href":"https:\/\/radiolifefm.com.br\/noticias\/wp-json\/wp\/v2\/comments?post=61870"}],"version-history":[{"count":1,"href":"https:\/\/radiolifefm.com.br\/noticias\/wp-json\/wp\/v2\/posts\/61870\/revisions"}],"predecessor-version":[{"id":61872,"href":"https:\/\/radiolifefm.com.br\/noticias\/wp-json\/wp\/v2\/posts\/61870\/revisions\/61872"}],"wp:featuredmedia":[{"embeddable":true,"href":"https:\/\/radiolifefm.com.br\/noticias\/wp-json\/wp\/v2\/media\/61871"}],"wp:attachment":[{"href":"https:\/\/radiolifefm.com.br\/noticias\/wp-json\/wp\/v2\/media?parent=61870"}],"wp:term":[{"taxonomy":"category","embeddable":true,"href":"https:\/\/radiolifefm.com.br\/noticias\/wp-json\/wp\/v2\/categories?post=61870"},{"taxonomy":"post_tag","embeddable":true,"href":"https:\/\/radiolifefm.com.br\/noticias\/wp-json\/wp\/v2\/tags?post=61870"}],"curies":[{"name":"wp","href":"https:\/\/api.w.org\/{rel}","templated":true}]}}