{"id":61779,"date":"2022-12-05T08:03:57","date_gmt":"2022-12-05T11:03:57","guid":{"rendered":"https:\/\/radiolifefm.com.br\/noticias\/?p=61779"},"modified":"2026-04-04T06:10:13","modified_gmt":"2026-04-04T09:10:13","slug":"patriotadas-de-uma-provincia-do-faz-de-conta","status":"publish","type":"post","link":"https:\/\/radiolifefm.com.br\/noticias\/patriotadas-de-uma-provincia-do-faz-de-conta\/","title":{"rendered":"Patriotadas de uma Prov\u00edncia do faz de conta&#8230;"},"content":{"rendered":"<div id=\"fb-root\"><\/div>\n<p>&nbsp;<\/p>\n<p><strong><em>\u00a0\u201cA verdadeira p\u00e1tria \u00e9 aquela onde encontramos o maior n\u00famero de pessoas que se parecem conosco.\u201d (<\/em><\/strong><a href=\"https:\/\/www.pensador.com\/autor\/stendhal\/\"><strong><em>Stendhal<\/em><\/strong><\/a><strong><em>)<\/em><\/strong><\/p>\n<p><strong>\u00a0<\/strong><\/p>\n<p><strong>S\u00e9rgio Barbosa (*)<\/strong><\/p>\n<p>Isso mesmo, pelo andar deste e do outro lado em terras provincianas, os tais PATRIOTAS continuam andando pra tr\u00e1s de um jeito ou de outro&#8230;<\/p>\n<p>Na realidade, s\u00e3o ALOPRADOS\/AS que desconhecer o que \u00e9 viver em uma DEMOCRACIA, haja vista que s\u00e3o todos\/as ANAFALBETOS\/AS na \u00e1rea da HIST\u00d3RIA deste PA\u00cdS DO FAZ DE CONTA e ponto quase final&#8230;<\/p>\n<p>Por\u00e9m, at\u00e9 onde estou acompanhando essa CAMBADA DE DESOCUPADOS\/AS que continuam na \u00e1rea MILITAR local, pode-se tentar entender sem COMPREENDER o cen\u00e1rio e assim por diante&#8230;<\/p>\n<p>ACREDITO que tais MENTES MED\u00cdOCRES continuam os\/as mesmos\/as de sempre, ou seja, nestes \u00faltimos 6 ANOS, tendo em vista que tais desencontros est\u00e3o ocorrendo desde o GOLPE DE 2.016 sob a tutela do VAMPIRO do poder pelo poder em nome do poder com apoio do PIG-Partido da Imprensa Golpista e daquele PODER que est\u00e1 cima de tudo e de todos\/as, ou seja, o ECON\u00d4MICO&#8230;<\/p>\n<p>Portanto, tudo indica que pode ser aquilo que nunca vai ser, ainda mais neste cen\u00e1rio PROVINCIANO desde quando desembarquei aqui em fevereiro de 1.999 para compromissos no ensino universit\u00e1rio&#8230;<\/p>\n<p>Tamb\u00e9m, deve-se levar em conta que os\/as PATRIOTAS est\u00e3o seguindo o BERRANTE do COISO com seus COISOS faz anos, por\u00e9m, agora, est\u00e3o empenhados em BUSCAR APOIO nos DISCOS VOADORES para uma CAUSA mais do que perdida, tendo em vista que tais MAN\u00c9S devem aceitar o resultado por BEM ou ter\u00e3o que se entender com a JUSTI\u00c7A&#8230;<\/p>\n<p>Mas, tudo pode acontecer at\u00e9 a POSSE do NOVO ESTADISTA no pr\u00f3ximo dia 1 de janeiro de 2.023, considerando que o GENOCIDA deve sair pelas PORTAS DOS FUNDOS como se fosse um VIRA LATA, neste caso, com todo o respeito aos CANINOS&#8230;<\/p>\n<p>As previs\u00f5es para os pr\u00f3ximos anos est\u00e3o COMPROMETIDOS com os ESTRAGOS em todas as \u00e1reas patrocinados pelo atual DESGOVERNO BOZZONARO, desta forma, a PROV\u00cdNCIA DO FAZ DE CONTA deve assumir a sua MEA CULPA em nome dos VOTOS OUTORGADOS ao GENOCIDA&#8230;<\/p>\n<p>Tamb\u00e9m, tem o tal GOVERNADOR que j\u00e1 est\u00e1 em a\u00e7\u00e3o com suas A\u00c7\u00d5ES DESGOVERNADAS em nome dos interesses de sempre e se colocam acima de TUDO e de TODOS\/AS&#8230;<\/p>\n<p>Ent\u00e3o, que a FOR\u00c7A possa estar do lado da DEMOCRACIA neste contexto plural para todos\/as, todavia, registra-se o dito popular que afirma: TODO CUIDADO \u00c9 POUCO daqui pra frente em n\u00edvel GLOCAL (GLOCAL= NACIONAL e LOCAL= PROV\u00cdNCIA)&#8230;<\/p>\n<p>QUEM SOBREVIVER VAI VIVER&#8230;<\/p>\n<p><strong><em>__________________________<\/em><\/strong><\/p>\n<p><strong><em>(*) jornalista diplomado e professor universit\u00e1rio.<\/em><\/strong><\/p>\n<p><strong><em>e-mail: <\/em><\/strong><a href=\"mailto:barbosa.sebar@gmail.com\"><strong><em>barbosa.sebar@gmail.com<\/em><\/strong><\/a><\/p>\n","protected":false},"excerpt":{"rendered":"<p>&nbsp; \u00a0\u201cA verdadeira p\u00e1tria \u00e9 aquela onde encontramos o maior n\u00famero de pessoas que se parecem conosco.\u201d (Stendhal) \u00a0 S\u00e9rgio Barbosa (*) Isso mesmo, pelo andar deste e do outro lado em terras provincianas, os tais PATRIOTAS continuam andando pra tr\u00e1s de um jeito ou de outro&#8230; Na realidade, s\u00e3o ALOPRADOS\/AS que desconhecer o que [&hellip;]<\/p>\n","protected":false},"author":13,"featured_media":51988,"comment_status":"closed","ping_status":"open","sticky":false,"template":"","format":"standard","meta":{"_acf_changed":false,"_exactmetrics_skip_tracking":false,"_exactmetrics_sitenote_active":false,"_exactmetrics_sitenote_note":"","_exactmetrics_sitenote_category":0,"footnotes":""},"categories":[59],"tags":[],"class_list":["post-61779","post","type-post","status-publish","format-standard","has-post-thumbnail","hentry","category-opiniao"],"acf":[],"yoast_head":"<!-- This site is optimized with the Yoast SEO plugin v27.2 - https:\/\/yoast.com\/product\/yoast-seo-wordpress\/ -->\n<title>Patriotadas de uma Prov\u00edncia do faz de conta... - R\u00e1dio Life FM<\/title>\n<meta name=\"robots\" content=\"index, follow, max-snippet:-1, max-image-preview:large, max-video-preview:-1\" \/>\n<link rel=\"canonical\" href=\"https:\/\/radiolifefm.com.br\/noticias\/patriotadas-de-uma-provincia-do-faz-de-conta\/\" \/>\n<meta property=\"og:locale\" content=\"pt_BR\" \/>\n<meta property=\"og:type\" content=\"article\" \/>\n<meta property=\"og:title\" content=\"Patriotadas de uma Prov\u00edncia do faz de conta... - R\u00e1dio Life FM\" \/>\n<meta property=\"og:description\" content=\"&nbsp; \u00a0\u201cA verdadeira p\u00e1tria \u00e9 aquela onde encontramos o maior n\u00famero de pessoas que se parecem conosco.\u201d (Stendhal) \u00a0 S\u00e9rgio Barbosa (*) Isso mesmo, pelo andar deste e do outro lado em terras provincianas, os tais PATRIOTAS continuam andando pra tr\u00e1s de um jeito ou de outro&#8230; Na realidade, s\u00e3o ALOPRADOS\/AS que desconhecer o que [&hellip;]\" \/>\n<meta property=\"og:url\" content=\"https:\/\/radiolifefm.com.br\/noticias\/patriotadas-de-uma-provincia-do-faz-de-conta\/\" \/>\n<meta property=\"og:site_name\" content=\"R\u00e1dio Life FM\" \/>\n<meta property=\"article:publisher\" content=\"https:\/\/www.facebook.com\/radiolifefm\/\" \/>\n<meta property=\"article:published_time\" content=\"2022-12-05T11:03:57+00:00\" \/>\n<meta property=\"article:modified_time\" content=\"2026-04-04T09:10:13+00:00\" \/>\n<meta property=\"og:image\" content=\"https:\/\/radiolifefm.com.br\/noticias\/wp-content\/uploads\/2022\/04\/WhatsApp-Image-2022-04-10-at-18.43.02.jpeg\" \/>\n\t<meta property=\"og:image:width\" content=\"972\" \/>\n\t<meta property=\"og:image:height\" content=\"1296\" \/>\n\t<meta property=\"og:image:type\" content=\"image\/jpeg\" \/>\n<meta name=\"author\" content=\"ritanery\" \/>\n<meta name=\"twitter:card\" content=\"summary_large_image\" \/>\n<meta name=\"twitter:label1\" content=\"Escrito por\" \/>\n\t<meta name=\"twitter:data1\" content=\"ritanery\" \/>\n\t<meta name=\"twitter:label2\" content=\"Est. tempo de leitura\" \/>\n\t<meta name=\"twitter:data2\" content=\"3 minutos\" \/>\n<script type=\"application\/ld+json\" class=\"yoast-schema-graph\">{\"@context\":\"https:\/\/schema.org\",\"@graph\":[{\"@type\":\"Article\",\"@id\":\"https:\/\/radiolifefm.com.br\/noticias\/patriotadas-de-uma-provincia-do-faz-de-conta\/#article\",\"isPartOf\":{\"@id\":\"https:\/\/radiolifefm.com.br\/noticias\/patriotadas-de-uma-provincia-do-faz-de-conta\/\"},\"author\":{\"name\":\"ritanery\",\"@id\":\"https:\/\/radiolifefm.com.br\/noticias\/#\/schema\/person\/6339b9fac59d12b071dec680d7375d87\"},\"headline\":\"Patriotadas de uma Prov\u00edncia do faz de conta&#8230;\",\"datePublished\":\"2022-12-05T11:03:57+00:00\",\"dateModified\":\"2026-04-04T09:10:13+00:00\",\"mainEntityOfPage\":{\"@id\":\"https:\/\/radiolifefm.com.br\/noticias\/patriotadas-de-uma-provincia-do-faz-de-conta\/\"},\"wordCount\":462,\"publisher\":{\"@id\":\"https:\/\/radiolifefm.com.br\/noticias\/#organization\"},\"image\":{\"@id\":\"https:\/\/radiolifefm.com.br\/noticias\/patriotadas-de-uma-provincia-do-faz-de-conta\/#primaryimage\"},\"thumbnailUrl\":\"https:\/\/radiolifefm.com.br\/noticias\/wp-content\/uploads\/2022\/04\/WhatsApp-Image-2022-04-10-at-18.43.02.jpeg\",\"articleSection\":[\"Opini\u00e3o\"],\"inLanguage\":\"pt-BR\"},{\"@type\":\"WebPage\",\"@id\":\"https:\/\/radiolifefm.com.br\/noticias\/patriotadas-de-uma-provincia-do-faz-de-conta\/\",\"url\":\"https:\/\/radiolifefm.com.br\/noticias\/patriotadas-de-uma-provincia-do-faz-de-conta\/\",\"name\":\"Patriotadas de uma Prov\u00edncia do faz de conta... - R\u00e1dio Life FM\",\"isPartOf\":{\"@id\":\"https:\/\/radiolifefm.com.br\/noticias\/#website\"},\"primaryImageOfPage\":{\"@id\":\"https:\/\/radiolifefm.com.br\/noticias\/patriotadas-de-uma-provincia-do-faz-de-conta\/#primaryimage\"},\"image\":{\"@id\":\"https:\/\/radiolifefm.com.br\/noticias\/patriotadas-de-uma-provincia-do-faz-de-conta\/#primaryimage\"},\"thumbnailUrl\":\"https:\/\/radiolifefm.com.br\/noticias\/wp-content\/uploads\/2022\/04\/WhatsApp-Image-2022-04-10-at-18.43.02.jpeg\",\"datePublished\":\"2022-12-05T11:03:57+00:00\",\"dateModified\":\"2026-04-04T09:10:13+00:00\",\"breadcrumb\":{\"@id\":\"https:\/\/radiolifefm.com.br\/noticias\/patriotadas-de-uma-provincia-do-faz-de-conta\/#breadcrumb\"},\"inLanguage\":\"pt-BR\",\"potentialAction\":[{\"@type\":\"ReadAction\",\"target\":[\"https:\/\/radiolifefm.com.br\/noticias\/patriotadas-de-uma-provincia-do-faz-de-conta\/\"]}]},{\"@type\":\"ImageObject\",\"inLanguage\":\"pt-BR\",\"@id\":\"https:\/\/radiolifefm.com.br\/noticias\/patriotadas-de-uma-provincia-do-faz-de-conta\/#primaryimage\",\"url\":\"https:\/\/radiolifefm.com.br\/noticias\/wp-content\/uploads\/2022\/04\/WhatsApp-Image-2022-04-10-at-18.43.02.jpeg\",\"contentUrl\":\"https:\/\/radiolifefm.com.br\/noticias\/wp-content\/uploads\/2022\/04\/WhatsApp-Image-2022-04-10-at-18.43.02.jpeg\",\"width\":972,\"height\":1296,\"caption\":\"S\u00e9rgio Barbosa\"},{\"@type\":\"BreadcrumbList\",\"@id\":\"https:\/\/radiolifefm.com.br\/noticias\/patriotadas-de-uma-provincia-do-faz-de-conta\/#breadcrumb\",\"itemListElement\":[{\"@type\":\"ListItem\",\"position\":1,\"name\":\"In\u00edcio\",\"item\":\"https:\/\/radiolifefm.com.br\/noticias\/\"},{\"@type\":\"ListItem\",\"position\":2,\"name\":\"Patriotadas de uma Prov\u00edncia do faz de conta&#8230;\"}]},{\"@type\":\"WebSite\",\"@id\":\"https:\/\/radiolifefm.com.br\/noticias\/#website\",\"url\":\"https:\/\/radiolifefm.com.br\/noticias\/\",\"name\":\"R\u00e1dio Life FM\",\"description\":\"O Portal de Not\u00edcias de Adamantina\",\"publisher\":{\"@id\":\"https:\/\/radiolifefm.com.br\/noticias\/#organization\"},\"alternateName\":\"Life FM\",\"potentialAction\":[{\"@type\":\"SearchAction\",\"target\":{\"@type\":\"EntryPoint\",\"urlTemplate\":\"https:\/\/radiolifefm.com.br\/noticias\/?s={search_term_string}\"},\"query-input\":{\"@type\":\"PropertyValueSpecification\",\"valueRequired\":true,\"valueName\":\"search_term_string\"}}],\"inLanguage\":\"pt-BR\"},{\"@type\":\"Organization\",\"@id\":\"https:\/\/radiolifefm.com.br\/noticias\/#organization\",\"name\":\"R\u00e1dio Life FM\",\"alternateName\":\"Life FM\",\"url\":\"https:\/\/radiolifefm.com.br\/noticias\/\",\"logo\":{\"@type\":\"ImageObject\",\"inLanguage\":\"pt-BR\",\"@id\":\"https:\/\/radiolifefm.com.br\/noticias\/#\/schema\/logo\/image\/\",\"url\":\"https:\/\/static.radiolifefm.com.br\/noticias\/wp-content\/uploads\/2019\/10\/logo-lifefm.png\",\"contentUrl\":\"https:\/\/static.radiolifefm.com.br\/noticias\/wp-content\/uploads\/2019\/10\/logo-lifefm.png\",\"width\":196,\"height\":47,\"caption\":\"R\u00e1dio Life FM\"},\"image\":{\"@id\":\"https:\/\/radiolifefm.com.br\/noticias\/#\/schema\/logo\/image\/\"},\"sameAs\":[\"https:\/\/www.facebook.com\/radiolifefm\/\",\"https:\/\/www.instagram.com\/life1079fm\/\"]},{\"@type\":\"Person\",\"@id\":\"https:\/\/radiolifefm.com.br\/noticias\/#\/schema\/person\/6339b9fac59d12b071dec680d7375d87\",\"name\":\"ritanery\",\"image\":{\"@type\":\"ImageObject\",\"inLanguage\":\"pt-BR\",\"@id\":\"https:\/\/secure.gravatar.com\/avatar\/0e37bb19071f47c0b8a23f62a903df117c5a0e75f65a0c2901562f97cd41cf86?s=96&d=mm&r=g\",\"url\":\"https:\/\/secure.gravatar.com\/avatar\/0e37bb19071f47c0b8a23f62a903df117c5a0e75f65a0c2901562f97cd41cf86?s=96&d=mm&r=g\",\"contentUrl\":\"https:\/\/secure.gravatar.com\/avatar\/0e37bb19071f47c0b8a23f62a903df117c5a0e75f65a0c2901562f97cd41cf86?s=96&d=mm&r=g\",\"caption\":\"ritanery\"}}]}<\/script>\n<!-- \/ Yoast SEO plugin. -->","yoast_head_json":{"title":"Patriotadas de uma Prov\u00edncia do faz de conta... - R\u00e1dio Life FM","robots":{"index":"index","follow":"follow","max-snippet":"max-snippet:-1","max-image-preview":"max-image-preview:large","max-video-preview":"max-video-preview:-1"},"canonical":"https:\/\/radiolifefm.com.br\/noticias\/patriotadas-de-uma-provincia-do-faz-de-conta\/","og_locale":"pt_BR","og_type":"article","og_title":"Patriotadas de uma Prov\u00edncia do faz de conta... - R\u00e1dio Life FM","og_description":"&nbsp; \u00a0\u201cA verdadeira p\u00e1tria \u00e9 aquela onde encontramos o maior n\u00famero de pessoas que se parecem conosco.\u201d (Stendhal) \u00a0 S\u00e9rgio Barbosa (*) Isso mesmo, pelo andar deste e do outro lado em terras provincianas, os tais PATRIOTAS continuam andando pra tr\u00e1s de um jeito ou de outro&#8230; Na realidade, s\u00e3o ALOPRADOS\/AS que desconhecer o que [&hellip;]","og_url":"https:\/\/radiolifefm.com.br\/noticias\/patriotadas-de-uma-provincia-do-faz-de-conta\/","og_site_name":"R\u00e1dio Life FM","article_publisher":"https:\/\/www.facebook.com\/radiolifefm\/","article_published_time":"2022-12-05T11:03:57+00:00","article_modified_time":"2026-04-04T09:10:13+00:00","og_image":[{"width":972,"height":1296,"url":"https:\/\/radiolifefm.com.br\/noticias\/wp-content\/uploads\/2022\/04\/WhatsApp-Image-2022-04-10-at-18.43.02.jpeg","type":"image\/jpeg"}],"author":"ritanery","twitter_card":"summary_large_image","twitter_misc":{"Escrito por":"ritanery","Est. tempo de leitura":"3 minutos"},"schema":{"@context":"https:\/\/schema.org","@graph":[{"@type":"Article","@id":"https:\/\/radiolifefm.com.br\/noticias\/patriotadas-de-uma-provincia-do-faz-de-conta\/#article","isPartOf":{"@id":"https:\/\/radiolifefm.com.br\/noticias\/patriotadas-de-uma-provincia-do-faz-de-conta\/"},"author":{"name":"ritanery","@id":"https:\/\/radiolifefm.com.br\/noticias\/#\/schema\/person\/6339b9fac59d12b071dec680d7375d87"},"headline":"Patriotadas de uma Prov\u00edncia do faz de conta&#8230;","datePublished":"2022-12-05T11:03:57+00:00","dateModified":"2026-04-04T09:10:13+00:00","mainEntityOfPage":{"@id":"https:\/\/radiolifefm.com.br\/noticias\/patriotadas-de-uma-provincia-do-faz-de-conta\/"},"wordCount":462,"publisher":{"@id":"https:\/\/radiolifefm.com.br\/noticias\/#organization"},"image":{"@id":"https:\/\/radiolifefm.com.br\/noticias\/patriotadas-de-uma-provincia-do-faz-de-conta\/#primaryimage"},"thumbnailUrl":"https:\/\/radiolifefm.com.br\/noticias\/wp-content\/uploads\/2022\/04\/WhatsApp-Image-2022-04-10-at-18.43.02.jpeg","articleSection":["Opini\u00e3o"],"inLanguage":"pt-BR"},{"@type":"WebPage","@id":"https:\/\/radiolifefm.com.br\/noticias\/patriotadas-de-uma-provincia-do-faz-de-conta\/","url":"https:\/\/radiolifefm.com.br\/noticias\/patriotadas-de-uma-provincia-do-faz-de-conta\/","name":"Patriotadas de uma Prov\u00edncia do faz de conta... - R\u00e1dio Life FM","isPartOf":{"@id":"https:\/\/radiolifefm.com.br\/noticias\/#website"},"primaryImageOfPage":{"@id":"https:\/\/radiolifefm.com.br\/noticias\/patriotadas-de-uma-provincia-do-faz-de-conta\/#primaryimage"},"image":{"@id":"https:\/\/radiolifefm.com.br\/noticias\/patriotadas-de-uma-provincia-do-faz-de-conta\/#primaryimage"},"thumbnailUrl":"https:\/\/radiolifefm.com.br\/noticias\/wp-content\/uploads\/2022\/04\/WhatsApp-Image-2022-04-10-at-18.43.02.jpeg","datePublished":"2022-12-05T11:03:57+00:00","dateModified":"2026-04-04T09:10:13+00:00","breadcrumb":{"@id":"https:\/\/radiolifefm.com.br\/noticias\/patriotadas-de-uma-provincia-do-faz-de-conta\/#breadcrumb"},"inLanguage":"pt-BR","potentialAction":[{"@type":"ReadAction","target":["https:\/\/radiolifefm.com.br\/noticias\/patriotadas-de-uma-provincia-do-faz-de-conta\/"]}]},{"@type":"ImageObject","inLanguage":"pt-BR","@id":"https:\/\/radiolifefm.com.br\/noticias\/patriotadas-de-uma-provincia-do-faz-de-conta\/#primaryimage","url":"https:\/\/radiolifefm.com.br\/noticias\/wp-content\/uploads\/2022\/04\/WhatsApp-Image-2022-04-10-at-18.43.02.jpeg","contentUrl":"https:\/\/radiolifefm.com.br\/noticias\/wp-content\/uploads\/2022\/04\/WhatsApp-Image-2022-04-10-at-18.43.02.jpeg","width":972,"height":1296,"caption":"S\u00e9rgio Barbosa"},{"@type":"BreadcrumbList","@id":"https:\/\/radiolifefm.com.br\/noticias\/patriotadas-de-uma-provincia-do-faz-de-conta\/#breadcrumb","itemListElement":[{"@type":"ListItem","position":1,"name":"In\u00edcio","item":"https:\/\/radiolifefm.com.br\/noticias\/"},{"@type":"ListItem","position":2,"name":"Patriotadas de uma Prov\u00edncia do faz de conta&#8230;"}]},{"@type":"WebSite","@id":"https:\/\/radiolifefm.com.br\/noticias\/#website","url":"https:\/\/radiolifefm.com.br\/noticias\/","name":"R\u00e1dio Life FM","description":"O Portal de Not\u00edcias de Adamantina","publisher":{"@id":"https:\/\/radiolifefm.com.br\/noticias\/#organization"},"alternateName":"Life FM","potentialAction":[{"@type":"SearchAction","target":{"@type":"EntryPoint","urlTemplate":"https:\/\/radiolifefm.com.br\/noticias\/?s={search_term_string}"},"query-input":{"@type":"PropertyValueSpecification","valueRequired":true,"valueName":"search_term_string"}}],"inLanguage":"pt-BR"},{"@type":"Organization","@id":"https:\/\/radiolifefm.com.br\/noticias\/#organization","name":"R\u00e1dio Life FM","alternateName":"Life FM","url":"https:\/\/radiolifefm.com.br\/noticias\/","logo":{"@type":"ImageObject","inLanguage":"pt-BR","@id":"https:\/\/radiolifefm.com.br\/noticias\/#\/schema\/logo\/image\/","url":"https:\/\/static.radiolifefm.com.br\/noticias\/wp-content\/uploads\/2019\/10\/logo-lifefm.png","contentUrl":"https:\/\/static.radiolifefm.com.br\/noticias\/wp-content\/uploads\/2019\/10\/logo-lifefm.png","width":196,"height":47,"caption":"R\u00e1dio Life FM"},"image":{"@id":"https:\/\/radiolifefm.com.br\/noticias\/#\/schema\/logo\/image\/"},"sameAs":["https:\/\/www.facebook.com\/radiolifefm\/","https:\/\/www.instagram.com\/life1079fm\/"]},{"@type":"Person","@id":"https:\/\/radiolifefm.com.br\/noticias\/#\/schema\/person\/6339b9fac59d12b071dec680d7375d87","name":"ritanery","image":{"@type":"ImageObject","inLanguage":"pt-BR","@id":"https:\/\/secure.gravatar.com\/avatar\/0e37bb19071f47c0b8a23f62a903df117c5a0e75f65a0c2901562f97cd41cf86?s=96&d=mm&r=g","url":"https:\/\/secure.gravatar.com\/avatar\/0e37bb19071f47c0b8a23f62a903df117c5a0e75f65a0c2901562f97cd41cf86?s=96&d=mm&r=g","contentUrl":"https:\/\/secure.gravatar.com\/avatar\/0e37bb19071f47c0b8a23f62a903df117c5a0e75f65a0c2901562f97cd41cf86?s=96&d=mm&r=g","caption":"ritanery"}}]}},"amp_enabled":true,"_links":{"self":[{"href":"https:\/\/radiolifefm.com.br\/noticias\/wp-json\/wp\/v2\/posts\/61779","targetHints":{"allow":["GET"]}}],"collection":[{"href":"https:\/\/radiolifefm.com.br\/noticias\/wp-json\/wp\/v2\/posts"}],"about":[{"href":"https:\/\/radiolifefm.com.br\/noticias\/wp-json\/wp\/v2\/types\/post"}],"author":[{"embeddable":true,"href":"https:\/\/radiolifefm.com.br\/noticias\/wp-json\/wp\/v2\/users\/13"}],"replies":[{"embeddable":true,"href":"https:\/\/radiolifefm.com.br\/noticias\/wp-json\/wp\/v2\/comments?post=61779"}],"version-history":[{"count":1,"href":"https:\/\/radiolifefm.com.br\/noticias\/wp-json\/wp\/v2\/posts\/61779\/revisions"}],"predecessor-version":[{"id":61780,"href":"https:\/\/radiolifefm.com.br\/noticias\/wp-json\/wp\/v2\/posts\/61779\/revisions\/61780"}],"wp:featuredmedia":[{"embeddable":true,"href":"https:\/\/radiolifefm.com.br\/noticias\/wp-json\/wp\/v2\/media\/51988"}],"wp:attachment":[{"href":"https:\/\/radiolifefm.com.br\/noticias\/wp-json\/wp\/v2\/media?parent=61779"}],"wp:term":[{"taxonomy":"category","embeddable":true,"href":"https:\/\/radiolifefm.com.br\/noticias\/wp-json\/wp\/v2\/categories?post=61779"},{"taxonomy":"post_tag","embeddable":true,"href":"https:\/\/radiolifefm.com.br\/noticias\/wp-json\/wp\/v2\/tags?post=61779"}],"curies":[{"name":"wp","href":"https:\/\/api.w.org\/{rel}","templated":true}]}}