{"id":61372,"date":"2022-11-25T08:03:04","date_gmt":"2022-11-25T11:03:04","guid":{"rendered":"https:\/\/radiolifefm.com.br\/noticias\/?p=61372"},"modified":"2026-04-06T23:23:28","modified_gmt":"2026-04-07T02:23:28","slug":"palavras-ao-vento-neste-tempo-novo-tempo-para-um-novo-tempo-novo","status":"publish","type":"post","link":"https:\/\/radiolifefm.com.br\/noticias\/palavras-ao-vento-neste-tempo-novo-tempo-para-um-novo-tempo-novo\/","title":{"rendered":"Palavras ao vento neste TEMPO NOVO TEMPO para um NOVO TEMPO NOVO&#8230;"},"content":{"rendered":"<div id=\"fb-root\"><\/div>\n<p><em>\u201cN\u00e3o espere. Promessas, v\u00e3o e v\u00eam. Planos, se desfazem. Regras, voc\u00ea as dita. Palavras, o vento leva. Dist\u00e2ncia, s\u00f3 existe pra quem quer. Sonhos, se realizam, ou n\u00e3o.\u201d (<a href=\"https:\/\/www.pensador.com\/autor\/agda_yokowo\/\">Agda Yokowo<\/a>)<\/em><\/p>\n<p><em>\u00a0<\/em><\/p>\n<p><strong>S\u00e9rgio Barbosa (*)<\/strong><\/p>\n<p>Neste CEN\u00c1RIO um tanto quanto complicado para TODOS\/AS, cada qual com suas manias, assim, diz o dito popular tupiniquim, a saber: DE M\u00c9DICO E DE LOUTO TODO MUNDO TEM UM POUCO&#8230;<\/p>\n<p>Ainda, muitos\/as MORTAIS se colocam acima do BEM e do MAL, mesmo sendo do lado BOM ou do lado MAU, todavia, como sempre, apenas quem est\u00e1 no MEIO disto ou daquilo pode saber por onde entrar, ainda, se poss\u00edvel, sair para n\u00e3o voltar ao lugar de sempre&#8230;<\/p>\n<p>Tamb\u00e9m, n\u00e3o \u00e9 responsabilidade do articulista estar atento para respostas efetivas e muito menos eficazes sobre temas afins aos interesses do\/a LEITOR\/A, faz-se necess\u00e1rio estar em conex\u00e3o com as propostas visando uma reflex\u00e3o cr\u00edtica sobre os bastidores do pseudopoder neste denominado e idolatrado PA\u00cdS DO FAZ DE CONTA&#8230;<\/p>\n<p>No final das contas, isso \u00e9, se \u00e9 que existe presta\u00e7\u00e3o destas CONTAS neste caso em especial, espera-se um olhar al\u00e9m do SENSO COMUM, se bem que, muitos vestem a mesma carapu\u00e7a sem medo de ser feliz, ou seja, infeliz neste desencontro com o outro lado de um mesmo lado&#8230;<\/p>\n<p>O jogo das palavras permite uma sa\u00edda pela esquerda, muitos preferem pela direita, at\u00e9 mesmo pelo centro, mas, cada qual, do seu jeito, pode transpor os umbrais de uma janela qualquer em meio as buscas de uma gorjeta sagrada, mas, pode ser PROFANA e tudo fica na mesma de sempre&#8230;<\/p>\n<p>O famoso \u201cQI\u201d, ou seja, n\u00e3o o outro \u201cQI\u201d, aqui, vale ressaltar o famoso \u201cQuem Indicou\u201d o dito sem cujo em terras tupiniquins, mesmo assim, pode-se pensar, ou seria melhor deixar de lado a reflex\u00e3o para uma resposta sem muitas perguntas, at\u00e9 mesmo, d\u00favidas para um mesmo lado dentro da proposta provinciana \u201cme engana que eu gosto\u201d&#8230;<\/p>\n<p>Estar em rede significa querer, mas nem sempre isto \u00e9 poder, assim, as palavras seguem assinadas e n\u00e3o como palavras ao vento, as mesmas se perdem pelas esquinas de uma prov\u00edncia qualquer em tempo de p\u00f3s-globaliza\u00e7\u00e3o midi\u00e1tica&#8230;<\/p>\n<p>A humildade \u00e9 o princ\u00edpio da sabedoria disse o pensador do outro tempo, portanto, o melhor, em muitos casos e descasos do poder institucionalizado pelas sombras do passado, deixa a desejar neste momento pela reflex\u00e3o acad\u00eamica e pela experi\u00eancia profissional&#8230;<\/p>\n<p>Abrir espa\u00e7o viciado para a escrita pode ser uma alternativa leviana, assim, a espera deve ser silenciosa, quando a melhor defesa \u00e9 o ataque neste cen\u00e1rio limitado pela press\u00e3o sem impress\u00e3o da interpreta\u00e7\u00e3o local&#8230;<\/p>\n<p>N\u00e3o se deve levar adiante as indaga\u00e7\u00f5es do passado, neste caso, o presente assume uma postura com o futuro, por\u00e9m, muitas vozes continuam com o mesmo discurso dos anos de chumbo do PA\u00cdS DO FAZ DE CONTA&#8230;<\/p>\n<p>A fal\u00e1cia \u00e9 a mesma dos\/as med\u00edocres que ESBRAVEJAM pelos quatro cantos deste CEN\u00c1RIO patrocinado pelos\/as ALOPRADOS\/AS que se vestem de VERDE E AMARELO, ainda, como se fossem DONOS\/AS DA VERDADE e ponto quase final&#8230;<\/p>\n<p>QUEM SOBREVIVER VAI SABER&#8230;<\/p>\n<p><strong>___________________________<\/strong><\/p>\n<p><strong>(*) jornalista diplomado e professor universit\u00e1rio.<\/strong><\/p>\n<p><strong>e-mail: <a href=\"mailto:barbosa.sebar@gmail.com\">barbosa.sebar@gmail.com<\/a><\/strong><\/p>\n<p>&nbsp;<\/p>\n<p>&nbsp;<\/p>\n","protected":false},"excerpt":{"rendered":"<p>\u201cN\u00e3o espere. Promessas, v\u00e3o e v\u00eam. Planos, se desfazem. Regras, voc\u00ea as dita. Palavras, o vento leva. Dist\u00e2ncia, s\u00f3 existe pra quem quer. Sonhos, se realizam, ou n\u00e3o.\u201d (Agda Yokowo) \u00a0 S\u00e9rgio Barbosa (*) Neste CEN\u00c1RIO um tanto quanto complicado para TODOS\/AS, cada qual com suas manias, assim, diz o dito popular tupiniquim, a saber: [&hellip;]<\/p>\n","protected":false},"author":13,"featured_media":51988,"comment_status":"closed","ping_status":"open","sticky":false,"template":"","format":"standard","meta":{"_acf_changed":false,"_exactmetrics_skip_tracking":false,"_exactmetrics_sitenote_active":false,"_exactmetrics_sitenote_note":"","_exactmetrics_sitenote_category":0,"footnotes":""},"categories":[59],"tags":[],"class_list":["post-61372","post","type-post","status-publish","format-standard","has-post-thumbnail","hentry","category-opiniao"],"acf":[],"yoast_head":"<!-- This site is optimized with the Yoast SEO plugin v27.2 - https:\/\/yoast.com\/product\/yoast-seo-wordpress\/ -->\n<title>Palavras ao vento neste TEMPO NOVO TEMPO para um NOVO TEMPO NOVO... - R\u00e1dio Life FM<\/title>\n<meta name=\"robots\" content=\"index, follow, max-snippet:-1, max-image-preview:large, max-video-preview:-1\" \/>\n<link rel=\"canonical\" href=\"https:\/\/radiolifefm.com.br\/noticias\/palavras-ao-vento-neste-tempo-novo-tempo-para-um-novo-tempo-novo\/\" \/>\n<meta property=\"og:locale\" content=\"pt_BR\" \/>\n<meta property=\"og:type\" content=\"article\" \/>\n<meta property=\"og:title\" content=\"Palavras ao vento neste TEMPO NOVO TEMPO para um NOVO TEMPO NOVO... - R\u00e1dio Life FM\" \/>\n<meta property=\"og:description\" content=\"\u201cN\u00e3o espere. Promessas, v\u00e3o e v\u00eam. Planos, se desfazem. Regras, voc\u00ea as dita. Palavras, o vento leva. Dist\u00e2ncia, s\u00f3 existe pra quem quer. Sonhos, se realizam, ou n\u00e3o.\u201d (Agda Yokowo) \u00a0 S\u00e9rgio Barbosa (*) Neste CEN\u00c1RIO um tanto quanto complicado para TODOS\/AS, cada qual com suas manias, assim, diz o dito popular tupiniquim, a saber: [&hellip;]\" \/>\n<meta property=\"og:url\" content=\"https:\/\/radiolifefm.com.br\/noticias\/palavras-ao-vento-neste-tempo-novo-tempo-para-um-novo-tempo-novo\/\" \/>\n<meta property=\"og:site_name\" content=\"R\u00e1dio Life FM\" \/>\n<meta property=\"article:publisher\" content=\"https:\/\/www.facebook.com\/radiolifefm\/\" \/>\n<meta property=\"article:published_time\" content=\"2022-11-25T11:03:04+00:00\" \/>\n<meta property=\"article:modified_time\" content=\"2026-04-07T02:23:28+00:00\" \/>\n<meta property=\"og:image\" content=\"https:\/\/radiolifefm.com.br\/noticias\/wp-content\/uploads\/2022\/04\/WhatsApp-Image-2022-04-10-at-18.43.02.jpeg\" \/>\n\t<meta property=\"og:image:width\" content=\"972\" \/>\n\t<meta property=\"og:image:height\" content=\"1296\" \/>\n\t<meta property=\"og:image:type\" content=\"image\/jpeg\" \/>\n<meta name=\"author\" content=\"ritanery\" \/>\n<meta name=\"twitter:card\" content=\"summary_large_image\" \/>\n<meta name=\"twitter:label1\" content=\"Escrito por\" \/>\n\t<meta name=\"twitter:data1\" content=\"ritanery\" \/>\n\t<meta name=\"twitter:label2\" content=\"Est. tempo de leitura\" \/>\n\t<meta name=\"twitter:data2\" content=\"3 minutos\" \/>\n<script type=\"application\/ld+json\" class=\"yoast-schema-graph\">{\"@context\":\"https:\/\/schema.org\",\"@graph\":[{\"@type\":\"Article\",\"@id\":\"https:\/\/radiolifefm.com.br\/noticias\/palavras-ao-vento-neste-tempo-novo-tempo-para-um-novo-tempo-novo\/#article\",\"isPartOf\":{\"@id\":\"https:\/\/radiolifefm.com.br\/noticias\/palavras-ao-vento-neste-tempo-novo-tempo-para-um-novo-tempo-novo\/\"},\"author\":{\"name\":\"ritanery\",\"@id\":\"https:\/\/radiolifefm.com.br\/noticias\/#\/schema\/person\/6339b9fac59d12b071dec680d7375d87\"},\"headline\":\"Palavras ao vento neste TEMPO NOVO TEMPO para um NOVO TEMPO NOVO&#8230;\",\"datePublished\":\"2022-11-25T11:03:04+00:00\",\"dateModified\":\"2026-04-07T02:23:28+00:00\",\"mainEntityOfPage\":{\"@id\":\"https:\/\/radiolifefm.com.br\/noticias\/palavras-ao-vento-neste-tempo-novo-tempo-para-um-novo-tempo-novo\/\"},\"wordCount\":573,\"publisher\":{\"@id\":\"https:\/\/radiolifefm.com.br\/noticias\/#organization\"},\"image\":{\"@id\":\"https:\/\/radiolifefm.com.br\/noticias\/palavras-ao-vento-neste-tempo-novo-tempo-para-um-novo-tempo-novo\/#primaryimage\"},\"thumbnailUrl\":\"https:\/\/radiolifefm.com.br\/noticias\/wp-content\/uploads\/2022\/04\/WhatsApp-Image-2022-04-10-at-18.43.02.jpeg\",\"articleSection\":[\"Opini\u00e3o\"],\"inLanguage\":\"pt-BR\"},{\"@type\":\"WebPage\",\"@id\":\"https:\/\/radiolifefm.com.br\/noticias\/palavras-ao-vento-neste-tempo-novo-tempo-para-um-novo-tempo-novo\/\",\"url\":\"https:\/\/radiolifefm.com.br\/noticias\/palavras-ao-vento-neste-tempo-novo-tempo-para-um-novo-tempo-novo\/\",\"name\":\"Palavras ao vento neste TEMPO NOVO TEMPO para um NOVO TEMPO NOVO... - R\u00e1dio Life FM\",\"isPartOf\":{\"@id\":\"https:\/\/radiolifefm.com.br\/noticias\/#website\"},\"primaryImageOfPage\":{\"@id\":\"https:\/\/radiolifefm.com.br\/noticias\/palavras-ao-vento-neste-tempo-novo-tempo-para-um-novo-tempo-novo\/#primaryimage\"},\"image\":{\"@id\":\"https:\/\/radiolifefm.com.br\/noticias\/palavras-ao-vento-neste-tempo-novo-tempo-para-um-novo-tempo-novo\/#primaryimage\"},\"thumbnailUrl\":\"https:\/\/radiolifefm.com.br\/noticias\/wp-content\/uploads\/2022\/04\/WhatsApp-Image-2022-04-10-at-18.43.02.jpeg\",\"datePublished\":\"2022-11-25T11:03:04+00:00\",\"dateModified\":\"2026-04-07T02:23:28+00:00\",\"breadcrumb\":{\"@id\":\"https:\/\/radiolifefm.com.br\/noticias\/palavras-ao-vento-neste-tempo-novo-tempo-para-um-novo-tempo-novo\/#breadcrumb\"},\"inLanguage\":\"pt-BR\",\"potentialAction\":[{\"@type\":\"ReadAction\",\"target\":[\"https:\/\/radiolifefm.com.br\/noticias\/palavras-ao-vento-neste-tempo-novo-tempo-para-um-novo-tempo-novo\/\"]}]},{\"@type\":\"ImageObject\",\"inLanguage\":\"pt-BR\",\"@id\":\"https:\/\/radiolifefm.com.br\/noticias\/palavras-ao-vento-neste-tempo-novo-tempo-para-um-novo-tempo-novo\/#primaryimage\",\"url\":\"https:\/\/radiolifefm.com.br\/noticias\/wp-content\/uploads\/2022\/04\/WhatsApp-Image-2022-04-10-at-18.43.02.jpeg\",\"contentUrl\":\"https:\/\/radiolifefm.com.br\/noticias\/wp-content\/uploads\/2022\/04\/WhatsApp-Image-2022-04-10-at-18.43.02.jpeg\",\"width\":972,\"height\":1296,\"caption\":\"S\u00e9rgio Barbosa\"},{\"@type\":\"BreadcrumbList\",\"@id\":\"https:\/\/radiolifefm.com.br\/noticias\/palavras-ao-vento-neste-tempo-novo-tempo-para-um-novo-tempo-novo\/#breadcrumb\",\"itemListElement\":[{\"@type\":\"ListItem\",\"position\":1,\"name\":\"In\u00edcio\",\"item\":\"https:\/\/radiolifefm.com.br\/noticias\/\"},{\"@type\":\"ListItem\",\"position\":2,\"name\":\"Palavras ao vento neste TEMPO NOVO TEMPO para um NOVO TEMPO NOVO&#8230;\"}]},{\"@type\":\"WebSite\",\"@id\":\"https:\/\/radiolifefm.com.br\/noticias\/#website\",\"url\":\"https:\/\/radiolifefm.com.br\/noticias\/\",\"name\":\"R\u00e1dio Life FM\",\"description\":\"O Portal de Not\u00edcias de Adamantina\",\"publisher\":{\"@id\":\"https:\/\/radiolifefm.com.br\/noticias\/#organization\"},\"alternateName\":\"Life FM\",\"potentialAction\":[{\"@type\":\"SearchAction\",\"target\":{\"@type\":\"EntryPoint\",\"urlTemplate\":\"https:\/\/radiolifefm.com.br\/noticias\/?s={search_term_string}\"},\"query-input\":{\"@type\":\"PropertyValueSpecification\",\"valueRequired\":true,\"valueName\":\"search_term_string\"}}],\"inLanguage\":\"pt-BR\"},{\"@type\":\"Organization\",\"@id\":\"https:\/\/radiolifefm.com.br\/noticias\/#organization\",\"name\":\"R\u00e1dio Life FM\",\"alternateName\":\"Life FM\",\"url\":\"https:\/\/radiolifefm.com.br\/noticias\/\",\"logo\":{\"@type\":\"ImageObject\",\"inLanguage\":\"pt-BR\",\"@id\":\"https:\/\/radiolifefm.com.br\/noticias\/#\/schema\/logo\/image\/\",\"url\":\"https:\/\/static.radiolifefm.com.br\/noticias\/wp-content\/uploads\/2019\/10\/logo-lifefm.png\",\"contentUrl\":\"https:\/\/static.radiolifefm.com.br\/noticias\/wp-content\/uploads\/2019\/10\/logo-lifefm.png\",\"width\":196,\"height\":47,\"caption\":\"R\u00e1dio Life FM\"},\"image\":{\"@id\":\"https:\/\/radiolifefm.com.br\/noticias\/#\/schema\/logo\/image\/\"},\"sameAs\":[\"https:\/\/www.facebook.com\/radiolifefm\/\",\"https:\/\/www.instagram.com\/life1079fm\/\"]},{\"@type\":\"Person\",\"@id\":\"https:\/\/radiolifefm.com.br\/noticias\/#\/schema\/person\/6339b9fac59d12b071dec680d7375d87\",\"name\":\"ritanery\",\"image\":{\"@type\":\"ImageObject\",\"inLanguage\":\"pt-BR\",\"@id\":\"https:\/\/secure.gravatar.com\/avatar\/0e37bb19071f47c0b8a23f62a903df117c5a0e75f65a0c2901562f97cd41cf86?s=96&d=mm&r=g\",\"url\":\"https:\/\/secure.gravatar.com\/avatar\/0e37bb19071f47c0b8a23f62a903df117c5a0e75f65a0c2901562f97cd41cf86?s=96&d=mm&r=g\",\"contentUrl\":\"https:\/\/secure.gravatar.com\/avatar\/0e37bb19071f47c0b8a23f62a903df117c5a0e75f65a0c2901562f97cd41cf86?s=96&d=mm&r=g\",\"caption\":\"ritanery\"}}]}<\/script>\n<!-- \/ Yoast SEO plugin. -->","yoast_head_json":{"title":"Palavras ao vento neste TEMPO NOVO TEMPO para um NOVO TEMPO NOVO... - R\u00e1dio Life FM","robots":{"index":"index","follow":"follow","max-snippet":"max-snippet:-1","max-image-preview":"max-image-preview:large","max-video-preview":"max-video-preview:-1"},"canonical":"https:\/\/radiolifefm.com.br\/noticias\/palavras-ao-vento-neste-tempo-novo-tempo-para-um-novo-tempo-novo\/","og_locale":"pt_BR","og_type":"article","og_title":"Palavras ao vento neste TEMPO NOVO TEMPO para um NOVO TEMPO NOVO... - R\u00e1dio Life FM","og_description":"\u201cN\u00e3o espere. Promessas, v\u00e3o e v\u00eam. Planos, se desfazem. Regras, voc\u00ea as dita. Palavras, o vento leva. Dist\u00e2ncia, s\u00f3 existe pra quem quer. Sonhos, se realizam, ou n\u00e3o.\u201d (Agda Yokowo) \u00a0 S\u00e9rgio Barbosa (*) Neste CEN\u00c1RIO um tanto quanto complicado para TODOS\/AS, cada qual com suas manias, assim, diz o dito popular tupiniquim, a saber: [&hellip;]","og_url":"https:\/\/radiolifefm.com.br\/noticias\/palavras-ao-vento-neste-tempo-novo-tempo-para-um-novo-tempo-novo\/","og_site_name":"R\u00e1dio Life FM","article_publisher":"https:\/\/www.facebook.com\/radiolifefm\/","article_published_time":"2022-11-25T11:03:04+00:00","article_modified_time":"2026-04-07T02:23:28+00:00","og_image":[{"width":972,"height":1296,"url":"https:\/\/radiolifefm.com.br\/noticias\/wp-content\/uploads\/2022\/04\/WhatsApp-Image-2022-04-10-at-18.43.02.jpeg","type":"image\/jpeg"}],"author":"ritanery","twitter_card":"summary_large_image","twitter_misc":{"Escrito por":"ritanery","Est. tempo de leitura":"3 minutos"},"schema":{"@context":"https:\/\/schema.org","@graph":[{"@type":"Article","@id":"https:\/\/radiolifefm.com.br\/noticias\/palavras-ao-vento-neste-tempo-novo-tempo-para-um-novo-tempo-novo\/#article","isPartOf":{"@id":"https:\/\/radiolifefm.com.br\/noticias\/palavras-ao-vento-neste-tempo-novo-tempo-para-um-novo-tempo-novo\/"},"author":{"name":"ritanery","@id":"https:\/\/radiolifefm.com.br\/noticias\/#\/schema\/person\/6339b9fac59d12b071dec680d7375d87"},"headline":"Palavras ao vento neste TEMPO NOVO TEMPO para um NOVO TEMPO NOVO&#8230;","datePublished":"2022-11-25T11:03:04+00:00","dateModified":"2026-04-07T02:23:28+00:00","mainEntityOfPage":{"@id":"https:\/\/radiolifefm.com.br\/noticias\/palavras-ao-vento-neste-tempo-novo-tempo-para-um-novo-tempo-novo\/"},"wordCount":573,"publisher":{"@id":"https:\/\/radiolifefm.com.br\/noticias\/#organization"},"image":{"@id":"https:\/\/radiolifefm.com.br\/noticias\/palavras-ao-vento-neste-tempo-novo-tempo-para-um-novo-tempo-novo\/#primaryimage"},"thumbnailUrl":"https:\/\/radiolifefm.com.br\/noticias\/wp-content\/uploads\/2022\/04\/WhatsApp-Image-2022-04-10-at-18.43.02.jpeg","articleSection":["Opini\u00e3o"],"inLanguage":"pt-BR"},{"@type":"WebPage","@id":"https:\/\/radiolifefm.com.br\/noticias\/palavras-ao-vento-neste-tempo-novo-tempo-para-um-novo-tempo-novo\/","url":"https:\/\/radiolifefm.com.br\/noticias\/palavras-ao-vento-neste-tempo-novo-tempo-para-um-novo-tempo-novo\/","name":"Palavras ao vento neste TEMPO NOVO TEMPO para um NOVO TEMPO NOVO... - R\u00e1dio Life FM","isPartOf":{"@id":"https:\/\/radiolifefm.com.br\/noticias\/#website"},"primaryImageOfPage":{"@id":"https:\/\/radiolifefm.com.br\/noticias\/palavras-ao-vento-neste-tempo-novo-tempo-para-um-novo-tempo-novo\/#primaryimage"},"image":{"@id":"https:\/\/radiolifefm.com.br\/noticias\/palavras-ao-vento-neste-tempo-novo-tempo-para-um-novo-tempo-novo\/#primaryimage"},"thumbnailUrl":"https:\/\/radiolifefm.com.br\/noticias\/wp-content\/uploads\/2022\/04\/WhatsApp-Image-2022-04-10-at-18.43.02.jpeg","datePublished":"2022-11-25T11:03:04+00:00","dateModified":"2026-04-07T02:23:28+00:00","breadcrumb":{"@id":"https:\/\/radiolifefm.com.br\/noticias\/palavras-ao-vento-neste-tempo-novo-tempo-para-um-novo-tempo-novo\/#breadcrumb"},"inLanguage":"pt-BR","potentialAction":[{"@type":"ReadAction","target":["https:\/\/radiolifefm.com.br\/noticias\/palavras-ao-vento-neste-tempo-novo-tempo-para-um-novo-tempo-novo\/"]}]},{"@type":"ImageObject","inLanguage":"pt-BR","@id":"https:\/\/radiolifefm.com.br\/noticias\/palavras-ao-vento-neste-tempo-novo-tempo-para-um-novo-tempo-novo\/#primaryimage","url":"https:\/\/radiolifefm.com.br\/noticias\/wp-content\/uploads\/2022\/04\/WhatsApp-Image-2022-04-10-at-18.43.02.jpeg","contentUrl":"https:\/\/radiolifefm.com.br\/noticias\/wp-content\/uploads\/2022\/04\/WhatsApp-Image-2022-04-10-at-18.43.02.jpeg","width":972,"height":1296,"caption":"S\u00e9rgio Barbosa"},{"@type":"BreadcrumbList","@id":"https:\/\/radiolifefm.com.br\/noticias\/palavras-ao-vento-neste-tempo-novo-tempo-para-um-novo-tempo-novo\/#breadcrumb","itemListElement":[{"@type":"ListItem","position":1,"name":"In\u00edcio","item":"https:\/\/radiolifefm.com.br\/noticias\/"},{"@type":"ListItem","position":2,"name":"Palavras ao vento neste TEMPO NOVO TEMPO para um NOVO TEMPO NOVO&#8230;"}]},{"@type":"WebSite","@id":"https:\/\/radiolifefm.com.br\/noticias\/#website","url":"https:\/\/radiolifefm.com.br\/noticias\/","name":"R\u00e1dio Life FM","description":"O Portal de Not\u00edcias de Adamantina","publisher":{"@id":"https:\/\/radiolifefm.com.br\/noticias\/#organization"},"alternateName":"Life FM","potentialAction":[{"@type":"SearchAction","target":{"@type":"EntryPoint","urlTemplate":"https:\/\/radiolifefm.com.br\/noticias\/?s={search_term_string}"},"query-input":{"@type":"PropertyValueSpecification","valueRequired":true,"valueName":"search_term_string"}}],"inLanguage":"pt-BR"},{"@type":"Organization","@id":"https:\/\/radiolifefm.com.br\/noticias\/#organization","name":"R\u00e1dio Life FM","alternateName":"Life FM","url":"https:\/\/radiolifefm.com.br\/noticias\/","logo":{"@type":"ImageObject","inLanguage":"pt-BR","@id":"https:\/\/radiolifefm.com.br\/noticias\/#\/schema\/logo\/image\/","url":"https:\/\/static.radiolifefm.com.br\/noticias\/wp-content\/uploads\/2019\/10\/logo-lifefm.png","contentUrl":"https:\/\/static.radiolifefm.com.br\/noticias\/wp-content\/uploads\/2019\/10\/logo-lifefm.png","width":196,"height":47,"caption":"R\u00e1dio Life FM"},"image":{"@id":"https:\/\/radiolifefm.com.br\/noticias\/#\/schema\/logo\/image\/"},"sameAs":["https:\/\/www.facebook.com\/radiolifefm\/","https:\/\/www.instagram.com\/life1079fm\/"]},{"@type":"Person","@id":"https:\/\/radiolifefm.com.br\/noticias\/#\/schema\/person\/6339b9fac59d12b071dec680d7375d87","name":"ritanery","image":{"@type":"ImageObject","inLanguage":"pt-BR","@id":"https:\/\/secure.gravatar.com\/avatar\/0e37bb19071f47c0b8a23f62a903df117c5a0e75f65a0c2901562f97cd41cf86?s=96&d=mm&r=g","url":"https:\/\/secure.gravatar.com\/avatar\/0e37bb19071f47c0b8a23f62a903df117c5a0e75f65a0c2901562f97cd41cf86?s=96&d=mm&r=g","contentUrl":"https:\/\/secure.gravatar.com\/avatar\/0e37bb19071f47c0b8a23f62a903df117c5a0e75f65a0c2901562f97cd41cf86?s=96&d=mm&r=g","caption":"ritanery"}}]}},"amp_enabled":true,"_links":{"self":[{"href":"https:\/\/radiolifefm.com.br\/noticias\/wp-json\/wp\/v2\/posts\/61372","targetHints":{"allow":["GET"]}}],"collection":[{"href":"https:\/\/radiolifefm.com.br\/noticias\/wp-json\/wp\/v2\/posts"}],"about":[{"href":"https:\/\/radiolifefm.com.br\/noticias\/wp-json\/wp\/v2\/types\/post"}],"author":[{"embeddable":true,"href":"https:\/\/radiolifefm.com.br\/noticias\/wp-json\/wp\/v2\/users\/13"}],"replies":[{"embeddable":true,"href":"https:\/\/radiolifefm.com.br\/noticias\/wp-json\/wp\/v2\/comments?post=61372"}],"version-history":[{"count":1,"href":"https:\/\/radiolifefm.com.br\/noticias\/wp-json\/wp\/v2\/posts\/61372\/revisions"}],"predecessor-version":[{"id":61373,"href":"https:\/\/radiolifefm.com.br\/noticias\/wp-json\/wp\/v2\/posts\/61372\/revisions\/61373"}],"wp:featuredmedia":[{"embeddable":true,"href":"https:\/\/radiolifefm.com.br\/noticias\/wp-json\/wp\/v2\/media\/51988"}],"wp:attachment":[{"href":"https:\/\/radiolifefm.com.br\/noticias\/wp-json\/wp\/v2\/media?parent=61372"}],"wp:term":[{"taxonomy":"category","embeddable":true,"href":"https:\/\/radiolifefm.com.br\/noticias\/wp-json\/wp\/v2\/categories?post=61372"},{"taxonomy":"post_tag","embeddable":true,"href":"https:\/\/radiolifefm.com.br\/noticias\/wp-json\/wp\/v2\/tags?post=61372"}],"curies":[{"name":"wp","href":"https:\/\/api.w.org\/{rel}","templated":true}]}}