{"id":60993,"date":"2022-11-18T08:03:11","date_gmt":"2022-11-18T11:03:11","guid":{"rendered":"https:\/\/radiolifefm.com.br\/noticias\/?p=60993"},"modified":"2025-12-04T10:15:04","modified_gmt":"2025-12-04T13:15:04","slug":"uma-questao-de-cidadania-e-ponto-quase-final","status":"publish","type":"post","link":"https:\/\/radiolifefm.com.br\/noticias\/uma-questao-de-cidadania-e-ponto-quase-final\/","title":{"rendered":"UMA QUEST\u00c3O DE CIDADANIA E PONTO QUASE FINAL&#8230;"},"content":{"rendered":"<div id=\"fb-root\"><\/div>\n<p><em>\u201cOs s\u00e1bios reconhecem que o \u00fanico modo de ajudar a si mesmo \u00e9 ajudando os outros\u201d. (Elbert Hubbard)<\/em><\/p>\n<p><em>\u00a0<\/em><\/p>\n<p><strong>S\u00e9rgio Barbosa (*)<\/strong><\/p>\n<p><em>\u00c0 Marta, dedico!<\/em><\/p>\n<p>&nbsp;<\/p>\n<p>Neste novo tempo novo, pode-se afirmar que as pessoas continuam tentando apenas estar e se esquecem de ser, portanto, as quest\u00f5es b\u00e1sicas que provam que um povo est\u00e1 em sintonia com o social continuam distantes dos compromissos com a comunidade local&#8230;<\/p>\n<p>Assim, a maioria das pessoas buscam levar vantagem de um jeito ou de outro nas m\u00ednimas quest\u00f5es do cotidiano, portanto, fica sempre a sensa\u00e7\u00e3o da famigerada \u201cLei de Gerson\u201d&#8230;<\/p>\n<p>Todos querem ter o seu lazer com isto ou aquilo, por\u00e9m, neste meio tempo, existem os os pr\u00f3s e os contras em qualquer situa\u00e7\u00e3o, por exemplo, com os donos e donas de animais considerados dom\u00e9sticos&#8230;<\/p>\n<p>Nestes casos, existem os que adotam animais como divertimento, ou seja, ap\u00f3s a divers\u00e3o pode-se descartar o mesmo sem mais e sem menos, ainda, esquecem-se das responsabilidades, bem como, dos cuidados necess\u00e1rios para cada caso&#8230;<\/p>\n<p>A prov\u00edncia continua sendo palco de abandono dos mais diversos animais nas ruas, cal\u00e7adas, terrenos baldios e portas de resid\u00eancias, considerando neste caso em especial, moradores\/as que ficam conhecidos pela prote\u00e7\u00e3o que dispensam aos animais abandonados ou at\u00e9 mesmo, jogados nas suas portas residenciais&#8230;<\/p>\n<p>Entendo que o poder p\u00fablico local tem a sua responsabilidade nestes casos entre os ocasos mediados pelas denominadas pol\u00edticas p\u00fablicas na \u00e1rea da sa\u00fade animal&#8230;<\/p>\n<p>Tamb\u00e9m, o compromisso com a cidadania deixa a desejar nestes procedimentos relacionados com os animais, portanto, faz-se necess\u00e1rio a promo\u00e7\u00e3o e execu\u00e7\u00e3o de campanhas focadas na preven\u00e7\u00e3o junto \u00e0 comunidade local em benef\u00edcio dos animais&#8230;<\/p>\n<p>O que n\u00e3o pode continuar ocorrendo s\u00e3o tais procedimentos por parte daquelas pessoas que preferem abandonar este ou aquele animal em qualquer lugar da cidade para que \u201co alheio\u201d fa\u00e7a o papel de protetor ou protetora do animal abandonado ou \u201cdescartado\u201d como se fosse uma \u201ccoisa\u201d desnecess\u00e1ria para o\/a dono\/a&#8230;<\/p>\n<p>Assim, pode-se esperar que a reflex\u00e3o possa ir de encontro ao outro lado neste processo mediado pelo compromisso individual ou coletivo para com o bem estar dos animais neste novo tempo que se chama hoje&#8230;<\/p>\n<p><em>_________________________________<\/em><\/p>\n<p><em>(*) jornalista profissional diplomado e professor universit\u00e1rio.<\/em><\/p>\n<p><em>e-mail: <\/em><a href=\"mailto:barbosa.sebar@gmail.com\"><em>barbosa.sebar@gmail.com<\/em><\/a><\/p>\n<p><em>\u00a0<\/em><\/p>\n<p><em>\u00a0<\/em><\/p>\n","protected":false},"excerpt":{"rendered":"<p>\u201cOs s\u00e1bios reconhecem que o \u00fanico modo de ajudar a si mesmo \u00e9 ajudando os outros\u201d. (Elbert Hubbard) \u00a0 S\u00e9rgio Barbosa (*) \u00c0 Marta, dedico! &nbsp; Neste novo tempo novo, pode-se afirmar que as pessoas continuam tentando apenas estar e se esquecem de ser, portanto, as quest\u00f5es b\u00e1sicas que provam que um povo est\u00e1 em [&hellip;]<\/p>\n","protected":false},"author":13,"featured_media":51988,"comment_status":"closed","ping_status":"open","sticky":false,"template":"","format":"standard","meta":{"_acf_changed":false,"_exactmetrics_skip_tracking":false,"_exactmetrics_sitenote_active":false,"_exactmetrics_sitenote_note":"","_exactmetrics_sitenote_category":0,"footnotes":""},"categories":[59],"tags":[],"class_list":["post-60993","post","type-post","status-publish","format-standard","has-post-thumbnail","hentry","category-opiniao"],"acf":[],"yoast_head":"<!-- This site is optimized with the Yoast SEO plugin v27.2 - https:\/\/yoast.com\/product\/yoast-seo-wordpress\/ -->\n<title>UMA QUEST\u00c3O DE CIDADANIA E PONTO QUASE FINAL... - R\u00e1dio Life FM<\/title>\n<meta name=\"robots\" content=\"index, follow, max-snippet:-1, max-image-preview:large, max-video-preview:-1\" \/>\n<link rel=\"canonical\" href=\"https:\/\/radiolifefm.com.br\/noticias\/uma-questao-de-cidadania-e-ponto-quase-final\/\" \/>\n<meta property=\"og:locale\" content=\"pt_BR\" \/>\n<meta property=\"og:type\" content=\"article\" \/>\n<meta property=\"og:title\" content=\"UMA QUEST\u00c3O DE CIDADANIA E PONTO QUASE FINAL... - R\u00e1dio Life FM\" \/>\n<meta property=\"og:description\" content=\"\u201cOs s\u00e1bios reconhecem que o \u00fanico modo de ajudar a si mesmo \u00e9 ajudando os outros\u201d. (Elbert Hubbard) \u00a0 S\u00e9rgio Barbosa (*) \u00c0 Marta, dedico! &nbsp; Neste novo tempo novo, pode-se afirmar que as pessoas continuam tentando apenas estar e se esquecem de ser, portanto, as quest\u00f5es b\u00e1sicas que provam que um povo est\u00e1 em [&hellip;]\" \/>\n<meta property=\"og:url\" content=\"https:\/\/radiolifefm.com.br\/noticias\/uma-questao-de-cidadania-e-ponto-quase-final\/\" \/>\n<meta property=\"og:site_name\" content=\"R\u00e1dio Life FM\" \/>\n<meta property=\"article:publisher\" content=\"https:\/\/www.facebook.com\/radiolifefm\/\" \/>\n<meta property=\"article:published_time\" content=\"2022-11-18T11:03:11+00:00\" \/>\n<meta property=\"article:modified_time\" content=\"2025-12-04T13:15:04+00:00\" \/>\n<meta property=\"og:image\" content=\"https:\/\/radiolifefm.com.br\/noticias\/wp-content\/uploads\/2022\/04\/WhatsApp-Image-2022-04-10-at-18.43.02.jpeg\" \/>\n\t<meta property=\"og:image:width\" content=\"972\" \/>\n\t<meta property=\"og:image:height\" content=\"1296\" \/>\n\t<meta property=\"og:image:type\" content=\"image\/jpeg\" \/>\n<meta name=\"author\" content=\"ritanery\" \/>\n<meta name=\"twitter:card\" content=\"summary_large_image\" \/>\n<meta name=\"twitter:label1\" content=\"Escrito por\" \/>\n\t<meta name=\"twitter:data1\" content=\"ritanery\" \/>\n\t<meta name=\"twitter:label2\" content=\"Est. tempo de leitura\" \/>\n\t<meta name=\"twitter:data2\" content=\"2 minutos\" \/>\n<script type=\"application\/ld+json\" class=\"yoast-schema-graph\">{\"@context\":\"https:\/\/schema.org\",\"@graph\":[{\"@type\":\"Article\",\"@id\":\"https:\/\/radiolifefm.com.br\/noticias\/uma-questao-de-cidadania-e-ponto-quase-final\/#article\",\"isPartOf\":{\"@id\":\"https:\/\/radiolifefm.com.br\/noticias\/uma-questao-de-cidadania-e-ponto-quase-final\/\"},\"author\":{\"name\":\"ritanery\",\"@id\":\"https:\/\/radiolifefm.com.br\/noticias\/#\/schema\/person\/6339b9fac59d12b071dec680d7375d87\"},\"headline\":\"UMA QUEST\u00c3O DE CIDADANIA E PONTO QUASE FINAL&#8230;\",\"datePublished\":\"2022-11-18T11:03:11+00:00\",\"dateModified\":\"2025-12-04T13:15:04+00:00\",\"mainEntityOfPage\":{\"@id\":\"https:\/\/radiolifefm.com.br\/noticias\/uma-questao-de-cidadania-e-ponto-quase-final\/\"},\"wordCount\":407,\"publisher\":{\"@id\":\"https:\/\/radiolifefm.com.br\/noticias\/#organization\"},\"image\":{\"@id\":\"https:\/\/radiolifefm.com.br\/noticias\/uma-questao-de-cidadania-e-ponto-quase-final\/#primaryimage\"},\"thumbnailUrl\":\"https:\/\/radiolifefm.com.br\/noticias\/wp-content\/uploads\/2022\/04\/WhatsApp-Image-2022-04-10-at-18.43.02.jpeg\",\"articleSection\":[\"Opini\u00e3o\"],\"inLanguage\":\"pt-BR\"},{\"@type\":\"WebPage\",\"@id\":\"https:\/\/radiolifefm.com.br\/noticias\/uma-questao-de-cidadania-e-ponto-quase-final\/\",\"url\":\"https:\/\/radiolifefm.com.br\/noticias\/uma-questao-de-cidadania-e-ponto-quase-final\/\",\"name\":\"UMA QUEST\u00c3O DE CIDADANIA E PONTO QUASE FINAL... - R\u00e1dio Life FM\",\"isPartOf\":{\"@id\":\"https:\/\/radiolifefm.com.br\/noticias\/#website\"},\"primaryImageOfPage\":{\"@id\":\"https:\/\/radiolifefm.com.br\/noticias\/uma-questao-de-cidadania-e-ponto-quase-final\/#primaryimage\"},\"image\":{\"@id\":\"https:\/\/radiolifefm.com.br\/noticias\/uma-questao-de-cidadania-e-ponto-quase-final\/#primaryimage\"},\"thumbnailUrl\":\"https:\/\/radiolifefm.com.br\/noticias\/wp-content\/uploads\/2022\/04\/WhatsApp-Image-2022-04-10-at-18.43.02.jpeg\",\"datePublished\":\"2022-11-18T11:03:11+00:00\",\"dateModified\":\"2025-12-04T13:15:04+00:00\",\"breadcrumb\":{\"@id\":\"https:\/\/radiolifefm.com.br\/noticias\/uma-questao-de-cidadania-e-ponto-quase-final\/#breadcrumb\"},\"inLanguage\":\"pt-BR\",\"potentialAction\":[{\"@type\":\"ReadAction\",\"target\":[\"https:\/\/radiolifefm.com.br\/noticias\/uma-questao-de-cidadania-e-ponto-quase-final\/\"]}]},{\"@type\":\"ImageObject\",\"inLanguage\":\"pt-BR\",\"@id\":\"https:\/\/radiolifefm.com.br\/noticias\/uma-questao-de-cidadania-e-ponto-quase-final\/#primaryimage\",\"url\":\"https:\/\/radiolifefm.com.br\/noticias\/wp-content\/uploads\/2022\/04\/WhatsApp-Image-2022-04-10-at-18.43.02.jpeg\",\"contentUrl\":\"https:\/\/radiolifefm.com.br\/noticias\/wp-content\/uploads\/2022\/04\/WhatsApp-Image-2022-04-10-at-18.43.02.jpeg\",\"width\":972,\"height\":1296,\"caption\":\"S\u00e9rgio Barbosa\"},{\"@type\":\"BreadcrumbList\",\"@id\":\"https:\/\/radiolifefm.com.br\/noticias\/uma-questao-de-cidadania-e-ponto-quase-final\/#breadcrumb\",\"itemListElement\":[{\"@type\":\"ListItem\",\"position\":1,\"name\":\"In\u00edcio\",\"item\":\"https:\/\/radiolifefm.com.br\/noticias\/\"},{\"@type\":\"ListItem\",\"position\":2,\"name\":\"UMA QUEST\u00c3O DE CIDADANIA E PONTO QUASE FINAL&#8230;\"}]},{\"@type\":\"WebSite\",\"@id\":\"https:\/\/radiolifefm.com.br\/noticias\/#website\",\"url\":\"https:\/\/radiolifefm.com.br\/noticias\/\",\"name\":\"R\u00e1dio Life FM\",\"description\":\"O Portal de Not\u00edcias de Adamantina\",\"publisher\":{\"@id\":\"https:\/\/radiolifefm.com.br\/noticias\/#organization\"},\"alternateName\":\"Life FM\",\"potentialAction\":[{\"@type\":\"SearchAction\",\"target\":{\"@type\":\"EntryPoint\",\"urlTemplate\":\"https:\/\/radiolifefm.com.br\/noticias\/?s={search_term_string}\"},\"query-input\":{\"@type\":\"PropertyValueSpecification\",\"valueRequired\":true,\"valueName\":\"search_term_string\"}}],\"inLanguage\":\"pt-BR\"},{\"@type\":\"Organization\",\"@id\":\"https:\/\/radiolifefm.com.br\/noticias\/#organization\",\"name\":\"R\u00e1dio Life FM\",\"alternateName\":\"Life FM\",\"url\":\"https:\/\/radiolifefm.com.br\/noticias\/\",\"logo\":{\"@type\":\"ImageObject\",\"inLanguage\":\"pt-BR\",\"@id\":\"https:\/\/radiolifefm.com.br\/noticias\/#\/schema\/logo\/image\/\",\"url\":\"https:\/\/static.radiolifefm.com.br\/noticias\/wp-content\/uploads\/2019\/10\/logo-lifefm.png\",\"contentUrl\":\"https:\/\/static.radiolifefm.com.br\/noticias\/wp-content\/uploads\/2019\/10\/logo-lifefm.png\",\"width\":196,\"height\":47,\"caption\":\"R\u00e1dio Life FM\"},\"image\":{\"@id\":\"https:\/\/radiolifefm.com.br\/noticias\/#\/schema\/logo\/image\/\"},\"sameAs\":[\"https:\/\/www.facebook.com\/radiolifefm\/\",\"https:\/\/www.instagram.com\/life1079fm\/\"]},{\"@type\":\"Person\",\"@id\":\"https:\/\/radiolifefm.com.br\/noticias\/#\/schema\/person\/6339b9fac59d12b071dec680d7375d87\",\"name\":\"ritanery\",\"image\":{\"@type\":\"ImageObject\",\"inLanguage\":\"pt-BR\",\"@id\":\"https:\/\/secure.gravatar.com\/avatar\/0e37bb19071f47c0b8a23f62a903df117c5a0e75f65a0c2901562f97cd41cf86?s=96&d=mm&r=g\",\"url\":\"https:\/\/secure.gravatar.com\/avatar\/0e37bb19071f47c0b8a23f62a903df117c5a0e75f65a0c2901562f97cd41cf86?s=96&d=mm&r=g\",\"contentUrl\":\"https:\/\/secure.gravatar.com\/avatar\/0e37bb19071f47c0b8a23f62a903df117c5a0e75f65a0c2901562f97cd41cf86?s=96&d=mm&r=g\",\"caption\":\"ritanery\"}}]}<\/script>\n<!-- \/ Yoast SEO plugin. -->","yoast_head_json":{"title":"UMA QUEST\u00c3O DE CIDADANIA E PONTO QUASE FINAL... - R\u00e1dio Life FM","robots":{"index":"index","follow":"follow","max-snippet":"max-snippet:-1","max-image-preview":"max-image-preview:large","max-video-preview":"max-video-preview:-1"},"canonical":"https:\/\/radiolifefm.com.br\/noticias\/uma-questao-de-cidadania-e-ponto-quase-final\/","og_locale":"pt_BR","og_type":"article","og_title":"UMA QUEST\u00c3O DE CIDADANIA E PONTO QUASE FINAL... - R\u00e1dio Life FM","og_description":"\u201cOs s\u00e1bios reconhecem que o \u00fanico modo de ajudar a si mesmo \u00e9 ajudando os outros\u201d. (Elbert Hubbard) \u00a0 S\u00e9rgio Barbosa (*) \u00c0 Marta, dedico! &nbsp; Neste novo tempo novo, pode-se afirmar que as pessoas continuam tentando apenas estar e se esquecem de ser, portanto, as quest\u00f5es b\u00e1sicas que provam que um povo est\u00e1 em [&hellip;]","og_url":"https:\/\/radiolifefm.com.br\/noticias\/uma-questao-de-cidadania-e-ponto-quase-final\/","og_site_name":"R\u00e1dio Life FM","article_publisher":"https:\/\/www.facebook.com\/radiolifefm\/","article_published_time":"2022-11-18T11:03:11+00:00","article_modified_time":"2025-12-04T13:15:04+00:00","og_image":[{"width":972,"height":1296,"url":"https:\/\/radiolifefm.com.br\/noticias\/wp-content\/uploads\/2022\/04\/WhatsApp-Image-2022-04-10-at-18.43.02.jpeg","type":"image\/jpeg"}],"author":"ritanery","twitter_card":"summary_large_image","twitter_misc":{"Escrito por":"ritanery","Est. tempo de leitura":"2 minutos"},"schema":{"@context":"https:\/\/schema.org","@graph":[{"@type":"Article","@id":"https:\/\/radiolifefm.com.br\/noticias\/uma-questao-de-cidadania-e-ponto-quase-final\/#article","isPartOf":{"@id":"https:\/\/radiolifefm.com.br\/noticias\/uma-questao-de-cidadania-e-ponto-quase-final\/"},"author":{"name":"ritanery","@id":"https:\/\/radiolifefm.com.br\/noticias\/#\/schema\/person\/6339b9fac59d12b071dec680d7375d87"},"headline":"UMA QUEST\u00c3O DE CIDADANIA E PONTO QUASE FINAL&#8230;","datePublished":"2022-11-18T11:03:11+00:00","dateModified":"2025-12-04T13:15:04+00:00","mainEntityOfPage":{"@id":"https:\/\/radiolifefm.com.br\/noticias\/uma-questao-de-cidadania-e-ponto-quase-final\/"},"wordCount":407,"publisher":{"@id":"https:\/\/radiolifefm.com.br\/noticias\/#organization"},"image":{"@id":"https:\/\/radiolifefm.com.br\/noticias\/uma-questao-de-cidadania-e-ponto-quase-final\/#primaryimage"},"thumbnailUrl":"https:\/\/radiolifefm.com.br\/noticias\/wp-content\/uploads\/2022\/04\/WhatsApp-Image-2022-04-10-at-18.43.02.jpeg","articleSection":["Opini\u00e3o"],"inLanguage":"pt-BR"},{"@type":"WebPage","@id":"https:\/\/radiolifefm.com.br\/noticias\/uma-questao-de-cidadania-e-ponto-quase-final\/","url":"https:\/\/radiolifefm.com.br\/noticias\/uma-questao-de-cidadania-e-ponto-quase-final\/","name":"UMA QUEST\u00c3O DE CIDADANIA E PONTO QUASE FINAL... - R\u00e1dio Life FM","isPartOf":{"@id":"https:\/\/radiolifefm.com.br\/noticias\/#website"},"primaryImageOfPage":{"@id":"https:\/\/radiolifefm.com.br\/noticias\/uma-questao-de-cidadania-e-ponto-quase-final\/#primaryimage"},"image":{"@id":"https:\/\/radiolifefm.com.br\/noticias\/uma-questao-de-cidadania-e-ponto-quase-final\/#primaryimage"},"thumbnailUrl":"https:\/\/radiolifefm.com.br\/noticias\/wp-content\/uploads\/2022\/04\/WhatsApp-Image-2022-04-10-at-18.43.02.jpeg","datePublished":"2022-11-18T11:03:11+00:00","dateModified":"2025-12-04T13:15:04+00:00","breadcrumb":{"@id":"https:\/\/radiolifefm.com.br\/noticias\/uma-questao-de-cidadania-e-ponto-quase-final\/#breadcrumb"},"inLanguage":"pt-BR","potentialAction":[{"@type":"ReadAction","target":["https:\/\/radiolifefm.com.br\/noticias\/uma-questao-de-cidadania-e-ponto-quase-final\/"]}]},{"@type":"ImageObject","inLanguage":"pt-BR","@id":"https:\/\/radiolifefm.com.br\/noticias\/uma-questao-de-cidadania-e-ponto-quase-final\/#primaryimage","url":"https:\/\/radiolifefm.com.br\/noticias\/wp-content\/uploads\/2022\/04\/WhatsApp-Image-2022-04-10-at-18.43.02.jpeg","contentUrl":"https:\/\/radiolifefm.com.br\/noticias\/wp-content\/uploads\/2022\/04\/WhatsApp-Image-2022-04-10-at-18.43.02.jpeg","width":972,"height":1296,"caption":"S\u00e9rgio Barbosa"},{"@type":"BreadcrumbList","@id":"https:\/\/radiolifefm.com.br\/noticias\/uma-questao-de-cidadania-e-ponto-quase-final\/#breadcrumb","itemListElement":[{"@type":"ListItem","position":1,"name":"In\u00edcio","item":"https:\/\/radiolifefm.com.br\/noticias\/"},{"@type":"ListItem","position":2,"name":"UMA QUEST\u00c3O DE CIDADANIA E PONTO QUASE FINAL&#8230;"}]},{"@type":"WebSite","@id":"https:\/\/radiolifefm.com.br\/noticias\/#website","url":"https:\/\/radiolifefm.com.br\/noticias\/","name":"R\u00e1dio Life FM","description":"O Portal de Not\u00edcias de Adamantina","publisher":{"@id":"https:\/\/radiolifefm.com.br\/noticias\/#organization"},"alternateName":"Life FM","potentialAction":[{"@type":"SearchAction","target":{"@type":"EntryPoint","urlTemplate":"https:\/\/radiolifefm.com.br\/noticias\/?s={search_term_string}"},"query-input":{"@type":"PropertyValueSpecification","valueRequired":true,"valueName":"search_term_string"}}],"inLanguage":"pt-BR"},{"@type":"Organization","@id":"https:\/\/radiolifefm.com.br\/noticias\/#organization","name":"R\u00e1dio Life FM","alternateName":"Life FM","url":"https:\/\/radiolifefm.com.br\/noticias\/","logo":{"@type":"ImageObject","inLanguage":"pt-BR","@id":"https:\/\/radiolifefm.com.br\/noticias\/#\/schema\/logo\/image\/","url":"https:\/\/static.radiolifefm.com.br\/noticias\/wp-content\/uploads\/2019\/10\/logo-lifefm.png","contentUrl":"https:\/\/static.radiolifefm.com.br\/noticias\/wp-content\/uploads\/2019\/10\/logo-lifefm.png","width":196,"height":47,"caption":"R\u00e1dio Life FM"},"image":{"@id":"https:\/\/radiolifefm.com.br\/noticias\/#\/schema\/logo\/image\/"},"sameAs":["https:\/\/www.facebook.com\/radiolifefm\/","https:\/\/www.instagram.com\/life1079fm\/"]},{"@type":"Person","@id":"https:\/\/radiolifefm.com.br\/noticias\/#\/schema\/person\/6339b9fac59d12b071dec680d7375d87","name":"ritanery","image":{"@type":"ImageObject","inLanguage":"pt-BR","@id":"https:\/\/secure.gravatar.com\/avatar\/0e37bb19071f47c0b8a23f62a903df117c5a0e75f65a0c2901562f97cd41cf86?s=96&d=mm&r=g","url":"https:\/\/secure.gravatar.com\/avatar\/0e37bb19071f47c0b8a23f62a903df117c5a0e75f65a0c2901562f97cd41cf86?s=96&d=mm&r=g","contentUrl":"https:\/\/secure.gravatar.com\/avatar\/0e37bb19071f47c0b8a23f62a903df117c5a0e75f65a0c2901562f97cd41cf86?s=96&d=mm&r=g","caption":"ritanery"}}]}},"amp_enabled":true,"_links":{"self":[{"href":"https:\/\/radiolifefm.com.br\/noticias\/wp-json\/wp\/v2\/posts\/60993","targetHints":{"allow":["GET"]}}],"collection":[{"href":"https:\/\/radiolifefm.com.br\/noticias\/wp-json\/wp\/v2\/posts"}],"about":[{"href":"https:\/\/radiolifefm.com.br\/noticias\/wp-json\/wp\/v2\/types\/post"}],"author":[{"embeddable":true,"href":"https:\/\/radiolifefm.com.br\/noticias\/wp-json\/wp\/v2\/users\/13"}],"replies":[{"embeddable":true,"href":"https:\/\/radiolifefm.com.br\/noticias\/wp-json\/wp\/v2\/comments?post=60993"}],"version-history":[{"count":1,"href":"https:\/\/radiolifefm.com.br\/noticias\/wp-json\/wp\/v2\/posts\/60993\/revisions"}],"predecessor-version":[{"id":60994,"href":"https:\/\/radiolifefm.com.br\/noticias\/wp-json\/wp\/v2\/posts\/60993\/revisions\/60994"}],"wp:featuredmedia":[{"embeddable":true,"href":"https:\/\/radiolifefm.com.br\/noticias\/wp-json\/wp\/v2\/media\/51988"}],"wp:attachment":[{"href":"https:\/\/radiolifefm.com.br\/noticias\/wp-json\/wp\/v2\/media?parent=60993"}],"wp:term":[{"taxonomy":"category","embeddable":true,"href":"https:\/\/radiolifefm.com.br\/noticias\/wp-json\/wp\/v2\/categories?post=60993"},{"taxonomy":"post_tag","embeddable":true,"href":"https:\/\/radiolifefm.com.br\/noticias\/wp-json\/wp\/v2\/tags?post=60993"}],"curies":[{"name":"wp","href":"https:\/\/api.w.org\/{rel}","templated":true}]}}