{"id":60834,"date":"2022-11-14T08:09:31","date_gmt":"2022-11-14T11:09:31","guid":{"rendered":"https:\/\/radiolifefm.com.br\/noticias\/?p=60834"},"modified":"2026-01-27T07:30:17","modified_gmt":"2026-01-27T10:30:17","slug":"provincia-em-tempo-de-retrocesso-democratico","status":"publish","type":"post","link":"https:\/\/radiolifefm.com.br\/noticias\/provincia-em-tempo-de-retrocesso-democratico\/","title":{"rendered":"Prov\u00edncia em tempo de retrocesso democr\u00e1tico&#8230;"},"content":{"rendered":"<div id=\"fb-root\"><\/div>\n<p>&nbsp;<\/p>\n<p><strong><em>\u00a0\u201cA p\u00e1tria n\u00e3o \u00e9 ningu\u00e9m; s\u00e3o todos; e cada qual tem no seio dela o mesmo direito \u00e0 ideia, \u00e0 palavra, \u00e0 associa\u00e7\u00e3o. A p\u00e1tria n\u00e3o \u00e9 um sistema, nem uma seita, nem um monop\u00f3lio, nem uma forma de governo; \u00e9 o c\u00e9u, o solo, o povo, a tradi\u00e7\u00e3o, a consci\u00eancia, o lar, o ber\u00e7o dos filhos e o t\u00famulo dos antepassados, a comunh\u00e3o da lei, da l\u00edngua e da liberdade.\u201d (<\/em><\/strong><a href=\"https:\/\/www.pensador.com\/autor\/rui_barbosa\/\"><strong><em>Rui Barbosa<\/em><\/strong><\/a><strong><em>)<\/em><\/strong><\/p>\n<p><strong>\u00a0<\/strong><\/p>\n<p><strong>S\u00e9rgio Barbosa (*)<\/strong><\/p>\n<p>Nestes \u00faltimos dias, ou seja, depois do resultado do dia 30, ainda, as denominadas MENTES MED\u00cdOCRES PROVINCIANAS continuam circulando com suas BANDEIRAS PIRATAS em defesa daquele que continua ESCONDIDO em sua INSIGNIFIC\u00c2NCIA POL\u00cdTICA como DITO CUJO&#8230;<\/p>\n<p>Entretanto, deste lado, ou seja, nesta PROV\u00cdNCIA DO FAZ DE CONTA, os ditos PATRIOTAS travestidos com as cores que foram apropriadas INDEVIDAMENTE, continuam APOSTANDO no RETROCESSO que vem ocorrendo, ou melhor, que ocorreu nos \u00faltimos SEIS ANOS&#8230;<\/p>\n<p>Torna-se PAT\u00c9TICO que esses ditos PATRIOTAS de ocasi\u00e3o, ainda, com suas BANDEIRAS e CAMISAS da tal CBF, estejam na CONTRAM\u00c3O da HIST\u00d3RIA, tendo em vista que DESCONHECEM os fatos hist\u00f3ricos relacionados com os ANOS DE CHUMBO e assim por diante&#8230;<\/p>\n<p>Na realidade, a PROV\u00cdNCIA outorgou ao PERDEDOR uma enxurrada de VOTOS DE APOIO ao seu DESGOVERNO GENOCIDA, todavia, deve-se registrar que faz anos e anos que tais ELEITORES\/AS atestam e refor\u00e7am o RETROCESSO contra o DESENVOLVIMENTO e ponto quase final&#8230;<\/p>\n<p>Entendo que tais DESENCONTROS s\u00e3o PATROCINADOS pelos DONOS DO PODER em nome do CONTROLE TOTAL destas MENTES MED\u00cdOCRES que circulam nos quatro cantos desta PROV\u00cdNCIA DO FAZ DE CONTA&#8230;<\/p>\n<p>Mas, como diz o dito popular, NADA COMO UM DIA DEPOIS DO OUTRO, assim, agora chegou o momento de DAR\u00a0 A VOLTA POR CIMA deste ATRASO patrocinado pelo DESGOVERNO BOZZONARO, bem como, pra cima daquelas ORGANIZA\u00c7\u00d5ES que colocam acima de BEM e do MAL, haja vista que est\u00e3o buscando apenas interesses PR\u00d3PRIOS&#8230;<\/p>\n<p>A dita MASSA DE MANOBRA, neste caso, as famigeradas MENTES MED\u00cdOCRES, est\u00e3o sempre ACREDITANDO nas FAKE NEWS disseminadas pelas REDES SOCIAIS&#8230;<\/p>\n<p>Todas as tentativas de PASSAR POR CIMA do resultado pelo DESGOVERNO BOZZONARO com apoio dos\/as seus APOIADORES\/AS, deram com o chamado BURROS N\u00b4\u00c1GUA, por\u00e9m, mesmo assim, os tais PATRIOTAS continuam seguindo o BERRANTE deste lado e de outros cantos deste PA\u00cdS DO FAZ DE CONTA&#8230;<\/p>\n<p>De um jeito ou de outro, o resultado n\u00e3o ser\u00e1 alterado por causa destas MENTES MED\u00cdOCRES, haja vista que o GOVERNO LULA est\u00e1 de vento em popa quanto aos NOVOS VENTOS que est\u00e3o SOPRANDO em nome do DESENVOLVIMENTO em todas as \u00e1reas, tamb\u00e9m, para que a proposta em n\u00edvel GLOCAL, ou seja, do GLOBAL para o LOCAL possa avan\u00e7ar sem RETROCESSO&#8230;<\/p>\n<p>QUEM SOBREVIVER VAI SABER&#8230;<\/p>\n<p><strong><em>________________________<\/em><\/strong><\/p>\n<p><strong><em>(*) jornalista diplomado e professor universit\u00e1rio.\u00a0 <\/em><\/strong><\/p>\n<p><strong><em>e-mail: <\/em><\/strong><a href=\"mailto:barbosa.sebar@gmail.com\"><strong><em>barbosa.sebar@gmail.com<\/em><\/strong><\/a><\/p>\n<p><strong><em>\u00a0<\/em><\/strong><\/p>\n<p>&nbsp;<\/p>\n","protected":false},"excerpt":{"rendered":"<p>&nbsp; \u00a0\u201cA p\u00e1tria n\u00e3o \u00e9 ningu\u00e9m; s\u00e3o todos; e cada qual tem no seio dela o mesmo direito \u00e0 ideia, \u00e0 palavra, \u00e0 associa\u00e7\u00e3o. A p\u00e1tria n\u00e3o \u00e9 um sistema, nem uma seita, nem um monop\u00f3lio, nem uma forma de governo; \u00e9 o c\u00e9u, o solo, o povo, a tradi\u00e7\u00e3o, a consci\u00eancia, o lar, o [&hellip;]<\/p>\n","protected":false},"author":13,"featured_media":51988,"comment_status":"closed","ping_status":"open","sticky":false,"template":"","format":"standard","meta":{"_acf_changed":false,"_exactmetrics_skip_tracking":false,"_exactmetrics_sitenote_active":false,"_exactmetrics_sitenote_note":"","_exactmetrics_sitenote_category":0,"footnotes":""},"categories":[59],"tags":[],"class_list":["post-60834","post","type-post","status-publish","format-standard","has-post-thumbnail","hentry","category-opiniao"],"acf":[],"yoast_head":"<!-- This site is optimized with the Yoast SEO plugin v27.2 - https:\/\/yoast.com\/product\/yoast-seo-wordpress\/ -->\n<title>Prov\u00edncia em tempo de retrocesso democr\u00e1tico... - R\u00e1dio Life FM<\/title>\n<meta name=\"robots\" content=\"index, follow, max-snippet:-1, max-image-preview:large, max-video-preview:-1\" \/>\n<link rel=\"canonical\" href=\"https:\/\/radiolifefm.com.br\/noticias\/provincia-em-tempo-de-retrocesso-democratico\/\" \/>\n<meta property=\"og:locale\" content=\"pt_BR\" \/>\n<meta property=\"og:type\" content=\"article\" \/>\n<meta property=\"og:title\" content=\"Prov\u00edncia em tempo de retrocesso democr\u00e1tico... - R\u00e1dio Life FM\" \/>\n<meta property=\"og:description\" content=\"&nbsp; \u00a0\u201cA p\u00e1tria n\u00e3o \u00e9 ningu\u00e9m; s\u00e3o todos; e cada qual tem no seio dela o mesmo direito \u00e0 ideia, \u00e0 palavra, \u00e0 associa\u00e7\u00e3o. A p\u00e1tria n\u00e3o \u00e9 um sistema, nem uma seita, nem um monop\u00f3lio, nem uma forma de governo; \u00e9 o c\u00e9u, o solo, o povo, a tradi\u00e7\u00e3o, a consci\u00eancia, o lar, o [&hellip;]\" \/>\n<meta property=\"og:url\" content=\"https:\/\/radiolifefm.com.br\/noticias\/provincia-em-tempo-de-retrocesso-democratico\/\" \/>\n<meta property=\"og:site_name\" content=\"R\u00e1dio Life FM\" \/>\n<meta property=\"article:publisher\" content=\"https:\/\/www.facebook.com\/radiolifefm\/\" \/>\n<meta property=\"article:published_time\" content=\"2022-11-14T11:09:31+00:00\" \/>\n<meta property=\"article:modified_time\" content=\"2026-01-27T10:30:17+00:00\" \/>\n<meta property=\"og:image\" content=\"https:\/\/radiolifefm.com.br\/noticias\/wp-content\/uploads\/2022\/04\/WhatsApp-Image-2022-04-10-at-18.43.02.jpeg\" \/>\n\t<meta property=\"og:image:width\" content=\"972\" \/>\n\t<meta property=\"og:image:height\" content=\"1296\" \/>\n\t<meta property=\"og:image:type\" content=\"image\/jpeg\" \/>\n<meta name=\"author\" content=\"ritanery\" \/>\n<meta name=\"twitter:card\" content=\"summary_large_image\" \/>\n<meta name=\"twitter:label1\" content=\"Escrito por\" \/>\n\t<meta name=\"twitter:data1\" content=\"ritanery\" \/>\n\t<meta name=\"twitter:label2\" content=\"Est. tempo de leitura\" \/>\n\t<meta name=\"twitter:data2\" content=\"3 minutos\" \/>\n<script type=\"application\/ld+json\" class=\"yoast-schema-graph\">{\"@context\":\"https:\/\/schema.org\",\"@graph\":[{\"@type\":\"Article\",\"@id\":\"https:\/\/radiolifefm.com.br\/noticias\/provincia-em-tempo-de-retrocesso-democratico\/#article\",\"isPartOf\":{\"@id\":\"https:\/\/radiolifefm.com.br\/noticias\/provincia-em-tempo-de-retrocesso-democratico\/\"},\"author\":{\"name\":\"ritanery\",\"@id\":\"https:\/\/radiolifefm.com.br\/noticias\/#\/schema\/person\/6339b9fac59d12b071dec680d7375d87\"},\"headline\":\"Prov\u00edncia em tempo de retrocesso democr\u00e1tico&#8230;\",\"datePublished\":\"2022-11-14T11:09:31+00:00\",\"dateModified\":\"2026-01-27T10:30:17+00:00\",\"mainEntityOfPage\":{\"@id\":\"https:\/\/radiolifefm.com.br\/noticias\/provincia-em-tempo-de-retrocesso-democratico\/\"},\"wordCount\":501,\"publisher\":{\"@id\":\"https:\/\/radiolifefm.com.br\/noticias\/#organization\"},\"image\":{\"@id\":\"https:\/\/radiolifefm.com.br\/noticias\/provincia-em-tempo-de-retrocesso-democratico\/#primaryimage\"},\"thumbnailUrl\":\"https:\/\/radiolifefm.com.br\/noticias\/wp-content\/uploads\/2022\/04\/WhatsApp-Image-2022-04-10-at-18.43.02.jpeg\",\"articleSection\":[\"Opini\u00e3o\"],\"inLanguage\":\"pt-BR\"},{\"@type\":\"WebPage\",\"@id\":\"https:\/\/radiolifefm.com.br\/noticias\/provincia-em-tempo-de-retrocesso-democratico\/\",\"url\":\"https:\/\/radiolifefm.com.br\/noticias\/provincia-em-tempo-de-retrocesso-democratico\/\",\"name\":\"Prov\u00edncia em tempo de retrocesso democr\u00e1tico... - R\u00e1dio Life FM\",\"isPartOf\":{\"@id\":\"https:\/\/radiolifefm.com.br\/noticias\/#website\"},\"primaryImageOfPage\":{\"@id\":\"https:\/\/radiolifefm.com.br\/noticias\/provincia-em-tempo-de-retrocesso-democratico\/#primaryimage\"},\"image\":{\"@id\":\"https:\/\/radiolifefm.com.br\/noticias\/provincia-em-tempo-de-retrocesso-democratico\/#primaryimage\"},\"thumbnailUrl\":\"https:\/\/radiolifefm.com.br\/noticias\/wp-content\/uploads\/2022\/04\/WhatsApp-Image-2022-04-10-at-18.43.02.jpeg\",\"datePublished\":\"2022-11-14T11:09:31+00:00\",\"dateModified\":\"2026-01-27T10:30:17+00:00\",\"breadcrumb\":{\"@id\":\"https:\/\/radiolifefm.com.br\/noticias\/provincia-em-tempo-de-retrocesso-democratico\/#breadcrumb\"},\"inLanguage\":\"pt-BR\",\"potentialAction\":[{\"@type\":\"ReadAction\",\"target\":[\"https:\/\/radiolifefm.com.br\/noticias\/provincia-em-tempo-de-retrocesso-democratico\/\"]}]},{\"@type\":\"ImageObject\",\"inLanguage\":\"pt-BR\",\"@id\":\"https:\/\/radiolifefm.com.br\/noticias\/provincia-em-tempo-de-retrocesso-democratico\/#primaryimage\",\"url\":\"https:\/\/radiolifefm.com.br\/noticias\/wp-content\/uploads\/2022\/04\/WhatsApp-Image-2022-04-10-at-18.43.02.jpeg\",\"contentUrl\":\"https:\/\/radiolifefm.com.br\/noticias\/wp-content\/uploads\/2022\/04\/WhatsApp-Image-2022-04-10-at-18.43.02.jpeg\",\"width\":972,\"height\":1296,\"caption\":\"S\u00e9rgio Barbosa\"},{\"@type\":\"BreadcrumbList\",\"@id\":\"https:\/\/radiolifefm.com.br\/noticias\/provincia-em-tempo-de-retrocesso-democratico\/#breadcrumb\",\"itemListElement\":[{\"@type\":\"ListItem\",\"position\":1,\"name\":\"In\u00edcio\",\"item\":\"https:\/\/radiolifefm.com.br\/noticias\/\"},{\"@type\":\"ListItem\",\"position\":2,\"name\":\"Prov\u00edncia em tempo de retrocesso democr\u00e1tico&#8230;\"}]},{\"@type\":\"WebSite\",\"@id\":\"https:\/\/radiolifefm.com.br\/noticias\/#website\",\"url\":\"https:\/\/radiolifefm.com.br\/noticias\/\",\"name\":\"R\u00e1dio Life FM\",\"description\":\"O Portal de Not\u00edcias de Adamantina\",\"publisher\":{\"@id\":\"https:\/\/radiolifefm.com.br\/noticias\/#organization\"},\"alternateName\":\"Life FM\",\"potentialAction\":[{\"@type\":\"SearchAction\",\"target\":{\"@type\":\"EntryPoint\",\"urlTemplate\":\"https:\/\/radiolifefm.com.br\/noticias\/?s={search_term_string}\"},\"query-input\":{\"@type\":\"PropertyValueSpecification\",\"valueRequired\":true,\"valueName\":\"search_term_string\"}}],\"inLanguage\":\"pt-BR\"},{\"@type\":\"Organization\",\"@id\":\"https:\/\/radiolifefm.com.br\/noticias\/#organization\",\"name\":\"R\u00e1dio Life FM\",\"alternateName\":\"Life FM\",\"url\":\"https:\/\/radiolifefm.com.br\/noticias\/\",\"logo\":{\"@type\":\"ImageObject\",\"inLanguage\":\"pt-BR\",\"@id\":\"https:\/\/radiolifefm.com.br\/noticias\/#\/schema\/logo\/image\/\",\"url\":\"https:\/\/static.radiolifefm.com.br\/noticias\/wp-content\/uploads\/2019\/10\/logo-lifefm.png\",\"contentUrl\":\"https:\/\/static.radiolifefm.com.br\/noticias\/wp-content\/uploads\/2019\/10\/logo-lifefm.png\",\"width\":196,\"height\":47,\"caption\":\"R\u00e1dio Life FM\"},\"image\":{\"@id\":\"https:\/\/radiolifefm.com.br\/noticias\/#\/schema\/logo\/image\/\"},\"sameAs\":[\"https:\/\/www.facebook.com\/radiolifefm\/\",\"https:\/\/www.instagram.com\/life1079fm\/\"]},{\"@type\":\"Person\",\"@id\":\"https:\/\/radiolifefm.com.br\/noticias\/#\/schema\/person\/6339b9fac59d12b071dec680d7375d87\",\"name\":\"ritanery\",\"image\":{\"@type\":\"ImageObject\",\"inLanguage\":\"pt-BR\",\"@id\":\"https:\/\/secure.gravatar.com\/avatar\/0e37bb19071f47c0b8a23f62a903df117c5a0e75f65a0c2901562f97cd41cf86?s=96&d=mm&r=g\",\"url\":\"https:\/\/secure.gravatar.com\/avatar\/0e37bb19071f47c0b8a23f62a903df117c5a0e75f65a0c2901562f97cd41cf86?s=96&d=mm&r=g\",\"contentUrl\":\"https:\/\/secure.gravatar.com\/avatar\/0e37bb19071f47c0b8a23f62a903df117c5a0e75f65a0c2901562f97cd41cf86?s=96&d=mm&r=g\",\"caption\":\"ritanery\"}}]}<\/script>\n<!-- \/ Yoast SEO plugin. -->","yoast_head_json":{"title":"Prov\u00edncia em tempo de retrocesso democr\u00e1tico... - R\u00e1dio Life FM","robots":{"index":"index","follow":"follow","max-snippet":"max-snippet:-1","max-image-preview":"max-image-preview:large","max-video-preview":"max-video-preview:-1"},"canonical":"https:\/\/radiolifefm.com.br\/noticias\/provincia-em-tempo-de-retrocesso-democratico\/","og_locale":"pt_BR","og_type":"article","og_title":"Prov\u00edncia em tempo de retrocesso democr\u00e1tico... - R\u00e1dio Life FM","og_description":"&nbsp; \u00a0\u201cA p\u00e1tria n\u00e3o \u00e9 ningu\u00e9m; s\u00e3o todos; e cada qual tem no seio dela o mesmo direito \u00e0 ideia, \u00e0 palavra, \u00e0 associa\u00e7\u00e3o. A p\u00e1tria n\u00e3o \u00e9 um sistema, nem uma seita, nem um monop\u00f3lio, nem uma forma de governo; \u00e9 o c\u00e9u, o solo, o povo, a tradi\u00e7\u00e3o, a consci\u00eancia, o lar, o [&hellip;]","og_url":"https:\/\/radiolifefm.com.br\/noticias\/provincia-em-tempo-de-retrocesso-democratico\/","og_site_name":"R\u00e1dio Life FM","article_publisher":"https:\/\/www.facebook.com\/radiolifefm\/","article_published_time":"2022-11-14T11:09:31+00:00","article_modified_time":"2026-01-27T10:30:17+00:00","og_image":[{"width":972,"height":1296,"url":"https:\/\/radiolifefm.com.br\/noticias\/wp-content\/uploads\/2022\/04\/WhatsApp-Image-2022-04-10-at-18.43.02.jpeg","type":"image\/jpeg"}],"author":"ritanery","twitter_card":"summary_large_image","twitter_misc":{"Escrito por":"ritanery","Est. tempo de leitura":"3 minutos"},"schema":{"@context":"https:\/\/schema.org","@graph":[{"@type":"Article","@id":"https:\/\/radiolifefm.com.br\/noticias\/provincia-em-tempo-de-retrocesso-democratico\/#article","isPartOf":{"@id":"https:\/\/radiolifefm.com.br\/noticias\/provincia-em-tempo-de-retrocesso-democratico\/"},"author":{"name":"ritanery","@id":"https:\/\/radiolifefm.com.br\/noticias\/#\/schema\/person\/6339b9fac59d12b071dec680d7375d87"},"headline":"Prov\u00edncia em tempo de retrocesso democr\u00e1tico&#8230;","datePublished":"2022-11-14T11:09:31+00:00","dateModified":"2026-01-27T10:30:17+00:00","mainEntityOfPage":{"@id":"https:\/\/radiolifefm.com.br\/noticias\/provincia-em-tempo-de-retrocesso-democratico\/"},"wordCount":501,"publisher":{"@id":"https:\/\/radiolifefm.com.br\/noticias\/#organization"},"image":{"@id":"https:\/\/radiolifefm.com.br\/noticias\/provincia-em-tempo-de-retrocesso-democratico\/#primaryimage"},"thumbnailUrl":"https:\/\/radiolifefm.com.br\/noticias\/wp-content\/uploads\/2022\/04\/WhatsApp-Image-2022-04-10-at-18.43.02.jpeg","articleSection":["Opini\u00e3o"],"inLanguage":"pt-BR"},{"@type":"WebPage","@id":"https:\/\/radiolifefm.com.br\/noticias\/provincia-em-tempo-de-retrocesso-democratico\/","url":"https:\/\/radiolifefm.com.br\/noticias\/provincia-em-tempo-de-retrocesso-democratico\/","name":"Prov\u00edncia em tempo de retrocesso democr\u00e1tico... - R\u00e1dio Life FM","isPartOf":{"@id":"https:\/\/radiolifefm.com.br\/noticias\/#website"},"primaryImageOfPage":{"@id":"https:\/\/radiolifefm.com.br\/noticias\/provincia-em-tempo-de-retrocesso-democratico\/#primaryimage"},"image":{"@id":"https:\/\/radiolifefm.com.br\/noticias\/provincia-em-tempo-de-retrocesso-democratico\/#primaryimage"},"thumbnailUrl":"https:\/\/radiolifefm.com.br\/noticias\/wp-content\/uploads\/2022\/04\/WhatsApp-Image-2022-04-10-at-18.43.02.jpeg","datePublished":"2022-11-14T11:09:31+00:00","dateModified":"2026-01-27T10:30:17+00:00","breadcrumb":{"@id":"https:\/\/radiolifefm.com.br\/noticias\/provincia-em-tempo-de-retrocesso-democratico\/#breadcrumb"},"inLanguage":"pt-BR","potentialAction":[{"@type":"ReadAction","target":["https:\/\/radiolifefm.com.br\/noticias\/provincia-em-tempo-de-retrocesso-democratico\/"]}]},{"@type":"ImageObject","inLanguage":"pt-BR","@id":"https:\/\/radiolifefm.com.br\/noticias\/provincia-em-tempo-de-retrocesso-democratico\/#primaryimage","url":"https:\/\/radiolifefm.com.br\/noticias\/wp-content\/uploads\/2022\/04\/WhatsApp-Image-2022-04-10-at-18.43.02.jpeg","contentUrl":"https:\/\/radiolifefm.com.br\/noticias\/wp-content\/uploads\/2022\/04\/WhatsApp-Image-2022-04-10-at-18.43.02.jpeg","width":972,"height":1296,"caption":"S\u00e9rgio Barbosa"},{"@type":"BreadcrumbList","@id":"https:\/\/radiolifefm.com.br\/noticias\/provincia-em-tempo-de-retrocesso-democratico\/#breadcrumb","itemListElement":[{"@type":"ListItem","position":1,"name":"In\u00edcio","item":"https:\/\/radiolifefm.com.br\/noticias\/"},{"@type":"ListItem","position":2,"name":"Prov\u00edncia em tempo de retrocesso democr\u00e1tico&#8230;"}]},{"@type":"WebSite","@id":"https:\/\/radiolifefm.com.br\/noticias\/#website","url":"https:\/\/radiolifefm.com.br\/noticias\/","name":"R\u00e1dio Life FM","description":"O Portal de Not\u00edcias de Adamantina","publisher":{"@id":"https:\/\/radiolifefm.com.br\/noticias\/#organization"},"alternateName":"Life FM","potentialAction":[{"@type":"SearchAction","target":{"@type":"EntryPoint","urlTemplate":"https:\/\/radiolifefm.com.br\/noticias\/?s={search_term_string}"},"query-input":{"@type":"PropertyValueSpecification","valueRequired":true,"valueName":"search_term_string"}}],"inLanguage":"pt-BR"},{"@type":"Organization","@id":"https:\/\/radiolifefm.com.br\/noticias\/#organization","name":"R\u00e1dio Life FM","alternateName":"Life FM","url":"https:\/\/radiolifefm.com.br\/noticias\/","logo":{"@type":"ImageObject","inLanguage":"pt-BR","@id":"https:\/\/radiolifefm.com.br\/noticias\/#\/schema\/logo\/image\/","url":"https:\/\/static.radiolifefm.com.br\/noticias\/wp-content\/uploads\/2019\/10\/logo-lifefm.png","contentUrl":"https:\/\/static.radiolifefm.com.br\/noticias\/wp-content\/uploads\/2019\/10\/logo-lifefm.png","width":196,"height":47,"caption":"R\u00e1dio Life FM"},"image":{"@id":"https:\/\/radiolifefm.com.br\/noticias\/#\/schema\/logo\/image\/"},"sameAs":["https:\/\/www.facebook.com\/radiolifefm\/","https:\/\/www.instagram.com\/life1079fm\/"]},{"@type":"Person","@id":"https:\/\/radiolifefm.com.br\/noticias\/#\/schema\/person\/6339b9fac59d12b071dec680d7375d87","name":"ritanery","image":{"@type":"ImageObject","inLanguage":"pt-BR","@id":"https:\/\/secure.gravatar.com\/avatar\/0e37bb19071f47c0b8a23f62a903df117c5a0e75f65a0c2901562f97cd41cf86?s=96&d=mm&r=g","url":"https:\/\/secure.gravatar.com\/avatar\/0e37bb19071f47c0b8a23f62a903df117c5a0e75f65a0c2901562f97cd41cf86?s=96&d=mm&r=g","contentUrl":"https:\/\/secure.gravatar.com\/avatar\/0e37bb19071f47c0b8a23f62a903df117c5a0e75f65a0c2901562f97cd41cf86?s=96&d=mm&r=g","caption":"ritanery"}}]}},"amp_enabled":true,"_links":{"self":[{"href":"https:\/\/radiolifefm.com.br\/noticias\/wp-json\/wp\/v2\/posts\/60834","targetHints":{"allow":["GET"]}}],"collection":[{"href":"https:\/\/radiolifefm.com.br\/noticias\/wp-json\/wp\/v2\/posts"}],"about":[{"href":"https:\/\/radiolifefm.com.br\/noticias\/wp-json\/wp\/v2\/types\/post"}],"author":[{"embeddable":true,"href":"https:\/\/radiolifefm.com.br\/noticias\/wp-json\/wp\/v2\/users\/13"}],"replies":[{"embeddable":true,"href":"https:\/\/radiolifefm.com.br\/noticias\/wp-json\/wp\/v2\/comments?post=60834"}],"version-history":[{"count":1,"href":"https:\/\/radiolifefm.com.br\/noticias\/wp-json\/wp\/v2\/posts\/60834\/revisions"}],"predecessor-version":[{"id":60835,"href":"https:\/\/radiolifefm.com.br\/noticias\/wp-json\/wp\/v2\/posts\/60834\/revisions\/60835"}],"wp:featuredmedia":[{"embeddable":true,"href":"https:\/\/radiolifefm.com.br\/noticias\/wp-json\/wp\/v2\/media\/51988"}],"wp:attachment":[{"href":"https:\/\/radiolifefm.com.br\/noticias\/wp-json\/wp\/v2\/media?parent=60834"}],"wp:term":[{"taxonomy":"category","embeddable":true,"href":"https:\/\/radiolifefm.com.br\/noticias\/wp-json\/wp\/v2\/categories?post=60834"},{"taxonomy":"post_tag","embeddable":true,"href":"https:\/\/radiolifefm.com.br\/noticias\/wp-json\/wp\/v2\/tags?post=60834"}],"curies":[{"name":"wp","href":"https:\/\/api.w.org\/{rel}","templated":true}]}}