{"id":60581,"date":"2022-11-07T21:50:36","date_gmt":"2022-11-08T00:50:36","guid":{"rendered":"https:\/\/radiolifefm.com.br\/noticias\/?p=60581"},"modified":"2026-04-26T00:00:27","modified_gmt":"2026-04-26T03:00:27","slug":"prefeitura-de-adamantina-da-inicio-a-instalacao-dos-enfeites-de-natal","status":"publish","type":"post","link":"https:\/\/radiolifefm.com.br\/noticias\/prefeitura-de-adamantina-da-inicio-a-instalacao-dos-enfeites-de-natal\/","title":{"rendered":"Prefeitura de Adamantina d\u00e1 in\u00edcio a instala\u00e7\u00e3o dos enfeites de natal"},"content":{"rendered":"<div id=\"fb-root\"><\/div>\n<p style=\"font-weight: 400\">O Natal est\u00e1 no ar! Sim, ainda \u00e9 novembro, mas j\u00e1 \u00e9 poss\u00edvel ver em diversos pontos da cidade toda a prepara\u00e7\u00e3o para a \u00e9poca mais bonita e esperada do ano.<\/p>\n<p style=\"font-weight: 400\">Para este ano, os enfeites ser\u00e3o colocados no Pa\u00e7o Municipal, na C\u00e2mara Municipal, na Pra\u00e7a \u00c9lio Micheloni, no Pontilh\u00e3o da Rua Joaquim Nabuco, no Cristo, no Parque dos Pioneiros, no Parque Caldeira e na Rodovi\u00e1ria.<\/p>\n<p style=\"font-weight: 400\">Al\u00e9m disso, os postes tamb\u00e9m ser\u00e3o iluminados. As ruas que ganhar\u00e3o os enfeites de natal s\u00e3o: Avenida Rio Branco &#8211; Trecho entre a Rua Arno Kieffer e Rua Joaquim Nabuco; Avenida Capit\u00e3o Jos\u00e9 Ant\u00f4nio de Oliveira e Avenida Deputado Cunha Bueno \u2013 Trecho entre a Rua General Isidoro e a Rua Joaquim Nabuco; Avenida Adhemar de Barros \u2013 Trecho entre a Rua Dona Josefina Dall\u2019 Antonia Tiveron e Alameda Padre N\u00f3brega.<\/p>\n<p style=\"font-weight: 400\">As decora\u00e7\u00f5es ser\u00e3o instaladas ainda na Rua Osvaldo Cruz &#8211; Trecho entre a Rua Dona Josefina Dall&#8217;antonia Tiveron e a Avenida Capit\u00e3o Jos\u00e9 Ant\u00f4nio de Oliveira; a Rua Deputado Salles Filho \u2013 Trecho entre a Rua Dona Josefina Dall&#8217;antonia Tiveron e a Avenida Capit\u00e3o Jos\u00e9 Ant\u00f4nio de Oliveira.<\/p>\n<p style=\"font-weight: 400\">A Avenida Santo Ant\u00f4nio \u2013 Trecho entre a Avenida Rio Branco e a Avenida Deputado Cunha Bueno, a Alameda Armando Salles de Oliveira \u2013 Trecho entre a Avenida Adhemar de Barros e a Avenida Santo Ant\u00f4nio e a Av. Marechal Castelo Branco \u2013 Trecho entre a Avenida Ant\u00f4nio Tiveron e o trevo principal da entrada da cidade tamb\u00e9m ser\u00e3o iluminadas.<\/p>\n<p style=\"font-weight: 400\">\u201cToda essa a\u00e7\u00e3o visa fazer com que o nosso munic\u00edpio fique ainda mais bonito e atraia muitos visitantes, pois somos MIT\u201dafirma o secret\u00e1rio de Cultura e Turismo, S\u00e9rgio Vanderlei da Silva.<\/p>\n<p style=\"font-weight: 400\"><strong>&#8220;Concurso Natal M\u00e1gico 2022&#8221;<\/strong><\/p>\n<p style=\"font-weight: 400\">Paralelamente a decora\u00e7\u00e3o, a Prefeitura de Adamantina lan\u00e7ou o \u201cConcurso Natal M\u00e1gico 2022\u201d que visa premiar as lojas que forem mais bem avaliadas pelos jurados devido a decora\u00e7\u00e3o natalina. As inscri\u00e7\u00f5es j\u00e1 est\u00e3o abertas e seguem at\u00e9 o dia 30 do m\u00eas de novembro.<\/p>\n<p style=\"font-weight: 400\">Os interessados podem efetivar sua participa\u00e7\u00e3o presencialmente no Pa\u00e7o Municipal no departamento de protocolo ou pelo formul\u00e1rio online que est\u00e1 dispon\u00edvel no site. No ato da inscri\u00e7\u00e3o, devem apresentar o cart\u00e3o CNPJ.<\/p>\n<p style=\"font-weight: 400\">No ato da inscri\u00e7\u00e3o presencial, os lojistas receber\u00e3o um adesivo que dever\u00e1 ser fixado na vitrine da loja ou em algum lugar vis\u00edvel, pois ser\u00e1 um identificador dos participantes do concurso.<\/p>\n<p style=\"font-weight: 400\">Aqueles que efetuarem a inscri\u00e7\u00e3o pela internet, dever\u00e3o se dirigir ao Pa\u00e7o Municipal com o comprovante que ser\u00e1 encaminhado para o e-mail cadastrado para fazer a retirada do adesivo.<\/p>\n<p>&nbsp;<\/p>\n<p>Fonte: Assessoria de Imprensa<\/p>\n","protected":false},"excerpt":{"rendered":"<p>O Natal est\u00e1 no ar! Sim, ainda \u00e9 novembro, mas j\u00e1 \u00e9 poss\u00edvel ver em diversos pontos da cidade toda a prepara\u00e7\u00e3o para a \u00e9poca mais bonita e esperada do ano. Para este ano, os enfeites ser\u00e3o colocados no Pa\u00e7o Municipal, na C\u00e2mara Municipal, na Pra\u00e7a \u00c9lio Micheloni, no Pontilh\u00e3o da Rua Joaquim Nabuco, no [&hellip;]<\/p>\n","protected":false},"author":13,"featured_media":60582,"comment_status":"closed","ping_status":"open","sticky":false,"template":"","format":"standard","meta":{"_acf_changed":false,"_exactmetrics_skip_tracking":false,"_exactmetrics_sitenote_active":false,"_exactmetrics_sitenote_note":"","_exactmetrics_sitenote_category":0,"footnotes":""},"categories":[21],"tags":[],"class_list":["post-60581","post","type-post","status-publish","format-standard","has-post-thumbnail","hentry","category-adamantina"],"acf":[],"yoast_head":"<!-- This site is optimized with the Yoast SEO plugin v27.2 - https:\/\/yoast.com\/product\/yoast-seo-wordpress\/ -->\n<title>Prefeitura de Adamantina d\u00e1 in\u00edcio a instala\u00e7\u00e3o dos enfeites de natal - R\u00e1dio Life FM<\/title>\n<meta name=\"robots\" content=\"index, follow, max-snippet:-1, max-image-preview:large, max-video-preview:-1\" \/>\n<link rel=\"canonical\" href=\"https:\/\/radiolifefm.com.br\/noticias\/prefeitura-de-adamantina-da-inicio-a-instalacao-dos-enfeites-de-natal\/\" \/>\n<meta property=\"og:locale\" content=\"pt_BR\" \/>\n<meta property=\"og:type\" content=\"article\" \/>\n<meta property=\"og:title\" content=\"Prefeitura de Adamantina d\u00e1 in\u00edcio a instala\u00e7\u00e3o dos enfeites de natal - R\u00e1dio Life FM\" \/>\n<meta property=\"og:description\" content=\"O Natal est\u00e1 no ar! Sim, ainda \u00e9 novembro, mas j\u00e1 \u00e9 poss\u00edvel ver em diversos pontos da cidade toda a prepara\u00e7\u00e3o para a \u00e9poca mais bonita e esperada do ano. Para este ano, os enfeites ser\u00e3o colocados no Pa\u00e7o Municipal, na C\u00e2mara Municipal, na Pra\u00e7a \u00c9lio Micheloni, no Pontilh\u00e3o da Rua Joaquim Nabuco, no [&hellip;]\" \/>\n<meta property=\"og:url\" content=\"https:\/\/radiolifefm.com.br\/noticias\/prefeitura-de-adamantina-da-inicio-a-instalacao-dos-enfeites-de-natal\/\" \/>\n<meta property=\"og:site_name\" content=\"R\u00e1dio Life FM\" \/>\n<meta property=\"article:publisher\" content=\"https:\/\/www.facebook.com\/radiolifefm\/\" \/>\n<meta property=\"article:published_time\" content=\"2022-11-08T00:50:36+00:00\" \/>\n<meta property=\"article:modified_time\" content=\"2026-04-26T03:00:27+00:00\" \/>\n<meta property=\"og:image\" content=\"https:\/\/radiolifefm.com.br\/noticias\/wp-content\/uploads\/2022\/11\/DSC_0103-scaled.jpg\" \/>\n\t<meta property=\"og:image:width\" content=\"2560\" \/>\n\t<meta property=\"og:image:height\" content=\"1711\" \/>\n\t<meta property=\"og:image:type\" content=\"image\/jpeg\" \/>\n<meta name=\"author\" content=\"ritanery\" \/>\n<meta name=\"twitter:card\" content=\"summary_large_image\" \/>\n<meta name=\"twitter:label1\" content=\"Escrito por\" \/>\n\t<meta name=\"twitter:data1\" content=\"ritanery\" \/>\n\t<meta name=\"twitter:label2\" content=\"Est. tempo de leitura\" \/>\n\t<meta name=\"twitter:data2\" content=\"3 minutos\" \/>\n<script type=\"application\/ld+json\" class=\"yoast-schema-graph\">{\"@context\":\"https:\/\/schema.org\",\"@graph\":[{\"@type\":\"Article\",\"@id\":\"https:\/\/radiolifefm.com.br\/noticias\/prefeitura-de-adamantina-da-inicio-a-instalacao-dos-enfeites-de-natal\/#article\",\"isPartOf\":{\"@id\":\"https:\/\/radiolifefm.com.br\/noticias\/prefeitura-de-adamantina-da-inicio-a-instalacao-dos-enfeites-de-natal\/\"},\"author\":{\"name\":\"ritanery\",\"@id\":\"https:\/\/radiolifefm.com.br\/noticias\/#\/schema\/person\/6339b9fac59d12b071dec680d7375d87\"},\"headline\":\"Prefeitura de Adamantina d\u00e1 in\u00edcio a instala\u00e7\u00e3o dos enfeites de natal\",\"datePublished\":\"2022-11-08T00:50:36+00:00\",\"dateModified\":\"2026-04-26T03:00:27+00:00\",\"mainEntityOfPage\":{\"@id\":\"https:\/\/radiolifefm.com.br\/noticias\/prefeitura-de-adamantina-da-inicio-a-instalacao-dos-enfeites-de-natal\/\"},\"wordCount\":477,\"publisher\":{\"@id\":\"https:\/\/radiolifefm.com.br\/noticias\/#organization\"},\"image\":{\"@id\":\"https:\/\/radiolifefm.com.br\/noticias\/prefeitura-de-adamantina-da-inicio-a-instalacao-dos-enfeites-de-natal\/#primaryimage\"},\"thumbnailUrl\":\"https:\/\/radiolifefm.com.br\/noticias\/wp-content\/uploads\/2022\/11\/DSC_0103-scaled.jpg\",\"articleSection\":[\"Adamantina\"],\"inLanguage\":\"pt-BR\"},{\"@type\":\"WebPage\",\"@id\":\"https:\/\/radiolifefm.com.br\/noticias\/prefeitura-de-adamantina-da-inicio-a-instalacao-dos-enfeites-de-natal\/\",\"url\":\"https:\/\/radiolifefm.com.br\/noticias\/prefeitura-de-adamantina-da-inicio-a-instalacao-dos-enfeites-de-natal\/\",\"name\":\"Prefeitura de Adamantina d\u00e1 in\u00edcio a instala\u00e7\u00e3o dos enfeites de natal - R\u00e1dio Life FM\",\"isPartOf\":{\"@id\":\"https:\/\/radiolifefm.com.br\/noticias\/#website\"},\"primaryImageOfPage\":{\"@id\":\"https:\/\/radiolifefm.com.br\/noticias\/prefeitura-de-adamantina-da-inicio-a-instalacao-dos-enfeites-de-natal\/#primaryimage\"},\"image\":{\"@id\":\"https:\/\/radiolifefm.com.br\/noticias\/prefeitura-de-adamantina-da-inicio-a-instalacao-dos-enfeites-de-natal\/#primaryimage\"},\"thumbnailUrl\":\"https:\/\/radiolifefm.com.br\/noticias\/wp-content\/uploads\/2022\/11\/DSC_0103-scaled.jpg\",\"datePublished\":\"2022-11-08T00:50:36+00:00\",\"dateModified\":\"2026-04-26T03:00:27+00:00\",\"breadcrumb\":{\"@id\":\"https:\/\/radiolifefm.com.br\/noticias\/prefeitura-de-adamantina-da-inicio-a-instalacao-dos-enfeites-de-natal\/#breadcrumb\"},\"inLanguage\":\"pt-BR\",\"potentialAction\":[{\"@type\":\"ReadAction\",\"target\":[\"https:\/\/radiolifefm.com.br\/noticias\/prefeitura-de-adamantina-da-inicio-a-instalacao-dos-enfeites-de-natal\/\"]}]},{\"@type\":\"ImageObject\",\"inLanguage\":\"pt-BR\",\"@id\":\"https:\/\/radiolifefm.com.br\/noticias\/prefeitura-de-adamantina-da-inicio-a-instalacao-dos-enfeites-de-natal\/#primaryimage\",\"url\":\"https:\/\/radiolifefm.com.br\/noticias\/wp-content\/uploads\/2022\/11\/DSC_0103-scaled.jpg\",\"contentUrl\":\"https:\/\/radiolifefm.com.br\/noticias\/wp-content\/uploads\/2022\/11\/DSC_0103-scaled.jpg\",\"width\":2560,\"height\":1711,\"caption\":\"Concurso Natal M\u00e1gico 2022 est\u00e1 com as inscri\u00e7\u00f5es abertas\"},{\"@type\":\"BreadcrumbList\",\"@id\":\"https:\/\/radiolifefm.com.br\/noticias\/prefeitura-de-adamantina-da-inicio-a-instalacao-dos-enfeites-de-natal\/#breadcrumb\",\"itemListElement\":[{\"@type\":\"ListItem\",\"position\":1,\"name\":\"In\u00edcio\",\"item\":\"https:\/\/radiolifefm.com.br\/noticias\/\"},{\"@type\":\"ListItem\",\"position\":2,\"name\":\"Prefeitura de Adamantina d\u00e1 in\u00edcio a instala\u00e7\u00e3o dos enfeites de natal\"}]},{\"@type\":\"WebSite\",\"@id\":\"https:\/\/radiolifefm.com.br\/noticias\/#website\",\"url\":\"https:\/\/radiolifefm.com.br\/noticias\/\",\"name\":\"R\u00e1dio Life FM\",\"description\":\"O Portal de Not\u00edcias de Adamantina\",\"publisher\":{\"@id\":\"https:\/\/radiolifefm.com.br\/noticias\/#organization\"},\"alternateName\":\"Life FM\",\"potentialAction\":[{\"@type\":\"SearchAction\",\"target\":{\"@type\":\"EntryPoint\",\"urlTemplate\":\"https:\/\/radiolifefm.com.br\/noticias\/?s={search_term_string}\"},\"query-input\":{\"@type\":\"PropertyValueSpecification\",\"valueRequired\":true,\"valueName\":\"search_term_string\"}}],\"inLanguage\":\"pt-BR\"},{\"@type\":\"Organization\",\"@id\":\"https:\/\/radiolifefm.com.br\/noticias\/#organization\",\"name\":\"R\u00e1dio Life FM\",\"alternateName\":\"Life FM\",\"url\":\"https:\/\/radiolifefm.com.br\/noticias\/\",\"logo\":{\"@type\":\"ImageObject\",\"inLanguage\":\"pt-BR\",\"@id\":\"https:\/\/radiolifefm.com.br\/noticias\/#\/schema\/logo\/image\/\",\"url\":\"https:\/\/static.radiolifefm.com.br\/noticias\/wp-content\/uploads\/2019\/10\/logo-lifefm.png\",\"contentUrl\":\"https:\/\/static.radiolifefm.com.br\/noticias\/wp-content\/uploads\/2019\/10\/logo-lifefm.png\",\"width\":196,\"height\":47,\"caption\":\"R\u00e1dio Life FM\"},\"image\":{\"@id\":\"https:\/\/radiolifefm.com.br\/noticias\/#\/schema\/logo\/image\/\"},\"sameAs\":[\"https:\/\/www.facebook.com\/radiolifefm\/\",\"https:\/\/www.instagram.com\/life1079fm\/\"]},{\"@type\":\"Person\",\"@id\":\"https:\/\/radiolifefm.com.br\/noticias\/#\/schema\/person\/6339b9fac59d12b071dec680d7375d87\",\"name\":\"ritanery\",\"image\":{\"@type\":\"ImageObject\",\"inLanguage\":\"pt-BR\",\"@id\":\"https:\/\/secure.gravatar.com\/avatar\/0e37bb19071f47c0b8a23f62a903df117c5a0e75f65a0c2901562f97cd41cf86?s=96&d=mm&r=g\",\"url\":\"https:\/\/secure.gravatar.com\/avatar\/0e37bb19071f47c0b8a23f62a903df117c5a0e75f65a0c2901562f97cd41cf86?s=96&d=mm&r=g\",\"contentUrl\":\"https:\/\/secure.gravatar.com\/avatar\/0e37bb19071f47c0b8a23f62a903df117c5a0e75f65a0c2901562f97cd41cf86?s=96&d=mm&r=g\",\"caption\":\"ritanery\"}}]}<\/script>\n<!-- \/ Yoast SEO plugin. -->","yoast_head_json":{"title":"Prefeitura de Adamantina d\u00e1 in\u00edcio a instala\u00e7\u00e3o dos enfeites de natal - R\u00e1dio Life FM","robots":{"index":"index","follow":"follow","max-snippet":"max-snippet:-1","max-image-preview":"max-image-preview:large","max-video-preview":"max-video-preview:-1"},"canonical":"https:\/\/radiolifefm.com.br\/noticias\/prefeitura-de-adamantina-da-inicio-a-instalacao-dos-enfeites-de-natal\/","og_locale":"pt_BR","og_type":"article","og_title":"Prefeitura de Adamantina d\u00e1 in\u00edcio a instala\u00e7\u00e3o dos enfeites de natal - R\u00e1dio Life FM","og_description":"O Natal est\u00e1 no ar! Sim, ainda \u00e9 novembro, mas j\u00e1 \u00e9 poss\u00edvel ver em diversos pontos da cidade toda a prepara\u00e7\u00e3o para a \u00e9poca mais bonita e esperada do ano. Para este ano, os enfeites ser\u00e3o colocados no Pa\u00e7o Municipal, na C\u00e2mara Municipal, na Pra\u00e7a \u00c9lio Micheloni, no Pontilh\u00e3o da Rua Joaquim Nabuco, no [&hellip;]","og_url":"https:\/\/radiolifefm.com.br\/noticias\/prefeitura-de-adamantina-da-inicio-a-instalacao-dos-enfeites-de-natal\/","og_site_name":"R\u00e1dio Life FM","article_publisher":"https:\/\/www.facebook.com\/radiolifefm\/","article_published_time":"2022-11-08T00:50:36+00:00","article_modified_time":"2026-04-26T03:00:27+00:00","og_image":[{"width":2560,"height":1711,"url":"https:\/\/radiolifefm.com.br\/noticias\/wp-content\/uploads\/2022\/11\/DSC_0103-scaled.jpg","type":"image\/jpeg"}],"author":"ritanery","twitter_card":"summary_large_image","twitter_misc":{"Escrito por":"ritanery","Est. tempo de leitura":"3 minutos"},"schema":{"@context":"https:\/\/schema.org","@graph":[{"@type":"Article","@id":"https:\/\/radiolifefm.com.br\/noticias\/prefeitura-de-adamantina-da-inicio-a-instalacao-dos-enfeites-de-natal\/#article","isPartOf":{"@id":"https:\/\/radiolifefm.com.br\/noticias\/prefeitura-de-adamantina-da-inicio-a-instalacao-dos-enfeites-de-natal\/"},"author":{"name":"ritanery","@id":"https:\/\/radiolifefm.com.br\/noticias\/#\/schema\/person\/6339b9fac59d12b071dec680d7375d87"},"headline":"Prefeitura de Adamantina d\u00e1 in\u00edcio a instala\u00e7\u00e3o dos enfeites de natal","datePublished":"2022-11-08T00:50:36+00:00","dateModified":"2026-04-26T03:00:27+00:00","mainEntityOfPage":{"@id":"https:\/\/radiolifefm.com.br\/noticias\/prefeitura-de-adamantina-da-inicio-a-instalacao-dos-enfeites-de-natal\/"},"wordCount":477,"publisher":{"@id":"https:\/\/radiolifefm.com.br\/noticias\/#organization"},"image":{"@id":"https:\/\/radiolifefm.com.br\/noticias\/prefeitura-de-adamantina-da-inicio-a-instalacao-dos-enfeites-de-natal\/#primaryimage"},"thumbnailUrl":"https:\/\/radiolifefm.com.br\/noticias\/wp-content\/uploads\/2022\/11\/DSC_0103-scaled.jpg","articleSection":["Adamantina"],"inLanguage":"pt-BR"},{"@type":"WebPage","@id":"https:\/\/radiolifefm.com.br\/noticias\/prefeitura-de-adamantina-da-inicio-a-instalacao-dos-enfeites-de-natal\/","url":"https:\/\/radiolifefm.com.br\/noticias\/prefeitura-de-adamantina-da-inicio-a-instalacao-dos-enfeites-de-natal\/","name":"Prefeitura de Adamantina d\u00e1 in\u00edcio a instala\u00e7\u00e3o dos enfeites de natal - R\u00e1dio Life FM","isPartOf":{"@id":"https:\/\/radiolifefm.com.br\/noticias\/#website"},"primaryImageOfPage":{"@id":"https:\/\/radiolifefm.com.br\/noticias\/prefeitura-de-adamantina-da-inicio-a-instalacao-dos-enfeites-de-natal\/#primaryimage"},"image":{"@id":"https:\/\/radiolifefm.com.br\/noticias\/prefeitura-de-adamantina-da-inicio-a-instalacao-dos-enfeites-de-natal\/#primaryimage"},"thumbnailUrl":"https:\/\/radiolifefm.com.br\/noticias\/wp-content\/uploads\/2022\/11\/DSC_0103-scaled.jpg","datePublished":"2022-11-08T00:50:36+00:00","dateModified":"2026-04-26T03:00:27+00:00","breadcrumb":{"@id":"https:\/\/radiolifefm.com.br\/noticias\/prefeitura-de-adamantina-da-inicio-a-instalacao-dos-enfeites-de-natal\/#breadcrumb"},"inLanguage":"pt-BR","potentialAction":[{"@type":"ReadAction","target":["https:\/\/radiolifefm.com.br\/noticias\/prefeitura-de-adamantina-da-inicio-a-instalacao-dos-enfeites-de-natal\/"]}]},{"@type":"ImageObject","inLanguage":"pt-BR","@id":"https:\/\/radiolifefm.com.br\/noticias\/prefeitura-de-adamantina-da-inicio-a-instalacao-dos-enfeites-de-natal\/#primaryimage","url":"https:\/\/radiolifefm.com.br\/noticias\/wp-content\/uploads\/2022\/11\/DSC_0103-scaled.jpg","contentUrl":"https:\/\/radiolifefm.com.br\/noticias\/wp-content\/uploads\/2022\/11\/DSC_0103-scaled.jpg","width":2560,"height":1711,"caption":"Concurso Natal M\u00e1gico 2022 est\u00e1 com as inscri\u00e7\u00f5es abertas"},{"@type":"BreadcrumbList","@id":"https:\/\/radiolifefm.com.br\/noticias\/prefeitura-de-adamantina-da-inicio-a-instalacao-dos-enfeites-de-natal\/#breadcrumb","itemListElement":[{"@type":"ListItem","position":1,"name":"In\u00edcio","item":"https:\/\/radiolifefm.com.br\/noticias\/"},{"@type":"ListItem","position":2,"name":"Prefeitura de Adamantina d\u00e1 in\u00edcio a instala\u00e7\u00e3o dos enfeites de natal"}]},{"@type":"WebSite","@id":"https:\/\/radiolifefm.com.br\/noticias\/#website","url":"https:\/\/radiolifefm.com.br\/noticias\/","name":"R\u00e1dio Life FM","description":"O Portal de Not\u00edcias de Adamantina","publisher":{"@id":"https:\/\/radiolifefm.com.br\/noticias\/#organization"},"alternateName":"Life FM","potentialAction":[{"@type":"SearchAction","target":{"@type":"EntryPoint","urlTemplate":"https:\/\/radiolifefm.com.br\/noticias\/?s={search_term_string}"},"query-input":{"@type":"PropertyValueSpecification","valueRequired":true,"valueName":"search_term_string"}}],"inLanguage":"pt-BR"},{"@type":"Organization","@id":"https:\/\/radiolifefm.com.br\/noticias\/#organization","name":"R\u00e1dio Life FM","alternateName":"Life FM","url":"https:\/\/radiolifefm.com.br\/noticias\/","logo":{"@type":"ImageObject","inLanguage":"pt-BR","@id":"https:\/\/radiolifefm.com.br\/noticias\/#\/schema\/logo\/image\/","url":"https:\/\/static.radiolifefm.com.br\/noticias\/wp-content\/uploads\/2019\/10\/logo-lifefm.png","contentUrl":"https:\/\/static.radiolifefm.com.br\/noticias\/wp-content\/uploads\/2019\/10\/logo-lifefm.png","width":196,"height":47,"caption":"R\u00e1dio Life FM"},"image":{"@id":"https:\/\/radiolifefm.com.br\/noticias\/#\/schema\/logo\/image\/"},"sameAs":["https:\/\/www.facebook.com\/radiolifefm\/","https:\/\/www.instagram.com\/life1079fm\/"]},{"@type":"Person","@id":"https:\/\/radiolifefm.com.br\/noticias\/#\/schema\/person\/6339b9fac59d12b071dec680d7375d87","name":"ritanery","image":{"@type":"ImageObject","inLanguage":"pt-BR","@id":"https:\/\/secure.gravatar.com\/avatar\/0e37bb19071f47c0b8a23f62a903df117c5a0e75f65a0c2901562f97cd41cf86?s=96&d=mm&r=g","url":"https:\/\/secure.gravatar.com\/avatar\/0e37bb19071f47c0b8a23f62a903df117c5a0e75f65a0c2901562f97cd41cf86?s=96&d=mm&r=g","contentUrl":"https:\/\/secure.gravatar.com\/avatar\/0e37bb19071f47c0b8a23f62a903df117c5a0e75f65a0c2901562f97cd41cf86?s=96&d=mm&r=g","caption":"ritanery"}}]}},"amp_enabled":true,"_links":{"self":[{"href":"https:\/\/radiolifefm.com.br\/noticias\/wp-json\/wp\/v2\/posts\/60581","targetHints":{"allow":["GET"]}}],"collection":[{"href":"https:\/\/radiolifefm.com.br\/noticias\/wp-json\/wp\/v2\/posts"}],"about":[{"href":"https:\/\/radiolifefm.com.br\/noticias\/wp-json\/wp\/v2\/types\/post"}],"author":[{"embeddable":true,"href":"https:\/\/radiolifefm.com.br\/noticias\/wp-json\/wp\/v2\/users\/13"}],"replies":[{"embeddable":true,"href":"https:\/\/radiolifefm.com.br\/noticias\/wp-json\/wp\/v2\/comments?post=60581"}],"version-history":[{"count":4,"href":"https:\/\/radiolifefm.com.br\/noticias\/wp-json\/wp\/v2\/posts\/60581\/revisions"}],"predecessor-version":[{"id":60586,"href":"https:\/\/radiolifefm.com.br\/noticias\/wp-json\/wp\/v2\/posts\/60581\/revisions\/60586"}],"wp:featuredmedia":[{"embeddable":true,"href":"https:\/\/radiolifefm.com.br\/noticias\/wp-json\/wp\/v2\/media\/60582"}],"wp:attachment":[{"href":"https:\/\/radiolifefm.com.br\/noticias\/wp-json\/wp\/v2\/media?parent=60581"}],"wp:term":[{"taxonomy":"category","embeddable":true,"href":"https:\/\/radiolifefm.com.br\/noticias\/wp-json\/wp\/v2\/categories?post=60581"},{"taxonomy":"post_tag","embeddable":true,"href":"https:\/\/radiolifefm.com.br\/noticias\/wp-json\/wp\/v2\/tags?post=60581"}],"curies":[{"name":"wp","href":"https:\/\/api.w.org\/{rel}","templated":true}]}}