{"id":60518,"date":"2022-11-07T07:58:19","date_gmt":"2022-11-07T10:58:19","guid":{"rendered":"https:\/\/radiolifefm.com.br\/noticias\/?p=60518"},"modified":"2026-03-12T07:10:43","modified_gmt":"2026-03-12T10:10:43","slug":"patriotas-provincianos-e-mentes-mediocres","status":"publish","type":"post","link":"https:\/\/radiolifefm.com.br\/noticias\/patriotas-provincianos-e-mentes-mediocres\/","title":{"rendered":"\u201cPATRIOTAS\u201d PROVINCIANOS E MENTES MED\u00cdOCRES&#8230;"},"content":{"rendered":"<div id=\"fb-root\"><\/div>\n<p><strong><em>\u00a0\u201cA l\u00edngua \u00e9 minha p\u00e1tria \/ E eu n\u00e3o tenho p\u00e1tria, tenho m\u00e1tria<br \/>\nE quero fr\u00e1tria\u201d <\/em><\/strong><em>(<\/em><a href=\"https:\/\/www.pensador.com\/autor\/caetano_veloso\/\"><em>Caetano Veloso<\/em><\/a><em>)<\/em><\/p>\n<p><em>\u00a0<\/em><\/p>\n<p><strong><em>\u201cH\u00e1 soldados armados \/ Amados ou n\u00e3o \/ Quase todos perdidos<br \/>\nDe armas na m\u00e3o \/ Nos quart\u00e9is lhes ensinam \/ Uma antiga li\u00e7\u00e3o<br \/>\nDe morrer pela p\u00e1tria \/ E viver sem raz\u00e3o\u201d <\/em><\/strong><em>(Geraldo Vandr\u00e9)<\/em><\/p>\n<p><strong>S\u00e9rgio Barbosa (*)<\/strong><\/p>\n<p>Pelas milhares de POSTAGENS divulgadas nas REDES SOCIAIS ap\u00f3s o resultado das ELEI\u00c7\u00d5ES do dia 30, ainda, registrando que tais MENTES MED\u00cdOCRES est\u00e3o de LUTO pelo seu COISO que se coloca como o SALVADOR DOS ILUDIDOS\/AS pelos FAKE NEWS&#8230;<\/p>\n<p>Portanto, seria mais do que interessante que tais ENTULATADOS\/AS pela PERDA DO PODER em nome da DEMOCRACIA e da PAZ neste PA\u00cdS DO FAZ DE CONTA, por\u00e9m, pelas tais PSEUDOS MANIFESTA\u00c7\u00d5ES daqueles\/as MENTES MED\u00cdOCRES que desconhecem o que ocorreu neste PA\u00cdS DO FAZ DE CONTA depois do GOLPE MILITAR de 1964, tudo indica que essas MASSAS DE MANOBRAS dos\/as mesmos\/as de sempre, devem continuar nesta PROV\u00cdNCIA DO FAZ DE CONTA&#8230;<\/p>\n<p>Entretanto, deveriam ter aproveitado o DIA DE FINADOS para muitas REFLEX\u00d5ES sobre estes quase 3 anos de PANDEMIA, ainda, reverenciando mais de 600 MIL MORTES que ocorreram neste DESGOVERNO BOZZONARO com seus COISOS com COISAS&#8230;<\/p>\n<p>Entretanto, pelos n\u00fameros que o GENOCIDA conseguiu neste segundo turno na denominada regi\u00e3o da NOVA ALTA PAULISTA, a saber: 146.844 MENTES MED\u00cdOCRES votam com o DESGOVERNO BOZZONARO, isso mesmo, aquele que foi CONTRA A VACINA e menosprezou este tempo de PANDEMIA com suas BRAVATAS e IRONIAS para com aqueles\/as que PARTIRAM para o outro tempo do tempo&#8230;<\/p>\n<p>Portanto, 66,74% foram CUMPL\u00cdCES do GENOCIDA em pauta, bem como, o outro representante do COISO em terras paulista, isso \u00e9, aquele que APARECEU sem mais e com muitos menos, tamb\u00e9m, GENOCIDA, levou 142.753 MENTES MED\u00cdOCRES junto com o seu discurso de MILICIANO das terras cariocas&#8230;<\/p>\n<p>Tais N\u00daMEROS est\u00e3o al\u00e9m do TOLER\u00c1VEL em qualquer contexto atual, haja vista que foram MILHARES DE MORTES e com certeza, VOC\u00ca conheceu esta ou aquela pessoa que partiu por causa da PANDEMIA, ainda, talvez um PARENTE, AMIGO\/A. COLEGA, FAMILIAR&#8230;<\/p>\n<p>Portanto, quem esteve deste lado das MENTES MED\u00cdOCRES, deve-se considerar um APOIADOR da POL\u00cdTICA GENOCIDA e CA\u00d3TICA deste, ainda, DESGOVERNO BOZZONARO com seus COISOS com COISAS&#8230;<\/p>\n<p>E tem mais, PERDER faz parte do processo DEMOCR\u00c1TICO, bem como, GANHAR, todavia, tudo indica que o COISO n\u00e3o est\u00e1 querendo deixar a CADEIRA PRESIDENCIAL, por\u00e9m, est\u00e1 com os DIAS CONTADOS e com certeza, VAI TER QUE PRESTAR CONTAS destes \u00faltimos QUATRO ANOS de ETERNAS TROCAS NADA SIMB\u00d3LICAS, bem como, dos tais 100 ANOS DE SIGILOS disto ou daquilo&#8230;<\/p>\n<p>Portanto, os ditos PATRIOTAS PROVINCIANOS\/AS, como sempre, continuam na contram\u00e3o da HIST\u00d3RIA e assim por diante, ou melhor, continuam ANDANDO PRA TR\u00c1S em todas as \u00e1reas afins aos DESENVOLVIMENTO em n\u00edvel GLOCAL, ou seja, do GLOBAL (nacional) para o LOCAL (prov\u00edncia) neste tempo novo tempo que se chama hoje&#8230;<\/p>\n<p>Essas MENTES MED\u00cdOCRES PROVINCIANAS, tamb\u00e9m, continuam divulgando por meio das REDES SOCIAIS nomes de ORGANIZA\u00c7\u00d5ES e outros que ficaram e continuam do lado da DEMOCRACIA outorgada pelo VOTO, portanto, A C\u00c9SAR O QUE \u00c9 DE C\u00c9SAR&#8230;<\/p>\n<p>Isso esquecer o tal do BO.DO.QUIO, aquele que ficou conhecido e respeitado como PIN\u00d3QUIO PROVINCIANO, todavia, espera-se a partir do dia 1 de janeiro de 2.023, todos\/as possam viver uma outra REALIDADE nesta PROV\u00cdNCIA DO FAZ DE CONTA&#8230;<\/p>\n<p><strong>AVE REGI\u00c3O NORDESTE! AVE CAPITAL PAULISTA!<\/strong><\/p>\n<p><strong>AVE 73.182 MENTES ESPECIAIS que ficaram do lado da DEMOCRACIA!<\/strong><\/p>\n<p><strong>AVE 66.682 MENTES EDUCADAS que votaram no PROFESSOR!<\/strong><\/p>\n<p><strong>AVE S.J.P. D\u00b4ALHO!<\/strong><\/p>\n<p><strong><em>(*) jornalista diplomado e professor universit\u00e1rio.<\/em><\/strong><\/p>\n<p><strong><em>e-mail: <\/em><\/strong><a href=\"mailto:barbosa.sebar@gmail.com\"><strong><em>barbosa.sebar@gmail.com<\/em><\/strong><\/a><\/p>\n<p><strong><em>\u00a0<\/em><\/strong><\/p>\n","protected":false},"excerpt":{"rendered":"<p>\u00a0\u201cA l\u00edngua \u00e9 minha p\u00e1tria \/ E eu n\u00e3o tenho p\u00e1tria, tenho m\u00e1tria E quero fr\u00e1tria\u201d (Caetano Veloso) \u00a0 \u201cH\u00e1 soldados armados \/ Amados ou n\u00e3o \/ Quase todos perdidos De armas na m\u00e3o \/ Nos quart\u00e9is lhes ensinam \/ Uma antiga li\u00e7\u00e3o De morrer pela p\u00e1tria \/ E viver sem raz\u00e3o\u201d (Geraldo Vandr\u00e9) S\u00e9rgio [&hellip;]<\/p>\n","protected":false},"author":13,"featured_media":51988,"comment_status":"closed","ping_status":"open","sticky":false,"template":"","format":"standard","meta":{"_acf_changed":false,"_exactmetrics_skip_tracking":false,"_exactmetrics_sitenote_active":false,"_exactmetrics_sitenote_note":"","_exactmetrics_sitenote_category":0,"footnotes":""},"categories":[59],"tags":[],"class_list":["post-60518","post","type-post","status-publish","format-standard","has-post-thumbnail","hentry","category-opiniao"],"acf":[],"yoast_head":"<!-- This site is optimized with the Yoast SEO plugin v27.2 - https:\/\/yoast.com\/product\/yoast-seo-wordpress\/ -->\n<title>\u201cPATRIOTAS\u201d PROVINCIANOS E MENTES MED\u00cdOCRES... - R\u00e1dio Life FM<\/title>\n<meta name=\"robots\" content=\"index, follow, max-snippet:-1, max-image-preview:large, max-video-preview:-1\" \/>\n<link rel=\"canonical\" href=\"https:\/\/radiolifefm.com.br\/noticias\/patriotas-provincianos-e-mentes-mediocres\/\" \/>\n<meta property=\"og:locale\" content=\"pt_BR\" \/>\n<meta property=\"og:type\" content=\"article\" \/>\n<meta property=\"og:title\" content=\"\u201cPATRIOTAS\u201d PROVINCIANOS E MENTES MED\u00cdOCRES... - R\u00e1dio Life FM\" \/>\n<meta property=\"og:description\" content=\"\u00a0\u201cA l\u00edngua \u00e9 minha p\u00e1tria \/ E eu n\u00e3o tenho p\u00e1tria, tenho m\u00e1tria E quero fr\u00e1tria\u201d (Caetano Veloso) \u00a0 \u201cH\u00e1 soldados armados \/ Amados ou n\u00e3o \/ Quase todos perdidos De armas na m\u00e3o \/ Nos quart\u00e9is lhes ensinam \/ Uma antiga li\u00e7\u00e3o De morrer pela p\u00e1tria \/ E viver sem raz\u00e3o\u201d (Geraldo Vandr\u00e9) S\u00e9rgio [&hellip;]\" \/>\n<meta property=\"og:url\" content=\"https:\/\/radiolifefm.com.br\/noticias\/patriotas-provincianos-e-mentes-mediocres\/\" \/>\n<meta property=\"og:site_name\" content=\"R\u00e1dio Life FM\" \/>\n<meta property=\"article:publisher\" content=\"https:\/\/www.facebook.com\/radiolifefm\/\" \/>\n<meta property=\"article:published_time\" content=\"2022-11-07T10:58:19+00:00\" \/>\n<meta property=\"article:modified_time\" content=\"2026-03-12T10:10:43+00:00\" \/>\n<meta property=\"og:image\" content=\"https:\/\/radiolifefm.com.br\/noticias\/wp-content\/uploads\/2022\/04\/WhatsApp-Image-2022-04-10-at-18.43.02.jpeg\" \/>\n\t<meta property=\"og:image:width\" content=\"972\" \/>\n\t<meta property=\"og:image:height\" content=\"1296\" \/>\n\t<meta property=\"og:image:type\" content=\"image\/jpeg\" \/>\n<meta name=\"author\" content=\"ritanery\" \/>\n<meta name=\"twitter:card\" content=\"summary_large_image\" \/>\n<meta name=\"twitter:label1\" content=\"Escrito por\" \/>\n\t<meta name=\"twitter:data1\" content=\"ritanery\" \/>\n\t<meta name=\"twitter:label2\" content=\"Est. tempo de leitura\" \/>\n\t<meta name=\"twitter:data2\" content=\"4 minutos\" \/>\n<script type=\"application\/ld+json\" class=\"yoast-schema-graph\">{\"@context\":\"https:\/\/schema.org\",\"@graph\":[{\"@type\":\"Article\",\"@id\":\"https:\/\/radiolifefm.com.br\/noticias\/patriotas-provincianos-e-mentes-mediocres\/#article\",\"isPartOf\":{\"@id\":\"https:\/\/radiolifefm.com.br\/noticias\/patriotas-provincianos-e-mentes-mediocres\/\"},\"author\":{\"name\":\"ritanery\",\"@id\":\"https:\/\/radiolifefm.com.br\/noticias\/#\/schema\/person\/6339b9fac59d12b071dec680d7375d87\"},\"headline\":\"\u201cPATRIOTAS\u201d PROVINCIANOS E MENTES MED\u00cdOCRES&#8230;\",\"datePublished\":\"2022-11-07T10:58:19+00:00\",\"dateModified\":\"2026-03-12T10:10:43+00:00\",\"mainEntityOfPage\":{\"@id\":\"https:\/\/radiolifefm.com.br\/noticias\/patriotas-provincianos-e-mentes-mediocres\/\"},\"wordCount\":639,\"publisher\":{\"@id\":\"https:\/\/radiolifefm.com.br\/noticias\/#organization\"},\"image\":{\"@id\":\"https:\/\/radiolifefm.com.br\/noticias\/patriotas-provincianos-e-mentes-mediocres\/#primaryimage\"},\"thumbnailUrl\":\"https:\/\/radiolifefm.com.br\/noticias\/wp-content\/uploads\/2022\/04\/WhatsApp-Image-2022-04-10-at-18.43.02.jpeg\",\"articleSection\":[\"Opini\u00e3o\"],\"inLanguage\":\"pt-BR\"},{\"@type\":\"WebPage\",\"@id\":\"https:\/\/radiolifefm.com.br\/noticias\/patriotas-provincianos-e-mentes-mediocres\/\",\"url\":\"https:\/\/radiolifefm.com.br\/noticias\/patriotas-provincianos-e-mentes-mediocres\/\",\"name\":\"\u201cPATRIOTAS\u201d PROVINCIANOS E MENTES MED\u00cdOCRES... - R\u00e1dio Life FM\",\"isPartOf\":{\"@id\":\"https:\/\/radiolifefm.com.br\/noticias\/#website\"},\"primaryImageOfPage\":{\"@id\":\"https:\/\/radiolifefm.com.br\/noticias\/patriotas-provincianos-e-mentes-mediocres\/#primaryimage\"},\"image\":{\"@id\":\"https:\/\/radiolifefm.com.br\/noticias\/patriotas-provincianos-e-mentes-mediocres\/#primaryimage\"},\"thumbnailUrl\":\"https:\/\/radiolifefm.com.br\/noticias\/wp-content\/uploads\/2022\/04\/WhatsApp-Image-2022-04-10-at-18.43.02.jpeg\",\"datePublished\":\"2022-11-07T10:58:19+00:00\",\"dateModified\":\"2026-03-12T10:10:43+00:00\",\"breadcrumb\":{\"@id\":\"https:\/\/radiolifefm.com.br\/noticias\/patriotas-provincianos-e-mentes-mediocres\/#breadcrumb\"},\"inLanguage\":\"pt-BR\",\"potentialAction\":[{\"@type\":\"ReadAction\",\"target\":[\"https:\/\/radiolifefm.com.br\/noticias\/patriotas-provincianos-e-mentes-mediocres\/\"]}]},{\"@type\":\"ImageObject\",\"inLanguage\":\"pt-BR\",\"@id\":\"https:\/\/radiolifefm.com.br\/noticias\/patriotas-provincianos-e-mentes-mediocres\/#primaryimage\",\"url\":\"https:\/\/radiolifefm.com.br\/noticias\/wp-content\/uploads\/2022\/04\/WhatsApp-Image-2022-04-10-at-18.43.02.jpeg\",\"contentUrl\":\"https:\/\/radiolifefm.com.br\/noticias\/wp-content\/uploads\/2022\/04\/WhatsApp-Image-2022-04-10-at-18.43.02.jpeg\",\"width\":972,\"height\":1296,\"caption\":\"S\u00e9rgio Barbosa\"},{\"@type\":\"BreadcrumbList\",\"@id\":\"https:\/\/radiolifefm.com.br\/noticias\/patriotas-provincianos-e-mentes-mediocres\/#breadcrumb\",\"itemListElement\":[{\"@type\":\"ListItem\",\"position\":1,\"name\":\"In\u00edcio\",\"item\":\"https:\/\/radiolifefm.com.br\/noticias\/\"},{\"@type\":\"ListItem\",\"position\":2,\"name\":\"\u201cPATRIOTAS\u201d PROVINCIANOS E MENTES MED\u00cdOCRES&#8230;\"}]},{\"@type\":\"WebSite\",\"@id\":\"https:\/\/radiolifefm.com.br\/noticias\/#website\",\"url\":\"https:\/\/radiolifefm.com.br\/noticias\/\",\"name\":\"R\u00e1dio Life FM\",\"description\":\"O Portal de Not\u00edcias de Adamantina\",\"publisher\":{\"@id\":\"https:\/\/radiolifefm.com.br\/noticias\/#organization\"},\"alternateName\":\"Life FM\",\"potentialAction\":[{\"@type\":\"SearchAction\",\"target\":{\"@type\":\"EntryPoint\",\"urlTemplate\":\"https:\/\/radiolifefm.com.br\/noticias\/?s={search_term_string}\"},\"query-input\":{\"@type\":\"PropertyValueSpecification\",\"valueRequired\":true,\"valueName\":\"search_term_string\"}}],\"inLanguage\":\"pt-BR\"},{\"@type\":\"Organization\",\"@id\":\"https:\/\/radiolifefm.com.br\/noticias\/#organization\",\"name\":\"R\u00e1dio Life FM\",\"alternateName\":\"Life FM\",\"url\":\"https:\/\/radiolifefm.com.br\/noticias\/\",\"logo\":{\"@type\":\"ImageObject\",\"inLanguage\":\"pt-BR\",\"@id\":\"https:\/\/radiolifefm.com.br\/noticias\/#\/schema\/logo\/image\/\",\"url\":\"https:\/\/static.radiolifefm.com.br\/noticias\/wp-content\/uploads\/2019\/10\/logo-lifefm.png\",\"contentUrl\":\"https:\/\/static.radiolifefm.com.br\/noticias\/wp-content\/uploads\/2019\/10\/logo-lifefm.png\",\"width\":196,\"height\":47,\"caption\":\"R\u00e1dio Life FM\"},\"image\":{\"@id\":\"https:\/\/radiolifefm.com.br\/noticias\/#\/schema\/logo\/image\/\"},\"sameAs\":[\"https:\/\/www.facebook.com\/radiolifefm\/\",\"https:\/\/www.instagram.com\/life1079fm\/\"]},{\"@type\":\"Person\",\"@id\":\"https:\/\/radiolifefm.com.br\/noticias\/#\/schema\/person\/6339b9fac59d12b071dec680d7375d87\",\"name\":\"ritanery\",\"image\":{\"@type\":\"ImageObject\",\"inLanguage\":\"pt-BR\",\"@id\":\"https:\/\/secure.gravatar.com\/avatar\/0e37bb19071f47c0b8a23f62a903df117c5a0e75f65a0c2901562f97cd41cf86?s=96&d=mm&r=g\",\"url\":\"https:\/\/secure.gravatar.com\/avatar\/0e37bb19071f47c0b8a23f62a903df117c5a0e75f65a0c2901562f97cd41cf86?s=96&d=mm&r=g\",\"contentUrl\":\"https:\/\/secure.gravatar.com\/avatar\/0e37bb19071f47c0b8a23f62a903df117c5a0e75f65a0c2901562f97cd41cf86?s=96&d=mm&r=g\",\"caption\":\"ritanery\"}}]}<\/script>\n<!-- \/ Yoast SEO plugin. -->","yoast_head_json":{"title":"\u201cPATRIOTAS\u201d PROVINCIANOS E MENTES MED\u00cdOCRES... - R\u00e1dio Life FM","robots":{"index":"index","follow":"follow","max-snippet":"max-snippet:-1","max-image-preview":"max-image-preview:large","max-video-preview":"max-video-preview:-1"},"canonical":"https:\/\/radiolifefm.com.br\/noticias\/patriotas-provincianos-e-mentes-mediocres\/","og_locale":"pt_BR","og_type":"article","og_title":"\u201cPATRIOTAS\u201d PROVINCIANOS E MENTES MED\u00cdOCRES... - R\u00e1dio Life FM","og_description":"\u00a0\u201cA l\u00edngua \u00e9 minha p\u00e1tria \/ E eu n\u00e3o tenho p\u00e1tria, tenho m\u00e1tria E quero fr\u00e1tria\u201d (Caetano Veloso) \u00a0 \u201cH\u00e1 soldados armados \/ Amados ou n\u00e3o \/ Quase todos perdidos De armas na m\u00e3o \/ Nos quart\u00e9is lhes ensinam \/ Uma antiga li\u00e7\u00e3o De morrer pela p\u00e1tria \/ E viver sem raz\u00e3o\u201d (Geraldo Vandr\u00e9) S\u00e9rgio [&hellip;]","og_url":"https:\/\/radiolifefm.com.br\/noticias\/patriotas-provincianos-e-mentes-mediocres\/","og_site_name":"R\u00e1dio Life FM","article_publisher":"https:\/\/www.facebook.com\/radiolifefm\/","article_published_time":"2022-11-07T10:58:19+00:00","article_modified_time":"2026-03-12T10:10:43+00:00","og_image":[{"width":972,"height":1296,"url":"https:\/\/radiolifefm.com.br\/noticias\/wp-content\/uploads\/2022\/04\/WhatsApp-Image-2022-04-10-at-18.43.02.jpeg","type":"image\/jpeg"}],"author":"ritanery","twitter_card":"summary_large_image","twitter_misc":{"Escrito por":"ritanery","Est. tempo de leitura":"4 minutos"},"schema":{"@context":"https:\/\/schema.org","@graph":[{"@type":"Article","@id":"https:\/\/radiolifefm.com.br\/noticias\/patriotas-provincianos-e-mentes-mediocres\/#article","isPartOf":{"@id":"https:\/\/radiolifefm.com.br\/noticias\/patriotas-provincianos-e-mentes-mediocres\/"},"author":{"name":"ritanery","@id":"https:\/\/radiolifefm.com.br\/noticias\/#\/schema\/person\/6339b9fac59d12b071dec680d7375d87"},"headline":"\u201cPATRIOTAS\u201d PROVINCIANOS E MENTES MED\u00cdOCRES&#8230;","datePublished":"2022-11-07T10:58:19+00:00","dateModified":"2026-03-12T10:10:43+00:00","mainEntityOfPage":{"@id":"https:\/\/radiolifefm.com.br\/noticias\/patriotas-provincianos-e-mentes-mediocres\/"},"wordCount":639,"publisher":{"@id":"https:\/\/radiolifefm.com.br\/noticias\/#organization"},"image":{"@id":"https:\/\/radiolifefm.com.br\/noticias\/patriotas-provincianos-e-mentes-mediocres\/#primaryimage"},"thumbnailUrl":"https:\/\/radiolifefm.com.br\/noticias\/wp-content\/uploads\/2022\/04\/WhatsApp-Image-2022-04-10-at-18.43.02.jpeg","articleSection":["Opini\u00e3o"],"inLanguage":"pt-BR"},{"@type":"WebPage","@id":"https:\/\/radiolifefm.com.br\/noticias\/patriotas-provincianos-e-mentes-mediocres\/","url":"https:\/\/radiolifefm.com.br\/noticias\/patriotas-provincianos-e-mentes-mediocres\/","name":"\u201cPATRIOTAS\u201d PROVINCIANOS E MENTES MED\u00cdOCRES... - R\u00e1dio Life FM","isPartOf":{"@id":"https:\/\/radiolifefm.com.br\/noticias\/#website"},"primaryImageOfPage":{"@id":"https:\/\/radiolifefm.com.br\/noticias\/patriotas-provincianos-e-mentes-mediocres\/#primaryimage"},"image":{"@id":"https:\/\/radiolifefm.com.br\/noticias\/patriotas-provincianos-e-mentes-mediocres\/#primaryimage"},"thumbnailUrl":"https:\/\/radiolifefm.com.br\/noticias\/wp-content\/uploads\/2022\/04\/WhatsApp-Image-2022-04-10-at-18.43.02.jpeg","datePublished":"2022-11-07T10:58:19+00:00","dateModified":"2026-03-12T10:10:43+00:00","breadcrumb":{"@id":"https:\/\/radiolifefm.com.br\/noticias\/patriotas-provincianos-e-mentes-mediocres\/#breadcrumb"},"inLanguage":"pt-BR","potentialAction":[{"@type":"ReadAction","target":["https:\/\/radiolifefm.com.br\/noticias\/patriotas-provincianos-e-mentes-mediocres\/"]}]},{"@type":"ImageObject","inLanguage":"pt-BR","@id":"https:\/\/radiolifefm.com.br\/noticias\/patriotas-provincianos-e-mentes-mediocres\/#primaryimage","url":"https:\/\/radiolifefm.com.br\/noticias\/wp-content\/uploads\/2022\/04\/WhatsApp-Image-2022-04-10-at-18.43.02.jpeg","contentUrl":"https:\/\/radiolifefm.com.br\/noticias\/wp-content\/uploads\/2022\/04\/WhatsApp-Image-2022-04-10-at-18.43.02.jpeg","width":972,"height":1296,"caption":"S\u00e9rgio Barbosa"},{"@type":"BreadcrumbList","@id":"https:\/\/radiolifefm.com.br\/noticias\/patriotas-provincianos-e-mentes-mediocres\/#breadcrumb","itemListElement":[{"@type":"ListItem","position":1,"name":"In\u00edcio","item":"https:\/\/radiolifefm.com.br\/noticias\/"},{"@type":"ListItem","position":2,"name":"\u201cPATRIOTAS\u201d PROVINCIANOS E MENTES MED\u00cdOCRES&#8230;"}]},{"@type":"WebSite","@id":"https:\/\/radiolifefm.com.br\/noticias\/#website","url":"https:\/\/radiolifefm.com.br\/noticias\/","name":"R\u00e1dio Life FM","description":"O Portal de Not\u00edcias de Adamantina","publisher":{"@id":"https:\/\/radiolifefm.com.br\/noticias\/#organization"},"alternateName":"Life FM","potentialAction":[{"@type":"SearchAction","target":{"@type":"EntryPoint","urlTemplate":"https:\/\/radiolifefm.com.br\/noticias\/?s={search_term_string}"},"query-input":{"@type":"PropertyValueSpecification","valueRequired":true,"valueName":"search_term_string"}}],"inLanguage":"pt-BR"},{"@type":"Organization","@id":"https:\/\/radiolifefm.com.br\/noticias\/#organization","name":"R\u00e1dio Life FM","alternateName":"Life FM","url":"https:\/\/radiolifefm.com.br\/noticias\/","logo":{"@type":"ImageObject","inLanguage":"pt-BR","@id":"https:\/\/radiolifefm.com.br\/noticias\/#\/schema\/logo\/image\/","url":"https:\/\/static.radiolifefm.com.br\/noticias\/wp-content\/uploads\/2019\/10\/logo-lifefm.png","contentUrl":"https:\/\/static.radiolifefm.com.br\/noticias\/wp-content\/uploads\/2019\/10\/logo-lifefm.png","width":196,"height":47,"caption":"R\u00e1dio Life FM"},"image":{"@id":"https:\/\/radiolifefm.com.br\/noticias\/#\/schema\/logo\/image\/"},"sameAs":["https:\/\/www.facebook.com\/radiolifefm\/","https:\/\/www.instagram.com\/life1079fm\/"]},{"@type":"Person","@id":"https:\/\/radiolifefm.com.br\/noticias\/#\/schema\/person\/6339b9fac59d12b071dec680d7375d87","name":"ritanery","image":{"@type":"ImageObject","inLanguage":"pt-BR","@id":"https:\/\/secure.gravatar.com\/avatar\/0e37bb19071f47c0b8a23f62a903df117c5a0e75f65a0c2901562f97cd41cf86?s=96&d=mm&r=g","url":"https:\/\/secure.gravatar.com\/avatar\/0e37bb19071f47c0b8a23f62a903df117c5a0e75f65a0c2901562f97cd41cf86?s=96&d=mm&r=g","contentUrl":"https:\/\/secure.gravatar.com\/avatar\/0e37bb19071f47c0b8a23f62a903df117c5a0e75f65a0c2901562f97cd41cf86?s=96&d=mm&r=g","caption":"ritanery"}}]}},"amp_enabled":true,"_links":{"self":[{"href":"https:\/\/radiolifefm.com.br\/noticias\/wp-json\/wp\/v2\/posts\/60518","targetHints":{"allow":["GET"]}}],"collection":[{"href":"https:\/\/radiolifefm.com.br\/noticias\/wp-json\/wp\/v2\/posts"}],"about":[{"href":"https:\/\/radiolifefm.com.br\/noticias\/wp-json\/wp\/v2\/types\/post"}],"author":[{"embeddable":true,"href":"https:\/\/radiolifefm.com.br\/noticias\/wp-json\/wp\/v2\/users\/13"}],"replies":[{"embeddable":true,"href":"https:\/\/radiolifefm.com.br\/noticias\/wp-json\/wp\/v2\/comments?post=60518"}],"version-history":[{"count":1,"href":"https:\/\/radiolifefm.com.br\/noticias\/wp-json\/wp\/v2\/posts\/60518\/revisions"}],"predecessor-version":[{"id":60519,"href":"https:\/\/radiolifefm.com.br\/noticias\/wp-json\/wp\/v2\/posts\/60518\/revisions\/60519"}],"wp:featuredmedia":[{"embeddable":true,"href":"https:\/\/radiolifefm.com.br\/noticias\/wp-json\/wp\/v2\/media\/51988"}],"wp:attachment":[{"href":"https:\/\/radiolifefm.com.br\/noticias\/wp-json\/wp\/v2\/media?parent=60518"}],"wp:term":[{"taxonomy":"category","embeddable":true,"href":"https:\/\/radiolifefm.com.br\/noticias\/wp-json\/wp\/v2\/categories?post=60518"},{"taxonomy":"post_tag","embeddable":true,"href":"https:\/\/radiolifefm.com.br\/noticias\/wp-json\/wp\/v2\/tags?post=60518"}],"curies":[{"name":"wp","href":"https:\/\/api.w.org\/{rel}","templated":true}]}}