{"id":60429,"date":"2022-11-03T13:35:50","date_gmt":"2022-11-03T16:35:50","guid":{"rendered":"https:\/\/radiolifefm.com.br\/noticias\/?p=60429"},"modified":"2026-04-27T00:03:19","modified_gmt":"2026-04-27T03:03:19","slug":"4o-concurso-de-desenho-frase-infantil-promovido-pelo-poder-judiciario-e-secretaria-de-educacao-de-adamantina-esta-na-etapa-de-votacao-do-publico","status":"publish","type":"post","link":"https:\/\/radiolifefm.com.br\/noticias\/4o-concurso-de-desenho-frase-infantil-promovido-pelo-poder-judiciario-e-secretaria-de-educacao-de-adamantina-esta-na-etapa-de-votacao-do-publico\/","title":{"rendered":"4\u00ba Concurso de Desenho\/Frase Infantil promovido pelo Poder Judici\u00e1rio e Secretaria de Educa\u00e7\u00e3o de Adamantina est\u00e1 na etapa de vota\u00e7\u00e3o do p\u00fablico"},"content":{"rendered":"<div id=\"fb-root\"><\/div>\n<p style=\"font-weight: 400\">O Poder Judici\u00e1rio da Comarca de Adamantina em parceria com a Prefeitura de Adamantina, por meio da Secretaria de Educa\u00e7\u00e3o, est\u00e1 realizando o 4\u00ba Concurso de Desenho\/Frase Infantil com o tema \u201cA Paz \u00e9 o Caminho\u201d.<\/p>\n<p style=\"font-weight: 400\">Vencido o prazo para entrega dos desenhos e das avalia\u00e7\u00f5es realizadas pelas escolas e pela comiss\u00e3o organizadora, agora chegou a etapa da vota\u00e7\u00e3o do p\u00fablico. Os desenhos est\u00e3o expostos na Biblioteca Municipal Jurema Citeli at\u00e9 amanh\u00e3 (4) das 8h \u00e0s 17h.<\/p>\n<p style=\"font-weight: 400\">O resultado final ser\u00e1 divulgado no dia 9 de novembro em local e hor\u00e1rio que ser\u00e3o divulgados oportunamente. A solenidade de entrega dos pr\u00eamios ser\u00e1 realizada no dia 22 de novembro de 2022.<\/p>\n<p style=\"font-weight: 400\">Ao todo, ser\u00e3o premiados 12 desenhos e 12 frases, sendo 06 da categoria I e 06 da categoria II e 12 da categoria III. Os ganhadores ir\u00e3o compor o calend\u00e1rio de 2023.<\/p>\n<p style=\"font-weight: 400\">Participam do concurso todas as unidades escolares municipais divididas em tr\u00eas categorias que s\u00e3o: categoria I para o 1\u00ba e 2\u00ba ano; categoria II para o 3\u00ba e 4\u00ba e categoria III para o 5\u00ba ano.<\/p>\n<p style=\"font-weight: 400\">O 4\u00ba Concurso de Desenho\/Frase Infantil tem como finalidade incentivar a crian\u00e7a a reflex\u00e3o sobre a valoriza\u00e7\u00e3o da paz nas rela\u00e7\u00f5es.<\/p>\n<p>&nbsp;<\/p>\n<p>Fonte: Assessoria de Imprensa<\/p>\n","protected":false},"excerpt":{"rendered":"<p>O Poder Judici\u00e1rio da Comarca de Adamantina em parceria com a Prefeitura de Adamantina, por meio da Secretaria de Educa\u00e7\u00e3o, est\u00e1 realizando o 4\u00ba Concurso de Desenho\/Frase Infantil com o tema \u201cA Paz \u00e9 o Caminho\u201d. Vencido o prazo para entrega dos desenhos e das avalia\u00e7\u00f5es realizadas pelas escolas e pela comiss\u00e3o organizadora, agora chegou [&hellip;]<\/p>\n","protected":false},"author":13,"featured_media":60430,"comment_status":"closed","ping_status":"open","sticky":false,"template":"","format":"standard","meta":{"_acf_changed":false,"_exactmetrics_skip_tracking":false,"_exactmetrics_sitenote_active":false,"_exactmetrics_sitenote_note":"","_exactmetrics_sitenote_category":0,"footnotes":""},"categories":[21],"tags":[],"class_list":["post-60429","post","type-post","status-publish","format-standard","has-post-thumbnail","hentry","category-adamantina"],"acf":[],"yoast_head":"<!-- This site is optimized with the Yoast SEO plugin v27.2 - https:\/\/yoast.com\/product\/yoast-seo-wordpress\/ -->\n<title>4\u00ba Concurso de Desenho\/Frase Infantil promovido pelo Poder Judici\u00e1rio e Secretaria de Educa\u00e7\u00e3o de Adamantina est\u00e1 na etapa de vota\u00e7\u00e3o do p\u00fablico - R\u00e1dio Life FM<\/title>\n<meta name=\"robots\" content=\"index, follow, max-snippet:-1, max-image-preview:large, max-video-preview:-1\" \/>\n<link rel=\"canonical\" href=\"https:\/\/radiolifefm.com.br\/noticias\/4o-concurso-de-desenho-frase-infantil-promovido-pelo-poder-judiciario-e-secretaria-de-educacao-de-adamantina-esta-na-etapa-de-votacao-do-publico\/\" \/>\n<meta property=\"og:locale\" content=\"pt_BR\" \/>\n<meta property=\"og:type\" content=\"article\" \/>\n<meta property=\"og:title\" content=\"4\u00ba Concurso de Desenho\/Frase Infantil promovido pelo Poder Judici\u00e1rio e Secretaria de Educa\u00e7\u00e3o de Adamantina est\u00e1 na etapa de vota\u00e7\u00e3o do p\u00fablico - R\u00e1dio Life FM\" \/>\n<meta property=\"og:description\" content=\"O Poder Judici\u00e1rio da Comarca de Adamantina em parceria com a Prefeitura de Adamantina, por meio da Secretaria de Educa\u00e7\u00e3o, est\u00e1 realizando o 4\u00ba Concurso de Desenho\/Frase Infantil com o tema \u201cA Paz \u00e9 o Caminho\u201d. Vencido o prazo para entrega dos desenhos e das avalia\u00e7\u00f5es realizadas pelas escolas e pela comiss\u00e3o organizadora, agora chegou [&hellip;]\" \/>\n<meta property=\"og:url\" content=\"https:\/\/radiolifefm.com.br\/noticias\/4o-concurso-de-desenho-frase-infantil-promovido-pelo-poder-judiciario-e-secretaria-de-educacao-de-adamantina-esta-na-etapa-de-votacao-do-publico\/\" \/>\n<meta property=\"og:site_name\" content=\"R\u00e1dio Life FM\" \/>\n<meta property=\"article:publisher\" content=\"https:\/\/www.facebook.com\/radiolifefm\/\" \/>\n<meta property=\"article:published_time\" content=\"2022-11-03T16:35:50+00:00\" \/>\n<meta property=\"article:modified_time\" content=\"2026-04-27T03:03:19+00:00\" \/>\n<meta property=\"og:image\" content=\"https:\/\/radiolifefm.com.br\/noticias\/wp-content\/uploads\/2022\/11\/foto-1.jpeg\" \/>\n\t<meta property=\"og:image:width\" content=\"1066\" \/>\n\t<meta property=\"og:image:height\" content=\"1193\" \/>\n\t<meta property=\"og:image:type\" content=\"image\/jpeg\" \/>\n<meta name=\"author\" content=\"ritanery\" \/>\n<meta name=\"twitter:card\" content=\"summary_large_image\" \/>\n<meta name=\"twitter:label1\" content=\"Escrito por\" \/>\n\t<meta name=\"twitter:data1\" content=\"ritanery\" \/>\n\t<meta name=\"twitter:label2\" content=\"Est. tempo de leitura\" \/>\n\t<meta name=\"twitter:data2\" content=\"2 minutos\" \/>\n<script type=\"application\/ld+json\" class=\"yoast-schema-graph\">{\"@context\":\"https:\/\/schema.org\",\"@graph\":[{\"@type\":\"Article\",\"@id\":\"https:\/\/radiolifefm.com.br\/noticias\/4o-concurso-de-desenho-frase-infantil-promovido-pelo-poder-judiciario-e-secretaria-de-educacao-de-adamantina-esta-na-etapa-de-votacao-do-publico\/#article\",\"isPartOf\":{\"@id\":\"https:\/\/radiolifefm.com.br\/noticias\/4o-concurso-de-desenho-frase-infantil-promovido-pelo-poder-judiciario-e-secretaria-de-educacao-de-adamantina-esta-na-etapa-de-votacao-do-publico\/\"},\"author\":{\"name\":\"ritanery\",\"@id\":\"https:\/\/radiolifefm.com.br\/noticias\/#\/schema\/person\/6339b9fac59d12b071dec680d7375d87\"},\"headline\":\"4\u00ba Concurso de Desenho\/Frase Infantil promovido pelo Poder Judici\u00e1rio e Secretaria de Educa\u00e7\u00e3o de Adamantina est\u00e1 na etapa de vota\u00e7\u00e3o do p\u00fablico\",\"datePublished\":\"2022-11-03T16:35:50+00:00\",\"dateModified\":\"2026-04-27T03:03:19+00:00\",\"mainEntityOfPage\":{\"@id\":\"https:\/\/radiolifefm.com.br\/noticias\/4o-concurso-de-desenho-frase-infantil-promovido-pelo-poder-judiciario-e-secretaria-de-educacao-de-adamantina-esta-na-etapa-de-votacao-do-publico\/\"},\"wordCount\":233,\"publisher\":{\"@id\":\"https:\/\/radiolifefm.com.br\/noticias\/#organization\"},\"image\":{\"@id\":\"https:\/\/radiolifefm.com.br\/noticias\/4o-concurso-de-desenho-frase-infantil-promovido-pelo-poder-judiciario-e-secretaria-de-educacao-de-adamantina-esta-na-etapa-de-votacao-do-publico\/#primaryimage\"},\"thumbnailUrl\":\"https:\/\/radiolifefm.com.br\/noticias\/wp-content\/uploads\/2022\/11\/foto-1.jpeg\",\"articleSection\":[\"Adamantina\"],\"inLanguage\":\"pt-BR\"},{\"@type\":\"WebPage\",\"@id\":\"https:\/\/radiolifefm.com.br\/noticias\/4o-concurso-de-desenho-frase-infantil-promovido-pelo-poder-judiciario-e-secretaria-de-educacao-de-adamantina-esta-na-etapa-de-votacao-do-publico\/\",\"url\":\"https:\/\/radiolifefm.com.br\/noticias\/4o-concurso-de-desenho-frase-infantil-promovido-pelo-poder-judiciario-e-secretaria-de-educacao-de-adamantina-esta-na-etapa-de-votacao-do-publico\/\",\"name\":\"4\u00ba Concurso de Desenho\/Frase Infantil promovido pelo Poder Judici\u00e1rio e Secretaria de Educa\u00e7\u00e3o de Adamantina est\u00e1 na etapa de vota\u00e7\u00e3o do p\u00fablico - R\u00e1dio Life FM\",\"isPartOf\":{\"@id\":\"https:\/\/radiolifefm.com.br\/noticias\/#website\"},\"primaryImageOfPage\":{\"@id\":\"https:\/\/radiolifefm.com.br\/noticias\/4o-concurso-de-desenho-frase-infantil-promovido-pelo-poder-judiciario-e-secretaria-de-educacao-de-adamantina-esta-na-etapa-de-votacao-do-publico\/#primaryimage\"},\"image\":{\"@id\":\"https:\/\/radiolifefm.com.br\/noticias\/4o-concurso-de-desenho-frase-infantil-promovido-pelo-poder-judiciario-e-secretaria-de-educacao-de-adamantina-esta-na-etapa-de-votacao-do-publico\/#primaryimage\"},\"thumbnailUrl\":\"https:\/\/radiolifefm.com.br\/noticias\/wp-content\/uploads\/2022\/11\/foto-1.jpeg\",\"datePublished\":\"2022-11-03T16:35:50+00:00\",\"dateModified\":\"2026-04-27T03:03:19+00:00\",\"breadcrumb\":{\"@id\":\"https:\/\/radiolifefm.com.br\/noticias\/4o-concurso-de-desenho-frase-infantil-promovido-pelo-poder-judiciario-e-secretaria-de-educacao-de-adamantina-esta-na-etapa-de-votacao-do-publico\/#breadcrumb\"},\"inLanguage\":\"pt-BR\",\"potentialAction\":[{\"@type\":\"ReadAction\",\"target\":[\"https:\/\/radiolifefm.com.br\/noticias\/4o-concurso-de-desenho-frase-infantil-promovido-pelo-poder-judiciario-e-secretaria-de-educacao-de-adamantina-esta-na-etapa-de-votacao-do-publico\/\"]}]},{\"@type\":\"ImageObject\",\"inLanguage\":\"pt-BR\",\"@id\":\"https:\/\/radiolifefm.com.br\/noticias\/4o-concurso-de-desenho-frase-infantil-promovido-pelo-poder-judiciario-e-secretaria-de-educacao-de-adamantina-esta-na-etapa-de-votacao-do-publico\/#primaryimage\",\"url\":\"https:\/\/radiolifefm.com.br\/noticias\/wp-content\/uploads\/2022\/11\/foto-1.jpeg\",\"contentUrl\":\"https:\/\/radiolifefm.com.br\/noticias\/wp-content\/uploads\/2022\/11\/foto-1.jpeg\",\"width\":1066,\"height\":1193,\"caption\":\"Popula\u00e7\u00e3o pode conferir os trabalhos selecionados e votar na exposi\u00e7\u00e3o que acontece na Biblioteca Municipal Jurema Citelli\"},{\"@type\":\"BreadcrumbList\",\"@id\":\"https:\/\/radiolifefm.com.br\/noticias\/4o-concurso-de-desenho-frase-infantil-promovido-pelo-poder-judiciario-e-secretaria-de-educacao-de-adamantina-esta-na-etapa-de-votacao-do-publico\/#breadcrumb\",\"itemListElement\":[{\"@type\":\"ListItem\",\"position\":1,\"name\":\"In\u00edcio\",\"item\":\"https:\/\/radiolifefm.com.br\/noticias\/\"},{\"@type\":\"ListItem\",\"position\":2,\"name\":\"4\u00ba Concurso de Desenho\/Frase Infantil promovido pelo Poder Judici\u00e1rio e Secretaria de Educa\u00e7\u00e3o de Adamantina est\u00e1 na etapa de vota\u00e7\u00e3o do p\u00fablico\"}]},{\"@type\":\"WebSite\",\"@id\":\"https:\/\/radiolifefm.com.br\/noticias\/#website\",\"url\":\"https:\/\/radiolifefm.com.br\/noticias\/\",\"name\":\"R\u00e1dio Life FM\",\"description\":\"O Portal de Not\u00edcias de Adamantina\",\"publisher\":{\"@id\":\"https:\/\/radiolifefm.com.br\/noticias\/#organization\"},\"alternateName\":\"Life FM\",\"potentialAction\":[{\"@type\":\"SearchAction\",\"target\":{\"@type\":\"EntryPoint\",\"urlTemplate\":\"https:\/\/radiolifefm.com.br\/noticias\/?s={search_term_string}\"},\"query-input\":{\"@type\":\"PropertyValueSpecification\",\"valueRequired\":true,\"valueName\":\"search_term_string\"}}],\"inLanguage\":\"pt-BR\"},{\"@type\":\"Organization\",\"@id\":\"https:\/\/radiolifefm.com.br\/noticias\/#organization\",\"name\":\"R\u00e1dio Life FM\",\"alternateName\":\"Life FM\",\"url\":\"https:\/\/radiolifefm.com.br\/noticias\/\",\"logo\":{\"@type\":\"ImageObject\",\"inLanguage\":\"pt-BR\",\"@id\":\"https:\/\/radiolifefm.com.br\/noticias\/#\/schema\/logo\/image\/\",\"url\":\"https:\/\/static.radiolifefm.com.br\/noticias\/wp-content\/uploads\/2019\/10\/logo-lifefm.png\",\"contentUrl\":\"https:\/\/static.radiolifefm.com.br\/noticias\/wp-content\/uploads\/2019\/10\/logo-lifefm.png\",\"width\":196,\"height\":47,\"caption\":\"R\u00e1dio Life FM\"},\"image\":{\"@id\":\"https:\/\/radiolifefm.com.br\/noticias\/#\/schema\/logo\/image\/\"},\"sameAs\":[\"https:\/\/www.facebook.com\/radiolifefm\/\",\"https:\/\/www.instagram.com\/life1079fm\/\"]},{\"@type\":\"Person\",\"@id\":\"https:\/\/radiolifefm.com.br\/noticias\/#\/schema\/person\/6339b9fac59d12b071dec680d7375d87\",\"name\":\"ritanery\",\"image\":{\"@type\":\"ImageObject\",\"inLanguage\":\"pt-BR\",\"@id\":\"https:\/\/secure.gravatar.com\/avatar\/0e37bb19071f47c0b8a23f62a903df117c5a0e75f65a0c2901562f97cd41cf86?s=96&d=mm&r=g\",\"url\":\"https:\/\/secure.gravatar.com\/avatar\/0e37bb19071f47c0b8a23f62a903df117c5a0e75f65a0c2901562f97cd41cf86?s=96&d=mm&r=g\",\"contentUrl\":\"https:\/\/secure.gravatar.com\/avatar\/0e37bb19071f47c0b8a23f62a903df117c5a0e75f65a0c2901562f97cd41cf86?s=96&d=mm&r=g\",\"caption\":\"ritanery\"}}]}<\/script>\n<!-- \/ Yoast SEO plugin. -->","yoast_head_json":{"title":"4\u00ba Concurso de Desenho\/Frase Infantil promovido pelo Poder Judici\u00e1rio e Secretaria de Educa\u00e7\u00e3o de Adamantina est\u00e1 na etapa de vota\u00e7\u00e3o do p\u00fablico - R\u00e1dio Life FM","robots":{"index":"index","follow":"follow","max-snippet":"max-snippet:-1","max-image-preview":"max-image-preview:large","max-video-preview":"max-video-preview:-1"},"canonical":"https:\/\/radiolifefm.com.br\/noticias\/4o-concurso-de-desenho-frase-infantil-promovido-pelo-poder-judiciario-e-secretaria-de-educacao-de-adamantina-esta-na-etapa-de-votacao-do-publico\/","og_locale":"pt_BR","og_type":"article","og_title":"4\u00ba Concurso de Desenho\/Frase Infantil promovido pelo Poder Judici\u00e1rio e Secretaria de Educa\u00e7\u00e3o de Adamantina est\u00e1 na etapa de vota\u00e7\u00e3o do p\u00fablico - R\u00e1dio Life FM","og_description":"O Poder Judici\u00e1rio da Comarca de Adamantina em parceria com a Prefeitura de Adamantina, por meio da Secretaria de Educa\u00e7\u00e3o, est\u00e1 realizando o 4\u00ba Concurso de Desenho\/Frase Infantil com o tema \u201cA Paz \u00e9 o Caminho\u201d. Vencido o prazo para entrega dos desenhos e das avalia\u00e7\u00f5es realizadas pelas escolas e pela comiss\u00e3o organizadora, agora chegou [&hellip;]","og_url":"https:\/\/radiolifefm.com.br\/noticias\/4o-concurso-de-desenho-frase-infantil-promovido-pelo-poder-judiciario-e-secretaria-de-educacao-de-adamantina-esta-na-etapa-de-votacao-do-publico\/","og_site_name":"R\u00e1dio Life FM","article_publisher":"https:\/\/www.facebook.com\/radiolifefm\/","article_published_time":"2022-11-03T16:35:50+00:00","article_modified_time":"2026-04-27T03:03:19+00:00","og_image":[{"width":1066,"height":1193,"url":"https:\/\/radiolifefm.com.br\/noticias\/wp-content\/uploads\/2022\/11\/foto-1.jpeg","type":"image\/jpeg"}],"author":"ritanery","twitter_card":"summary_large_image","twitter_misc":{"Escrito por":"ritanery","Est. tempo de leitura":"2 minutos"},"schema":{"@context":"https:\/\/schema.org","@graph":[{"@type":"Article","@id":"https:\/\/radiolifefm.com.br\/noticias\/4o-concurso-de-desenho-frase-infantil-promovido-pelo-poder-judiciario-e-secretaria-de-educacao-de-adamantina-esta-na-etapa-de-votacao-do-publico\/#article","isPartOf":{"@id":"https:\/\/radiolifefm.com.br\/noticias\/4o-concurso-de-desenho-frase-infantil-promovido-pelo-poder-judiciario-e-secretaria-de-educacao-de-adamantina-esta-na-etapa-de-votacao-do-publico\/"},"author":{"name":"ritanery","@id":"https:\/\/radiolifefm.com.br\/noticias\/#\/schema\/person\/6339b9fac59d12b071dec680d7375d87"},"headline":"4\u00ba Concurso de Desenho\/Frase Infantil promovido pelo Poder Judici\u00e1rio e Secretaria de Educa\u00e7\u00e3o de Adamantina est\u00e1 na etapa de vota\u00e7\u00e3o do p\u00fablico","datePublished":"2022-11-03T16:35:50+00:00","dateModified":"2026-04-27T03:03:19+00:00","mainEntityOfPage":{"@id":"https:\/\/radiolifefm.com.br\/noticias\/4o-concurso-de-desenho-frase-infantil-promovido-pelo-poder-judiciario-e-secretaria-de-educacao-de-adamantina-esta-na-etapa-de-votacao-do-publico\/"},"wordCount":233,"publisher":{"@id":"https:\/\/radiolifefm.com.br\/noticias\/#organization"},"image":{"@id":"https:\/\/radiolifefm.com.br\/noticias\/4o-concurso-de-desenho-frase-infantil-promovido-pelo-poder-judiciario-e-secretaria-de-educacao-de-adamantina-esta-na-etapa-de-votacao-do-publico\/#primaryimage"},"thumbnailUrl":"https:\/\/radiolifefm.com.br\/noticias\/wp-content\/uploads\/2022\/11\/foto-1.jpeg","articleSection":["Adamantina"],"inLanguage":"pt-BR"},{"@type":"WebPage","@id":"https:\/\/radiolifefm.com.br\/noticias\/4o-concurso-de-desenho-frase-infantil-promovido-pelo-poder-judiciario-e-secretaria-de-educacao-de-adamantina-esta-na-etapa-de-votacao-do-publico\/","url":"https:\/\/radiolifefm.com.br\/noticias\/4o-concurso-de-desenho-frase-infantil-promovido-pelo-poder-judiciario-e-secretaria-de-educacao-de-adamantina-esta-na-etapa-de-votacao-do-publico\/","name":"4\u00ba Concurso de Desenho\/Frase Infantil promovido pelo Poder Judici\u00e1rio e Secretaria de Educa\u00e7\u00e3o de Adamantina est\u00e1 na etapa de vota\u00e7\u00e3o do p\u00fablico - R\u00e1dio Life FM","isPartOf":{"@id":"https:\/\/radiolifefm.com.br\/noticias\/#website"},"primaryImageOfPage":{"@id":"https:\/\/radiolifefm.com.br\/noticias\/4o-concurso-de-desenho-frase-infantil-promovido-pelo-poder-judiciario-e-secretaria-de-educacao-de-adamantina-esta-na-etapa-de-votacao-do-publico\/#primaryimage"},"image":{"@id":"https:\/\/radiolifefm.com.br\/noticias\/4o-concurso-de-desenho-frase-infantil-promovido-pelo-poder-judiciario-e-secretaria-de-educacao-de-adamantina-esta-na-etapa-de-votacao-do-publico\/#primaryimage"},"thumbnailUrl":"https:\/\/radiolifefm.com.br\/noticias\/wp-content\/uploads\/2022\/11\/foto-1.jpeg","datePublished":"2022-11-03T16:35:50+00:00","dateModified":"2026-04-27T03:03:19+00:00","breadcrumb":{"@id":"https:\/\/radiolifefm.com.br\/noticias\/4o-concurso-de-desenho-frase-infantil-promovido-pelo-poder-judiciario-e-secretaria-de-educacao-de-adamantina-esta-na-etapa-de-votacao-do-publico\/#breadcrumb"},"inLanguage":"pt-BR","potentialAction":[{"@type":"ReadAction","target":["https:\/\/radiolifefm.com.br\/noticias\/4o-concurso-de-desenho-frase-infantil-promovido-pelo-poder-judiciario-e-secretaria-de-educacao-de-adamantina-esta-na-etapa-de-votacao-do-publico\/"]}]},{"@type":"ImageObject","inLanguage":"pt-BR","@id":"https:\/\/radiolifefm.com.br\/noticias\/4o-concurso-de-desenho-frase-infantil-promovido-pelo-poder-judiciario-e-secretaria-de-educacao-de-adamantina-esta-na-etapa-de-votacao-do-publico\/#primaryimage","url":"https:\/\/radiolifefm.com.br\/noticias\/wp-content\/uploads\/2022\/11\/foto-1.jpeg","contentUrl":"https:\/\/radiolifefm.com.br\/noticias\/wp-content\/uploads\/2022\/11\/foto-1.jpeg","width":1066,"height":1193,"caption":"Popula\u00e7\u00e3o pode conferir os trabalhos selecionados e votar na exposi\u00e7\u00e3o que acontece na Biblioteca Municipal Jurema Citelli"},{"@type":"BreadcrumbList","@id":"https:\/\/radiolifefm.com.br\/noticias\/4o-concurso-de-desenho-frase-infantil-promovido-pelo-poder-judiciario-e-secretaria-de-educacao-de-adamantina-esta-na-etapa-de-votacao-do-publico\/#breadcrumb","itemListElement":[{"@type":"ListItem","position":1,"name":"In\u00edcio","item":"https:\/\/radiolifefm.com.br\/noticias\/"},{"@type":"ListItem","position":2,"name":"4\u00ba Concurso de Desenho\/Frase Infantil promovido pelo Poder Judici\u00e1rio e Secretaria de Educa\u00e7\u00e3o de Adamantina est\u00e1 na etapa de vota\u00e7\u00e3o do p\u00fablico"}]},{"@type":"WebSite","@id":"https:\/\/radiolifefm.com.br\/noticias\/#website","url":"https:\/\/radiolifefm.com.br\/noticias\/","name":"R\u00e1dio Life FM","description":"O Portal de Not\u00edcias de Adamantina","publisher":{"@id":"https:\/\/radiolifefm.com.br\/noticias\/#organization"},"alternateName":"Life FM","potentialAction":[{"@type":"SearchAction","target":{"@type":"EntryPoint","urlTemplate":"https:\/\/radiolifefm.com.br\/noticias\/?s={search_term_string}"},"query-input":{"@type":"PropertyValueSpecification","valueRequired":true,"valueName":"search_term_string"}}],"inLanguage":"pt-BR"},{"@type":"Organization","@id":"https:\/\/radiolifefm.com.br\/noticias\/#organization","name":"R\u00e1dio Life FM","alternateName":"Life FM","url":"https:\/\/radiolifefm.com.br\/noticias\/","logo":{"@type":"ImageObject","inLanguage":"pt-BR","@id":"https:\/\/radiolifefm.com.br\/noticias\/#\/schema\/logo\/image\/","url":"https:\/\/static.radiolifefm.com.br\/noticias\/wp-content\/uploads\/2019\/10\/logo-lifefm.png","contentUrl":"https:\/\/static.radiolifefm.com.br\/noticias\/wp-content\/uploads\/2019\/10\/logo-lifefm.png","width":196,"height":47,"caption":"R\u00e1dio Life FM"},"image":{"@id":"https:\/\/radiolifefm.com.br\/noticias\/#\/schema\/logo\/image\/"},"sameAs":["https:\/\/www.facebook.com\/radiolifefm\/","https:\/\/www.instagram.com\/life1079fm\/"]},{"@type":"Person","@id":"https:\/\/radiolifefm.com.br\/noticias\/#\/schema\/person\/6339b9fac59d12b071dec680d7375d87","name":"ritanery","image":{"@type":"ImageObject","inLanguage":"pt-BR","@id":"https:\/\/secure.gravatar.com\/avatar\/0e37bb19071f47c0b8a23f62a903df117c5a0e75f65a0c2901562f97cd41cf86?s=96&d=mm&r=g","url":"https:\/\/secure.gravatar.com\/avatar\/0e37bb19071f47c0b8a23f62a903df117c5a0e75f65a0c2901562f97cd41cf86?s=96&d=mm&r=g","contentUrl":"https:\/\/secure.gravatar.com\/avatar\/0e37bb19071f47c0b8a23f62a903df117c5a0e75f65a0c2901562f97cd41cf86?s=96&d=mm&r=g","caption":"ritanery"}}]}},"amp_enabled":true,"_links":{"self":[{"href":"https:\/\/radiolifefm.com.br\/noticias\/wp-json\/wp\/v2\/posts\/60429","targetHints":{"allow":["GET"]}}],"collection":[{"href":"https:\/\/radiolifefm.com.br\/noticias\/wp-json\/wp\/v2\/posts"}],"about":[{"href":"https:\/\/radiolifefm.com.br\/noticias\/wp-json\/wp\/v2\/types\/post"}],"author":[{"embeddable":true,"href":"https:\/\/radiolifefm.com.br\/noticias\/wp-json\/wp\/v2\/users\/13"}],"replies":[{"embeddable":true,"href":"https:\/\/radiolifefm.com.br\/noticias\/wp-json\/wp\/v2\/comments?post=60429"}],"version-history":[{"count":4,"href":"https:\/\/radiolifefm.com.br\/noticias\/wp-json\/wp\/v2\/posts\/60429\/revisions"}],"predecessor-version":[{"id":60434,"href":"https:\/\/radiolifefm.com.br\/noticias\/wp-json\/wp\/v2\/posts\/60429\/revisions\/60434"}],"wp:featuredmedia":[{"embeddable":true,"href":"https:\/\/radiolifefm.com.br\/noticias\/wp-json\/wp\/v2\/media\/60430"}],"wp:attachment":[{"href":"https:\/\/radiolifefm.com.br\/noticias\/wp-json\/wp\/v2\/media?parent=60429"}],"wp:term":[{"taxonomy":"category","embeddable":true,"href":"https:\/\/radiolifefm.com.br\/noticias\/wp-json\/wp\/v2\/categories?post=60429"},{"taxonomy":"post_tag","embeddable":true,"href":"https:\/\/radiolifefm.com.br\/noticias\/wp-json\/wp\/v2\/tags?post=60429"}],"curies":[{"name":"wp","href":"https:\/\/api.w.org\/{rel}","templated":true}]}}