{"id":60260,"date":"2022-10-31T08:07:41","date_gmt":"2022-10-31T11:07:41","guid":{"rendered":"https:\/\/radiolifefm.com.br\/noticias\/?p=60260"},"modified":"2026-04-08T17:24:17","modified_gmt":"2026-04-08T20:24:17","slug":"vao-de-retro-mentes-mediocres-provincianas","status":"publish","type":"post","link":"https:\/\/radiolifefm.com.br\/noticias\/vao-de-retro-mentes-mediocres-provincianas\/","title":{"rendered":"\u201cV\u00e3o de retro\u201d MENTES MED\u00cdOCRES provincianas&#8230;"},"content":{"rendered":"<div id=\"fb-root\"><\/div>\n<p><strong>\u00a0\u201cPodemos tentar evitar de fazer escolhas atrav\u00e9s de n\u00e3o fazermos nada, mas mesmo isso \u00e9 uma decis\u00e3o.\u201d (<\/strong><a href=\"https:\/\/www.pensador.com\/autor\/gary_collins\/\"><strong>Gary Collins<\/strong><\/a><strong>)<\/strong><\/p>\n<p><strong>\u00a0<\/strong><\/p>\n<p><strong>S\u00e9rgio Barbosa (*)<\/strong><\/p>\n<p>Mais uma vez, n\u00e3o tem como deixar de lado o RESULTADO destas elei\u00e7\u00f5es em n\u00edvel de PROV\u00cdNCIA DO FAZ DE CONTA, tendo em vista os resultados que ocorreram com os candidatos&#8230;<\/p>\n<p>Por\u00e9m, antes de qualquer REFLEX\u00c3O CR\u00cdTICA, se bem que neste cen\u00e1rio provinciano, n\u00e3o se pode esperar muito nesta \u00e1rea, considerando o contexto em n\u00edvel GLOCAL, ou seja, do GLOBAL (nacional) para o LOCAL (prov\u00edncia)&#8230;<\/p>\n<p>Nestes \u00faltimos SEIS ANOS, ou seja, depois do GOLPE pra cima da DILMA com aquele VAMPIRO e sua turma de aloprado\/as, ainda, com apoio do PIG-Partido da Imprensa Golpista, bem como, do PODER ECON\u00d4MICO, pode-se destacar que s\u00f3 ocorreram RETROCESSO em todas as \u00e1reas&#8230;<\/p>\n<p>Isso \u00e9, menos para a turma do AGRONEG\u00d3CIOS e os eternos BANQUEIROS com seus BANCOS e outros investimentos em busca do LUCRO pelo LUCRO com mais LUCRO&#8230;<\/p>\n<p>Mas, como EXPLICAR tais n\u00fameros, a saber: BOZZONARO\/GENOCIDA com mais de 14 MIL VOTOS e o representante da DEMOCRACIA com 5.122 votos favor\u00e1veis, ainda, mais de MIL VOTOS nulos, ainda, 746 VOTOS BRANCOS e lamentavelmente, 6.574 eleitores\/as n\u00e3o participaram desta ELEI\u00c7\u00c3O em segundo turno&#8230;<\/p>\n<p>Desta forma, torna-se fundamental registrar que as famigeradas MENTES MED\u00cdOCRES continuaram seguindo o COISO com seus COISOS com COISAS, entretanto, est\u00e3o precisando tomar aquele rem\u00e9dio, o tal BIOT\u00d5NICO para dar um refor\u00e7o na MEM\u00d3RIA, haja vista as mais de 600 MIL MORTES no per\u00edodo da PANDEMIA e ponto quase final&#8230;<\/p>\n<p>Ainda, as MORTES decorrentes da PANDEMIA continuam levando mais PESSOAS, assim, VOC\u00ca que votou no COISO, est\u00e1 mais do que nunca validando este DESGOVERNO BOZZONARO, por\u00e9m, em fase de AGONIA nestes dois \u00faltimos meses deste ano&#8230;<\/p>\n<p>De um jeito ou de outro, espera-se que tais MENTES MED\u00cdOCRES possam colocar suas contradi\u00e7\u00f5es sobre suas pseudo ESCOLHAS nestes \u00faltimos meses, tendo em vista que foram patrocinadas pela DESINFORMA\u00c7\u00c3O que dominou por meio das FAKE NEWS as REDES SOCIAIS&#8230;<\/p>\n<p>Ah! Estava esquecendo de registrar a ESCOLHA destas MENTES MED\u00cdOCRES quanto ao GOVERNO DO ESTADO DE S\u00c3O PAULO, pois, a prefer\u00eancia foi pelo MILICIANO que apareceu sem mais e com muito menos, portanto, mais uma vez, o PROFESSOR perdeu&#8230;<\/p>\n<p>QUEM SOBREVIVER VAI SABER&#8230;<\/p>\n<p><strong>_________________________________<\/strong><\/p>\n<p><strong>(*) jornalista diplomado e professor universit\u00e1rio.<\/strong><\/p>\n<p><strong>e-mail: <\/strong><a href=\"mailto:barbosa.sebar@gmail.com\"><strong>barbosa.sebar@gmail.com<\/strong><\/a><\/p>\n","protected":false},"excerpt":{"rendered":"<p>\u00a0\u201cPodemos tentar evitar de fazer escolhas atrav\u00e9s de n\u00e3o fazermos nada, mas mesmo isso \u00e9 uma decis\u00e3o.\u201d (Gary Collins) \u00a0 S\u00e9rgio Barbosa (*) Mais uma vez, n\u00e3o tem como deixar de lado o RESULTADO destas elei\u00e7\u00f5es em n\u00edvel de PROV\u00cdNCIA DO FAZ DE CONTA, tendo em vista os resultados que ocorreram com os candidatos&#8230; Por\u00e9m, [&hellip;]<\/p>\n","protected":false},"author":13,"featured_media":51988,"comment_status":"closed","ping_status":"open","sticky":false,"template":"","format":"standard","meta":{"_acf_changed":false,"_exactmetrics_skip_tracking":false,"_exactmetrics_sitenote_active":false,"_exactmetrics_sitenote_note":"","_exactmetrics_sitenote_category":0,"footnotes":""},"categories":[59],"tags":[],"class_list":["post-60260","post","type-post","status-publish","format-standard","has-post-thumbnail","hentry","category-opiniao"],"acf":[],"yoast_head":"<!-- This site is optimized with the Yoast SEO plugin v27.2 - https:\/\/yoast.com\/product\/yoast-seo-wordpress\/ -->\n<title>\u201cV\u00e3o de retro\u201d MENTES MED\u00cdOCRES provincianas... - R\u00e1dio Life FM<\/title>\n<meta name=\"robots\" content=\"index, follow, max-snippet:-1, max-image-preview:large, max-video-preview:-1\" \/>\n<link rel=\"canonical\" href=\"https:\/\/radiolifefm.com.br\/noticias\/vao-de-retro-mentes-mediocres-provincianas\/\" \/>\n<meta property=\"og:locale\" content=\"pt_BR\" \/>\n<meta property=\"og:type\" content=\"article\" \/>\n<meta property=\"og:title\" content=\"\u201cV\u00e3o de retro\u201d MENTES MED\u00cdOCRES provincianas... - R\u00e1dio Life FM\" \/>\n<meta property=\"og:description\" content=\"\u00a0\u201cPodemos tentar evitar de fazer escolhas atrav\u00e9s de n\u00e3o fazermos nada, mas mesmo isso \u00e9 uma decis\u00e3o.\u201d (Gary Collins) \u00a0 S\u00e9rgio Barbosa (*) Mais uma vez, n\u00e3o tem como deixar de lado o RESULTADO destas elei\u00e7\u00f5es em n\u00edvel de PROV\u00cdNCIA DO FAZ DE CONTA, tendo em vista os resultados que ocorreram com os candidatos&#8230; Por\u00e9m, [&hellip;]\" \/>\n<meta property=\"og:url\" content=\"https:\/\/radiolifefm.com.br\/noticias\/vao-de-retro-mentes-mediocres-provincianas\/\" \/>\n<meta property=\"og:site_name\" content=\"R\u00e1dio Life FM\" \/>\n<meta property=\"article:publisher\" content=\"https:\/\/www.facebook.com\/radiolifefm\/\" \/>\n<meta property=\"article:published_time\" content=\"2022-10-31T11:07:41+00:00\" \/>\n<meta property=\"article:modified_time\" content=\"2026-04-08T20:24:17+00:00\" \/>\n<meta property=\"og:image\" content=\"https:\/\/radiolifefm.com.br\/noticias\/wp-content\/uploads\/2022\/04\/WhatsApp-Image-2022-04-10-at-18.43.02.jpeg\" \/>\n\t<meta property=\"og:image:width\" content=\"972\" \/>\n\t<meta property=\"og:image:height\" content=\"1296\" \/>\n\t<meta property=\"og:image:type\" content=\"image\/jpeg\" \/>\n<meta name=\"author\" content=\"ritanery\" \/>\n<meta name=\"twitter:card\" content=\"summary_large_image\" \/>\n<meta name=\"twitter:label1\" content=\"Escrito por\" \/>\n\t<meta name=\"twitter:data1\" content=\"ritanery\" \/>\n\t<meta name=\"twitter:label2\" content=\"Est. tempo de leitura\" \/>\n\t<meta name=\"twitter:data2\" content=\"3 minutos\" \/>\n<script type=\"application\/ld+json\" class=\"yoast-schema-graph\">{\"@context\":\"https:\/\/schema.org\",\"@graph\":[{\"@type\":\"Article\",\"@id\":\"https:\/\/radiolifefm.com.br\/noticias\/vao-de-retro-mentes-mediocres-provincianas\/#article\",\"isPartOf\":{\"@id\":\"https:\/\/radiolifefm.com.br\/noticias\/vao-de-retro-mentes-mediocres-provincianas\/\"},\"author\":{\"name\":\"ritanery\",\"@id\":\"https:\/\/radiolifefm.com.br\/noticias\/#\/schema\/person\/6339b9fac59d12b071dec680d7375d87\"},\"headline\":\"\u201cV\u00e3o de retro\u201d MENTES MED\u00cdOCRES provincianas&#8230;\",\"datePublished\":\"2022-10-31T11:07:41+00:00\",\"dateModified\":\"2026-04-08T20:24:17+00:00\",\"mainEntityOfPage\":{\"@id\":\"https:\/\/radiolifefm.com.br\/noticias\/vao-de-retro-mentes-mediocres-provincianas\/\"},\"wordCount\":420,\"publisher\":{\"@id\":\"https:\/\/radiolifefm.com.br\/noticias\/#organization\"},\"image\":{\"@id\":\"https:\/\/radiolifefm.com.br\/noticias\/vao-de-retro-mentes-mediocres-provincianas\/#primaryimage\"},\"thumbnailUrl\":\"https:\/\/radiolifefm.com.br\/noticias\/wp-content\/uploads\/2022\/04\/WhatsApp-Image-2022-04-10-at-18.43.02.jpeg\",\"articleSection\":[\"Opini\u00e3o\"],\"inLanguage\":\"pt-BR\"},{\"@type\":\"WebPage\",\"@id\":\"https:\/\/radiolifefm.com.br\/noticias\/vao-de-retro-mentes-mediocres-provincianas\/\",\"url\":\"https:\/\/radiolifefm.com.br\/noticias\/vao-de-retro-mentes-mediocres-provincianas\/\",\"name\":\"\u201cV\u00e3o de retro\u201d MENTES MED\u00cdOCRES provincianas... - R\u00e1dio Life FM\",\"isPartOf\":{\"@id\":\"https:\/\/radiolifefm.com.br\/noticias\/#website\"},\"primaryImageOfPage\":{\"@id\":\"https:\/\/radiolifefm.com.br\/noticias\/vao-de-retro-mentes-mediocres-provincianas\/#primaryimage\"},\"image\":{\"@id\":\"https:\/\/radiolifefm.com.br\/noticias\/vao-de-retro-mentes-mediocres-provincianas\/#primaryimage\"},\"thumbnailUrl\":\"https:\/\/radiolifefm.com.br\/noticias\/wp-content\/uploads\/2022\/04\/WhatsApp-Image-2022-04-10-at-18.43.02.jpeg\",\"datePublished\":\"2022-10-31T11:07:41+00:00\",\"dateModified\":\"2026-04-08T20:24:17+00:00\",\"breadcrumb\":{\"@id\":\"https:\/\/radiolifefm.com.br\/noticias\/vao-de-retro-mentes-mediocres-provincianas\/#breadcrumb\"},\"inLanguage\":\"pt-BR\",\"potentialAction\":[{\"@type\":\"ReadAction\",\"target\":[\"https:\/\/radiolifefm.com.br\/noticias\/vao-de-retro-mentes-mediocres-provincianas\/\"]}]},{\"@type\":\"ImageObject\",\"inLanguage\":\"pt-BR\",\"@id\":\"https:\/\/radiolifefm.com.br\/noticias\/vao-de-retro-mentes-mediocres-provincianas\/#primaryimage\",\"url\":\"https:\/\/radiolifefm.com.br\/noticias\/wp-content\/uploads\/2022\/04\/WhatsApp-Image-2022-04-10-at-18.43.02.jpeg\",\"contentUrl\":\"https:\/\/radiolifefm.com.br\/noticias\/wp-content\/uploads\/2022\/04\/WhatsApp-Image-2022-04-10-at-18.43.02.jpeg\",\"width\":972,\"height\":1296,\"caption\":\"S\u00e9rgio Barbosa\"},{\"@type\":\"BreadcrumbList\",\"@id\":\"https:\/\/radiolifefm.com.br\/noticias\/vao-de-retro-mentes-mediocres-provincianas\/#breadcrumb\",\"itemListElement\":[{\"@type\":\"ListItem\",\"position\":1,\"name\":\"In\u00edcio\",\"item\":\"https:\/\/radiolifefm.com.br\/noticias\/\"},{\"@type\":\"ListItem\",\"position\":2,\"name\":\"\u201cV\u00e3o de retro\u201d MENTES MED\u00cdOCRES provincianas&#8230;\"}]},{\"@type\":\"WebSite\",\"@id\":\"https:\/\/radiolifefm.com.br\/noticias\/#website\",\"url\":\"https:\/\/radiolifefm.com.br\/noticias\/\",\"name\":\"R\u00e1dio Life FM\",\"description\":\"O Portal de Not\u00edcias de Adamantina\",\"publisher\":{\"@id\":\"https:\/\/radiolifefm.com.br\/noticias\/#organization\"},\"alternateName\":\"Life FM\",\"potentialAction\":[{\"@type\":\"SearchAction\",\"target\":{\"@type\":\"EntryPoint\",\"urlTemplate\":\"https:\/\/radiolifefm.com.br\/noticias\/?s={search_term_string}\"},\"query-input\":{\"@type\":\"PropertyValueSpecification\",\"valueRequired\":true,\"valueName\":\"search_term_string\"}}],\"inLanguage\":\"pt-BR\"},{\"@type\":\"Organization\",\"@id\":\"https:\/\/radiolifefm.com.br\/noticias\/#organization\",\"name\":\"R\u00e1dio Life FM\",\"alternateName\":\"Life FM\",\"url\":\"https:\/\/radiolifefm.com.br\/noticias\/\",\"logo\":{\"@type\":\"ImageObject\",\"inLanguage\":\"pt-BR\",\"@id\":\"https:\/\/radiolifefm.com.br\/noticias\/#\/schema\/logo\/image\/\",\"url\":\"https:\/\/static.radiolifefm.com.br\/noticias\/wp-content\/uploads\/2019\/10\/logo-lifefm.png\",\"contentUrl\":\"https:\/\/static.radiolifefm.com.br\/noticias\/wp-content\/uploads\/2019\/10\/logo-lifefm.png\",\"width\":196,\"height\":47,\"caption\":\"R\u00e1dio Life FM\"},\"image\":{\"@id\":\"https:\/\/radiolifefm.com.br\/noticias\/#\/schema\/logo\/image\/\"},\"sameAs\":[\"https:\/\/www.facebook.com\/radiolifefm\/\",\"https:\/\/www.instagram.com\/life1079fm\/\"]},{\"@type\":\"Person\",\"@id\":\"https:\/\/radiolifefm.com.br\/noticias\/#\/schema\/person\/6339b9fac59d12b071dec680d7375d87\",\"name\":\"ritanery\",\"image\":{\"@type\":\"ImageObject\",\"inLanguage\":\"pt-BR\",\"@id\":\"https:\/\/secure.gravatar.com\/avatar\/0e37bb19071f47c0b8a23f62a903df117c5a0e75f65a0c2901562f97cd41cf86?s=96&d=mm&r=g\",\"url\":\"https:\/\/secure.gravatar.com\/avatar\/0e37bb19071f47c0b8a23f62a903df117c5a0e75f65a0c2901562f97cd41cf86?s=96&d=mm&r=g\",\"contentUrl\":\"https:\/\/secure.gravatar.com\/avatar\/0e37bb19071f47c0b8a23f62a903df117c5a0e75f65a0c2901562f97cd41cf86?s=96&d=mm&r=g\",\"caption\":\"ritanery\"}}]}<\/script>\n<!-- \/ Yoast SEO plugin. -->","yoast_head_json":{"title":"\u201cV\u00e3o de retro\u201d MENTES MED\u00cdOCRES provincianas... - R\u00e1dio Life FM","robots":{"index":"index","follow":"follow","max-snippet":"max-snippet:-1","max-image-preview":"max-image-preview:large","max-video-preview":"max-video-preview:-1"},"canonical":"https:\/\/radiolifefm.com.br\/noticias\/vao-de-retro-mentes-mediocres-provincianas\/","og_locale":"pt_BR","og_type":"article","og_title":"\u201cV\u00e3o de retro\u201d MENTES MED\u00cdOCRES provincianas... - R\u00e1dio Life FM","og_description":"\u00a0\u201cPodemos tentar evitar de fazer escolhas atrav\u00e9s de n\u00e3o fazermos nada, mas mesmo isso \u00e9 uma decis\u00e3o.\u201d (Gary Collins) \u00a0 S\u00e9rgio Barbosa (*) Mais uma vez, n\u00e3o tem como deixar de lado o RESULTADO destas elei\u00e7\u00f5es em n\u00edvel de PROV\u00cdNCIA DO FAZ DE CONTA, tendo em vista os resultados que ocorreram com os candidatos&#8230; Por\u00e9m, [&hellip;]","og_url":"https:\/\/radiolifefm.com.br\/noticias\/vao-de-retro-mentes-mediocres-provincianas\/","og_site_name":"R\u00e1dio Life FM","article_publisher":"https:\/\/www.facebook.com\/radiolifefm\/","article_published_time":"2022-10-31T11:07:41+00:00","article_modified_time":"2026-04-08T20:24:17+00:00","og_image":[{"width":972,"height":1296,"url":"https:\/\/radiolifefm.com.br\/noticias\/wp-content\/uploads\/2022\/04\/WhatsApp-Image-2022-04-10-at-18.43.02.jpeg","type":"image\/jpeg"}],"author":"ritanery","twitter_card":"summary_large_image","twitter_misc":{"Escrito por":"ritanery","Est. tempo de leitura":"3 minutos"},"schema":{"@context":"https:\/\/schema.org","@graph":[{"@type":"Article","@id":"https:\/\/radiolifefm.com.br\/noticias\/vao-de-retro-mentes-mediocres-provincianas\/#article","isPartOf":{"@id":"https:\/\/radiolifefm.com.br\/noticias\/vao-de-retro-mentes-mediocres-provincianas\/"},"author":{"name":"ritanery","@id":"https:\/\/radiolifefm.com.br\/noticias\/#\/schema\/person\/6339b9fac59d12b071dec680d7375d87"},"headline":"\u201cV\u00e3o de retro\u201d MENTES MED\u00cdOCRES provincianas&#8230;","datePublished":"2022-10-31T11:07:41+00:00","dateModified":"2026-04-08T20:24:17+00:00","mainEntityOfPage":{"@id":"https:\/\/radiolifefm.com.br\/noticias\/vao-de-retro-mentes-mediocres-provincianas\/"},"wordCount":420,"publisher":{"@id":"https:\/\/radiolifefm.com.br\/noticias\/#organization"},"image":{"@id":"https:\/\/radiolifefm.com.br\/noticias\/vao-de-retro-mentes-mediocres-provincianas\/#primaryimage"},"thumbnailUrl":"https:\/\/radiolifefm.com.br\/noticias\/wp-content\/uploads\/2022\/04\/WhatsApp-Image-2022-04-10-at-18.43.02.jpeg","articleSection":["Opini\u00e3o"],"inLanguage":"pt-BR"},{"@type":"WebPage","@id":"https:\/\/radiolifefm.com.br\/noticias\/vao-de-retro-mentes-mediocres-provincianas\/","url":"https:\/\/radiolifefm.com.br\/noticias\/vao-de-retro-mentes-mediocres-provincianas\/","name":"\u201cV\u00e3o de retro\u201d MENTES MED\u00cdOCRES provincianas... - R\u00e1dio Life FM","isPartOf":{"@id":"https:\/\/radiolifefm.com.br\/noticias\/#website"},"primaryImageOfPage":{"@id":"https:\/\/radiolifefm.com.br\/noticias\/vao-de-retro-mentes-mediocres-provincianas\/#primaryimage"},"image":{"@id":"https:\/\/radiolifefm.com.br\/noticias\/vao-de-retro-mentes-mediocres-provincianas\/#primaryimage"},"thumbnailUrl":"https:\/\/radiolifefm.com.br\/noticias\/wp-content\/uploads\/2022\/04\/WhatsApp-Image-2022-04-10-at-18.43.02.jpeg","datePublished":"2022-10-31T11:07:41+00:00","dateModified":"2026-04-08T20:24:17+00:00","breadcrumb":{"@id":"https:\/\/radiolifefm.com.br\/noticias\/vao-de-retro-mentes-mediocres-provincianas\/#breadcrumb"},"inLanguage":"pt-BR","potentialAction":[{"@type":"ReadAction","target":["https:\/\/radiolifefm.com.br\/noticias\/vao-de-retro-mentes-mediocres-provincianas\/"]}]},{"@type":"ImageObject","inLanguage":"pt-BR","@id":"https:\/\/radiolifefm.com.br\/noticias\/vao-de-retro-mentes-mediocres-provincianas\/#primaryimage","url":"https:\/\/radiolifefm.com.br\/noticias\/wp-content\/uploads\/2022\/04\/WhatsApp-Image-2022-04-10-at-18.43.02.jpeg","contentUrl":"https:\/\/radiolifefm.com.br\/noticias\/wp-content\/uploads\/2022\/04\/WhatsApp-Image-2022-04-10-at-18.43.02.jpeg","width":972,"height":1296,"caption":"S\u00e9rgio Barbosa"},{"@type":"BreadcrumbList","@id":"https:\/\/radiolifefm.com.br\/noticias\/vao-de-retro-mentes-mediocres-provincianas\/#breadcrumb","itemListElement":[{"@type":"ListItem","position":1,"name":"In\u00edcio","item":"https:\/\/radiolifefm.com.br\/noticias\/"},{"@type":"ListItem","position":2,"name":"\u201cV\u00e3o de retro\u201d MENTES MED\u00cdOCRES provincianas&#8230;"}]},{"@type":"WebSite","@id":"https:\/\/radiolifefm.com.br\/noticias\/#website","url":"https:\/\/radiolifefm.com.br\/noticias\/","name":"R\u00e1dio Life FM","description":"O Portal de Not\u00edcias de Adamantina","publisher":{"@id":"https:\/\/radiolifefm.com.br\/noticias\/#organization"},"alternateName":"Life FM","potentialAction":[{"@type":"SearchAction","target":{"@type":"EntryPoint","urlTemplate":"https:\/\/radiolifefm.com.br\/noticias\/?s={search_term_string}"},"query-input":{"@type":"PropertyValueSpecification","valueRequired":true,"valueName":"search_term_string"}}],"inLanguage":"pt-BR"},{"@type":"Organization","@id":"https:\/\/radiolifefm.com.br\/noticias\/#organization","name":"R\u00e1dio Life FM","alternateName":"Life FM","url":"https:\/\/radiolifefm.com.br\/noticias\/","logo":{"@type":"ImageObject","inLanguage":"pt-BR","@id":"https:\/\/radiolifefm.com.br\/noticias\/#\/schema\/logo\/image\/","url":"https:\/\/static.radiolifefm.com.br\/noticias\/wp-content\/uploads\/2019\/10\/logo-lifefm.png","contentUrl":"https:\/\/static.radiolifefm.com.br\/noticias\/wp-content\/uploads\/2019\/10\/logo-lifefm.png","width":196,"height":47,"caption":"R\u00e1dio Life FM"},"image":{"@id":"https:\/\/radiolifefm.com.br\/noticias\/#\/schema\/logo\/image\/"},"sameAs":["https:\/\/www.facebook.com\/radiolifefm\/","https:\/\/www.instagram.com\/life1079fm\/"]},{"@type":"Person","@id":"https:\/\/radiolifefm.com.br\/noticias\/#\/schema\/person\/6339b9fac59d12b071dec680d7375d87","name":"ritanery","image":{"@type":"ImageObject","inLanguage":"pt-BR","@id":"https:\/\/secure.gravatar.com\/avatar\/0e37bb19071f47c0b8a23f62a903df117c5a0e75f65a0c2901562f97cd41cf86?s=96&d=mm&r=g","url":"https:\/\/secure.gravatar.com\/avatar\/0e37bb19071f47c0b8a23f62a903df117c5a0e75f65a0c2901562f97cd41cf86?s=96&d=mm&r=g","contentUrl":"https:\/\/secure.gravatar.com\/avatar\/0e37bb19071f47c0b8a23f62a903df117c5a0e75f65a0c2901562f97cd41cf86?s=96&d=mm&r=g","caption":"ritanery"}}]}},"amp_enabled":true,"_links":{"self":[{"href":"https:\/\/radiolifefm.com.br\/noticias\/wp-json\/wp\/v2\/posts\/60260","targetHints":{"allow":["GET"]}}],"collection":[{"href":"https:\/\/radiolifefm.com.br\/noticias\/wp-json\/wp\/v2\/posts"}],"about":[{"href":"https:\/\/radiolifefm.com.br\/noticias\/wp-json\/wp\/v2\/types\/post"}],"author":[{"embeddable":true,"href":"https:\/\/radiolifefm.com.br\/noticias\/wp-json\/wp\/v2\/users\/13"}],"replies":[{"embeddable":true,"href":"https:\/\/radiolifefm.com.br\/noticias\/wp-json\/wp\/v2\/comments?post=60260"}],"version-history":[{"count":1,"href":"https:\/\/radiolifefm.com.br\/noticias\/wp-json\/wp\/v2\/posts\/60260\/revisions"}],"predecessor-version":[{"id":60261,"href":"https:\/\/radiolifefm.com.br\/noticias\/wp-json\/wp\/v2\/posts\/60260\/revisions\/60261"}],"wp:featuredmedia":[{"embeddable":true,"href":"https:\/\/radiolifefm.com.br\/noticias\/wp-json\/wp\/v2\/media\/51988"}],"wp:attachment":[{"href":"https:\/\/radiolifefm.com.br\/noticias\/wp-json\/wp\/v2\/media?parent=60260"}],"wp:term":[{"taxonomy":"category","embeddable":true,"href":"https:\/\/radiolifefm.com.br\/noticias\/wp-json\/wp\/v2\/categories?post=60260"},{"taxonomy":"post_tag","embeddable":true,"href":"https:\/\/radiolifefm.com.br\/noticias\/wp-json\/wp\/v2\/tags?post=60260"}],"curies":[{"name":"wp","href":"https:\/\/api.w.org\/{rel}","templated":true}]}}