{"id":60091,"date":"2022-10-26T08:18:08","date_gmt":"2022-10-26T11:18:08","guid":{"rendered":"https:\/\/radiolifefm.com.br\/noticias\/?p=60091"},"modified":"2026-04-21T04:01:35","modified_gmt":"2026-04-21T07:01:35","slug":"voce-escolhe-retrocesso-ou-desenvolvimento","status":"publish","type":"post","link":"https:\/\/radiolifefm.com.br\/noticias\/voce-escolhe-retrocesso-ou-desenvolvimento\/","title":{"rendered":"Voc\u00ea escolhe: Retrocesso ou Desenvolvimento?"},"content":{"rendered":"<div id=\"fb-root\"><\/div>\n<p><strong><em>\u00a0\u201cPol\u00edtica \u00e9 quase t\u00e3o excitante quanto a guerra, e quase t\u00e3o perigosa. Na guerra, voc\u00ea s\u00f3 pode ser morto uma vez, mas, em pol\u00edtica, muitas vezes.\u201d (Winston Churchill)<\/em><\/strong><\/p>\n<p><strong>\u00a0<\/strong><\/p>\n<p><strong>S\u00e9rgio Barbosa (*)<\/strong><\/p>\n<p>Neste domingo, 30, estar\u00e3o ocorrendo nos quatro cantos deste PA\u00cdS DO FAZ DE CONTA, mais um turno, ou seja, a SEGUNDA ETAPA para a escolha entre aquele que investiu os \u00faltimos 4 anos no RETROCESSO e a outra PROPOSTA DE GOVERNO, neste caso, no DESENVOLVIMENTO para estar em SINTONIA com as necessidades da popula\u00e7\u00e3o em geral&#8230;<\/p>\n<p>Entretanto, neste PRIMEIRO TURNO, mais de 130 mil MENTES MED\u00cdOCRES espalhadas na denominada regi\u00e3o da NOVA ALTA PAULISTA, escolheram estar do lado daquele que trabalhou contra a VACINA desde o in\u00edcio da PANDEMIA, ou seja, um n\u00famero expressivo de APOIADORES\/AS deste DESGOVERNO BOZZONARO&#8230;<\/p>\n<p>Tai ESCOLHA \u00e9 mais do que LAMENT\u00c1VEL, tendo em vista que forma mais de 600 MIL MORTES nestes mais de dois anos de PANDEMIA, ainda, existem PROV\u00cdNCIAS da regi\u00e3o que VOTARAM quase que INTEGRALMENTE naquele que sempre defendeu a MORTE e assim por diante&#8230;<\/p>\n<p>Nestes OCASOS de um TALVEZ e ponto quase final, haja vista que neste DOMINGO, 30, ainda, existe uma CHANCE para que tais MENTES MED\u00cdOCRES fa\u00e7am apenas uma \u00fanica reflex\u00e3o cr\u00edtica, a saber: SER\u00c1 QUE VOC\u00ca N\u00c3O TEVE UM FAMILIAR, AMIGO\/A, COLEGA DE TRABALHO que partiu para o outro tempo deste tempo por causa da demora da VACINA?<\/p>\n<p>Se bem que na MAIORIA destes casos, tais defensores\/as do COISO com suas COISAS, continuam acreditando nas idas e vindas patrocinadas pelos famigerados FAKE NEWS que s\u00e3o distribu\u00eddos de forma MASSIVA pela EQUIPE e apoiadores\/as do GENOCIDA&#8230;<\/p>\n<p>Pra n\u00e3o esquecer, este ARTIGO OPINATIVO representa o pensamento deste ARTICULISTA, bem como, dos 68.216 eleitores\/as que VOTARAM contra o RETROCESSO em n\u00edvel REGIONAL, por\u00e9m, acreditando que ainda existe uma PORTA para o PROGRESSO em n\u00edvel NACIONAL&#8230;<\/p>\n<p>Mas, como sempre, tais PALAVRAS apenas REFOR\u00c7AM o velho dito popular, ou seja, DAR MURRO EM PONTA DA FACA, entretanto, faz-se necess\u00e1rio tal REFLEX\u00c3O CR\u00cdTICA em cima de N\u00daMEROS EFETIVOS do resultado deste primeiro turno, bem como, das MORTES que ocorreram na PANDEMIA e assim por diante&#8230;<\/p>\n<p>Mesmo assim, aproveite este momento para fazer as suas CONSIDERA\u00c7\u00d5ES sobre a REALIDADE do momento, quando tudo est\u00e1 andando para tr\u00e1s neste PA\u00cdS DO FAZ DE CONTA, menos para a turma do AGRONEG\u00d3CIOS e BANQUEIROS&#8230;<\/p>\n<p>Tamb\u00e9m, aqueles\/as que se colocam acima do BEM e do MAL quando usam e abusam da sua F\u00c9 CRIST\u00c3 como se a mesma fosse a \u00daNICA VERDADE existente, por\u00e9m, acredito que s\u00e3o MASSAS DE MANOBRA dos\/as pseudos\/as PASTORES\/ASOBRA, ainda, com certeza nunca leram o livro AS BELAS MENTIRAS&#8230;<\/p>\n<p>Todavia, recomendo para estes pseudos CRIST\u00c3OS, um outro livro, talvez mais de acordo com suas VERDADES travestidas de MENTIRAS ou vice-versa, a saber: AS ARMAS IDEOL\u00d3GICAS DA MORTE&#8230;<\/p>\n<p>QUEM SOBREVIVER VAI SABER&#8230;<\/p>\n<p><strong><em>_________________________<\/em><\/strong><\/p>\n<p><strong><em>(*) jornalista diplomado e professor universit\u00e1rio.<\/em><\/strong><\/p>\n<p><strong><em>e-mail: <\/em><\/strong><a href=\"mailto:barbosa.sebar@gmail.com\"><strong><em>barbosa.sebar@gmail.com<\/em><\/strong><\/a><\/p>\n<p><strong><em>\u00a0<\/em><\/strong><\/p>\n<p>&nbsp;<\/p>\n<p>&nbsp;<\/p>\n","protected":false},"excerpt":{"rendered":"<p>\u00a0\u201cPol\u00edtica \u00e9 quase t\u00e3o excitante quanto a guerra, e quase t\u00e3o perigosa. Na guerra, voc\u00ea s\u00f3 pode ser morto uma vez, mas, em pol\u00edtica, muitas vezes.\u201d (Winston Churchill) \u00a0 S\u00e9rgio Barbosa (*) Neste domingo, 30, estar\u00e3o ocorrendo nos quatro cantos deste PA\u00cdS DO FAZ DE CONTA, mais um turno, ou seja, a SEGUNDA ETAPA para [&hellip;]<\/p>\n","protected":false},"author":13,"featured_media":51988,"comment_status":"closed","ping_status":"open","sticky":false,"template":"","format":"standard","meta":{"_acf_changed":false,"_exactmetrics_skip_tracking":false,"_exactmetrics_sitenote_active":false,"_exactmetrics_sitenote_note":"","_exactmetrics_sitenote_category":0,"footnotes":""},"categories":[59],"tags":[],"class_list":["post-60091","post","type-post","status-publish","format-standard","has-post-thumbnail","hentry","category-opiniao"],"acf":[],"yoast_head":"<!-- This site is optimized with the Yoast SEO plugin v27.2 - https:\/\/yoast.com\/product\/yoast-seo-wordpress\/ -->\n<title>Voc\u00ea escolhe: Retrocesso ou Desenvolvimento? - R\u00e1dio Life FM<\/title>\n<meta name=\"robots\" content=\"index, follow, max-snippet:-1, max-image-preview:large, max-video-preview:-1\" \/>\n<link rel=\"canonical\" href=\"https:\/\/radiolifefm.com.br\/noticias\/voce-escolhe-retrocesso-ou-desenvolvimento\/\" \/>\n<meta property=\"og:locale\" content=\"pt_BR\" \/>\n<meta property=\"og:type\" content=\"article\" \/>\n<meta property=\"og:title\" content=\"Voc\u00ea escolhe: Retrocesso ou Desenvolvimento? - R\u00e1dio Life FM\" \/>\n<meta property=\"og:description\" content=\"\u00a0\u201cPol\u00edtica \u00e9 quase t\u00e3o excitante quanto a guerra, e quase t\u00e3o perigosa. Na guerra, voc\u00ea s\u00f3 pode ser morto uma vez, mas, em pol\u00edtica, muitas vezes.\u201d (Winston Churchill) \u00a0 S\u00e9rgio Barbosa (*) Neste domingo, 30, estar\u00e3o ocorrendo nos quatro cantos deste PA\u00cdS DO FAZ DE CONTA, mais um turno, ou seja, a SEGUNDA ETAPA para [&hellip;]\" \/>\n<meta property=\"og:url\" content=\"https:\/\/radiolifefm.com.br\/noticias\/voce-escolhe-retrocesso-ou-desenvolvimento\/\" \/>\n<meta property=\"og:site_name\" content=\"R\u00e1dio Life FM\" \/>\n<meta property=\"article:publisher\" content=\"https:\/\/www.facebook.com\/radiolifefm\/\" \/>\n<meta property=\"article:published_time\" content=\"2022-10-26T11:18:08+00:00\" \/>\n<meta property=\"article:modified_time\" content=\"2026-04-21T07:01:35+00:00\" \/>\n<meta property=\"og:image\" content=\"https:\/\/radiolifefm.com.br\/noticias\/wp-content\/uploads\/2022\/04\/WhatsApp-Image-2022-04-10-at-18.43.02.jpeg\" \/>\n\t<meta property=\"og:image:width\" content=\"972\" \/>\n\t<meta property=\"og:image:height\" content=\"1296\" \/>\n\t<meta property=\"og:image:type\" content=\"image\/jpeg\" \/>\n<meta name=\"author\" content=\"ritanery\" \/>\n<meta name=\"twitter:card\" content=\"summary_large_image\" \/>\n<meta name=\"twitter:label1\" content=\"Escrito por\" \/>\n\t<meta name=\"twitter:data1\" content=\"ritanery\" \/>\n\t<meta name=\"twitter:label2\" content=\"Est. tempo de leitura\" \/>\n\t<meta name=\"twitter:data2\" content=\"3 minutos\" \/>\n<script type=\"application\/ld+json\" class=\"yoast-schema-graph\">{\"@context\":\"https:\/\/schema.org\",\"@graph\":[{\"@type\":\"Article\",\"@id\":\"https:\/\/radiolifefm.com.br\/noticias\/voce-escolhe-retrocesso-ou-desenvolvimento\/#article\",\"isPartOf\":{\"@id\":\"https:\/\/radiolifefm.com.br\/noticias\/voce-escolhe-retrocesso-ou-desenvolvimento\/\"},\"author\":{\"name\":\"ritanery\",\"@id\":\"https:\/\/radiolifefm.com.br\/noticias\/#\/schema\/person\/6339b9fac59d12b071dec680d7375d87\"},\"headline\":\"Voc\u00ea escolhe: Retrocesso ou Desenvolvimento?\",\"datePublished\":\"2022-10-26T11:18:08+00:00\",\"dateModified\":\"2026-04-21T07:01:35+00:00\",\"mainEntityOfPage\":{\"@id\":\"https:\/\/radiolifefm.com.br\/noticias\/voce-escolhe-retrocesso-ou-desenvolvimento\/\"},\"wordCount\":525,\"publisher\":{\"@id\":\"https:\/\/radiolifefm.com.br\/noticias\/#organization\"},\"image\":{\"@id\":\"https:\/\/radiolifefm.com.br\/noticias\/voce-escolhe-retrocesso-ou-desenvolvimento\/#primaryimage\"},\"thumbnailUrl\":\"https:\/\/radiolifefm.com.br\/noticias\/wp-content\/uploads\/2022\/04\/WhatsApp-Image-2022-04-10-at-18.43.02.jpeg\",\"articleSection\":[\"Opini\u00e3o\"],\"inLanguage\":\"pt-BR\"},{\"@type\":\"WebPage\",\"@id\":\"https:\/\/radiolifefm.com.br\/noticias\/voce-escolhe-retrocesso-ou-desenvolvimento\/\",\"url\":\"https:\/\/radiolifefm.com.br\/noticias\/voce-escolhe-retrocesso-ou-desenvolvimento\/\",\"name\":\"Voc\u00ea escolhe: Retrocesso ou Desenvolvimento? - R\u00e1dio Life FM\",\"isPartOf\":{\"@id\":\"https:\/\/radiolifefm.com.br\/noticias\/#website\"},\"primaryImageOfPage\":{\"@id\":\"https:\/\/radiolifefm.com.br\/noticias\/voce-escolhe-retrocesso-ou-desenvolvimento\/#primaryimage\"},\"image\":{\"@id\":\"https:\/\/radiolifefm.com.br\/noticias\/voce-escolhe-retrocesso-ou-desenvolvimento\/#primaryimage\"},\"thumbnailUrl\":\"https:\/\/radiolifefm.com.br\/noticias\/wp-content\/uploads\/2022\/04\/WhatsApp-Image-2022-04-10-at-18.43.02.jpeg\",\"datePublished\":\"2022-10-26T11:18:08+00:00\",\"dateModified\":\"2026-04-21T07:01:35+00:00\",\"breadcrumb\":{\"@id\":\"https:\/\/radiolifefm.com.br\/noticias\/voce-escolhe-retrocesso-ou-desenvolvimento\/#breadcrumb\"},\"inLanguage\":\"pt-BR\",\"potentialAction\":[{\"@type\":\"ReadAction\",\"target\":[\"https:\/\/radiolifefm.com.br\/noticias\/voce-escolhe-retrocesso-ou-desenvolvimento\/\"]}]},{\"@type\":\"ImageObject\",\"inLanguage\":\"pt-BR\",\"@id\":\"https:\/\/radiolifefm.com.br\/noticias\/voce-escolhe-retrocesso-ou-desenvolvimento\/#primaryimage\",\"url\":\"https:\/\/radiolifefm.com.br\/noticias\/wp-content\/uploads\/2022\/04\/WhatsApp-Image-2022-04-10-at-18.43.02.jpeg\",\"contentUrl\":\"https:\/\/radiolifefm.com.br\/noticias\/wp-content\/uploads\/2022\/04\/WhatsApp-Image-2022-04-10-at-18.43.02.jpeg\",\"width\":972,\"height\":1296,\"caption\":\"S\u00e9rgio Barbosa\"},{\"@type\":\"BreadcrumbList\",\"@id\":\"https:\/\/radiolifefm.com.br\/noticias\/voce-escolhe-retrocesso-ou-desenvolvimento\/#breadcrumb\",\"itemListElement\":[{\"@type\":\"ListItem\",\"position\":1,\"name\":\"In\u00edcio\",\"item\":\"https:\/\/radiolifefm.com.br\/noticias\/\"},{\"@type\":\"ListItem\",\"position\":2,\"name\":\"Voc\u00ea escolhe: Retrocesso ou Desenvolvimento?\"}]},{\"@type\":\"WebSite\",\"@id\":\"https:\/\/radiolifefm.com.br\/noticias\/#website\",\"url\":\"https:\/\/radiolifefm.com.br\/noticias\/\",\"name\":\"R\u00e1dio Life FM\",\"description\":\"O Portal de Not\u00edcias de Adamantina\",\"publisher\":{\"@id\":\"https:\/\/radiolifefm.com.br\/noticias\/#organization\"},\"alternateName\":\"Life FM\",\"potentialAction\":[{\"@type\":\"SearchAction\",\"target\":{\"@type\":\"EntryPoint\",\"urlTemplate\":\"https:\/\/radiolifefm.com.br\/noticias\/?s={search_term_string}\"},\"query-input\":{\"@type\":\"PropertyValueSpecification\",\"valueRequired\":true,\"valueName\":\"search_term_string\"}}],\"inLanguage\":\"pt-BR\"},{\"@type\":\"Organization\",\"@id\":\"https:\/\/radiolifefm.com.br\/noticias\/#organization\",\"name\":\"R\u00e1dio Life FM\",\"alternateName\":\"Life FM\",\"url\":\"https:\/\/radiolifefm.com.br\/noticias\/\",\"logo\":{\"@type\":\"ImageObject\",\"inLanguage\":\"pt-BR\",\"@id\":\"https:\/\/radiolifefm.com.br\/noticias\/#\/schema\/logo\/image\/\",\"url\":\"https:\/\/static.radiolifefm.com.br\/noticias\/wp-content\/uploads\/2019\/10\/logo-lifefm.png\",\"contentUrl\":\"https:\/\/static.radiolifefm.com.br\/noticias\/wp-content\/uploads\/2019\/10\/logo-lifefm.png\",\"width\":196,\"height\":47,\"caption\":\"R\u00e1dio Life FM\"},\"image\":{\"@id\":\"https:\/\/radiolifefm.com.br\/noticias\/#\/schema\/logo\/image\/\"},\"sameAs\":[\"https:\/\/www.facebook.com\/radiolifefm\/\",\"https:\/\/www.instagram.com\/life1079fm\/\"]},{\"@type\":\"Person\",\"@id\":\"https:\/\/radiolifefm.com.br\/noticias\/#\/schema\/person\/6339b9fac59d12b071dec680d7375d87\",\"name\":\"ritanery\",\"image\":{\"@type\":\"ImageObject\",\"inLanguage\":\"pt-BR\",\"@id\":\"https:\/\/secure.gravatar.com\/avatar\/0e37bb19071f47c0b8a23f62a903df117c5a0e75f65a0c2901562f97cd41cf86?s=96&d=mm&r=g\",\"url\":\"https:\/\/secure.gravatar.com\/avatar\/0e37bb19071f47c0b8a23f62a903df117c5a0e75f65a0c2901562f97cd41cf86?s=96&d=mm&r=g\",\"contentUrl\":\"https:\/\/secure.gravatar.com\/avatar\/0e37bb19071f47c0b8a23f62a903df117c5a0e75f65a0c2901562f97cd41cf86?s=96&d=mm&r=g\",\"caption\":\"ritanery\"}}]}<\/script>\n<!-- \/ Yoast SEO plugin. -->","yoast_head_json":{"title":"Voc\u00ea escolhe: Retrocesso ou Desenvolvimento? - R\u00e1dio Life FM","robots":{"index":"index","follow":"follow","max-snippet":"max-snippet:-1","max-image-preview":"max-image-preview:large","max-video-preview":"max-video-preview:-1"},"canonical":"https:\/\/radiolifefm.com.br\/noticias\/voce-escolhe-retrocesso-ou-desenvolvimento\/","og_locale":"pt_BR","og_type":"article","og_title":"Voc\u00ea escolhe: Retrocesso ou Desenvolvimento? - R\u00e1dio Life FM","og_description":"\u00a0\u201cPol\u00edtica \u00e9 quase t\u00e3o excitante quanto a guerra, e quase t\u00e3o perigosa. Na guerra, voc\u00ea s\u00f3 pode ser morto uma vez, mas, em pol\u00edtica, muitas vezes.\u201d (Winston Churchill) \u00a0 S\u00e9rgio Barbosa (*) Neste domingo, 30, estar\u00e3o ocorrendo nos quatro cantos deste PA\u00cdS DO FAZ DE CONTA, mais um turno, ou seja, a SEGUNDA ETAPA para [&hellip;]","og_url":"https:\/\/radiolifefm.com.br\/noticias\/voce-escolhe-retrocesso-ou-desenvolvimento\/","og_site_name":"R\u00e1dio Life FM","article_publisher":"https:\/\/www.facebook.com\/radiolifefm\/","article_published_time":"2022-10-26T11:18:08+00:00","article_modified_time":"2026-04-21T07:01:35+00:00","og_image":[{"width":972,"height":1296,"url":"https:\/\/radiolifefm.com.br\/noticias\/wp-content\/uploads\/2022\/04\/WhatsApp-Image-2022-04-10-at-18.43.02.jpeg","type":"image\/jpeg"}],"author":"ritanery","twitter_card":"summary_large_image","twitter_misc":{"Escrito por":"ritanery","Est. tempo de leitura":"3 minutos"},"schema":{"@context":"https:\/\/schema.org","@graph":[{"@type":"Article","@id":"https:\/\/radiolifefm.com.br\/noticias\/voce-escolhe-retrocesso-ou-desenvolvimento\/#article","isPartOf":{"@id":"https:\/\/radiolifefm.com.br\/noticias\/voce-escolhe-retrocesso-ou-desenvolvimento\/"},"author":{"name":"ritanery","@id":"https:\/\/radiolifefm.com.br\/noticias\/#\/schema\/person\/6339b9fac59d12b071dec680d7375d87"},"headline":"Voc\u00ea escolhe: Retrocesso ou Desenvolvimento?","datePublished":"2022-10-26T11:18:08+00:00","dateModified":"2026-04-21T07:01:35+00:00","mainEntityOfPage":{"@id":"https:\/\/radiolifefm.com.br\/noticias\/voce-escolhe-retrocesso-ou-desenvolvimento\/"},"wordCount":525,"publisher":{"@id":"https:\/\/radiolifefm.com.br\/noticias\/#organization"},"image":{"@id":"https:\/\/radiolifefm.com.br\/noticias\/voce-escolhe-retrocesso-ou-desenvolvimento\/#primaryimage"},"thumbnailUrl":"https:\/\/radiolifefm.com.br\/noticias\/wp-content\/uploads\/2022\/04\/WhatsApp-Image-2022-04-10-at-18.43.02.jpeg","articleSection":["Opini\u00e3o"],"inLanguage":"pt-BR"},{"@type":"WebPage","@id":"https:\/\/radiolifefm.com.br\/noticias\/voce-escolhe-retrocesso-ou-desenvolvimento\/","url":"https:\/\/radiolifefm.com.br\/noticias\/voce-escolhe-retrocesso-ou-desenvolvimento\/","name":"Voc\u00ea escolhe: Retrocesso ou Desenvolvimento? - R\u00e1dio Life FM","isPartOf":{"@id":"https:\/\/radiolifefm.com.br\/noticias\/#website"},"primaryImageOfPage":{"@id":"https:\/\/radiolifefm.com.br\/noticias\/voce-escolhe-retrocesso-ou-desenvolvimento\/#primaryimage"},"image":{"@id":"https:\/\/radiolifefm.com.br\/noticias\/voce-escolhe-retrocesso-ou-desenvolvimento\/#primaryimage"},"thumbnailUrl":"https:\/\/radiolifefm.com.br\/noticias\/wp-content\/uploads\/2022\/04\/WhatsApp-Image-2022-04-10-at-18.43.02.jpeg","datePublished":"2022-10-26T11:18:08+00:00","dateModified":"2026-04-21T07:01:35+00:00","breadcrumb":{"@id":"https:\/\/radiolifefm.com.br\/noticias\/voce-escolhe-retrocesso-ou-desenvolvimento\/#breadcrumb"},"inLanguage":"pt-BR","potentialAction":[{"@type":"ReadAction","target":["https:\/\/radiolifefm.com.br\/noticias\/voce-escolhe-retrocesso-ou-desenvolvimento\/"]}]},{"@type":"ImageObject","inLanguage":"pt-BR","@id":"https:\/\/radiolifefm.com.br\/noticias\/voce-escolhe-retrocesso-ou-desenvolvimento\/#primaryimage","url":"https:\/\/radiolifefm.com.br\/noticias\/wp-content\/uploads\/2022\/04\/WhatsApp-Image-2022-04-10-at-18.43.02.jpeg","contentUrl":"https:\/\/radiolifefm.com.br\/noticias\/wp-content\/uploads\/2022\/04\/WhatsApp-Image-2022-04-10-at-18.43.02.jpeg","width":972,"height":1296,"caption":"S\u00e9rgio Barbosa"},{"@type":"BreadcrumbList","@id":"https:\/\/radiolifefm.com.br\/noticias\/voce-escolhe-retrocesso-ou-desenvolvimento\/#breadcrumb","itemListElement":[{"@type":"ListItem","position":1,"name":"In\u00edcio","item":"https:\/\/radiolifefm.com.br\/noticias\/"},{"@type":"ListItem","position":2,"name":"Voc\u00ea escolhe: Retrocesso ou Desenvolvimento?"}]},{"@type":"WebSite","@id":"https:\/\/radiolifefm.com.br\/noticias\/#website","url":"https:\/\/radiolifefm.com.br\/noticias\/","name":"R\u00e1dio Life FM","description":"O Portal de Not\u00edcias de Adamantina","publisher":{"@id":"https:\/\/radiolifefm.com.br\/noticias\/#organization"},"alternateName":"Life FM","potentialAction":[{"@type":"SearchAction","target":{"@type":"EntryPoint","urlTemplate":"https:\/\/radiolifefm.com.br\/noticias\/?s={search_term_string}"},"query-input":{"@type":"PropertyValueSpecification","valueRequired":true,"valueName":"search_term_string"}}],"inLanguage":"pt-BR"},{"@type":"Organization","@id":"https:\/\/radiolifefm.com.br\/noticias\/#organization","name":"R\u00e1dio Life FM","alternateName":"Life FM","url":"https:\/\/radiolifefm.com.br\/noticias\/","logo":{"@type":"ImageObject","inLanguage":"pt-BR","@id":"https:\/\/radiolifefm.com.br\/noticias\/#\/schema\/logo\/image\/","url":"https:\/\/static.radiolifefm.com.br\/noticias\/wp-content\/uploads\/2019\/10\/logo-lifefm.png","contentUrl":"https:\/\/static.radiolifefm.com.br\/noticias\/wp-content\/uploads\/2019\/10\/logo-lifefm.png","width":196,"height":47,"caption":"R\u00e1dio Life FM"},"image":{"@id":"https:\/\/radiolifefm.com.br\/noticias\/#\/schema\/logo\/image\/"},"sameAs":["https:\/\/www.facebook.com\/radiolifefm\/","https:\/\/www.instagram.com\/life1079fm\/"]},{"@type":"Person","@id":"https:\/\/radiolifefm.com.br\/noticias\/#\/schema\/person\/6339b9fac59d12b071dec680d7375d87","name":"ritanery","image":{"@type":"ImageObject","inLanguage":"pt-BR","@id":"https:\/\/secure.gravatar.com\/avatar\/0e37bb19071f47c0b8a23f62a903df117c5a0e75f65a0c2901562f97cd41cf86?s=96&d=mm&r=g","url":"https:\/\/secure.gravatar.com\/avatar\/0e37bb19071f47c0b8a23f62a903df117c5a0e75f65a0c2901562f97cd41cf86?s=96&d=mm&r=g","contentUrl":"https:\/\/secure.gravatar.com\/avatar\/0e37bb19071f47c0b8a23f62a903df117c5a0e75f65a0c2901562f97cd41cf86?s=96&d=mm&r=g","caption":"ritanery"}}]}},"amp_enabled":true,"_links":{"self":[{"href":"https:\/\/radiolifefm.com.br\/noticias\/wp-json\/wp\/v2\/posts\/60091","targetHints":{"allow":["GET"]}}],"collection":[{"href":"https:\/\/radiolifefm.com.br\/noticias\/wp-json\/wp\/v2\/posts"}],"about":[{"href":"https:\/\/radiolifefm.com.br\/noticias\/wp-json\/wp\/v2\/types\/post"}],"author":[{"embeddable":true,"href":"https:\/\/radiolifefm.com.br\/noticias\/wp-json\/wp\/v2\/users\/13"}],"replies":[{"embeddable":true,"href":"https:\/\/radiolifefm.com.br\/noticias\/wp-json\/wp\/v2\/comments?post=60091"}],"version-history":[{"count":1,"href":"https:\/\/radiolifefm.com.br\/noticias\/wp-json\/wp\/v2\/posts\/60091\/revisions"}],"predecessor-version":[{"id":60092,"href":"https:\/\/radiolifefm.com.br\/noticias\/wp-json\/wp\/v2\/posts\/60091\/revisions\/60092"}],"wp:featuredmedia":[{"embeddable":true,"href":"https:\/\/radiolifefm.com.br\/noticias\/wp-json\/wp\/v2\/media\/51988"}],"wp:attachment":[{"href":"https:\/\/radiolifefm.com.br\/noticias\/wp-json\/wp\/v2\/media?parent=60091"}],"wp:term":[{"taxonomy":"category","embeddable":true,"href":"https:\/\/radiolifefm.com.br\/noticias\/wp-json\/wp\/v2\/categories?post=60091"},{"taxonomy":"post_tag","embeddable":true,"href":"https:\/\/radiolifefm.com.br\/noticias\/wp-json\/wp\/v2\/tags?post=60091"}],"curies":[{"name":"wp","href":"https:\/\/api.w.org\/{rel}","templated":true}]}}