{"id":59941,"date":"2022-10-24T08:18:44","date_gmt":"2022-10-24T11:18:44","guid":{"rendered":"https:\/\/radiolifefm.com.br\/noticias\/?p=59941"},"modified":"2025-07-18T17:55:19","modified_gmt":"2025-07-18T20:55:19","slug":"provincia-bo-do-quio-e-mentes-mediocres","status":"publish","type":"post","link":"https:\/\/radiolifefm.com.br\/noticias\/provincia-bo-do-quio-e-mentes-mediocres\/","title":{"rendered":"Prov\u00edncia, bo.do.quio e mentes med\u00edocres&#8230;"},"content":{"rendered":"<div id=\"fb-root\"><\/div>\n<p>\u201cNenhum genocida \u00e9 mais cruel que o pol\u00edtico corrupto!\u201d (<a href=\"https:\/\/www.pensador.com\/autor\/reinaldo_ribeiro_o_poeta_do_amor\/\">Reinaldo Ribeiro &#8211; O Poeta do Amor<\/a>)<\/p>\n<p><strong>\u00a0<\/strong><\/p>\n<p><strong>S\u00e9rgio Barbosa (*)<\/strong><\/p>\n<p>Mais uma vez, REPETE-SE o mesmo jogo viciado de outras ELEI\u00c7\u00d5ES que ocorreram neste PA\u00cdS DO FAZ DE CONTA, ainda, com resultados mais ou menos de acordo das eternas MENTES MED\u00cdOCRES PROVINCIANAS&#8230;<\/p>\n<p>Entretanto, desta vez, tais ELEITORES\/AS que apoiam este DESGOVERNO BOZZONARO com seus COISOS com COISAS e apoio de um MINIST\u00c9RIO DE IN\u00daTEIS que est\u00e3o do lado do MENSAGEGEIRO DA MORTE, tamb\u00e9m, s\u00e3o CUMPL\u00cdCEIS dos atos do GENOCIDADE no per\u00edodo da PANDEMIA&#8230;<\/p>\n<p>Assim, entendo que escrever sobre tais FATOS nesta PROV\u00cdNCIA DO FAZ DE CONTA \u00e9 jogar DAR MURRO EM PONTA DE FACA, todavia, como JORNALISTA DIPLOMADO (1.986), faz-se necess\u00e1rio marcar presen\u00e7a por meio da denominada REFLEX\u00c3O CR\u00cdTICA sobre tudo e todos\/as os\/as PROVINCIANOS\/AS&#8230;<\/p>\n<p>Al\u00e9m do mais, por\u00e9m, com tudo de menos nestes OCASOS DE UM TALVEZ, o denominado BO.DO.QUIO, ou seja, BO= BOZZO + DO= DORIA + QUIO= PIN\u00d3QUIO, ou seja, resolveu APOIAR, tanto para os GOVERNOS ESTADUAL e FEDERAL, aqueles que trabalharam em favor da MORTE nos anos de PANDEMIA e ponto quase final&#8230;<\/p>\n<p>Tamb\u00e9m, o que se pode esperar deste que deste o PRIMEIRO MANDATO, ainda, bem antes e no per\u00edodo da CAMPANHA ELEITORAL, como PIN\u00d3QUIO PROVINCIANO&#8230;<\/p>\n<p>Desta forma, deve-se registrar neste artigo que \u00e9 LAMENT\u00c1VEL tais parcerias de APOIO, se bem que em TERRAS DE MENTES MED\u00cdOCRES pode se esperar tudo e mais alguma coisa com este COISO&#8230;<\/p>\n<p>Deve-se considerar, ainda, que pelo n\u00famero de votos que o GENOCIDADE levou dos\/as PROVINCIANOS\/AS no primeiro turno, indica que essas\/as ELEITORES\/AS n\u00e3o perderam um PARENTE , AMIGO\/A; COLEGA e outros\/as nesta PANDEMIA, tamb\u00e9m, foram mais de 180 \u00d3BITOS contabilizados na CONTA DO GENOCIDA e dos\/as APOIADORES\/AS nesta PROV\u00cdNCIA DO FAZ DE CONTA&#8230;<\/p>\n<p>Refor\u00e7ando, tais considera\u00e7\u00f5es s\u00e3o de autoria deste ARTICULISTA que assina como JORNALISTA DIPLOMADO (MTb No. 16.772\/SP), portanto, N\u00c3O REPRESENTA a LINHA EDITORIAL deste ve\u00edculo de comunica\u00e7\u00e3o&#8230;<\/p>\n<p>Se bem que, tenho quase CERTEZA que estou ESCREVENDO e dando VOZ para a MINORIA dos eleitores\/as que escolheram o lado do DESENVOLVIMENTO em todas as \u00e1reas, bem como, refor\u00e7ando que a TERRA continua mais REDONDA do que nunca para os TERRAPLANISTAS das MENTES MED\u00cdOCRES&#8230;<\/p>\n<p>Refor\u00e7ando as palavras escritas nestes \u00faltimos anos deste DESGOVERNO BOZZONARO, a saber: EU AVISEI&#8230; O COISO&#8230; ELLE N\u00c3O&#8230;<\/p>\n<p><strong><em>_______________________________<\/em><\/strong><\/p>\n<p><strong><em>(*) Bacharel em Comunica\u00e7\u00e3o Social pela FCS\/IMS (1983); Jornalista diplomado (1986); Pesquisador da C\u00e1tedra UNESCO\/METODISTA (1998-2018 e 2021\/2022); Consultor na \u00c1rea de M\u00eddia Organizacional e professor universit\u00e1rio.<\/em><\/strong><\/p>\n<p><strong><em>e-mail: <\/em><\/strong><a href=\"mailto:barbosa.sebar@gmail.com\"><strong><em>barbosa.sebar@gmail.com<\/em><\/strong><\/a><\/p>\n<p>&nbsp;<\/p>\n","protected":false},"excerpt":{"rendered":"<p>\u201cNenhum genocida \u00e9 mais cruel que o pol\u00edtico corrupto!\u201d (Reinaldo Ribeiro &#8211; O Poeta do Amor) \u00a0 S\u00e9rgio Barbosa (*) Mais uma vez, REPETE-SE o mesmo jogo viciado de outras ELEI\u00c7\u00d5ES que ocorreram neste PA\u00cdS DO FAZ DE CONTA, ainda, com resultados mais ou menos de acordo das eternas MENTES MED\u00cdOCRES PROVINCIANAS&#8230; Entretanto, desta vez, [&hellip;]<\/p>\n","protected":false},"author":13,"featured_media":51988,"comment_status":"closed","ping_status":"open","sticky":false,"template":"","format":"standard","meta":{"_acf_changed":false,"_exactmetrics_skip_tracking":false,"_exactmetrics_sitenote_active":false,"_exactmetrics_sitenote_note":"","_exactmetrics_sitenote_category":0,"footnotes":""},"categories":[59],"tags":[],"class_list":["post-59941","post","type-post","status-publish","format-standard","has-post-thumbnail","hentry","category-opiniao"],"acf":[],"yoast_head":"<!-- This site is optimized with the Yoast SEO plugin v27.2 - https:\/\/yoast.com\/product\/yoast-seo-wordpress\/ -->\n<title>Prov\u00edncia, bo.do.quio e mentes med\u00edocres... - R\u00e1dio Life FM<\/title>\n<meta name=\"robots\" content=\"index, follow, max-snippet:-1, max-image-preview:large, max-video-preview:-1\" \/>\n<link rel=\"canonical\" href=\"https:\/\/radiolifefm.com.br\/noticias\/provincia-bo-do-quio-e-mentes-mediocres\/\" \/>\n<meta property=\"og:locale\" content=\"pt_BR\" \/>\n<meta property=\"og:type\" content=\"article\" \/>\n<meta property=\"og:title\" content=\"Prov\u00edncia, bo.do.quio e mentes med\u00edocres... - R\u00e1dio Life FM\" \/>\n<meta property=\"og:description\" content=\"\u201cNenhum genocida \u00e9 mais cruel que o pol\u00edtico corrupto!\u201d (Reinaldo Ribeiro &#8211; O Poeta do Amor) \u00a0 S\u00e9rgio Barbosa (*) Mais uma vez, REPETE-SE o mesmo jogo viciado de outras ELEI\u00c7\u00d5ES que ocorreram neste PA\u00cdS DO FAZ DE CONTA, ainda, com resultados mais ou menos de acordo das eternas MENTES MED\u00cdOCRES PROVINCIANAS&#8230; Entretanto, desta vez, [&hellip;]\" \/>\n<meta property=\"og:url\" content=\"https:\/\/radiolifefm.com.br\/noticias\/provincia-bo-do-quio-e-mentes-mediocres\/\" \/>\n<meta property=\"og:site_name\" content=\"R\u00e1dio Life FM\" \/>\n<meta property=\"article:publisher\" content=\"https:\/\/www.facebook.com\/radiolifefm\/\" \/>\n<meta property=\"article:published_time\" content=\"2022-10-24T11:18:44+00:00\" \/>\n<meta property=\"article:modified_time\" content=\"2025-07-18T20:55:19+00:00\" \/>\n<meta property=\"og:image\" content=\"https:\/\/static.radiolifefm.com.br\/noticias\/wp-content\/uploads\/2022\/04\/WhatsApp-Image-2022-04-10-at-18.43.02.jpeg\" \/>\n\t<meta property=\"og:image:width\" content=\"972\" \/>\n\t<meta property=\"og:image:height\" content=\"1296\" \/>\n\t<meta property=\"og:image:type\" content=\"image\/jpeg\" \/>\n<meta name=\"author\" content=\"ritanery\" \/>\n<meta name=\"twitter:card\" content=\"summary_large_image\" \/>\n<meta name=\"twitter:label1\" content=\"Escrito por\" \/>\n\t<meta name=\"twitter:data1\" content=\"ritanery\" \/>\n\t<meta name=\"twitter:label2\" content=\"Est. tempo de leitura\" \/>\n\t<meta name=\"twitter:data2\" content=\"3 minutos\" \/>\n<script type=\"application\/ld+json\" class=\"yoast-schema-graph\">{\"@context\":\"https:\/\/schema.org\",\"@graph\":[{\"@type\":\"Article\",\"@id\":\"https:\/\/radiolifefm.com.br\/noticias\/provincia-bo-do-quio-e-mentes-mediocres\/#article\",\"isPartOf\":{\"@id\":\"https:\/\/radiolifefm.com.br\/noticias\/provincia-bo-do-quio-e-mentes-mediocres\/\"},\"author\":{\"name\":\"ritanery\",\"@id\":\"https:\/\/radiolifefm.com.br\/noticias\/#\/schema\/person\/6339b9fac59d12b071dec680d7375d87\"},\"headline\":\"Prov\u00edncia, bo.do.quio e mentes med\u00edocres&#8230;\",\"datePublished\":\"2022-10-24T11:18:44+00:00\",\"dateModified\":\"2025-07-18T20:55:19+00:00\",\"mainEntityOfPage\":{\"@id\":\"https:\/\/radiolifefm.com.br\/noticias\/provincia-bo-do-quio-e-mentes-mediocres\/\"},\"wordCount\":472,\"publisher\":{\"@id\":\"https:\/\/radiolifefm.com.br\/noticias\/#organization\"},\"image\":{\"@id\":\"https:\/\/radiolifefm.com.br\/noticias\/provincia-bo-do-quio-e-mentes-mediocres\/#primaryimage\"},\"thumbnailUrl\":\"https:\/\/radiolifefm.com.br\/noticias\/wp-content\/uploads\/2022\/04\/WhatsApp-Image-2022-04-10-at-18.43.02.jpeg\",\"articleSection\":[\"Opini\u00e3o\"],\"inLanguage\":\"pt-BR\"},{\"@type\":\"WebPage\",\"@id\":\"https:\/\/radiolifefm.com.br\/noticias\/provincia-bo-do-quio-e-mentes-mediocres\/\",\"url\":\"https:\/\/radiolifefm.com.br\/noticias\/provincia-bo-do-quio-e-mentes-mediocres\/\",\"name\":\"Prov\u00edncia, bo.do.quio e mentes med\u00edocres... - R\u00e1dio Life FM\",\"isPartOf\":{\"@id\":\"https:\/\/radiolifefm.com.br\/noticias\/#website\"},\"primaryImageOfPage\":{\"@id\":\"https:\/\/radiolifefm.com.br\/noticias\/provincia-bo-do-quio-e-mentes-mediocres\/#primaryimage\"},\"image\":{\"@id\":\"https:\/\/radiolifefm.com.br\/noticias\/provincia-bo-do-quio-e-mentes-mediocres\/#primaryimage\"},\"thumbnailUrl\":\"https:\/\/radiolifefm.com.br\/noticias\/wp-content\/uploads\/2022\/04\/WhatsApp-Image-2022-04-10-at-18.43.02.jpeg\",\"datePublished\":\"2022-10-24T11:18:44+00:00\",\"dateModified\":\"2025-07-18T20:55:19+00:00\",\"breadcrumb\":{\"@id\":\"https:\/\/radiolifefm.com.br\/noticias\/provincia-bo-do-quio-e-mentes-mediocres\/#breadcrumb\"},\"inLanguage\":\"pt-BR\",\"potentialAction\":[{\"@type\":\"ReadAction\",\"target\":[\"https:\/\/radiolifefm.com.br\/noticias\/provincia-bo-do-quio-e-mentes-mediocres\/\"]}]},{\"@type\":\"ImageObject\",\"inLanguage\":\"pt-BR\",\"@id\":\"https:\/\/radiolifefm.com.br\/noticias\/provincia-bo-do-quio-e-mentes-mediocres\/#primaryimage\",\"url\":\"https:\/\/radiolifefm.com.br\/noticias\/wp-content\/uploads\/2022\/04\/WhatsApp-Image-2022-04-10-at-18.43.02.jpeg\",\"contentUrl\":\"https:\/\/radiolifefm.com.br\/noticias\/wp-content\/uploads\/2022\/04\/WhatsApp-Image-2022-04-10-at-18.43.02.jpeg\",\"width\":972,\"height\":1296,\"caption\":\"S\u00e9rgio Barbosa\"},{\"@type\":\"BreadcrumbList\",\"@id\":\"https:\/\/radiolifefm.com.br\/noticias\/provincia-bo-do-quio-e-mentes-mediocres\/#breadcrumb\",\"itemListElement\":[{\"@type\":\"ListItem\",\"position\":1,\"name\":\"In\u00edcio\",\"item\":\"https:\/\/radiolifefm.com.br\/noticias\/\"},{\"@type\":\"ListItem\",\"position\":2,\"name\":\"Prov\u00edncia, bo.do.quio e mentes med\u00edocres&#8230;\"}]},{\"@type\":\"WebSite\",\"@id\":\"https:\/\/radiolifefm.com.br\/noticias\/#website\",\"url\":\"https:\/\/radiolifefm.com.br\/noticias\/\",\"name\":\"R\u00e1dio Life FM\",\"description\":\"O Portal de Not\u00edcias de Adamantina\",\"publisher\":{\"@id\":\"https:\/\/radiolifefm.com.br\/noticias\/#organization\"},\"alternateName\":\"Life FM\",\"potentialAction\":[{\"@type\":\"SearchAction\",\"target\":{\"@type\":\"EntryPoint\",\"urlTemplate\":\"https:\/\/radiolifefm.com.br\/noticias\/?s={search_term_string}\"},\"query-input\":{\"@type\":\"PropertyValueSpecification\",\"valueRequired\":true,\"valueName\":\"search_term_string\"}}],\"inLanguage\":\"pt-BR\"},{\"@type\":\"Organization\",\"@id\":\"https:\/\/radiolifefm.com.br\/noticias\/#organization\",\"name\":\"R\u00e1dio Life FM\",\"alternateName\":\"Life FM\",\"url\":\"https:\/\/radiolifefm.com.br\/noticias\/\",\"logo\":{\"@type\":\"ImageObject\",\"inLanguage\":\"pt-BR\",\"@id\":\"https:\/\/radiolifefm.com.br\/noticias\/#\/schema\/logo\/image\/\",\"url\":\"https:\/\/static.radiolifefm.com.br\/noticias\/wp-content\/uploads\/2019\/10\/logo-lifefm.png\",\"contentUrl\":\"https:\/\/static.radiolifefm.com.br\/noticias\/wp-content\/uploads\/2019\/10\/logo-lifefm.png\",\"width\":196,\"height\":47,\"caption\":\"R\u00e1dio Life FM\"},\"image\":{\"@id\":\"https:\/\/radiolifefm.com.br\/noticias\/#\/schema\/logo\/image\/\"},\"sameAs\":[\"https:\/\/www.facebook.com\/radiolifefm\/\",\"https:\/\/www.instagram.com\/life1079fm\/\"]},{\"@type\":\"Person\",\"@id\":\"https:\/\/radiolifefm.com.br\/noticias\/#\/schema\/person\/6339b9fac59d12b071dec680d7375d87\",\"name\":\"ritanery\",\"image\":{\"@type\":\"ImageObject\",\"inLanguage\":\"pt-BR\",\"@id\":\"https:\/\/secure.gravatar.com\/avatar\/0e37bb19071f47c0b8a23f62a903df117c5a0e75f65a0c2901562f97cd41cf86?s=96&d=mm&r=g\",\"url\":\"https:\/\/secure.gravatar.com\/avatar\/0e37bb19071f47c0b8a23f62a903df117c5a0e75f65a0c2901562f97cd41cf86?s=96&d=mm&r=g\",\"contentUrl\":\"https:\/\/secure.gravatar.com\/avatar\/0e37bb19071f47c0b8a23f62a903df117c5a0e75f65a0c2901562f97cd41cf86?s=96&d=mm&r=g\",\"caption\":\"ritanery\"}}]}<\/script>\n<!-- \/ Yoast SEO plugin. -->","yoast_head_json":{"title":"Prov\u00edncia, bo.do.quio e mentes med\u00edocres... - R\u00e1dio Life FM","robots":{"index":"index","follow":"follow","max-snippet":"max-snippet:-1","max-image-preview":"max-image-preview:large","max-video-preview":"max-video-preview:-1"},"canonical":"https:\/\/radiolifefm.com.br\/noticias\/provincia-bo-do-quio-e-mentes-mediocres\/","og_locale":"pt_BR","og_type":"article","og_title":"Prov\u00edncia, bo.do.quio e mentes med\u00edocres... - R\u00e1dio Life FM","og_description":"\u201cNenhum genocida \u00e9 mais cruel que o pol\u00edtico corrupto!\u201d (Reinaldo Ribeiro &#8211; O Poeta do Amor) \u00a0 S\u00e9rgio Barbosa (*) Mais uma vez, REPETE-SE o mesmo jogo viciado de outras ELEI\u00c7\u00d5ES que ocorreram neste PA\u00cdS DO FAZ DE CONTA, ainda, com resultados mais ou menos de acordo das eternas MENTES MED\u00cdOCRES PROVINCIANAS&#8230; Entretanto, desta vez, [&hellip;]","og_url":"https:\/\/radiolifefm.com.br\/noticias\/provincia-bo-do-quio-e-mentes-mediocres\/","og_site_name":"R\u00e1dio Life FM","article_publisher":"https:\/\/www.facebook.com\/radiolifefm\/","article_published_time":"2022-10-24T11:18:44+00:00","article_modified_time":"2025-07-18T20:55:19+00:00","og_image":[{"width":972,"height":1296,"url":"https:\/\/static.radiolifefm.com.br\/noticias\/wp-content\/uploads\/2022\/04\/WhatsApp-Image-2022-04-10-at-18.43.02.jpeg","type":"image\/jpeg"}],"author":"ritanery","twitter_card":"summary_large_image","twitter_misc":{"Escrito por":"ritanery","Est. tempo de leitura":"3 minutos"},"schema":{"@context":"https:\/\/schema.org","@graph":[{"@type":"Article","@id":"https:\/\/radiolifefm.com.br\/noticias\/provincia-bo-do-quio-e-mentes-mediocres\/#article","isPartOf":{"@id":"https:\/\/radiolifefm.com.br\/noticias\/provincia-bo-do-quio-e-mentes-mediocres\/"},"author":{"name":"ritanery","@id":"https:\/\/radiolifefm.com.br\/noticias\/#\/schema\/person\/6339b9fac59d12b071dec680d7375d87"},"headline":"Prov\u00edncia, bo.do.quio e mentes med\u00edocres&#8230;","datePublished":"2022-10-24T11:18:44+00:00","dateModified":"2025-07-18T20:55:19+00:00","mainEntityOfPage":{"@id":"https:\/\/radiolifefm.com.br\/noticias\/provincia-bo-do-quio-e-mentes-mediocres\/"},"wordCount":472,"publisher":{"@id":"https:\/\/radiolifefm.com.br\/noticias\/#organization"},"image":{"@id":"https:\/\/radiolifefm.com.br\/noticias\/provincia-bo-do-quio-e-mentes-mediocres\/#primaryimage"},"thumbnailUrl":"https:\/\/radiolifefm.com.br\/noticias\/wp-content\/uploads\/2022\/04\/WhatsApp-Image-2022-04-10-at-18.43.02.jpeg","articleSection":["Opini\u00e3o"],"inLanguage":"pt-BR"},{"@type":"WebPage","@id":"https:\/\/radiolifefm.com.br\/noticias\/provincia-bo-do-quio-e-mentes-mediocres\/","url":"https:\/\/radiolifefm.com.br\/noticias\/provincia-bo-do-quio-e-mentes-mediocres\/","name":"Prov\u00edncia, bo.do.quio e mentes med\u00edocres... - R\u00e1dio Life FM","isPartOf":{"@id":"https:\/\/radiolifefm.com.br\/noticias\/#website"},"primaryImageOfPage":{"@id":"https:\/\/radiolifefm.com.br\/noticias\/provincia-bo-do-quio-e-mentes-mediocres\/#primaryimage"},"image":{"@id":"https:\/\/radiolifefm.com.br\/noticias\/provincia-bo-do-quio-e-mentes-mediocres\/#primaryimage"},"thumbnailUrl":"https:\/\/radiolifefm.com.br\/noticias\/wp-content\/uploads\/2022\/04\/WhatsApp-Image-2022-04-10-at-18.43.02.jpeg","datePublished":"2022-10-24T11:18:44+00:00","dateModified":"2025-07-18T20:55:19+00:00","breadcrumb":{"@id":"https:\/\/radiolifefm.com.br\/noticias\/provincia-bo-do-quio-e-mentes-mediocres\/#breadcrumb"},"inLanguage":"pt-BR","potentialAction":[{"@type":"ReadAction","target":["https:\/\/radiolifefm.com.br\/noticias\/provincia-bo-do-quio-e-mentes-mediocres\/"]}]},{"@type":"ImageObject","inLanguage":"pt-BR","@id":"https:\/\/radiolifefm.com.br\/noticias\/provincia-bo-do-quio-e-mentes-mediocres\/#primaryimage","url":"https:\/\/radiolifefm.com.br\/noticias\/wp-content\/uploads\/2022\/04\/WhatsApp-Image-2022-04-10-at-18.43.02.jpeg","contentUrl":"https:\/\/radiolifefm.com.br\/noticias\/wp-content\/uploads\/2022\/04\/WhatsApp-Image-2022-04-10-at-18.43.02.jpeg","width":972,"height":1296,"caption":"S\u00e9rgio Barbosa"},{"@type":"BreadcrumbList","@id":"https:\/\/radiolifefm.com.br\/noticias\/provincia-bo-do-quio-e-mentes-mediocres\/#breadcrumb","itemListElement":[{"@type":"ListItem","position":1,"name":"In\u00edcio","item":"https:\/\/radiolifefm.com.br\/noticias\/"},{"@type":"ListItem","position":2,"name":"Prov\u00edncia, bo.do.quio e mentes med\u00edocres&#8230;"}]},{"@type":"WebSite","@id":"https:\/\/radiolifefm.com.br\/noticias\/#website","url":"https:\/\/radiolifefm.com.br\/noticias\/","name":"R\u00e1dio Life FM","description":"O Portal de Not\u00edcias de Adamantina","publisher":{"@id":"https:\/\/radiolifefm.com.br\/noticias\/#organization"},"alternateName":"Life FM","potentialAction":[{"@type":"SearchAction","target":{"@type":"EntryPoint","urlTemplate":"https:\/\/radiolifefm.com.br\/noticias\/?s={search_term_string}"},"query-input":{"@type":"PropertyValueSpecification","valueRequired":true,"valueName":"search_term_string"}}],"inLanguage":"pt-BR"},{"@type":"Organization","@id":"https:\/\/radiolifefm.com.br\/noticias\/#organization","name":"R\u00e1dio Life FM","alternateName":"Life FM","url":"https:\/\/radiolifefm.com.br\/noticias\/","logo":{"@type":"ImageObject","inLanguage":"pt-BR","@id":"https:\/\/radiolifefm.com.br\/noticias\/#\/schema\/logo\/image\/","url":"https:\/\/static.radiolifefm.com.br\/noticias\/wp-content\/uploads\/2019\/10\/logo-lifefm.png","contentUrl":"https:\/\/static.radiolifefm.com.br\/noticias\/wp-content\/uploads\/2019\/10\/logo-lifefm.png","width":196,"height":47,"caption":"R\u00e1dio Life FM"},"image":{"@id":"https:\/\/radiolifefm.com.br\/noticias\/#\/schema\/logo\/image\/"},"sameAs":["https:\/\/www.facebook.com\/radiolifefm\/","https:\/\/www.instagram.com\/life1079fm\/"]},{"@type":"Person","@id":"https:\/\/radiolifefm.com.br\/noticias\/#\/schema\/person\/6339b9fac59d12b071dec680d7375d87","name":"ritanery","image":{"@type":"ImageObject","inLanguage":"pt-BR","@id":"https:\/\/secure.gravatar.com\/avatar\/0e37bb19071f47c0b8a23f62a903df117c5a0e75f65a0c2901562f97cd41cf86?s=96&d=mm&r=g","url":"https:\/\/secure.gravatar.com\/avatar\/0e37bb19071f47c0b8a23f62a903df117c5a0e75f65a0c2901562f97cd41cf86?s=96&d=mm&r=g","contentUrl":"https:\/\/secure.gravatar.com\/avatar\/0e37bb19071f47c0b8a23f62a903df117c5a0e75f65a0c2901562f97cd41cf86?s=96&d=mm&r=g","caption":"ritanery"}}]}},"amp_enabled":true,"_links":{"self":[{"href":"https:\/\/radiolifefm.com.br\/noticias\/wp-json\/wp\/v2\/posts\/59941","targetHints":{"allow":["GET"]}}],"collection":[{"href":"https:\/\/radiolifefm.com.br\/noticias\/wp-json\/wp\/v2\/posts"}],"about":[{"href":"https:\/\/radiolifefm.com.br\/noticias\/wp-json\/wp\/v2\/types\/post"}],"author":[{"embeddable":true,"href":"https:\/\/radiolifefm.com.br\/noticias\/wp-json\/wp\/v2\/users\/13"}],"replies":[{"embeddable":true,"href":"https:\/\/radiolifefm.com.br\/noticias\/wp-json\/wp\/v2\/comments?post=59941"}],"version-history":[{"count":1,"href":"https:\/\/radiolifefm.com.br\/noticias\/wp-json\/wp\/v2\/posts\/59941\/revisions"}],"predecessor-version":[{"id":59942,"href":"https:\/\/radiolifefm.com.br\/noticias\/wp-json\/wp\/v2\/posts\/59941\/revisions\/59942"}],"wp:featuredmedia":[{"embeddable":true,"href":"https:\/\/radiolifefm.com.br\/noticias\/wp-json\/wp\/v2\/media\/51988"}],"wp:attachment":[{"href":"https:\/\/radiolifefm.com.br\/noticias\/wp-json\/wp\/v2\/media?parent=59941"}],"wp:term":[{"taxonomy":"category","embeddable":true,"href":"https:\/\/radiolifefm.com.br\/noticias\/wp-json\/wp\/v2\/categories?post=59941"},{"taxonomy":"post_tag","embeddable":true,"href":"https:\/\/radiolifefm.com.br\/noticias\/wp-json\/wp\/v2\/tags?post=59941"}],"curies":[{"name":"wp","href":"https:\/\/api.w.org\/{rel}","templated":true}]}}