{"id":59905,"date":"2022-10-21T21:03:27","date_gmt":"2022-10-22T00:03:27","guid":{"rendered":"https:\/\/radiolifefm.com.br\/noticias\/?p=59905"},"modified":"2026-04-11T12:41:32","modified_gmt":"2026-04-11T15:41:32","slug":"refeicao-escolar-servida-na-etec-herval-bellusci-em-adamantina-faz-estudantes-passarem-mal","status":"publish","type":"post","link":"https:\/\/radiolifefm.com.br\/noticias\/refeicao-escolar-servida-na-etec-herval-bellusci-em-adamantina-faz-estudantes-passarem-mal\/","title":{"rendered":"Refei\u00e7\u00e3o escolar servida na Etec Herval Bellusci, em Adamantina, faz estudantes passarem mal"},"content":{"rendered":"<div id=\"fb-root\"><\/div>\n<div>\n<p>Estudantes da Escola T\u00e9cnica Estadual (Etec) \u201cEngenheiro Herval Bellusci\u201d, de Adamantina (Col\u00e9gio Agr\u00edcola) passaram mal, nesta quinta-feira (20), ap\u00f3s realizarem as refei\u00e7\u00f5es da merenda escolar. Os alimentos s\u00e3o produzidos por uma empresa terceirizada, contratada para o preparo das refei\u00e7\u00f5es estudantis, que s\u00e3o entregues prontas na unidade de ensino.<\/p>\n<p>Entre os relatos de rea\u00e7\u00f5es, os estudantes descreveram mal-estar, dor estomacal, c\u00f3lica e diarreia, ap\u00f3s o consumo dos alimentos prontos. O caso chegou ao SIGA MAIS no final da manh\u00e3 desta sexta-feira (21), a partir de mensagem recebida de internauta.<\/p>\n<p>Situa\u00e7\u00e3o id\u00eantica ocorreu em Dracena, tamb\u00e9m ontem, como publicou nesta sexta-feira o portal de not\u00edcias <a href=\"https:\/\/altapaulistaja.com.br\/pais-de-alunos-da-etec-de-dracena-denunciam-que-merenda-fornecida-causou-mal-estar-estomacal\/\" target=\"_blank\" rel=\"noopener\"><strong>Alta Paulista J\u00e1<\/strong><\/a>. O site recebeu den\u00fancias de pais de alunos matriculados na Etec \u201cProfessora Carmelina Barbosa\u201d relatando que a merenda fornecida teria causado mal-estar estomacal ap\u00f3s a ingest\u00e3o pelos estudantes.<\/p>\n<p><strong>Amostras ser\u00e3o encaminhadas para an\u00e1lise<\/strong><\/p>\n<p>A refei\u00e7\u00e3o escolar para as duas Etecs \u00e9 fornecida pela mesma empresa. O SIGA MAIS fez contato com o Centro Paula Souza (CPS), que administra as unidades de ensino. Por meio da assessoria de comunica\u00e7\u00e3o o \u00f3rg\u00e3o se manifestou sobre o caso. \u201cO Centro Paula Souza (CPS) informa que, como j\u00e1 \u00e9 rotina nas duas Etecs (Eng. Herval Bellusci e Prof\u00aa Carmelina Barbosa), uma amostra dos alimentos foi coletada e encaminhada para an\u00e1lise em laborat\u00f3rio. A empresa Puro Sabor Servi\u00e7os de Alimenta\u00e7\u00e3o foi notificada e n\u00e3o receber\u00e1 o valor referente a essas refei\u00e7\u00f5es. O Departamento de Merenda Escolar do CPS acompanha o caso para avaliar outras poss\u00edveis san\u00e7\u00f5es\u201d, afirma o comunicado.<\/p>\n<p><strong>Diarreia e c\u00f3lica<\/strong><\/p>\n<p>A m\u00e3e de uma aluna da Etec de Dracena e que mora em Junqueir\u00f3polis, detalhou ao site Alta Paulista J\u00e1 as rea\u00e7\u00f5es da filha, ontem, ap\u00f3s ingerir a refei\u00e7\u00e3o escolar. A estudante tem 17 anos. \u201cDeu diarreia e muita c\u00f3lica\u201d, contou a mulher. A denunciante disse ainda ao portal de not\u00edcias que s\u00f3 da turma da filha dela, do total de 36 alunos, ao menos 15 passaram mal.<\/p>\n<p>Ainda de acordo com a declara\u00e7\u00e3o da m\u00e3e ao Alta Paulista J\u00e1, os pais dos estudantes est\u00e3o indignados com a situa\u00e7\u00e3o e pedem provid\u00eancias sobre o caso. Conforme ela, n\u00e3o \u00e9 de agora que reivindicam melhor qualidade \u00e0 merenda.<\/p>\n<\/div>\n<p>Fonte: Siga Mais<\/p>\n","protected":false},"excerpt":{"rendered":"<p>Estudantes da Escola T\u00e9cnica Estadual (Etec) \u201cEngenheiro Herval Bellusci\u201d, de Adamantina (Col\u00e9gio Agr\u00edcola) passaram mal, nesta quinta-feira (20), ap\u00f3s realizarem as refei\u00e7\u00f5es da merenda escolar. Os alimentos s\u00e3o produzidos por uma empresa terceirizada, contratada para o preparo das refei\u00e7\u00f5es estudantis, que s\u00e3o entregues prontas na unidade de ensino. Entre os relatos de rea\u00e7\u00f5es, os estudantes [&hellip;]<\/p>\n","protected":false},"author":13,"featured_media":59906,"comment_status":"closed","ping_status":"open","sticky":false,"template":"","format":"standard","meta":{"_acf_changed":false,"_exactmetrics_skip_tracking":false,"_exactmetrics_sitenote_active":false,"_exactmetrics_sitenote_note":"","_exactmetrics_sitenote_category":0,"footnotes":""},"categories":[21],"tags":[],"class_list":["post-59905","post","type-post","status-publish","format-standard","has-post-thumbnail","hentry","category-adamantina"],"acf":[],"yoast_head":"<!-- This site is optimized with the Yoast SEO plugin v27.2 - https:\/\/yoast.com\/product\/yoast-seo-wordpress\/ -->\n<title>Refei\u00e7\u00e3o escolar servida na Etec Herval Bellusci, em Adamantina, faz estudantes passarem mal - R\u00e1dio Life FM<\/title>\n<meta name=\"robots\" content=\"index, follow, max-snippet:-1, max-image-preview:large, max-video-preview:-1\" \/>\n<link rel=\"canonical\" href=\"https:\/\/radiolifefm.com.br\/noticias\/refeicao-escolar-servida-na-etec-herval-bellusci-em-adamantina-faz-estudantes-passarem-mal\/\" \/>\n<meta property=\"og:locale\" content=\"pt_BR\" \/>\n<meta property=\"og:type\" content=\"article\" \/>\n<meta property=\"og:title\" content=\"Refei\u00e7\u00e3o escolar servida na Etec Herval Bellusci, em Adamantina, faz estudantes passarem mal - R\u00e1dio Life FM\" \/>\n<meta property=\"og:description\" content=\"Estudantes da Escola T\u00e9cnica Estadual (Etec) \u201cEngenheiro Herval Bellusci\u201d, de Adamantina (Col\u00e9gio Agr\u00edcola) passaram mal, nesta quinta-feira (20), ap\u00f3s realizarem as refei\u00e7\u00f5es da merenda escolar. Os alimentos s\u00e3o produzidos por uma empresa terceirizada, contratada para o preparo das refei\u00e7\u00f5es estudantis, que s\u00e3o entregues prontas na unidade de ensino. Entre os relatos de rea\u00e7\u00f5es, os estudantes [&hellip;]\" \/>\n<meta property=\"og:url\" content=\"https:\/\/radiolifefm.com.br\/noticias\/refeicao-escolar-servida-na-etec-herval-bellusci-em-adamantina-faz-estudantes-passarem-mal\/\" \/>\n<meta property=\"og:site_name\" content=\"R\u00e1dio Life FM\" \/>\n<meta property=\"article:publisher\" content=\"https:\/\/www.facebook.com\/radiolifefm\/\" \/>\n<meta property=\"article:published_time\" content=\"2022-10-22T00:03:27+00:00\" \/>\n<meta property=\"article:modified_time\" content=\"2026-04-11T15:41:32+00:00\" \/>\n<meta property=\"og:image\" content=\"https:\/\/radiolifefm.com.br\/noticias\/wp-content\/uploads\/2022\/10\/img56401111jpg16663795826352ef3ed0502.jpg\" \/>\n\t<meta property=\"og:image:width\" content=\"600\" \/>\n\t<meta property=\"og:image:height\" content=\"337\" \/>\n\t<meta property=\"og:image:type\" content=\"image\/jpeg\" \/>\n<meta name=\"author\" content=\"ritanery\" \/>\n<meta name=\"twitter:card\" content=\"summary_large_image\" \/>\n<meta name=\"twitter:label1\" content=\"Escrito por\" \/>\n\t<meta name=\"twitter:data1\" content=\"ritanery\" \/>\n\t<meta name=\"twitter:label2\" content=\"Est. tempo de leitura\" \/>\n\t<meta name=\"twitter:data2\" content=\"3 minutos\" \/>\n<script type=\"application\/ld+json\" class=\"yoast-schema-graph\">{\"@context\":\"https:\/\/schema.org\",\"@graph\":[{\"@type\":\"Article\",\"@id\":\"https:\/\/radiolifefm.com.br\/noticias\/refeicao-escolar-servida-na-etec-herval-bellusci-em-adamantina-faz-estudantes-passarem-mal\/#article\",\"isPartOf\":{\"@id\":\"https:\/\/radiolifefm.com.br\/noticias\/refeicao-escolar-servida-na-etec-herval-bellusci-em-adamantina-faz-estudantes-passarem-mal\/\"},\"author\":{\"name\":\"ritanery\",\"@id\":\"https:\/\/radiolifefm.com.br\/noticias\/#\/schema\/person\/6339b9fac59d12b071dec680d7375d87\"},\"headline\":\"Refei\u00e7\u00e3o escolar servida na Etec Herval Bellusci, em Adamantina, faz estudantes passarem mal\",\"datePublished\":\"2022-10-22T00:03:27+00:00\",\"dateModified\":\"2026-04-11T15:41:32+00:00\",\"mainEntityOfPage\":{\"@id\":\"https:\/\/radiolifefm.com.br\/noticias\/refeicao-escolar-servida-na-etec-herval-bellusci-em-adamantina-faz-estudantes-passarem-mal\/\"},\"wordCount\":413,\"publisher\":{\"@id\":\"https:\/\/radiolifefm.com.br\/noticias\/#organization\"},\"image\":{\"@id\":\"https:\/\/radiolifefm.com.br\/noticias\/refeicao-escolar-servida-na-etec-herval-bellusci-em-adamantina-faz-estudantes-passarem-mal\/#primaryimage\"},\"thumbnailUrl\":\"https:\/\/radiolifefm.com.br\/noticias\/wp-content\/uploads\/2022\/10\/img56401111jpg16663795826352ef3ed0502.jpg\",\"articleSection\":[\"Adamantina\"],\"inLanguage\":\"pt-BR\"},{\"@type\":\"WebPage\",\"@id\":\"https:\/\/radiolifefm.com.br\/noticias\/refeicao-escolar-servida-na-etec-herval-bellusci-em-adamantina-faz-estudantes-passarem-mal\/\",\"url\":\"https:\/\/radiolifefm.com.br\/noticias\/refeicao-escolar-servida-na-etec-herval-bellusci-em-adamantina-faz-estudantes-passarem-mal\/\",\"name\":\"Refei\u00e7\u00e3o escolar servida na Etec Herval Bellusci, em Adamantina, faz estudantes passarem mal - R\u00e1dio Life FM\",\"isPartOf\":{\"@id\":\"https:\/\/radiolifefm.com.br\/noticias\/#website\"},\"primaryImageOfPage\":{\"@id\":\"https:\/\/radiolifefm.com.br\/noticias\/refeicao-escolar-servida-na-etec-herval-bellusci-em-adamantina-faz-estudantes-passarem-mal\/#primaryimage\"},\"image\":{\"@id\":\"https:\/\/radiolifefm.com.br\/noticias\/refeicao-escolar-servida-na-etec-herval-bellusci-em-adamantina-faz-estudantes-passarem-mal\/#primaryimage\"},\"thumbnailUrl\":\"https:\/\/radiolifefm.com.br\/noticias\/wp-content\/uploads\/2022\/10\/img56401111jpg16663795826352ef3ed0502.jpg\",\"datePublished\":\"2022-10-22T00:03:27+00:00\",\"dateModified\":\"2026-04-11T15:41:32+00:00\",\"breadcrumb\":{\"@id\":\"https:\/\/radiolifefm.com.br\/noticias\/refeicao-escolar-servida-na-etec-herval-bellusci-em-adamantina-faz-estudantes-passarem-mal\/#breadcrumb\"},\"inLanguage\":\"pt-BR\",\"potentialAction\":[{\"@type\":\"ReadAction\",\"target\":[\"https:\/\/radiolifefm.com.br\/noticias\/refeicao-escolar-servida-na-etec-herval-bellusci-em-adamantina-faz-estudantes-passarem-mal\/\"]}]},{\"@type\":\"ImageObject\",\"inLanguage\":\"pt-BR\",\"@id\":\"https:\/\/radiolifefm.com.br\/noticias\/refeicao-escolar-servida-na-etec-herval-bellusci-em-adamantina-faz-estudantes-passarem-mal\/#primaryimage\",\"url\":\"https:\/\/radiolifefm.com.br\/noticias\/wp-content\/uploads\/2022\/10\/img56401111jpg16663795826352ef3ed0502.jpg\",\"contentUrl\":\"https:\/\/radiolifefm.com.br\/noticias\/wp-content\/uploads\/2022\/10\/img56401111jpg16663795826352ef3ed0502.jpg\",\"width\":600,\"height\":337,\"caption\":\"Etec engenheiro Herval Bellusci, em Adamantina (Foto: Siga Mais).\"},{\"@type\":\"BreadcrumbList\",\"@id\":\"https:\/\/radiolifefm.com.br\/noticias\/refeicao-escolar-servida-na-etec-herval-bellusci-em-adamantina-faz-estudantes-passarem-mal\/#breadcrumb\",\"itemListElement\":[{\"@type\":\"ListItem\",\"position\":1,\"name\":\"In\u00edcio\",\"item\":\"https:\/\/radiolifefm.com.br\/noticias\/\"},{\"@type\":\"ListItem\",\"position\":2,\"name\":\"Refei\u00e7\u00e3o escolar servida na Etec Herval Bellusci, em Adamantina, faz estudantes passarem mal\"}]},{\"@type\":\"WebSite\",\"@id\":\"https:\/\/radiolifefm.com.br\/noticias\/#website\",\"url\":\"https:\/\/radiolifefm.com.br\/noticias\/\",\"name\":\"R\u00e1dio Life FM\",\"description\":\"O Portal de Not\u00edcias de Adamantina\",\"publisher\":{\"@id\":\"https:\/\/radiolifefm.com.br\/noticias\/#organization\"},\"alternateName\":\"Life FM\",\"potentialAction\":[{\"@type\":\"SearchAction\",\"target\":{\"@type\":\"EntryPoint\",\"urlTemplate\":\"https:\/\/radiolifefm.com.br\/noticias\/?s={search_term_string}\"},\"query-input\":{\"@type\":\"PropertyValueSpecification\",\"valueRequired\":true,\"valueName\":\"search_term_string\"}}],\"inLanguage\":\"pt-BR\"},{\"@type\":\"Organization\",\"@id\":\"https:\/\/radiolifefm.com.br\/noticias\/#organization\",\"name\":\"R\u00e1dio Life FM\",\"alternateName\":\"Life FM\",\"url\":\"https:\/\/radiolifefm.com.br\/noticias\/\",\"logo\":{\"@type\":\"ImageObject\",\"inLanguage\":\"pt-BR\",\"@id\":\"https:\/\/radiolifefm.com.br\/noticias\/#\/schema\/logo\/image\/\",\"url\":\"https:\/\/static.radiolifefm.com.br\/noticias\/wp-content\/uploads\/2019\/10\/logo-lifefm.png\",\"contentUrl\":\"https:\/\/static.radiolifefm.com.br\/noticias\/wp-content\/uploads\/2019\/10\/logo-lifefm.png\",\"width\":196,\"height\":47,\"caption\":\"R\u00e1dio Life FM\"},\"image\":{\"@id\":\"https:\/\/radiolifefm.com.br\/noticias\/#\/schema\/logo\/image\/\"},\"sameAs\":[\"https:\/\/www.facebook.com\/radiolifefm\/\",\"https:\/\/www.instagram.com\/life1079fm\/\"]},{\"@type\":\"Person\",\"@id\":\"https:\/\/radiolifefm.com.br\/noticias\/#\/schema\/person\/6339b9fac59d12b071dec680d7375d87\",\"name\":\"ritanery\",\"image\":{\"@type\":\"ImageObject\",\"inLanguage\":\"pt-BR\",\"@id\":\"https:\/\/secure.gravatar.com\/avatar\/0e37bb19071f47c0b8a23f62a903df117c5a0e75f65a0c2901562f97cd41cf86?s=96&d=mm&r=g\",\"url\":\"https:\/\/secure.gravatar.com\/avatar\/0e37bb19071f47c0b8a23f62a903df117c5a0e75f65a0c2901562f97cd41cf86?s=96&d=mm&r=g\",\"contentUrl\":\"https:\/\/secure.gravatar.com\/avatar\/0e37bb19071f47c0b8a23f62a903df117c5a0e75f65a0c2901562f97cd41cf86?s=96&d=mm&r=g\",\"caption\":\"ritanery\"}}]}<\/script>\n<!-- \/ Yoast SEO plugin. -->","yoast_head_json":{"title":"Refei\u00e7\u00e3o escolar servida na Etec Herval Bellusci, em Adamantina, faz estudantes passarem mal - R\u00e1dio Life FM","robots":{"index":"index","follow":"follow","max-snippet":"max-snippet:-1","max-image-preview":"max-image-preview:large","max-video-preview":"max-video-preview:-1"},"canonical":"https:\/\/radiolifefm.com.br\/noticias\/refeicao-escolar-servida-na-etec-herval-bellusci-em-adamantina-faz-estudantes-passarem-mal\/","og_locale":"pt_BR","og_type":"article","og_title":"Refei\u00e7\u00e3o escolar servida na Etec Herval Bellusci, em Adamantina, faz estudantes passarem mal - R\u00e1dio Life FM","og_description":"Estudantes da Escola T\u00e9cnica Estadual (Etec) \u201cEngenheiro Herval Bellusci\u201d, de Adamantina (Col\u00e9gio Agr\u00edcola) passaram mal, nesta quinta-feira (20), ap\u00f3s realizarem as refei\u00e7\u00f5es da merenda escolar. Os alimentos s\u00e3o produzidos por uma empresa terceirizada, contratada para o preparo das refei\u00e7\u00f5es estudantis, que s\u00e3o entregues prontas na unidade de ensino. Entre os relatos de rea\u00e7\u00f5es, os estudantes [&hellip;]","og_url":"https:\/\/radiolifefm.com.br\/noticias\/refeicao-escolar-servida-na-etec-herval-bellusci-em-adamantina-faz-estudantes-passarem-mal\/","og_site_name":"R\u00e1dio Life FM","article_publisher":"https:\/\/www.facebook.com\/radiolifefm\/","article_published_time":"2022-10-22T00:03:27+00:00","article_modified_time":"2026-04-11T15:41:32+00:00","og_image":[{"width":600,"height":337,"url":"https:\/\/radiolifefm.com.br\/noticias\/wp-content\/uploads\/2022\/10\/img56401111jpg16663795826352ef3ed0502.jpg","type":"image\/jpeg"}],"author":"ritanery","twitter_card":"summary_large_image","twitter_misc":{"Escrito por":"ritanery","Est. tempo de leitura":"3 minutos"},"schema":{"@context":"https:\/\/schema.org","@graph":[{"@type":"Article","@id":"https:\/\/radiolifefm.com.br\/noticias\/refeicao-escolar-servida-na-etec-herval-bellusci-em-adamantina-faz-estudantes-passarem-mal\/#article","isPartOf":{"@id":"https:\/\/radiolifefm.com.br\/noticias\/refeicao-escolar-servida-na-etec-herval-bellusci-em-adamantina-faz-estudantes-passarem-mal\/"},"author":{"name":"ritanery","@id":"https:\/\/radiolifefm.com.br\/noticias\/#\/schema\/person\/6339b9fac59d12b071dec680d7375d87"},"headline":"Refei\u00e7\u00e3o escolar servida na Etec Herval Bellusci, em Adamantina, faz estudantes passarem mal","datePublished":"2022-10-22T00:03:27+00:00","dateModified":"2026-04-11T15:41:32+00:00","mainEntityOfPage":{"@id":"https:\/\/radiolifefm.com.br\/noticias\/refeicao-escolar-servida-na-etec-herval-bellusci-em-adamantina-faz-estudantes-passarem-mal\/"},"wordCount":413,"publisher":{"@id":"https:\/\/radiolifefm.com.br\/noticias\/#organization"},"image":{"@id":"https:\/\/radiolifefm.com.br\/noticias\/refeicao-escolar-servida-na-etec-herval-bellusci-em-adamantina-faz-estudantes-passarem-mal\/#primaryimage"},"thumbnailUrl":"https:\/\/radiolifefm.com.br\/noticias\/wp-content\/uploads\/2022\/10\/img56401111jpg16663795826352ef3ed0502.jpg","articleSection":["Adamantina"],"inLanguage":"pt-BR"},{"@type":"WebPage","@id":"https:\/\/radiolifefm.com.br\/noticias\/refeicao-escolar-servida-na-etec-herval-bellusci-em-adamantina-faz-estudantes-passarem-mal\/","url":"https:\/\/radiolifefm.com.br\/noticias\/refeicao-escolar-servida-na-etec-herval-bellusci-em-adamantina-faz-estudantes-passarem-mal\/","name":"Refei\u00e7\u00e3o escolar servida na Etec Herval Bellusci, em Adamantina, faz estudantes passarem mal - R\u00e1dio Life FM","isPartOf":{"@id":"https:\/\/radiolifefm.com.br\/noticias\/#website"},"primaryImageOfPage":{"@id":"https:\/\/radiolifefm.com.br\/noticias\/refeicao-escolar-servida-na-etec-herval-bellusci-em-adamantina-faz-estudantes-passarem-mal\/#primaryimage"},"image":{"@id":"https:\/\/radiolifefm.com.br\/noticias\/refeicao-escolar-servida-na-etec-herval-bellusci-em-adamantina-faz-estudantes-passarem-mal\/#primaryimage"},"thumbnailUrl":"https:\/\/radiolifefm.com.br\/noticias\/wp-content\/uploads\/2022\/10\/img56401111jpg16663795826352ef3ed0502.jpg","datePublished":"2022-10-22T00:03:27+00:00","dateModified":"2026-04-11T15:41:32+00:00","breadcrumb":{"@id":"https:\/\/radiolifefm.com.br\/noticias\/refeicao-escolar-servida-na-etec-herval-bellusci-em-adamantina-faz-estudantes-passarem-mal\/#breadcrumb"},"inLanguage":"pt-BR","potentialAction":[{"@type":"ReadAction","target":["https:\/\/radiolifefm.com.br\/noticias\/refeicao-escolar-servida-na-etec-herval-bellusci-em-adamantina-faz-estudantes-passarem-mal\/"]}]},{"@type":"ImageObject","inLanguage":"pt-BR","@id":"https:\/\/radiolifefm.com.br\/noticias\/refeicao-escolar-servida-na-etec-herval-bellusci-em-adamantina-faz-estudantes-passarem-mal\/#primaryimage","url":"https:\/\/radiolifefm.com.br\/noticias\/wp-content\/uploads\/2022\/10\/img56401111jpg16663795826352ef3ed0502.jpg","contentUrl":"https:\/\/radiolifefm.com.br\/noticias\/wp-content\/uploads\/2022\/10\/img56401111jpg16663795826352ef3ed0502.jpg","width":600,"height":337,"caption":"Etec engenheiro Herval Bellusci, em Adamantina (Foto: Siga Mais)."},{"@type":"BreadcrumbList","@id":"https:\/\/radiolifefm.com.br\/noticias\/refeicao-escolar-servida-na-etec-herval-bellusci-em-adamantina-faz-estudantes-passarem-mal\/#breadcrumb","itemListElement":[{"@type":"ListItem","position":1,"name":"In\u00edcio","item":"https:\/\/radiolifefm.com.br\/noticias\/"},{"@type":"ListItem","position":2,"name":"Refei\u00e7\u00e3o escolar servida na Etec Herval Bellusci, em Adamantina, faz estudantes passarem mal"}]},{"@type":"WebSite","@id":"https:\/\/radiolifefm.com.br\/noticias\/#website","url":"https:\/\/radiolifefm.com.br\/noticias\/","name":"R\u00e1dio Life FM","description":"O Portal de Not\u00edcias de Adamantina","publisher":{"@id":"https:\/\/radiolifefm.com.br\/noticias\/#organization"},"alternateName":"Life FM","potentialAction":[{"@type":"SearchAction","target":{"@type":"EntryPoint","urlTemplate":"https:\/\/radiolifefm.com.br\/noticias\/?s={search_term_string}"},"query-input":{"@type":"PropertyValueSpecification","valueRequired":true,"valueName":"search_term_string"}}],"inLanguage":"pt-BR"},{"@type":"Organization","@id":"https:\/\/radiolifefm.com.br\/noticias\/#organization","name":"R\u00e1dio Life FM","alternateName":"Life FM","url":"https:\/\/radiolifefm.com.br\/noticias\/","logo":{"@type":"ImageObject","inLanguage":"pt-BR","@id":"https:\/\/radiolifefm.com.br\/noticias\/#\/schema\/logo\/image\/","url":"https:\/\/static.radiolifefm.com.br\/noticias\/wp-content\/uploads\/2019\/10\/logo-lifefm.png","contentUrl":"https:\/\/static.radiolifefm.com.br\/noticias\/wp-content\/uploads\/2019\/10\/logo-lifefm.png","width":196,"height":47,"caption":"R\u00e1dio Life FM"},"image":{"@id":"https:\/\/radiolifefm.com.br\/noticias\/#\/schema\/logo\/image\/"},"sameAs":["https:\/\/www.facebook.com\/radiolifefm\/","https:\/\/www.instagram.com\/life1079fm\/"]},{"@type":"Person","@id":"https:\/\/radiolifefm.com.br\/noticias\/#\/schema\/person\/6339b9fac59d12b071dec680d7375d87","name":"ritanery","image":{"@type":"ImageObject","inLanguage":"pt-BR","@id":"https:\/\/secure.gravatar.com\/avatar\/0e37bb19071f47c0b8a23f62a903df117c5a0e75f65a0c2901562f97cd41cf86?s=96&d=mm&r=g","url":"https:\/\/secure.gravatar.com\/avatar\/0e37bb19071f47c0b8a23f62a903df117c5a0e75f65a0c2901562f97cd41cf86?s=96&d=mm&r=g","contentUrl":"https:\/\/secure.gravatar.com\/avatar\/0e37bb19071f47c0b8a23f62a903df117c5a0e75f65a0c2901562f97cd41cf86?s=96&d=mm&r=g","caption":"ritanery"}}]}},"amp_enabled":true,"_links":{"self":[{"href":"https:\/\/radiolifefm.com.br\/noticias\/wp-json\/wp\/v2\/posts\/59905","targetHints":{"allow":["GET"]}}],"collection":[{"href":"https:\/\/radiolifefm.com.br\/noticias\/wp-json\/wp\/v2\/posts"}],"about":[{"href":"https:\/\/radiolifefm.com.br\/noticias\/wp-json\/wp\/v2\/types\/post"}],"author":[{"embeddable":true,"href":"https:\/\/radiolifefm.com.br\/noticias\/wp-json\/wp\/v2\/users\/13"}],"replies":[{"embeddable":true,"href":"https:\/\/radiolifefm.com.br\/noticias\/wp-json\/wp\/v2\/comments?post=59905"}],"version-history":[{"count":2,"href":"https:\/\/radiolifefm.com.br\/noticias\/wp-json\/wp\/v2\/posts\/59905\/revisions"}],"predecessor-version":[{"id":59908,"href":"https:\/\/radiolifefm.com.br\/noticias\/wp-json\/wp\/v2\/posts\/59905\/revisions\/59908"}],"wp:featuredmedia":[{"embeddable":true,"href":"https:\/\/radiolifefm.com.br\/noticias\/wp-json\/wp\/v2\/media\/59906"}],"wp:attachment":[{"href":"https:\/\/radiolifefm.com.br\/noticias\/wp-json\/wp\/v2\/media?parent=59905"}],"wp:term":[{"taxonomy":"category","embeddable":true,"href":"https:\/\/radiolifefm.com.br\/noticias\/wp-json\/wp\/v2\/categories?post=59905"},{"taxonomy":"post_tag","embeddable":true,"href":"https:\/\/radiolifefm.com.br\/noticias\/wp-json\/wp\/v2\/tags?post=59905"}],"curies":[{"name":"wp","href":"https:\/\/api.w.org\/{rel}","templated":true}]}}