{"id":59801,"date":"2022-10-20T20:52:40","date_gmt":"2022-10-20T23:52:40","guid":{"rendered":"https:\/\/radiolifefm.com.br\/noticias\/?p=59801"},"modified":"2026-04-20T14:49:52","modified_gmt":"2026-04-20T17:49:52","slug":"secretaria-de-cultura-e-turismo-promove-vernissage-expo-arte","status":"publish","type":"post","link":"https:\/\/radiolifefm.com.br\/noticias\/secretaria-de-cultura-e-turismo-promove-vernissage-expo-arte\/","title":{"rendered":"Secretaria de Cultura e Turismo promove vernissage Expo Arte"},"content":{"rendered":"<div id=\"fb-root\"><\/div>\n<p style=\"font-weight: 400\">Segunda-feira (24), a partir das 19h na Biblioteca Municipal Jurema Citeli ser\u00e1 realizada a vernissage Expo Arte da Cl\u00ednica Pai Nosso Lar.<\/p>\n<p style=\"font-weight: 400\">De acordo com Ruth Duarte Menegatti, ju\u00edza da 3\u00aa vara de Adamantina e madrinha da Cl\u00ednica Pai Nosso Lar, a import\u00e2ncia da vernissage e da exposi\u00e7\u00e3o \u00e9 mostrar o lado humano do tratamento psiqui\u00e1trico e o quanto o hospital psiqui\u00e1trico de Adamantina vem lutando para realizar o tratamento assistencial da sa\u00fade mental de forma eficiente.<\/p>\n<p style=\"font-weight: 400\">\u201c\u00c9 evidente que foram muitas as transforma\u00e7\u00f5es que o hospital psiqui\u00e1trico vem sofrendo, com causas emergenciais e hoje o hospital vem buscando cada vez mais atender de forma eficiente e adequada os pacientes e a arte \u00e9 uma quest\u00e3o terap\u00eautica\u201d, afirma.<\/p>\n<p style=\"font-weight: 400\">Os trabalhos que ser\u00e3o expostos foram inspirados em Nise da Silveira que revolucionou o tratamento mental por meio da arte. \u201cN\u00f3s quisemos junto com a diretoria e com o secret\u00e1rio de cultura e turismo, Sergio Vanderlei, apresentar justamente esse trabalho que \u00e9 constru\u00eddo dentro das oficinas que s\u00e3o realizadas no hospital\u201d, comenta.<\/p>\n<p style=\"font-weight: 400\">A madrinha da Cl\u00ednica Pai Nosso Lar ressalta que a exposi\u00e7\u00e3o mostra o qu\u00e3o as pessoas s\u00e3o capazes de produzir grandes obras mesmo em situa\u00e7\u00f5es de tratamento, de dificuldades tremendas como na interna\u00e7\u00e3o. \u201cQuero deixar registrado a import\u00e2ncia da inspira\u00e7\u00e3o da Nise da Silveira, pois ela inspirou um tratamento mais humano\u201d, exp\u00f5e.<\/p>\n<p style=\"font-weight: 400\">O secret\u00e1rio de Cultura e Turismo, S\u00e9rgio Vanderlei, convida a popula\u00e7\u00e3o a prestigiar o evento. \u201cTemos feito diversas exposi\u00e7\u00f5es e essa \u00e9 uma oportunidade para evidenciarmos o trabalho que tem sido feito na Cl\u00ednica\u201d, afirma.<\/p>\n<p style=\"font-weight: 400\"><strong>Sobre a Exposi\u00e7\u00e3o<\/strong><\/p>\n<p style=\"font-weight: 400\">Ap\u00f3s a vernissage que ser\u00e1 realizada na segunda-feira (24), a exposi\u00e7\u00e3o das obras continua de ter\u00e7a (25) a sexta-feira (28) das 8h \u00e0s 17h na Biblioteca Municipal Jurema Citeli.<\/p>\n<p>&nbsp;<\/p>\n<p>Fonte: Assessoria de Impensa<\/p>\n","protected":false},"excerpt":{"rendered":"<p>Segunda-feira (24), a partir das 19h na Biblioteca Municipal Jurema Citeli ser\u00e1 realizada a vernissage Expo Arte da Cl\u00ednica Pai Nosso Lar. De acordo com Ruth Duarte Menegatti, ju\u00edza da 3\u00aa vara de Adamantina e madrinha da Cl\u00ednica Pai Nosso Lar, a import\u00e2ncia da vernissage e da exposi\u00e7\u00e3o \u00e9 mostrar o lado humano do tratamento [&hellip;]<\/p>\n","protected":false},"author":13,"featured_media":59802,"comment_status":"closed","ping_status":"open","sticky":false,"template":"","format":"standard","meta":{"_acf_changed":false,"_exactmetrics_skip_tracking":false,"_exactmetrics_sitenote_active":false,"_exactmetrics_sitenote_note":"","_exactmetrics_sitenote_category":0,"footnotes":""},"categories":[21],"tags":[],"class_list":["post-59801","post","type-post","status-publish","format-standard","has-post-thumbnail","hentry","category-adamantina"],"acf":[],"yoast_head":"<!-- This site is optimized with the Yoast SEO plugin v27.2 - https:\/\/yoast.com\/product\/yoast-seo-wordpress\/ -->\n<title>Secretaria de Cultura e Turismo promove vernissage Expo Arte - R\u00e1dio Life FM<\/title>\n<meta name=\"robots\" content=\"index, follow, max-snippet:-1, max-image-preview:large, max-video-preview:-1\" \/>\n<link rel=\"canonical\" href=\"https:\/\/radiolifefm.com.br\/noticias\/secretaria-de-cultura-e-turismo-promove-vernissage-expo-arte\/\" \/>\n<meta property=\"og:locale\" content=\"pt_BR\" \/>\n<meta property=\"og:type\" content=\"article\" \/>\n<meta property=\"og:title\" content=\"Secretaria de Cultura e Turismo promove vernissage Expo Arte - R\u00e1dio Life FM\" \/>\n<meta property=\"og:description\" content=\"Segunda-feira (24), a partir das 19h na Biblioteca Municipal Jurema Citeli ser\u00e1 realizada a vernissage Expo Arte da Cl\u00ednica Pai Nosso Lar. De acordo com Ruth Duarte Menegatti, ju\u00edza da 3\u00aa vara de Adamantina e madrinha da Cl\u00ednica Pai Nosso Lar, a import\u00e2ncia da vernissage e da exposi\u00e7\u00e3o \u00e9 mostrar o lado humano do tratamento [&hellip;]\" \/>\n<meta property=\"og:url\" content=\"https:\/\/radiolifefm.com.br\/noticias\/secretaria-de-cultura-e-turismo-promove-vernissage-expo-arte\/\" \/>\n<meta property=\"og:site_name\" content=\"R\u00e1dio Life FM\" \/>\n<meta property=\"article:publisher\" content=\"https:\/\/www.facebook.com\/radiolifefm\/\" \/>\n<meta property=\"article:published_time\" content=\"2022-10-20T23:52:40+00:00\" \/>\n<meta property=\"article:modified_time\" content=\"2026-04-20T17:49:52+00:00\" \/>\n<meta property=\"og:image\" content=\"https:\/\/radiolifefm.com.br\/noticias\/wp-content\/uploads\/2022\/10\/51c76b96fbf5cdb47876621940a1e2a7.jpg\" \/>\n\t<meta property=\"og:image:width\" content=\"848\" \/>\n\t<meta property=\"og:image:height\" content=\"307\" \/>\n\t<meta property=\"og:image:type\" content=\"image\/jpeg\" \/>\n<meta name=\"author\" content=\"ritanery\" \/>\n<meta name=\"twitter:card\" content=\"summary_large_image\" \/>\n<meta name=\"twitter:label1\" content=\"Escrito por\" \/>\n\t<meta name=\"twitter:data1\" content=\"ritanery\" \/>\n\t<meta name=\"twitter:label2\" content=\"Est. tempo de leitura\" \/>\n\t<meta name=\"twitter:data2\" content=\"2 minutos\" \/>\n<script type=\"application\/ld+json\" class=\"yoast-schema-graph\">{\"@context\":\"https:\/\/schema.org\",\"@graph\":[{\"@type\":\"Article\",\"@id\":\"https:\/\/radiolifefm.com.br\/noticias\/secretaria-de-cultura-e-turismo-promove-vernissage-expo-arte\/#article\",\"isPartOf\":{\"@id\":\"https:\/\/radiolifefm.com.br\/noticias\/secretaria-de-cultura-e-turismo-promove-vernissage-expo-arte\/\"},\"author\":{\"name\":\"ritanery\",\"@id\":\"https:\/\/radiolifefm.com.br\/noticias\/#\/schema\/person\/6339b9fac59d12b071dec680d7375d87\"},\"headline\":\"Secretaria de Cultura e Turismo promove vernissage Expo Arte\",\"datePublished\":\"2022-10-20T23:52:40+00:00\",\"dateModified\":\"2026-04-20T17:49:52+00:00\",\"mainEntityOfPage\":{\"@id\":\"https:\/\/radiolifefm.com.br\/noticias\/secretaria-de-cultura-e-turismo-promove-vernissage-expo-arte\/\"},\"wordCount\":328,\"publisher\":{\"@id\":\"https:\/\/radiolifefm.com.br\/noticias\/#organization\"},\"image\":{\"@id\":\"https:\/\/radiolifefm.com.br\/noticias\/secretaria-de-cultura-e-turismo-promove-vernissage-expo-arte\/#primaryimage\"},\"thumbnailUrl\":\"https:\/\/radiolifefm.com.br\/noticias\/wp-content\/uploads\/2022\/10\/51c76b96fbf5cdb47876621940a1e2a7.jpg\",\"articleSection\":[\"Adamantina\"],\"inLanguage\":\"pt-BR\"},{\"@type\":\"WebPage\",\"@id\":\"https:\/\/radiolifefm.com.br\/noticias\/secretaria-de-cultura-e-turismo-promove-vernissage-expo-arte\/\",\"url\":\"https:\/\/radiolifefm.com.br\/noticias\/secretaria-de-cultura-e-turismo-promove-vernissage-expo-arte\/\",\"name\":\"Secretaria de Cultura e Turismo promove vernissage Expo Arte - R\u00e1dio Life FM\",\"isPartOf\":{\"@id\":\"https:\/\/radiolifefm.com.br\/noticias\/#website\"},\"primaryImageOfPage\":{\"@id\":\"https:\/\/radiolifefm.com.br\/noticias\/secretaria-de-cultura-e-turismo-promove-vernissage-expo-arte\/#primaryimage\"},\"image\":{\"@id\":\"https:\/\/radiolifefm.com.br\/noticias\/secretaria-de-cultura-e-turismo-promove-vernissage-expo-arte\/#primaryimage\"},\"thumbnailUrl\":\"https:\/\/radiolifefm.com.br\/noticias\/wp-content\/uploads\/2022\/10\/51c76b96fbf5cdb47876621940a1e2a7.jpg\",\"datePublished\":\"2022-10-20T23:52:40+00:00\",\"dateModified\":\"2026-04-20T17:49:52+00:00\",\"breadcrumb\":{\"@id\":\"https:\/\/radiolifefm.com.br\/noticias\/secretaria-de-cultura-e-turismo-promove-vernissage-expo-arte\/#breadcrumb\"},\"inLanguage\":\"pt-BR\",\"potentialAction\":[{\"@type\":\"ReadAction\",\"target\":[\"https:\/\/radiolifefm.com.br\/noticias\/secretaria-de-cultura-e-turismo-promove-vernissage-expo-arte\/\"]}]},{\"@type\":\"ImageObject\",\"inLanguage\":\"pt-BR\",\"@id\":\"https:\/\/radiolifefm.com.br\/noticias\/secretaria-de-cultura-e-turismo-promove-vernissage-expo-arte\/#primaryimage\",\"url\":\"https:\/\/radiolifefm.com.br\/noticias\/wp-content\/uploads\/2022\/10\/51c76b96fbf5cdb47876621940a1e2a7.jpg\",\"contentUrl\":\"https:\/\/radiolifefm.com.br\/noticias\/wp-content\/uploads\/2022\/10\/51c76b96fbf5cdb47876621940a1e2a7.jpg\",\"width\":848,\"height\":307,\"caption\":\"Obras expostas foram produzidas pelos moradores da Cl\u00ednica Pai Nosso Lar\"},{\"@type\":\"BreadcrumbList\",\"@id\":\"https:\/\/radiolifefm.com.br\/noticias\/secretaria-de-cultura-e-turismo-promove-vernissage-expo-arte\/#breadcrumb\",\"itemListElement\":[{\"@type\":\"ListItem\",\"position\":1,\"name\":\"In\u00edcio\",\"item\":\"https:\/\/radiolifefm.com.br\/noticias\/\"},{\"@type\":\"ListItem\",\"position\":2,\"name\":\"Secretaria de Cultura e Turismo promove vernissage Expo Arte\"}]},{\"@type\":\"WebSite\",\"@id\":\"https:\/\/radiolifefm.com.br\/noticias\/#website\",\"url\":\"https:\/\/radiolifefm.com.br\/noticias\/\",\"name\":\"R\u00e1dio Life FM\",\"description\":\"O Portal de Not\u00edcias de Adamantina\",\"publisher\":{\"@id\":\"https:\/\/radiolifefm.com.br\/noticias\/#organization\"},\"alternateName\":\"Life FM\",\"potentialAction\":[{\"@type\":\"SearchAction\",\"target\":{\"@type\":\"EntryPoint\",\"urlTemplate\":\"https:\/\/radiolifefm.com.br\/noticias\/?s={search_term_string}\"},\"query-input\":{\"@type\":\"PropertyValueSpecification\",\"valueRequired\":true,\"valueName\":\"search_term_string\"}}],\"inLanguage\":\"pt-BR\"},{\"@type\":\"Organization\",\"@id\":\"https:\/\/radiolifefm.com.br\/noticias\/#organization\",\"name\":\"R\u00e1dio Life FM\",\"alternateName\":\"Life FM\",\"url\":\"https:\/\/radiolifefm.com.br\/noticias\/\",\"logo\":{\"@type\":\"ImageObject\",\"inLanguage\":\"pt-BR\",\"@id\":\"https:\/\/radiolifefm.com.br\/noticias\/#\/schema\/logo\/image\/\",\"url\":\"https:\/\/static.radiolifefm.com.br\/noticias\/wp-content\/uploads\/2019\/10\/logo-lifefm.png\",\"contentUrl\":\"https:\/\/static.radiolifefm.com.br\/noticias\/wp-content\/uploads\/2019\/10\/logo-lifefm.png\",\"width\":196,\"height\":47,\"caption\":\"R\u00e1dio Life FM\"},\"image\":{\"@id\":\"https:\/\/radiolifefm.com.br\/noticias\/#\/schema\/logo\/image\/\"},\"sameAs\":[\"https:\/\/www.facebook.com\/radiolifefm\/\",\"https:\/\/www.instagram.com\/life1079fm\/\"]},{\"@type\":\"Person\",\"@id\":\"https:\/\/radiolifefm.com.br\/noticias\/#\/schema\/person\/6339b9fac59d12b071dec680d7375d87\",\"name\":\"ritanery\",\"image\":{\"@type\":\"ImageObject\",\"inLanguage\":\"pt-BR\",\"@id\":\"https:\/\/secure.gravatar.com\/avatar\/0e37bb19071f47c0b8a23f62a903df117c5a0e75f65a0c2901562f97cd41cf86?s=96&d=mm&r=g\",\"url\":\"https:\/\/secure.gravatar.com\/avatar\/0e37bb19071f47c0b8a23f62a903df117c5a0e75f65a0c2901562f97cd41cf86?s=96&d=mm&r=g\",\"contentUrl\":\"https:\/\/secure.gravatar.com\/avatar\/0e37bb19071f47c0b8a23f62a903df117c5a0e75f65a0c2901562f97cd41cf86?s=96&d=mm&r=g\",\"caption\":\"ritanery\"}}]}<\/script>\n<!-- \/ Yoast SEO plugin. -->","yoast_head_json":{"title":"Secretaria de Cultura e Turismo promove vernissage Expo Arte - R\u00e1dio Life FM","robots":{"index":"index","follow":"follow","max-snippet":"max-snippet:-1","max-image-preview":"max-image-preview:large","max-video-preview":"max-video-preview:-1"},"canonical":"https:\/\/radiolifefm.com.br\/noticias\/secretaria-de-cultura-e-turismo-promove-vernissage-expo-arte\/","og_locale":"pt_BR","og_type":"article","og_title":"Secretaria de Cultura e Turismo promove vernissage Expo Arte - R\u00e1dio Life FM","og_description":"Segunda-feira (24), a partir das 19h na Biblioteca Municipal Jurema Citeli ser\u00e1 realizada a vernissage Expo Arte da Cl\u00ednica Pai Nosso Lar. De acordo com Ruth Duarte Menegatti, ju\u00edza da 3\u00aa vara de Adamantina e madrinha da Cl\u00ednica Pai Nosso Lar, a import\u00e2ncia da vernissage e da exposi\u00e7\u00e3o \u00e9 mostrar o lado humano do tratamento [&hellip;]","og_url":"https:\/\/radiolifefm.com.br\/noticias\/secretaria-de-cultura-e-turismo-promove-vernissage-expo-arte\/","og_site_name":"R\u00e1dio Life FM","article_publisher":"https:\/\/www.facebook.com\/radiolifefm\/","article_published_time":"2022-10-20T23:52:40+00:00","article_modified_time":"2026-04-20T17:49:52+00:00","og_image":[{"width":848,"height":307,"url":"https:\/\/radiolifefm.com.br\/noticias\/wp-content\/uploads\/2022\/10\/51c76b96fbf5cdb47876621940a1e2a7.jpg","type":"image\/jpeg"}],"author":"ritanery","twitter_card":"summary_large_image","twitter_misc":{"Escrito por":"ritanery","Est. tempo de leitura":"2 minutos"},"schema":{"@context":"https:\/\/schema.org","@graph":[{"@type":"Article","@id":"https:\/\/radiolifefm.com.br\/noticias\/secretaria-de-cultura-e-turismo-promove-vernissage-expo-arte\/#article","isPartOf":{"@id":"https:\/\/radiolifefm.com.br\/noticias\/secretaria-de-cultura-e-turismo-promove-vernissage-expo-arte\/"},"author":{"name":"ritanery","@id":"https:\/\/radiolifefm.com.br\/noticias\/#\/schema\/person\/6339b9fac59d12b071dec680d7375d87"},"headline":"Secretaria de Cultura e Turismo promove vernissage Expo Arte","datePublished":"2022-10-20T23:52:40+00:00","dateModified":"2026-04-20T17:49:52+00:00","mainEntityOfPage":{"@id":"https:\/\/radiolifefm.com.br\/noticias\/secretaria-de-cultura-e-turismo-promove-vernissage-expo-arte\/"},"wordCount":328,"publisher":{"@id":"https:\/\/radiolifefm.com.br\/noticias\/#organization"},"image":{"@id":"https:\/\/radiolifefm.com.br\/noticias\/secretaria-de-cultura-e-turismo-promove-vernissage-expo-arte\/#primaryimage"},"thumbnailUrl":"https:\/\/radiolifefm.com.br\/noticias\/wp-content\/uploads\/2022\/10\/51c76b96fbf5cdb47876621940a1e2a7.jpg","articleSection":["Adamantina"],"inLanguage":"pt-BR"},{"@type":"WebPage","@id":"https:\/\/radiolifefm.com.br\/noticias\/secretaria-de-cultura-e-turismo-promove-vernissage-expo-arte\/","url":"https:\/\/radiolifefm.com.br\/noticias\/secretaria-de-cultura-e-turismo-promove-vernissage-expo-arte\/","name":"Secretaria de Cultura e Turismo promove vernissage Expo Arte - R\u00e1dio Life FM","isPartOf":{"@id":"https:\/\/radiolifefm.com.br\/noticias\/#website"},"primaryImageOfPage":{"@id":"https:\/\/radiolifefm.com.br\/noticias\/secretaria-de-cultura-e-turismo-promove-vernissage-expo-arte\/#primaryimage"},"image":{"@id":"https:\/\/radiolifefm.com.br\/noticias\/secretaria-de-cultura-e-turismo-promove-vernissage-expo-arte\/#primaryimage"},"thumbnailUrl":"https:\/\/radiolifefm.com.br\/noticias\/wp-content\/uploads\/2022\/10\/51c76b96fbf5cdb47876621940a1e2a7.jpg","datePublished":"2022-10-20T23:52:40+00:00","dateModified":"2026-04-20T17:49:52+00:00","breadcrumb":{"@id":"https:\/\/radiolifefm.com.br\/noticias\/secretaria-de-cultura-e-turismo-promove-vernissage-expo-arte\/#breadcrumb"},"inLanguage":"pt-BR","potentialAction":[{"@type":"ReadAction","target":["https:\/\/radiolifefm.com.br\/noticias\/secretaria-de-cultura-e-turismo-promove-vernissage-expo-arte\/"]}]},{"@type":"ImageObject","inLanguage":"pt-BR","@id":"https:\/\/radiolifefm.com.br\/noticias\/secretaria-de-cultura-e-turismo-promove-vernissage-expo-arte\/#primaryimage","url":"https:\/\/radiolifefm.com.br\/noticias\/wp-content\/uploads\/2022\/10\/51c76b96fbf5cdb47876621940a1e2a7.jpg","contentUrl":"https:\/\/radiolifefm.com.br\/noticias\/wp-content\/uploads\/2022\/10\/51c76b96fbf5cdb47876621940a1e2a7.jpg","width":848,"height":307,"caption":"Obras expostas foram produzidas pelos moradores da Cl\u00ednica Pai Nosso Lar"},{"@type":"BreadcrumbList","@id":"https:\/\/radiolifefm.com.br\/noticias\/secretaria-de-cultura-e-turismo-promove-vernissage-expo-arte\/#breadcrumb","itemListElement":[{"@type":"ListItem","position":1,"name":"In\u00edcio","item":"https:\/\/radiolifefm.com.br\/noticias\/"},{"@type":"ListItem","position":2,"name":"Secretaria de Cultura e Turismo promove vernissage Expo Arte"}]},{"@type":"WebSite","@id":"https:\/\/radiolifefm.com.br\/noticias\/#website","url":"https:\/\/radiolifefm.com.br\/noticias\/","name":"R\u00e1dio Life FM","description":"O Portal de Not\u00edcias de Adamantina","publisher":{"@id":"https:\/\/radiolifefm.com.br\/noticias\/#organization"},"alternateName":"Life FM","potentialAction":[{"@type":"SearchAction","target":{"@type":"EntryPoint","urlTemplate":"https:\/\/radiolifefm.com.br\/noticias\/?s={search_term_string}"},"query-input":{"@type":"PropertyValueSpecification","valueRequired":true,"valueName":"search_term_string"}}],"inLanguage":"pt-BR"},{"@type":"Organization","@id":"https:\/\/radiolifefm.com.br\/noticias\/#organization","name":"R\u00e1dio Life FM","alternateName":"Life FM","url":"https:\/\/radiolifefm.com.br\/noticias\/","logo":{"@type":"ImageObject","inLanguage":"pt-BR","@id":"https:\/\/radiolifefm.com.br\/noticias\/#\/schema\/logo\/image\/","url":"https:\/\/static.radiolifefm.com.br\/noticias\/wp-content\/uploads\/2019\/10\/logo-lifefm.png","contentUrl":"https:\/\/static.radiolifefm.com.br\/noticias\/wp-content\/uploads\/2019\/10\/logo-lifefm.png","width":196,"height":47,"caption":"R\u00e1dio Life FM"},"image":{"@id":"https:\/\/radiolifefm.com.br\/noticias\/#\/schema\/logo\/image\/"},"sameAs":["https:\/\/www.facebook.com\/radiolifefm\/","https:\/\/www.instagram.com\/life1079fm\/"]},{"@type":"Person","@id":"https:\/\/radiolifefm.com.br\/noticias\/#\/schema\/person\/6339b9fac59d12b071dec680d7375d87","name":"ritanery","image":{"@type":"ImageObject","inLanguage":"pt-BR","@id":"https:\/\/secure.gravatar.com\/avatar\/0e37bb19071f47c0b8a23f62a903df117c5a0e75f65a0c2901562f97cd41cf86?s=96&d=mm&r=g","url":"https:\/\/secure.gravatar.com\/avatar\/0e37bb19071f47c0b8a23f62a903df117c5a0e75f65a0c2901562f97cd41cf86?s=96&d=mm&r=g","contentUrl":"https:\/\/secure.gravatar.com\/avatar\/0e37bb19071f47c0b8a23f62a903df117c5a0e75f65a0c2901562f97cd41cf86?s=96&d=mm&r=g","caption":"ritanery"}}]}},"amp_enabled":true,"_links":{"self":[{"href":"https:\/\/radiolifefm.com.br\/noticias\/wp-json\/wp\/v2\/posts\/59801","targetHints":{"allow":["GET"]}}],"collection":[{"href":"https:\/\/radiolifefm.com.br\/noticias\/wp-json\/wp\/v2\/posts"}],"about":[{"href":"https:\/\/radiolifefm.com.br\/noticias\/wp-json\/wp\/v2\/types\/post"}],"author":[{"embeddable":true,"href":"https:\/\/radiolifefm.com.br\/noticias\/wp-json\/wp\/v2\/users\/13"}],"replies":[{"embeddable":true,"href":"https:\/\/radiolifefm.com.br\/noticias\/wp-json\/wp\/v2\/comments?post=59801"}],"version-history":[{"count":4,"href":"https:\/\/radiolifefm.com.br\/noticias\/wp-json\/wp\/v2\/posts\/59801\/revisions"}],"predecessor-version":[{"id":59806,"href":"https:\/\/radiolifefm.com.br\/noticias\/wp-json\/wp\/v2\/posts\/59801\/revisions\/59806"}],"wp:featuredmedia":[{"embeddable":true,"href":"https:\/\/radiolifefm.com.br\/noticias\/wp-json\/wp\/v2\/media\/59802"}],"wp:attachment":[{"href":"https:\/\/radiolifefm.com.br\/noticias\/wp-json\/wp\/v2\/media?parent=59801"}],"wp:term":[{"taxonomy":"category","embeddable":true,"href":"https:\/\/radiolifefm.com.br\/noticias\/wp-json\/wp\/v2\/categories?post=59801"},{"taxonomy":"post_tag","embeddable":true,"href":"https:\/\/radiolifefm.com.br\/noticias\/wp-json\/wp\/v2\/tags?post=59801"}],"curies":[{"name":"wp","href":"https:\/\/api.w.org\/{rel}","templated":true}]}}