{"id":59680,"date":"2022-10-19T08:08:09","date_gmt":"2022-10-19T11:08:09","guid":{"rendered":"https:\/\/radiolifefm.com.br\/noticias\/?p=59680"},"modified":"2026-04-06T10:13:02","modified_gmt":"2026-04-06T13:13:02","slug":"promotoria-investiga-prefeitura-sobre-acoes-trabalhistas-em-que-o-municipio-nao-apresentou-defesa","status":"publish","type":"post","link":"https:\/\/radiolifefm.com.br\/noticias\/promotoria-investiga-prefeitura-sobre-acoes-trabalhistas-em-que-o-municipio-nao-apresentou-defesa\/","title":{"rendered":"Promotoria investiga Prefeitura sobre a\u00e7\u00f5es trabalhistas em que o Munic\u00edpio n\u00e3o apresentou defesa"},"content":{"rendered":"<div id=\"fb-root\"><\/div>\n<div>\n<p>O Minist\u00e9rio P\u00fablico do Estado de S\u00e3o Paulo (MPSP), por meio da Promotoria de Justi\u00e7a de Adamantina, instalou procedimento (Not\u00edcia de Fato\/Pe\u00e7a de Informa\u00e7\u00e3o N\u00ba 66.0182.0000889\/2022-8), para apurar comunica\u00e7\u00e3o feita ao \u00f3rg\u00e3o pela Vara da Justi\u00e7a do Trabalho de Adamantina, sobre a conduta da Prefeitura de Adamantina que n\u00e3o teria apresentado defesa em 22 a\u00e7\u00f5es trabalhistas movidas contra o Munic\u00edpio.<\/p>\n<p>O questionamento \u00e0 conduta dos agentes municipais foi <a href=\"https:\/\/www.sigamais.com\/noticias\/cidades\/justica-do-trabalho-diz-que-prefeitura-comete-descaso-ao-nao-se-defender-em-acao-trabalhista\/\" target=\"_blank\" rel=\"noopener\"><strong>mostrado pelo SIGA MAIS em junho passado<\/strong><\/a>, quando a reportagem teve acesso a uma decis\u00e3o judicial, acerca de reclama\u00e7\u00e3o trabalhista, onde a ju\u00edza do caso \u2013 Eucymara Maciel Oliveto Ruiz \u2013 destacou a aus\u00eancia dos representantes do Poder Executivo Municipal, que na respectiva demanda n\u00e3o teriam promovido a defesa do Munic\u00edpio, e definiu essa aus\u00eancia como descaso, determinando que sejam acionados os \u00f3rg\u00e3os de fiscaliza\u00e7\u00e3o. A manifesta\u00e7\u00e3o da magistrada determinou que o MPSP e o Tribunal de Contas fossem acionados.<\/p>\n<p>A manifesta\u00e7\u00e3o da magistrada da Vara do Trabalho teve andamento. No \u00e2mbito do MPSP, o desdobramento se tornou p\u00fablico. Um of\u00edcio do promotor de justi\u00e7a Marlon Robert de Sales, enviado \u00e0 C\u00e2mara Municipal no dia 26 de setembro, foi lido em plen\u00e1rio, no Legislativo, em sess\u00e3o ordin\u00e1ria realizada em 5 de outubro, contextualizando o caso e cobrando informa\u00e7\u00f5es da Prefeitura. A comunica\u00e7\u00e3o da promotoria, \u00e0 C\u00e2mara, se deu para ci\u00eancia, como tamb\u00e9m para as provid\u00eancias que o Poder Legislativo julgar pertinentes.<\/p>\n<p>O documento da Promotoria \u00e0 C\u00e2mara Municipal narra sobre a apura\u00e7\u00e3o e informa que as 22 condena\u00e7\u00f5es trabalhistas imputadas ao Munic\u00edpio, em que n\u00e3o teria ocorrido defesa jur\u00eddica, somam R$ 60.514,30, cujos valores dever\u00e3o ser corrigidos quando da liquida\u00e7\u00e3o da senten\u00e7a. \u201c\u00c9 certo que os cofres municipais experimentam preju\u00edzo consider\u00e1vel com as condena\u00e7\u00f5es trabalhistas as quais o munic\u00edpio foi revel. Conforme tabela acima [refere-se a tabela presente no of\u00edcio], at\u00e9 o presente momento, as condena\u00e7\u00f5es, juntamente com honor\u00e1rios advocat\u00edcios, somam R$ 60.514,30. Tendo em vista que as condena\u00e7\u00f5es, na sua maioria, s\u00e3o provis\u00f3rias, os valores ser\u00e3o acrescidos na fase de liquida\u00e7\u00e3o de senten\u00e7a, em raz\u00e3o de juros e corre\u00e7\u00e3o monet\u00e1ria; onerando, desta forma, ainda mais os cofres p\u00fablicos\u201d, adverte o representante do MPSP. \u201cCaso constatada omiss\u00e3o, des\u00eddia e\/ou irregularidades por parte dos agentes p\u00fablicos, o preju\u00edzo causado ao munic\u00edpio dever\u00e1 ser ressarcido pelo respons\u00e1vel, sem preju\u00edzo de outras san\u00e7\u00f5es administrativas e penais\u201d, prossegue.<\/p>\n<p>Ainda de acordo com o MPSP, em manifesta\u00e7\u00e3o anterior ao \u00f3rg\u00e3o o Munic\u00edpio teria tratado a falta de defesa em a\u00e7\u00e3o trabalhista como caso isolado, o que foi rebatido pelo agente fiscalizador. \u201cO Munic\u00edpio, anteriormente, justificou que a falta de defesa, nestes casos, ocorreu de modo isolado e foi decorrente do volume de a\u00e7\u00f5es trabalhistas que o Munic\u00edpio vem sofrendo, o que culminou em falha o sistema de atribui\u00e7\u00f5es de tarefas&#8221;, narra o of\u00edcio. \u201cPor\u00e9m, contrariando a justificativa do Munic\u00edpio, n\u00e3o se trata de casos isolados\u201d, apontou o documento do promotor.<\/p>\n<p><strong>Cinco pontos requisitados pelo MPSP ao Munic\u00edpio<\/strong><\/p>\n<p>Diante desses fatos, conforme informou o MPSP em of\u00edcio \u00e0 C\u00e2mara Municipal de Adamantina, o Munic\u00edpio dever\u00e1 apresentar, dentro de 30 dias (data contada a partir da notifica\u00e7\u00e3o), um conjunto de respostas a cinco t\u00f3picos requisitados pelo \u00f3rg\u00e3o fiscalizador. As quest\u00f5es s\u00e3o dirigidas \u00e0 Procuradoria Geral do Munic\u00edpio e ao Departamento de Recursos Humanos, estrutura da Secretaria Municipal de Administra\u00e7\u00e3o.<\/p>\n<p>O promotor quer saber sobre a rotina da Procuradoria, a partir da ci\u00eancia das intima\u00e7\u00f5es da Justi\u00e7a do Trabalho, como tamb\u00e9m o nome de servidor que participe desses encaminhamentos; e ainda sobre os procedimentos de f\u00e9rias aos servidores municipais, que s\u00e3o pontos questionados pelos trabalhadores nas a\u00e7\u00f5es em que foram apontadas aus\u00eancia de defesa, pelo Munic\u00edpio. Veja quais s\u00e3o os cinco t\u00f3picos:<\/p>\n<p>1 &#8211; De que forma a Procuradoria do Munic\u00edpio toma ci\u00eancia das intima\u00e7\u00f5es da Justi\u00e7a do Trabalho? Os Procuradores tomam ci\u00eancia diretamente ou s\u00e3o cientificados por meio de servidor incumbido desta tarefa? Caso tenha participa\u00e7\u00e3o de servidor, informar o seu nome.<\/p>\n<p>2 &#8211; Quais as provid\u00eancias adotadas pelo Setor de Recursos Humanos do Munic\u00edpio quando do pedido de solicita\u00e7\u00e3o de f\u00e9rias do empregado, tendo em vista que, ap\u00f3s altera\u00e7\u00e3o legislativa na CLT, prevista pela Lei n\u00b0 13.467\/2017, n\u00e3o se exige mais a excepcionalidade para o fracionamento das f\u00e9rias, mas t\u00e3o somente a concord\u00e2ncia expressa do empregado. Como se procede esta concord\u00e2ncia expressa?<\/p>\n<p>3 &#8211; Como se procede o pedido de fracionamento de f\u00e9rias? Neste caso, o funcion\u00e1rio assina algum documento externando a sua concord\u00e2ncia ou \u00e9 meramente oral, tendo em vista que no fracionamento de f\u00e9rias, a Justi\u00e7a do Trabalho reconhece como obrigat\u00f3ria a assinatura do funcion\u00e1rio.<\/p>\n<p>4 &#8211; Ap\u00f3s referida altera\u00e7\u00e3o legislativa, os respons\u00e1veis pelo Setor de Recursos Humanos est\u00e3o tomando as devidas precau\u00e7\u00f5es, conforme apontadas acima, para evitar novas a\u00e7\u00f5es trabalhistas e consequentemente novas condena\u00e7\u00f5es?<\/p>\n<p>5 &#8211; Que a Prefeitura realize amplo levantamento desde 11 de novembro de 2017, data da entrada em vigor da Lei n\u00b0 13.467\/2017, informando com nome completo e datas, quantos funcion\u00e1rios que tiveram f\u00e9rias fracionadas desde ent\u00e3o e que n\u00e3o possuem documento comprovando a concord\u00e2ncia do funcion\u00e1rio no tocante ao fracionamento das f\u00e9rias. Caso esta situa\u00e7\u00e3o ocorreu mais de uma vez com o mesmo funcion\u00e1rio, mencionar cada ocorr\u00eancia.<\/p>\n<\/div>\n<p>Fonte: Siga Mais<\/p>\n","protected":false},"excerpt":{"rendered":"<p>O Minist\u00e9rio P\u00fablico do Estado de S\u00e3o Paulo (MPSP), por meio da Promotoria de Justi\u00e7a de Adamantina, instalou procedimento (Not\u00edcia de Fato\/Pe\u00e7a de Informa\u00e7\u00e3o N\u00ba 66.0182.0000889\/2022-8), para apurar comunica\u00e7\u00e3o feita ao \u00f3rg\u00e3o pela Vara da Justi\u00e7a do Trabalho de Adamantina, sobre a conduta da Prefeitura de Adamantina que n\u00e3o teria apresentado defesa em 22 a\u00e7\u00f5es [&hellip;]<\/p>\n","protected":false},"author":13,"featured_media":37049,"comment_status":"closed","ping_status":"open","sticky":false,"template":"","format":"standard","meta":{"_acf_changed":false,"_exactmetrics_skip_tracking":false,"_exactmetrics_sitenote_active":false,"_exactmetrics_sitenote_note":"","_exactmetrics_sitenote_category":0,"footnotes":""},"categories":[21],"tags":[],"class_list":["post-59680","post","type-post","status-publish","format-standard","has-post-thumbnail","hentry","category-adamantina"],"acf":[],"yoast_head":"<!-- This site is optimized with the Yoast SEO plugin v27.2 - https:\/\/yoast.com\/product\/yoast-seo-wordpress\/ -->\n<title>Promotoria investiga Prefeitura sobre a\u00e7\u00f5es trabalhistas em que o Munic\u00edpio n\u00e3o apresentou defesa - R\u00e1dio Life FM<\/title>\n<meta name=\"robots\" content=\"index, follow, max-snippet:-1, max-image-preview:large, max-video-preview:-1\" \/>\n<link rel=\"canonical\" href=\"https:\/\/radiolifefm.com.br\/noticias\/promotoria-investiga-prefeitura-sobre-acoes-trabalhistas-em-que-o-municipio-nao-apresentou-defesa\/\" \/>\n<meta property=\"og:locale\" content=\"pt_BR\" \/>\n<meta property=\"og:type\" content=\"article\" \/>\n<meta property=\"og:title\" content=\"Promotoria investiga Prefeitura sobre a\u00e7\u00f5es trabalhistas em que o Munic\u00edpio n\u00e3o apresentou defesa - R\u00e1dio Life FM\" \/>\n<meta property=\"og:description\" content=\"O Minist\u00e9rio P\u00fablico do Estado de S\u00e3o Paulo (MPSP), por meio da Promotoria de Justi\u00e7a de Adamantina, instalou procedimento (Not\u00edcia de Fato\/Pe\u00e7a de Informa\u00e7\u00e3o N\u00ba 66.0182.0000889\/2022-8), para apurar comunica\u00e7\u00e3o feita ao \u00f3rg\u00e3o pela Vara da Justi\u00e7a do Trabalho de Adamantina, sobre a conduta da Prefeitura de Adamantina que n\u00e3o teria apresentado defesa em 22 a\u00e7\u00f5es [&hellip;]\" \/>\n<meta property=\"og:url\" content=\"https:\/\/radiolifefm.com.br\/noticias\/promotoria-investiga-prefeitura-sobre-acoes-trabalhistas-em-que-o-municipio-nao-apresentou-defesa\/\" \/>\n<meta property=\"og:site_name\" content=\"R\u00e1dio Life FM\" \/>\n<meta property=\"article:publisher\" content=\"https:\/\/www.facebook.com\/radiolifefm\/\" \/>\n<meta property=\"article:published_time\" content=\"2022-10-19T11:08:09+00:00\" \/>\n<meta property=\"article:modified_time\" content=\"2026-04-06T13:13:02+00:00\" \/>\n<meta property=\"og:image\" content=\"https:\/\/radiolifefm.com.br\/noticias\/wp-content\/uploads\/2021\/03\/pna-lupapng161694042360608d8786c6b.jpg\" \/>\n\t<meta property=\"og:image:width\" content=\"540\" \/>\n\t<meta property=\"og:image:height\" content=\"300\" \/>\n\t<meta property=\"og:image:type\" content=\"image\/jpeg\" \/>\n<meta name=\"author\" content=\"ritanery\" \/>\n<meta name=\"twitter:card\" content=\"summary_large_image\" \/>\n<meta name=\"twitter:label1\" content=\"Escrito por\" \/>\n\t<meta name=\"twitter:data1\" content=\"ritanery\" \/>\n\t<meta name=\"twitter:label2\" content=\"Est. tempo de leitura\" \/>\n\t<meta name=\"twitter:data2\" content=\"5 minutos\" \/>\n<script type=\"application\/ld+json\" class=\"yoast-schema-graph\">{\"@context\":\"https:\/\/schema.org\",\"@graph\":[{\"@type\":\"Article\",\"@id\":\"https:\/\/radiolifefm.com.br\/noticias\/promotoria-investiga-prefeitura-sobre-acoes-trabalhistas-em-que-o-municipio-nao-apresentou-defesa\/#article\",\"isPartOf\":{\"@id\":\"https:\/\/radiolifefm.com.br\/noticias\/promotoria-investiga-prefeitura-sobre-acoes-trabalhistas-em-que-o-municipio-nao-apresentou-defesa\/\"},\"author\":{\"name\":\"ritanery\",\"@id\":\"https:\/\/radiolifefm.com.br\/noticias\/#\/schema\/person\/6339b9fac59d12b071dec680d7375d87\"},\"headline\":\"Promotoria investiga Prefeitura sobre a\u00e7\u00f5es trabalhistas em que o Munic\u00edpio n\u00e3o apresentou defesa\",\"datePublished\":\"2022-10-19T11:08:09+00:00\",\"dateModified\":\"2026-04-06T13:13:02+00:00\",\"mainEntityOfPage\":{\"@id\":\"https:\/\/radiolifefm.com.br\/noticias\/promotoria-investiga-prefeitura-sobre-acoes-trabalhistas-em-que-o-municipio-nao-apresentou-defesa\/\"},\"wordCount\":990,\"publisher\":{\"@id\":\"https:\/\/radiolifefm.com.br\/noticias\/#organization\"},\"image\":{\"@id\":\"https:\/\/radiolifefm.com.br\/noticias\/promotoria-investiga-prefeitura-sobre-acoes-trabalhistas-em-que-o-municipio-nao-apresentou-defesa\/#primaryimage\"},\"thumbnailUrl\":\"https:\/\/radiolifefm.com.br\/noticias\/wp-content\/uploads\/2021\/03\/pna-lupapng161694042360608d8786c6b.jpg\",\"articleSection\":[\"Adamantina\"],\"inLanguage\":\"pt-BR\"},{\"@type\":\"WebPage\",\"@id\":\"https:\/\/radiolifefm.com.br\/noticias\/promotoria-investiga-prefeitura-sobre-acoes-trabalhistas-em-que-o-municipio-nao-apresentou-defesa\/\",\"url\":\"https:\/\/radiolifefm.com.br\/noticias\/promotoria-investiga-prefeitura-sobre-acoes-trabalhistas-em-que-o-municipio-nao-apresentou-defesa\/\",\"name\":\"Promotoria investiga Prefeitura sobre a\u00e7\u00f5es trabalhistas em que o Munic\u00edpio n\u00e3o apresentou defesa - R\u00e1dio Life FM\",\"isPartOf\":{\"@id\":\"https:\/\/radiolifefm.com.br\/noticias\/#website\"},\"primaryImageOfPage\":{\"@id\":\"https:\/\/radiolifefm.com.br\/noticias\/promotoria-investiga-prefeitura-sobre-acoes-trabalhistas-em-que-o-municipio-nao-apresentou-defesa\/#primaryimage\"},\"image\":{\"@id\":\"https:\/\/radiolifefm.com.br\/noticias\/promotoria-investiga-prefeitura-sobre-acoes-trabalhistas-em-que-o-municipio-nao-apresentou-defesa\/#primaryimage\"},\"thumbnailUrl\":\"https:\/\/radiolifefm.com.br\/noticias\/wp-content\/uploads\/2021\/03\/pna-lupapng161694042360608d8786c6b.jpg\",\"datePublished\":\"2022-10-19T11:08:09+00:00\",\"dateModified\":\"2026-04-06T13:13:02+00:00\",\"breadcrumb\":{\"@id\":\"https:\/\/radiolifefm.com.br\/noticias\/promotoria-investiga-prefeitura-sobre-acoes-trabalhistas-em-que-o-municipio-nao-apresentou-defesa\/#breadcrumb\"},\"inLanguage\":\"pt-BR\",\"potentialAction\":[{\"@type\":\"ReadAction\",\"target\":[\"https:\/\/radiolifefm.com.br\/noticias\/promotoria-investiga-prefeitura-sobre-acoes-trabalhistas-em-que-o-municipio-nao-apresentou-defesa\/\"]}]},{\"@type\":\"ImageObject\",\"inLanguage\":\"pt-BR\",\"@id\":\"https:\/\/radiolifefm.com.br\/noticias\/promotoria-investiga-prefeitura-sobre-acoes-trabalhistas-em-que-o-municipio-nao-apresentou-defesa\/#primaryimage\",\"url\":\"https:\/\/radiolifefm.com.br\/noticias\/wp-content\/uploads\/2021\/03\/pna-lupapng161694042360608d8786c6b.jpg\",\"contentUrl\":\"https:\/\/radiolifefm.com.br\/noticias\/wp-content\/uploads\/2021\/03\/pna-lupapng161694042360608d8786c6b.jpg\",\"width\":540,\"height\":300,\"caption\":\"Coleta de lixo funcionar\u00e1 normalmente na segunda-feira (20) e na ter\u00e7a-feira (21)\"},{\"@type\":\"BreadcrumbList\",\"@id\":\"https:\/\/radiolifefm.com.br\/noticias\/promotoria-investiga-prefeitura-sobre-acoes-trabalhistas-em-que-o-municipio-nao-apresentou-defesa\/#breadcrumb\",\"itemListElement\":[{\"@type\":\"ListItem\",\"position\":1,\"name\":\"In\u00edcio\",\"item\":\"https:\/\/radiolifefm.com.br\/noticias\/\"},{\"@type\":\"ListItem\",\"position\":2,\"name\":\"Promotoria investiga Prefeitura sobre a\u00e7\u00f5es trabalhistas em que o Munic\u00edpio n\u00e3o apresentou defesa\"}]},{\"@type\":\"WebSite\",\"@id\":\"https:\/\/radiolifefm.com.br\/noticias\/#website\",\"url\":\"https:\/\/radiolifefm.com.br\/noticias\/\",\"name\":\"R\u00e1dio Life FM\",\"description\":\"O Portal de Not\u00edcias de Adamantina\",\"publisher\":{\"@id\":\"https:\/\/radiolifefm.com.br\/noticias\/#organization\"},\"alternateName\":\"Life FM\",\"potentialAction\":[{\"@type\":\"SearchAction\",\"target\":{\"@type\":\"EntryPoint\",\"urlTemplate\":\"https:\/\/radiolifefm.com.br\/noticias\/?s={search_term_string}\"},\"query-input\":{\"@type\":\"PropertyValueSpecification\",\"valueRequired\":true,\"valueName\":\"search_term_string\"}}],\"inLanguage\":\"pt-BR\"},{\"@type\":\"Organization\",\"@id\":\"https:\/\/radiolifefm.com.br\/noticias\/#organization\",\"name\":\"R\u00e1dio Life FM\",\"alternateName\":\"Life FM\",\"url\":\"https:\/\/radiolifefm.com.br\/noticias\/\",\"logo\":{\"@type\":\"ImageObject\",\"inLanguage\":\"pt-BR\",\"@id\":\"https:\/\/radiolifefm.com.br\/noticias\/#\/schema\/logo\/image\/\",\"url\":\"https:\/\/static.radiolifefm.com.br\/noticias\/wp-content\/uploads\/2019\/10\/logo-lifefm.png\",\"contentUrl\":\"https:\/\/static.radiolifefm.com.br\/noticias\/wp-content\/uploads\/2019\/10\/logo-lifefm.png\",\"width\":196,\"height\":47,\"caption\":\"R\u00e1dio Life FM\"},\"image\":{\"@id\":\"https:\/\/radiolifefm.com.br\/noticias\/#\/schema\/logo\/image\/\"},\"sameAs\":[\"https:\/\/www.facebook.com\/radiolifefm\/\",\"https:\/\/www.instagram.com\/life1079fm\/\"]},{\"@type\":\"Person\",\"@id\":\"https:\/\/radiolifefm.com.br\/noticias\/#\/schema\/person\/6339b9fac59d12b071dec680d7375d87\",\"name\":\"ritanery\",\"image\":{\"@type\":\"ImageObject\",\"inLanguage\":\"pt-BR\",\"@id\":\"https:\/\/secure.gravatar.com\/avatar\/0e37bb19071f47c0b8a23f62a903df117c5a0e75f65a0c2901562f97cd41cf86?s=96&d=mm&r=g\",\"url\":\"https:\/\/secure.gravatar.com\/avatar\/0e37bb19071f47c0b8a23f62a903df117c5a0e75f65a0c2901562f97cd41cf86?s=96&d=mm&r=g\",\"contentUrl\":\"https:\/\/secure.gravatar.com\/avatar\/0e37bb19071f47c0b8a23f62a903df117c5a0e75f65a0c2901562f97cd41cf86?s=96&d=mm&r=g\",\"caption\":\"ritanery\"}}]}<\/script>\n<!-- \/ Yoast SEO plugin. -->","yoast_head_json":{"title":"Promotoria investiga Prefeitura sobre a\u00e7\u00f5es trabalhistas em que o Munic\u00edpio n\u00e3o apresentou defesa - R\u00e1dio Life FM","robots":{"index":"index","follow":"follow","max-snippet":"max-snippet:-1","max-image-preview":"max-image-preview:large","max-video-preview":"max-video-preview:-1"},"canonical":"https:\/\/radiolifefm.com.br\/noticias\/promotoria-investiga-prefeitura-sobre-acoes-trabalhistas-em-que-o-municipio-nao-apresentou-defesa\/","og_locale":"pt_BR","og_type":"article","og_title":"Promotoria investiga Prefeitura sobre a\u00e7\u00f5es trabalhistas em que o Munic\u00edpio n\u00e3o apresentou defesa - R\u00e1dio Life FM","og_description":"O Minist\u00e9rio P\u00fablico do Estado de S\u00e3o Paulo (MPSP), por meio da Promotoria de Justi\u00e7a de Adamantina, instalou procedimento (Not\u00edcia de Fato\/Pe\u00e7a de Informa\u00e7\u00e3o N\u00ba 66.0182.0000889\/2022-8), para apurar comunica\u00e7\u00e3o feita ao \u00f3rg\u00e3o pela Vara da Justi\u00e7a do Trabalho de Adamantina, sobre a conduta da Prefeitura de Adamantina que n\u00e3o teria apresentado defesa em 22 a\u00e7\u00f5es [&hellip;]","og_url":"https:\/\/radiolifefm.com.br\/noticias\/promotoria-investiga-prefeitura-sobre-acoes-trabalhistas-em-que-o-municipio-nao-apresentou-defesa\/","og_site_name":"R\u00e1dio Life FM","article_publisher":"https:\/\/www.facebook.com\/radiolifefm\/","article_published_time":"2022-10-19T11:08:09+00:00","article_modified_time":"2026-04-06T13:13:02+00:00","og_image":[{"width":540,"height":300,"url":"https:\/\/radiolifefm.com.br\/noticias\/wp-content\/uploads\/2021\/03\/pna-lupapng161694042360608d8786c6b.jpg","type":"image\/jpeg"}],"author":"ritanery","twitter_card":"summary_large_image","twitter_misc":{"Escrito por":"ritanery","Est. tempo de leitura":"5 minutos"},"schema":{"@context":"https:\/\/schema.org","@graph":[{"@type":"Article","@id":"https:\/\/radiolifefm.com.br\/noticias\/promotoria-investiga-prefeitura-sobre-acoes-trabalhistas-em-que-o-municipio-nao-apresentou-defesa\/#article","isPartOf":{"@id":"https:\/\/radiolifefm.com.br\/noticias\/promotoria-investiga-prefeitura-sobre-acoes-trabalhistas-em-que-o-municipio-nao-apresentou-defesa\/"},"author":{"name":"ritanery","@id":"https:\/\/radiolifefm.com.br\/noticias\/#\/schema\/person\/6339b9fac59d12b071dec680d7375d87"},"headline":"Promotoria investiga Prefeitura sobre a\u00e7\u00f5es trabalhistas em que o Munic\u00edpio n\u00e3o apresentou defesa","datePublished":"2022-10-19T11:08:09+00:00","dateModified":"2026-04-06T13:13:02+00:00","mainEntityOfPage":{"@id":"https:\/\/radiolifefm.com.br\/noticias\/promotoria-investiga-prefeitura-sobre-acoes-trabalhistas-em-que-o-municipio-nao-apresentou-defesa\/"},"wordCount":990,"publisher":{"@id":"https:\/\/radiolifefm.com.br\/noticias\/#organization"},"image":{"@id":"https:\/\/radiolifefm.com.br\/noticias\/promotoria-investiga-prefeitura-sobre-acoes-trabalhistas-em-que-o-municipio-nao-apresentou-defesa\/#primaryimage"},"thumbnailUrl":"https:\/\/radiolifefm.com.br\/noticias\/wp-content\/uploads\/2021\/03\/pna-lupapng161694042360608d8786c6b.jpg","articleSection":["Adamantina"],"inLanguage":"pt-BR"},{"@type":"WebPage","@id":"https:\/\/radiolifefm.com.br\/noticias\/promotoria-investiga-prefeitura-sobre-acoes-trabalhistas-em-que-o-municipio-nao-apresentou-defesa\/","url":"https:\/\/radiolifefm.com.br\/noticias\/promotoria-investiga-prefeitura-sobre-acoes-trabalhistas-em-que-o-municipio-nao-apresentou-defesa\/","name":"Promotoria investiga Prefeitura sobre a\u00e7\u00f5es trabalhistas em que o Munic\u00edpio n\u00e3o apresentou defesa - R\u00e1dio Life FM","isPartOf":{"@id":"https:\/\/radiolifefm.com.br\/noticias\/#website"},"primaryImageOfPage":{"@id":"https:\/\/radiolifefm.com.br\/noticias\/promotoria-investiga-prefeitura-sobre-acoes-trabalhistas-em-que-o-municipio-nao-apresentou-defesa\/#primaryimage"},"image":{"@id":"https:\/\/radiolifefm.com.br\/noticias\/promotoria-investiga-prefeitura-sobre-acoes-trabalhistas-em-que-o-municipio-nao-apresentou-defesa\/#primaryimage"},"thumbnailUrl":"https:\/\/radiolifefm.com.br\/noticias\/wp-content\/uploads\/2021\/03\/pna-lupapng161694042360608d8786c6b.jpg","datePublished":"2022-10-19T11:08:09+00:00","dateModified":"2026-04-06T13:13:02+00:00","breadcrumb":{"@id":"https:\/\/radiolifefm.com.br\/noticias\/promotoria-investiga-prefeitura-sobre-acoes-trabalhistas-em-que-o-municipio-nao-apresentou-defesa\/#breadcrumb"},"inLanguage":"pt-BR","potentialAction":[{"@type":"ReadAction","target":["https:\/\/radiolifefm.com.br\/noticias\/promotoria-investiga-prefeitura-sobre-acoes-trabalhistas-em-que-o-municipio-nao-apresentou-defesa\/"]}]},{"@type":"ImageObject","inLanguage":"pt-BR","@id":"https:\/\/radiolifefm.com.br\/noticias\/promotoria-investiga-prefeitura-sobre-acoes-trabalhistas-em-que-o-municipio-nao-apresentou-defesa\/#primaryimage","url":"https:\/\/radiolifefm.com.br\/noticias\/wp-content\/uploads\/2021\/03\/pna-lupapng161694042360608d8786c6b.jpg","contentUrl":"https:\/\/radiolifefm.com.br\/noticias\/wp-content\/uploads\/2021\/03\/pna-lupapng161694042360608d8786c6b.jpg","width":540,"height":300,"caption":"Coleta de lixo funcionar\u00e1 normalmente na segunda-feira (20) e na ter\u00e7a-feira (21)"},{"@type":"BreadcrumbList","@id":"https:\/\/radiolifefm.com.br\/noticias\/promotoria-investiga-prefeitura-sobre-acoes-trabalhistas-em-que-o-municipio-nao-apresentou-defesa\/#breadcrumb","itemListElement":[{"@type":"ListItem","position":1,"name":"In\u00edcio","item":"https:\/\/radiolifefm.com.br\/noticias\/"},{"@type":"ListItem","position":2,"name":"Promotoria investiga Prefeitura sobre a\u00e7\u00f5es trabalhistas em que o Munic\u00edpio n\u00e3o apresentou defesa"}]},{"@type":"WebSite","@id":"https:\/\/radiolifefm.com.br\/noticias\/#website","url":"https:\/\/radiolifefm.com.br\/noticias\/","name":"R\u00e1dio Life FM","description":"O Portal de Not\u00edcias de Adamantina","publisher":{"@id":"https:\/\/radiolifefm.com.br\/noticias\/#organization"},"alternateName":"Life FM","potentialAction":[{"@type":"SearchAction","target":{"@type":"EntryPoint","urlTemplate":"https:\/\/radiolifefm.com.br\/noticias\/?s={search_term_string}"},"query-input":{"@type":"PropertyValueSpecification","valueRequired":true,"valueName":"search_term_string"}}],"inLanguage":"pt-BR"},{"@type":"Organization","@id":"https:\/\/radiolifefm.com.br\/noticias\/#organization","name":"R\u00e1dio Life FM","alternateName":"Life FM","url":"https:\/\/radiolifefm.com.br\/noticias\/","logo":{"@type":"ImageObject","inLanguage":"pt-BR","@id":"https:\/\/radiolifefm.com.br\/noticias\/#\/schema\/logo\/image\/","url":"https:\/\/static.radiolifefm.com.br\/noticias\/wp-content\/uploads\/2019\/10\/logo-lifefm.png","contentUrl":"https:\/\/static.radiolifefm.com.br\/noticias\/wp-content\/uploads\/2019\/10\/logo-lifefm.png","width":196,"height":47,"caption":"R\u00e1dio Life FM"},"image":{"@id":"https:\/\/radiolifefm.com.br\/noticias\/#\/schema\/logo\/image\/"},"sameAs":["https:\/\/www.facebook.com\/radiolifefm\/","https:\/\/www.instagram.com\/life1079fm\/"]},{"@type":"Person","@id":"https:\/\/radiolifefm.com.br\/noticias\/#\/schema\/person\/6339b9fac59d12b071dec680d7375d87","name":"ritanery","image":{"@type":"ImageObject","inLanguage":"pt-BR","@id":"https:\/\/secure.gravatar.com\/avatar\/0e37bb19071f47c0b8a23f62a903df117c5a0e75f65a0c2901562f97cd41cf86?s=96&d=mm&r=g","url":"https:\/\/secure.gravatar.com\/avatar\/0e37bb19071f47c0b8a23f62a903df117c5a0e75f65a0c2901562f97cd41cf86?s=96&d=mm&r=g","contentUrl":"https:\/\/secure.gravatar.com\/avatar\/0e37bb19071f47c0b8a23f62a903df117c5a0e75f65a0c2901562f97cd41cf86?s=96&d=mm&r=g","caption":"ritanery"}}]}},"amp_enabled":true,"_links":{"self":[{"href":"https:\/\/radiolifefm.com.br\/noticias\/wp-json\/wp\/v2\/posts\/59680","targetHints":{"allow":["GET"]}}],"collection":[{"href":"https:\/\/radiolifefm.com.br\/noticias\/wp-json\/wp\/v2\/posts"}],"about":[{"href":"https:\/\/radiolifefm.com.br\/noticias\/wp-json\/wp\/v2\/types\/post"}],"author":[{"embeddable":true,"href":"https:\/\/radiolifefm.com.br\/noticias\/wp-json\/wp\/v2\/users\/13"}],"replies":[{"embeddable":true,"href":"https:\/\/radiolifefm.com.br\/noticias\/wp-json\/wp\/v2\/comments?post=59680"}],"version-history":[{"count":2,"href":"https:\/\/radiolifefm.com.br\/noticias\/wp-json\/wp\/v2\/posts\/59680\/revisions"}],"predecessor-version":[{"id":59682,"href":"https:\/\/radiolifefm.com.br\/noticias\/wp-json\/wp\/v2\/posts\/59680\/revisions\/59682"}],"wp:featuredmedia":[{"embeddable":true,"href":"https:\/\/radiolifefm.com.br\/noticias\/wp-json\/wp\/v2\/media\/37049"}],"wp:attachment":[{"href":"https:\/\/radiolifefm.com.br\/noticias\/wp-json\/wp\/v2\/media?parent=59680"}],"wp:term":[{"taxonomy":"category","embeddable":true,"href":"https:\/\/radiolifefm.com.br\/noticias\/wp-json\/wp\/v2\/categories?post=59680"},{"taxonomy":"post_tag","embeddable":true,"href":"https:\/\/radiolifefm.com.br\/noticias\/wp-json\/wp\/v2\/tags?post=59680"}],"curies":[{"name":"wp","href":"https:\/\/api.w.org\/{rel}","templated":true}]}}